{"id":12266,"date":"2025-03-19T19:19:04","date_gmt":"2025-03-19T18:19:04","guid":{"rendered":"https:\/\/sport-index.fr\/blog\/?p=12266"},"modified":"2025-03-19T19:19:04","modified_gmt":"2025-03-19T18:19:04","slug":"trois-ans-apres-le-drame-de-federico-martin-aramburu-etat-des-lieux-et-reflexions","status":"publish","type":"post","link":"https:\/\/sport-index.fr\/blog\/a-la-une\/trois-ans-apres-le-drame-de-federico-martin-aramburu-etat-des-lieux-et-reflexions\/","title":{"rendered":"Trois ans apr\u00e8s le drame de Federico Martin Aramburu : \u00e9tat des lieux et r\u00e9flexions"},"content":{"rendered":"<p>La r\u00e9daction de Rugbyrama<\/p>\n<p>Publi\u00e9 le 19\/03\/2025 \u00e0 18:01<\/p>\n<p>Bienvenue sur Rugbyrama pour suivre ce nouvel \u00e9pisode de vi\u00e0Midol des Mauls et D\u00e9bats. Cette semaine, nous mettons l&rsquo;accent sur le XV de France apr\u00e8s sa victoire finale dans le Tournoi des 6 Nations. Nous avons le plaisir de discuter avec J\u00e9r\u00f4me Thion, ancien deuxi\u00e8me ligne des Bleus, des r\u00e9sultats et des perspectives du rugby fran\u00e7ais.<\/p>\n<h2>Rappel des \u00e9v\u00e9nements tragiques<\/h2>\n<p>Il y a trois ans, le meurtre de Federico Martin Aramburu a choqu\u00e9 le monde du rugby. Ce joueur argentin, connu pour son talent sur le terrain et sa personnalit\u00e9 attachante, a vu sa vie tragiquement \u00e9court\u00e9e dans des circonstances violentes. Cet \u00e9v\u00e9nement a non seulement affect\u00e9 ses proches, mais a \u00e9galement laiss\u00e9 une empreinte ind\u00e9l\u00e9bile sur la communaut\u00e9 rugbystique.<\/p>\n<p>Le d\u00e9c\u00e8s d&rsquo;Aramburu a soulev\u00e9 des questions sur la s\u00e9curit\u00e9 des athl\u00e8tes et la violence dans le sport. Les discussions autour de cet incident se poursuivent, t\u00e9moignant de l&rsquo;impact durable qu&rsquo;il a eu sur le rugby. Trois ans plus tard, il est essentiel de se rappeler de cet \u00e9v\u00e9nement pour r\u00e9fl\u00e9chir \u00e0 l&rsquo;\u00e9volution du sport depuis.<\/p>\n<h2>Les le\u00e7ons apprises depuis le drame<\/h2>\n<p>Depuis la trag\u00e9die, le rugby fran\u00e7ais a pris des mesures pour renforcer la s\u00e9curit\u00e9 et sensibiliser les joueurs aux dangers potentiels. Des programmes \u00e9ducatifs ont \u00e9t\u00e9 instaur\u00e9s pour promouvoir des comportements responsables, tant sur le terrain qu&rsquo;en dehors. Les clubs et f\u00e9d\u00e9rations collaborent pour garantir un environnement s\u00e9curis\u00e9 pour tous les acteurs du sport.<\/p>\n<p>Les initiatives mises en place visent \u00e9galement \u00e0 pr\u00e9venir la violence et \u00e0 encourager le respect mutuel. Les joueurs sont d\u00e9sormais plus conscients de la n\u00e9cessit\u00e9 de maintenir une image positive et de soutenir leurs co\u00e9quipiers face \u00e0 l&rsquo;adversit\u00e9. Ces efforts t\u00e9moignent d&rsquo;un engagement collectif \u00e0 transformer la culture du rugby.<\/p>\n<h2>La victoire des Bleus et l&rsquo;h\u00e9ritage d&rsquo;Aramburu<\/h2>\n<p>Le XV de France, en remportant le Tournoi des 6 Nations, a non seulement c\u00e9l\u00e9br\u00e9 une victoire sportive, mais a \u00e9galement honor\u00e9 la m\u00e9moire d&rsquo;Aramburu. Ce succ\u00e8s a raviv\u00e9 l&rsquo;esprit de camaraderie et de solidarit\u00e9 qui caract\u00e9rise le rugby. Les joueurs se sont engag\u00e9s \u00e0 poursuivre ce qu&rsquo;Aramburu repr\u00e9sentait : passion, d\u00e9termination et respect.<\/p>\n<p>Les discussions autour de cette victoire ne se limitent pas aux performances sur le terrain. Elles engendrent des r\u00e9flexions sur l&rsquo;h\u00e9ritage et l&rsquo;impact des grands joueurs du pass\u00e9. La m\u00e9moire de Federico Martin Aramburu continue d&rsquo;inspirer les g\u00e9n\u00e9rations actuelles et futures de rugbymen.<\/p>\n<blockquote><p>\n\u00ab Nous devons nous souvenir de ceux qui nous ont quitt\u00e9s et apprendre de leurs histoires. \u00bb &#8211; J\u00e9r\u00f4me Thion\n<\/p><\/blockquote>\n<ul>\n<li>Renforcement des mesures de s\u00e9curit\u00e9 pour les joueurs<\/li>\n<li>Sensibilisation \u00e0 la violence dans le sport<\/li>\n<li>Promotion du respect et de la camaraderie au sein des \u00e9quipes<\/li>\n<li>Hommage aux joueurs disparus, comme Federico Martin Aramburu<\/li>\n<li>Vision d&rsquo;un rugby plus inclusif et respectueux<\/li>\n<\/ul>\n<p>Les d\u00e9fis restent pr\u00e9sents, mais la communaut\u00e9 rugbystique continue de progresser. Chaque victoire sur le terrain est d\u00e9sormais teint\u00e9e de la m\u00e9moire des joueurs disparus, soulignant l&rsquo;importance de l&rsquo;humanit\u00e9 dans le sport. En regardant vers l&rsquo;avenir, il est crucial de ne jamais oublier les le\u00e7ons du pass\u00e9 tout en c\u00e9l\u00e9brant les succ\u00e8s du pr\u00e9sent.<\/p>\n","protected":false},"excerpt":{"rendered":"","protected":false},"author":34,"featured_media":15549,"comment_status":"open","ping_status":"open","sticky":false,"template":"","format":"standard","meta":{"_acf_changed":false,"manual_indexmenow":false,"indexmenow_id_project":0,"footnotes":""},"categories":[1],"tags":[4618,5250,4556,5142,4554],"class_list":["post-12266","post","type-post","status-publish","format-standard","has-post-thumbnail","hentry","category-a-la-une","tag-camaraderie","tag-securite-des-athletes","tag-tournoi-des-6-nations","tag-violence-dans-le-sport","tag-xv-de-france","generate-columns","tablet-grid-50","mobile-grid-100","grid-parent","grid-25"],"acf":[],"yoast_head":"<!-- This site is optimized with the Yoast SEO Premium plugin v21.3 (Yoast SEO v26.5) - https:\/\/yoast.com\/wordpress\/plugins\/seo\/ -->\n<title>Trois ans apr\u00e8s le drame de Federico Martin Aramburu : \u00e9tat<\/title>\n<meta name=\"description\" content=\"La r\u00e9daction de Rugbyrama Publi\u00e9 le 19\/03\/2025 \u00e0 18:01 Bienvenue sur Rugbyrama pour suivre ce nouvel \u00e9pisode de vi\u00e0Midol des Mauls et D\u00e9bats. Cette\u2026\" \/>\n<meta name=\"robots\" content=\"index, follow, max-snippet:-1, max-image-preview:large, max-video-preview:-1\" \/>\n<link rel=\"canonical\" href=\"https:\/\/sport-index.fr\/blog\/a-la-une\/trois-ans-apres-le-drame-de-federico-martin-aramburu-etat-des-lieux-et-reflexions\/\" \/>\n<meta property=\"og:locale\" content=\"fr_FR\" \/>\n<meta property=\"og:type\" content=\"article\" \/>\n<meta property=\"og:title\" content=\"Trois ans apr\u00e8s le drame de Federico Martin Aramburu : \u00e9tat\" \/>\n<meta property=\"og:description\" content=\"La r\u00e9daction de Rugbyrama Publi\u00e9 le 19\/03\/2025 \u00e0 18:01 Bienvenue sur Rugbyrama pour suivre ce nouvel \u00e9pisode de vi\u00e0Midol des Mauls et D\u00e9bats. Cette\u2026\" \/>\n<meta property=\"og:url\" content=\"https:\/\/sport-index.fr\/blog\/a-la-une\/trois-ans-apres-le-drame-de-federico-martin-aramburu-etat-des-lieux-et-reflexions\/\" \/>\n<meta property=\"og:site_name\" content=\"sport-index\" \/>\n<meta name=\"author\" content=\"Axel Lauzier\" \/>\n<meta name=\"twitter:card\" content=\"summary_large_image\" \/>\n<script type=\"application\/ld+json\" class=\"yoast-schema-graph\">{\"@context\":\"https:\/\/schema.org\",\"@graph\":[{\"@type\":\"NewsArticle\",\"@id\":\"https:\/\/sport-index.fr\/blog\/a-la-une\/trois-ans-apres-le-drame-de-federico-martin-aramburu-etat-des-lieux-et-reflexions\/#article\",\"isPartOf\":{\"@id\":\"https:\/\/sport-index.fr\/blog\/a-la-une\/trois-ans-apres-le-drame-de-federico-martin-aramburu-etat-des-lieux-et-reflexions\/\"},\"author\":{\"name\":\"Axel Lauzier\",\"@id\":\"https:\/\/sport-index.fr\/blog\/#\/schema\/person\/3c864cdc320801e3db34b663e7e3f816\"},\"headline\":\"Trois ans apr\u00e8s le drame de Federico Martin Aramburu : \u00e9tat des lieux et r\u00e9flexions\",\"datePublished\":\"2025-03-19T18:19:04+00:00\",\"mainEntityOfPage\":{\"@id\":\"https:\/\/sport-index.fr\/blog\/a-la-une\/trois-ans-apres-le-drame-de-federico-martin-aramburu-etat-des-lieux-et-reflexions\/\"},\"wordCount\":599,\"commentCount\":17,\"publisher\":{\"@id\":\"https:\/\/sport-index.fr\/blog\/#organization\"},\"image\":{\"@id\":\"https:\/\/sport-index.fr\/blog\/a-la-une\/trois-ans-apres-le-drame-de-federico-martin-aramburu-etat-des-lieux-et-reflexions\/#primaryimage\"},\"thumbnailUrl\":\"https:\/\/sport-index.fr\/blog\/wp-content\/uploads\/2025\/05\/sdxl-9384672e72e68e7846c7b339908022cb-scaled.png\",\"keywords\":[\"Camaraderie\",\"S\u00e9curit\u00e9 des Athl\u00e8tes\",\"Tournoi des 6 Nations\",\"Violence dans le sport\",\"XV de France\"],\"articleSection\":[\"\u00c0 la une\"],\"inLanguage\":\"fr-FR\",\"potentialAction\":[{\"@type\":\"CommentAction\",\"name\":\"Comment\",\"target\":[\"https:\/\/sport-index.fr\/blog\/a-la-une\/trois-ans-apres-le-drame-de-federico-martin-aramburu-etat-des-lieux-et-reflexions\/#respond\"]}]},{\"@type\":\"WebPage\",\"@id\":\"https:\/\/sport-index.fr\/blog\/a-la-une\/trois-ans-apres-le-drame-de-federico-martin-aramburu-etat-des-lieux-et-reflexions\/\",\"url\":\"https:\/\/sport-index.fr\/blog\/a-la-une\/trois-ans-apres-le-drame-de-federico-martin-aramburu-etat-des-lieux-et-reflexions\/\",\"name\":\"Trois ans apr\u00e8s le drame de Federico Martin Aramburu : \u00e9tat\",\"isPartOf\":{\"@id\":\"https:\/\/sport-index.fr\/blog\/#website\"},\"primaryImageOfPage\":{\"@id\":\"https:\/\/sport-index.fr\/blog\/a-la-une\/trois-ans-apres-le-drame-de-federico-martin-aramburu-etat-des-lieux-et-reflexions\/#primaryimage\"},\"image\":{\"@id\":\"https:\/\/sport-index.fr\/blog\/a-la-une\/trois-ans-apres-le-drame-de-federico-martin-aramburu-etat-des-lieux-et-reflexions\/#primaryimage\"},\"thumbnailUrl\":\"https:\/\/sport-index.fr\/blog\/wp-content\/uploads\/2025\/05\/sdxl-9384672e72e68e7846c7b339908022cb-scaled.png\",\"datePublished\":\"2025-03-19T18:19:04+00:00\",\"description\":\"La r\u00e9daction de Rugbyrama Publi\u00e9 le 19\/03\/2025 \u00e0 18:01 Bienvenue sur Rugbyrama pour suivre ce nouvel \u00e9pisode de vi\u00e0Midol des Mauls et D\u00e9bats. Cette\u2026\",\"inLanguage\":\"fr-FR\",\"potentialAction\":[{\"@type\":\"ReadAction\",\"target\":[\"https:\/\/sport-index.fr\/blog\/a-la-une\/trois-ans-apres-le-drame-de-federico-martin-aramburu-etat-des-lieux-et-reflexions\/\"]}]},{\"@type\":\"ImageObject\",\"inLanguage\":\"fr-FR\",\"@id\":\"https:\/\/sport-index.fr\/blog\/a-la-une\/trois-ans-apres-le-drame-de-federico-martin-aramburu-etat-des-lieux-et-reflexions\/#primaryimage\",\"url\":\"https:\/\/sport-index.fr\/blog\/wp-content\/uploads\/2025\/05\/sdxl-9384672e72e68e7846c7b339908022cb-scaled.png\",\"contentUrl\":\"https:\/\/sport-index.fr\/blog\/wp-content\/uploads\/2025\/05\/sdxl-9384672e72e68e7846c7b339908022cb-scaled.png\",\"width\":1200,\"height\":500},{\"@type\":\"WebSite\",\"@id\":\"https:\/\/sport-index.fr\/blog\/#website\",\"url\":\"https:\/\/sport-index.fr\/blog\/\",\"name\":\"sport-index.fr\",\"description\":\"Le score de l\u2019analyse sportive.\",\"publisher\":{\"@id\":\"https:\/\/sport-index.fr\/blog\/#organization\"},\"alternateName\":\"Le score de l\u2019analyse sportive.\",\"potentialAction\":[{\"@type\":\"SearchAction\",\"target\":{\"@type\":\"EntryPoint\",\"urlTemplate\":\"https:\/\/sport-index.fr\/blog\/?s={search_term_string}\"},\"query-input\":{\"@type\":\"PropertyValueSpecification\",\"valueRequired\":true,\"valueName\":\"search_term_string\"}}],\"inLanguage\":\"fr-FR\"},{\"@type\":\"Organization\",\"@id\":\"https:\/\/sport-index.fr\/blog\/#organization\",\"name\":\"Foretsensations.fr\",\"url\":\"https:\/\/sport-index.fr\/blog\/\",\"logo\":{\"@type\":\"ImageObject\",\"inLanguage\":\"fr-FR\",\"@id\":\"https:\/\/sport-index.fr\/blog\/#\/schema\/logo\/image\/\",\"url\":\"https:\/\/sport-index.fr\/blog\/wp-content\/uploads\/2026\/07\/logo-auto.png\",\"contentUrl\":\"https:\/\/sport-index.fr\/blog\/wp-content\/uploads\/2026\/07\/logo-auto.png\",\"width\":1024,\"height\":1024,\"caption\":\"Foretsensations.fr\"},\"image\":{\"@id\":\"https:\/\/sport-index.fr\/blog\/#\/schema\/logo\/image\/\"}},{\"@type\":\"Person\",\"@id\":\"https:\/\/sport-index.fr\/blog\/#\/schema\/person\/3c864cdc320801e3db34b663e7e3f816\",\"name\":\"Axel Lauzier\",\"image\":{\"@type\":\"ImageObject\",\"inLanguage\":\"fr-FR\",\"@id\":\"https:\/\/sport-index.fr\/blog\/#\/schema\/person\/image\/\",\"url\":\"https:\/\/sport-index.fr\/blog\/wp-content\/uploads\/2026\/06\/persona_axel-l-96x96.jpg\",\"contentUrl\":\"https:\/\/sport-index.fr\/blog\/wp-content\/uploads\/2026\/06\/persona_axel-l-96x96.jpg\",\"caption\":\"Axel Lauzier\"},\"description\":\"Le sport rythme mon quotidien depuis l'enfance, et j'en ai fait mon m\u00e9tier d'analyste r\u00e9dactionnel il y a une dizaine d'ann\u00e9es. Je couvre principalement le football, son actualit\u00e9, ses transferts et l'analyse tactique des grandes affiches, mais aussi les disciplines plus confidentielles que j'aime remettre en lumi\u00e8re. Une partie de mon travail porte sur les pronostics et la lecture statistique d'un match : forme des \u00e9quipes, historique des confrontations, compositions, sans jamais vendre de fausse certitude. Je rappelle syst\u00e9matiquement que parier comporte un risque et doit rester un loisir ma\u00eetris\u00e9. Avant de signer une analyse, je v\u00e9rifie mes chiffres, je recoupe les compositions probables et je distingue toujours la donn\u00e9e brute de l'intuition. Mon objectif : offrir une lecture honn\u00eate et argument\u00e9e, pas un ticket gagnant garanti.\",\"sameAs\":[\"https:\/\/axellauzier.fr\/\"],\"url\":\"https:\/\/sport-index.fr\/blog\/auteur\/noname\/\"}]}<\/script>\n<!-- \/ Yoast SEO Premium plugin. -->","yoast_head_json":{"title":"Trois ans apr\u00e8s le drame de Federico Martin Aramburu : \u00e9tat","description":"La r\u00e9daction de Rugbyrama Publi\u00e9 le 19\/03\/2025 \u00e0 18:01 Bienvenue sur Rugbyrama pour suivre ce nouvel \u00e9pisode de vi\u00e0Midol des Mauls et D\u00e9bats. Cette\u2026","robots":{"index":"index","follow":"follow","max-snippet":"max-snippet:-1","max-image-preview":"max-image-preview:large","max-video-preview":"max-video-preview:-1"},"canonical":"https:\/\/sport-index.fr\/blog\/a-la-une\/trois-ans-apres-le-drame-de-federico-martin-aramburu-etat-des-lieux-et-reflexions\/","og_locale":"fr_FR","og_type":"article","og_title":"Trois ans apr\u00e8s le drame de Federico Martin Aramburu : \u00e9tat","og_description":"La r\u00e9daction de Rugbyrama Publi\u00e9 le 19\/03\/2025 \u00e0 18:01 Bienvenue sur Rugbyrama pour suivre ce nouvel \u00e9pisode de vi\u00e0Midol des Mauls et D\u00e9bats. Cette\u2026","og_url":"https:\/\/sport-index.fr\/blog\/a-la-une\/trois-ans-apres-le-drame-de-federico-martin-aramburu-etat-des-lieux-et-reflexions\/","og_site_name":"sport-index","author":"Axel Lauzier","twitter_card":"summary_large_image","schema":{"@context":"https:\/\/schema.org","@graph":[{"@type":"NewsArticle","@id":"https:\/\/sport-index.fr\/blog\/a-la-une\/trois-ans-apres-le-drame-de-federico-martin-aramburu-etat-des-lieux-et-reflexions\/#article","isPartOf":{"@id":"https:\/\/sport-index.fr\/blog\/a-la-une\/trois-ans-apres-le-drame-de-federico-martin-aramburu-etat-des-lieux-et-reflexions\/"},"author":{"name":"Axel Lauzier","@id":"https:\/\/sport-index.fr\/blog\/#\/schema\/person\/3c864cdc320801e3db34b663e7e3f816"},"headline":"Trois ans apr\u00e8s le drame de Federico Martin Aramburu : \u00e9tat des lieux et r\u00e9flexions","datePublished":"2025-03-19T18:19:04+00:00","mainEntityOfPage":{"@id":"https:\/\/sport-index.fr\/blog\/a-la-une\/trois-ans-apres-le-drame-de-federico-martin-aramburu-etat-des-lieux-et-reflexions\/"},"wordCount":599,"commentCount":17,"publisher":{"@id":"https:\/\/sport-index.fr\/blog\/#organization"},"image":{"@id":"https:\/\/sport-index.fr\/blog\/a-la-une\/trois-ans-apres-le-drame-de-federico-martin-aramburu-etat-des-lieux-et-reflexions\/#primaryimage"},"thumbnailUrl":"https:\/\/sport-index.fr\/blog\/wp-content\/uploads\/2025\/05\/sdxl-9384672e72e68e7846c7b339908022cb-scaled.png","keywords":["Camaraderie","S\u00e9curit\u00e9 des Athl\u00e8tes","Tournoi des 6 Nations","Violence dans le sport","XV de France"],"articleSection":["\u00c0 la une"],"inLanguage":"fr-FR","potentialAction":[{"@type":"CommentAction","name":"Comment","target":["https:\/\/sport-index.fr\/blog\/a-la-une\/trois-ans-apres-le-drame-de-federico-martin-aramburu-etat-des-lieux-et-reflexions\/#respond"]}]},{"@type":"WebPage","@id":"https:\/\/sport-index.fr\/blog\/a-la-une\/trois-ans-apres-le-drame-de-federico-martin-aramburu-etat-des-lieux-et-reflexions\/","url":"https:\/\/sport-index.fr\/blog\/a-la-une\/trois-ans-apres-le-drame-de-federico-martin-aramburu-etat-des-lieux-et-reflexions\/","name":"Trois ans apr\u00e8s le drame de Federico Martin Aramburu : \u00e9tat","isPartOf":{"@id":"https:\/\/sport-index.fr\/blog\/#website"},"primaryImageOfPage":{"@id":"https:\/\/sport-index.fr\/blog\/a-la-une\/trois-ans-apres-le-drame-de-federico-martin-aramburu-etat-des-lieux-et-reflexions\/#primaryimage"},"image":{"@id":"https:\/\/sport-index.fr\/blog\/a-la-une\/trois-ans-apres-le-drame-de-federico-martin-aramburu-etat-des-lieux-et-reflexions\/#primaryimage"},"thumbnailUrl":"https:\/\/sport-index.fr\/blog\/wp-content\/uploads\/2025\/05\/sdxl-9384672e72e68e7846c7b339908022cb-scaled.png","datePublished":"2025-03-19T18:19:04+00:00","description":"La r\u00e9daction de Rugbyrama Publi\u00e9 le 19\/03\/2025 \u00e0 18:01 Bienvenue sur Rugbyrama pour suivre ce nouvel \u00e9pisode de vi\u00e0Midol des Mauls et D\u00e9bats. Cette\u2026","inLanguage":"fr-FR","potentialAction":[{"@type":"ReadAction","target":["https:\/\/sport-index.fr\/blog\/a-la-une\/trois-ans-apres-le-drame-de-federico-martin-aramburu-etat-des-lieux-et-reflexions\/"]}]},{"@type":"ImageObject","inLanguage":"fr-FR","@id":"https:\/\/sport-index.fr\/blog\/a-la-une\/trois-ans-apres-le-drame-de-federico-martin-aramburu-etat-des-lieux-et-reflexions\/#primaryimage","url":"https:\/\/sport-index.fr\/blog\/wp-content\/uploads\/2025\/05\/sdxl-9384672e72e68e7846c7b339908022cb-scaled.png","contentUrl":"https:\/\/sport-index.fr\/blog\/wp-content\/uploads\/2025\/05\/sdxl-9384672e72e68e7846c7b339908022cb-scaled.png","width":1200,"height":500},{"@type":"WebSite","@id":"https:\/\/sport-index.fr\/blog\/#website","url":"https:\/\/sport-index.fr\/blog\/","name":"sport-index.fr","description":"Le score de l\u2019analyse sportive.","publisher":{"@id":"https:\/\/sport-index.fr\/blog\/#organization"},"alternateName":"Le score de l\u2019analyse sportive.","potentialAction":[{"@type":"SearchAction","target":{"@type":"EntryPoint","urlTemplate":"https:\/\/sport-index.fr\/blog\/?s={search_term_string}"},"query-input":{"@type":"PropertyValueSpecification","valueRequired":true,"valueName":"search_term_string"}}],"inLanguage":"fr-FR"},{"@type":"Organization","@id":"https:\/\/sport-index.fr\/blog\/#organization","name":"Foretsensations.fr","url":"https:\/\/sport-index.fr\/blog\/","logo":{"@type":"ImageObject","inLanguage":"fr-FR","@id":"https:\/\/sport-index.fr\/blog\/#\/schema\/logo\/image\/","url":"https:\/\/sport-index.fr\/blog\/wp-content\/uploads\/2026\/07\/logo-auto.png","contentUrl":"https:\/\/sport-index.fr\/blog\/wp-content\/uploads\/2026\/07\/logo-auto.png","width":1024,"height":1024,"caption":"Foretsensations.fr"},"image":{"@id":"https:\/\/sport-index.fr\/blog\/#\/schema\/logo\/image\/"}},{"@type":"Person","@id":"https:\/\/sport-index.fr\/blog\/#\/schema\/person\/3c864cdc320801e3db34b663e7e3f816","name":"Axel Lauzier","image":{"@type":"ImageObject","inLanguage":"fr-FR","@id":"https:\/\/sport-index.fr\/blog\/#\/schema\/person\/image\/","url":"https:\/\/sport-index.fr\/blog\/wp-content\/uploads\/2026\/06\/persona_axel-l-96x96.jpg","contentUrl":"https:\/\/sport-index.fr\/blog\/wp-content\/uploads\/2026\/06\/persona_axel-l-96x96.jpg","caption":"Axel Lauzier"},"description":"Le sport rythme mon quotidien depuis l'enfance, et j'en ai fait mon m\u00e9tier d'analyste r\u00e9dactionnel il y a une dizaine d'ann\u00e9es. Je couvre principalement le football, son actualit\u00e9, ses transferts et l'analyse tactique des grandes affiches, mais aussi les disciplines plus confidentielles que j'aime remettre en lumi\u00e8re. Une partie de mon travail porte sur les pronostics et la lecture statistique d'un match : forme des \u00e9quipes, historique des confrontations, compositions, sans jamais vendre de fausse certitude. Je rappelle syst\u00e9matiquement que parier comporte un risque et doit rester un loisir ma\u00eetris\u00e9. Avant de signer une analyse, je v\u00e9rifie mes chiffres, je recoupe les compositions probables et je distingue toujours la donn\u00e9e brute de l'intuition. Mon objectif : offrir une lecture honn\u00eate et argument\u00e9e, pas un ticket gagnant garanti.","sameAs":["https:\/\/axellauzier.fr\/"],"url":"https:\/\/sport-index.fr\/blog\/auteur\/noname\/"}]}},"_links":{"self":[{"href":"https:\/\/sport-index.fr\/blog\/wp-json\/wp\/v2\/posts\/12266","targetHints":{"allow":["GET"]}}],"collection":[{"href":"https:\/\/sport-index.fr\/blog\/wp-json\/wp\/v2\/posts"}],"about":[{"href":"https:\/\/sport-index.fr\/blog\/wp-json\/wp\/v2\/types\/post"}],"author":[{"embeddable":true,"href":"https:\/\/sport-index.fr\/blog\/wp-json\/wp\/v2\/users\/34"}],"replies":[{"embeddable":true,"href":"https:\/\/sport-index.fr\/blog\/wp-json\/wp\/v2\/comments?post=12266"}],"version-history":[{"count":1,"href":"https:\/\/sport-index.fr\/blog\/wp-json\/wp\/v2\/posts\/12266\/revisions"}],"predecessor-version":[{"id":12270,"href":"https:\/\/sport-index.fr\/blog\/wp-json\/wp\/v2\/posts\/12266\/revisions\/12270"}],"wp:featuredmedia":[{"embeddable":true,"href":"https:\/\/sport-index.fr\/blog\/wp-json\/wp\/v2\/media\/15549"}],"wp:attachment":[{"href":"https:\/\/sport-index.fr\/blog\/wp-json\/wp\/v2\/media?parent=12266"}],"wp:term":[{"taxonomy":"category","embeddable":true,"href":"https:\/\/sport-index.fr\/blog\/wp-json\/wp\/v2\/categories?post=12266"},{"taxonomy":"post_tag","embeddable":true,"href":"https:\/\/sport-index.fr\/blog\/wp-json\/wp\/v2\/tags?post=12266"}],"curies":[{"name":"wp","href":"https:\/\/api.w.org\/{rel}","templated":true}]}}