{"id":12280,"date":"2026-05-19T07:51:50","date_gmt":"2026-05-19T05:51:50","guid":{"rendered":"https:\/\/sport-index.fr\/blog\/?p=12280"},"modified":"2026-05-19T07:51:50","modified_gmt":"2026-05-19T05:51:50","slug":"esteban-abadie-toulon-un-projet-ambitieux-pour-une-saison-memorable","status":"publish","type":"post","link":"https:\/\/sport-index.fr\/blog\/a-la-une\/esteban-abadie-toulon-un-projet-ambitieux-pour-une-saison-memorable\/","title":{"rendered":"Esteban Abadie : Toulon, un projet ambitieux pour une saison m\u00e9morable"},"content":{"rendered":"<div style=\"background:linear-gradient(135deg,#2a5f3f 0%,#1d4a2e 100%);color:#fff;padding:32px 28px;border-radius:14px;margin:0 0 28px;box-shadow:0 8px 24px rgba(42,95,63,.18)\">\n<div style=\"display:flex;flex-wrap:wrap;gap:14px;align-items:center;margin-bottom:14px\">\n<div style=\"background:rgba(255,255,255,.18);padding:6px 14px;border-radius:30px;font-size:12px;font-weight:700;letter-spacing:1.5px;text-transform:uppercase\">Rugby Top 14<\/div>\n<div style=\"background:rgba(255,255,255,.12);padding:6px 14px;border-radius:30px;font-size:12px;letter-spacing:.6px\">RC Toulon \u00b7 Prolongation<\/div>\n<div style=\"background:rgba(255,255,255,.12);padding:6px 14px;border-radius:30px;font-size:12px;letter-spacing:.6px\">XV de France<\/div>\n<\/div>\n<div style=\"font-size:17px;line-height:1.65;font-weight:300;max-width:780px\">Esteban Abadie a choisi de poursuivre l&rsquo;aventure varoise. Au-del\u00e0 du simple geste contractuel, sa d\u00e9cision dessine une nouvelle \u00e9tape pour le RCT, club historique en pleine reconstruction sportive et identitaire. D\u00e9cryptage d&rsquo;un engagement qui en dit long sur l&rsquo;\u00e9tat d&rsquo;esprit du vestiaire toulonnais.<\/div>\n<\/div>\n<h2>Un choix de c\u0153ur et de raison<\/h2>\n<p>Dans une r\u00e9cente interview, il explique que ce choix \u00e9tait naturel et motiv\u00e9 par la confiance qu&rsquo;il a re\u00e7ue du staff. Depuis son arriv\u00e9e \u00e0 Toulon, il se sent \u00e9panoui, tant sur le terrain qu&rsquo;en dehors, ce qui a grandement influenc\u00e9 sa d\u00e9cision de rester.<\/p>\n<p>Abadie a rapidement signal\u00e9 aux dirigeants de Toulon sa volont\u00e9 de prolonger, \u00e9vitant ainsi d&rsquo;attirer l\u2019attention d&rsquo;autres clubs. Cette r\u00e9activit\u00e9 de la part du club a permis une n\u00e9gociation fluide, aboutissant \u00e0 un accord mutuel. Pour lui, cette prolongation est non seulement un signe de confiance, mais aussi une opportunit\u00e9 de vivre des moments forts avec son \u00e9quipe.<\/p>\n<div style=\"background:#f6faf7;border-left:4px solid #2a5f3f;padding:22px 26px;border-radius:0 12px 12px 0;margin:26px 0\">\n<div style=\"font-size:11px;font-weight:700;letter-spacing:2px;color:#2a5f3f;text-transform:uppercase;margin-bottom:10px\">\u00c0 retenir<\/div>\n<div style=\"font-size:16px;line-height:1.7;color:#1f2d22\">La prolongation d&rsquo;Abadie illustre une tendance forte chez les clubs ambitieux du Top 14&nbsp;: anticiper les n\u00e9gociations pour conserver les cadres avant que la concurrence ne s&rsquo;invite. Une strat\u00e9gie qui demande une lecture fine du vestiaire et un dialogue permanent entre staff et joueurs.<\/div>\n<\/div>\n<h2>Des ambitions communes pour la saison<\/h2>\n<p>Le joueur souligne l&rsquo;importance du groupe et la bonne ambiance qui r\u00e8gne au sein de l&rsquo;\u00e9quipe. Abadie \u00e9voque un cadre de vie idyllique \u00e0 Toulon, o\u00f9 lui et sa compagne se sentent bien. Cette satisfaction personnelle se refl\u00e8te dans ses performances et dans celles de l\u2019\u00e9quipe, qui aspire \u00e0 r\u00e9aliser de grandes choses cette saison.<\/p>\n<p>Pour Abadie, le d\u00e9fi est de remporter un titre avec Toulon, objectif qu&rsquo;il consid\u00e8re comme le summum de sa carri\u00e8re. Son discours positif est partag\u00e9 par ses co\u00e9quipiers, et tous ressentent une dynamique de progression par rapport \u00e0 l&rsquo;ann\u00e9e pr\u00e9c\u00e9dente. Ils sont conscients que ces efforts pourraient mener \u00e0 une saison m\u00e9morable.<\/p>\n<div style=\"display:grid;grid-template-columns:repeat(auto-fit,minmax(200px,1fr));gap:14px;margin:28px 0\">\n<div style=\"background:#fff;border:1px solid #e5ebe7;border-top:3px solid #2a5f3f;padding:20px 18px;border-radius:10px;text-align:center\">\n<div style=\"font-size:30px;font-weight:800;color:#2a5f3f;line-height:1\">01<\/div>\n<div style=\"font-size:11px;letter-spacing:1.5px;text-transform:uppercase;color:#5a6b60;margin-top:8px;font-weight:600\">Confiance<\/div>\n<div style=\"font-size:13px;color:#3a4a40;margin-top:8px;line-height:1.5\">Un staff qui mise sur ses cadres et un joueur qui r\u00e9pond pr\u00e9sent.<\/div>\n<\/div>\n<div style=\"background:#fff;border:1px solid #e5ebe7;border-top:3px solid #2a5f3f;padding:20px 18px;border-radius:10px;text-align:center\">\n<div style=\"font-size:30px;font-weight:800;color:#2a5f3f;line-height:1\">02<\/div>\n<div style=\"font-size:11px;letter-spacing:1.5px;text-transform:uppercase;color:#5a6b60;margin-top:8px;font-weight:600\">Coh\u00e9sion<\/div>\n<div style=\"font-size:13px;color:#3a4a40;margin-top:8px;line-height:1.5\">Un vestiaire soud\u00e9 qui s&rsquo;appuie sur ses leaders d&rsquo;exp\u00e9rience.<\/div>\n<\/div>\n<div style=\"background:#fff;border:1px solid #e5ebe7;border-top:3px solid #2a5f3f;padding:20px 18px;border-radius:10px;text-align:center\">\n<div style=\"font-size:30px;font-weight:800;color:#2a5f3f;line-height:1\">03<\/div>\n<div style=\"font-size:11px;letter-spacing:1.5px;text-transform:uppercase;color:#5a6b60;margin-top:8px;font-weight:600\">Ambition<\/div>\n<div style=\"font-size:13px;color:#3a4a40;margin-top:8px;line-height:1.5\">Un titre comme objectif d\u00e9clar\u00e9, un horizon assum\u00e9 collectivement.<\/div>\n<\/div>\n<div style=\"background:#fff;border:1px solid #e5ebe7;border-top:3px solid #2a5f3f;padding:20px 18px;border-radius:10px;text-align:center\">\n<div style=\"font-size:30px;font-weight:800;color:#2a5f3f;line-height:1\">04<\/div>\n<div style=\"font-size:11px;letter-spacing:1.5px;text-transform:uppercase;color:#5a6b60;margin-top:8px;font-weight:600\">Continuit\u00e9<\/div>\n<div style=\"font-size:13px;color:#3a4a40;margin-top:8px;line-height:1.5\">Une prolongation qui stabilise l&rsquo;effectif sur la dur\u00e9e.<\/div>\n<\/div>\n<\/div>\n<h2>Un leader dans l&rsquo;\u00e2me<\/h2>\n<p>En tant que membre du groupe de leaders, Abadie partage ses r\u00e9flexions sur la saison en cours. Il note que, malgr\u00e9 des p\u00e9riodes difficiles, l\u2019\u00e9quipe a su se ressaisir. Le retour sur le terrain apr\u00e8s une p\u00e9riode de doublons a \u00e9t\u00e9 crucial pour renforcer les liens entre les joueurs et am\u00e9liorer la coh\u00e9sion de l\u2019\u00e9quipe.<\/p>\n<p>Il admet que le r\u00f4le des leaders a \u00e9volu\u00e9, avec une communication accrue entre le staff et les joueurs. Abadie insiste sur l&rsquo;importance de cette dynamique pour transmettre les objectifs communs. Ce changement a permis de renforcer la confiance et d&rsquo;instaurer une exigence plus forte au sein du groupe.<\/p>\n<ul>\n<li>Confiance et communication au sein de l\u2019\u00e9quipe<\/li>\n<li>Ambitions \u00e9lev\u00e9es pour la saison actuelle<\/li>\n<li>Importance du leadership et de la coh\u00e9sion<\/li>\n<\/ul>\n<div style=\"background:#1d4a2e;color:#fff;padding:34px 32px;border-radius:14px;margin:30px 0;position:relative;overflow:hidden\">\n<div style=\"position:absolute;top:12px;left:24px;font-size:88px;line-height:1;font-family:Georgia,serif;color:rgba(255,255,255,.14);font-weight:700\">\u00ab<\/div>\n<blockquote style=\"margin:0;padding:0 0 0 60px;border:none\">\n<p style=\"font-size:22px;line-height:1.5;font-weight:300;font-style:italic;margin:0\">Tout le monde sent qu&rsquo;on peut faire quelque chose de grand cette ann\u00e9e.<\/p>\n<\/blockquote>\n<div style=\"margin-top:18px;padding-left:60px;font-size:12px;letter-spacing:2px;text-transform:uppercase;color:rgba(255,255,255,.7);font-weight:600\">Esteban Abadie \u00b7 RC Toulon<\/div>\n<\/div>\n<p>En ce qui concerne son r\u00f4le personnel, Abadie se consid\u00e8re comme un leader qui pr\u00f4ne la clart\u00e9 et la pertinence dans ses interventions. Il souligne l&rsquo;importance de r\u00e9partir les responsabilit\u00e9s entre les membres du groupe afin de maximiser l&rsquo;efficacit\u00e9. Ce fonctionnement collaboratif permet de surmonter les d\u00e9fis et d\u2019aborder les prochains matchs avec confiance.<\/p>\n<p>Le joueur est \u00e9galement conscient des attentes ext\u00e9rieures et pr\u00e9f\u00e8re concentrer ses efforts sur le terrain. Il se r\u00e9jouit de l\u2019\u00e9volution positive de son \u00e9quipe, mais reste humble et d\u00e9termin\u00e9 \u00e0 poursuivre le travail n\u00e9cessaire pour atteindre leurs objectifs. Pour lui, chaque match est une opportunit\u00e9 de montrer la force de Toulon et de redorer son blason.<\/p>\n<div style=\"background:#fff;border:1px solid #d9e3dc;border-radius:12px;padding:26px 26px;margin:28px 0\">\n<div style=\"display:flex;align-items:center;gap:12px;margin-bottom:16px\">\n<div style=\"width:6px;height:28px;background:#2a5f3f;border-radius:3px\"><\/div>\n<div style=\"font-size:13px;font-weight:700;letter-spacing:2px;text-transform:uppercase;color:#1d4a2e\">Anatomie du leadership Abadie<\/div>\n<\/div>\n<div style=\"display:grid;grid-template-columns:repeat(auto-fit,minmax(220px,1fr));gap:18px\">\n<div>\n<div style=\"font-size:12px;color:#5a6b60;text-transform:uppercase;letter-spacing:1px;font-weight:600;margin-bottom:6px\">Communication<\/div>\n<div style=\"font-size:14px;color:#2a3d33;line-height:1.55\">Privil\u00e9gier la clart\u00e9 plut\u00f4t que la quantit\u00e9 d&rsquo;interventions vestiaire.<\/div>\n<\/div>\n<div>\n<div style=\"font-size:12px;color:#5a6b60;text-transform:uppercase;letter-spacing:1px;font-weight:600;margin-bottom:6px\">R\u00e9partition<\/div>\n<div style=\"font-size:14px;color:#2a3d33;line-height:1.55\">Partager les responsabilit\u00e9s entre cadres pour \u00e9viter la solitude du leader unique.<\/div>\n<\/div>\n<div>\n<div style=\"font-size:12px;color:#5a6b60;text-transform:uppercase;letter-spacing:1px;font-weight:600;margin-bottom:6px\">Exemplarit\u00e9<\/div>\n<div style=\"font-size:14px;color:#2a3d33;line-height:1.55\">Tenir le niveau d&rsquo;exigence sur le terrain avant de l&rsquo;imposer aux autres.<\/div>\n<\/div>\n<div>\n<div style=\"font-size:12px;color:#5a6b60;text-transform:uppercase;letter-spacing:1px;font-weight:600;margin-bottom:6px\">Dialogue staff<\/div>\n<div style=\"font-size:14px;color:#2a3d33;line-height:1.55\">Faire circuler les objectifs collectifs sans d\u00e9formation entre encadrement et joueurs.<\/div>\n<\/div>\n<\/div>\n<\/div>\n<h2>Un regard vers l\u2019\u00e9quipe de France<\/h2>\n<p>Concernant le XV de France, Abadie exprime sa fiert\u00e9 d&rsquo;avoir fait partie de l&rsquo;aventure, m\u00eame s&rsquo;il n&rsquo;a pas pu jouer. Il ressent une certaine frustration d&rsquo;avoir manqu\u00e9 des occasions importantes, mais il reste motiv\u00e9 \u00e0 prouver sa valeur pour int\u00e9grer l&rsquo;\u00e9quipe \u00e0 l&rsquo;avenir. La concurrence est forte, et Abadie sait qu&rsquo;il doit continuer \u00e0 progresser pour m\u00e9riter une s\u00e9lection.<\/p>\n<p>Il \u00e9voque l&rsquo;intensit\u00e9 de la comp\u00e9tition et l&rsquo;importance de montrer son meilleur niveau \u00e0 Toulon pour attirer l&rsquo;attention des s\u00e9lectionneurs. Abadie est conscient que chaque performance compte, et il est d\u00e9termin\u00e9 \u00e0 se donner les moyens d&rsquo;atteindre ses objectifs, tant au niveau du club qu&rsquo;\u00e0 l&rsquo;\u00e9chelle nationale.<\/p>\n<div style=\"background:#f6faf7;border-radius:14px;padding:28px 28px;margin:28px 0;border:1px solid #d9e3dc\">\n<div style=\"font-size:13px;font-weight:700;letter-spacing:2px;text-transform:uppercase;color:#2a5f3f;margin-bottom:14px\">L&rsquo;enjeu Bleus : ce qui se joue<\/div>\n<div style=\"display:grid;grid-template-columns:1fr;gap:14px\">\n<div style=\"display:flex;gap:14px;align-items:flex-start\">\n<div style=\"flex-shrink:0;width:34px;height:34px;background:#2a5f3f;color:#fff;border-radius:50%;display:flex;align-items:center;justify-content:center;font-weight:700;font-size:14px\">1<\/div>\n<div style=\"font-size:14.5px;line-height:1.6;color:#2a3d33\"><strong>La visibilit\u00e9 club.<\/strong> Toulon offre un cadre relev\u00e9 en Top 14 et en coupe d&rsquo;Europe, deux fen\u00eatres r\u00e9guli\u00e8rement observ\u00e9es par le staff tricolore.<\/div>\n<\/div>\n<div style=\"display:flex;gap:14px;align-items:flex-start\">\n<div style=\"flex-shrink:0;width:34px;height:34px;background:#2a5f3f;color:#fff;border-radius:50%;display:flex;align-items:center;justify-content:center;font-weight:700;font-size:14px\">2<\/div>\n<div style=\"font-size:14.5px;line-height:1.6;color:#2a3d33\"><strong>La r\u00e9gularit\u00e9 de la performance.<\/strong> Au-del\u00e0 des coups d&rsquo;\u00e9clat, c&rsquo;est la constance qui p\u00e8se dans les choix des s\u00e9lectionneurs.<\/div>\n<\/div>\n<div style=\"display:flex;gap:14px;align-items:flex-start\">\n<div style=\"flex-shrink:0;width:34px;height:34px;background:#2a5f3f;color:#fff;border-radius:50%;display:flex;align-items:center;justify-content:center;font-weight:700;font-size:14px\">3<\/div>\n<div style=\"font-size:14.5px;line-height:1.6;color:#2a3d33\"><strong>L&rsquo;apprentissage de la concurrence interne.<\/strong> Faire partie du groupe France, m\u00eame sans jouer, permet de comprendre les exigences du tr\u00e8s haut niveau.<\/div>\n<\/div>\n<div style=\"display:flex;gap:14px;align-items:flex-start\">\n<div style=\"flex-shrink:0;width:34px;height:34px;background:#2a5f3f;color:#fff;border-radius:50%;display:flex;align-items:center;justify-content:center;font-weight:700;font-size:14px\">4<\/div>\n<div style=\"font-size:14.5px;line-height:1.6;color:#2a3d33\"><strong>La capacit\u00e9 \u00e0 rebondir.<\/strong> Transformer la frustration d&rsquo;occasions manqu\u00e9es en moteur de progression individuelle.<\/div>\n<\/div>\n<\/div>\n<\/div>\n<div style=\"background:#fff;border:1px solid #d9e3dc;border-radius:14px;padding:28px 28px;margin:30px 0\">\n<div style=\"font-size:13px;font-weight:700;letter-spacing:2px;text-transform:uppercase;color:#2a5f3f;margin-bottom:18px\">Toulon, un projet structur\u00e9 sur la dur\u00e9e<\/div>\n<div style=\"font-size:15px;line-height:1.7;color:#2a3d33\">Au-del\u00e0 du cas Abadie, le RCT d\u00e9ploie depuis plusieurs saisons un projet articul\u00e9 autour de trois axes compl\u00e9mentaires&nbsp;: la fid\u00e9lisation des cadres form\u00e9s ou identifi\u00e9s au club, le renforcement cibl\u00e9 sur les postes-cl\u00e9s et l&rsquo;\u00e9largissement progressif du groupe de leaders. La prolongation d&rsquo;un joueur impliqu\u00e9 dans le collectif s&rsquo;inscrit pleinement dans cette logique. Elle envoie un signal au vestiaire, mais aussi \u00e0 l&rsquo;ext\u00e9rieur&nbsp;: Toulon sait retenir, Toulon construit, Toulon assume un cap. Cette stabilit\u00e9 contractuelle, dans un Top 14 o\u00f9 les mouvements de joueurs s&rsquo;intensifient chaque intersaison, devient un atout concurrentiel \u00e0 part enti\u00e8re. Le club mise sur la continuit\u00e9 d&rsquo;un noyau dur plut\u00f4t que sur la rotation permanente, pari exigeant mais coh\u00e9rent avec l&rsquo;identit\u00e9 historique du Rouge et Noir.<\/div>\n<\/div>\n<div style=\"display:grid;grid-template-columns:repeat(auto-fit,minmax(260px,1fr));gap:18px;margin:28px 0\">\n<div style=\"background:#1d4a2e;color:#fff;padding:24px 22px;border-radius:12px\">\n<div style=\"font-size:11px;letter-spacing:2px;text-transform:uppercase;color:rgba(255,255,255,.7);font-weight:600;margin-bottom:10px\">C\u00f4t\u00e9 joueur<\/div>\n<div style=\"font-size:15.5px;line-height:1.6;font-weight:300\">Choisir la dur\u00e9e, c&rsquo;est aussi accepter de porter le projet sur plusieurs saisons. Une d\u00e9cision qui engage autant sur le terrain qu&rsquo;en dehors, dans le r\u00f4le de relais aupr\u00e8s du staff.<\/div>\n<\/div>\n<div style=\"background:#2a5f3f;color:#fff;padding:24px 22px;border-radius:12px\">\n<div style=\"font-size:11px;letter-spacing:2px;text-transform:uppercase;color:rgba(255,255,255,.7);font-weight:600;margin-bottom:10px\">C\u00f4t\u00e9 club<\/div>\n<div style=\"font-size:15.5px;line-height:1.6;font-weight:300\">S\u00e9curiser un cadre identifi\u00e9, c&rsquo;est prot\u00e9ger le vestiaire d&rsquo;une instabilit\u00e9 contractuelle qui se ressent sur le terrain. Le travail des dirigeants commence bien avant la derni\u00e8re ann\u00e9e de contrat.<\/div>\n<\/div>\n<div style=\"background:#f6faf7;color:#1d4a2e;padding:24px 22px;border-radius:12px;border:1px solid #d9e3dc\">\n<div style=\"font-size:11px;letter-spacing:2px;text-transform:uppercase;color:#2a5f3f;font-weight:600;margin-bottom:10px\">C\u00f4t\u00e9 supporters<\/div>\n<div style=\"font-size:15.5px;line-height:1.6;color:#2a3d33\">Voir un cadre prolonger, c&rsquo;est un message fort de fid\u00e9lit\u00e9 au maillot. Dans un sport professionnel o\u00f9 les d\u00e9parts marquent les esprits, les signatures longue dur\u00e9e nourrissent l&rsquo;attachement au club.<\/div>\n<\/div>\n<\/div>\n<p>En somme, Esteban Abadie incarne l\u2019esprit de Toulon avec sa d\u00e9termination et son ambition. Son parcours et son engagement envers le club et l&rsquo;\u00e9quipe nationale ne laissent aucun doute sur sa volont\u00e9 de marquer l&rsquo;histoire du rugby fran\u00e7ais. Avec une saison prometteuse en cours, les supporters peuvent esp\u00e9rer de belles surprises \u00e0 venir.<\/p>\n<div style=\"background:linear-gradient(135deg,#2a5f3f 0%,#1d4a2e 100%);color:#fff;padding:26px 26px;border-radius:12px;margin:26px 0\">\n<div style=\"font-size:11px;letter-spacing:2px;text-transform:uppercase;color:rgba(255,255,255,.7);font-weight:700;margin-bottom:10px\">Le mot de la r\u00e9daction<\/div>\n<div style=\"font-size:15px;line-height:1.7;font-weight:300\">Une prolongation, c&rsquo;est souvent un non-\u00e9v\u00e9nement dans le bruit m\u00e9diatique d&rsquo;une saison. Pourtant, derri\u00e8re la signature se joue une partie essentielle du projet sportif&nbsp;: celle de la confiance mutuelle, du temps long et du collectif consolid\u00e9. Sur ce terrain-l\u00e0, Toulon avance avec m\u00e9thode.<\/div>\n<\/div>\n<div style=\"background:linear-gradient(135deg,#fff 0%,#f6faf7 100%);border:1px solid #d9e3dc;border-radius:14px;padding:28px 28px;margin:30px 0 12px\">\n<div style=\"font-size:13px;font-weight:700;letter-spacing:2px;text-transform:uppercase;color:#2a5f3f;margin-bottom:16px\">Ce qu&rsquo;il faut suivre dans les semaines \u00e0 venir<\/div>\n<div style=\"display:grid;grid-template-columns:repeat(auto-fit,minmax(240px,1fr));gap:18px\">\n<div style=\"border-left:3px solid #2a5f3f;padding-left:14px\">\n<div style=\"font-size:15px;font-weight:700;color:#1d4a2e;margin-bottom:6px\">Le tableau des prolongations<\/div>\n<div style=\"font-size:13.5px;color:#3a4a40;line-height:1.6\">Plusieurs cadres toulonnais arrivent en fin de contrat. La signature d&rsquo;Abadie pourrait amorcer une dynamique de stabilisation collective de l&rsquo;effectif.<\/div>\n<\/div>\n<div style=\"border-left:3px solid #2a5f3f;padding-left:14px\">\n<div style=\"font-size:15px;font-weight:700;color:#1d4a2e;margin-bottom:6px\">La gestion des doublons<\/div>\n<div style=\"font-size:13.5px;color:#3a4a40;line-height:1.6\">Le calendrier international rebat les cartes au sein du vestiaire. Le retour des cadres reste un moment-cl\u00e9 pour cimenter la coh\u00e9sion d&rsquo;un groupe en construction.<\/div>\n<\/div>\n<div style=\"border-left:3px solid #2a5f3f;padding-left:14px\">\n<div style=\"font-size:15px;font-weight:700;color:#1d4a2e;margin-bottom:6px\">L&rsquo;objectif phase finale<\/div>\n<div style=\"font-size:13.5px;color:#3a4a40;line-height:1.6\">Top 6 garanti, top 4 vis\u00e9 : Toulon avance ses pions dans une saison o\u00f9 chaque journ\u00e9e p\u00e8sera lourd au classement.<\/div>\n<\/div>\n<\/div>\n<\/div>\n<p><\/content><br \/>\n<\/invoke><\/p>\n","protected":false},"excerpt":{"rendered":"","protected":false},"author":34,"featured_media":15544,"comment_status":"open","ping_status":"open","sticky":false,"template":"","format":"standard","meta":{"_acf_changed":false,"manual_indexmenow":false,"indexmenow_id_project":0,"footnotes":""},"categories":[1],"tags":[4585,4561,4632,4885,4554],"class_list":["post-12280","post","type-post","status-publish","format-standard","has-post-thumbnail","hentry","category-a-la-une","tag-cohesion-dequipe","tag-gestion-des-talents","tag-performance-sportive","tag-preparation-mentale","tag-xv-de-france","generate-columns","tablet-grid-50","mobile-grid-100","grid-parent","grid-25"],"acf":[],"yoast_head":"<!-- This site is optimized with the Yoast SEO Premium plugin v21.3 (Yoast SEO v26.5) - https:\/\/yoast.com\/wordpress\/plugins\/seo\/ -->\n<title>Esteban Abadie : Toulon, un projet ambitieux<\/title>\n<meta name=\"description\" content=\"Rugby Top 14 RC Toulon \u00b7 Prolongation XV de France Esteban Abadie a choisi de poursuivre l&#039;aventure varoise. Au-del\u00e0 du simple geste contractuel, sa\u2026\" \/>\n<meta name=\"robots\" content=\"index, follow, max-snippet:-1, max-image-preview:large, max-video-preview:-1\" \/>\n<link rel=\"canonical\" href=\"https:\/\/sport-index.fr\/blog\/a-la-une\/esteban-abadie-toulon-un-projet-ambitieux-pour-une-saison-memorable\/\" \/>\n<meta property=\"og:locale\" content=\"fr_FR\" \/>\n<meta property=\"og:type\" content=\"article\" \/>\n<meta property=\"og:title\" content=\"Esteban Abadie : Toulon, un projet ambitieux\" \/>\n<meta property=\"og:description\" content=\"Rugby Top 14 RC Toulon \u00b7 Prolongation XV de France Esteban Abadie a choisi de poursuivre l&#039;aventure varoise. Au-del\u00e0 du simple geste contractuel, sa\u2026\" \/>\n<meta property=\"og:url\" content=\"https:\/\/sport-index.fr\/blog\/a-la-une\/esteban-abadie-toulon-un-projet-ambitieux-pour-une-saison-memorable\/\" \/>\n<meta property=\"og:site_name\" content=\"sport-index\" \/>\n<meta name=\"author\" content=\"Axel Lauzier\" \/>\n<meta name=\"twitter:card\" content=\"summary_large_image\" \/>\n<script type=\"application\/ld+json\" class=\"yoast-schema-graph\">{\"@context\":\"https:\/\/schema.org\",\"@graph\":[{\"@type\":\"NewsArticle\",\"@id\":\"https:\/\/sport-index.fr\/blog\/a-la-une\/esteban-abadie-toulon-un-projet-ambitieux-pour-une-saison-memorable\/#article\",\"isPartOf\":{\"@id\":\"https:\/\/sport-index.fr\/blog\/a-la-une\/esteban-abadie-toulon-un-projet-ambitieux-pour-une-saison-memorable\/\"},\"author\":{\"name\":\"Axel Lauzier\",\"@id\":\"https:\/\/sport-index.fr\/blog\/#\/schema\/person\/3c864cdc320801e3db34b663e7e3f816\"},\"headline\":\"Esteban Abadie : Toulon, un projet ambitieux pour une saison m\u00e9morable\",\"datePublished\":\"2026-05-19T05:51:50+00:00\",\"mainEntityOfPage\":{\"@id\":\"https:\/\/sport-index.fr\/blog\/a-la-une\/esteban-abadie-toulon-un-projet-ambitieux-pour-une-saison-memorable\/\"},\"wordCount\":1454,\"commentCount\":23,\"publisher\":{\"@id\":\"https:\/\/sport-index.fr\/blog\/#organization\"},\"image\":{\"@id\":\"https:\/\/sport-index.fr\/blog\/a-la-une\/esteban-abadie-toulon-un-projet-ambitieux-pour-une-saison-memorable\/#primaryimage\"},\"thumbnailUrl\":\"https:\/\/sport-index.fr\/blog\/wp-content\/uploads\/2025\/05\/sdxl-9ff7a58ba79a6bd6532a8d215017b844-scaled.png\",\"keywords\":[\"Coh\u00e9sion d'\u00c9quipe\",\"Gestion des Talents\",\"Performance sportive\",\"Pr\u00e9paration Mentale\",\"XV de France\"],\"articleSection\":[\"\u00c0 la une\"],\"inLanguage\":\"fr-FR\",\"potentialAction\":[{\"@type\":\"CommentAction\",\"name\":\"Comment\",\"target\":[\"https:\/\/sport-index.fr\/blog\/a-la-une\/esteban-abadie-toulon-un-projet-ambitieux-pour-une-saison-memorable\/#respond\"]}]},{\"@type\":\"WebPage\",\"@id\":\"https:\/\/sport-index.fr\/blog\/a-la-une\/esteban-abadie-toulon-un-projet-ambitieux-pour-une-saison-memorable\/\",\"url\":\"https:\/\/sport-index.fr\/blog\/a-la-une\/esteban-abadie-toulon-un-projet-ambitieux-pour-une-saison-memorable\/\",\"name\":\"Esteban Abadie : Toulon, un projet ambitieux\",\"isPartOf\":{\"@id\":\"https:\/\/sport-index.fr\/blog\/#website\"},\"primaryImageOfPage\":{\"@id\":\"https:\/\/sport-index.fr\/blog\/a-la-une\/esteban-abadie-toulon-un-projet-ambitieux-pour-une-saison-memorable\/#primaryimage\"},\"image\":{\"@id\":\"https:\/\/sport-index.fr\/blog\/a-la-une\/esteban-abadie-toulon-un-projet-ambitieux-pour-une-saison-memorable\/#primaryimage\"},\"thumbnailUrl\":\"https:\/\/sport-index.fr\/blog\/wp-content\/uploads\/2025\/05\/sdxl-9ff7a58ba79a6bd6532a8d215017b844-scaled.png\",\"datePublished\":\"2026-05-19T05:51:50+00:00\",\"description\":\"Rugby Top 14 RC Toulon \u00b7 Prolongation XV de France Esteban Abadie a choisi de poursuivre l'aventure varoise. Au-del\u00e0 du simple geste contractuel, sa\u2026\",\"inLanguage\":\"fr-FR\",\"potentialAction\":[{\"@type\":\"ReadAction\",\"target\":[\"https:\/\/sport-index.fr\/blog\/a-la-une\/esteban-abadie-toulon-un-projet-ambitieux-pour-une-saison-memorable\/\"]}]},{\"@type\":\"ImageObject\",\"inLanguage\":\"fr-FR\",\"@id\":\"https:\/\/sport-index.fr\/blog\/a-la-une\/esteban-abadie-toulon-un-projet-ambitieux-pour-une-saison-memorable\/#primaryimage\",\"url\":\"https:\/\/sport-index.fr\/blog\/wp-content\/uploads\/2025\/05\/sdxl-9ff7a58ba79a6bd6532a8d215017b844-scaled.png\",\"contentUrl\":\"https:\/\/sport-index.fr\/blog\/wp-content\/uploads\/2025\/05\/sdxl-9ff7a58ba79a6bd6532a8d215017b844-scaled.png\",\"width\":1200,\"height\":500},{\"@type\":\"WebSite\",\"@id\":\"https:\/\/sport-index.fr\/blog\/#website\",\"url\":\"https:\/\/sport-index.fr\/blog\/\",\"name\":\"sport-index.fr\",\"description\":\"Le score de l\u2019analyse sportive.\",\"publisher\":{\"@id\":\"https:\/\/sport-index.fr\/blog\/#organization\"},\"alternateName\":\"Le score de l\u2019analyse sportive.\",\"potentialAction\":[{\"@type\":\"SearchAction\",\"target\":{\"@type\":\"EntryPoint\",\"urlTemplate\":\"https:\/\/sport-index.fr\/blog\/?s={search_term_string}\"},\"query-input\":{\"@type\":\"PropertyValueSpecification\",\"valueRequired\":true,\"valueName\":\"search_term_string\"}}],\"inLanguage\":\"fr-FR\"},{\"@type\":\"Organization\",\"@id\":\"https:\/\/sport-index.fr\/blog\/#organization\",\"name\":\"Foretsensations.fr\",\"url\":\"https:\/\/sport-index.fr\/blog\/\",\"logo\":{\"@type\":\"ImageObject\",\"inLanguage\":\"fr-FR\",\"@id\":\"https:\/\/sport-index.fr\/blog\/#\/schema\/logo\/image\/\",\"url\":\"https:\/\/sport-index.fr\/blog\/wp-content\/uploads\/2026\/07\/logo-auto.png\",\"contentUrl\":\"https:\/\/sport-index.fr\/blog\/wp-content\/uploads\/2026\/07\/logo-auto.png\",\"width\":1024,\"height\":1024,\"caption\":\"Foretsensations.fr\"},\"image\":{\"@id\":\"https:\/\/sport-index.fr\/blog\/#\/schema\/logo\/image\/\"}},{\"@type\":\"Person\",\"@id\":\"https:\/\/sport-index.fr\/blog\/#\/schema\/person\/3c864cdc320801e3db34b663e7e3f816\",\"name\":\"Axel Lauzier\",\"image\":{\"@type\":\"ImageObject\",\"inLanguage\":\"fr-FR\",\"@id\":\"https:\/\/sport-index.fr\/blog\/#\/schema\/person\/image\/\",\"url\":\"https:\/\/sport-index.fr\/blog\/wp-content\/uploads\/2026\/06\/persona_axel-l-96x96.jpg\",\"contentUrl\":\"https:\/\/sport-index.fr\/blog\/wp-content\/uploads\/2026\/06\/persona_axel-l-96x96.jpg\",\"caption\":\"Axel Lauzier\"},\"description\":\"Le sport rythme mon quotidien depuis l'enfance, et j'en ai fait mon m\u00e9tier d'analyste r\u00e9dactionnel il y a une dizaine d'ann\u00e9es. Je couvre principalement le football, son actualit\u00e9, ses transferts et l'analyse tactique des grandes affiches, mais aussi les disciplines plus confidentielles que j'aime remettre en lumi\u00e8re. Une partie de mon travail porte sur les pronostics et la lecture statistique d'un match : forme des \u00e9quipes, historique des confrontations, compositions, sans jamais vendre de fausse certitude. Je rappelle syst\u00e9matiquement que parier comporte un risque et doit rester un loisir ma\u00eetris\u00e9. Avant de signer une analyse, je v\u00e9rifie mes chiffres, je recoupe les compositions probables et je distingue toujours la donn\u00e9e brute de l'intuition. Mon objectif : offrir une lecture honn\u00eate et argument\u00e9e, pas un ticket gagnant garanti.\",\"sameAs\":[\"https:\/\/axellauzier.fr\/\"],\"url\":\"https:\/\/sport-index.fr\/blog\/auteur\/noname\/\"}]}<\/script>\n<!-- \/ Yoast SEO Premium plugin. -->","yoast_head_json":{"title":"Esteban Abadie : Toulon, un projet ambitieux","description":"Rugby Top 14 RC Toulon \u00b7 Prolongation XV de France Esteban Abadie a choisi de poursuivre l'aventure varoise. Au-del\u00e0 du simple geste contractuel, sa\u2026","robots":{"index":"index","follow":"follow","max-snippet":"max-snippet:-1","max-image-preview":"max-image-preview:large","max-video-preview":"max-video-preview:-1"},"canonical":"https:\/\/sport-index.fr\/blog\/a-la-une\/esteban-abadie-toulon-un-projet-ambitieux-pour-une-saison-memorable\/","og_locale":"fr_FR","og_type":"article","og_title":"Esteban Abadie : Toulon, un projet ambitieux","og_description":"Rugby Top 14 RC Toulon \u00b7 Prolongation XV de France Esteban Abadie a choisi de poursuivre l'aventure varoise. Au-del\u00e0 du simple geste contractuel, sa\u2026","og_url":"https:\/\/sport-index.fr\/blog\/a-la-une\/esteban-abadie-toulon-un-projet-ambitieux-pour-une-saison-memorable\/","og_site_name":"sport-index","author":"Axel Lauzier","twitter_card":"summary_large_image","schema":{"@context":"https:\/\/schema.org","@graph":[{"@type":"NewsArticle","@id":"https:\/\/sport-index.fr\/blog\/a-la-une\/esteban-abadie-toulon-un-projet-ambitieux-pour-une-saison-memorable\/#article","isPartOf":{"@id":"https:\/\/sport-index.fr\/blog\/a-la-une\/esteban-abadie-toulon-un-projet-ambitieux-pour-une-saison-memorable\/"},"author":{"name":"Axel Lauzier","@id":"https:\/\/sport-index.fr\/blog\/#\/schema\/person\/3c864cdc320801e3db34b663e7e3f816"},"headline":"Esteban Abadie : Toulon, un projet ambitieux pour une saison m\u00e9morable","datePublished":"2026-05-19T05:51:50+00:00","mainEntityOfPage":{"@id":"https:\/\/sport-index.fr\/blog\/a-la-une\/esteban-abadie-toulon-un-projet-ambitieux-pour-une-saison-memorable\/"},"wordCount":1454,"commentCount":23,"publisher":{"@id":"https:\/\/sport-index.fr\/blog\/#organization"},"image":{"@id":"https:\/\/sport-index.fr\/blog\/a-la-une\/esteban-abadie-toulon-un-projet-ambitieux-pour-une-saison-memorable\/#primaryimage"},"thumbnailUrl":"https:\/\/sport-index.fr\/blog\/wp-content\/uploads\/2025\/05\/sdxl-9ff7a58ba79a6bd6532a8d215017b844-scaled.png","keywords":["Coh\u00e9sion d'\u00c9quipe","Gestion des Talents","Performance sportive","Pr\u00e9paration Mentale","XV de France"],"articleSection":["\u00c0 la une"],"inLanguage":"fr-FR","potentialAction":[{"@type":"CommentAction","name":"Comment","target":["https:\/\/sport-index.fr\/blog\/a-la-une\/esteban-abadie-toulon-un-projet-ambitieux-pour-une-saison-memorable\/#respond"]}]},{"@type":"WebPage","@id":"https:\/\/sport-index.fr\/blog\/a-la-une\/esteban-abadie-toulon-un-projet-ambitieux-pour-une-saison-memorable\/","url":"https:\/\/sport-index.fr\/blog\/a-la-une\/esteban-abadie-toulon-un-projet-ambitieux-pour-une-saison-memorable\/","name":"Esteban Abadie : Toulon, un projet ambitieux","isPartOf":{"@id":"https:\/\/sport-index.fr\/blog\/#website"},"primaryImageOfPage":{"@id":"https:\/\/sport-index.fr\/blog\/a-la-une\/esteban-abadie-toulon-un-projet-ambitieux-pour-une-saison-memorable\/#primaryimage"},"image":{"@id":"https:\/\/sport-index.fr\/blog\/a-la-une\/esteban-abadie-toulon-un-projet-ambitieux-pour-une-saison-memorable\/#primaryimage"},"thumbnailUrl":"https:\/\/sport-index.fr\/blog\/wp-content\/uploads\/2025\/05\/sdxl-9ff7a58ba79a6bd6532a8d215017b844-scaled.png","datePublished":"2026-05-19T05:51:50+00:00","description":"Rugby Top 14 RC Toulon \u00b7 Prolongation XV de France Esteban Abadie a choisi de poursuivre l'aventure varoise. Au-del\u00e0 du simple geste contractuel, sa\u2026","inLanguage":"fr-FR","potentialAction":[{"@type":"ReadAction","target":["https:\/\/sport-index.fr\/blog\/a-la-une\/esteban-abadie-toulon-un-projet-ambitieux-pour-une-saison-memorable\/"]}]},{"@type":"ImageObject","inLanguage":"fr-FR","@id":"https:\/\/sport-index.fr\/blog\/a-la-une\/esteban-abadie-toulon-un-projet-ambitieux-pour-une-saison-memorable\/#primaryimage","url":"https:\/\/sport-index.fr\/blog\/wp-content\/uploads\/2025\/05\/sdxl-9ff7a58ba79a6bd6532a8d215017b844-scaled.png","contentUrl":"https:\/\/sport-index.fr\/blog\/wp-content\/uploads\/2025\/05\/sdxl-9ff7a58ba79a6bd6532a8d215017b844-scaled.png","width":1200,"height":500},{"@type":"WebSite","@id":"https:\/\/sport-index.fr\/blog\/#website","url":"https:\/\/sport-index.fr\/blog\/","name":"sport-index.fr","description":"Le score de l\u2019analyse sportive.","publisher":{"@id":"https:\/\/sport-index.fr\/blog\/#organization"},"alternateName":"Le score de l\u2019analyse sportive.","potentialAction":[{"@type":"SearchAction","target":{"@type":"EntryPoint","urlTemplate":"https:\/\/sport-index.fr\/blog\/?s={search_term_string}"},"query-input":{"@type":"PropertyValueSpecification","valueRequired":true,"valueName":"search_term_string"}}],"inLanguage":"fr-FR"},{"@type":"Organization","@id":"https:\/\/sport-index.fr\/blog\/#organization","name":"Foretsensations.fr","url":"https:\/\/sport-index.fr\/blog\/","logo":{"@type":"ImageObject","inLanguage":"fr-FR","@id":"https:\/\/sport-index.fr\/blog\/#\/schema\/logo\/image\/","url":"https:\/\/sport-index.fr\/blog\/wp-content\/uploads\/2026\/07\/logo-auto.png","contentUrl":"https:\/\/sport-index.fr\/blog\/wp-content\/uploads\/2026\/07\/logo-auto.png","width":1024,"height":1024,"caption":"Foretsensations.fr"},"image":{"@id":"https:\/\/sport-index.fr\/blog\/#\/schema\/logo\/image\/"}},{"@type":"Person","@id":"https:\/\/sport-index.fr\/blog\/#\/schema\/person\/3c864cdc320801e3db34b663e7e3f816","name":"Axel Lauzier","image":{"@type":"ImageObject","inLanguage":"fr-FR","@id":"https:\/\/sport-index.fr\/blog\/#\/schema\/person\/image\/","url":"https:\/\/sport-index.fr\/blog\/wp-content\/uploads\/2026\/06\/persona_axel-l-96x96.jpg","contentUrl":"https:\/\/sport-index.fr\/blog\/wp-content\/uploads\/2026\/06\/persona_axel-l-96x96.jpg","caption":"Axel Lauzier"},"description":"Le sport rythme mon quotidien depuis l'enfance, et j'en ai fait mon m\u00e9tier d'analyste r\u00e9dactionnel il y a une dizaine d'ann\u00e9es. Je couvre principalement le football, son actualit\u00e9, ses transferts et l'analyse tactique des grandes affiches, mais aussi les disciplines plus confidentielles que j'aime remettre en lumi\u00e8re. Une partie de mon travail porte sur les pronostics et la lecture statistique d'un match : forme des \u00e9quipes, historique des confrontations, compositions, sans jamais vendre de fausse certitude. Je rappelle syst\u00e9matiquement que parier comporte un risque et doit rester un loisir ma\u00eetris\u00e9. Avant de signer une analyse, je v\u00e9rifie mes chiffres, je recoupe les compositions probables et je distingue toujours la donn\u00e9e brute de l'intuition. Mon objectif : offrir une lecture honn\u00eate et argument\u00e9e, pas un ticket gagnant garanti.","sameAs":["https:\/\/axellauzier.fr\/"],"url":"https:\/\/sport-index.fr\/blog\/auteur\/noname\/"}]}},"_links":{"self":[{"href":"https:\/\/sport-index.fr\/blog\/wp-json\/wp\/v2\/posts\/12280","targetHints":{"allow":["GET"]}}],"collection":[{"href":"https:\/\/sport-index.fr\/blog\/wp-json\/wp\/v2\/posts"}],"about":[{"href":"https:\/\/sport-index.fr\/blog\/wp-json\/wp\/v2\/types\/post"}],"author":[{"embeddable":true,"href":"https:\/\/sport-index.fr\/blog\/wp-json\/wp\/v2\/users\/34"}],"replies":[{"embeddable":true,"href":"https:\/\/sport-index.fr\/blog\/wp-json\/wp\/v2\/comments?post=12280"}],"version-history":[{"count":2,"href":"https:\/\/sport-index.fr\/blog\/wp-json\/wp\/v2\/posts\/12280\/revisions"}],"predecessor-version":[{"id":17989,"href":"https:\/\/sport-index.fr\/blog\/wp-json\/wp\/v2\/posts\/12280\/revisions\/17989"}],"wp:featuredmedia":[{"embeddable":true,"href":"https:\/\/sport-index.fr\/blog\/wp-json\/wp\/v2\/media\/15544"}],"wp:attachment":[{"href":"https:\/\/sport-index.fr\/blog\/wp-json\/wp\/v2\/media?parent=12280"}],"wp:term":[{"taxonomy":"category","embeddable":true,"href":"https:\/\/sport-index.fr\/blog\/wp-json\/wp\/v2\/categories?post=12280"},{"taxonomy":"post_tag","embeddable":true,"href":"https:\/\/sport-index.fr\/blog\/wp-json\/wp\/v2\/tags?post=12280"}],"curies":[{"name":"wp","href":"https:\/\/api.w.org\/{rel}","templated":true}]}}