{"id":12284,"date":"2025-03-20T12:01:29","date_gmt":"2025-03-20T11:01:29","guid":{"rendered":"https:\/\/sport-index.fr\/blog\/?p=12284"},"modified":"2025-03-20T12:01:29","modified_gmt":"2025-03-20T11:01:29","slug":"jean-noel-spitzer-suspendu-reaction-a-chaud-sur-larbitrage-du-rugby","status":"publish","type":"post","link":"https:\/\/sport-index.fr\/blog\/a-la-une\/jean-noel-spitzer-suspendu-reaction-a-chaud-sur-larbitrage-du-rugby\/","title":{"rendered":"Jean-No\u00ebl Spitzer suspendu : r\u00e9action \u00e0 chaud sur l&rsquo;arbitrage du rugby"},"content":{"rendered":"<h2>Une suspension qui secoue le monde du rugby<\/h2>\n<p>Jean-No\u00ebl Spitzer, l&rsquo;entra\u00eeneur du Rugby Club Vannes, a \u00e9t\u00e9 suspendu pour une dur\u00e9e de deux semaines par la F\u00e9d\u00e9ration Fran\u00e7aise de Rugby (FFR). Cette d\u00e9cision fait suite \u00e0 des d\u00e9clarations controvers\u00e9es sur l&rsquo;arbitrage, prononc\u00e9es apr\u00e8s une d\u00e9faite am\u00e8re contre Bordeaux-B\u00e8gles. Le match, qui avait vu les Bretons mener largement \u00e0 la pause, s&rsquo;est termin\u00e9 sur un score de 29 \u00e0 37, laissant le coach dans une frustration palpable.<\/p>\n<p>Les propos de Spitzer, jug\u00e9s inappropri\u00e9s par la FFR, ont \u00e9t\u00e9 consid\u00e9r\u00e9s comme une remise en question de l&rsquo;int\u00e9grit\u00e9 de l&rsquo;arbitrage. Lors d&rsquo;une conf\u00e9rence de presse, il avait exprim\u00e9 son indignation, soulignant que le statut des clubs influen\u00e7ait les d\u00e9cisions des arbitres. Ces d\u00e9clarations ont provoqu\u00e9 un d\u00e9bat intense sur l&rsquo;\u00e9quit\u00e9 dans le rugby professionnel, un sujet sensible pour de nombreux acteurs du sport.<\/p>\n<h2>Le contexte de la sanction<\/h2>\n<p>La suspension de Jean-No\u00ebl Spitzer survient trois mois apr\u00e8s les faits, mettant en lumi\u00e8re un processus disciplinaire qui a suscit\u00e9 des interrogations. Initialement, une suspension d&rsquo;un match avait \u00e9t\u00e9 d\u00e9cid\u00e9e, mais la FFR a jug\u00e9 celle-ci insuffisante et a d\u00e9cid\u00e9 d&rsquo;alourdir la sanction d&rsquo;une semaine suppl\u00e9mentaire. Cette d\u00e9cision a \u00e9t\u00e9 per\u00e7ue comme un message clair sur l&rsquo;importance du respect des r\u00e8gles et de la dignit\u00e9 dans le discours des entra\u00eeneurs.<\/p>\n<p>Le pr\u00e9sident du club, Olivier Cloarec, a pr\u00e9sent\u00e9 des excuses publiques, reconnaissant que les mots de Spitzer avaient \u00e9t\u00e9 prononc\u00e9s dans un moment de col\u00e8re apr\u00e8s une d\u00e9faite difficile. Il a insist\u00e9 sur le fait que ces propos ne refl\u00e8tent pas la position officielle du club, mais qu&rsquo;ils \u00e9taient le fruit d&rsquo;une \u00e9motion intense apr\u00e8s un match dramatique. Ce contexte ajoute une dimension humaine \u00e0 cette affaire, o\u00f9 la passion du sport se heurte parfois \u00e0 la raison.<\/p>\n<h2>Les r\u00e9percussions sur l&rsquo;\u00e9quipe<\/h2>\n<p>La suspension de Spitzer aura des cons\u00e9quences directes sur le Rugby Club Vannes, qui devra se passer de son entra\u00eeneur lors de deux matchs cruciaux. Le d\u00e9placement \u00e0 Lyon et la r\u00e9ception de Perpignan s&rsquo;annoncent comme des rencontres d\u00e9terminantes pour l&rsquo;avenir de l&rsquo;\u00e9quipe dans le Top 14. Sans leur leader sur le banc, les joueurs devront puiser dans leurs ressources pour faire face \u00e0 ces d\u00e9fis.<\/p>\n<p>Les r\u00e9percussions de cette affaire ne se limitent pas \u00e0 la seule \u00e9quipe. La discussion sur l&rsquo;arbitrage a \u00e9galement ouvert un d\u00e9bat plus large sur la n\u00e9cessit\u00e9 de r\u00e9former certains aspects du jeu. De nombreux joueurs et entra\u00eeneurs s&rsquo;interrogent sur la mani\u00e8re dont l&rsquo;arbitrage est per\u00e7u et appliqu\u00e9, sugg\u00e9rant que des mesures doivent \u00eatre prises pour garantir une plus grande \u00e9quit\u00e9 sur le terrain.<\/p>\n<ul>\n<li>Jean-No\u00ebl Spitzer suspendu deux semaines<\/li>\n<li>Propos jug\u00e9s inappropri\u00e9s sur l&rsquo;arbitrage<\/li>\n<li>D\u00e9faite am\u00e8re contre Bordeaux-B\u00e8gles<\/li>\n<li>R\u00e9actions du pr\u00e9sident du club<\/li>\n<li>Cons\u00e9quences sur l&rsquo;\u00e9quipe dans le Top 14<\/li>\n<\/ul>\n<blockquote><p>\n  \u00ab\u00a0On arbitre le statut des clubs. C\u2019est frustrant, tout ton travail de la semaine peut \u00eatre mis par terre par \u00e7a.\u00a0\u00bb &#8211; Jean-No\u00ebl Spitzer\n<\/p><\/blockquote>\n<p>La suspension de Jean-No\u00ebl Spitzer soul\u00e8ve des questions cruciales sur les responsabilit\u00e9s des entra\u00eeneurs et l&rsquo;impact de leurs paroles sur l&rsquo;image du sport. Dans un monde o\u00f9 chaque d\u00e9claration peut \u00eatre scrut\u00e9e, il est essentiel de naviguer avec prudence dans l&rsquo;expression de ses frustrations. Les enjeux sont \u00e9lev\u00e9s, et chaque acteur du rugby doit r\u00e9fl\u00e9chir aux cons\u00e9quences de ses mots sur le jeu et sur l&rsquo;int\u00e9grit\u00e9 de la comp\u00e9tition.<\/p>\n","protected":false},"excerpt":{"rendered":"","protected":false},"author":34,"featured_media":15930,"comment_status":"open","ping_status":"open","sticky":false,"template":"","format":"standard","meta":{"_acf_changed":false,"manual_indexmenow":false,"indexmenow_id_project":0,"footnotes":""},"categories":[1],"tags":[4529,4898,4543,4536,4539],"class_list":["post-12284","post","type-post","status-publish","format-standard","has-post-thumbnail","hentry","category-a-la-une","tag-egalite-des-chances","tag-gestion-du-stress","tag-performance","tag-rugby","tag-top-14","generate-columns","tablet-grid-50","mobile-grid-100","grid-parent","grid-25"],"acf":[],"yoast_head":"<!-- This site is optimized with the Yoast SEO Premium plugin v21.3 (Yoast SEO v26.5) - https:\/\/yoast.com\/wordpress\/plugins\/seo\/ -->\n<title>Jean-No\u00ebl Spitzer suspendu : r\u00e9action \u00e0 chaud<\/title>\n<meta name=\"description\" content=\"Une suspension qui secoue le monde du rugby Jean-No\u00ebl Spitzer, l&#039;entra\u00eeneur du Rugby Club Vannes, a \u00e9t\u00e9 suspendu pour une dur\u00e9e de deux semaines par la\u2026\" \/>\n<meta name=\"robots\" content=\"index, follow, max-snippet:-1, max-image-preview:large, max-video-preview:-1\" \/>\n<link rel=\"canonical\" href=\"https:\/\/sport-index.fr\/blog\/a-la-une\/jean-noel-spitzer-suspendu-reaction-a-chaud-sur-larbitrage-du-rugby\/\" \/>\n<meta property=\"og:locale\" content=\"fr_FR\" \/>\n<meta property=\"og:type\" content=\"article\" \/>\n<meta property=\"og:title\" content=\"Jean-No\u00ebl Spitzer suspendu : r\u00e9action \u00e0 chaud\" \/>\n<meta property=\"og:description\" content=\"Une suspension qui secoue le monde du rugby Jean-No\u00ebl Spitzer, l&#039;entra\u00eeneur du Rugby Club Vannes, a \u00e9t\u00e9 suspendu pour une dur\u00e9e de deux semaines par la\u2026\" \/>\n<meta property=\"og:url\" content=\"https:\/\/sport-index.fr\/blog\/a-la-une\/jean-noel-spitzer-suspendu-reaction-a-chaud-sur-larbitrage-du-rugby\/\" \/>\n<meta property=\"og:site_name\" content=\"sport-index\" \/>\n<meta name=\"author\" content=\"Axel Lauzier\" \/>\n<meta name=\"twitter:card\" content=\"summary_large_image\" \/>\n<script type=\"application\/ld+json\" class=\"yoast-schema-graph\">{\"@context\":\"https:\/\/schema.org\",\"@graph\":[{\"@type\":\"NewsArticle\",\"@id\":\"https:\/\/sport-index.fr\/blog\/a-la-une\/jean-noel-spitzer-suspendu-reaction-a-chaud-sur-larbitrage-du-rugby\/#article\",\"isPartOf\":{\"@id\":\"https:\/\/sport-index.fr\/blog\/a-la-une\/jean-noel-spitzer-suspendu-reaction-a-chaud-sur-larbitrage-du-rugby\/\"},\"author\":{\"name\":\"Axel Lauzier\",\"@id\":\"https:\/\/sport-index.fr\/blog\/#\/schema\/person\/3c864cdc320801e3db34b663e7e3f816\"},\"headline\":\"Jean-No\u00ebl Spitzer suspendu : r\u00e9action \u00e0 chaud sur l&rsquo;arbitrage du rugby\",\"datePublished\":\"2025-03-20T11:01:29+00:00\",\"mainEntityOfPage\":{\"@id\":\"https:\/\/sport-index.fr\/blog\/a-la-une\/jean-noel-spitzer-suspendu-reaction-a-chaud-sur-larbitrage-du-rugby\/\"},\"wordCount\":653,\"commentCount\":27,\"publisher\":{\"@id\":\"https:\/\/sport-index.fr\/blog\/#organization\"},\"image\":{\"@id\":\"https:\/\/sport-index.fr\/blog\/a-la-une\/jean-noel-spitzer-suspendu-reaction-a-chaud-sur-larbitrage-du-rugby\/#primaryimage\"},\"thumbnailUrl\":\"https:\/\/sport-index.fr\/blog\/wp-content\/uploads\/2025\/05\/sdxl-a074ad4be488512e3d55196a1544c7db-scaled.png\",\"keywords\":[\"\u00c9galit\u00e9 des Chances\",\"Gestion Du Stress\",\"Performance\",\"Rugby\",\"Top 14\"],\"articleSection\":[\"\u00c0 la une\"],\"inLanguage\":\"fr-FR\",\"potentialAction\":[{\"@type\":\"CommentAction\",\"name\":\"Comment\",\"target\":[\"https:\/\/sport-index.fr\/blog\/a-la-une\/jean-noel-spitzer-suspendu-reaction-a-chaud-sur-larbitrage-du-rugby\/#respond\"]}]},{\"@type\":\"WebPage\",\"@id\":\"https:\/\/sport-index.fr\/blog\/a-la-une\/jean-noel-spitzer-suspendu-reaction-a-chaud-sur-larbitrage-du-rugby\/\",\"url\":\"https:\/\/sport-index.fr\/blog\/a-la-une\/jean-noel-spitzer-suspendu-reaction-a-chaud-sur-larbitrage-du-rugby\/\",\"name\":\"Jean-No\u00ebl Spitzer suspendu : r\u00e9action \u00e0 chaud\",\"isPartOf\":{\"@id\":\"https:\/\/sport-index.fr\/blog\/#website\"},\"primaryImageOfPage\":{\"@id\":\"https:\/\/sport-index.fr\/blog\/a-la-une\/jean-noel-spitzer-suspendu-reaction-a-chaud-sur-larbitrage-du-rugby\/#primaryimage\"},\"image\":{\"@id\":\"https:\/\/sport-index.fr\/blog\/a-la-une\/jean-noel-spitzer-suspendu-reaction-a-chaud-sur-larbitrage-du-rugby\/#primaryimage\"},\"thumbnailUrl\":\"https:\/\/sport-index.fr\/blog\/wp-content\/uploads\/2025\/05\/sdxl-a074ad4be488512e3d55196a1544c7db-scaled.png\",\"datePublished\":\"2025-03-20T11:01:29+00:00\",\"description\":\"Une suspension qui secoue le monde du rugby Jean-No\u00ebl Spitzer, l'entra\u00eeneur du Rugby Club Vannes, a \u00e9t\u00e9 suspendu pour une dur\u00e9e de deux semaines par la\u2026\",\"inLanguage\":\"fr-FR\",\"potentialAction\":[{\"@type\":\"ReadAction\",\"target\":[\"https:\/\/sport-index.fr\/blog\/a-la-une\/jean-noel-spitzer-suspendu-reaction-a-chaud-sur-larbitrage-du-rugby\/\"]}]},{\"@type\":\"ImageObject\",\"inLanguage\":\"fr-FR\",\"@id\":\"https:\/\/sport-index.fr\/blog\/a-la-une\/jean-noel-spitzer-suspendu-reaction-a-chaud-sur-larbitrage-du-rugby\/#primaryimage\",\"url\":\"https:\/\/sport-index.fr\/blog\/wp-content\/uploads\/2025\/05\/sdxl-a074ad4be488512e3d55196a1544c7db-scaled.png\",\"contentUrl\":\"https:\/\/sport-index.fr\/blog\/wp-content\/uploads\/2025\/05\/sdxl-a074ad4be488512e3d55196a1544c7db-scaled.png\",\"width\":1200,\"height\":500},{\"@type\":\"WebSite\",\"@id\":\"https:\/\/sport-index.fr\/blog\/#website\",\"url\":\"https:\/\/sport-index.fr\/blog\/\",\"name\":\"sport-index.fr\",\"description\":\"Le score de l\u2019analyse sportive.\",\"publisher\":{\"@id\":\"https:\/\/sport-index.fr\/blog\/#organization\"},\"alternateName\":\"Le score de l\u2019analyse sportive.\",\"potentialAction\":[{\"@type\":\"SearchAction\",\"target\":{\"@type\":\"EntryPoint\",\"urlTemplate\":\"https:\/\/sport-index.fr\/blog\/?s={search_term_string}\"},\"query-input\":{\"@type\":\"PropertyValueSpecification\",\"valueRequired\":true,\"valueName\":\"search_term_string\"}}],\"inLanguage\":\"fr-FR\"},{\"@type\":\"Organization\",\"@id\":\"https:\/\/sport-index.fr\/blog\/#organization\",\"name\":\"Foretsensations.fr\",\"url\":\"https:\/\/sport-index.fr\/blog\/\",\"logo\":{\"@type\":\"ImageObject\",\"inLanguage\":\"fr-FR\",\"@id\":\"https:\/\/sport-index.fr\/blog\/#\/schema\/logo\/image\/\",\"url\":\"https:\/\/sport-index.fr\/blog\/wp-content\/uploads\/2026\/07\/logo-auto.png\",\"contentUrl\":\"https:\/\/sport-index.fr\/blog\/wp-content\/uploads\/2026\/07\/logo-auto.png\",\"width\":1024,\"height\":1024,\"caption\":\"Foretsensations.fr\"},\"image\":{\"@id\":\"https:\/\/sport-index.fr\/blog\/#\/schema\/logo\/image\/\"}},{\"@type\":\"Person\",\"@id\":\"https:\/\/sport-index.fr\/blog\/#\/schema\/person\/3c864cdc320801e3db34b663e7e3f816\",\"name\":\"Axel Lauzier\",\"image\":{\"@type\":\"ImageObject\",\"inLanguage\":\"fr-FR\",\"@id\":\"https:\/\/sport-index.fr\/blog\/#\/schema\/person\/image\/\",\"url\":\"https:\/\/sport-index.fr\/blog\/wp-content\/uploads\/2026\/06\/persona_axel-l-96x96.jpg\",\"contentUrl\":\"https:\/\/sport-index.fr\/blog\/wp-content\/uploads\/2026\/06\/persona_axel-l-96x96.jpg\",\"caption\":\"Axel Lauzier\"},\"description\":\"Le sport rythme mon quotidien depuis l'enfance, et j'en ai fait mon m\u00e9tier d'analyste r\u00e9dactionnel il y a une dizaine d'ann\u00e9es. Je couvre principalement le football, son actualit\u00e9, ses transferts et l'analyse tactique des grandes affiches, mais aussi les disciplines plus confidentielles que j'aime remettre en lumi\u00e8re. Une partie de mon travail porte sur les pronostics et la lecture statistique d'un match : forme des \u00e9quipes, historique des confrontations, compositions, sans jamais vendre de fausse certitude. Je rappelle syst\u00e9matiquement que parier comporte un risque et doit rester un loisir ma\u00eetris\u00e9. Avant de signer une analyse, je v\u00e9rifie mes chiffres, je recoupe les compositions probables et je distingue toujours la donn\u00e9e brute de l'intuition. Mon objectif : offrir une lecture honn\u00eate et argument\u00e9e, pas un ticket gagnant garanti.\",\"sameAs\":[\"https:\/\/axellauzier.fr\/\"],\"url\":\"https:\/\/sport-index.fr\/blog\/auteur\/noname\/\"}]}<\/script>\n<!-- \/ Yoast SEO Premium plugin. -->","yoast_head_json":{"title":"Jean-No\u00ebl Spitzer suspendu : r\u00e9action \u00e0 chaud","description":"Une suspension qui secoue le monde du rugby Jean-No\u00ebl Spitzer, l'entra\u00eeneur du Rugby Club Vannes, a \u00e9t\u00e9 suspendu pour une dur\u00e9e de deux semaines par la\u2026","robots":{"index":"index","follow":"follow","max-snippet":"max-snippet:-1","max-image-preview":"max-image-preview:large","max-video-preview":"max-video-preview:-1"},"canonical":"https:\/\/sport-index.fr\/blog\/a-la-une\/jean-noel-spitzer-suspendu-reaction-a-chaud-sur-larbitrage-du-rugby\/","og_locale":"fr_FR","og_type":"article","og_title":"Jean-No\u00ebl Spitzer suspendu : r\u00e9action \u00e0 chaud","og_description":"Une suspension qui secoue le monde du rugby Jean-No\u00ebl Spitzer, l'entra\u00eeneur du Rugby Club Vannes, a \u00e9t\u00e9 suspendu pour une dur\u00e9e de deux semaines par la\u2026","og_url":"https:\/\/sport-index.fr\/blog\/a-la-une\/jean-noel-spitzer-suspendu-reaction-a-chaud-sur-larbitrage-du-rugby\/","og_site_name":"sport-index","author":"Axel Lauzier","twitter_card":"summary_large_image","schema":{"@context":"https:\/\/schema.org","@graph":[{"@type":"NewsArticle","@id":"https:\/\/sport-index.fr\/blog\/a-la-une\/jean-noel-spitzer-suspendu-reaction-a-chaud-sur-larbitrage-du-rugby\/#article","isPartOf":{"@id":"https:\/\/sport-index.fr\/blog\/a-la-une\/jean-noel-spitzer-suspendu-reaction-a-chaud-sur-larbitrage-du-rugby\/"},"author":{"name":"Axel Lauzier","@id":"https:\/\/sport-index.fr\/blog\/#\/schema\/person\/3c864cdc320801e3db34b663e7e3f816"},"headline":"Jean-No\u00ebl Spitzer suspendu : r\u00e9action \u00e0 chaud sur l&rsquo;arbitrage du rugby","datePublished":"2025-03-20T11:01:29+00:00","mainEntityOfPage":{"@id":"https:\/\/sport-index.fr\/blog\/a-la-une\/jean-noel-spitzer-suspendu-reaction-a-chaud-sur-larbitrage-du-rugby\/"},"wordCount":653,"commentCount":27,"publisher":{"@id":"https:\/\/sport-index.fr\/blog\/#organization"},"image":{"@id":"https:\/\/sport-index.fr\/blog\/a-la-une\/jean-noel-spitzer-suspendu-reaction-a-chaud-sur-larbitrage-du-rugby\/#primaryimage"},"thumbnailUrl":"https:\/\/sport-index.fr\/blog\/wp-content\/uploads\/2025\/05\/sdxl-a074ad4be488512e3d55196a1544c7db-scaled.png","keywords":["\u00c9galit\u00e9 des Chances","Gestion Du Stress","Performance","Rugby","Top 14"],"articleSection":["\u00c0 la une"],"inLanguage":"fr-FR","potentialAction":[{"@type":"CommentAction","name":"Comment","target":["https:\/\/sport-index.fr\/blog\/a-la-une\/jean-noel-spitzer-suspendu-reaction-a-chaud-sur-larbitrage-du-rugby\/#respond"]}]},{"@type":"WebPage","@id":"https:\/\/sport-index.fr\/blog\/a-la-une\/jean-noel-spitzer-suspendu-reaction-a-chaud-sur-larbitrage-du-rugby\/","url":"https:\/\/sport-index.fr\/blog\/a-la-une\/jean-noel-spitzer-suspendu-reaction-a-chaud-sur-larbitrage-du-rugby\/","name":"Jean-No\u00ebl Spitzer suspendu : r\u00e9action \u00e0 chaud","isPartOf":{"@id":"https:\/\/sport-index.fr\/blog\/#website"},"primaryImageOfPage":{"@id":"https:\/\/sport-index.fr\/blog\/a-la-une\/jean-noel-spitzer-suspendu-reaction-a-chaud-sur-larbitrage-du-rugby\/#primaryimage"},"image":{"@id":"https:\/\/sport-index.fr\/blog\/a-la-une\/jean-noel-spitzer-suspendu-reaction-a-chaud-sur-larbitrage-du-rugby\/#primaryimage"},"thumbnailUrl":"https:\/\/sport-index.fr\/blog\/wp-content\/uploads\/2025\/05\/sdxl-a074ad4be488512e3d55196a1544c7db-scaled.png","datePublished":"2025-03-20T11:01:29+00:00","description":"Une suspension qui secoue le monde du rugby Jean-No\u00ebl Spitzer, l'entra\u00eeneur du Rugby Club Vannes, a \u00e9t\u00e9 suspendu pour une dur\u00e9e de deux semaines par la\u2026","inLanguage":"fr-FR","potentialAction":[{"@type":"ReadAction","target":["https:\/\/sport-index.fr\/blog\/a-la-une\/jean-noel-spitzer-suspendu-reaction-a-chaud-sur-larbitrage-du-rugby\/"]}]},{"@type":"ImageObject","inLanguage":"fr-FR","@id":"https:\/\/sport-index.fr\/blog\/a-la-une\/jean-noel-spitzer-suspendu-reaction-a-chaud-sur-larbitrage-du-rugby\/#primaryimage","url":"https:\/\/sport-index.fr\/blog\/wp-content\/uploads\/2025\/05\/sdxl-a074ad4be488512e3d55196a1544c7db-scaled.png","contentUrl":"https:\/\/sport-index.fr\/blog\/wp-content\/uploads\/2025\/05\/sdxl-a074ad4be488512e3d55196a1544c7db-scaled.png","width":1200,"height":500},{"@type":"WebSite","@id":"https:\/\/sport-index.fr\/blog\/#website","url":"https:\/\/sport-index.fr\/blog\/","name":"sport-index.fr","description":"Le score de l\u2019analyse sportive.","publisher":{"@id":"https:\/\/sport-index.fr\/blog\/#organization"},"alternateName":"Le score de l\u2019analyse sportive.","potentialAction":[{"@type":"SearchAction","target":{"@type":"EntryPoint","urlTemplate":"https:\/\/sport-index.fr\/blog\/?s={search_term_string}"},"query-input":{"@type":"PropertyValueSpecification","valueRequired":true,"valueName":"search_term_string"}}],"inLanguage":"fr-FR"},{"@type":"Organization","@id":"https:\/\/sport-index.fr\/blog\/#organization","name":"Foretsensations.fr","url":"https:\/\/sport-index.fr\/blog\/","logo":{"@type":"ImageObject","inLanguage":"fr-FR","@id":"https:\/\/sport-index.fr\/blog\/#\/schema\/logo\/image\/","url":"https:\/\/sport-index.fr\/blog\/wp-content\/uploads\/2026\/07\/logo-auto.png","contentUrl":"https:\/\/sport-index.fr\/blog\/wp-content\/uploads\/2026\/07\/logo-auto.png","width":1024,"height":1024,"caption":"Foretsensations.fr"},"image":{"@id":"https:\/\/sport-index.fr\/blog\/#\/schema\/logo\/image\/"}},{"@type":"Person","@id":"https:\/\/sport-index.fr\/blog\/#\/schema\/person\/3c864cdc320801e3db34b663e7e3f816","name":"Axel Lauzier","image":{"@type":"ImageObject","inLanguage":"fr-FR","@id":"https:\/\/sport-index.fr\/blog\/#\/schema\/person\/image\/","url":"https:\/\/sport-index.fr\/blog\/wp-content\/uploads\/2026\/06\/persona_axel-l-96x96.jpg","contentUrl":"https:\/\/sport-index.fr\/blog\/wp-content\/uploads\/2026\/06\/persona_axel-l-96x96.jpg","caption":"Axel Lauzier"},"description":"Le sport rythme mon quotidien depuis l'enfance, et j'en ai fait mon m\u00e9tier d'analyste r\u00e9dactionnel il y a une dizaine d'ann\u00e9es. Je couvre principalement le football, son actualit\u00e9, ses transferts et l'analyse tactique des grandes affiches, mais aussi les disciplines plus confidentielles que j'aime remettre en lumi\u00e8re. Une partie de mon travail porte sur les pronostics et la lecture statistique d'un match : forme des \u00e9quipes, historique des confrontations, compositions, sans jamais vendre de fausse certitude. Je rappelle syst\u00e9matiquement que parier comporte un risque et doit rester un loisir ma\u00eetris\u00e9. Avant de signer une analyse, je v\u00e9rifie mes chiffres, je recoupe les compositions probables et je distingue toujours la donn\u00e9e brute de l'intuition. Mon objectif : offrir une lecture honn\u00eate et argument\u00e9e, pas un ticket gagnant garanti.","sameAs":["https:\/\/axellauzier.fr\/"],"url":"https:\/\/sport-index.fr\/blog\/auteur\/noname\/"}]}},"_links":{"self":[{"href":"https:\/\/sport-index.fr\/blog\/wp-json\/wp\/v2\/posts\/12284","targetHints":{"allow":["GET"]}}],"collection":[{"href":"https:\/\/sport-index.fr\/blog\/wp-json\/wp\/v2\/posts"}],"about":[{"href":"https:\/\/sport-index.fr\/blog\/wp-json\/wp\/v2\/types\/post"}],"author":[{"embeddable":true,"href":"https:\/\/sport-index.fr\/blog\/wp-json\/wp\/v2\/users\/34"}],"replies":[{"embeddable":true,"href":"https:\/\/sport-index.fr\/blog\/wp-json\/wp\/v2\/comments?post=12284"}],"version-history":[{"count":1,"href":"https:\/\/sport-index.fr\/blog\/wp-json\/wp\/v2\/posts\/12284\/revisions"}],"predecessor-version":[{"id":12292,"href":"https:\/\/sport-index.fr\/blog\/wp-json\/wp\/v2\/posts\/12284\/revisions\/12292"}],"wp:featuredmedia":[{"embeddable":true,"href":"https:\/\/sport-index.fr\/blog\/wp-json\/wp\/v2\/media\/15930"}],"wp:attachment":[{"href":"https:\/\/sport-index.fr\/blog\/wp-json\/wp\/v2\/media?parent=12284"}],"wp:term":[{"taxonomy":"category","embeddable":true,"href":"https:\/\/sport-index.fr\/blog\/wp-json\/wp\/v2\/categories?post=12284"},{"taxonomy":"post_tag","embeddable":true,"href":"https:\/\/sport-index.fr\/blog\/wp-json\/wp\/v2\/tags?post=12284"}],"curies":[{"name":"wp","href":"https:\/\/api.w.org\/{rel}","templated":true}]}}