{"id":12287,"date":"2026-06-16T14:51:11","date_gmt":"2026-06-16T12:51:11","guid":{"rendered":"https:\/\/sport-index.fr\/blog\/?p=12287"},"modified":"2026-06-16T14:51:11","modified_gmt":"2026-06-16T12:51:11","slug":"un-hommage-a-eddie-jordan-lirlandais-qui-a-marque-le-rugby-et-la-formule-1","status":"publish","type":"post","link":"https:\/\/sport-index.fr\/blog\/a-la-une\/un-hommage-a-eddie-jordan-lirlandais-qui-a-marque-le-rugby-et-la-formule-1\/","title":{"rendered":"Un hommage \u00e0 Eddie Jordan : l&rsquo;irlandais qui a marqu\u00e9 le rugby et la Formule 1"},"content":{"rendered":"<link rel=\"stylesheet\" href=\"https:\/\/fonts.googleapis.com\/css2?family=Newsreader:ital,opsz,wght@0,6..72,500..700;1,6..72,500..600&#038;family=Inter:wght@400;500;600&#038;family=JetBrains+Mono:wght@500&#038;display=swap\">\n<style>\n.sin-news-wrap{font-family:'Inter',-apple-system,sans-serif;color:#23252b;line-height:1.65;font-size:17px;max-width:760px;margin:0 auto}\n.sin-news-wrap h2{font-family:'Newsreader',Georgia,serif;font-weight:700;font-size:clamp(24px,3.2vw,33px);line-height:1.2;letter-spacing:-.01em;color:#16181d;margin:46px 0 16px}\n.sin-news-wrap p{margin:0 0 18px}\n.sin-news-lead{font-family:'Newsreader',Georgia,serif;font-size:clamp(19px,2.4vw,22px);line-height:1.5;color:#3a3d45;font-style:italic;margin:0 0 8px}\n.sin-news-dateline{font-family:'JetBrains Mono',monospace;font-size:12.5px;letter-spacing:.06em;text-transform:uppercase;color:#8a5a18;margin:0 0 26px;display:flex;align-items:center;gap:10px}\n.sin-news-dateline::before{content:\"\";width:26px;height:2px;background:#b5751f;display:inline-block}\n.sin-news-ess{background:#fbf6ee;border-left:5px solid #b5751f;border-radius:0 10px 10px 0;padding:22px 26px;margin:0 0 38px;box-shadow:0 1px 2px rgba(16,24,40,.05),0 12px 28px -18px rgba(16,24,40,.22)}\n.sin-news-ess .sin-news-kick{font-family:'JetBrains Mono',monospace;font-size:12px;letter-spacing:.08em;text-transform:uppercase;color:#b5751f;margin-bottom:12px}\n.sin-news-ess ul{margin:0;padding:0;list-style:none}\n.sin-news-ess li{position:relative;padding:7px 0 7px 26px;border-bottom:1px solid #efe4d2}\n.sin-news-ess li:last-child{border-bottom:none}\n.sin-news-ess li::before{content:\"\";position:absolute;left:2px;top:15px;width:9px;height:9px;border-radius:50%;background:#b5751f}\n.sin-news-ess li b{color:#16181d}\n.sin-news-quote{border:none;margin:38px 0;padding:0 0 0 28px;border-left:3px solid #b5751f}\n.sin-news-quote p{font-family:'Newsreader',Georgia,serif;font-style:italic;font-size:clamp(20px,2.6vw,25px);line-height:1.45;color:#2a2c33;margin:0}\n.sin-news-grid{display:grid;grid-template-columns:repeat(auto-fit,minmax(230px,1fr));gap:20px;margin:30px 0}\n.sin-news-card{background:#fff;border:1px solid #e7e3da;border-top:3px solid #b5751f;border-radius:10px;padding:20px 22px;transition:.25s ease;box-shadow:0 1px 2px rgba(16,24,40,.05)}\n.sin-news-card:hover{transform:translateY(-3px);box-shadow:0 1px 2px rgba(16,24,40,.05),0 16px 32px -18px rgba(16,24,40,.3)}\n.sin-news-card .sin-news-ct{font-family:'Newsreader',Georgia,serif;font-weight:600;font-size:19px;color:#16181d;margin-bottom:8px}\n.sin-news-card .sin-news-cx{font-size:15px;color:#4a4d55;line-height:1.55}\n.sin-news-retenir{background:#16181d;color:#f3efe7;border-radius:12px;padding:26px 30px;margin:42px 0}\n.sin-news-retenir .sin-news-kick{font-family:'JetBrains Mono',monospace;font-size:12px;letter-spacing:.08em;text-transform:uppercase;color:#e0a44a;margin-bottom:14px}\n.sin-news-retenir ul{margin:0;padding:0;list-style:none}\n.sin-news-retenir li{position:relative;padding:8px 0 8px 24px;font-size:15.5px;border-bottom:1px solid rgba(255,255,255,.08)}\n.sin-news-retenir li:last-child{border-bottom:none}\n.sin-news-retenir li::before{content:\"\u2014\";position:absolute;left:0;color:#e0a44a}\n.sin-news-faq{margin:34px 0}\n.sin-news-faq details{border:1px solid #e7e3da;border-radius:10px;padding:0;margin-bottom:12px;background:#fff;transition:.25s ease}\n.sin-news-faq details[open]{border-color:#b5751f;box-shadow:0 10px 26px -18px rgba(16,24,40,.3)}\n.sin-news-faq summary{cursor:pointer;list-style:none;padding:16px 20px;font-family:'Newsreader',Georgia,serif;font-weight:600;font-size:18px;color:#16181d;display:flex;justify-content:space-between;align-items:center;gap:14px}\n.sin-news-faq summary::-webkit-details-marker{display:none}\n.sin-news-faq summary::after{content:\"+\";font-family:'JetBrains Mono',monospace;color:#b5751f;font-size:22px;line-height:1}\n.sin-news-faq details[open] summary::after{content:\"\u2013\"}\n.sin-news-faq .sin-news-fa{padding:0 20px 18px;font-size:15.5px;color:#4a4d55;line-height:1.6}\n\/*RENDERFIX2*\/.sin-news-retenir{color:#eef3f9!important}.sin-news-retenir p,.sin-news-retenir li,.sin-news-retenir strong,.sin-news-retenir em,.sin-news-retenir a,.sin-news-retenir span,.sin-news-retenir b,.sin-news-retenir td,.sin-news-retenir th,.sin-news-retenir h2,.sin-news-retenir h3,.sin-news-retenir h4{color:#eef3f9!important}.sin-news-retenir strong,.sin-news-retenir b{color:#ffffff!important}<\/style>\n<div class=\"sin-news-wrap\">\n<div class=\"sin-news-dateline\">Hommage &middot; Sport automobile &amp; rugby<\/div>\n<p class=\"sin-news-lead\">Figure du sport automobile devenu repreneur de club de rugby, Eddie Jordan s&rsquo;est \u00e9teint \u00e0 l&rsquo;\u00e2ge de 76 ans. Retour sur le parcours d&rsquo;un homme qui aura marqu\u00e9 deux disciplines tr\u00e8s diff\u00e9rentes, de la Formule 1 \u00e0 l&rsquo;AS B\u00e9ziers H\u00e9rault.<\/p>\n<div class=\"sin-news-ess\">\n<div class=\"sin-news-kick\">L&rsquo;essentiel<\/div>\n<ul>\n<li><b>Quoi \u2014<\/b> Eddie Jordan, ancien propri\u00e9taire d&rsquo;\u00e9curie de Formule 1 et repreneur de l&rsquo;AS B\u00e9ziers H\u00e9rault, est d\u00e9c\u00e9d\u00e9.<\/li>\n<li><b>Qui \/ Quand \u2014<\/b> \u00c0 l&rsquo;\u00e2ge de 76 ans, des suites d&rsquo;un cancer de la prostate, entour\u00e9 de ses proches. D\u00e9c\u00e8s annonc\u00e9 par sa famille via l&rsquo;AFP.<\/li>\n<li><b>Pourquoi \u00e7a compte \u2014<\/b> Il avait fond\u00e9 Jordan Grand Prix en 1991 et donn\u00e9 son premier volant en F1 \u00e0 Michael Schumacher, avant de se tourner vers le rugby.<\/li>\n<\/ul>\n<\/div>\n<h2>Un parcours exceptionnel dans le monde du sport<\/h2>\n<p>Eddie Jordan a su marquer l&rsquo;histoire du sport, tant dans le domaine de la Formule 1 que du rugby. Il est devenu une figure embl\u00e9matique en cr\u00e9ant sa propre \u00e9curie, Jordan Grand Prix, en 1991. Son audace a permis de r\u00e9v\u00e9ler des talents, notamment un jeune Michael Schumacher, qui a fait ses d\u00e9buts sous sa direction.<\/p>\n<p>Apr\u00e8s avoir connu le succ\u00e8s en Formule 1, Eddie Jordan a d\u00e9cid\u00e9 de se tourner vers le rugby, un sport qu&rsquo;il admirait profond\u00e9ment. En novembre dernier, il a acquis l&rsquo;AS B\u00e9ziers H\u00e9rault (ASBH) avec un groupe d&rsquo;investisseurs, souhaitant insuffler une nouvelle dynamique au club. Son engagement pour le rugby t\u00e9moignait de sa passion pour le sport et de son d\u00e9sir de contribuer \u00e0 son d\u00e9veloppement.<\/p>\n<div class=\"sin-news-grid\">\n<div class=\"sin-news-card\">\n<div class=\"sin-news-ct\">La Formule 1<\/div>\n<div class=\"sin-news-cx\">Fondateur de Jordan Grand Prix en 1991, il a su r\u00e9v\u00e9ler de jeunes pilotes et donner sa chance \u00e0 Michael Schumacher.<\/div>\n<\/div>\n<div class=\"sin-news-card\">\n<div class=\"sin-news-ct\">Le rugby<\/div>\n<div class=\"sin-news-cx\">Repreneur de l&rsquo;AS B\u00e9ziers H\u00e9rault en novembre dernier, il voulait redonner une dynamique au club biterrois.<\/div>\n<\/div>\n<\/div>\n<h2>Une perte immense pour le rugby et la communaut\u00e9 sportive<\/h2>\n<p>Le d\u00e9c\u00e8s d&rsquo;Eddie Jordan \u00e0 l&rsquo;\u00e2ge de 76 ans a plong\u00e9 le monde du rugby dans un profond chagrin. La nouvelle de sa mort, annonc\u00e9e par l&rsquo;AFP, a \u00e9t\u00e9 accueillie avec une grande tristesse par les fans et les acteurs du rugby. Son combat contre le cancer de la prostate nous rappelle la fragilit\u00e9 de la vie, m\u00eame pour des figures aussi charismatiques.<\/p>\n<p>La famille d&rsquo;Eddie a confirm\u00e9 qu&rsquo;il \u00e9tait entour\u00e9 de ses proches lors de son dernier souffle. Sa passion pour le rugby et sa volont\u00e9 de faire grandir le club de B\u00e9ziers resteront grav\u00e9es dans les m\u00e9moires. Il avait \u00e0 c\u0153ur de rassembler des investisseurs et d&rsquo;anciennes gloires du rugby, comme Andrew Mehrtens, pour redynamiser le club.<\/p>\n<blockquote class=\"sin-news-quote\">\n<p lang=\"fr\" dir=\"ltr\">\u00ab\u00a0L&rsquo;ancien propri\u00e9taire d&rsquo;\u00e9curie de Formule 1 Eddie Jordan, qui avait donn\u00e9 son premier volant en F1 \u00e0 Michael Schumacher, est d\u00e9c\u00e9d\u00e9 \u00e0 l&rsquo;\u00e2ge de 76 ans des suites d&rsquo;un cancer de la prostate\u00a0\u00bb, a annonc\u00e9 sa famille.<\/p>\n<\/blockquote>\n<h2>Un h\u00e9ritage inoubliable et des projets d&rsquo;avenir<\/h2>\n<p>Eddie Jordan laisse derri\u00e8re lui un h\u00e9ritage riche et vari\u00e9, marqu\u00e9 par son influence dans le sport automobile et le rugby. Son projet de cr\u00e9er un groupe autour du rugby, inspir\u00e9 des mod\u00e8les de succ\u00e8s dans le football, t\u00e9moigne de sa vision innovante. Il souhaitait b\u00e2tir une structure solide pour l&rsquo;ASBH, capable d&rsquo;attirer des talents et des sponsors.<\/p>\n<p>En se lan\u00e7ant dans cette aventure, Eddie Jordan a voulu apporter une nouvelle approche au rugby professionnel. Son r\u00eave \u00e9tait de voir le club biterrois briller sur la sc\u00e8ne nationale et internationale. Son d\u00e9part pr\u00e9matur\u00e9 nous rappelle l&rsquo;importance de poursuivre ses passions et d&rsquo;encourager les r\u00eaves des g\u00e9n\u00e9rations futures.<\/p>\n<p>Eddie Jordan restera dans les m\u00e9moires comme un homme passionn\u00e9, un leader charismatique et un innovateur. Sa capacit\u00e9 \u00e0 transformer des r\u00eaves en r\u00e9alit\u00e9 a marqu\u00e9 des g\u00e9n\u00e9rations de sportifs. Nous lui rendons hommage et nous nous engageons \u00e0 porter son h\u00e9ritage avec fiert\u00e9.<\/p>\n<div class=\"sin-news-retenir\">\n<div class=\"sin-news-kick\">\u00c0 retenir<\/div>\n<ul>\n<li>Cr\u00e9ation de Jordan Grand Prix en 1991<\/li>\n<li>Propri\u00e9taire de l&rsquo;ASBH depuis novembre 2024<\/li>\n<li>Engagement pour la revitalisation du rugby en France<\/li>\n<li>Premi\u00e8re personne \u00e0 donner sa chance \u00e0 Michael Schumacher<\/li>\n<li>Un visionnaire du sport, tant en F1 qu&rsquo;en rugby<\/li>\n<\/ul>\n<\/div>\n<div class=\"sin-news-faq\">\n<details>\n<summary>Qui \u00e9tait Eddie Jordan ?<\/summary>\n<div class=\"sin-news-fa\">Eddie Jordan \u00e9tait l&rsquo;ancien propri\u00e9taire d&rsquo;une \u00e9curie de Formule 1, fondateur de Jordan Grand Prix en 1991, devenu plus r\u00e9cemment repreneur du club de rugby de l&rsquo;AS B\u00e9ziers H\u00e9rault.<\/div>\n<\/details>\n<details>\n<summary>De quoi Eddie Jordan est-il d\u00e9c\u00e9d\u00e9 ?<\/summary>\n<div class=\"sin-news-fa\">Selon l&rsquo;annonce faite par sa famille, Eddie Jordan est d\u00e9c\u00e9d\u00e9 \u00e0 l&rsquo;\u00e2ge de 76 ans des suites d&rsquo;un cancer de la prostate, entour\u00e9 de ses proches.<\/div>\n<\/details>\n<details>\n<summary>Quel est le lien entre Eddie Jordan et Michael Schumacher ?<\/summary>\n<div class=\"sin-news-fa\">Eddie Jordan a donn\u00e9 \u00e0 Michael Schumacher son premier volant en Formule 1 : le pilote allemand a fait ses d\u00e9buts sous la direction de l&rsquo;\u00e9curie Jordan Grand Prix.<\/div>\n<\/details>\n<details>\n<summary>Quel club de rugby Eddie Jordan avait-il repris ?<\/summary>\n<div class=\"sin-news-fa\">Il avait acquis l&rsquo;AS B\u00e9ziers H\u00e9rault (ASBH) en novembre dernier, avec un groupe d&rsquo;investisseurs, dans l&rsquo;objectif de redynamiser le club biterrois.<\/div>\n<\/details>\n<\/div>\n<\/div>\n","protected":false},"excerpt":{"rendered":"","protected":false},"author":34,"featured_media":16121,"comment_status":"open","ping_status":"open","sticky":false,"template":"","format":"standard","meta":{"_acf_changed":false,"manual_indexmenow":false,"indexmenow_id_project":0,"footnotes":""},"categories":[1],"tags":[5251,4685,4561,4543,4536],"class_list":["post-12287","post","type-post","status-publish","format-standard","has-post-thumbnail","hentry","category-a-la-une","tag-as-beziers-herault","tag-evenements-sportifs","tag-gestion-des-talents","tag-performance","tag-rugby","generate-columns","tablet-grid-50","mobile-grid-100","grid-parent","grid-25"],"acf":[],"yoast_head":"<!-- This site is optimized with the Yoast SEO Premium plugin v21.3 (Yoast SEO v26.5) - https:\/\/yoast.com\/wordpress\/plugins\/seo\/ -->\n<title>Un hommage \u00e0 Eddie Jordan : l&#039;irlandais qui a marqu\u00e9<\/title>\n<meta name=\"description\" content=\"Hommage \u00b7 Sport automobile &amp; rugby Figure du sport automobile devenu repreneur de club de rugby, Eddie Jordan s&#039;est \u00e9teint \u00e0 l&#039;\u00e2ge de 76 ans. Retour sur\u2026\" \/>\n<meta name=\"robots\" content=\"index, follow, max-snippet:-1, max-image-preview:large, max-video-preview:-1\" \/>\n<link rel=\"canonical\" href=\"https:\/\/sport-index.fr\/blog\/a-la-une\/un-hommage-a-eddie-jordan-lirlandais-qui-a-marque-le-rugby-et-la-formule-1\/\" \/>\n<meta property=\"og:locale\" content=\"fr_FR\" \/>\n<meta property=\"og:type\" content=\"article\" \/>\n<meta property=\"og:title\" content=\"Un hommage \u00e0 Eddie Jordan : l&#039;irlandais qui a marqu\u00e9\" \/>\n<meta property=\"og:description\" content=\"Hommage \u00b7 Sport automobile &amp; rugby Figure du sport automobile devenu repreneur de club de rugby, Eddie Jordan s&#039;est \u00e9teint \u00e0 l&#039;\u00e2ge de 76 ans. Retour sur\u2026\" \/>\n<meta property=\"og:url\" content=\"https:\/\/sport-index.fr\/blog\/a-la-une\/un-hommage-a-eddie-jordan-lirlandais-qui-a-marque-le-rugby-et-la-formule-1\/\" \/>\n<meta property=\"og:site_name\" content=\"sport-index\" \/>\n<meta name=\"author\" content=\"Axel Lauzier\" \/>\n<meta name=\"twitter:card\" content=\"summary_large_image\" \/>\n<script type=\"application\/ld+json\" class=\"yoast-schema-graph\">{\"@context\":\"https:\/\/schema.org\",\"@graph\":[{\"@type\":\"NewsArticle\",\"@id\":\"https:\/\/sport-index.fr\/blog\/a-la-une\/un-hommage-a-eddie-jordan-lirlandais-qui-a-marque-le-rugby-et-la-formule-1\/#article\",\"isPartOf\":{\"@id\":\"https:\/\/sport-index.fr\/blog\/a-la-une\/un-hommage-a-eddie-jordan-lirlandais-qui-a-marque-le-rugby-et-la-formule-1\/\"},\"author\":{\"name\":\"Axel Lauzier\",\"@id\":\"https:\/\/sport-index.fr\/blog\/#\/schema\/person\/3c864cdc320801e3db34b663e7e3f816\"},\"headline\":\"Un hommage \u00e0 Eddie Jordan : l&rsquo;irlandais qui a marqu\u00e9 le rugby et la Formule 1\",\"datePublished\":\"2026-06-16T12:51:11+00:00\",\"mainEntityOfPage\":{\"@id\":\"https:\/\/sport-index.fr\/blog\/a-la-une\/un-hommage-a-eddie-jordan-lirlandais-qui-a-marque-le-rugby-et-la-formule-1\/\"},\"wordCount\":881,\"commentCount\":19,\"publisher\":{\"@id\":\"https:\/\/sport-index.fr\/blog\/#organization\"},\"image\":{\"@id\":\"https:\/\/sport-index.fr\/blog\/a-la-une\/un-hommage-a-eddie-jordan-lirlandais-qui-a-marque-le-rugby-et-la-formule-1\/#primaryimage\"},\"thumbnailUrl\":\"https:\/\/sport-index.fr\/blog\/wp-content\/uploads\/2025\/05\/sdxl-7e2bf90b883b9641e34142684ea8e8af-scaled.png\",\"keywords\":[\"AS B\u00e9ziers H\u00e9rault\",\"\u00c9v\u00e9nements Sportifs\",\"Gestion des Talents\",\"Performance\",\"Rugby\"],\"articleSection\":[\"\u00c0 la une\"],\"inLanguage\":\"fr-FR\",\"potentialAction\":[{\"@type\":\"CommentAction\",\"name\":\"Comment\",\"target\":[\"https:\/\/sport-index.fr\/blog\/a-la-une\/un-hommage-a-eddie-jordan-lirlandais-qui-a-marque-le-rugby-et-la-formule-1\/#respond\"]}]},{\"@type\":\"WebPage\",\"@id\":\"https:\/\/sport-index.fr\/blog\/a-la-une\/un-hommage-a-eddie-jordan-lirlandais-qui-a-marque-le-rugby-et-la-formule-1\/\",\"url\":\"https:\/\/sport-index.fr\/blog\/a-la-une\/un-hommage-a-eddie-jordan-lirlandais-qui-a-marque-le-rugby-et-la-formule-1\/\",\"name\":\"Un hommage \u00e0 Eddie Jordan : l'irlandais qui a marqu\u00e9\",\"isPartOf\":{\"@id\":\"https:\/\/sport-index.fr\/blog\/#website\"},\"primaryImageOfPage\":{\"@id\":\"https:\/\/sport-index.fr\/blog\/a-la-une\/un-hommage-a-eddie-jordan-lirlandais-qui-a-marque-le-rugby-et-la-formule-1\/#primaryimage\"},\"image\":{\"@id\":\"https:\/\/sport-index.fr\/blog\/a-la-une\/un-hommage-a-eddie-jordan-lirlandais-qui-a-marque-le-rugby-et-la-formule-1\/#primaryimage\"},\"thumbnailUrl\":\"https:\/\/sport-index.fr\/blog\/wp-content\/uploads\/2025\/05\/sdxl-7e2bf90b883b9641e34142684ea8e8af-scaled.png\",\"datePublished\":\"2026-06-16T12:51:11+00:00\",\"description\":\"Hommage \u00b7 Sport automobile & rugby Figure du sport automobile devenu repreneur de club de rugby, Eddie Jordan s'est \u00e9teint \u00e0 l'\u00e2ge de 76 ans. Retour sur\u2026\",\"inLanguage\":\"fr-FR\",\"potentialAction\":[{\"@type\":\"ReadAction\",\"target\":[\"https:\/\/sport-index.fr\/blog\/a-la-une\/un-hommage-a-eddie-jordan-lirlandais-qui-a-marque-le-rugby-et-la-formule-1\/\"]}]},{\"@type\":\"ImageObject\",\"inLanguage\":\"fr-FR\",\"@id\":\"https:\/\/sport-index.fr\/blog\/a-la-une\/un-hommage-a-eddie-jordan-lirlandais-qui-a-marque-le-rugby-et-la-formule-1\/#primaryimage\",\"url\":\"https:\/\/sport-index.fr\/blog\/wp-content\/uploads\/2025\/05\/sdxl-7e2bf90b883b9641e34142684ea8e8af-scaled.png\",\"contentUrl\":\"https:\/\/sport-index.fr\/blog\/wp-content\/uploads\/2025\/05\/sdxl-7e2bf90b883b9641e34142684ea8e8af-scaled.png\",\"width\":1200,\"height\":500},{\"@type\":\"WebSite\",\"@id\":\"https:\/\/sport-index.fr\/blog\/#website\",\"url\":\"https:\/\/sport-index.fr\/blog\/\",\"name\":\"sport-index.fr\",\"description\":\"Le score de l\u2019analyse sportive.\",\"publisher\":{\"@id\":\"https:\/\/sport-index.fr\/blog\/#organization\"},\"alternateName\":\"Le score de l\u2019analyse sportive.\",\"potentialAction\":[{\"@type\":\"SearchAction\",\"target\":{\"@type\":\"EntryPoint\",\"urlTemplate\":\"https:\/\/sport-index.fr\/blog\/?s={search_term_string}\"},\"query-input\":{\"@type\":\"PropertyValueSpecification\",\"valueRequired\":true,\"valueName\":\"search_term_string\"}}],\"inLanguage\":\"fr-FR\"},{\"@type\":\"Organization\",\"@id\":\"https:\/\/sport-index.fr\/blog\/#organization\",\"name\":\"Foretsensations.fr\",\"url\":\"https:\/\/sport-index.fr\/blog\/\",\"logo\":{\"@type\":\"ImageObject\",\"inLanguage\":\"fr-FR\",\"@id\":\"https:\/\/sport-index.fr\/blog\/#\/schema\/logo\/image\/\",\"url\":\"https:\/\/sport-index.fr\/blog\/wp-content\/uploads\/2026\/07\/logo-auto.png\",\"contentUrl\":\"https:\/\/sport-index.fr\/blog\/wp-content\/uploads\/2026\/07\/logo-auto.png\",\"width\":1024,\"height\":1024,\"caption\":\"Foretsensations.fr\"},\"image\":{\"@id\":\"https:\/\/sport-index.fr\/blog\/#\/schema\/logo\/image\/\"}},{\"@type\":\"Person\",\"@id\":\"https:\/\/sport-index.fr\/blog\/#\/schema\/person\/3c864cdc320801e3db34b663e7e3f816\",\"name\":\"Axel Lauzier\",\"image\":{\"@type\":\"ImageObject\",\"inLanguage\":\"fr-FR\",\"@id\":\"https:\/\/sport-index.fr\/blog\/#\/schema\/person\/image\/\",\"url\":\"https:\/\/sport-index.fr\/blog\/wp-content\/uploads\/2026\/06\/persona_axel-l-96x96.jpg\",\"contentUrl\":\"https:\/\/sport-index.fr\/blog\/wp-content\/uploads\/2026\/06\/persona_axel-l-96x96.jpg\",\"caption\":\"Axel Lauzier\"},\"description\":\"Le sport rythme mon quotidien depuis l'enfance, et j'en ai fait mon m\u00e9tier d'analyste r\u00e9dactionnel il y a une dizaine d'ann\u00e9es. Je couvre principalement le football, son actualit\u00e9, ses transferts et l'analyse tactique des grandes affiches, mais aussi les disciplines plus confidentielles que j'aime remettre en lumi\u00e8re. Une partie de mon travail porte sur les pronostics et la lecture statistique d'un match : forme des \u00e9quipes, historique des confrontations, compositions, sans jamais vendre de fausse certitude. Je rappelle syst\u00e9matiquement que parier comporte un risque et doit rester un loisir ma\u00eetris\u00e9. Avant de signer une analyse, je v\u00e9rifie mes chiffres, je recoupe les compositions probables et je distingue toujours la donn\u00e9e brute de l'intuition. Mon objectif : offrir une lecture honn\u00eate et argument\u00e9e, pas un ticket gagnant garanti.\",\"sameAs\":[\"https:\/\/axellauzier.fr\/\"],\"url\":\"https:\/\/sport-index.fr\/blog\/auteur\/noname\/\"}]}<\/script>\n<!-- \/ Yoast SEO Premium plugin. -->","yoast_head_json":{"title":"Un hommage \u00e0 Eddie Jordan : l'irlandais qui a marqu\u00e9","description":"Hommage \u00b7 Sport automobile & rugby Figure du sport automobile devenu repreneur de club de rugby, Eddie Jordan s'est \u00e9teint \u00e0 l'\u00e2ge de 76 ans. Retour sur\u2026","robots":{"index":"index","follow":"follow","max-snippet":"max-snippet:-1","max-image-preview":"max-image-preview:large","max-video-preview":"max-video-preview:-1"},"canonical":"https:\/\/sport-index.fr\/blog\/a-la-une\/un-hommage-a-eddie-jordan-lirlandais-qui-a-marque-le-rugby-et-la-formule-1\/","og_locale":"fr_FR","og_type":"article","og_title":"Un hommage \u00e0 Eddie Jordan : l'irlandais qui a marqu\u00e9","og_description":"Hommage \u00b7 Sport automobile & rugby Figure du sport automobile devenu repreneur de club de rugby, Eddie Jordan s'est \u00e9teint \u00e0 l'\u00e2ge de 76 ans. Retour sur\u2026","og_url":"https:\/\/sport-index.fr\/blog\/a-la-une\/un-hommage-a-eddie-jordan-lirlandais-qui-a-marque-le-rugby-et-la-formule-1\/","og_site_name":"sport-index","author":"Axel Lauzier","twitter_card":"summary_large_image","schema":{"@context":"https:\/\/schema.org","@graph":[{"@type":"NewsArticle","@id":"https:\/\/sport-index.fr\/blog\/a-la-une\/un-hommage-a-eddie-jordan-lirlandais-qui-a-marque-le-rugby-et-la-formule-1\/#article","isPartOf":{"@id":"https:\/\/sport-index.fr\/blog\/a-la-une\/un-hommage-a-eddie-jordan-lirlandais-qui-a-marque-le-rugby-et-la-formule-1\/"},"author":{"name":"Axel Lauzier","@id":"https:\/\/sport-index.fr\/blog\/#\/schema\/person\/3c864cdc320801e3db34b663e7e3f816"},"headline":"Un hommage \u00e0 Eddie Jordan : l&rsquo;irlandais qui a marqu\u00e9 le rugby et la Formule 1","datePublished":"2026-06-16T12:51:11+00:00","mainEntityOfPage":{"@id":"https:\/\/sport-index.fr\/blog\/a-la-une\/un-hommage-a-eddie-jordan-lirlandais-qui-a-marque-le-rugby-et-la-formule-1\/"},"wordCount":881,"commentCount":19,"publisher":{"@id":"https:\/\/sport-index.fr\/blog\/#organization"},"image":{"@id":"https:\/\/sport-index.fr\/blog\/a-la-une\/un-hommage-a-eddie-jordan-lirlandais-qui-a-marque-le-rugby-et-la-formule-1\/#primaryimage"},"thumbnailUrl":"https:\/\/sport-index.fr\/blog\/wp-content\/uploads\/2025\/05\/sdxl-7e2bf90b883b9641e34142684ea8e8af-scaled.png","keywords":["AS B\u00e9ziers H\u00e9rault","\u00c9v\u00e9nements Sportifs","Gestion des Talents","Performance","Rugby"],"articleSection":["\u00c0 la une"],"inLanguage":"fr-FR","potentialAction":[{"@type":"CommentAction","name":"Comment","target":["https:\/\/sport-index.fr\/blog\/a-la-une\/un-hommage-a-eddie-jordan-lirlandais-qui-a-marque-le-rugby-et-la-formule-1\/#respond"]}]},{"@type":"WebPage","@id":"https:\/\/sport-index.fr\/blog\/a-la-une\/un-hommage-a-eddie-jordan-lirlandais-qui-a-marque-le-rugby-et-la-formule-1\/","url":"https:\/\/sport-index.fr\/blog\/a-la-une\/un-hommage-a-eddie-jordan-lirlandais-qui-a-marque-le-rugby-et-la-formule-1\/","name":"Un hommage \u00e0 Eddie Jordan : l'irlandais qui a marqu\u00e9","isPartOf":{"@id":"https:\/\/sport-index.fr\/blog\/#website"},"primaryImageOfPage":{"@id":"https:\/\/sport-index.fr\/blog\/a-la-une\/un-hommage-a-eddie-jordan-lirlandais-qui-a-marque-le-rugby-et-la-formule-1\/#primaryimage"},"image":{"@id":"https:\/\/sport-index.fr\/blog\/a-la-une\/un-hommage-a-eddie-jordan-lirlandais-qui-a-marque-le-rugby-et-la-formule-1\/#primaryimage"},"thumbnailUrl":"https:\/\/sport-index.fr\/blog\/wp-content\/uploads\/2025\/05\/sdxl-7e2bf90b883b9641e34142684ea8e8af-scaled.png","datePublished":"2026-06-16T12:51:11+00:00","description":"Hommage \u00b7 Sport automobile & rugby Figure du sport automobile devenu repreneur de club de rugby, Eddie Jordan s'est \u00e9teint \u00e0 l'\u00e2ge de 76 ans. Retour sur\u2026","inLanguage":"fr-FR","potentialAction":[{"@type":"ReadAction","target":["https:\/\/sport-index.fr\/blog\/a-la-une\/un-hommage-a-eddie-jordan-lirlandais-qui-a-marque-le-rugby-et-la-formule-1\/"]}]},{"@type":"ImageObject","inLanguage":"fr-FR","@id":"https:\/\/sport-index.fr\/blog\/a-la-une\/un-hommage-a-eddie-jordan-lirlandais-qui-a-marque-le-rugby-et-la-formule-1\/#primaryimage","url":"https:\/\/sport-index.fr\/blog\/wp-content\/uploads\/2025\/05\/sdxl-7e2bf90b883b9641e34142684ea8e8af-scaled.png","contentUrl":"https:\/\/sport-index.fr\/blog\/wp-content\/uploads\/2025\/05\/sdxl-7e2bf90b883b9641e34142684ea8e8af-scaled.png","width":1200,"height":500},{"@type":"WebSite","@id":"https:\/\/sport-index.fr\/blog\/#website","url":"https:\/\/sport-index.fr\/blog\/","name":"sport-index.fr","description":"Le score de l\u2019analyse sportive.","publisher":{"@id":"https:\/\/sport-index.fr\/blog\/#organization"},"alternateName":"Le score de l\u2019analyse sportive.","potentialAction":[{"@type":"SearchAction","target":{"@type":"EntryPoint","urlTemplate":"https:\/\/sport-index.fr\/blog\/?s={search_term_string}"},"query-input":{"@type":"PropertyValueSpecification","valueRequired":true,"valueName":"search_term_string"}}],"inLanguage":"fr-FR"},{"@type":"Organization","@id":"https:\/\/sport-index.fr\/blog\/#organization","name":"Foretsensations.fr","url":"https:\/\/sport-index.fr\/blog\/","logo":{"@type":"ImageObject","inLanguage":"fr-FR","@id":"https:\/\/sport-index.fr\/blog\/#\/schema\/logo\/image\/","url":"https:\/\/sport-index.fr\/blog\/wp-content\/uploads\/2026\/07\/logo-auto.png","contentUrl":"https:\/\/sport-index.fr\/blog\/wp-content\/uploads\/2026\/07\/logo-auto.png","width":1024,"height":1024,"caption":"Foretsensations.fr"},"image":{"@id":"https:\/\/sport-index.fr\/blog\/#\/schema\/logo\/image\/"}},{"@type":"Person","@id":"https:\/\/sport-index.fr\/blog\/#\/schema\/person\/3c864cdc320801e3db34b663e7e3f816","name":"Axel Lauzier","image":{"@type":"ImageObject","inLanguage":"fr-FR","@id":"https:\/\/sport-index.fr\/blog\/#\/schema\/person\/image\/","url":"https:\/\/sport-index.fr\/blog\/wp-content\/uploads\/2026\/06\/persona_axel-l-96x96.jpg","contentUrl":"https:\/\/sport-index.fr\/blog\/wp-content\/uploads\/2026\/06\/persona_axel-l-96x96.jpg","caption":"Axel Lauzier"},"description":"Le sport rythme mon quotidien depuis l'enfance, et j'en ai fait mon m\u00e9tier d'analyste r\u00e9dactionnel il y a une dizaine d'ann\u00e9es. Je couvre principalement le football, son actualit\u00e9, ses transferts et l'analyse tactique des grandes affiches, mais aussi les disciplines plus confidentielles que j'aime remettre en lumi\u00e8re. Une partie de mon travail porte sur les pronostics et la lecture statistique d'un match : forme des \u00e9quipes, historique des confrontations, compositions, sans jamais vendre de fausse certitude. Je rappelle syst\u00e9matiquement que parier comporte un risque et doit rester un loisir ma\u00eetris\u00e9. Avant de signer une analyse, je v\u00e9rifie mes chiffres, je recoupe les compositions probables et je distingue toujours la donn\u00e9e brute de l'intuition. Mon objectif : offrir une lecture honn\u00eate et argument\u00e9e, pas un ticket gagnant garanti.","sameAs":["https:\/\/axellauzier.fr\/"],"url":"https:\/\/sport-index.fr\/blog\/auteur\/noname\/"}]}},"_links":{"self":[{"href":"https:\/\/sport-index.fr\/blog\/wp-json\/wp\/v2\/posts\/12287","targetHints":{"allow":["GET"]}}],"collection":[{"href":"https:\/\/sport-index.fr\/blog\/wp-json\/wp\/v2\/posts"}],"about":[{"href":"https:\/\/sport-index.fr\/blog\/wp-json\/wp\/v2\/types\/post"}],"author":[{"embeddable":true,"href":"https:\/\/sport-index.fr\/blog\/wp-json\/wp\/v2\/users\/34"}],"replies":[{"embeddable":true,"href":"https:\/\/sport-index.fr\/blog\/wp-json\/wp\/v2\/comments?post=12287"}],"version-history":[{"count":3,"href":"https:\/\/sport-index.fr\/blog\/wp-json\/wp\/v2\/posts\/12287\/revisions"}],"predecessor-version":[{"id":18214,"href":"https:\/\/sport-index.fr\/blog\/wp-json\/wp\/v2\/posts\/12287\/revisions\/18214"}],"wp:featuredmedia":[{"embeddable":true,"href":"https:\/\/sport-index.fr\/blog\/wp-json\/wp\/v2\/media\/16121"}],"wp:attachment":[{"href":"https:\/\/sport-index.fr\/blog\/wp-json\/wp\/v2\/media?parent=12287"}],"wp:term":[{"taxonomy":"category","embeddable":true,"href":"https:\/\/sport-index.fr\/blog\/wp-json\/wp\/v2\/categories?post=12287"},{"taxonomy":"post_tag","embeddable":true,"href":"https:\/\/sport-index.fr\/blog\/wp-json\/wp\/v2\/tags?post=12287"}],"curies":[{"name":"wp","href":"https:\/\/api.w.org\/{rel}","templated":true}]}}