{"id":12300,"date":"2026-06-16T14:51:30","date_gmt":"2026-06-16T12:51:30","guid":{"rendered":"https:\/\/sport-index.fr\/blog\/?p=12300"},"modified":"2026-06-16T14:51:30","modified_gmt":"2026-06-16T12:51:30","slug":"vannes-renforce-son-equipe-avec-les-arrivees-de-jeremy-davidson-et-la-prolongation-de-gorrissen","status":"publish","type":"post","link":"https:\/\/sport-index.fr\/blog\/a-la-une\/vannes-renforce-son-equipe-avec-les-arrivees-de-jeremy-davidson-et-la-prolongation-de-gorrissen\/","title":{"rendered":"Vannes renforce son \u00e9quipe avec les arriv\u00e9es de Jeremy Davidson et la prolongation de Gorrissen"},"content":{"rendered":"<link rel=\"stylesheet\" href=\"https:\/\/fonts.googleapis.com\/css2?family=Newsreader:ital,opsz,wght@0,6..72,500..700;1,6..72,500..600&#038;family=Inter:wght@400;500;600&#038;family=JetBrains+Mono:wght@500&#038;display=swap\">\n<style>\n.sportidx-actu-news-wrap{font-family:'Inter',-apple-system,BlinkMacSystemFont,sans-serif;color:#1d2733;line-height:1.65;font-size:17px;}\n.sportidx-actu-news-wrap h2{font-family:'Newsreader','Georgia',serif;font-weight:700;font-size:clamp(24px,3.2vw,33px);letter-spacing:-0.012em;color:#0f1822;line-height:1.2;margin:48px 0 14px;}\n.sportidx-actu-news-wrap p{margin:0 0 18px;}\n.sportidx-actu-news-kicker{display:inline-block;font-family:'JetBrains Mono',monospace;font-size:11px;font-weight:500;text-transform:uppercase;letter-spacing:2.4px;color:#0a7d4d;margin-bottom:10px;}\n.sportidx-actu-news-lead{font-family:'Newsreader','Georgia',serif;font-size:21px;line-height:1.5;color:#2b3947;font-weight:500;margin:6px 0 28px;}\n.sportidx-actu-news-essentiel{background:#f0faf4;border:1px solid #cfeada;border-left:5px solid #0a7d4d;border-radius:0 10px 10px 0;padding:22px 26px 24px;margin:28px 0;box-shadow:0 1px 2px rgba(16,24,40,.05),0 14px 30px -18px rgba(10,125,77,.32);}\n.sportidx-actu-news-essentiel .lbl{font-family:'JetBrains Mono',monospace;font-size:11px;font-weight:500;text-transform:uppercase;letter-spacing:2.4px;color:#0a7d4d;margin-bottom:14px;}\n.sportidx-actu-news-essentiel ul{margin:0;padding:0;list-style:none;}\n.sportidx-actu-news-essentiel li{display:flex;gap:12px;align-items:flex-start;padding:8px 0;border-bottom:1px solid #d8ede1;font-size:15.5px;line-height:1.55;color:#23303d;}\n.sportidx-actu-news-essentiel li:last-child{border-bottom:none;}\n.sportidx-actu-news-essentiel li b{flex:0 0 84px;font-family:'JetBrains Mono',monospace;font-size:11px;text-transform:uppercase;letter-spacing:1.4px;color:#0a7d4d;font-weight:500;padding-top:2px;}\n.sportidx-actu-news-grid{display:grid;grid-template-columns:repeat(auto-fit,minmax(240px,1fr));gap:16px;margin:26px 0;}\n.sportidx-actu-news-card{background:#fff;border:1px solid #e4e9ee;border-top:3px solid #0a7d4d;border-radius:8px;padding:20px 22px 18px;transition:.25s ease;box-shadow:0 1px 2px rgba(16,24,40,.05);}\n.sportidx-actu-news-card:hover{transform:translateY(-3px);box-shadow:0 1px 2px rgba(16,24,40,.05),0 16px 34px -18px rgba(16,24,40,.22);}\n.sportidx-actu-news-card h3{font-family:'Newsreader','Georgia',serif;margin:0 0 8px;font-size:19px;font-weight:700;color:#0f1822;letter-spacing:-0.01em;}\n.sportidx-actu-news-card .txt{font-size:14.5px;line-height:1.6;color:#46535f;}\n.sportidx-actu-news-card .tag{display:inline-block;font-family:'JetBrains Mono',monospace;font-size:10.5px;text-transform:uppercase;letter-spacing:1.6px;color:#0a7d4d;margin-bottom:8px;}\n.sportidx-actu-news-quote{margin:40px auto;padding:30px 26px;text-align:center;border-top:1px solid #0f1822;border-bottom:1px solid #0f1822;max-width:660px;position:relative;}\n.sportidx-actu-news-quote .mark{position:absolute;top:-22px;left:50%;transform:translateX(-50%);background:#fff;padding:0 14px;font-family:'Newsreader',serif;font-size:50px;line-height:1;color:#0a7d4d;}\n.sportidx-actu-news-quote blockquote{margin:0;padding:0;font-family:'Newsreader','Georgia',serif;font-size:24px;line-height:1.45;font-style:italic;color:#0f1822;letter-spacing:-0.005em;}\n.sportidx-actu-news-quote figcaption{margin-top:14px;font-family:'JetBrains Mono',monospace;font-size:11px;text-transform:uppercase;letter-spacing:2px;color:#6a7682;}\n.sportidx-actu-news-retenir{background:#0f1822;border-radius:10px;padding:26px 28px;margin:34px 0;}\n.sportidx-actu-news-retenir .lbl{font-family:'JetBrains Mono',monospace;font-size:11px;font-weight:500;text-transform:uppercase;letter-spacing:2.4px;color:#5fd699;margin-bottom:16px;}\n.sportidx-actu-news-retenir ul{margin:0;padding:0;list-style:none;display:grid;gap:10px;}\n.sportidx-actu-news-retenir li{display:flex;gap:12px;align-items:flex-start;font-size:15px;line-height:1.55;color:#e7edf2;}\n.sportidx-actu-news-retenir li span.n{flex:0 0 24px;width:24px;height:24px;background:#0a7d4d;color:#fff;border-radius:50%;display:inline-flex;align-items:center;justify-content:center;font-family:'JetBrains Mono',monospace;font-size:11px;font-weight:500;}\n.sportidx-actu-news-faq{margin:36px 0;}\n.sportidx-actu-news-faq h2{margin-bottom:10px;}\n.sportidx-actu-news-faq .acc{border-top:1px solid #dde3e9;}\n.sportidx-actu-news-faq details{border-bottom:1px solid #dde3e9;}\n.sportidx-actu-news-faq summary{cursor:pointer;padding:16px 0;font-family:'Newsreader','Georgia',serif;font-size:18px;font-weight:600;color:#0f1822;list-style:none;display:flex;justify-content:space-between;align-items:center;gap:14px;}\n.sportidx-actu-news-faq summary::-webkit-details-marker{display:none;}\n.sportidx-actu-news-faq summary .plus{font-size:24px;font-weight:300;color:#0a7d4d;line-height:1;}\n.sportidx-actu-news-faq .ans{padding:0 0 18px;font-size:15.5px;line-height:1.7;color:#46535f;}\n\/*RENDERFIX2*\/.sportidx-actu-news-retenir{color:#eef3f9!important}.sportidx-actu-news-retenir p,.sportidx-actu-news-retenir li,.sportidx-actu-news-retenir strong,.sportidx-actu-news-retenir em,.sportidx-actu-news-retenir a,.sportidx-actu-news-retenir span,.sportidx-actu-news-retenir b,.sportidx-actu-news-retenir td,.sportidx-actu-news-retenir th,.sportidx-actu-news-retenir h2,.sportidx-actu-news-retenir h3,.sportidx-actu-news-retenir h4{color:#eef3f9!important}.sportidx-actu-news-retenir strong,.sportidx-actu-news-retenir b{color:#ffffff!important}.sportidx-actu-news-retenir li span.n{color:#eef3f9!important}.sportidx-actu-news-retenir li span.n p,.sportidx-actu-news-retenir li span.n li,.sportidx-actu-news-retenir li span.n strong,.sportidx-actu-news-retenir li span.n em,.sportidx-actu-news-retenir li span.n a,.sportidx-actu-news-retenir li span.n span,.sportidx-actu-news-retenir li span.n b,.sportidx-actu-news-retenir li span.n td,.sportidx-actu-news-retenir li span.n th,.sportidx-actu-news-retenir li span.n h2,.sportidx-actu-news-retenir li span.n h3,.sportidx-actu-news-retenir li span.n h4{color:#eef3f9!important}.sportidx-actu-news-retenir li span.n strong,.sportidx-actu-news-retenir li span.n b{color:#ffffff!important}<\/style>\n<div class=\"sportidx-actu-news-wrap\">\n<span class=\"sportidx-actu-news-kicker\">Top 14 \u00b7 Rugby \u00b7 RC Vannes<\/span><\/p>\n<div class=\"sportidx-actu-news-lead\">Le RC Vannes avance ses pions sur le march\u00e9 des transferts : l&rsquo;arriv\u00e9e de Jeremy Davidson comme entra\u00eeneur des avants et la prolongation de son capitaine Francisco Gorrissen renforcent le club breton, engag\u00e9 dans une lutte pour le maintien en Top 14.<\/div>\n<div class=\"sportidx-actu-news-essentiel\">\n<div class=\"lbl\">L&rsquo;essentiel<\/div>\n<ul>\n<li><b>Quoi<\/b><span>Jeremy Davidson rejoint Vannes comme entra\u00eeneur des avants, et le capitaine Francisco Gorrissen prolonge son contrat.<\/span><\/li>\n<li><b>Qui<\/b><span>Davidson, ancien entra\u00eeneur de Brive, signe pour deux ans ; Gorrissen, num\u00e9ro 8 et capitaine, reste deux saisons suppl\u00e9mentaires dans le Morbihan.<\/span><\/li>\n<li><b>Enjeu<\/b><span>Le RC Vannes se bat pour son maintien en Top 14 ; ces deux d\u00e9cisions visent \u00e0 solidifier le staff technique et l&rsquo;effectif.<\/span><\/li>\n<\/ul>\n<\/div>\n<h2>Un recrutement strat\u00e9gique pour la saison prochaine<\/h2>\n<p>Le RC Vannes se pr\u00e9pare activement pour la saison \u00e0 venir et a d\u00e9j\u00e0 r\u00e9alis\u00e9 des mouvements notables sur le march\u00e9 des transferts. Jeremy Davidson, ancien entra\u00eeneur de Brive, va rejoindre le club breton en tant qu&rsquo;entra\u00eeneur des avants. Ce choix strat\u00e9gique vise \u00e0 renforcer le staff technique, alors que le club se bat pour sa survie en Top 14.<\/p>\n<p>Davidson, qui a \u00e9t\u00e9 mis \u00e0 l&rsquo;\u00e9cart de son poste \u00e0 Castres en cours de saison, s&rsquo;engage avec Vannes pour les deux prochaines ann\u00e9es. Ce recrutement est vu comme une opportunit\u00e9 de solidifier l&rsquo;\u00e9quipe technique et d&rsquo;apporter une nouvelle dynamique. Les supporters esp\u00e8rent que son expertise contribuera \u00e0 am\u00e9liorer les performances de l&rsquo;\u00e9quipe sur le terrain.<\/p>\n<div class=\"sportidx-actu-news-grid\">\n<div class=\"sportidx-actu-news-card\">\n    <span class=\"tag\">L&rsquo;entra\u00eeneur<\/span><\/p>\n<h3>Jeremy Davidson<\/h3>\n<div class=\"txt\">Ancien entra\u00eeneur de Brive, \u00e9cart\u00e9 de son poste \u00e0 Castres en cours de saison. Il rejoint Vannes comme entra\u00eeneur des avants, sous contrat pour les deux prochaines ann\u00e9es.<\/div>\n<\/p><\/div>\n<div class=\"sportidx-actu-news-card\">\n    <span class=\"tag\">Le capitaine<\/span><\/p>\n<h3>Francisco Gorrissen<\/h3>\n<div class=\"txt\">Num\u00e9ro 8 et capitaine embl\u00e9matique du pack vannetais, il prolonge pour deux saisons suppl\u00e9mentaires. Un signal fort de continuit\u00e9 dans le Morbihan.<\/div>\n<\/p><\/div>\n<\/div>\n<h2>Francisco Gorrissen, un pilier pour l&rsquo;avenir du RCV<\/h2>\n<p>Un autre d\u00e9veloppement positif pour le RC Vannes est la prolongation du contrat de Francisco Gorrissen. Le capitaine embl\u00e9matique de l&rsquo;\u00e9quipe a d\u00e9cid\u00e9 de rester dans le Morbihan pour deux saisons suppl\u00e9mentaires. Son r\u00f4le de leader sur le terrain et en dehors est crucial pour l&rsquo;\u00e9quipe, surtout dans les moments difficiles.<\/p>\n<p>Gorrissen, num\u00e9ro 8 du pack vannetais, est non seulement un joueur talentueux, mais aussi un v\u00e9ritable symbole pour les supporters. Sa d\u00e9cision de rester t\u00e9moigne de sa volont\u00e9 de continuer \u00e0 b\u00e2tir un avenir solide pour le club. La continuit\u00e9 de son leadership est essentielle pour la coh\u00e9sion de l&rsquo;\u00e9quipe.<\/p>\n<figure class=\"sportidx-actu-news-quote\">\n  <span class=\"mark\" aria-hidden=\"true\">\u00ab<\/span><\/p>\n<blockquote><p>Ces deux annonces sont une bouff\u00e9e d&rsquo;air frais pour le club et ses supporters.<\/blockquote><figcaption>\u2014 Un analyste sportif<\/figcaption><\/figure>\n<h2>Les d\u00e9fis \u00e0 relever pour le RC Vannes<\/h2>\n<p>Avec ces changements dans le staff et l&rsquo;effectif, Vannes doit maintenant se concentrer sur ses performances en cours de saison. La question du maintien en Top 14 reste en suspens, alors que l&rsquo;\u00e9quipe se bat pour \u00e9viter la rel\u00e9gation. Les prochains matchs seront d\u00e9cisifs pour d\u00e9finir le futur imm\u00e9diat du club.<\/p>\n<p>Les supporters de Vannes restent optimistes et esp\u00e8rent que ces recrutements porteront leurs fruits. La combinaison de l&rsquo;exp\u00e9rience de Davidson et de la stabilit\u00e9 apport\u00e9e par Gorrissen pourrait \u00eatre une cl\u00e9 pour sortir le club de cette situation d\u00e9licate. Les attentes sont \u00e9lev\u00e9es, et chaque match sera une occasion de prouver le potentiel de l&rsquo;\u00e9quipe.<\/p>\n<div class=\"sportidx-actu-news-retenir\">\n<div class=\"lbl\">\u00c0 retenir<\/div>\n<ul>\n<li><span class=\"n\">1<\/span><span>Jeremy Davidson rejoint le RCV comme entra\u00eeneur des avants, sous contrat pour deux ans.<\/span><\/li>\n<li><span class=\"n\">2<\/span><span>Francisco Gorrissen prolonge son contrat pour deux saisons suppl\u00e9mentaires.<\/span><\/li>\n<li><span class=\"n\">3<\/span><span>Vannes se pr\u00e9pare \u00e0 relever les d\u00e9fis de la saison \u00e0 venir.<\/span><\/li>\n<li><span class=\"n\">4<\/span><span>Les performances actuelles d\u00e9termineront l&rsquo;avenir du club en Top 14.<\/span><\/li>\n<li><span class=\"n\">5<\/span><span>Les supporters esp\u00e8rent une am\u00e9lioration significative des r\u00e9sultats.<\/span><\/li>\n<\/ul>\n<\/div>\n<section class=\"sportidx-actu-news-faq\">\n<h2>Questions fr\u00e9quentes<\/h2>\n<div class=\"acc\">\n<details>\n<summary><span>Quel r\u00f4le Jeremy Davidson occupera-t-il \u00e0 Vannes ?<\/span><span class=\"plus\" aria-hidden=\"true\">+<\/span><\/summary>\n<div class=\"ans\">Jeremy Davidson rejoint le RC Vannes en tant qu&rsquo;entra\u00eeneur des avants. Ancien entra\u00eeneur de Brive, il a \u00e9t\u00e9 \u00e9cart\u00e9 de son poste \u00e0 Castres en cours de saison avant de s&rsquo;engager avec le club breton pour les deux prochaines ann\u00e9es.<\/div>\n<\/details>\n<details>\n<summary><span>Pour combien de temps Francisco Gorrissen prolonge-t-il ?<\/span><span class=\"plus\" aria-hidden=\"true\">+<\/span><\/summary>\n<div class=\"ans\">Le capitaine et num\u00e9ro 8 Francisco Gorrissen a d\u00e9cid\u00e9 de rester dans le Morbihan pour deux saisons suppl\u00e9mentaires, confirmant son r\u00f4le de leader dans le projet du RCV.<\/div>\n<\/details>\n<details>\n<summary><span>Pourquoi ces d\u00e9cisions sont-elles importantes pour le RC Vannes ?<\/span><span class=\"plus\" aria-hidden=\"true\">+<\/span><\/summary>\n<div class=\"ans\">Le club se bat pour son maintien en Top 14. L&rsquo;arriv\u00e9e de Davidson au staff technique et la prolongation de Gorrissen visent \u00e0 solidifier l&rsquo;encadrement et l&rsquo;effectif dans une p\u00e9riode d\u00e9cisive de la saison.<\/div>\n<\/details><\/div>\n<\/section>\n<\/div>\n","protected":false},"excerpt":{"rendered":"","protected":false},"author":34,"featured_media":16219,"comment_status":"open","ping_status":"open","sticky":false,"template":"","format":"standard","meta":{"_acf_changed":false,"manual_indexmenow":false,"indexmenow_id_project":0,"footnotes":""},"categories":[1],"tags":[4585,4561,4632,4537,4539],"class_list":["post-12300","post","type-post","status-publish","format-standard","has-post-thumbnail","hentry","category-a-la-une","tag-cohesion-dequipe","tag-gestion-des-talents","tag-performance-sportive","tag-rc-vannes","tag-top-14","generate-columns","tablet-grid-50","mobile-grid-100","grid-parent","grid-25"],"acf":[],"yoast_head":"<!-- This site is optimized with the Yoast SEO Premium plugin v21.3 (Yoast SEO v26.5) - https:\/\/yoast.com\/wordpress\/plugins\/seo\/ -->\n<title>Vannes renforce son \u00e9quipe avec les arriv\u00e9es de Jeremy<\/title>\n<meta name=\"description\" content=\"Top 14 \u00b7 Rugby \u00b7 RC Vannes Le RC Vannes avance ses pions sur le march\u00e9 des transferts : l&#039;arriv\u00e9e de Jeremy Davidson comme entra\u00eeneur des avants et la\u2026\" \/>\n<meta name=\"robots\" content=\"index, follow, max-snippet:-1, max-image-preview:large, max-video-preview:-1\" \/>\n<link rel=\"canonical\" href=\"https:\/\/sport-index.fr\/blog\/a-la-une\/vannes-renforce-son-equipe-avec-les-arrivees-de-jeremy-davidson-et-la-prolongation-de-gorrissen\/\" \/>\n<meta property=\"og:locale\" content=\"fr_FR\" \/>\n<meta property=\"og:type\" content=\"article\" \/>\n<meta property=\"og:title\" content=\"Vannes renforce son \u00e9quipe avec les arriv\u00e9es de Jeremy\" \/>\n<meta property=\"og:description\" content=\"Top 14 \u00b7 Rugby \u00b7 RC Vannes Le RC Vannes avance ses pions sur le march\u00e9 des transferts : l&#039;arriv\u00e9e de Jeremy Davidson comme entra\u00eeneur des avants et la\u2026\" \/>\n<meta property=\"og:url\" content=\"https:\/\/sport-index.fr\/blog\/a-la-une\/vannes-renforce-son-equipe-avec-les-arrivees-de-jeremy-davidson-et-la-prolongation-de-gorrissen\/\" \/>\n<meta property=\"og:site_name\" content=\"sport-index\" \/>\n<meta name=\"author\" content=\"Axel Lauzier\" \/>\n<meta name=\"twitter:card\" content=\"summary_large_image\" \/>\n<script type=\"application\/ld+json\" class=\"yoast-schema-graph\">{\"@context\":\"https:\/\/schema.org\",\"@graph\":[{\"@type\":\"NewsArticle\",\"@id\":\"https:\/\/sport-index.fr\/blog\/a-la-une\/vannes-renforce-son-equipe-avec-les-arrivees-de-jeremy-davidson-et-la-prolongation-de-gorrissen\/#article\",\"isPartOf\":{\"@id\":\"https:\/\/sport-index.fr\/blog\/a-la-une\/vannes-renforce-son-equipe-avec-les-arrivees-de-jeremy-davidson-et-la-prolongation-de-gorrissen\/\"},\"author\":{\"name\":\"Axel Lauzier\",\"@id\":\"https:\/\/sport-index.fr\/blog\/#\/schema\/person\/3c864cdc320801e3db34b663e7e3f816\"},\"headline\":\"Vannes renforce son \u00e9quipe avec les arriv\u00e9es de Jeremy Davidson et la prolongation de Gorrissen\",\"datePublished\":\"2026-06-16T12:51:30+00:00\",\"mainEntityOfPage\":{\"@id\":\"https:\/\/sport-index.fr\/blog\/a-la-une\/vannes-renforce-son-equipe-avec-les-arrivees-de-jeremy-davidson-et-la-prolongation-de-gorrissen\/\"},\"wordCount\":793,\"commentCount\":18,\"publisher\":{\"@id\":\"https:\/\/sport-index.fr\/blog\/#organization\"},\"image\":{\"@id\":\"https:\/\/sport-index.fr\/blog\/a-la-une\/vannes-renforce-son-equipe-avec-les-arrivees-de-jeremy-davidson-et-la-prolongation-de-gorrissen\/#primaryimage\"},\"thumbnailUrl\":\"https:\/\/sport-index.fr\/blog\/wp-content\/uploads\/2025\/05\/sdxl-f73772e7e4f36f418ebb9f4899654100-scaled.png\",\"keywords\":[\"Coh\u00e9sion d'\u00c9quipe\",\"Gestion des Talents\",\"Performance sportive\",\"RC Vannes\",\"Top 14\"],\"articleSection\":[\"\u00c0 la une\"],\"inLanguage\":\"fr-FR\",\"potentialAction\":[{\"@type\":\"CommentAction\",\"name\":\"Comment\",\"target\":[\"https:\/\/sport-index.fr\/blog\/a-la-une\/vannes-renforce-son-equipe-avec-les-arrivees-de-jeremy-davidson-et-la-prolongation-de-gorrissen\/#respond\"]}]},{\"@type\":\"WebPage\",\"@id\":\"https:\/\/sport-index.fr\/blog\/a-la-une\/vannes-renforce-son-equipe-avec-les-arrivees-de-jeremy-davidson-et-la-prolongation-de-gorrissen\/\",\"url\":\"https:\/\/sport-index.fr\/blog\/a-la-une\/vannes-renforce-son-equipe-avec-les-arrivees-de-jeremy-davidson-et-la-prolongation-de-gorrissen\/\",\"name\":\"Vannes renforce son \u00e9quipe avec les arriv\u00e9es de Jeremy\",\"isPartOf\":{\"@id\":\"https:\/\/sport-index.fr\/blog\/#website\"},\"primaryImageOfPage\":{\"@id\":\"https:\/\/sport-index.fr\/blog\/a-la-une\/vannes-renforce-son-equipe-avec-les-arrivees-de-jeremy-davidson-et-la-prolongation-de-gorrissen\/#primaryimage\"},\"image\":{\"@id\":\"https:\/\/sport-index.fr\/blog\/a-la-une\/vannes-renforce-son-equipe-avec-les-arrivees-de-jeremy-davidson-et-la-prolongation-de-gorrissen\/#primaryimage\"},\"thumbnailUrl\":\"https:\/\/sport-index.fr\/blog\/wp-content\/uploads\/2025\/05\/sdxl-f73772e7e4f36f418ebb9f4899654100-scaled.png\",\"datePublished\":\"2026-06-16T12:51:30+00:00\",\"description\":\"Top 14 \u00b7 Rugby \u00b7 RC Vannes Le RC Vannes avance ses pions sur le march\u00e9 des transferts : l'arriv\u00e9e de Jeremy Davidson comme entra\u00eeneur des avants et la\u2026\",\"inLanguage\":\"fr-FR\",\"potentialAction\":[{\"@type\":\"ReadAction\",\"target\":[\"https:\/\/sport-index.fr\/blog\/a-la-une\/vannes-renforce-son-equipe-avec-les-arrivees-de-jeremy-davidson-et-la-prolongation-de-gorrissen\/\"]}]},{\"@type\":\"ImageObject\",\"inLanguage\":\"fr-FR\",\"@id\":\"https:\/\/sport-index.fr\/blog\/a-la-une\/vannes-renforce-son-equipe-avec-les-arrivees-de-jeremy-davidson-et-la-prolongation-de-gorrissen\/#primaryimage\",\"url\":\"https:\/\/sport-index.fr\/blog\/wp-content\/uploads\/2025\/05\/sdxl-f73772e7e4f36f418ebb9f4899654100-scaled.png\",\"contentUrl\":\"https:\/\/sport-index.fr\/blog\/wp-content\/uploads\/2025\/05\/sdxl-f73772e7e4f36f418ebb9f4899654100-scaled.png\",\"width\":1200,\"height\":500},{\"@type\":\"WebSite\",\"@id\":\"https:\/\/sport-index.fr\/blog\/#website\",\"url\":\"https:\/\/sport-index.fr\/blog\/\",\"name\":\"sport-index.fr\",\"description\":\"Le score de l\u2019analyse sportive.\",\"publisher\":{\"@id\":\"https:\/\/sport-index.fr\/blog\/#organization\"},\"alternateName\":\"Le score de l\u2019analyse sportive.\",\"potentialAction\":[{\"@type\":\"SearchAction\",\"target\":{\"@type\":\"EntryPoint\",\"urlTemplate\":\"https:\/\/sport-index.fr\/blog\/?s={search_term_string}\"},\"query-input\":{\"@type\":\"PropertyValueSpecification\",\"valueRequired\":true,\"valueName\":\"search_term_string\"}}],\"inLanguage\":\"fr-FR\"},{\"@type\":\"Organization\",\"@id\":\"https:\/\/sport-index.fr\/blog\/#organization\",\"name\":\"Foretsensations.fr\",\"url\":\"https:\/\/sport-index.fr\/blog\/\",\"logo\":{\"@type\":\"ImageObject\",\"inLanguage\":\"fr-FR\",\"@id\":\"https:\/\/sport-index.fr\/blog\/#\/schema\/logo\/image\/\",\"url\":\"https:\/\/sport-index.fr\/blog\/wp-content\/uploads\/2026\/07\/logo-auto.png\",\"contentUrl\":\"https:\/\/sport-index.fr\/blog\/wp-content\/uploads\/2026\/07\/logo-auto.png\",\"width\":1024,\"height\":1024,\"caption\":\"Foretsensations.fr\"},\"image\":{\"@id\":\"https:\/\/sport-index.fr\/blog\/#\/schema\/logo\/image\/\"}},{\"@type\":\"Person\",\"@id\":\"https:\/\/sport-index.fr\/blog\/#\/schema\/person\/3c864cdc320801e3db34b663e7e3f816\",\"name\":\"Axel Lauzier\",\"image\":{\"@type\":\"ImageObject\",\"inLanguage\":\"fr-FR\",\"@id\":\"https:\/\/sport-index.fr\/blog\/#\/schema\/person\/image\/\",\"url\":\"https:\/\/sport-index.fr\/blog\/wp-content\/uploads\/2026\/06\/persona_axel-l-96x96.jpg\",\"contentUrl\":\"https:\/\/sport-index.fr\/blog\/wp-content\/uploads\/2026\/06\/persona_axel-l-96x96.jpg\",\"caption\":\"Axel Lauzier\"},\"description\":\"Le sport rythme mon quotidien depuis l'enfance, et j'en ai fait mon m\u00e9tier d'analyste r\u00e9dactionnel il y a une dizaine d'ann\u00e9es. Je couvre principalement le football, son actualit\u00e9, ses transferts et l'analyse tactique des grandes affiches, mais aussi les disciplines plus confidentielles que j'aime remettre en lumi\u00e8re. Une partie de mon travail porte sur les pronostics et la lecture statistique d'un match : forme des \u00e9quipes, historique des confrontations, compositions, sans jamais vendre de fausse certitude. Je rappelle syst\u00e9matiquement que parier comporte un risque et doit rester un loisir ma\u00eetris\u00e9. Avant de signer une analyse, je v\u00e9rifie mes chiffres, je recoupe les compositions probables et je distingue toujours la donn\u00e9e brute de l'intuition. Mon objectif : offrir une lecture honn\u00eate et argument\u00e9e, pas un ticket gagnant garanti.\",\"sameAs\":[\"https:\/\/axellauzier.fr\/\"],\"url\":\"https:\/\/sport-index.fr\/blog\/auteur\/noname\/\"}]}<\/script>\n<!-- \/ Yoast SEO Premium plugin. -->","yoast_head_json":{"title":"Vannes renforce son \u00e9quipe avec les arriv\u00e9es de Jeremy","description":"Top 14 \u00b7 Rugby \u00b7 RC Vannes Le RC Vannes avance ses pions sur le march\u00e9 des transferts : l'arriv\u00e9e de Jeremy Davidson comme entra\u00eeneur des avants et la\u2026","robots":{"index":"index","follow":"follow","max-snippet":"max-snippet:-1","max-image-preview":"max-image-preview:large","max-video-preview":"max-video-preview:-1"},"canonical":"https:\/\/sport-index.fr\/blog\/a-la-une\/vannes-renforce-son-equipe-avec-les-arrivees-de-jeremy-davidson-et-la-prolongation-de-gorrissen\/","og_locale":"fr_FR","og_type":"article","og_title":"Vannes renforce son \u00e9quipe avec les arriv\u00e9es de Jeremy","og_description":"Top 14 \u00b7 Rugby \u00b7 RC Vannes Le RC Vannes avance ses pions sur le march\u00e9 des transferts : l'arriv\u00e9e de Jeremy Davidson comme entra\u00eeneur des avants et la\u2026","og_url":"https:\/\/sport-index.fr\/blog\/a-la-une\/vannes-renforce-son-equipe-avec-les-arrivees-de-jeremy-davidson-et-la-prolongation-de-gorrissen\/","og_site_name":"sport-index","author":"Axel Lauzier","twitter_card":"summary_large_image","schema":{"@context":"https:\/\/schema.org","@graph":[{"@type":"NewsArticle","@id":"https:\/\/sport-index.fr\/blog\/a-la-une\/vannes-renforce-son-equipe-avec-les-arrivees-de-jeremy-davidson-et-la-prolongation-de-gorrissen\/#article","isPartOf":{"@id":"https:\/\/sport-index.fr\/blog\/a-la-une\/vannes-renforce-son-equipe-avec-les-arrivees-de-jeremy-davidson-et-la-prolongation-de-gorrissen\/"},"author":{"name":"Axel Lauzier","@id":"https:\/\/sport-index.fr\/blog\/#\/schema\/person\/3c864cdc320801e3db34b663e7e3f816"},"headline":"Vannes renforce son \u00e9quipe avec les arriv\u00e9es de Jeremy Davidson et la prolongation de Gorrissen","datePublished":"2026-06-16T12:51:30+00:00","mainEntityOfPage":{"@id":"https:\/\/sport-index.fr\/blog\/a-la-une\/vannes-renforce-son-equipe-avec-les-arrivees-de-jeremy-davidson-et-la-prolongation-de-gorrissen\/"},"wordCount":793,"commentCount":18,"publisher":{"@id":"https:\/\/sport-index.fr\/blog\/#organization"},"image":{"@id":"https:\/\/sport-index.fr\/blog\/a-la-une\/vannes-renforce-son-equipe-avec-les-arrivees-de-jeremy-davidson-et-la-prolongation-de-gorrissen\/#primaryimage"},"thumbnailUrl":"https:\/\/sport-index.fr\/blog\/wp-content\/uploads\/2025\/05\/sdxl-f73772e7e4f36f418ebb9f4899654100-scaled.png","keywords":["Coh\u00e9sion d'\u00c9quipe","Gestion des Talents","Performance sportive","RC Vannes","Top 14"],"articleSection":["\u00c0 la une"],"inLanguage":"fr-FR","potentialAction":[{"@type":"CommentAction","name":"Comment","target":["https:\/\/sport-index.fr\/blog\/a-la-une\/vannes-renforce-son-equipe-avec-les-arrivees-de-jeremy-davidson-et-la-prolongation-de-gorrissen\/#respond"]}]},{"@type":"WebPage","@id":"https:\/\/sport-index.fr\/blog\/a-la-une\/vannes-renforce-son-equipe-avec-les-arrivees-de-jeremy-davidson-et-la-prolongation-de-gorrissen\/","url":"https:\/\/sport-index.fr\/blog\/a-la-une\/vannes-renforce-son-equipe-avec-les-arrivees-de-jeremy-davidson-et-la-prolongation-de-gorrissen\/","name":"Vannes renforce son \u00e9quipe avec les arriv\u00e9es de Jeremy","isPartOf":{"@id":"https:\/\/sport-index.fr\/blog\/#website"},"primaryImageOfPage":{"@id":"https:\/\/sport-index.fr\/blog\/a-la-une\/vannes-renforce-son-equipe-avec-les-arrivees-de-jeremy-davidson-et-la-prolongation-de-gorrissen\/#primaryimage"},"image":{"@id":"https:\/\/sport-index.fr\/blog\/a-la-une\/vannes-renforce-son-equipe-avec-les-arrivees-de-jeremy-davidson-et-la-prolongation-de-gorrissen\/#primaryimage"},"thumbnailUrl":"https:\/\/sport-index.fr\/blog\/wp-content\/uploads\/2025\/05\/sdxl-f73772e7e4f36f418ebb9f4899654100-scaled.png","datePublished":"2026-06-16T12:51:30+00:00","description":"Top 14 \u00b7 Rugby \u00b7 RC Vannes Le RC Vannes avance ses pions sur le march\u00e9 des transferts : l'arriv\u00e9e de Jeremy Davidson comme entra\u00eeneur des avants et la\u2026","inLanguage":"fr-FR","potentialAction":[{"@type":"ReadAction","target":["https:\/\/sport-index.fr\/blog\/a-la-une\/vannes-renforce-son-equipe-avec-les-arrivees-de-jeremy-davidson-et-la-prolongation-de-gorrissen\/"]}]},{"@type":"ImageObject","inLanguage":"fr-FR","@id":"https:\/\/sport-index.fr\/blog\/a-la-une\/vannes-renforce-son-equipe-avec-les-arrivees-de-jeremy-davidson-et-la-prolongation-de-gorrissen\/#primaryimage","url":"https:\/\/sport-index.fr\/blog\/wp-content\/uploads\/2025\/05\/sdxl-f73772e7e4f36f418ebb9f4899654100-scaled.png","contentUrl":"https:\/\/sport-index.fr\/blog\/wp-content\/uploads\/2025\/05\/sdxl-f73772e7e4f36f418ebb9f4899654100-scaled.png","width":1200,"height":500},{"@type":"WebSite","@id":"https:\/\/sport-index.fr\/blog\/#website","url":"https:\/\/sport-index.fr\/blog\/","name":"sport-index.fr","description":"Le score de l\u2019analyse sportive.","publisher":{"@id":"https:\/\/sport-index.fr\/blog\/#organization"},"alternateName":"Le score de l\u2019analyse sportive.","potentialAction":[{"@type":"SearchAction","target":{"@type":"EntryPoint","urlTemplate":"https:\/\/sport-index.fr\/blog\/?s={search_term_string}"},"query-input":{"@type":"PropertyValueSpecification","valueRequired":true,"valueName":"search_term_string"}}],"inLanguage":"fr-FR"},{"@type":"Organization","@id":"https:\/\/sport-index.fr\/blog\/#organization","name":"Foretsensations.fr","url":"https:\/\/sport-index.fr\/blog\/","logo":{"@type":"ImageObject","inLanguage":"fr-FR","@id":"https:\/\/sport-index.fr\/blog\/#\/schema\/logo\/image\/","url":"https:\/\/sport-index.fr\/blog\/wp-content\/uploads\/2026\/07\/logo-auto.png","contentUrl":"https:\/\/sport-index.fr\/blog\/wp-content\/uploads\/2026\/07\/logo-auto.png","width":1024,"height":1024,"caption":"Foretsensations.fr"},"image":{"@id":"https:\/\/sport-index.fr\/blog\/#\/schema\/logo\/image\/"}},{"@type":"Person","@id":"https:\/\/sport-index.fr\/blog\/#\/schema\/person\/3c864cdc320801e3db34b663e7e3f816","name":"Axel Lauzier","image":{"@type":"ImageObject","inLanguage":"fr-FR","@id":"https:\/\/sport-index.fr\/blog\/#\/schema\/person\/image\/","url":"https:\/\/sport-index.fr\/blog\/wp-content\/uploads\/2026\/06\/persona_axel-l-96x96.jpg","contentUrl":"https:\/\/sport-index.fr\/blog\/wp-content\/uploads\/2026\/06\/persona_axel-l-96x96.jpg","caption":"Axel Lauzier"},"description":"Le sport rythme mon quotidien depuis l'enfance, et j'en ai fait mon m\u00e9tier d'analyste r\u00e9dactionnel il y a une dizaine d'ann\u00e9es. Je couvre principalement le football, son actualit\u00e9, ses transferts et l'analyse tactique des grandes affiches, mais aussi les disciplines plus confidentielles que j'aime remettre en lumi\u00e8re. Une partie de mon travail porte sur les pronostics et la lecture statistique d'un match : forme des \u00e9quipes, historique des confrontations, compositions, sans jamais vendre de fausse certitude. Je rappelle syst\u00e9matiquement que parier comporte un risque et doit rester un loisir ma\u00eetris\u00e9. Avant de signer une analyse, je v\u00e9rifie mes chiffres, je recoupe les compositions probables et je distingue toujours la donn\u00e9e brute de l'intuition. Mon objectif : offrir une lecture honn\u00eate et argument\u00e9e, pas un ticket gagnant garanti.","sameAs":["https:\/\/axellauzier.fr\/"],"url":"https:\/\/sport-index.fr\/blog\/auteur\/noname\/"}]}},"_links":{"self":[{"href":"https:\/\/sport-index.fr\/blog\/wp-json\/wp\/v2\/posts\/12300","targetHints":{"allow":["GET"]}}],"collection":[{"href":"https:\/\/sport-index.fr\/blog\/wp-json\/wp\/v2\/posts"}],"about":[{"href":"https:\/\/sport-index.fr\/blog\/wp-json\/wp\/v2\/types\/post"}],"author":[{"embeddable":true,"href":"https:\/\/sport-index.fr\/blog\/wp-json\/wp\/v2\/users\/34"}],"replies":[{"embeddable":true,"href":"https:\/\/sport-index.fr\/blog\/wp-json\/wp\/v2\/comments?post=12300"}],"version-history":[{"count":3,"href":"https:\/\/sport-index.fr\/blog\/wp-json\/wp\/v2\/posts\/12300\/revisions"}],"predecessor-version":[{"id":18216,"href":"https:\/\/sport-index.fr\/blog\/wp-json\/wp\/v2\/posts\/12300\/revisions\/18216"}],"wp:featuredmedia":[{"embeddable":true,"href":"https:\/\/sport-index.fr\/blog\/wp-json\/wp\/v2\/media\/16219"}],"wp:attachment":[{"href":"https:\/\/sport-index.fr\/blog\/wp-json\/wp\/v2\/media?parent=12300"}],"wp:term":[{"taxonomy":"category","embeddable":true,"href":"https:\/\/sport-index.fr\/blog\/wp-json\/wp\/v2\/categories?post=12300"},{"taxonomy":"post_tag","embeddable":true,"href":"https:\/\/sport-index.fr\/blog\/wp-json\/wp\/v2\/tags?post=12300"}],"curies":[{"name":"wp","href":"https:\/\/api.w.org\/{rel}","templated":true}]}}