{"id":12496,"date":"2025-03-24T13:25:07","date_gmt":"2025-03-24T12:25:07","guid":{"rendered":"https:\/\/sport-index.fr\/blog\/?p=12496"},"modified":"2025-03-24T12:44:33","modified_gmt":"2025-03-24T11:44:33","slug":"matthieu-jalibert-et-les-bleus-week-end-mouvemente-pour-le-xv-de-france-et-ses-joueurs","status":"publish","type":"post","link":"https:\/\/sport-index.fr\/blog\/a-la-une\/matthieu-jalibert-et-les-bleus-week-end-mouvemente-pour-le-xv-de-france-et-ses-joueurs\/","title":{"rendered":"Matthieu Jalibert et les Bleus : week-end mouvement\u00e9 pour le XV de France et ses joueurs"},"content":{"rendered":"<p>Plusieurs d&rsquo;entre eux, apr\u00e8s une p\u00e9riode \u00e9prouvante lors du Tournoi des 6 Nations, ont eu l&rsquo;occasion de se reposer. Cependant, ceux qui \u00e9taient sur le terrain ont montr\u00e9 des performances contrast\u00e9es, notamment Matthieu Jalibert, qui a brill\u00e9 en premi\u00e8re mi-temps avant de conna\u00eetre des difficult\u00e9s face au Stade toulousain. C\u00f4t\u00e9 Rochelais, les nouvelles ne sont pas bonnes, avec des blessures qui viennent complexifier la situation de l&rsquo;\u00e9quipe.<\/p>\n<h2>Des performances contrast\u00e9es pour Matthieu Jalibert<\/h2>\n<p>Matthieu Jalibert, titulaire \u00e0 la m\u00eal\u00e9e, a montr\u00e9 qu&rsquo;il pouvait atteindre des sommets lors de la premi\u00e8re mi-temps. Ses choix tactiques et sa capacit\u00e9 \u00e0 faire circuler le ballon ont permis \u00e0 son \u00e9quipe de prendre l&rsquo;avantage. Il a notamment d\u00e9livr\u00e9 deux passes d\u00e9cisives, une pour Nicolas Depoortere et une autre pour Louis Bielle-Biarrey, t\u00e9moignant de son talent et de sa vision du jeu.<\/p>\n<p>Cependant, le second acte a \u00e9t\u00e9 plus compliqu\u00e9 pour lui. Jalibert a commis une interception fatale qui a relanc\u00e9 les espoirs toulousains. De plus, sa p\u00e9nalit\u00e9 manqu\u00e9e \u00e0 25 m\u00e8tres face aux poteaux a laiss\u00e9 ses co\u00e9quipiers dans une situation pr\u00e9caire, ce qui a provoqu\u00e9 la frustration de son entra\u00eeneur, Yannick Bru, qui a d\u00e9clar\u00e9 : <\/p>\n<blockquote><p>\u00ab\u00a0La deuxi\u00e8me mi-temps a \u00e9t\u00e9 difficile pour nous.\u00a0\u00bb <\/p><\/blockquote>\n<h2>Des blessures chez les Rochelais<\/h2>\n<p>Les joueurs de La Rochelle esp\u00e9raient un retour en force apr\u00e8s une p\u00e9riode difficile, mais les blessures ont frapp\u00e9 l&rsquo;\u00e9quipe. Paul Boudehent a d\u00fb quitter le terrain d\u00e8s la 34e minute en raison d&rsquo;une blessure au sternum, tandis que Gr\u00e9gory Alldritt a \u00e9t\u00e9 remplac\u00e9 \u00e0 la 49e minute suite \u00e0 une b\u00e9quille \u00e0 la cuisse. Ces absences pr\u00e9coces ont pes\u00e9 lourdement dans le jeu de l&rsquo;\u00e9quipe.<\/p>\n<p>Oscar Jegou, qui avait brill\u00e9 lors de ses apparitions avec le XV de France, n&rsquo;a pas r\u00e9ussi \u00e0 se montrer \u00e0 son meilleur niveau. De plus, Uini Atonio, qui a d\u00e9but\u00e9 sur le banc, n&rsquo;a pas pu apporter la puissance n\u00e9cessaire en m\u00eal\u00e9e. En d\u00e9pit de ces difficult\u00e9s, les Rochelais esp\u00e8rent retrouver leur forme rapidement pour se relancer dans le championnat.<\/p>\n<p><iframe loading=\"lazy\" title=\"TOP 14 et barrages ce week-end\" width=\"1200\" height=\"675\" src=\"https:\/\/www.youtube.com\/embed\/WoQ-fTdLfxg?feature=oembed\" frameborder=\"0\" allow=\"accelerometer; autoplay; clipboard-write; encrypted-media; gyroscope; picture-in-picture; web-share\" referrerpolicy=\"strict-origin-when-cross-origin\" allowfullscreen><\/iframe><\/p>\n<h2>Des arri\u00e8res en grande forme<\/h2>\n<p>Ce week-end a \u00e9galement \u00e9t\u00e9 marqu\u00e9 par les performances remarquables de plusieurs arri\u00e8res. \u00c0 Pau, l&rsquo;ouvreur Joe Simmonds a \u00e9t\u00e9 le h\u00e9ros de son \u00e9quipe, inscrivant le point d\u00e9cisif \u00e0 la derni\u00e8re minute. Son jeu dynamique et sa capacit\u00e9 \u00e0 prendre des initiatives ont \u00e9t\u00e9 cruciaux pour la victoire de son \u00e9quipe contre Montpellier.<\/p>\n<p>De son c\u00f4t\u00e9, L\u00e9o Barr\u00e9 a brill\u00e9 avec le Stade fran\u00e7ais, dominant le match contre Bayonne avec des actions percutantes. Son excellente course sur l&rsquo;essai de Paul Abadie a prouv\u00e9 qu&rsquo;il \u00e9tait en pleine forme. Enfin, Jean-Baptiste Gros, pilier du RCT, a confirm\u00e9 son statut en r\u00e9alisant un match solide, notamment en d\u00e9fense. En f\u00eatant sa centi\u00e8me apparition avec Toulon, il a montr\u00e9 qu&rsquo;il pouvait allier performance individuelle et esprit d&rsquo;\u00e9quipe.<\/p>\n<ul>\n<li>Matthieu Jalibert a brill\u00e9 en premi\u00e8re mi-temps mais a connu des difficult\u00e9s en seconde.<\/li>\n<li>Les Rochelais doivent faire face \u00e0 des blessures majeures qui compliquent leur saison.<\/li>\n<li>Des arri\u00e8res comme Joe Simmonds et L\u00e9o Barr\u00e9 ont marqu\u00e9 des points importants pour leurs \u00e9quipes.<\/li>\n<li>Jean-Baptiste Gros a \u00e9t\u00e9 un pilier solide pour Toulon, tant en d\u00e9fense qu&rsquo;en attaque.<\/li>\n<\/ul>\n<p>Ce week-end a donc \u00e9t\u00e9 embl\u00e9matique des d\u00e9fis auxquels font face les joueurs du XV de France et leurs clubs. Les performances individuelles se m\u00ealent aux enjeux collectifs, et chaque match est une nouvelle opportunit\u00e9 de se prouver. Les Bleus, tout comme leurs clubs, devront redoubler d&rsquo;efforts pour surmonter les obstacles et viser l&rsquo;excellence sur le terrain.<\/p>\n","protected":false},"excerpt":{"rendered":"","protected":false},"author":34,"featured_media":15488,"comment_status":"open","ping_status":"open","sticky":false,"template":"","format":"standard","meta":{"_acf_changed":false,"manual_indexmenow":false,"indexmenow_id_project":0,"footnotes":""},"categories":[1],"tags":[4898,4632,4885,4556,4554],"class_list":["post-12496","post","type-post","status-publish","format-standard","has-post-thumbnail","hentry","category-a-la-une","tag-gestion-du-stress","tag-performance-sportive","tag-preparation-mentale","tag-tournoi-des-6-nations","tag-xv-de-france","generate-columns","tablet-grid-50","mobile-grid-100","grid-parent","grid-25"],"acf":[],"yoast_head":"<!-- This site is optimized with the Yoast SEO Premium plugin v21.3 (Yoast SEO v26.5) - https:\/\/yoast.com\/wordpress\/plugins\/seo\/ -->\n<title>Matthieu Jalibert et les Bleus : week-end mouvement\u00e9<\/title>\n<meta name=\"description\" content=\"Plusieurs d&#039;entre eux, apr\u00e8s une p\u00e9riode \u00e9prouvante lors du Tournoi des 6 Nations, ont eu l&#039;occasion de se reposer. Cependant, ceux qui \u00e9taient sur le\u2026\" \/>\n<meta name=\"robots\" content=\"index, follow, max-snippet:-1, max-image-preview:large, max-video-preview:-1\" \/>\n<link rel=\"canonical\" href=\"https:\/\/sport-index.fr\/blog\/a-la-une\/matthieu-jalibert-et-les-bleus-week-end-mouvemente-pour-le-xv-de-france-et-ses-joueurs\/\" \/>\n<meta property=\"og:locale\" content=\"fr_FR\" \/>\n<meta property=\"og:type\" content=\"article\" \/>\n<meta property=\"og:title\" content=\"Matthieu Jalibert et les Bleus : week-end mouvement\u00e9\" \/>\n<meta property=\"og:description\" content=\"Plusieurs d&#039;entre eux, apr\u00e8s une p\u00e9riode \u00e9prouvante lors du Tournoi des 6 Nations, ont eu l&#039;occasion de se reposer. Cependant, ceux qui \u00e9taient sur le\u2026\" \/>\n<meta property=\"og:url\" content=\"https:\/\/sport-index.fr\/blog\/a-la-une\/matthieu-jalibert-et-les-bleus-week-end-mouvemente-pour-le-xv-de-france-et-ses-joueurs\/\" \/>\n<meta property=\"og:site_name\" content=\"sport-index\" \/>\n<meta name=\"author\" content=\"Axel Lauzier\" \/>\n<meta name=\"twitter:card\" content=\"summary_large_image\" \/>\n<script type=\"application\/ld+json\" class=\"yoast-schema-graph\">{\"@context\":\"https:\/\/schema.org\",\"@graph\":[{\"@type\":\"NewsArticle\",\"@id\":\"https:\/\/sport-index.fr\/blog\/a-la-une\/matthieu-jalibert-et-les-bleus-week-end-mouvemente-pour-le-xv-de-france-et-ses-joueurs\/#article\",\"isPartOf\":{\"@id\":\"https:\/\/sport-index.fr\/blog\/a-la-une\/matthieu-jalibert-et-les-bleus-week-end-mouvemente-pour-le-xv-de-france-et-ses-joueurs\/\"},\"author\":{\"name\":\"Axel Lauzier\",\"@id\":\"https:\/\/sport-index.fr\/blog\/#\/schema\/person\/3c864cdc320801e3db34b663e7e3f816\"},\"headline\":\"Matthieu Jalibert et les Bleus : week-end mouvement\u00e9 pour le XV de France et ses joueurs\",\"datePublished\":\"2025-03-24T12:25:07+00:00\",\"mainEntityOfPage\":{\"@id\":\"https:\/\/sport-index.fr\/blog\/a-la-une\/matthieu-jalibert-et-les-bleus-week-end-mouvemente-pour-le-xv-de-france-et-ses-joueurs\/\"},\"wordCount\":655,\"commentCount\":22,\"publisher\":{\"@id\":\"https:\/\/sport-index.fr\/blog\/#organization\"},\"image\":{\"@id\":\"https:\/\/sport-index.fr\/blog\/a-la-une\/matthieu-jalibert-et-les-bleus-week-end-mouvemente-pour-le-xv-de-france-et-ses-joueurs\/#primaryimage\"},\"thumbnailUrl\":\"https:\/\/sport-index.fr\/blog\/wp-content\/uploads\/2025\/05\/sdxl-bae296b7e517fd1f07bfdfddb097ec88-scaled.png\",\"keywords\":[\"Gestion Du Stress\",\"Performance sportive\",\"Pr\u00e9paration Mentale\",\"Tournoi des 6 Nations\",\"XV de France\"],\"articleSection\":[\"\u00c0 la une\"],\"inLanguage\":\"fr-FR\",\"potentialAction\":[{\"@type\":\"CommentAction\",\"name\":\"Comment\",\"target\":[\"https:\/\/sport-index.fr\/blog\/a-la-une\/matthieu-jalibert-et-les-bleus-week-end-mouvemente-pour-le-xv-de-france-et-ses-joueurs\/#respond\"]}]},{\"@type\":\"WebPage\",\"@id\":\"https:\/\/sport-index.fr\/blog\/a-la-une\/matthieu-jalibert-et-les-bleus-week-end-mouvemente-pour-le-xv-de-france-et-ses-joueurs\/\",\"url\":\"https:\/\/sport-index.fr\/blog\/a-la-une\/matthieu-jalibert-et-les-bleus-week-end-mouvemente-pour-le-xv-de-france-et-ses-joueurs\/\",\"name\":\"Matthieu Jalibert et les Bleus : week-end mouvement\u00e9\",\"isPartOf\":{\"@id\":\"https:\/\/sport-index.fr\/blog\/#website\"},\"primaryImageOfPage\":{\"@id\":\"https:\/\/sport-index.fr\/blog\/a-la-une\/matthieu-jalibert-et-les-bleus-week-end-mouvemente-pour-le-xv-de-france-et-ses-joueurs\/#primaryimage\"},\"image\":{\"@id\":\"https:\/\/sport-index.fr\/blog\/a-la-une\/matthieu-jalibert-et-les-bleus-week-end-mouvemente-pour-le-xv-de-france-et-ses-joueurs\/#primaryimage\"},\"thumbnailUrl\":\"https:\/\/sport-index.fr\/blog\/wp-content\/uploads\/2025\/05\/sdxl-bae296b7e517fd1f07bfdfddb097ec88-scaled.png\",\"datePublished\":\"2025-03-24T12:25:07+00:00\",\"description\":\"Plusieurs d'entre eux, apr\u00e8s une p\u00e9riode \u00e9prouvante lors du Tournoi des 6 Nations, ont eu l'occasion de se reposer. Cependant, ceux qui \u00e9taient sur le\u2026\",\"inLanguage\":\"fr-FR\",\"potentialAction\":[{\"@type\":\"ReadAction\",\"target\":[\"https:\/\/sport-index.fr\/blog\/a-la-une\/matthieu-jalibert-et-les-bleus-week-end-mouvemente-pour-le-xv-de-france-et-ses-joueurs\/\"]}]},{\"@type\":\"ImageObject\",\"inLanguage\":\"fr-FR\",\"@id\":\"https:\/\/sport-index.fr\/blog\/a-la-une\/matthieu-jalibert-et-les-bleus-week-end-mouvemente-pour-le-xv-de-france-et-ses-joueurs\/#primaryimage\",\"url\":\"https:\/\/sport-index.fr\/blog\/wp-content\/uploads\/2025\/05\/sdxl-bae296b7e517fd1f07bfdfddb097ec88-scaled.png\",\"contentUrl\":\"https:\/\/sport-index.fr\/blog\/wp-content\/uploads\/2025\/05\/sdxl-bae296b7e517fd1f07bfdfddb097ec88-scaled.png\",\"width\":1200,\"height\":500},{\"@type\":\"WebSite\",\"@id\":\"https:\/\/sport-index.fr\/blog\/#website\",\"url\":\"https:\/\/sport-index.fr\/blog\/\",\"name\":\"sport-index.fr\",\"description\":\"Le score de l\u2019analyse sportive.\",\"publisher\":{\"@id\":\"https:\/\/sport-index.fr\/blog\/#organization\"},\"alternateName\":\"Le score de l\u2019analyse sportive.\",\"potentialAction\":[{\"@type\":\"SearchAction\",\"target\":{\"@type\":\"EntryPoint\",\"urlTemplate\":\"https:\/\/sport-index.fr\/blog\/?s={search_term_string}\"},\"query-input\":{\"@type\":\"PropertyValueSpecification\",\"valueRequired\":true,\"valueName\":\"search_term_string\"}}],\"inLanguage\":\"fr-FR\"},{\"@type\":\"Organization\",\"@id\":\"https:\/\/sport-index.fr\/blog\/#organization\",\"name\":\"Foretsensations.fr\",\"url\":\"https:\/\/sport-index.fr\/blog\/\",\"logo\":{\"@type\":\"ImageObject\",\"inLanguage\":\"fr-FR\",\"@id\":\"https:\/\/sport-index.fr\/blog\/#\/schema\/logo\/image\/\",\"url\":\"https:\/\/sport-index.fr\/blog\/wp-content\/uploads\/2026\/07\/logo-auto.png\",\"contentUrl\":\"https:\/\/sport-index.fr\/blog\/wp-content\/uploads\/2026\/07\/logo-auto.png\",\"width\":1024,\"height\":1024,\"caption\":\"Foretsensations.fr\"},\"image\":{\"@id\":\"https:\/\/sport-index.fr\/blog\/#\/schema\/logo\/image\/\"}},{\"@type\":\"Person\",\"@id\":\"https:\/\/sport-index.fr\/blog\/#\/schema\/person\/3c864cdc320801e3db34b663e7e3f816\",\"name\":\"Axel Lauzier\",\"image\":{\"@type\":\"ImageObject\",\"inLanguage\":\"fr-FR\",\"@id\":\"https:\/\/sport-index.fr\/blog\/#\/schema\/person\/image\/\",\"url\":\"https:\/\/sport-index.fr\/blog\/wp-content\/uploads\/2026\/06\/persona_axel-l-96x96.jpg\",\"contentUrl\":\"https:\/\/sport-index.fr\/blog\/wp-content\/uploads\/2026\/06\/persona_axel-l-96x96.jpg\",\"caption\":\"Axel Lauzier\"},\"description\":\"Le sport rythme mon quotidien depuis l'enfance, et j'en ai fait mon m\u00e9tier d'analyste r\u00e9dactionnel il y a une dizaine d'ann\u00e9es. Je couvre principalement le football, son actualit\u00e9, ses transferts et l'analyse tactique des grandes affiches, mais aussi les disciplines plus confidentielles que j'aime remettre en lumi\u00e8re. Une partie de mon travail porte sur les pronostics et la lecture statistique d'un match : forme des \u00e9quipes, historique des confrontations, compositions, sans jamais vendre de fausse certitude. Je rappelle syst\u00e9matiquement que parier comporte un risque et doit rester un loisir ma\u00eetris\u00e9. Avant de signer une analyse, je v\u00e9rifie mes chiffres, je recoupe les compositions probables et je distingue toujours la donn\u00e9e brute de l'intuition. Mon objectif : offrir une lecture honn\u00eate et argument\u00e9e, pas un ticket gagnant garanti.\",\"sameAs\":[\"https:\/\/axellauzier.fr\/\"],\"url\":\"https:\/\/sport-index.fr\/blog\/auteur\/noname\/\"}]}<\/script>\n<!-- \/ Yoast SEO Premium plugin. -->","yoast_head_json":{"title":"Matthieu Jalibert et les Bleus : week-end mouvement\u00e9","description":"Plusieurs d'entre eux, apr\u00e8s une p\u00e9riode \u00e9prouvante lors du Tournoi des 6 Nations, ont eu l'occasion de se reposer. Cependant, ceux qui \u00e9taient sur le\u2026","robots":{"index":"index","follow":"follow","max-snippet":"max-snippet:-1","max-image-preview":"max-image-preview:large","max-video-preview":"max-video-preview:-1"},"canonical":"https:\/\/sport-index.fr\/blog\/a-la-une\/matthieu-jalibert-et-les-bleus-week-end-mouvemente-pour-le-xv-de-france-et-ses-joueurs\/","og_locale":"fr_FR","og_type":"article","og_title":"Matthieu Jalibert et les Bleus : week-end mouvement\u00e9","og_description":"Plusieurs d'entre eux, apr\u00e8s une p\u00e9riode \u00e9prouvante lors du Tournoi des 6 Nations, ont eu l'occasion de se reposer. Cependant, ceux qui \u00e9taient sur le\u2026","og_url":"https:\/\/sport-index.fr\/blog\/a-la-une\/matthieu-jalibert-et-les-bleus-week-end-mouvemente-pour-le-xv-de-france-et-ses-joueurs\/","og_site_name":"sport-index","author":"Axel Lauzier","twitter_card":"summary_large_image","schema":{"@context":"https:\/\/schema.org","@graph":[{"@type":"NewsArticle","@id":"https:\/\/sport-index.fr\/blog\/a-la-une\/matthieu-jalibert-et-les-bleus-week-end-mouvemente-pour-le-xv-de-france-et-ses-joueurs\/#article","isPartOf":{"@id":"https:\/\/sport-index.fr\/blog\/a-la-une\/matthieu-jalibert-et-les-bleus-week-end-mouvemente-pour-le-xv-de-france-et-ses-joueurs\/"},"author":{"name":"Axel Lauzier","@id":"https:\/\/sport-index.fr\/blog\/#\/schema\/person\/3c864cdc320801e3db34b663e7e3f816"},"headline":"Matthieu Jalibert et les Bleus : week-end mouvement\u00e9 pour le XV de France et ses joueurs","datePublished":"2025-03-24T12:25:07+00:00","mainEntityOfPage":{"@id":"https:\/\/sport-index.fr\/blog\/a-la-une\/matthieu-jalibert-et-les-bleus-week-end-mouvemente-pour-le-xv-de-france-et-ses-joueurs\/"},"wordCount":655,"commentCount":22,"publisher":{"@id":"https:\/\/sport-index.fr\/blog\/#organization"},"image":{"@id":"https:\/\/sport-index.fr\/blog\/a-la-une\/matthieu-jalibert-et-les-bleus-week-end-mouvemente-pour-le-xv-de-france-et-ses-joueurs\/#primaryimage"},"thumbnailUrl":"https:\/\/sport-index.fr\/blog\/wp-content\/uploads\/2025\/05\/sdxl-bae296b7e517fd1f07bfdfddb097ec88-scaled.png","keywords":["Gestion Du Stress","Performance sportive","Pr\u00e9paration Mentale","Tournoi des 6 Nations","XV de France"],"articleSection":["\u00c0 la une"],"inLanguage":"fr-FR","potentialAction":[{"@type":"CommentAction","name":"Comment","target":["https:\/\/sport-index.fr\/blog\/a-la-une\/matthieu-jalibert-et-les-bleus-week-end-mouvemente-pour-le-xv-de-france-et-ses-joueurs\/#respond"]}]},{"@type":"WebPage","@id":"https:\/\/sport-index.fr\/blog\/a-la-une\/matthieu-jalibert-et-les-bleus-week-end-mouvemente-pour-le-xv-de-france-et-ses-joueurs\/","url":"https:\/\/sport-index.fr\/blog\/a-la-une\/matthieu-jalibert-et-les-bleus-week-end-mouvemente-pour-le-xv-de-france-et-ses-joueurs\/","name":"Matthieu Jalibert et les Bleus : week-end mouvement\u00e9","isPartOf":{"@id":"https:\/\/sport-index.fr\/blog\/#website"},"primaryImageOfPage":{"@id":"https:\/\/sport-index.fr\/blog\/a-la-une\/matthieu-jalibert-et-les-bleus-week-end-mouvemente-pour-le-xv-de-france-et-ses-joueurs\/#primaryimage"},"image":{"@id":"https:\/\/sport-index.fr\/blog\/a-la-une\/matthieu-jalibert-et-les-bleus-week-end-mouvemente-pour-le-xv-de-france-et-ses-joueurs\/#primaryimage"},"thumbnailUrl":"https:\/\/sport-index.fr\/blog\/wp-content\/uploads\/2025\/05\/sdxl-bae296b7e517fd1f07bfdfddb097ec88-scaled.png","datePublished":"2025-03-24T12:25:07+00:00","description":"Plusieurs d'entre eux, apr\u00e8s une p\u00e9riode \u00e9prouvante lors du Tournoi des 6 Nations, ont eu l'occasion de se reposer. Cependant, ceux qui \u00e9taient sur le\u2026","inLanguage":"fr-FR","potentialAction":[{"@type":"ReadAction","target":["https:\/\/sport-index.fr\/blog\/a-la-une\/matthieu-jalibert-et-les-bleus-week-end-mouvemente-pour-le-xv-de-france-et-ses-joueurs\/"]}]},{"@type":"ImageObject","inLanguage":"fr-FR","@id":"https:\/\/sport-index.fr\/blog\/a-la-une\/matthieu-jalibert-et-les-bleus-week-end-mouvemente-pour-le-xv-de-france-et-ses-joueurs\/#primaryimage","url":"https:\/\/sport-index.fr\/blog\/wp-content\/uploads\/2025\/05\/sdxl-bae296b7e517fd1f07bfdfddb097ec88-scaled.png","contentUrl":"https:\/\/sport-index.fr\/blog\/wp-content\/uploads\/2025\/05\/sdxl-bae296b7e517fd1f07bfdfddb097ec88-scaled.png","width":1200,"height":500},{"@type":"WebSite","@id":"https:\/\/sport-index.fr\/blog\/#website","url":"https:\/\/sport-index.fr\/blog\/","name":"sport-index.fr","description":"Le score de l\u2019analyse sportive.","publisher":{"@id":"https:\/\/sport-index.fr\/blog\/#organization"},"alternateName":"Le score de l\u2019analyse sportive.","potentialAction":[{"@type":"SearchAction","target":{"@type":"EntryPoint","urlTemplate":"https:\/\/sport-index.fr\/blog\/?s={search_term_string}"},"query-input":{"@type":"PropertyValueSpecification","valueRequired":true,"valueName":"search_term_string"}}],"inLanguage":"fr-FR"},{"@type":"Organization","@id":"https:\/\/sport-index.fr\/blog\/#organization","name":"Foretsensations.fr","url":"https:\/\/sport-index.fr\/blog\/","logo":{"@type":"ImageObject","inLanguage":"fr-FR","@id":"https:\/\/sport-index.fr\/blog\/#\/schema\/logo\/image\/","url":"https:\/\/sport-index.fr\/blog\/wp-content\/uploads\/2026\/07\/logo-auto.png","contentUrl":"https:\/\/sport-index.fr\/blog\/wp-content\/uploads\/2026\/07\/logo-auto.png","width":1024,"height":1024,"caption":"Foretsensations.fr"},"image":{"@id":"https:\/\/sport-index.fr\/blog\/#\/schema\/logo\/image\/"}},{"@type":"Person","@id":"https:\/\/sport-index.fr\/blog\/#\/schema\/person\/3c864cdc320801e3db34b663e7e3f816","name":"Axel Lauzier","image":{"@type":"ImageObject","inLanguage":"fr-FR","@id":"https:\/\/sport-index.fr\/blog\/#\/schema\/person\/image\/","url":"https:\/\/sport-index.fr\/blog\/wp-content\/uploads\/2026\/06\/persona_axel-l-96x96.jpg","contentUrl":"https:\/\/sport-index.fr\/blog\/wp-content\/uploads\/2026\/06\/persona_axel-l-96x96.jpg","caption":"Axel Lauzier"},"description":"Le sport rythme mon quotidien depuis l'enfance, et j'en ai fait mon m\u00e9tier d'analyste r\u00e9dactionnel il y a une dizaine d'ann\u00e9es. Je couvre principalement le football, son actualit\u00e9, ses transferts et l'analyse tactique des grandes affiches, mais aussi les disciplines plus confidentielles que j'aime remettre en lumi\u00e8re. Une partie de mon travail porte sur les pronostics et la lecture statistique d'un match : forme des \u00e9quipes, historique des confrontations, compositions, sans jamais vendre de fausse certitude. Je rappelle syst\u00e9matiquement que parier comporte un risque et doit rester un loisir ma\u00eetris\u00e9. Avant de signer une analyse, je v\u00e9rifie mes chiffres, je recoupe les compositions probables et je distingue toujours la donn\u00e9e brute de l'intuition. Mon objectif : offrir une lecture honn\u00eate et argument\u00e9e, pas un ticket gagnant garanti.","sameAs":["https:\/\/axellauzier.fr\/"],"url":"https:\/\/sport-index.fr\/blog\/auteur\/noname\/"}]}},"_links":{"self":[{"href":"https:\/\/sport-index.fr\/blog\/wp-json\/wp\/v2\/posts\/12496","targetHints":{"allow":["GET"]}}],"collection":[{"href":"https:\/\/sport-index.fr\/blog\/wp-json\/wp\/v2\/posts"}],"about":[{"href":"https:\/\/sport-index.fr\/blog\/wp-json\/wp\/v2\/types\/post"}],"author":[{"embeddable":true,"href":"https:\/\/sport-index.fr\/blog\/wp-json\/wp\/v2\/users\/34"}],"replies":[{"embeddable":true,"href":"https:\/\/sport-index.fr\/blog\/wp-json\/wp\/v2\/comments?post=12496"}],"version-history":[{"count":1,"href":"https:\/\/sport-index.fr\/blog\/wp-json\/wp\/v2\/posts\/12496\/revisions"}],"predecessor-version":[{"id":12500,"href":"https:\/\/sport-index.fr\/blog\/wp-json\/wp\/v2\/posts\/12496\/revisions\/12500"}],"wp:featuredmedia":[{"embeddable":true,"href":"https:\/\/sport-index.fr\/blog\/wp-json\/wp\/v2\/media\/15488"}],"wp:attachment":[{"href":"https:\/\/sport-index.fr\/blog\/wp-json\/wp\/v2\/media?parent=12496"}],"wp:term":[{"taxonomy":"category","embeddable":true,"href":"https:\/\/sport-index.fr\/blog\/wp-json\/wp\/v2\/categories?post=12496"},{"taxonomy":"post_tag","embeddable":true,"href":"https:\/\/sport-index.fr\/blog\/wp-json\/wp\/v2\/tags?post=12496"}],"curies":[{"name":"wp","href":"https:\/\/api.w.org\/{rel}","templated":true}]}}