{"id":12513,"date":"2025-03-25T03:27:26","date_gmt":"2025-03-25T02:27:26","guid":{"rendered":"https:\/\/sport-index.fr\/blog\/?p=12513"},"modified":"2025-03-24T18:40:34","modified_gmt":"2025-03-24T17:40:34","slug":"les-coulisses-du-top-14-avenir-incertain-pour-gustard-alldritt-se-bat-et-les-bleues-reagissent","status":"publish","type":"post","link":"https:\/\/sport-index.fr\/blog\/a-la-une\/les-coulisses-du-top-14-avenir-incertain-pour-gustard-alldritt-se-bat-et-les-bleues-reagissent\/","title":{"rendered":"Les coulisses du Top 14 : avenir incertain pour Gustard, Alldritt se bat et les Bleues r\u00e9agissent"},"content":{"rendered":"<p>Des enjeux cruciaux s&rsquo;annoncent pour l&rsquo;avenir de Paul Gustard au Stade Fran\u00e7ais, tandis que Gr\u00e9gory Alldritt fait preuve d&rsquo;une d\u00e9termination remarquable au sein de son \u00e9quipe. Enfin, le staff des Bleues analyse leur performance, alors que des attentes \u00e9lev\u00e9es p\u00e8sent sur leurs \u00e9paules. Voici un tour d&rsquo;horizon des principaux sujets qui ont fait parler.<\/p>\n<blockquote>\n<h2>Un avenir en suspens pour Paul Gustard<\/h2>\n<\/blockquote>\n<p>La r\u00e9cente victoire du Stade Fran\u00e7ais sur Bayonne (31-27) a soulev\u00e9 des questions concernant le futur de Paul Gustard, l\u2019entra\u00eeneur en chef. Hans-Peter Wild, propri\u00e9taire du club, a exprim\u00e9 son souhait de voir Gustard rester \u00e0 la t\u00eate de l\u2019\u00e9quipe : \u00ab\u00a0J\u2019ai rendez-vous avec lui, on verra bien. Les joueurs seraient tr\u00e8s d\u00e9\u00e7us s\u2019il partait.\u00a0\u00bb Cette d\u00e9claration met en lumi\u00e8re l&rsquo;importance du coach pour le moral des joueurs et la dynamique de l\u2019\u00e9quipe.<\/p>\n<p>Les performances r\u00e9centes du Stade Fran\u00e7ais, marqu\u00e9es par plusieurs victoires importantes, renforcent la position de Gustard. Les tensions autour de son avenir pourraient cependant affecter la concentration de l\u2019\u00e9quipe, alors que chaque match compte dans la lutte pour le maintien et les qualifications. Une situation \u00e0 suivre de pr\u00e8s, car les d\u00e9cisions prises dans les jours \u00e0 venir pourraient influencer le reste de la saison.<\/p>\n<ul>\n<li>Paul Gustard pourrait rester au Stade Fran\u00e7ais.<\/li>\n<li>Les joueurs soutiennent leur entra\u00eeneur.<\/li>\n<li>Les performances r\u00e9centes du club sont encourageantes.<\/li>\n<\/ul>\n<blockquote>\n<h2>Gr\u00e9gory Alldritt : un leader combatif<\/h2>\n<\/blockquote>\n<p>Le capitaine des Maritimes, Gr\u00e9gory Alldritt, a r\u00e9cemment exprim\u00e9 ses pr\u00e9occupations apr\u00e8s un match nul d\u00e9cevant (12-12) contre Castres. Malgr\u00e9 ce revers, il reste d\u00e9termin\u00e9 : \u00ab\u00a0Je pense qu\u2019on est soud\u00e9. Il y a assez de monde comme \u00e7a qui cherche les fautifs.\u00a0\u00bb Sa r\u00e9silience et sa motivation sont des atouts essentiels pour son \u00e9quipe, surtout dans les moments difficiles.<\/p>\n<p>Alldritt insiste sur l&rsquo;importance de maintenir une attitude positive et de se concentrer sur le travail \u00e0 accomplir. \u00ab\u00a0Un comp\u00e9titeur se doit d\u2019arriver tous les lundis avec de l\u2019\u00e9nergie et une envie de travailler,\u00a0\u00bb a-t-il d\u00e9clar\u00e9. Cette mentalit\u00e9 pourrait bien \u00eatre la cl\u00e9 pour redresser la situation de son \u00e9quipe dans les prochaines semaines.<\/p>\n<ul>\n<li>Alldritt fait preuve de leadership face aux d\u00e9fis.<\/li>\n<li>Le soutien mutuel est crucial pour l&rsquo;\u00e9quipe.<\/li>\n<li>Un retour \u00e0 la victoire est attendu rapidement.<\/li>\n<\/ul>\n<blockquote>\n<h2>Les Bleues : un pas en avant malgr\u00e9 les imperfections<\/h2>\n<\/blockquote>\n<p>Le XV de France f\u00e9minin a commenc\u00e9 son Tournoi des 6 Nations sur une note positive avec une victoire contre l&rsquo;Irlande (27-15), mais les entra\u00eeneurs sont rest\u00e9s prudents. David Ortiz et Ga\u00eblle Mignot ont reconnu que, bien que le groupe se soit resserr\u00e9, des am\u00e9liorations sont n\u00e9cessaires : \u00ab\u00a0Nous avons encaiss\u00e9 quelques points mais on n\u2019a jamais paniqu\u00e9.\u00a0\u00bb Cette force de caract\u00e8re est essentielle pour construire une \u00e9quipe comp\u00e9titive.<\/p>\n<p>Les entra\u00eeneurs sont conscients que le chemin vers l&rsquo;excellence est long et sem\u00e9 d&#8217;emb\u00fbches. \u00ab\u00a0On sait que notre marge d\u2019\u00e9volution et de progression est encore importante,\u00a0\u00bb ont-ils soulign\u00e9. Les Bleues semblent pr\u00eates \u00e0 travailler dur pour atteindre leurs objectifs, et cette premi\u00e8re victoire pourrait \u00eatre le tremplin dont elles ont besoin.<\/p>\n<ul>\n<li>Une victoire encourageante pour le XV f\u00e9minin.<\/li>\n<li>Des marges d&rsquo;am\u00e9lioration identifi\u00e9es par le staff.<\/li>\n<li>La force de caract\u00e8re de l&rsquo;\u00e9quipe mise en avant.<\/li>\n<\/ul>\n<blockquote>\n<h2>Les progr\u00e8s notables de l\u2019\u00e9quipe varoise<\/h2>\n<\/blockquote>\n<p>Dans une autre rencontre marquante, le manager varois Pierre Mignoni a exprim\u00e9 sa satisfaction apr\u00e8s une victoire \u00e9clatante contre l\u2019Usap (40-19). \u00ab\u00a0Cette \u00e9quipe travaille vraiment le plus dur possible,\u00a0\u00bb a-t-il d\u00e9clar\u00e9, mettant en avant l&rsquo;effort collectif de ses joueurs. Le bonus offensif obtenu sur un essai de Melvyn Jaminet t\u00e9moigne de la d\u00e9termination et de la coh\u00e9sion de l\u2019\u00e9quipe.<\/p>\n<p>Mignoni a soulign\u00e9 que la consistance est la cl\u00e9 du succ\u00e8s : \u00ab\u00a0\u00c7a va se chercher. \u00c7a se paye !\u00a0\u00bb Cette philosophie de travail acharn\u00e9 pourrait propulser l\u2019\u00e9quipe vers de nouveaux sommets, alors que la saison s&rsquo;intensifie. Les supporters peuvent s&rsquo;attendre \u00e0 voir une \u00e9quipe en pleine progression au fil des semaines.<\/p>\n<ul>\n<li>Victoire significative pour l\u2019\u00e9quipe varoise.<\/li>\n<li>Le travail d\u2019\u00e9quipe est au c\u0153ur des succ\u00e8s.<\/li>\n<li>La consistance est un objectif \u00e0 long terme.<\/li>\n<\/ul>\n<p>Ce week-end a donc \u00e9t\u00e9 riche en enseignements pour le rugby fran\u00e7ais. Les enjeux s&rsquo;intensifient, que ce soit pour les \u00e9quipes du Top 14 ou le XV f\u00e9minin, et chaque d\u00e9claration compte. Les mois \u00e0 venir s\u2019annoncent passionnants, avec des \u00e9quipes d\u00e9termin\u00e9es \u00e0 tout donner pour atteindre leurs objectifs.<\/p>\n","protected":false},"excerpt":{"rendered":"","protected":false},"author":34,"featured_media":15899,"comment_status":"open","ping_status":"open","sticky":false,"template":"","format":"standard","meta":{"_acf_changed":false,"manual_indexmenow":false,"indexmenow_id_project":0,"footnotes":""},"categories":[1],"tags":[4585,4632,4536,4556,4554],"class_list":["post-12513","post","type-post","status-publish","format-standard","has-post-thumbnail","hentry","category-a-la-une","tag-cohesion-dequipe","tag-performance-sportive","tag-rugby","tag-tournoi-des-6-nations","tag-xv-de-france","generate-columns","tablet-grid-50","mobile-grid-100","grid-parent","grid-25"],"acf":[],"yoast_head":"<!-- This site is optimized with the Yoast SEO Premium plugin v21.3 (Yoast SEO v26.5) - https:\/\/yoast.com\/wordpress\/plugins\/seo\/ -->\n<title>Les coulisses du Top 14 : avenir incertain pour Gustard<\/title>\n<meta name=\"description\" content=\"Des enjeux cruciaux s&#039;annoncent pour l&#039;avenir de Paul Gustard au Stade Fran\u00e7ais, tandis que Gr\u00e9gory Alldritt fait preuve d&#039;une d\u00e9termination remarquable\u2026\" \/>\n<meta name=\"robots\" content=\"index, follow, max-snippet:-1, max-image-preview:large, max-video-preview:-1\" \/>\n<link rel=\"canonical\" href=\"https:\/\/sport-index.fr\/blog\/a-la-une\/les-coulisses-du-top-14-avenir-incertain-pour-gustard-alldritt-se-bat-et-les-bleues-reagissent\/\" \/>\n<meta property=\"og:locale\" content=\"fr_FR\" \/>\n<meta property=\"og:type\" content=\"article\" \/>\n<meta property=\"og:title\" content=\"Les coulisses du Top 14 : avenir incertain pour Gustard\" \/>\n<meta property=\"og:description\" content=\"Des enjeux cruciaux s&#039;annoncent pour l&#039;avenir de Paul Gustard au Stade Fran\u00e7ais, tandis que Gr\u00e9gory Alldritt fait preuve d&#039;une d\u00e9termination remarquable\u2026\" \/>\n<meta property=\"og:url\" content=\"https:\/\/sport-index.fr\/blog\/a-la-une\/les-coulisses-du-top-14-avenir-incertain-pour-gustard-alldritt-se-bat-et-les-bleues-reagissent\/\" \/>\n<meta property=\"og:site_name\" content=\"sport-index\" \/>\n<meta name=\"author\" content=\"Axel Lauzier\" \/>\n<meta name=\"twitter:card\" content=\"summary_large_image\" \/>\n<script type=\"application\/ld+json\" class=\"yoast-schema-graph\">{\"@context\":\"https:\/\/schema.org\",\"@graph\":[{\"@type\":\"NewsArticle\",\"@id\":\"https:\/\/sport-index.fr\/blog\/a-la-une\/les-coulisses-du-top-14-avenir-incertain-pour-gustard-alldritt-se-bat-et-les-bleues-reagissent\/#article\",\"isPartOf\":{\"@id\":\"https:\/\/sport-index.fr\/blog\/a-la-une\/les-coulisses-du-top-14-avenir-incertain-pour-gustard-alldritt-se-bat-et-les-bleues-reagissent\/\"},\"author\":{\"name\":\"Axel Lauzier\",\"@id\":\"https:\/\/sport-index.fr\/blog\/#\/schema\/person\/3c864cdc320801e3db34b663e7e3f816\"},\"headline\":\"Les coulisses du Top 14 : avenir incertain pour Gustard, Alldritt se bat et les Bleues r\u00e9agissent\",\"datePublished\":\"2025-03-25T02:27:26+00:00\",\"mainEntityOfPage\":{\"@id\":\"https:\/\/sport-index.fr\/blog\/a-la-une\/les-coulisses-du-top-14-avenir-incertain-pour-gustard-alldritt-se-bat-et-les-bleues-reagissent\/\"},\"wordCount\":795,\"commentCount\":21,\"publisher\":{\"@id\":\"https:\/\/sport-index.fr\/blog\/#organization\"},\"image\":{\"@id\":\"https:\/\/sport-index.fr\/blog\/a-la-une\/les-coulisses-du-top-14-avenir-incertain-pour-gustard-alldritt-se-bat-et-les-bleues-reagissent\/#primaryimage\"},\"thumbnailUrl\":\"https:\/\/sport-index.fr\/blog\/wp-content\/uploads\/2025\/05\/sdxl-f866ca2b33f58cc595a302c4f329c778-scaled.png\",\"keywords\":[\"Coh\u00e9sion d'\u00c9quipe\",\"Performance sportive\",\"Rugby\",\"Tournoi des 6 Nations\",\"XV de France\"],\"articleSection\":[\"\u00c0 la une\"],\"inLanguage\":\"fr-FR\",\"potentialAction\":[{\"@type\":\"CommentAction\",\"name\":\"Comment\",\"target\":[\"https:\/\/sport-index.fr\/blog\/a-la-une\/les-coulisses-du-top-14-avenir-incertain-pour-gustard-alldritt-se-bat-et-les-bleues-reagissent\/#respond\"]}]},{\"@type\":\"WebPage\",\"@id\":\"https:\/\/sport-index.fr\/blog\/a-la-une\/les-coulisses-du-top-14-avenir-incertain-pour-gustard-alldritt-se-bat-et-les-bleues-reagissent\/\",\"url\":\"https:\/\/sport-index.fr\/blog\/a-la-une\/les-coulisses-du-top-14-avenir-incertain-pour-gustard-alldritt-se-bat-et-les-bleues-reagissent\/\",\"name\":\"Les coulisses du Top 14 : avenir incertain pour Gustard\",\"isPartOf\":{\"@id\":\"https:\/\/sport-index.fr\/blog\/#website\"},\"primaryImageOfPage\":{\"@id\":\"https:\/\/sport-index.fr\/blog\/a-la-une\/les-coulisses-du-top-14-avenir-incertain-pour-gustard-alldritt-se-bat-et-les-bleues-reagissent\/#primaryimage\"},\"image\":{\"@id\":\"https:\/\/sport-index.fr\/blog\/a-la-une\/les-coulisses-du-top-14-avenir-incertain-pour-gustard-alldritt-se-bat-et-les-bleues-reagissent\/#primaryimage\"},\"thumbnailUrl\":\"https:\/\/sport-index.fr\/blog\/wp-content\/uploads\/2025\/05\/sdxl-f866ca2b33f58cc595a302c4f329c778-scaled.png\",\"datePublished\":\"2025-03-25T02:27:26+00:00\",\"description\":\"Des enjeux cruciaux s'annoncent pour l'avenir de Paul Gustard au Stade Fran\u00e7ais, tandis que Gr\u00e9gory Alldritt fait preuve d'une d\u00e9termination remarquable\u2026\",\"inLanguage\":\"fr-FR\",\"potentialAction\":[{\"@type\":\"ReadAction\",\"target\":[\"https:\/\/sport-index.fr\/blog\/a-la-une\/les-coulisses-du-top-14-avenir-incertain-pour-gustard-alldritt-se-bat-et-les-bleues-reagissent\/\"]}]},{\"@type\":\"ImageObject\",\"inLanguage\":\"fr-FR\",\"@id\":\"https:\/\/sport-index.fr\/blog\/a-la-une\/les-coulisses-du-top-14-avenir-incertain-pour-gustard-alldritt-se-bat-et-les-bleues-reagissent\/#primaryimage\",\"url\":\"https:\/\/sport-index.fr\/blog\/wp-content\/uploads\/2025\/05\/sdxl-f866ca2b33f58cc595a302c4f329c778-scaled.png\",\"contentUrl\":\"https:\/\/sport-index.fr\/blog\/wp-content\/uploads\/2025\/05\/sdxl-f866ca2b33f58cc595a302c4f329c778-scaled.png\",\"width\":1200,\"height\":500},{\"@type\":\"WebSite\",\"@id\":\"https:\/\/sport-index.fr\/blog\/#website\",\"url\":\"https:\/\/sport-index.fr\/blog\/\",\"name\":\"sport-index.fr\",\"description\":\"Le score de l\u2019analyse sportive.\",\"publisher\":{\"@id\":\"https:\/\/sport-index.fr\/blog\/#organization\"},\"alternateName\":\"Le score de l\u2019analyse sportive.\",\"potentialAction\":[{\"@type\":\"SearchAction\",\"target\":{\"@type\":\"EntryPoint\",\"urlTemplate\":\"https:\/\/sport-index.fr\/blog\/?s={search_term_string}\"},\"query-input\":{\"@type\":\"PropertyValueSpecification\",\"valueRequired\":true,\"valueName\":\"search_term_string\"}}],\"inLanguage\":\"fr-FR\"},{\"@type\":\"Organization\",\"@id\":\"https:\/\/sport-index.fr\/blog\/#organization\",\"name\":\"Foretsensations.fr\",\"url\":\"https:\/\/sport-index.fr\/blog\/\",\"logo\":{\"@type\":\"ImageObject\",\"inLanguage\":\"fr-FR\",\"@id\":\"https:\/\/sport-index.fr\/blog\/#\/schema\/logo\/image\/\",\"url\":\"https:\/\/sport-index.fr\/blog\/wp-content\/uploads\/2026\/07\/logo-auto.png\",\"contentUrl\":\"https:\/\/sport-index.fr\/blog\/wp-content\/uploads\/2026\/07\/logo-auto.png\",\"width\":1024,\"height\":1024,\"caption\":\"Foretsensations.fr\"},\"image\":{\"@id\":\"https:\/\/sport-index.fr\/blog\/#\/schema\/logo\/image\/\"}},{\"@type\":\"Person\",\"@id\":\"https:\/\/sport-index.fr\/blog\/#\/schema\/person\/3c864cdc320801e3db34b663e7e3f816\",\"name\":\"Axel Lauzier\",\"image\":{\"@type\":\"ImageObject\",\"inLanguage\":\"fr-FR\",\"@id\":\"https:\/\/sport-index.fr\/blog\/#\/schema\/person\/image\/\",\"url\":\"https:\/\/sport-index.fr\/blog\/wp-content\/uploads\/2026\/06\/persona_axel-l-96x96.jpg\",\"contentUrl\":\"https:\/\/sport-index.fr\/blog\/wp-content\/uploads\/2026\/06\/persona_axel-l-96x96.jpg\",\"caption\":\"Axel Lauzier\"},\"description\":\"Le sport rythme mon quotidien depuis l'enfance, et j'en ai fait mon m\u00e9tier d'analyste r\u00e9dactionnel il y a une dizaine d'ann\u00e9es. Je couvre principalement le football, son actualit\u00e9, ses transferts et l'analyse tactique des grandes affiches, mais aussi les disciplines plus confidentielles que j'aime remettre en lumi\u00e8re. Une partie de mon travail porte sur les pronostics et la lecture statistique d'un match : forme des \u00e9quipes, historique des confrontations, compositions, sans jamais vendre de fausse certitude. Je rappelle syst\u00e9matiquement que parier comporte un risque et doit rester un loisir ma\u00eetris\u00e9. Avant de signer une analyse, je v\u00e9rifie mes chiffres, je recoupe les compositions probables et je distingue toujours la donn\u00e9e brute de l'intuition. Mon objectif : offrir une lecture honn\u00eate et argument\u00e9e, pas un ticket gagnant garanti.\",\"sameAs\":[\"https:\/\/axellauzier.fr\/\"],\"url\":\"https:\/\/sport-index.fr\/blog\/auteur\/noname\/\"}]}<\/script>\n<!-- \/ Yoast SEO Premium plugin. -->","yoast_head_json":{"title":"Les coulisses du Top 14 : avenir incertain pour Gustard","description":"Des enjeux cruciaux s'annoncent pour l'avenir de Paul Gustard au Stade Fran\u00e7ais, tandis que Gr\u00e9gory Alldritt fait preuve d'une d\u00e9termination remarquable\u2026","robots":{"index":"index","follow":"follow","max-snippet":"max-snippet:-1","max-image-preview":"max-image-preview:large","max-video-preview":"max-video-preview:-1"},"canonical":"https:\/\/sport-index.fr\/blog\/a-la-une\/les-coulisses-du-top-14-avenir-incertain-pour-gustard-alldritt-se-bat-et-les-bleues-reagissent\/","og_locale":"fr_FR","og_type":"article","og_title":"Les coulisses du Top 14 : avenir incertain pour Gustard","og_description":"Des enjeux cruciaux s'annoncent pour l'avenir de Paul Gustard au Stade Fran\u00e7ais, tandis que Gr\u00e9gory Alldritt fait preuve d'une d\u00e9termination remarquable\u2026","og_url":"https:\/\/sport-index.fr\/blog\/a-la-une\/les-coulisses-du-top-14-avenir-incertain-pour-gustard-alldritt-se-bat-et-les-bleues-reagissent\/","og_site_name":"sport-index","author":"Axel Lauzier","twitter_card":"summary_large_image","schema":{"@context":"https:\/\/schema.org","@graph":[{"@type":"NewsArticle","@id":"https:\/\/sport-index.fr\/blog\/a-la-une\/les-coulisses-du-top-14-avenir-incertain-pour-gustard-alldritt-se-bat-et-les-bleues-reagissent\/#article","isPartOf":{"@id":"https:\/\/sport-index.fr\/blog\/a-la-une\/les-coulisses-du-top-14-avenir-incertain-pour-gustard-alldritt-se-bat-et-les-bleues-reagissent\/"},"author":{"name":"Axel Lauzier","@id":"https:\/\/sport-index.fr\/blog\/#\/schema\/person\/3c864cdc320801e3db34b663e7e3f816"},"headline":"Les coulisses du Top 14 : avenir incertain pour Gustard, Alldritt se bat et les Bleues r\u00e9agissent","datePublished":"2025-03-25T02:27:26+00:00","mainEntityOfPage":{"@id":"https:\/\/sport-index.fr\/blog\/a-la-une\/les-coulisses-du-top-14-avenir-incertain-pour-gustard-alldritt-se-bat-et-les-bleues-reagissent\/"},"wordCount":795,"commentCount":21,"publisher":{"@id":"https:\/\/sport-index.fr\/blog\/#organization"},"image":{"@id":"https:\/\/sport-index.fr\/blog\/a-la-une\/les-coulisses-du-top-14-avenir-incertain-pour-gustard-alldritt-se-bat-et-les-bleues-reagissent\/#primaryimage"},"thumbnailUrl":"https:\/\/sport-index.fr\/blog\/wp-content\/uploads\/2025\/05\/sdxl-f866ca2b33f58cc595a302c4f329c778-scaled.png","keywords":["Coh\u00e9sion d'\u00c9quipe","Performance sportive","Rugby","Tournoi des 6 Nations","XV de France"],"articleSection":["\u00c0 la une"],"inLanguage":"fr-FR","potentialAction":[{"@type":"CommentAction","name":"Comment","target":["https:\/\/sport-index.fr\/blog\/a-la-une\/les-coulisses-du-top-14-avenir-incertain-pour-gustard-alldritt-se-bat-et-les-bleues-reagissent\/#respond"]}]},{"@type":"WebPage","@id":"https:\/\/sport-index.fr\/blog\/a-la-une\/les-coulisses-du-top-14-avenir-incertain-pour-gustard-alldritt-se-bat-et-les-bleues-reagissent\/","url":"https:\/\/sport-index.fr\/blog\/a-la-une\/les-coulisses-du-top-14-avenir-incertain-pour-gustard-alldritt-se-bat-et-les-bleues-reagissent\/","name":"Les coulisses du Top 14 : avenir incertain pour Gustard","isPartOf":{"@id":"https:\/\/sport-index.fr\/blog\/#website"},"primaryImageOfPage":{"@id":"https:\/\/sport-index.fr\/blog\/a-la-une\/les-coulisses-du-top-14-avenir-incertain-pour-gustard-alldritt-se-bat-et-les-bleues-reagissent\/#primaryimage"},"image":{"@id":"https:\/\/sport-index.fr\/blog\/a-la-une\/les-coulisses-du-top-14-avenir-incertain-pour-gustard-alldritt-se-bat-et-les-bleues-reagissent\/#primaryimage"},"thumbnailUrl":"https:\/\/sport-index.fr\/blog\/wp-content\/uploads\/2025\/05\/sdxl-f866ca2b33f58cc595a302c4f329c778-scaled.png","datePublished":"2025-03-25T02:27:26+00:00","description":"Des enjeux cruciaux s'annoncent pour l'avenir de Paul Gustard au Stade Fran\u00e7ais, tandis que Gr\u00e9gory Alldritt fait preuve d'une d\u00e9termination remarquable\u2026","inLanguage":"fr-FR","potentialAction":[{"@type":"ReadAction","target":["https:\/\/sport-index.fr\/blog\/a-la-une\/les-coulisses-du-top-14-avenir-incertain-pour-gustard-alldritt-se-bat-et-les-bleues-reagissent\/"]}]},{"@type":"ImageObject","inLanguage":"fr-FR","@id":"https:\/\/sport-index.fr\/blog\/a-la-une\/les-coulisses-du-top-14-avenir-incertain-pour-gustard-alldritt-se-bat-et-les-bleues-reagissent\/#primaryimage","url":"https:\/\/sport-index.fr\/blog\/wp-content\/uploads\/2025\/05\/sdxl-f866ca2b33f58cc595a302c4f329c778-scaled.png","contentUrl":"https:\/\/sport-index.fr\/blog\/wp-content\/uploads\/2025\/05\/sdxl-f866ca2b33f58cc595a302c4f329c778-scaled.png","width":1200,"height":500},{"@type":"WebSite","@id":"https:\/\/sport-index.fr\/blog\/#website","url":"https:\/\/sport-index.fr\/blog\/","name":"sport-index.fr","description":"Le score de l\u2019analyse sportive.","publisher":{"@id":"https:\/\/sport-index.fr\/blog\/#organization"},"alternateName":"Le score de l\u2019analyse sportive.","potentialAction":[{"@type":"SearchAction","target":{"@type":"EntryPoint","urlTemplate":"https:\/\/sport-index.fr\/blog\/?s={search_term_string}"},"query-input":{"@type":"PropertyValueSpecification","valueRequired":true,"valueName":"search_term_string"}}],"inLanguage":"fr-FR"},{"@type":"Organization","@id":"https:\/\/sport-index.fr\/blog\/#organization","name":"Foretsensations.fr","url":"https:\/\/sport-index.fr\/blog\/","logo":{"@type":"ImageObject","inLanguage":"fr-FR","@id":"https:\/\/sport-index.fr\/blog\/#\/schema\/logo\/image\/","url":"https:\/\/sport-index.fr\/blog\/wp-content\/uploads\/2026\/07\/logo-auto.png","contentUrl":"https:\/\/sport-index.fr\/blog\/wp-content\/uploads\/2026\/07\/logo-auto.png","width":1024,"height":1024,"caption":"Foretsensations.fr"},"image":{"@id":"https:\/\/sport-index.fr\/blog\/#\/schema\/logo\/image\/"}},{"@type":"Person","@id":"https:\/\/sport-index.fr\/blog\/#\/schema\/person\/3c864cdc320801e3db34b663e7e3f816","name":"Axel Lauzier","image":{"@type":"ImageObject","inLanguage":"fr-FR","@id":"https:\/\/sport-index.fr\/blog\/#\/schema\/person\/image\/","url":"https:\/\/sport-index.fr\/blog\/wp-content\/uploads\/2026\/06\/persona_axel-l-96x96.jpg","contentUrl":"https:\/\/sport-index.fr\/blog\/wp-content\/uploads\/2026\/06\/persona_axel-l-96x96.jpg","caption":"Axel Lauzier"},"description":"Le sport rythme mon quotidien depuis l'enfance, et j'en ai fait mon m\u00e9tier d'analyste r\u00e9dactionnel il y a une dizaine d'ann\u00e9es. Je couvre principalement le football, son actualit\u00e9, ses transferts et l'analyse tactique des grandes affiches, mais aussi les disciplines plus confidentielles que j'aime remettre en lumi\u00e8re. Une partie de mon travail porte sur les pronostics et la lecture statistique d'un match : forme des \u00e9quipes, historique des confrontations, compositions, sans jamais vendre de fausse certitude. Je rappelle syst\u00e9matiquement que parier comporte un risque et doit rester un loisir ma\u00eetris\u00e9. Avant de signer une analyse, je v\u00e9rifie mes chiffres, je recoupe les compositions probables et je distingue toujours la donn\u00e9e brute de l'intuition. Mon objectif : offrir une lecture honn\u00eate et argument\u00e9e, pas un ticket gagnant garanti.","sameAs":["https:\/\/axellauzier.fr\/"],"url":"https:\/\/sport-index.fr\/blog\/auteur\/noname\/"}]}},"_links":{"self":[{"href":"https:\/\/sport-index.fr\/blog\/wp-json\/wp\/v2\/posts\/12513","targetHints":{"allow":["GET"]}}],"collection":[{"href":"https:\/\/sport-index.fr\/blog\/wp-json\/wp\/v2\/posts"}],"about":[{"href":"https:\/\/sport-index.fr\/blog\/wp-json\/wp\/v2\/types\/post"}],"author":[{"embeddable":true,"href":"https:\/\/sport-index.fr\/blog\/wp-json\/wp\/v2\/users\/34"}],"replies":[{"embeddable":true,"href":"https:\/\/sport-index.fr\/blog\/wp-json\/wp\/v2\/comments?post=12513"}],"version-history":[{"count":1,"href":"https:\/\/sport-index.fr\/blog\/wp-json\/wp\/v2\/posts\/12513\/revisions"}],"predecessor-version":[{"id":12524,"href":"https:\/\/sport-index.fr\/blog\/wp-json\/wp\/v2\/posts\/12513\/revisions\/12524"}],"wp:featuredmedia":[{"embeddable":true,"href":"https:\/\/sport-index.fr\/blog\/wp-json\/wp\/v2\/media\/15899"}],"wp:attachment":[{"href":"https:\/\/sport-index.fr\/blog\/wp-json\/wp\/v2\/media?parent=12513"}],"wp:term":[{"taxonomy":"category","embeddable":true,"href":"https:\/\/sport-index.fr\/blog\/wp-json\/wp\/v2\/categories?post=12513"},{"taxonomy":"post_tag","embeddable":true,"href":"https:\/\/sport-index.fr\/blog\/wp-json\/wp\/v2\/tags?post=12513"}],"curies":[{"name":"wp","href":"https:\/\/api.w.org\/{rel}","templated":true}]}}