{"id":12542,"date":"2025-03-25T16:41:22","date_gmt":"2025-03-25T15:41:22","guid":{"rendered":"https:\/\/sport-index.fr\/blog\/?p=12542"},"modified":"2025-03-25T13:28:58","modified_gmt":"2025-03-25T12:28:58","slug":"pro-d2-jean-baptiste-barrere-dax-une-equipe-de-defis-et-un-avenir-a-batir","status":"publish","type":"post","link":"https:\/\/sport-index.fr\/blog\/a-la-une\/pro-d2-jean-baptiste-barrere-dax-une-equipe-de-defis-et-un-avenir-a-batir\/","title":{"rendered":"Pro D2 \u2013 Jean-Baptiste Barr\u00e8re (Dax) : une \u00e9quipe de d\u00e9fis et un avenir \u00e0 b\u00e2tir"},"content":{"rendered":"<h2>Une p\u00e9riode difficile mais pleine d&rsquo;espoir<\/h2>\n<p>Lors d&rsquo;une r\u00e9cente interview, il a exprim\u00e9 sa d\u00e9termination \u00e0 surmonter cette phase, soulignant l&rsquo;importance de la r\u00e9silience et de l&rsquo;engagement dans le sport. Selon lui, cette tr\u00eave a \u00e9t\u00e9 b\u00e9n\u00e9fique pour l&rsquo;\u00e9quipe afin de se ressourcer et de revenir avec une nouvelle \u00e9nergie.<\/p>\n<p>Le joueur de 35 ans a affirm\u00e9 que cette pause \u00e9tait n\u00e9cessaire pour repartir sur de bonnes bases. \u00ab\u00a0\u00c7a fait du bien de s\u2019\u00e9vader, de penser \u00e0 autre chose, et jeudi nous sommes revenus avec beaucoup d\u2019envie\u00a0\u00bb, a-t-il d\u00e9clar\u00e9. Barr\u00e8re sait que chaque match est crucial et qu&rsquo;il faut retrouver une mentalit\u00e9 conqu\u00e9rante pour esp\u00e9rer gagner.<\/p>\n<h2>Analyser les d\u00e9fis de l&rsquo;\u00e9quipe<\/h2>\n<p>La situation actuelle de l&rsquo;US Dax peut sembler pr\u00e9occupante, mais Barr\u00e8re reste optimiste. Il a soulign\u00e9 que l&rsquo;objectif principal de l&rsquo;\u00e9quipe reste le maintien en Pro D2, un d\u00e9fi qu&rsquo;ils doivent aborder avec humilit\u00e9. \u00ab\u00a0Il faut faire le dos rond, \u00eatre patient\u00a0\u00bb, a-t-il ajout\u00e9, reconnaissant que les erreurs des matchs pr\u00e9c\u00e9dents doivent servir de le\u00e7ons pour le futur.<\/p>\n<p>Au fil des saisons, les rebonds de la chance peuvent changer, comme le montre leur r\u00e9cente s\u00e9rie de d\u00e9faites dans les derni\u00e8res minutes des matchs. Barr\u00e8re estime que la cl\u00e9 r\u00e9side dans la concentration et la d\u00e9termination, notamment lors des phases de conqu\u00eate, essentielles pour la r\u00e9ussite de l\u2019\u00e9quipe. \u00ab\u00a0Si on veut un peu exister dans ce championnat, il faudra \u00eatre bon sur la conqu\u00eate\u00a0\u00bb, a-t-il pr\u00e9cis\u00e9.<\/p>\n<h2>Un avenir prometteur avec des projets d&rsquo;entra\u00eenement<\/h2>\n<p>En plus de son r\u00f4le de joueur, Jean-Baptiste Barr\u00e8re est \u00e9galement impliqu\u00e9 dans l&rsquo;entra\u00eenement des jeunes au club. Cela lui permet de transmettre son exp\u00e9rience tout en restant proche du rugby, un sport qui lui tient \u00e0 c\u0153ur. \u00ab\u00a0Je prends un r\u00e9el plaisir \u00e0 entra\u00eener et \u00e0 partager mes ficelles avec les jeunes\u00a0\u00bb, a-t-il confi\u00e9.<\/p>\n<p>Cette implication aupr\u00e8s des espoirs de l\u2019USD t\u00e9moigne de son d\u00e9sir de contribuer au d\u00e9veloppement des futures g\u00e9n\u00e9rations de joueurs. Barr\u00e8re a d\u00e9j\u00e0 une vision pour l&rsquo;avenir, m\u00eame s&rsquo;il ne se projette pas trop loin. Il sait que chaque jour pass\u00e9 sur le terrain est une occasion d&rsquo;apprendre et de grandir, tant sur le plan personnel que professionnel.<\/p>\n<ul>\n<li>Maintien en Pro D2 comme objectif prioritaire<\/li>\n<li>Importance de la conqu\u00eate et de la concentration<\/li>\n<li>Passion pour l&rsquo;entra\u00eenement des jeunes joueurs<\/li>\n<li>Volont\u00e9 de transmettre son exp\u00e9rience et savoir-faire<\/li>\n<li>Optimisme face aux d\u00e9fis \u00e0 venir<\/li>\n<\/ul>\n<blockquote><p>\n  \u00ab\u00a0On est une \u00e9quipe de d\u00e9fis, et l\u00e0, on en a un beau qui nous attend.\u00a0\u00bb \u2013 Jean-Baptiste Barr\u00e8re\n<\/p><\/blockquote>\n<p>Avec une carri\u00e8re marqu\u00e9e par des \u00e9preuves et des succ\u00e8s, Jean-Baptiste Barr\u00e8re incarne la pers\u00e9v\u00e9rance dans le monde du rugby. \u00c0 travers ses mots, il inspire ses co\u00e9quipiers et les jeunes qu&rsquo;il entra\u00eene \u00e0 croire en leurs capacit\u00e9s. Alors que l\u2019\u00e9quipe de Dax se pr\u00e9pare \u00e0 affronter B\u00e9ziers, l&rsquo;enthousiasme et la d\u00e9termination de Barr\u00e8re pourraient bien faire la diff\u00e9rence sur le terrain.<\/p>\n","protected":false},"excerpt":{"rendered":"","protected":false},"author":34,"featured_media":15476,"comment_status":"open","ping_status":"open","sticky":false,"template":"","format":"standard","meta":{"_acf_changed":false,"manual_indexmenow":false,"indexmenow_id_project":0,"footnotes":""},"categories":[1],"tags":[4544,4561,4632,4693,4408],"class_list":["post-12542","post","type-post","status-publish","format-standard","has-post-thumbnail","hentry","category-a-la-une","tag-equipe","tag-gestion-des-talents","tag-performance-sportive","tag-pro-d2","tag-resilience","generate-columns","tablet-grid-50","mobile-grid-100","grid-parent","grid-25"],"acf":[],"yoast_head":"<!-- This site is optimized with the Yoast SEO Premium plugin v21.3 (Yoast SEO v26.5) - https:\/\/yoast.com\/wordpress\/plugins\/seo\/ -->\n<title>Pro D2 \u2013 Jean-Baptiste Barr\u00e8re (Dax) : une \u00e9quipe de d\u00e9fis<\/title>\n<meta name=\"description\" content=\"Une p\u00e9riode difficile mais pleine d&#039;espoir Lors d&#039;une r\u00e9cente interview, il a exprim\u00e9 sa d\u00e9termination \u00e0 surmonter cette phase, soulignant l&#039;importance\u2026\" \/>\n<meta name=\"robots\" content=\"index, follow, max-snippet:-1, max-image-preview:large, max-video-preview:-1\" \/>\n<link rel=\"canonical\" href=\"https:\/\/sport-index.fr\/blog\/a-la-une\/pro-d2-jean-baptiste-barrere-dax-une-equipe-de-defis-et-un-avenir-a-batir\/\" \/>\n<meta property=\"og:locale\" content=\"fr_FR\" \/>\n<meta property=\"og:type\" content=\"article\" \/>\n<meta property=\"og:title\" content=\"Pro D2 \u2013 Jean-Baptiste Barr\u00e8re (Dax) : une \u00e9quipe de d\u00e9fis\" \/>\n<meta property=\"og:description\" content=\"Une p\u00e9riode difficile mais pleine d&#039;espoir Lors d&#039;une r\u00e9cente interview, il a exprim\u00e9 sa d\u00e9termination \u00e0 surmonter cette phase, soulignant l&#039;importance\u2026\" \/>\n<meta property=\"og:url\" content=\"https:\/\/sport-index.fr\/blog\/a-la-une\/pro-d2-jean-baptiste-barrere-dax-une-equipe-de-defis-et-un-avenir-a-batir\/\" \/>\n<meta property=\"og:site_name\" content=\"sport-index\" \/>\n<meta name=\"author\" content=\"Axel Lauzier\" \/>\n<meta name=\"twitter:card\" content=\"summary_large_image\" \/>\n<script type=\"application\/ld+json\" class=\"yoast-schema-graph\">{\"@context\":\"https:\/\/schema.org\",\"@graph\":[{\"@type\":\"NewsArticle\",\"@id\":\"https:\/\/sport-index.fr\/blog\/a-la-une\/pro-d2-jean-baptiste-barrere-dax-une-equipe-de-defis-et-un-avenir-a-batir\/#article\",\"isPartOf\":{\"@id\":\"https:\/\/sport-index.fr\/blog\/a-la-une\/pro-d2-jean-baptiste-barrere-dax-une-equipe-de-defis-et-un-avenir-a-batir\/\"},\"author\":{\"name\":\"Axel Lauzier\",\"@id\":\"https:\/\/sport-index.fr\/blog\/#\/schema\/person\/3c864cdc320801e3db34b663e7e3f816\"},\"headline\":\"Pro D2 \u2013 Jean-Baptiste Barr\u00e8re (Dax) : une \u00e9quipe de d\u00e9fis et un avenir \u00e0 b\u00e2tir\",\"datePublished\":\"2025-03-25T15:41:22+00:00\",\"mainEntityOfPage\":{\"@id\":\"https:\/\/sport-index.fr\/blog\/a-la-une\/pro-d2-jean-baptiste-barrere-dax-une-equipe-de-defis-et-un-avenir-a-batir\/\"},\"wordCount\":567,\"commentCount\":25,\"publisher\":{\"@id\":\"https:\/\/sport-index.fr\/blog\/#organization\"},\"image\":{\"@id\":\"https:\/\/sport-index.fr\/blog\/a-la-une\/pro-d2-jean-baptiste-barrere-dax-une-equipe-de-defis-et-un-avenir-a-batir\/#primaryimage\"},\"thumbnailUrl\":\"https:\/\/sport-index.fr\/blog\/wp-content\/uploads\/2025\/05\/sdxl-63ac58d59fa403da470b52606dd138bf-scaled.png\",\"keywords\":[\"\u00c9quipe\",\"Gestion des Talents\",\"Performance sportive\",\"Pro D2\",\"R\u00e9silience\"],\"articleSection\":[\"\u00c0 la une\"],\"inLanguage\":\"fr-FR\",\"potentialAction\":[{\"@type\":\"CommentAction\",\"name\":\"Comment\",\"target\":[\"https:\/\/sport-index.fr\/blog\/a-la-une\/pro-d2-jean-baptiste-barrere-dax-une-equipe-de-defis-et-un-avenir-a-batir\/#respond\"]}]},{\"@type\":\"WebPage\",\"@id\":\"https:\/\/sport-index.fr\/blog\/a-la-une\/pro-d2-jean-baptiste-barrere-dax-une-equipe-de-defis-et-un-avenir-a-batir\/\",\"url\":\"https:\/\/sport-index.fr\/blog\/a-la-une\/pro-d2-jean-baptiste-barrere-dax-une-equipe-de-defis-et-un-avenir-a-batir\/\",\"name\":\"Pro D2 \u2013 Jean-Baptiste Barr\u00e8re (Dax) : une \u00e9quipe de d\u00e9fis\",\"isPartOf\":{\"@id\":\"https:\/\/sport-index.fr\/blog\/#website\"},\"primaryImageOfPage\":{\"@id\":\"https:\/\/sport-index.fr\/blog\/a-la-une\/pro-d2-jean-baptiste-barrere-dax-une-equipe-de-defis-et-un-avenir-a-batir\/#primaryimage\"},\"image\":{\"@id\":\"https:\/\/sport-index.fr\/blog\/a-la-une\/pro-d2-jean-baptiste-barrere-dax-une-equipe-de-defis-et-un-avenir-a-batir\/#primaryimage\"},\"thumbnailUrl\":\"https:\/\/sport-index.fr\/blog\/wp-content\/uploads\/2025\/05\/sdxl-63ac58d59fa403da470b52606dd138bf-scaled.png\",\"datePublished\":\"2025-03-25T15:41:22+00:00\",\"description\":\"Une p\u00e9riode difficile mais pleine d'espoir Lors d'une r\u00e9cente interview, il a exprim\u00e9 sa d\u00e9termination \u00e0 surmonter cette phase, soulignant l'importance\u2026\",\"inLanguage\":\"fr-FR\",\"potentialAction\":[{\"@type\":\"ReadAction\",\"target\":[\"https:\/\/sport-index.fr\/blog\/a-la-une\/pro-d2-jean-baptiste-barrere-dax-une-equipe-de-defis-et-un-avenir-a-batir\/\"]}]},{\"@type\":\"ImageObject\",\"inLanguage\":\"fr-FR\",\"@id\":\"https:\/\/sport-index.fr\/blog\/a-la-une\/pro-d2-jean-baptiste-barrere-dax-une-equipe-de-defis-et-un-avenir-a-batir\/#primaryimage\",\"url\":\"https:\/\/sport-index.fr\/blog\/wp-content\/uploads\/2025\/05\/sdxl-63ac58d59fa403da470b52606dd138bf-scaled.png\",\"contentUrl\":\"https:\/\/sport-index.fr\/blog\/wp-content\/uploads\/2025\/05\/sdxl-63ac58d59fa403da470b52606dd138bf-scaled.png\",\"width\":1200,\"height\":500},{\"@type\":\"WebSite\",\"@id\":\"https:\/\/sport-index.fr\/blog\/#website\",\"url\":\"https:\/\/sport-index.fr\/blog\/\",\"name\":\"sport-index.fr\",\"description\":\"Le score de l\u2019analyse sportive.\",\"publisher\":{\"@id\":\"https:\/\/sport-index.fr\/blog\/#organization\"},\"alternateName\":\"Le score de l\u2019analyse sportive.\",\"potentialAction\":[{\"@type\":\"SearchAction\",\"target\":{\"@type\":\"EntryPoint\",\"urlTemplate\":\"https:\/\/sport-index.fr\/blog\/?s={search_term_string}\"},\"query-input\":{\"@type\":\"PropertyValueSpecification\",\"valueRequired\":true,\"valueName\":\"search_term_string\"}}],\"inLanguage\":\"fr-FR\"},{\"@type\":\"Organization\",\"@id\":\"https:\/\/sport-index.fr\/blog\/#organization\",\"name\":\"Foretsensations.fr\",\"url\":\"https:\/\/sport-index.fr\/blog\/\",\"logo\":{\"@type\":\"ImageObject\",\"inLanguage\":\"fr-FR\",\"@id\":\"https:\/\/sport-index.fr\/blog\/#\/schema\/logo\/image\/\",\"url\":\"https:\/\/sport-index.fr\/blog\/wp-content\/uploads\/2026\/07\/logo-auto.png\",\"contentUrl\":\"https:\/\/sport-index.fr\/blog\/wp-content\/uploads\/2026\/07\/logo-auto.png\",\"width\":1024,\"height\":1024,\"caption\":\"Foretsensations.fr\"},\"image\":{\"@id\":\"https:\/\/sport-index.fr\/blog\/#\/schema\/logo\/image\/\"}},{\"@type\":\"Person\",\"@id\":\"https:\/\/sport-index.fr\/blog\/#\/schema\/person\/3c864cdc320801e3db34b663e7e3f816\",\"name\":\"Axel Lauzier\",\"image\":{\"@type\":\"ImageObject\",\"inLanguage\":\"fr-FR\",\"@id\":\"https:\/\/sport-index.fr\/blog\/#\/schema\/person\/image\/\",\"url\":\"https:\/\/sport-index.fr\/blog\/wp-content\/uploads\/2026\/06\/persona_axel-l-96x96.jpg\",\"contentUrl\":\"https:\/\/sport-index.fr\/blog\/wp-content\/uploads\/2026\/06\/persona_axel-l-96x96.jpg\",\"caption\":\"Axel Lauzier\"},\"description\":\"Le sport rythme mon quotidien depuis l'enfance, et j'en ai fait mon m\u00e9tier d'analyste r\u00e9dactionnel il y a une dizaine d'ann\u00e9es. Je couvre principalement le football, son actualit\u00e9, ses transferts et l'analyse tactique des grandes affiches, mais aussi les disciplines plus confidentielles que j'aime remettre en lumi\u00e8re. Une partie de mon travail porte sur les pronostics et la lecture statistique d'un match : forme des \u00e9quipes, historique des confrontations, compositions, sans jamais vendre de fausse certitude. Je rappelle syst\u00e9matiquement que parier comporte un risque et doit rester un loisir ma\u00eetris\u00e9. Avant de signer une analyse, je v\u00e9rifie mes chiffres, je recoupe les compositions probables et je distingue toujours la donn\u00e9e brute de l'intuition. Mon objectif : offrir une lecture honn\u00eate et argument\u00e9e, pas un ticket gagnant garanti.\",\"sameAs\":[\"https:\/\/axellauzier.fr\/\"],\"url\":\"https:\/\/sport-index.fr\/blog\/auteur\/noname\/\"}]}<\/script>\n<!-- \/ Yoast SEO Premium plugin. -->","yoast_head_json":{"title":"Pro D2 \u2013 Jean-Baptiste Barr\u00e8re (Dax) : une \u00e9quipe de d\u00e9fis","description":"Une p\u00e9riode difficile mais pleine d'espoir Lors d'une r\u00e9cente interview, il a exprim\u00e9 sa d\u00e9termination \u00e0 surmonter cette phase, soulignant l'importance\u2026","robots":{"index":"index","follow":"follow","max-snippet":"max-snippet:-1","max-image-preview":"max-image-preview:large","max-video-preview":"max-video-preview:-1"},"canonical":"https:\/\/sport-index.fr\/blog\/a-la-une\/pro-d2-jean-baptiste-barrere-dax-une-equipe-de-defis-et-un-avenir-a-batir\/","og_locale":"fr_FR","og_type":"article","og_title":"Pro D2 \u2013 Jean-Baptiste Barr\u00e8re (Dax) : une \u00e9quipe de d\u00e9fis","og_description":"Une p\u00e9riode difficile mais pleine d'espoir Lors d'une r\u00e9cente interview, il a exprim\u00e9 sa d\u00e9termination \u00e0 surmonter cette phase, soulignant l'importance\u2026","og_url":"https:\/\/sport-index.fr\/blog\/a-la-une\/pro-d2-jean-baptiste-barrere-dax-une-equipe-de-defis-et-un-avenir-a-batir\/","og_site_name":"sport-index","author":"Axel Lauzier","twitter_card":"summary_large_image","schema":{"@context":"https:\/\/schema.org","@graph":[{"@type":"NewsArticle","@id":"https:\/\/sport-index.fr\/blog\/a-la-une\/pro-d2-jean-baptiste-barrere-dax-une-equipe-de-defis-et-un-avenir-a-batir\/#article","isPartOf":{"@id":"https:\/\/sport-index.fr\/blog\/a-la-une\/pro-d2-jean-baptiste-barrere-dax-une-equipe-de-defis-et-un-avenir-a-batir\/"},"author":{"name":"Axel Lauzier","@id":"https:\/\/sport-index.fr\/blog\/#\/schema\/person\/3c864cdc320801e3db34b663e7e3f816"},"headline":"Pro D2 \u2013 Jean-Baptiste Barr\u00e8re (Dax) : une \u00e9quipe de d\u00e9fis et un avenir \u00e0 b\u00e2tir","datePublished":"2025-03-25T15:41:22+00:00","mainEntityOfPage":{"@id":"https:\/\/sport-index.fr\/blog\/a-la-une\/pro-d2-jean-baptiste-barrere-dax-une-equipe-de-defis-et-un-avenir-a-batir\/"},"wordCount":567,"commentCount":25,"publisher":{"@id":"https:\/\/sport-index.fr\/blog\/#organization"},"image":{"@id":"https:\/\/sport-index.fr\/blog\/a-la-une\/pro-d2-jean-baptiste-barrere-dax-une-equipe-de-defis-et-un-avenir-a-batir\/#primaryimage"},"thumbnailUrl":"https:\/\/sport-index.fr\/blog\/wp-content\/uploads\/2025\/05\/sdxl-63ac58d59fa403da470b52606dd138bf-scaled.png","keywords":["\u00c9quipe","Gestion des Talents","Performance sportive","Pro D2","R\u00e9silience"],"articleSection":["\u00c0 la une"],"inLanguage":"fr-FR","potentialAction":[{"@type":"CommentAction","name":"Comment","target":["https:\/\/sport-index.fr\/blog\/a-la-une\/pro-d2-jean-baptiste-barrere-dax-une-equipe-de-defis-et-un-avenir-a-batir\/#respond"]}]},{"@type":"WebPage","@id":"https:\/\/sport-index.fr\/blog\/a-la-une\/pro-d2-jean-baptiste-barrere-dax-une-equipe-de-defis-et-un-avenir-a-batir\/","url":"https:\/\/sport-index.fr\/blog\/a-la-une\/pro-d2-jean-baptiste-barrere-dax-une-equipe-de-defis-et-un-avenir-a-batir\/","name":"Pro D2 \u2013 Jean-Baptiste Barr\u00e8re (Dax) : une \u00e9quipe de d\u00e9fis","isPartOf":{"@id":"https:\/\/sport-index.fr\/blog\/#website"},"primaryImageOfPage":{"@id":"https:\/\/sport-index.fr\/blog\/a-la-une\/pro-d2-jean-baptiste-barrere-dax-une-equipe-de-defis-et-un-avenir-a-batir\/#primaryimage"},"image":{"@id":"https:\/\/sport-index.fr\/blog\/a-la-une\/pro-d2-jean-baptiste-barrere-dax-une-equipe-de-defis-et-un-avenir-a-batir\/#primaryimage"},"thumbnailUrl":"https:\/\/sport-index.fr\/blog\/wp-content\/uploads\/2025\/05\/sdxl-63ac58d59fa403da470b52606dd138bf-scaled.png","datePublished":"2025-03-25T15:41:22+00:00","description":"Une p\u00e9riode difficile mais pleine d'espoir Lors d'une r\u00e9cente interview, il a exprim\u00e9 sa d\u00e9termination \u00e0 surmonter cette phase, soulignant l'importance\u2026","inLanguage":"fr-FR","potentialAction":[{"@type":"ReadAction","target":["https:\/\/sport-index.fr\/blog\/a-la-une\/pro-d2-jean-baptiste-barrere-dax-une-equipe-de-defis-et-un-avenir-a-batir\/"]}]},{"@type":"ImageObject","inLanguage":"fr-FR","@id":"https:\/\/sport-index.fr\/blog\/a-la-une\/pro-d2-jean-baptiste-barrere-dax-une-equipe-de-defis-et-un-avenir-a-batir\/#primaryimage","url":"https:\/\/sport-index.fr\/blog\/wp-content\/uploads\/2025\/05\/sdxl-63ac58d59fa403da470b52606dd138bf-scaled.png","contentUrl":"https:\/\/sport-index.fr\/blog\/wp-content\/uploads\/2025\/05\/sdxl-63ac58d59fa403da470b52606dd138bf-scaled.png","width":1200,"height":500},{"@type":"WebSite","@id":"https:\/\/sport-index.fr\/blog\/#website","url":"https:\/\/sport-index.fr\/blog\/","name":"sport-index.fr","description":"Le score de l\u2019analyse sportive.","publisher":{"@id":"https:\/\/sport-index.fr\/blog\/#organization"},"alternateName":"Le score de l\u2019analyse sportive.","potentialAction":[{"@type":"SearchAction","target":{"@type":"EntryPoint","urlTemplate":"https:\/\/sport-index.fr\/blog\/?s={search_term_string}"},"query-input":{"@type":"PropertyValueSpecification","valueRequired":true,"valueName":"search_term_string"}}],"inLanguage":"fr-FR"},{"@type":"Organization","@id":"https:\/\/sport-index.fr\/blog\/#organization","name":"Foretsensations.fr","url":"https:\/\/sport-index.fr\/blog\/","logo":{"@type":"ImageObject","inLanguage":"fr-FR","@id":"https:\/\/sport-index.fr\/blog\/#\/schema\/logo\/image\/","url":"https:\/\/sport-index.fr\/blog\/wp-content\/uploads\/2026\/07\/logo-auto.png","contentUrl":"https:\/\/sport-index.fr\/blog\/wp-content\/uploads\/2026\/07\/logo-auto.png","width":1024,"height":1024,"caption":"Foretsensations.fr"},"image":{"@id":"https:\/\/sport-index.fr\/blog\/#\/schema\/logo\/image\/"}},{"@type":"Person","@id":"https:\/\/sport-index.fr\/blog\/#\/schema\/person\/3c864cdc320801e3db34b663e7e3f816","name":"Axel Lauzier","image":{"@type":"ImageObject","inLanguage":"fr-FR","@id":"https:\/\/sport-index.fr\/blog\/#\/schema\/person\/image\/","url":"https:\/\/sport-index.fr\/blog\/wp-content\/uploads\/2026\/06\/persona_axel-l-96x96.jpg","contentUrl":"https:\/\/sport-index.fr\/blog\/wp-content\/uploads\/2026\/06\/persona_axel-l-96x96.jpg","caption":"Axel Lauzier"},"description":"Le sport rythme mon quotidien depuis l'enfance, et j'en ai fait mon m\u00e9tier d'analyste r\u00e9dactionnel il y a une dizaine d'ann\u00e9es. Je couvre principalement le football, son actualit\u00e9, ses transferts et l'analyse tactique des grandes affiches, mais aussi les disciplines plus confidentielles que j'aime remettre en lumi\u00e8re. Une partie de mon travail porte sur les pronostics et la lecture statistique d'un match : forme des \u00e9quipes, historique des confrontations, compositions, sans jamais vendre de fausse certitude. Je rappelle syst\u00e9matiquement que parier comporte un risque et doit rester un loisir ma\u00eetris\u00e9. Avant de signer une analyse, je v\u00e9rifie mes chiffres, je recoupe les compositions probables et je distingue toujours la donn\u00e9e brute de l'intuition. Mon objectif : offrir une lecture honn\u00eate et argument\u00e9e, pas un ticket gagnant garanti.","sameAs":["https:\/\/axellauzier.fr\/"],"url":"https:\/\/sport-index.fr\/blog\/auteur\/noname\/"}]}},"_links":{"self":[{"href":"https:\/\/sport-index.fr\/blog\/wp-json\/wp\/v2\/posts\/12542","targetHints":{"allow":["GET"]}}],"collection":[{"href":"https:\/\/sport-index.fr\/blog\/wp-json\/wp\/v2\/posts"}],"about":[{"href":"https:\/\/sport-index.fr\/blog\/wp-json\/wp\/v2\/types\/post"}],"author":[{"embeddable":true,"href":"https:\/\/sport-index.fr\/blog\/wp-json\/wp\/v2\/users\/34"}],"replies":[{"embeddable":true,"href":"https:\/\/sport-index.fr\/blog\/wp-json\/wp\/v2\/comments?post=12542"}],"version-history":[{"count":1,"href":"https:\/\/sport-index.fr\/blog\/wp-json\/wp\/v2\/posts\/12542\/revisions"}],"predecessor-version":[{"id":12553,"href":"https:\/\/sport-index.fr\/blog\/wp-json\/wp\/v2\/posts\/12542\/revisions\/12553"}],"wp:featuredmedia":[{"embeddable":true,"href":"https:\/\/sport-index.fr\/blog\/wp-json\/wp\/v2\/media\/15476"}],"wp:attachment":[{"href":"https:\/\/sport-index.fr\/blog\/wp-json\/wp\/v2\/media?parent=12542"}],"wp:term":[{"taxonomy":"category","embeddable":true,"href":"https:\/\/sport-index.fr\/blog\/wp-json\/wp\/v2\/categories?post=12542"},{"taxonomy":"post_tag","embeddable":true,"href":"https:\/\/sport-index.fr\/blog\/wp-json\/wp\/v2\/tags?post=12542"}],"curies":[{"name":"wp","href":"https:\/\/api.w.org\/{rel}","templated":true}]}}