{"id":12557,"date":"2025-03-25T19:12:53","date_gmt":"2025-03-25T18:12:53","guid":{"rendered":"https:\/\/sport-index.fr\/blog\/?p=12557"},"modified":"2025-03-25T19:12:53","modified_gmt":"2025-03-25T18:12:53","slug":"yoann-boulanger-prolonge-son-aventure-a-vannes-pour-deux-nouvelles-saisons","status":"publish","type":"post","link":"https:\/\/sport-index.fr\/blog\/a-la-une\/yoann-boulanger-prolonge-son-aventure-a-vannes-pour-deux-nouvelles-saisons\/","title":{"rendered":"Yoann Boulanger prolonge son aventure \u00e0 Vannes pour deux nouvelles saisons"},"content":{"rendered":"<h2>Un avenir prometteur pour Yoann Boulanger<\/h2>\n<p>L\u2019entra\u00eeneur des trois-quarts, Yoann Boulanger, a r\u00e9cemment d\u00e9cid\u00e9 de prolonger son contrat avec le Rugby Club Vannes jusqu\u2019en 2027. Arriv\u00e9 en mai 2022, Boulanger a su s\u2019imposer comme une figure cl\u00e9 du club breton. Son engagement t\u00e9moigne de sa volont\u00e9 de construire un projet solide et durable au sein de l\u2019\u00e9quipe.<\/p>\n<p>Cette prolongation s\u2019inscrit dans un contexte de changements au sein du staff technique. Tandis que d\u2019autres entra\u00eeneurs tels que Mathieu Cidre et Jean-No\u00ebl Spitzer ont \u00e9galement pris des d\u00e9cisions concernant leur avenir, Boulanger choisit de rester et de poursuivre son travail \u00e0 La Rabine. Ce choix strat\u00e9gique pourrait bien avoir un impact positif sur la performance de l\u2019\u00e9quipe dans les saisons \u00e0 venir.<\/p>\n<h2>Des changements au sein du staff technique<\/h2>\n<p>Le renouvellement de l\u2019\u00e9quipe d\u2019entra\u00eeneurs est essentiel pour la dynamique du club. Avec la venue de J\u00e9r\u00e9my Davidson, qui prendra la rel\u00e8ve de Mathieu Cidre pour les avants, le RCV se renforce. Davidson, ancien entra\u00eeneur du Castres Olympique, apporte une nouvelle perspective et une riche exp\u00e9rience au sein du staff.<\/p>\n<p>Ce renouvellement s\u2019accompagne d\u2019une ambition collective : assurer le maintien du club en Top 14. Le RCV, actuellement en 14\u00e8me position avec 28 points, doit se concentrer sur des matchs cruciaux, notamment celui contre Perpignan. La coordination entre Boulanger et Davidson sera d\u00e9terminante pour guider l\u2019\u00e9quipe vers une fin de saison r\u00e9ussie.<\/p>\n<h2>Un contexte de comp\u00e9tition intense<\/h2>\n<p>Le milieu du Top 14 est particuli\u00e8rement comp\u00e9titif cette saison. Avec des \u00e9quipes comme Perpignan juste devant, chaque match compte pour le maintien. La pression est palpable pour le RCV, qui doit redoubler d\u2019efforts pour assurer sa place dans l\u2019\u00e9lite du rugby fran\u00e7ais.<\/p>\n<p>Malgr\u00e9 la pression, l\u2019\u00e9quipe b\u00e9n\u00e9ficie d\u2019une certaine stabilit\u00e9 gr\u00e2ce \u00e0 son staff reconduit. Avec un projet \u00e0 long terme en place, les joueurs peuvent se concentrer sur le terrain, sachant qu\u2019ils ont le soutien de leurs entra\u00eeneurs. Cela pourrait faire toute la diff\u00e9rence dans les semaines \u00e0 venir alors que le RCV lutte pour sa survie dans le haut niveau.<\/p>\n<blockquote><p>\n\u00ab\u00a0Chaque d\u00e9cision prise aujourd&rsquo;hui fa\u00e7onne notre avenir. Nous devons rester unis et concentr\u00e9s.\u00a0\u00bb &#8211; Yoann Boulanger\n<\/p><\/blockquote>\n<h2>Les objectifs \u00e0 court et long terme du RCV<\/h2>\n<p>Le Rugby Club Vannes a des ambitions claires pour les saisons \u00e0 venir. \u00c0 court terme, l\u2019objectif principal est de se maintenir en Top 14, ce qui n\u00e9cessite une performance optimale lors des prochains matchs. Les dirigeants et le staff technique sont d\u00e9termin\u00e9s \u00e0 travailler main dans la main avec les joueurs pour atteindre cet objectif crucial.<\/p>\n<p>\u00c0 long terme, le club vise \u00e0 devenir un comp\u00e9titeur r\u00e9gulier aux phases finales du championnat. Pour cela, un recrutement judicieux et une formation continue des jeunes talents sont essentiels. Les initiatives de Boulanger en mati\u00e8re de d\u00e9veloppement des joueurs peuvent jouer un r\u00f4le cl\u00e9 dans la construction d\u2019un effectif comp\u00e9titif.<\/p>\n<ul>\n<li>Prolongation de Yoann Boulanger jusqu&rsquo;en 2027<\/li>\n<li>Arriv\u00e9e de J\u00e9r\u00e9my Davidson pour les avants<\/li>\n<li>Objectif de maintien en Top 14 cette saison<\/li>\n<li>Ambition de devenir un concurrent r\u00e9gulier aux phases finales<\/li>\n<li>Stabilit\u00e9 du staff technique pour une meilleure performance<\/li>\n<\/ul>\n<p>En somme, la prolongation de Yoann Boulanger \u00e0 Vannes marque un tournant important pour le club. Avec une \u00e9quipe technique renforc\u00e9e et des objectifs clairs, le RCV se pr\u00e9pare \u00e0 relever de nouveaux d\u00e9fis sur la sc\u00e8ne nationale.<\/p>\n","protected":false},"excerpt":{"rendered":"","protected":false},"author":34,"featured_media":16211,"comment_status":"open","ping_status":"open","sticky":false,"template":"","format":"standard","meta":{"_acf_changed":false,"manual_indexmenow":false,"indexmenow_id_project":0,"footnotes":""},"categories":[1],"tags":[4561,4632,4560,4536,4539],"class_list":["post-12557","post","type-post","status-publish","format-standard","has-post-thumbnail","hentry","category-a-la-une","tag-gestion-des-talents","tag-performance-sportive","tag-projet-sportif","tag-rugby","tag-top-14","generate-columns","tablet-grid-50","mobile-grid-100","grid-parent","grid-25"],"acf":[],"yoast_head":"<!-- This site is optimized with the Yoast SEO Premium plugin v21.3 (Yoast SEO v26.5) - https:\/\/yoast.com\/wordpress\/plugins\/seo\/ -->\n<title>Yoann Boulanger prolonge son aventure \u00e0 Vannes pour deux<\/title>\n<meta name=\"description\" content=\"Un avenir prometteur pour Yoann Boulanger L\u2019entra\u00eeneur des trois-quarts, Yoann Boulanger, a r\u00e9cemment d\u00e9cid\u00e9 de prolonger son contrat avec le Rugby Club\u2026\" \/>\n<meta name=\"robots\" content=\"index, follow, max-snippet:-1, max-image-preview:large, max-video-preview:-1\" \/>\n<link rel=\"canonical\" href=\"https:\/\/sport-index.fr\/blog\/a-la-une\/yoann-boulanger-prolonge-son-aventure-a-vannes-pour-deux-nouvelles-saisons\/\" \/>\n<meta property=\"og:locale\" content=\"fr_FR\" \/>\n<meta property=\"og:type\" content=\"article\" \/>\n<meta property=\"og:title\" content=\"Yoann Boulanger prolonge son aventure \u00e0 Vannes pour deux\" \/>\n<meta property=\"og:description\" content=\"Un avenir prometteur pour Yoann Boulanger L\u2019entra\u00eeneur des trois-quarts, Yoann Boulanger, a r\u00e9cemment d\u00e9cid\u00e9 de prolonger son contrat avec le Rugby Club\u2026\" \/>\n<meta property=\"og:url\" content=\"https:\/\/sport-index.fr\/blog\/a-la-une\/yoann-boulanger-prolonge-son-aventure-a-vannes-pour-deux-nouvelles-saisons\/\" \/>\n<meta property=\"og:site_name\" content=\"sport-index\" \/>\n<meta name=\"author\" content=\"Axel Lauzier\" \/>\n<meta name=\"twitter:card\" content=\"summary_large_image\" \/>\n<script type=\"application\/ld+json\" class=\"yoast-schema-graph\">{\"@context\":\"https:\/\/schema.org\",\"@graph\":[{\"@type\":\"NewsArticle\",\"@id\":\"https:\/\/sport-index.fr\/blog\/a-la-une\/yoann-boulanger-prolonge-son-aventure-a-vannes-pour-deux-nouvelles-saisons\/#article\",\"isPartOf\":{\"@id\":\"https:\/\/sport-index.fr\/blog\/a-la-une\/yoann-boulanger-prolonge-son-aventure-a-vannes-pour-deux-nouvelles-saisons\/\"},\"author\":{\"name\":\"Axel Lauzier\",\"@id\":\"https:\/\/sport-index.fr\/blog\/#\/schema\/person\/3c864cdc320801e3db34b663e7e3f816\"},\"headline\":\"Yoann Boulanger prolonge son aventure \u00e0 Vannes pour deux nouvelles saisons\",\"datePublished\":\"2025-03-25T18:12:53+00:00\",\"mainEntityOfPage\":{\"@id\":\"https:\/\/sport-index.fr\/blog\/a-la-une\/yoann-boulanger-prolonge-son-aventure-a-vannes-pour-deux-nouvelles-saisons\/\"},\"wordCount\":600,\"commentCount\":27,\"publisher\":{\"@id\":\"https:\/\/sport-index.fr\/blog\/#organization\"},\"image\":{\"@id\":\"https:\/\/sport-index.fr\/blog\/a-la-une\/yoann-boulanger-prolonge-son-aventure-a-vannes-pour-deux-nouvelles-saisons\/#primaryimage\"},\"thumbnailUrl\":\"https:\/\/sport-index.fr\/blog\/wp-content\/uploads\/2025\/05\/sdxl-5adbfd0f820061deab8f212a1e0dedfb-scaled.png\",\"keywords\":[\"Gestion des Talents\",\"Performance sportive\",\"Projet Sportif\",\"Rugby\",\"Top 14\"],\"articleSection\":[\"\u00c0 la une\"],\"inLanguage\":\"fr-FR\",\"potentialAction\":[{\"@type\":\"CommentAction\",\"name\":\"Comment\",\"target\":[\"https:\/\/sport-index.fr\/blog\/a-la-une\/yoann-boulanger-prolonge-son-aventure-a-vannes-pour-deux-nouvelles-saisons\/#respond\"]}]},{\"@type\":\"WebPage\",\"@id\":\"https:\/\/sport-index.fr\/blog\/a-la-une\/yoann-boulanger-prolonge-son-aventure-a-vannes-pour-deux-nouvelles-saisons\/\",\"url\":\"https:\/\/sport-index.fr\/blog\/a-la-une\/yoann-boulanger-prolonge-son-aventure-a-vannes-pour-deux-nouvelles-saisons\/\",\"name\":\"Yoann Boulanger prolonge son aventure \u00e0 Vannes pour deux\",\"isPartOf\":{\"@id\":\"https:\/\/sport-index.fr\/blog\/#website\"},\"primaryImageOfPage\":{\"@id\":\"https:\/\/sport-index.fr\/blog\/a-la-une\/yoann-boulanger-prolonge-son-aventure-a-vannes-pour-deux-nouvelles-saisons\/#primaryimage\"},\"image\":{\"@id\":\"https:\/\/sport-index.fr\/blog\/a-la-une\/yoann-boulanger-prolonge-son-aventure-a-vannes-pour-deux-nouvelles-saisons\/#primaryimage\"},\"thumbnailUrl\":\"https:\/\/sport-index.fr\/blog\/wp-content\/uploads\/2025\/05\/sdxl-5adbfd0f820061deab8f212a1e0dedfb-scaled.png\",\"datePublished\":\"2025-03-25T18:12:53+00:00\",\"description\":\"Un avenir prometteur pour Yoann Boulanger L\u2019entra\u00eeneur des trois-quarts, Yoann Boulanger, a r\u00e9cemment d\u00e9cid\u00e9 de prolonger son contrat avec le Rugby Club\u2026\",\"inLanguage\":\"fr-FR\",\"potentialAction\":[{\"@type\":\"ReadAction\",\"target\":[\"https:\/\/sport-index.fr\/blog\/a-la-une\/yoann-boulanger-prolonge-son-aventure-a-vannes-pour-deux-nouvelles-saisons\/\"]}]},{\"@type\":\"ImageObject\",\"inLanguage\":\"fr-FR\",\"@id\":\"https:\/\/sport-index.fr\/blog\/a-la-une\/yoann-boulanger-prolonge-son-aventure-a-vannes-pour-deux-nouvelles-saisons\/#primaryimage\",\"url\":\"https:\/\/sport-index.fr\/blog\/wp-content\/uploads\/2025\/05\/sdxl-5adbfd0f820061deab8f212a1e0dedfb-scaled.png\",\"contentUrl\":\"https:\/\/sport-index.fr\/blog\/wp-content\/uploads\/2025\/05\/sdxl-5adbfd0f820061deab8f212a1e0dedfb-scaled.png\",\"width\":1200,\"height\":500},{\"@type\":\"WebSite\",\"@id\":\"https:\/\/sport-index.fr\/blog\/#website\",\"url\":\"https:\/\/sport-index.fr\/blog\/\",\"name\":\"sport-index.fr\",\"description\":\"Le score de l\u2019analyse sportive.\",\"publisher\":{\"@id\":\"https:\/\/sport-index.fr\/blog\/#organization\"},\"alternateName\":\"Le score de l\u2019analyse sportive.\",\"potentialAction\":[{\"@type\":\"SearchAction\",\"target\":{\"@type\":\"EntryPoint\",\"urlTemplate\":\"https:\/\/sport-index.fr\/blog\/?s={search_term_string}\"},\"query-input\":{\"@type\":\"PropertyValueSpecification\",\"valueRequired\":true,\"valueName\":\"search_term_string\"}}],\"inLanguage\":\"fr-FR\"},{\"@type\":\"Organization\",\"@id\":\"https:\/\/sport-index.fr\/blog\/#organization\",\"name\":\"Foretsensations.fr\",\"url\":\"https:\/\/sport-index.fr\/blog\/\",\"logo\":{\"@type\":\"ImageObject\",\"inLanguage\":\"fr-FR\",\"@id\":\"https:\/\/sport-index.fr\/blog\/#\/schema\/logo\/image\/\",\"url\":\"https:\/\/sport-index.fr\/blog\/wp-content\/uploads\/2026\/07\/logo-auto.png\",\"contentUrl\":\"https:\/\/sport-index.fr\/blog\/wp-content\/uploads\/2026\/07\/logo-auto.png\",\"width\":1024,\"height\":1024,\"caption\":\"Foretsensations.fr\"},\"image\":{\"@id\":\"https:\/\/sport-index.fr\/blog\/#\/schema\/logo\/image\/\"}},{\"@type\":\"Person\",\"@id\":\"https:\/\/sport-index.fr\/blog\/#\/schema\/person\/3c864cdc320801e3db34b663e7e3f816\",\"name\":\"Axel Lauzier\",\"image\":{\"@type\":\"ImageObject\",\"inLanguage\":\"fr-FR\",\"@id\":\"https:\/\/sport-index.fr\/blog\/#\/schema\/person\/image\/\",\"url\":\"https:\/\/sport-index.fr\/blog\/wp-content\/uploads\/2026\/06\/persona_axel-l-96x96.jpg\",\"contentUrl\":\"https:\/\/sport-index.fr\/blog\/wp-content\/uploads\/2026\/06\/persona_axel-l-96x96.jpg\",\"caption\":\"Axel Lauzier\"},\"description\":\"Le sport rythme mon quotidien depuis l'enfance, et j'en ai fait mon m\u00e9tier d'analyste r\u00e9dactionnel il y a une dizaine d'ann\u00e9es. Je couvre principalement le football, son actualit\u00e9, ses transferts et l'analyse tactique des grandes affiches, mais aussi les disciplines plus confidentielles que j'aime remettre en lumi\u00e8re. Une partie de mon travail porte sur les pronostics et la lecture statistique d'un match : forme des \u00e9quipes, historique des confrontations, compositions, sans jamais vendre de fausse certitude. Je rappelle syst\u00e9matiquement que parier comporte un risque et doit rester un loisir ma\u00eetris\u00e9. Avant de signer une analyse, je v\u00e9rifie mes chiffres, je recoupe les compositions probables et je distingue toujours la donn\u00e9e brute de l'intuition. Mon objectif : offrir une lecture honn\u00eate et argument\u00e9e, pas un ticket gagnant garanti.\",\"sameAs\":[\"https:\/\/axellauzier.fr\/\"],\"url\":\"https:\/\/sport-index.fr\/blog\/auteur\/noname\/\"}]}<\/script>\n<!-- \/ Yoast SEO Premium plugin. -->","yoast_head_json":{"title":"Yoann Boulanger prolonge son aventure \u00e0 Vannes pour deux","description":"Un avenir prometteur pour Yoann Boulanger L\u2019entra\u00eeneur des trois-quarts, Yoann Boulanger, a r\u00e9cemment d\u00e9cid\u00e9 de prolonger son contrat avec le Rugby Club\u2026","robots":{"index":"index","follow":"follow","max-snippet":"max-snippet:-1","max-image-preview":"max-image-preview:large","max-video-preview":"max-video-preview:-1"},"canonical":"https:\/\/sport-index.fr\/blog\/a-la-une\/yoann-boulanger-prolonge-son-aventure-a-vannes-pour-deux-nouvelles-saisons\/","og_locale":"fr_FR","og_type":"article","og_title":"Yoann Boulanger prolonge son aventure \u00e0 Vannes pour deux","og_description":"Un avenir prometteur pour Yoann Boulanger L\u2019entra\u00eeneur des trois-quarts, Yoann Boulanger, a r\u00e9cemment d\u00e9cid\u00e9 de prolonger son contrat avec le Rugby Club\u2026","og_url":"https:\/\/sport-index.fr\/blog\/a-la-une\/yoann-boulanger-prolonge-son-aventure-a-vannes-pour-deux-nouvelles-saisons\/","og_site_name":"sport-index","author":"Axel Lauzier","twitter_card":"summary_large_image","schema":{"@context":"https:\/\/schema.org","@graph":[{"@type":"NewsArticle","@id":"https:\/\/sport-index.fr\/blog\/a-la-une\/yoann-boulanger-prolonge-son-aventure-a-vannes-pour-deux-nouvelles-saisons\/#article","isPartOf":{"@id":"https:\/\/sport-index.fr\/blog\/a-la-une\/yoann-boulanger-prolonge-son-aventure-a-vannes-pour-deux-nouvelles-saisons\/"},"author":{"name":"Axel Lauzier","@id":"https:\/\/sport-index.fr\/blog\/#\/schema\/person\/3c864cdc320801e3db34b663e7e3f816"},"headline":"Yoann Boulanger prolonge son aventure \u00e0 Vannes pour deux nouvelles saisons","datePublished":"2025-03-25T18:12:53+00:00","mainEntityOfPage":{"@id":"https:\/\/sport-index.fr\/blog\/a-la-une\/yoann-boulanger-prolonge-son-aventure-a-vannes-pour-deux-nouvelles-saisons\/"},"wordCount":600,"commentCount":27,"publisher":{"@id":"https:\/\/sport-index.fr\/blog\/#organization"},"image":{"@id":"https:\/\/sport-index.fr\/blog\/a-la-une\/yoann-boulanger-prolonge-son-aventure-a-vannes-pour-deux-nouvelles-saisons\/#primaryimage"},"thumbnailUrl":"https:\/\/sport-index.fr\/blog\/wp-content\/uploads\/2025\/05\/sdxl-5adbfd0f820061deab8f212a1e0dedfb-scaled.png","keywords":["Gestion des Talents","Performance sportive","Projet Sportif","Rugby","Top 14"],"articleSection":["\u00c0 la une"],"inLanguage":"fr-FR","potentialAction":[{"@type":"CommentAction","name":"Comment","target":["https:\/\/sport-index.fr\/blog\/a-la-une\/yoann-boulanger-prolonge-son-aventure-a-vannes-pour-deux-nouvelles-saisons\/#respond"]}]},{"@type":"WebPage","@id":"https:\/\/sport-index.fr\/blog\/a-la-une\/yoann-boulanger-prolonge-son-aventure-a-vannes-pour-deux-nouvelles-saisons\/","url":"https:\/\/sport-index.fr\/blog\/a-la-une\/yoann-boulanger-prolonge-son-aventure-a-vannes-pour-deux-nouvelles-saisons\/","name":"Yoann Boulanger prolonge son aventure \u00e0 Vannes pour deux","isPartOf":{"@id":"https:\/\/sport-index.fr\/blog\/#website"},"primaryImageOfPage":{"@id":"https:\/\/sport-index.fr\/blog\/a-la-une\/yoann-boulanger-prolonge-son-aventure-a-vannes-pour-deux-nouvelles-saisons\/#primaryimage"},"image":{"@id":"https:\/\/sport-index.fr\/blog\/a-la-une\/yoann-boulanger-prolonge-son-aventure-a-vannes-pour-deux-nouvelles-saisons\/#primaryimage"},"thumbnailUrl":"https:\/\/sport-index.fr\/blog\/wp-content\/uploads\/2025\/05\/sdxl-5adbfd0f820061deab8f212a1e0dedfb-scaled.png","datePublished":"2025-03-25T18:12:53+00:00","description":"Un avenir prometteur pour Yoann Boulanger L\u2019entra\u00eeneur des trois-quarts, Yoann Boulanger, a r\u00e9cemment d\u00e9cid\u00e9 de prolonger son contrat avec le Rugby Club\u2026","inLanguage":"fr-FR","potentialAction":[{"@type":"ReadAction","target":["https:\/\/sport-index.fr\/blog\/a-la-une\/yoann-boulanger-prolonge-son-aventure-a-vannes-pour-deux-nouvelles-saisons\/"]}]},{"@type":"ImageObject","inLanguage":"fr-FR","@id":"https:\/\/sport-index.fr\/blog\/a-la-une\/yoann-boulanger-prolonge-son-aventure-a-vannes-pour-deux-nouvelles-saisons\/#primaryimage","url":"https:\/\/sport-index.fr\/blog\/wp-content\/uploads\/2025\/05\/sdxl-5adbfd0f820061deab8f212a1e0dedfb-scaled.png","contentUrl":"https:\/\/sport-index.fr\/blog\/wp-content\/uploads\/2025\/05\/sdxl-5adbfd0f820061deab8f212a1e0dedfb-scaled.png","width":1200,"height":500},{"@type":"WebSite","@id":"https:\/\/sport-index.fr\/blog\/#website","url":"https:\/\/sport-index.fr\/blog\/","name":"sport-index.fr","description":"Le score de l\u2019analyse sportive.","publisher":{"@id":"https:\/\/sport-index.fr\/blog\/#organization"},"alternateName":"Le score de l\u2019analyse sportive.","potentialAction":[{"@type":"SearchAction","target":{"@type":"EntryPoint","urlTemplate":"https:\/\/sport-index.fr\/blog\/?s={search_term_string}"},"query-input":{"@type":"PropertyValueSpecification","valueRequired":true,"valueName":"search_term_string"}}],"inLanguage":"fr-FR"},{"@type":"Organization","@id":"https:\/\/sport-index.fr\/blog\/#organization","name":"Foretsensations.fr","url":"https:\/\/sport-index.fr\/blog\/","logo":{"@type":"ImageObject","inLanguage":"fr-FR","@id":"https:\/\/sport-index.fr\/blog\/#\/schema\/logo\/image\/","url":"https:\/\/sport-index.fr\/blog\/wp-content\/uploads\/2026\/07\/logo-auto.png","contentUrl":"https:\/\/sport-index.fr\/blog\/wp-content\/uploads\/2026\/07\/logo-auto.png","width":1024,"height":1024,"caption":"Foretsensations.fr"},"image":{"@id":"https:\/\/sport-index.fr\/blog\/#\/schema\/logo\/image\/"}},{"@type":"Person","@id":"https:\/\/sport-index.fr\/blog\/#\/schema\/person\/3c864cdc320801e3db34b663e7e3f816","name":"Axel Lauzier","image":{"@type":"ImageObject","inLanguage":"fr-FR","@id":"https:\/\/sport-index.fr\/blog\/#\/schema\/person\/image\/","url":"https:\/\/sport-index.fr\/blog\/wp-content\/uploads\/2026\/06\/persona_axel-l-96x96.jpg","contentUrl":"https:\/\/sport-index.fr\/blog\/wp-content\/uploads\/2026\/06\/persona_axel-l-96x96.jpg","caption":"Axel Lauzier"},"description":"Le sport rythme mon quotidien depuis l'enfance, et j'en ai fait mon m\u00e9tier d'analyste r\u00e9dactionnel il y a une dizaine d'ann\u00e9es. Je couvre principalement le football, son actualit\u00e9, ses transferts et l'analyse tactique des grandes affiches, mais aussi les disciplines plus confidentielles que j'aime remettre en lumi\u00e8re. Une partie de mon travail porte sur les pronostics et la lecture statistique d'un match : forme des \u00e9quipes, historique des confrontations, compositions, sans jamais vendre de fausse certitude. Je rappelle syst\u00e9matiquement que parier comporte un risque et doit rester un loisir ma\u00eetris\u00e9. Avant de signer une analyse, je v\u00e9rifie mes chiffres, je recoupe les compositions probables et je distingue toujours la donn\u00e9e brute de l'intuition. Mon objectif : offrir une lecture honn\u00eate et argument\u00e9e, pas un ticket gagnant garanti.","sameAs":["https:\/\/axellauzier.fr\/"],"url":"https:\/\/sport-index.fr\/blog\/auteur\/noname\/"}]}},"_links":{"self":[{"href":"https:\/\/sport-index.fr\/blog\/wp-json\/wp\/v2\/posts\/12557","targetHints":{"allow":["GET"]}}],"collection":[{"href":"https:\/\/sport-index.fr\/blog\/wp-json\/wp\/v2\/posts"}],"about":[{"href":"https:\/\/sport-index.fr\/blog\/wp-json\/wp\/v2\/types\/post"}],"author":[{"embeddable":true,"href":"https:\/\/sport-index.fr\/blog\/wp-json\/wp\/v2\/users\/34"}],"replies":[{"embeddable":true,"href":"https:\/\/sport-index.fr\/blog\/wp-json\/wp\/v2\/comments?post=12557"}],"version-history":[{"count":1,"href":"https:\/\/sport-index.fr\/blog\/wp-json\/wp\/v2\/posts\/12557\/revisions"}],"predecessor-version":[{"id":12560,"href":"https:\/\/sport-index.fr\/blog\/wp-json\/wp\/v2\/posts\/12557\/revisions\/12560"}],"wp:featuredmedia":[{"embeddable":true,"href":"https:\/\/sport-index.fr\/blog\/wp-json\/wp\/v2\/media\/16211"}],"wp:attachment":[{"href":"https:\/\/sport-index.fr\/blog\/wp-json\/wp\/v2\/media?parent=12557"}],"wp:term":[{"taxonomy":"category","embeddable":true,"href":"https:\/\/sport-index.fr\/blog\/wp-json\/wp\/v2\/categories?post=12557"},{"taxonomy":"post_tag","embeddable":true,"href":"https:\/\/sport-index.fr\/blog\/wp-json\/wp\/v2\/tags?post=12557"}],"curies":[{"name":"wp","href":"https:\/\/api.w.org\/{rel}","templated":true}]}}