{"id":12574,"date":"2026-05-18T21:47:44","date_gmt":"2026-05-18T19:47:44","guid":{"rendered":"https:\/\/sport-index.fr\/blog\/?p=12574"},"modified":"2026-05-18T21:47:44","modified_gmt":"2026-05-18T19:47:44","slug":"isabelle-ithurburu-nouvelle-figure-du-journal-de-13h-sur-tf1-des-cet-ete","status":"publish","type":"post","link":"https:\/\/sport-index.fr\/blog\/a-la-une\/isabelle-ithurburu-nouvelle-figure-du-journal-de-13h-sur-tf1-des-cet-ete\/","title":{"rendered":"Isabelle Ithurburu, nouvelle figure du journal de 13h sur TF1 d\u00e8s cet \u00e9t\u00e9"},"content":{"rendered":"<div style=\"margin:32px 0;padding:36px 40px;background:linear-gradient(135deg,#f3f6fa 0%,#e7eef7 100%);border-left:6px solid #1a3a5a;border-radius:4px;font-family:Georgia,serif;\">\n<div style=\"margin:0 0 14px;font-size:11px;letter-spacing:2px;text-transform:uppercase;color:#1a3a5a;font-weight:700;font-family:-apple-system,BlinkMacSystemFont,'Segoe UI',sans-serif;\">L&rsquo;essentiel \u00e0 retenir<\/div>\n<div style=\"margin:0;font-size:19px;line-height:1.55;color:#2c3e50;font-style:italic;\">Une journaliste sport et culture rejoint la tranche de mi-journ\u00e9e la plus regard\u00e9e de France \u00e0 l&rsquo;\u00e9t\u00e9 2025. La nomination redessine la grille de TF1 et illustre la volont\u00e9 de la cha\u00eene de rajeunir son image d&rsquo;information sans perdre sa stature populaire.<\/div>\n<\/div>\n<h2>Une \u00e9volution marquante dans la carri\u00e8re d&rsquo;Isabelle Ithurburu<\/h2>\n<p>Isabelle Ithurburu, figure bien connue du paysage audiovisuel fran\u00e7ais, va faire un grand saut en int\u00e9grant le journal de 13h de TF1 cet \u00e9t\u00e9. Rempla\u00e7ant Jacques Legros, elle aura la responsabilit\u00e9 de prendre la rel\u00e8ve de Marie-Sophie Lacarrau durant ses cong\u00e9s. Cette nomination marque une \u00e9tape significative dans sa carri\u00e8re, t\u00e9moignant de sa mont\u00e9e en puissance dans le milieu m\u00e9diatique.<\/p>\n<p>Son parcours impressionnant, marqu\u00e9 par des ann\u00e9es \u00e0 animer le Canal Rugby Club, l&rsquo;a pr\u00e9par\u00e9e pour ce nouveau d\u00e9fi. Avec une exp\u00e9rience solide et une notori\u00e9t\u00e9 grandissante, elle s&rsquo;impose comme une personnalit\u00e9 incontournable sur TF1. Ce nouveau r\u00f4le au sein du journal de 13h devrait lui permettre de toucher un public encore plus large.<\/p>\n<div style=\"margin:36px 0;padding:32px;background:#fafbfc;border:1px solid #e1e7ef;border-radius:6px;\">\n<div style=\"margin:0 0 22px;font-size:13px;letter-spacing:1.5px;text-transform:uppercase;color:#1a3a5a;font-weight:700;font-family:-apple-system,BlinkMacSystemFont,'Segoe UI',sans-serif;\">Les 5 points cl\u00e9s de cette nomination<\/div>\n<div style=\"display:grid;grid-template-columns:repeat(auto-fit,minmax(220px,1fr));gap:18px;\">\n<div style=\"padding:18px;background:#fff;border-left:3px solid #1a3a5a;border-radius:3px;\">\n<div style=\"margin:0 0 6px;font-size:11px;letter-spacing:1px;text-transform:uppercase;color:#1a3a5a;font-weight:600;\">Le poste<\/div>\n<div style=\"margin:0;font-size:15px;line-height:1.5;color:#2c3e50;\">Joker du JT de 13h, rempla\u00e7ante de la titulaire pendant les p\u00e9riodes de cong\u00e9s.<\/div>\n<\/div>\n<div style=\"padding:18px;background:#fff;border-left:3px solid #1a3a5a;border-radius:3px;\">\n<div style=\"margin:0 0 6px;font-size:11px;letter-spacing:1px;text-transform:uppercase;color:#1a3a5a;font-weight:600;\">La date<\/div>\n<div style=\"margin:0;font-size:15px;line-height:1.5;color:#2c3e50;\">Premiers passages au journal de 13h d\u00e8s l&rsquo;\u00e9t\u00e9 2025, officialis\u00e9s par le communiqu\u00e9 TF1.<\/div>\n<\/div>\n<div style=\"padding:18px;background:#fff;border-left:3px solid #1a3a5a;border-radius:3px;\">\n<div style=\"margin:0 0 6px;font-size:11px;letter-spacing:1px;text-transform:uppercase;color:#1a3a5a;font-weight:600;\">L&rsquo;exp\u00e9rience<\/div>\n<div style=\"margin:0;font-size:15px;line-height:1.5;color:#2c3e50;\">Plusieurs saisons \u00e0 la t\u00eate du Canal Rugby Club, magazine r\u00e9f\u00e9rence du XV de France.<\/div>\n<\/div>\n<div style=\"padding:18px;background:#fff;border-left:3px solid #1a3a5a;border-radius:3px;\">\n<div style=\"margin:0 0 6px;font-size:11px;letter-spacing:1px;text-transform:uppercase;color:#1a3a5a;font-weight:600;\">L&rsquo;arriv\u00e9e sur TF1<\/div>\n<div style=\"margin:0;font-size:15px;line-height:1.5;color:#2c3e50;\">Pr\u00e9sente sur la cha\u00eene depuis septembre 2023, avec 50 Minutes Inside en hebdomadaire.<\/div>\n<\/div>\n<div style=\"padding:18px;background:#fff;border-left:3px solid #1a3a5a;border-radius:3px;\">\n<div style=\"margin:0 0 6px;font-size:11px;letter-spacing:1px;text-transform:uppercase;color:#1a3a5a;font-weight:600;\">L&rsquo;enjeu cha\u00eene<\/div>\n<div style=\"margin:0;font-size:15px;line-height:1.5;color:#2c3e50;\">Une strat\u00e9gie claire de renouvellement des visages embl\u00e9matiques de l&rsquo;antenne.<\/div>\n<\/div>\n<\/div>\n<\/div>\n<h2>Un visage familier pour les t\u00e9l\u00e9spectateurs<\/h2>\n<p>Depuis son arriv\u00e9e sur TF1 en septembre 2023, Isabelle a su se d\u00e9marquer en animant des \u00e9missions comme 50 minutes inside, o\u00f9 elle a pris la rel\u00e8ve de Nikos Aliagas. Cette transition vers le journal de 13h repr\u00e9sente pour elle une belle opportunit\u00e9 de diversifier son exp\u00e9rience. Les t\u00e9l\u00e9spectateurs l&rsquo;ont d\u00e9j\u00e0 adopt\u00e9e, et sa pr\u00e9sence \u00e0 l&rsquo;antenne semble prometteuse.<\/p>\n<div style=\"margin:32px 0;padding:24px 28px;background:#fff8ec;border-left:4px solid #c4923d;border-radius:3px;\">\n<div style=\"margin:0 0 8px;font-size:12px;letter-spacing:1.5px;text-transform:uppercase;color:#8a5e1f;font-weight:700;font-family:-apple-system,BlinkMacSystemFont,'Segoe UI',sans-serif;\">\u00c0 noter<\/div>\n<div style=\"margin:0;font-size:16px;line-height:1.6;color:#3d2f17;\">La case de 13h reste l&rsquo;une des audiences les plus stables de la t\u00e9l\u00e9vision fran\u00e7aise, avec une moyenne tournant autour de 5 millions de t\u00e9l\u00e9spectateurs. Confier ce cr\u00e9neau \u00e0 une nouvelle voix est donc loin d&rsquo;\u00eatre anodin pour la cha\u00eene historique.<\/div>\n<\/div>\n<p>Elle a \u00e9galement eu l&rsquo;occasion de montrer ses talents lors de la Coupe du Monde de Rugby 2023, o\u00f9 elle a pr\u00e9sent\u00e9 Le Mag et les apr\u00e8s-matchs des Bleus. Sa connaissance approfondie du sport et son aisance \u00e0 l&rsquo;antenne font d&rsquo;elle une candidate de choix pour ce poste. Isabelle Ithurburu semble pr\u00eate \u00e0 relever ce nouveau d\u00e9fi avec brio.<\/p>\n<h3>Un parcours construit \u00e9tape par \u00e9tape<\/h3>\n<p>Sa trajectoire ne doit rien au hasard. De la radio aux plateaux sportifs, puis aux magazines de soir\u00e9e, chaque marche a consolid\u00e9 une posture de pr\u00e9sentatrice \u00e0 l&rsquo;aise sur tous les terrains. Le passage par l&rsquo;information est l&rsquo;aboutissement logique d&rsquo;un cheminement b\u00e2ti sur la r\u00e9gularit\u00e9 plut\u00f4t que sur les coups d&rsquo;\u00e9clat.<\/p>\n<div style=\"margin:40px 0;display:grid;grid-template-columns:repeat(auto-fit,minmax(240px,1fr));gap:20px;\">\n<div style=\"padding:24px;background:#fff;border:1px solid #d9e3ee;border-top:4px solid #1a3a5a;border-radius:4px;\">\n<div style=\"margin:0 0 10px;font-size:11px;letter-spacing:1.5px;text-transform:uppercase;color:#1a3a5a;font-weight:700;font-family:-apple-system,BlinkMacSystemFont,'Segoe UI',sans-serif;\">\u00c9tape 1 \u2014 Le sport<\/div>\n<div style=\"margin:0 0 8px;font-size:17px;font-weight:600;color:#2c3e50;font-family:Georgia,serif;\">Le rugby comme tremplin<\/div>\n<div style=\"margin:0;font-size:14px;line-height:1.55;color:#506478;\">Animation du Canal Rugby Club et installation comme voix de r\u00e9f\u00e9rence pour le XV de France. Une l\u00e9gitimit\u00e9 gagn\u00e9e match apr\u00e8s match aupr\u00e8s d&rsquo;un public exigeant.<\/div>\n<\/div>\n<div style=\"padding:24px;background:#fff;border:1px solid #d9e3ee;border-top:4px solid #1a3a5a;border-radius:4px;\">\n<div style=\"margin:0 0 10px;font-size:11px;letter-spacing:1.5px;text-transform:uppercase;color:#1a3a5a;font-weight:700;font-family:-apple-system,BlinkMacSystemFont,'Segoe UI',sans-serif;\">\u00c9tape 2 \u2014 Le grand public<\/div>\n<div style=\"margin:0 0 8px;font-size:17px;font-weight:600;color:#2c3e50;font-family:Georgia,serif;\">L&rsquo;\u00e9largissement du registre<\/div>\n<div style=\"margin:0;font-size:14px;line-height:1.55;color:#506478;\">Passage en magazine hebdomadaire de soir\u00e9e et prise en main d&rsquo;une m\u00e9canique \u00e9ditoriale diff\u00e9rente. La culture pop et le portrait remplacent la m\u00eal\u00e9e et les essais.<\/div>\n<\/div>\n<div style=\"padding:24px;background:#fff;border:1px solid #d9e3ee;border-top:4px solid #1a3a5a;border-radius:4px;\">\n<div style=\"margin:0 0 10px;font-size:11px;letter-spacing:1.5px;text-transform:uppercase;color:#1a3a5a;font-weight:700;font-family:-apple-system,BlinkMacSystemFont,'Segoe UI',sans-serif;\">\u00c9tape 3 \u2014 L&rsquo;\u00e9v\u00e9nement<\/div>\n<div style=\"margin:0 0 8px;font-size:17px;font-weight:600;color:#2c3e50;font-family:Georgia,serif;\">La Coupe du Monde 2023<\/div>\n<div style=\"margin:0;font-size:14px;line-height:1.55;color:#506478;\">Pr\u00e9sentation des apr\u00e8s-matchs et du Mag pour la comp\u00e9tition organis\u00e9e en France. Une exposition massive aupr\u00e8s du public sportif et grand public.<\/div>\n<\/div>\n<div style=\"padding:24px;background:#fff;border:1px solid #d9e3ee;border-top:4px solid #1a3a5a;border-radius:4px;\">\n<div style=\"margin:0 0 10px;font-size:11px;letter-spacing:1.5px;text-transform:uppercase;color:#1a3a5a;font-weight:700;font-family:-apple-system,BlinkMacSystemFont,'Segoe UI',sans-serif;\">\u00c9tape 4 \u2014 L&rsquo;information<\/div>\n<div style=\"margin:0 0 8px;font-size:17px;font-weight:600;color:#2c3e50;font-family:Georgia,serif;\">Le journal de 13h<\/div>\n<div style=\"margin:0;font-size:14px;line-height:1.55;color:#506478;\">Joker de la titulaire et incarnation, le temps d&rsquo;un \u00e9t\u00e9, du rendez-vous d&rsquo;information le plus suivi de la mi-journ\u00e9e en France.<\/div>\n<\/div>\n<\/div>\n<h2>Un avenir brillant sur TF1<\/h2>\n<p>La d\u00e9cision de TF1 de nommer Isabelle Ithurburu en tant que joker du journal de 13h ne fait pas que renforcer sa carri\u00e8re, elle t\u00e9moigne \u00e9galement de la strat\u00e9gie de la cha\u00eene pour rajeunir son image. En int\u00e9grant des figures populaires et dynamiques comme elle, TF1 s&rsquo;assure de maintenir l&rsquo;attention de son public.<\/p>\n<p>Comme l&rsquo;a soulign\u00e9 le Groupe TF1 dans son communiqu\u00e9, \u00ab\u00a0Isabelle Ithurburu fera ses premiers pas au journal de 13h \u00e0 l&rsquo;\u00e9t\u00e9 2025\u00a0\u00bb. Cette d\u00e9claration souligne l&rsquo;importance de sa nomination et l&rsquo;engagement de la cha\u00eene envers son d\u00e9veloppement professionnel. De plus, sa capacit\u00e9 \u00e0 dialoguer avec les t\u00e9l\u00e9spectateurs pourrait apporter une nouvelle dimension \u00e0 cette tranche horaire.<\/p>\n<figure style=\"margin:44px 0;padding:36px 40px;background:linear-gradient(135deg,#1a3a5a 0%,#28527d 100%);border-radius:6px;text-align:center;color:#fff;\">\n<div style=\"margin:0 0 14px;font-size:48px;line-height:1;color:rgba(255,255,255,0.25);font-family:Georgia,serif;\">&ldquo;<\/div>\n<blockquote style=\"margin:0 0 18px;padding:0;border:0;font-size:24px;line-height:1.45;font-family:Georgia,serif;font-style:italic;font-weight:400;color:#fff;\"><p>J&rsquo;avais besoin de me mettre en danger.<\/blockquote><figcaption style=\"margin:0;font-size:12px;letter-spacing:2px;text-transform:uppercase;color:#a8c0d8;font-weight:600;font-family:-apple-system,BlinkMacSystemFont,'Segoe UI',sans-serif;\">Isabelle Ithurburu \u2014 au sujet de ce choix de carri\u00e8re<\/figcaption><\/figure>\n<h3>La grille de l&rsquo;\u00e9t\u00e9 2025 en chiffres<\/h3>\n<p>Pour comprendre l&rsquo;enjeu de ce passage de relais, il faut regarder la m\u00e9canique du JT et la fa\u00e7on dont la cha\u00eene organise habituellement ses \u00e9t\u00e9s. Le tableau ci-dessous synth\u00e9tise les param\u00e8tres cl\u00e9s du cr\u00e9neau, \u00e0 titre indicatif.<\/p>\n<div style=\"margin:32px 0;overflow-x:auto;\">\n<table style=\"width:100%;border-collapse:collapse;font-family:-apple-system,BlinkMacSystemFont,'Segoe UI',sans-serif;font-size:15px;\">\n<thead>\n<tr style=\"background:#1a3a5a;color:#fff;\">\n<th style=\"padding:14px 16px;text-align:left;font-weight:600;font-size:13px;letter-spacing:1px;text-transform:uppercase;\">Param\u00e8tre<\/th>\n<th style=\"padding:14px 16px;text-align:left;font-weight:600;font-size:13px;letter-spacing:1px;text-transform:uppercase;\">Rep\u00e8re<\/th>\n<th style=\"padding:14px 16px;text-align:left;font-weight:600;font-size:13px;letter-spacing:1px;text-transform:uppercase;\">Commentaire<\/th>\n<\/tr>\n<\/thead>\n<tbody>\n<tr style=\"background:#fff;border-bottom:1px solid #e1e7ef;\">\n<td style=\"padding:14px 16px;color:#2c3e50;font-weight:600;\">Diffusion<\/td>\n<td style=\"padding:14px 16px;color:#506478;\">7 jours \/ 7, 13h00<\/td>\n<td style=\"padding:14px 16px;color:#506478;\">Rendez-vous historique de la mi-journ\u00e9e sur la cha\u00eene.<\/td>\n<\/tr>\n<tr style=\"background:#f7f9fc;border-bottom:1px solid #e1e7ef;\">\n<td style=\"padding:14px 16px;color:#2c3e50;font-weight:600;\">Dur\u00e9e<\/td>\n<td style=\"padding:14px 16px;color:#506478;\">~35 minutes<\/td>\n<td style=\"padding:14px 16px;color:#506478;\">Format dense avec ouverture, actualit\u00e9, reportages terroir.<\/td>\n<\/tr>\n<tr style=\"background:#fff;border-bottom:1px solid #e1e7ef;\">\n<td style=\"padding:14px 16px;color:#2c3e50;font-weight:600;\">Audience moyenne<\/td>\n<td style=\"padding:14px 16px;color:#506478;\">~5 millions<\/td>\n<td style=\"padding:14px 16px;color:#506478;\">Une des cases les plus stables du PAF, \u00e0 titre indicatif.<\/td>\n<\/tr>\n<tr style=\"background:#f7f9fc;border-bottom:1px solid #e1e7ef;\">\n<td style=\"padding:14px 16px;color:#2c3e50;font-weight:600;\">Type de joker<\/td>\n<td style=\"padding:14px 16px;color:#506478;\">Rotation estivale<\/td>\n<td style=\"padding:14px 16px;color:#506478;\">Tradition de la cha\u00eene pour confier la case \u00e0 un visage en transition.<\/td>\n<\/tr>\n<tr style=\"background:#fff;\">\n<td style=\"padding:14px 16px;color:#2c3e50;font-weight:600;\">Public vis\u00e9<\/td>\n<td style=\"padding:14px 16px;color:#506478;\">Familial, plurig\u00e9n\u00e9rationnel<\/td>\n<td style=\"padding:14px 16px;color:#506478;\">M\u00e9lange CSP, fid\u00e8le au rendez-vous depuis plusieurs d\u00e9cennies.<\/td>\n<\/tr>\n<\/tbody>\n<\/table>\n<\/div>\n<h3>Les d\u00e9fis attendus de l&rsquo;exercice<\/h3>\n<p>Passer d&rsquo;un magazine de soir\u00e9e ou d&rsquo;un plateau sportif \u00e0 un journal d&rsquo;information dur n&rsquo;est pas un simple changement de d\u00e9cor. Le rythme, la rigueur factuelle, la lecture du prompteur et la gestion de l&rsquo;impr\u00e9vu changent les r\u00e8gles du jeu. Plusieurs points sont \u00e0 anticiper c\u00f4t\u00e9 pr\u00e9sentation comme c\u00f4t\u00e9 r\u00e9daction.<\/p>\n<div style=\"margin:32px 0;padding:28px 32px;background:#fafbfc;border:1px solid #e1e7ef;border-radius:6px;\">\n<div style=\"margin:0 0 18px;font-size:12px;letter-spacing:1.5px;text-transform:uppercase;color:#1a3a5a;font-weight:700;font-family:-apple-system,BlinkMacSystemFont,'Segoe UI',sans-serif;\">Ce qui change quand on passe au JT<\/div>\n<div style=\"display:grid;grid-template-columns:1fr;gap:12px;\">\n<div style=\"display:flex;gap:14px;align-items:flex-start;padding:12px;background:#fff;border-radius:3px;\">\n<div style=\"flex-shrink:0;width:24px;height:24px;background:#1a3a5a;color:#fff;border-radius:50%;display:flex;align-items:center;justify-content:center;font-size:13px;font-weight:700;font-family:-apple-system,BlinkMacSystemFont,'Segoe UI',sans-serif;\">1<\/div>\n<div style=\"flex:1;font-size:15px;line-height:1.55;color:#2c3e50;\"><strong>Le rythme quotidien.<\/strong> Le JT impose une cadence sans interruption, \u00e0 la diff\u00e9rence d&rsquo;un hebdomadaire qui laisse une semaine de pr\u00e9paration par num\u00e9ro.<\/div>\n<\/div>\n<div style=\"display:flex;gap:14px;align-items:flex-start;padding:12px;background:#fff;border-radius:3px;\">\n<div style=\"flex-shrink:0;width:24px;height:24px;background:#1a3a5a;color:#fff;border-radius:50%;display:flex;align-items:center;justify-content:center;font-size:13px;font-weight:700;font-family:-apple-system,BlinkMacSystemFont,'Segoe UI',sans-serif;\">2<\/div>\n<div style=\"flex:1;font-size:15px;line-height:1.55;color:#2c3e50;\"><strong>La hi\u00e9rarchie de l&rsquo;info.<\/strong> Le choix des sujets et leur ordre engagent la responsabilit\u00e9 \u00e9ditoriale, bien au-del\u00e0 du simple confort de lecture \u00e0 l&rsquo;antenne.<\/div>\n<\/div>\n<div style=\"display:flex;gap:14px;align-items:flex-start;padding:12px;background:#fff;border-radius:3px;\">\n<div style=\"flex-shrink:0;width:24px;height:24px;background:#1a3a5a;color:#fff;border-radius:50%;display:flex;align-items:center;justify-content:center;font-size:13px;font-weight:700;font-family:-apple-system,BlinkMacSystemFont,'Segoe UI',sans-serif;\">3<\/div>\n<div style=\"flex:1;font-size:15px;line-height:1.55;color:#2c3e50;\"><strong>Le live et l&rsquo;impr\u00e9vu.<\/strong> Une intervention de derni\u00e8re minute, une edition sp\u00e9ciale, un duplex \u00e0 organiser : tout peut basculer en quelques secondes.<\/div>\n<\/div>\n<div style=\"display:flex;gap:14px;align-items:flex-start;padding:12px;background:#fff;border-radius:3px;\">\n<div style=\"flex-shrink:0;width:24px;height:24px;background:#1a3a5a;color:#fff;border-radius:50%;display:flex;align-items:center;justify-content:center;font-size:13px;font-weight:700;font-family:-apple-system,BlinkMacSystemFont,'Segoe UI',sans-serif;\">4<\/div>\n<div style=\"flex:1;font-size:15px;line-height:1.55;color:#2c3e50;\"><strong>La distance journalistique.<\/strong> La voix doit rester neutre, la posture stable, sans la libert\u00e9 de ton qu&rsquo;autorisent les plateaux sport ou divertissement.<\/div>\n<\/div>\n<div style=\"display:flex;gap:14px;align-items:flex-start;padding:12px;background:#fff;border-radius:3px;\">\n<div style=\"flex-shrink:0;width:24px;height:24px;background:#1a3a5a;color:#fff;border-radius:50%;display:flex;align-items:center;justify-content:center;font-size:13px;font-weight:700;font-family:-apple-system,BlinkMacSystemFont,'Segoe UI',sans-serif;\">5<\/div>\n<div style=\"flex:1;font-size:15px;line-height:1.55;color:#2c3e50;\"><strong>La cohabitation des publics.<\/strong> Le 13h s&rsquo;adresse \u00e0 un public familial, plurig\u00e9n\u00e9rationnel : il faut s&rsquo;adresser \u00e0 tous sans en perdre aucun.<\/div>\n<\/div>\n<\/div>\n<\/div>\n<div style=\"margin:32px 0;padding:24px 28px;background:#f3f6fa;border-left:4px solid #1a3a5a;border-radius:3px;\">\n<div style=\"margin:0 0 8px;font-size:12px;letter-spacing:1.5px;text-transform:uppercase;color:#1a3a5a;font-weight:700;font-family:-apple-system,BlinkMacSystemFont,'Segoe UI',sans-serif;\">Bon \u00e0 savoir<\/div>\n<div style=\"margin:0;font-size:16px;line-height:1.6;color:#2c3e50;\">Le statut de joker n&rsquo;est pas une voie de garage : plusieurs pr\u00e9sentateurs et pr\u00e9sentatrices vedettes des grandes cha\u00eenes ont d&rsquo;abord occup\u00e9 ce r\u00f4le avant de prendre la titulaire d&rsquo;une \u00e9dition. C&rsquo;est un poste d&rsquo;observation et de rodage privil\u00e9gi\u00e9.<\/div>\n<\/div>\n<p>Isabelle Ithurburu est entr\u00e9e dans une nouvelle phase de sa carri\u00e8re, et son engagement aupr\u00e8s de TF1 souligne la confiance que la cha\u00eene place en elle. Les t\u00e9l\u00e9spectateurs peuvent s&rsquo;attendre \u00e0 suivre son parcours avec int\u00e9r\u00eat. Avec une personnalit\u00e9 charismatique et une passion pour l&rsquo;information, elle pourrait bien devenir l&rsquo;une des figures embl\u00e9matiques du journal de 13h sur TF1 dans les ann\u00e9es \u00e0 venir.<\/p>\n<h2>Synth\u00e8se<\/h2>\n<p>Le glissement d&rsquo;une voix sportive et culturelle vers le JT de la mi-journ\u00e9e raconte autant le parcours d&rsquo;une journaliste qu&rsquo;une strat\u00e9gie de cha\u00eene. L&rsquo;\u00e9t\u00e9 2025 servira de premier test grandeur nature, devant un public exigeant qui n&rsquo;aime pas voir bouger ses rep\u00e8res. \u00c0 suivre, donc, \u00e9cran allum\u00e9 \u00e0 13h pile.<\/p>\n<h2>Questions fr\u00e9quentes<\/h2>\n<details style=\"margin:12px 0;padding:18px 22px;background:#fafbfc;border:1px solid #e1e7ef;border-radius:4px;\">\n<summary style=\"cursor:pointer;font-size:16px;font-weight:600;color:#1a3a5a;font-family:-apple-system,BlinkMacSystemFont,'Segoe UI',sans-serif;\">Quand d\u00e9bute-t-elle au journal de 13h&nbsp;?<\/summary>\n<div style=\"margin:14px 0 0;font-size:15px;line-height:1.6;color:#506478;\">Les premiers passages sont annonc\u00e9s pour l&rsquo;\u00e9t\u00e9 2025, conform\u00e9ment au communiqu\u00e9 officiel de la cha\u00eene. Le calendrier pr\u00e9cis reste li\u00e9 au programme des cong\u00e9s du pr\u00e9sentateur titulaire.<\/div>\n<\/details>\n<details style=\"margin:12px 0;padding:18px 22px;background:#fafbfc;border:1px solid #e1e7ef;border-radius:4px;\">\n<summary style=\"cursor:pointer;font-size:16px;font-weight:600;color:#1a3a5a;font-family:-apple-system,BlinkMacSystemFont,'Segoe UI',sans-serif;\">Quel r\u00f4le exact tient-elle dans cette \u00e9dition&nbsp;?<\/summary>\n<div style=\"margin:14px 0 0;font-size:15px;line-height:1.6;color:#506478;\">Celui de joker du journal de 13h, c&rsquo;est-\u00e0-dire de rempla\u00e7ante de la pr\u00e9sentatrice titulaire pendant les p\u00e9riodes d&rsquo;absence, en particulier les cong\u00e9s estivaux et de fin d&rsquo;ann\u00e9e.<\/div>\n<\/details>\n<details style=\"margin:12px 0;padding:18px 22px;background:#fafbfc;border:1px solid #e1e7ef;border-radius:4px;\">\n<summary style=\"cursor:pointer;font-size:16px;font-weight:600;color:#1a3a5a;font-family:-apple-system,BlinkMacSystemFont,'Segoe UI',sans-serif;\">Quel est son parcours avant TF1&nbsp;?<\/summary>\n<div style=\"margin:14px 0 0;font-size:15px;line-height:1.6;color:#506478;\">Plusieurs ann\u00e9es dans le sport, notamment \u00e0 la t\u00eate du Canal Rugby Club, puis une exposition tr\u00e8s large lors de la Coupe du Monde de Rugby 2023 avec la pr\u00e9sentation du Mag et des apr\u00e8s-matchs des Bleus.<\/div>\n<\/details>\n<details style=\"margin:12px 0;padding:18px 22px;background:#fafbfc;border:1px solid #e1e7ef;border-radius:4px;\">\n<summary style=\"cursor:pointer;font-size:16px;font-weight:600;color:#1a3a5a;font-family:-apple-system,BlinkMacSystemFont,'Segoe UI',sans-serif;\">Continuera-t-elle d&rsquo;animer 50 minutes inside&nbsp;?<\/summary>\n<div style=\"margin:14px 0 0;font-size:15px;line-height:1.6;color:#506478;\">Son r\u00f4le de joker du JT s&rsquo;ajoute \u00e0 ses autres engagements sur la cha\u00eene, qui restent encadr\u00e9s par sa convention avec le groupe. Le d\u00e9tail de la grille pourra \u00e9voluer en fonction des saisons et de l&rsquo;actualit\u00e9.<\/div>\n<\/details>\n<details style=\"margin:12px 0;padding:18px 22px;background:#fafbfc;border:1px solid #e1e7ef;border-radius:4px;\">\n<summary style=\"cursor:pointer;font-size:16px;font-weight:600;color:#1a3a5a;font-family:-apple-system,BlinkMacSystemFont,'Segoe UI',sans-serif;\">Pourquoi cette nomination interpelle-t-elle autant&nbsp;?<\/summary>\n<div style=\"margin:14px 0 0;font-size:15px;line-height:1.6;color:#506478;\">Parce qu&rsquo;elle illustre une volont\u00e9 de renouveler les visages de l&rsquo;information sur une case historique, et parce qu&rsquo;elle met en avant une personnalit\u00e9 venue du sport et de la culture pop, deux registres rares en pr\u00e9sentation de JT classique.<\/div>\n<\/details>\n","protected":false},"excerpt":{"rendered":"","protected":false},"author":34,"featured_media":15463,"comment_status":"open","ping_status":"open","sticky":false,"template":"","format":"standard","meta":{"_acf_changed":false,"manual_indexmenow":false,"indexmenow_id_project":0,"footnotes":""},"categories":[1],"tags":[4585,4615,4685,4543,4617],"class_list":["post-12574","post","type-post","status-publish","format-standard","has-post-thumbnail","hentry","category-a-la-une","tag-cohesion-dequipe","tag-communaute-engagee","tag-evenements-sportifs","tag-performance","tag-sport","generate-columns","tablet-grid-50","mobile-grid-100","grid-parent","grid-25"],"acf":[],"yoast_head":"<!-- This site is optimized with the Yoast SEO Premium plugin v21.3 (Yoast SEO v26.5) - https:\/\/yoast.com\/wordpress\/plugins\/seo\/ -->\n<title>Isabelle Ithurburu, nouvelle figure du journal de 13h<\/title>\n<meta name=\"description\" content=\"L&#039;essentiel \u00e0 retenir Une journaliste sport et culture rejoint la tranche de mi-journ\u00e9e la plus regard\u00e9e de France \u00e0 l&#039;\u00e9t\u00e9 2025. La nomination redessine\u2026\" \/>\n<meta name=\"robots\" content=\"index, follow, max-snippet:-1, max-image-preview:large, max-video-preview:-1\" \/>\n<link rel=\"canonical\" href=\"https:\/\/sport-index.fr\/blog\/a-la-une\/isabelle-ithurburu-nouvelle-figure-du-journal-de-13h-sur-tf1-des-cet-ete\/\" \/>\n<meta property=\"og:locale\" content=\"fr_FR\" \/>\n<meta property=\"og:type\" content=\"article\" \/>\n<meta property=\"og:title\" content=\"Isabelle Ithurburu, nouvelle figure du journal de 13h\" \/>\n<meta property=\"og:description\" content=\"L&#039;essentiel \u00e0 retenir Une journaliste sport et culture rejoint la tranche de mi-journ\u00e9e la plus regard\u00e9e de France \u00e0 l&#039;\u00e9t\u00e9 2025. La nomination redessine\u2026\" \/>\n<meta property=\"og:url\" content=\"https:\/\/sport-index.fr\/blog\/a-la-une\/isabelle-ithurburu-nouvelle-figure-du-journal-de-13h-sur-tf1-des-cet-ete\/\" \/>\n<meta property=\"og:site_name\" content=\"sport-index\" \/>\n<meta name=\"author\" content=\"Axel Lauzier\" \/>\n<meta name=\"twitter:card\" content=\"summary_large_image\" \/>\n<script type=\"application\/ld+json\" class=\"yoast-schema-graph\">{\"@context\":\"https:\/\/schema.org\",\"@graph\":[{\"@type\":\"NewsArticle\",\"@id\":\"https:\/\/sport-index.fr\/blog\/a-la-une\/isabelle-ithurburu-nouvelle-figure-du-journal-de-13h-sur-tf1-des-cet-ete\/#article\",\"isPartOf\":{\"@id\":\"https:\/\/sport-index.fr\/blog\/a-la-une\/isabelle-ithurburu-nouvelle-figure-du-journal-de-13h-sur-tf1-des-cet-ete\/\"},\"author\":{\"name\":\"Axel Lauzier\",\"@id\":\"https:\/\/sport-index.fr\/blog\/#\/schema\/person\/3c864cdc320801e3db34b663e7e3f816\"},\"headline\":\"Isabelle Ithurburu, nouvelle figure du journal de 13h sur TF1 d\u00e8s cet \u00e9t\u00e9\",\"datePublished\":\"2026-05-18T19:47:44+00:00\",\"mainEntityOfPage\":{\"@id\":\"https:\/\/sport-index.fr\/blog\/a-la-une\/isabelle-ithurburu-nouvelle-figure-du-journal-de-13h-sur-tf1-des-cet-ete\/\"},\"wordCount\":1591,\"commentCount\":21,\"publisher\":{\"@id\":\"https:\/\/sport-index.fr\/blog\/#organization\"},\"image\":{\"@id\":\"https:\/\/sport-index.fr\/blog\/a-la-une\/isabelle-ithurburu-nouvelle-figure-du-journal-de-13h-sur-tf1-des-cet-ete\/#primaryimage\"},\"thumbnailUrl\":\"https:\/\/sport-index.fr\/blog\/wp-content\/uploads\/2025\/05\/sdxl-efdd559dbe9987d5ab9c6db408236c88-scaled.png\",\"keywords\":[\"Coh\u00e9sion d'\u00c9quipe\",\"Communaut\u00e9 engag\u00e9e\",\"\u00c9v\u00e9nements Sportifs\",\"Performance\",\"Sport\"],\"articleSection\":[\"\u00c0 la une\"],\"inLanguage\":\"fr-FR\",\"potentialAction\":[{\"@type\":\"CommentAction\",\"name\":\"Comment\",\"target\":[\"https:\/\/sport-index.fr\/blog\/a-la-une\/isabelle-ithurburu-nouvelle-figure-du-journal-de-13h-sur-tf1-des-cet-ete\/#respond\"]}]},{\"@type\":\"WebPage\",\"@id\":\"https:\/\/sport-index.fr\/blog\/a-la-une\/isabelle-ithurburu-nouvelle-figure-du-journal-de-13h-sur-tf1-des-cet-ete\/\",\"url\":\"https:\/\/sport-index.fr\/blog\/a-la-une\/isabelle-ithurburu-nouvelle-figure-du-journal-de-13h-sur-tf1-des-cet-ete\/\",\"name\":\"Isabelle Ithurburu, nouvelle figure du journal de 13h\",\"isPartOf\":{\"@id\":\"https:\/\/sport-index.fr\/blog\/#website\"},\"primaryImageOfPage\":{\"@id\":\"https:\/\/sport-index.fr\/blog\/a-la-une\/isabelle-ithurburu-nouvelle-figure-du-journal-de-13h-sur-tf1-des-cet-ete\/#primaryimage\"},\"image\":{\"@id\":\"https:\/\/sport-index.fr\/blog\/a-la-une\/isabelle-ithurburu-nouvelle-figure-du-journal-de-13h-sur-tf1-des-cet-ete\/#primaryimage\"},\"thumbnailUrl\":\"https:\/\/sport-index.fr\/blog\/wp-content\/uploads\/2025\/05\/sdxl-efdd559dbe9987d5ab9c6db408236c88-scaled.png\",\"datePublished\":\"2026-05-18T19:47:44+00:00\",\"description\":\"L'essentiel \u00e0 retenir Une journaliste sport et culture rejoint la tranche de mi-journ\u00e9e la plus regard\u00e9e de France \u00e0 l'\u00e9t\u00e9 2025. La nomination redessine\u2026\",\"inLanguage\":\"fr-FR\",\"potentialAction\":[{\"@type\":\"ReadAction\",\"target\":[\"https:\/\/sport-index.fr\/blog\/a-la-une\/isabelle-ithurburu-nouvelle-figure-du-journal-de-13h-sur-tf1-des-cet-ete\/\"]}]},{\"@type\":\"ImageObject\",\"inLanguage\":\"fr-FR\",\"@id\":\"https:\/\/sport-index.fr\/blog\/a-la-une\/isabelle-ithurburu-nouvelle-figure-du-journal-de-13h-sur-tf1-des-cet-ete\/#primaryimage\",\"url\":\"https:\/\/sport-index.fr\/blog\/wp-content\/uploads\/2025\/05\/sdxl-efdd559dbe9987d5ab9c6db408236c88-scaled.png\",\"contentUrl\":\"https:\/\/sport-index.fr\/blog\/wp-content\/uploads\/2025\/05\/sdxl-efdd559dbe9987d5ab9c6db408236c88-scaled.png\",\"width\":1200,\"height\":500},{\"@type\":\"WebSite\",\"@id\":\"https:\/\/sport-index.fr\/blog\/#website\",\"url\":\"https:\/\/sport-index.fr\/blog\/\",\"name\":\"sport-index.fr\",\"description\":\"Le score de l\u2019analyse sportive.\",\"publisher\":{\"@id\":\"https:\/\/sport-index.fr\/blog\/#organization\"},\"alternateName\":\"Le score de l\u2019analyse sportive.\",\"potentialAction\":[{\"@type\":\"SearchAction\",\"target\":{\"@type\":\"EntryPoint\",\"urlTemplate\":\"https:\/\/sport-index.fr\/blog\/?s={search_term_string}\"},\"query-input\":{\"@type\":\"PropertyValueSpecification\",\"valueRequired\":true,\"valueName\":\"search_term_string\"}}],\"inLanguage\":\"fr-FR\"},{\"@type\":\"Organization\",\"@id\":\"https:\/\/sport-index.fr\/blog\/#organization\",\"name\":\"Foretsensations.fr\",\"url\":\"https:\/\/sport-index.fr\/blog\/\",\"logo\":{\"@type\":\"ImageObject\",\"inLanguage\":\"fr-FR\",\"@id\":\"https:\/\/sport-index.fr\/blog\/#\/schema\/logo\/image\/\",\"url\":\"https:\/\/sport-index.fr\/blog\/wp-content\/uploads\/2026\/07\/logo-auto.png\",\"contentUrl\":\"https:\/\/sport-index.fr\/blog\/wp-content\/uploads\/2026\/07\/logo-auto.png\",\"width\":1024,\"height\":1024,\"caption\":\"Foretsensations.fr\"},\"image\":{\"@id\":\"https:\/\/sport-index.fr\/blog\/#\/schema\/logo\/image\/\"}},{\"@type\":\"Person\",\"@id\":\"https:\/\/sport-index.fr\/blog\/#\/schema\/person\/3c864cdc320801e3db34b663e7e3f816\",\"name\":\"Axel Lauzier\",\"image\":{\"@type\":\"ImageObject\",\"inLanguage\":\"fr-FR\",\"@id\":\"https:\/\/sport-index.fr\/blog\/#\/schema\/person\/image\/\",\"url\":\"https:\/\/sport-index.fr\/blog\/wp-content\/uploads\/2026\/06\/persona_axel-l-96x96.jpg\",\"contentUrl\":\"https:\/\/sport-index.fr\/blog\/wp-content\/uploads\/2026\/06\/persona_axel-l-96x96.jpg\",\"caption\":\"Axel Lauzier\"},\"description\":\"Le sport rythme mon quotidien depuis l'enfance, et j'en ai fait mon m\u00e9tier d'analyste r\u00e9dactionnel il y a une dizaine d'ann\u00e9es. Je couvre principalement le football, son actualit\u00e9, ses transferts et l'analyse tactique des grandes affiches, mais aussi les disciplines plus confidentielles que j'aime remettre en lumi\u00e8re. Une partie de mon travail porte sur les pronostics et la lecture statistique d'un match : forme des \u00e9quipes, historique des confrontations, compositions, sans jamais vendre de fausse certitude. Je rappelle syst\u00e9matiquement que parier comporte un risque et doit rester un loisir ma\u00eetris\u00e9. Avant de signer une analyse, je v\u00e9rifie mes chiffres, je recoupe les compositions probables et je distingue toujours la donn\u00e9e brute de l'intuition. Mon objectif : offrir une lecture honn\u00eate et argument\u00e9e, pas un ticket gagnant garanti.\",\"sameAs\":[\"https:\/\/axellauzier.fr\/\"],\"url\":\"https:\/\/sport-index.fr\/blog\/auteur\/noname\/\"}]}<\/script>\n<!-- \/ Yoast SEO Premium plugin. -->","yoast_head_json":{"title":"Isabelle Ithurburu, nouvelle figure du journal de 13h","description":"L'essentiel \u00e0 retenir Une journaliste sport et culture rejoint la tranche de mi-journ\u00e9e la plus regard\u00e9e de France \u00e0 l'\u00e9t\u00e9 2025. La nomination redessine\u2026","robots":{"index":"index","follow":"follow","max-snippet":"max-snippet:-1","max-image-preview":"max-image-preview:large","max-video-preview":"max-video-preview:-1"},"canonical":"https:\/\/sport-index.fr\/blog\/a-la-une\/isabelle-ithurburu-nouvelle-figure-du-journal-de-13h-sur-tf1-des-cet-ete\/","og_locale":"fr_FR","og_type":"article","og_title":"Isabelle Ithurburu, nouvelle figure du journal de 13h","og_description":"L'essentiel \u00e0 retenir Une journaliste sport et culture rejoint la tranche de mi-journ\u00e9e la plus regard\u00e9e de France \u00e0 l'\u00e9t\u00e9 2025. La nomination redessine\u2026","og_url":"https:\/\/sport-index.fr\/blog\/a-la-une\/isabelle-ithurburu-nouvelle-figure-du-journal-de-13h-sur-tf1-des-cet-ete\/","og_site_name":"sport-index","author":"Axel Lauzier","twitter_card":"summary_large_image","schema":{"@context":"https:\/\/schema.org","@graph":[{"@type":"NewsArticle","@id":"https:\/\/sport-index.fr\/blog\/a-la-une\/isabelle-ithurburu-nouvelle-figure-du-journal-de-13h-sur-tf1-des-cet-ete\/#article","isPartOf":{"@id":"https:\/\/sport-index.fr\/blog\/a-la-une\/isabelle-ithurburu-nouvelle-figure-du-journal-de-13h-sur-tf1-des-cet-ete\/"},"author":{"name":"Axel Lauzier","@id":"https:\/\/sport-index.fr\/blog\/#\/schema\/person\/3c864cdc320801e3db34b663e7e3f816"},"headline":"Isabelle Ithurburu, nouvelle figure du journal de 13h sur TF1 d\u00e8s cet \u00e9t\u00e9","datePublished":"2026-05-18T19:47:44+00:00","mainEntityOfPage":{"@id":"https:\/\/sport-index.fr\/blog\/a-la-une\/isabelle-ithurburu-nouvelle-figure-du-journal-de-13h-sur-tf1-des-cet-ete\/"},"wordCount":1591,"commentCount":21,"publisher":{"@id":"https:\/\/sport-index.fr\/blog\/#organization"},"image":{"@id":"https:\/\/sport-index.fr\/blog\/a-la-une\/isabelle-ithurburu-nouvelle-figure-du-journal-de-13h-sur-tf1-des-cet-ete\/#primaryimage"},"thumbnailUrl":"https:\/\/sport-index.fr\/blog\/wp-content\/uploads\/2025\/05\/sdxl-efdd559dbe9987d5ab9c6db408236c88-scaled.png","keywords":["Coh\u00e9sion d'\u00c9quipe","Communaut\u00e9 engag\u00e9e","\u00c9v\u00e9nements Sportifs","Performance","Sport"],"articleSection":["\u00c0 la une"],"inLanguage":"fr-FR","potentialAction":[{"@type":"CommentAction","name":"Comment","target":["https:\/\/sport-index.fr\/blog\/a-la-une\/isabelle-ithurburu-nouvelle-figure-du-journal-de-13h-sur-tf1-des-cet-ete\/#respond"]}]},{"@type":"WebPage","@id":"https:\/\/sport-index.fr\/blog\/a-la-une\/isabelle-ithurburu-nouvelle-figure-du-journal-de-13h-sur-tf1-des-cet-ete\/","url":"https:\/\/sport-index.fr\/blog\/a-la-une\/isabelle-ithurburu-nouvelle-figure-du-journal-de-13h-sur-tf1-des-cet-ete\/","name":"Isabelle Ithurburu, nouvelle figure du journal de 13h","isPartOf":{"@id":"https:\/\/sport-index.fr\/blog\/#website"},"primaryImageOfPage":{"@id":"https:\/\/sport-index.fr\/blog\/a-la-une\/isabelle-ithurburu-nouvelle-figure-du-journal-de-13h-sur-tf1-des-cet-ete\/#primaryimage"},"image":{"@id":"https:\/\/sport-index.fr\/blog\/a-la-une\/isabelle-ithurburu-nouvelle-figure-du-journal-de-13h-sur-tf1-des-cet-ete\/#primaryimage"},"thumbnailUrl":"https:\/\/sport-index.fr\/blog\/wp-content\/uploads\/2025\/05\/sdxl-efdd559dbe9987d5ab9c6db408236c88-scaled.png","datePublished":"2026-05-18T19:47:44+00:00","description":"L'essentiel \u00e0 retenir Une journaliste sport et culture rejoint la tranche de mi-journ\u00e9e la plus regard\u00e9e de France \u00e0 l'\u00e9t\u00e9 2025. La nomination redessine\u2026","inLanguage":"fr-FR","potentialAction":[{"@type":"ReadAction","target":["https:\/\/sport-index.fr\/blog\/a-la-une\/isabelle-ithurburu-nouvelle-figure-du-journal-de-13h-sur-tf1-des-cet-ete\/"]}]},{"@type":"ImageObject","inLanguage":"fr-FR","@id":"https:\/\/sport-index.fr\/blog\/a-la-une\/isabelle-ithurburu-nouvelle-figure-du-journal-de-13h-sur-tf1-des-cet-ete\/#primaryimage","url":"https:\/\/sport-index.fr\/blog\/wp-content\/uploads\/2025\/05\/sdxl-efdd559dbe9987d5ab9c6db408236c88-scaled.png","contentUrl":"https:\/\/sport-index.fr\/blog\/wp-content\/uploads\/2025\/05\/sdxl-efdd559dbe9987d5ab9c6db408236c88-scaled.png","width":1200,"height":500},{"@type":"WebSite","@id":"https:\/\/sport-index.fr\/blog\/#website","url":"https:\/\/sport-index.fr\/blog\/","name":"sport-index.fr","description":"Le score de l\u2019analyse sportive.","publisher":{"@id":"https:\/\/sport-index.fr\/blog\/#organization"},"alternateName":"Le score de l\u2019analyse sportive.","potentialAction":[{"@type":"SearchAction","target":{"@type":"EntryPoint","urlTemplate":"https:\/\/sport-index.fr\/blog\/?s={search_term_string}"},"query-input":{"@type":"PropertyValueSpecification","valueRequired":true,"valueName":"search_term_string"}}],"inLanguage":"fr-FR"},{"@type":"Organization","@id":"https:\/\/sport-index.fr\/blog\/#organization","name":"Foretsensations.fr","url":"https:\/\/sport-index.fr\/blog\/","logo":{"@type":"ImageObject","inLanguage":"fr-FR","@id":"https:\/\/sport-index.fr\/blog\/#\/schema\/logo\/image\/","url":"https:\/\/sport-index.fr\/blog\/wp-content\/uploads\/2026\/07\/logo-auto.png","contentUrl":"https:\/\/sport-index.fr\/blog\/wp-content\/uploads\/2026\/07\/logo-auto.png","width":1024,"height":1024,"caption":"Foretsensations.fr"},"image":{"@id":"https:\/\/sport-index.fr\/blog\/#\/schema\/logo\/image\/"}},{"@type":"Person","@id":"https:\/\/sport-index.fr\/blog\/#\/schema\/person\/3c864cdc320801e3db34b663e7e3f816","name":"Axel Lauzier","image":{"@type":"ImageObject","inLanguage":"fr-FR","@id":"https:\/\/sport-index.fr\/blog\/#\/schema\/person\/image\/","url":"https:\/\/sport-index.fr\/blog\/wp-content\/uploads\/2026\/06\/persona_axel-l-96x96.jpg","contentUrl":"https:\/\/sport-index.fr\/blog\/wp-content\/uploads\/2026\/06\/persona_axel-l-96x96.jpg","caption":"Axel Lauzier"},"description":"Le sport rythme mon quotidien depuis l'enfance, et j'en ai fait mon m\u00e9tier d'analyste r\u00e9dactionnel il y a une dizaine d'ann\u00e9es. Je couvre principalement le football, son actualit\u00e9, ses transferts et l'analyse tactique des grandes affiches, mais aussi les disciplines plus confidentielles que j'aime remettre en lumi\u00e8re. Une partie de mon travail porte sur les pronostics et la lecture statistique d'un match : forme des \u00e9quipes, historique des confrontations, compositions, sans jamais vendre de fausse certitude. Je rappelle syst\u00e9matiquement que parier comporte un risque et doit rester un loisir ma\u00eetris\u00e9. Avant de signer une analyse, je v\u00e9rifie mes chiffres, je recoupe les compositions probables et je distingue toujours la donn\u00e9e brute de l'intuition. Mon objectif : offrir une lecture honn\u00eate et argument\u00e9e, pas un ticket gagnant garanti.","sameAs":["https:\/\/axellauzier.fr\/"],"url":"https:\/\/sport-index.fr\/blog\/auteur\/noname\/"}]}},"_links":{"self":[{"href":"https:\/\/sport-index.fr\/blog\/wp-json\/wp\/v2\/posts\/12574","targetHints":{"allow":["GET"]}}],"collection":[{"href":"https:\/\/sport-index.fr\/blog\/wp-json\/wp\/v2\/posts"}],"about":[{"href":"https:\/\/sport-index.fr\/blog\/wp-json\/wp\/v2\/types\/post"}],"author":[{"embeddable":true,"href":"https:\/\/sport-index.fr\/blog\/wp-json\/wp\/v2\/users\/34"}],"replies":[{"embeddable":true,"href":"https:\/\/sport-index.fr\/blog\/wp-json\/wp\/v2\/comments?post=12574"}],"version-history":[{"count":2,"href":"https:\/\/sport-index.fr\/blog\/wp-json\/wp\/v2\/posts\/12574\/revisions"}],"predecessor-version":[{"id":17966,"href":"https:\/\/sport-index.fr\/blog\/wp-json\/wp\/v2\/posts\/12574\/revisions\/17966"}],"wp:featuredmedia":[{"embeddable":true,"href":"https:\/\/sport-index.fr\/blog\/wp-json\/wp\/v2\/media\/15463"}],"wp:attachment":[{"href":"https:\/\/sport-index.fr\/blog\/wp-json\/wp\/v2\/media?parent=12574"}],"wp:term":[{"taxonomy":"category","embeddable":true,"href":"https:\/\/sport-index.fr\/blog\/wp-json\/wp\/v2\/categories?post=12574"},{"taxonomy":"post_tag","embeddable":true,"href":"https:\/\/sport-index.fr\/blog\/wp-json\/wp\/v2\/tags?post=12574"}],"curies":[{"name":"wp","href":"https:\/\/api.w.org\/{rel}","templated":true}]}}