{"id":12576,"date":"2025-03-26T21:49:23","date_gmt":"2025-03-26T20:49:23","guid":{"rendered":"https:\/\/sport-index.fr\/blog\/?p=12576"},"modified":"2025-03-26T21:49:23","modified_gmt":"2025-03-26T20:49:23","slug":"abdelatif-benazzi-prend-la-tete-du-conseil-des-six-nations-un-nouveau-chapitre-pour-le-rugby-europeen","status":"publish","type":"post","link":"https:\/\/sport-index.fr\/blog\/a-la-une\/abdelatif-benazzi-prend-la-tete-du-conseil-des-six-nations-un-nouveau-chapitre-pour-le-rugby-europeen\/","title":{"rendered":"Abdelatif Benazzi prend la t\u00eate du Conseil des Six Nations : un nouveau chapitre pour le rugby europ\u00e9en"},"content":{"rendered":"<h2>Un parcours impressionnant au service du rugby<\/h2>\n<p>Abdelatif Benazzi, figure embl\u00e9matique du rugby fran\u00e7ais, a \u00e9t\u00e9 nomm\u00e9 pr\u00e9sident du Conseil des Six Nations. Fort de ses 78 s\u00e9lections avec l\u2019\u00e9quipe de France, il a su marquer le monde du rugby par son engagement et sa passion. Son arriv\u00e9e \u00e0 ce poste cl\u00e9 ne fait qu&rsquo;ajouter \u00e0 un parcours d\u00e9j\u00e0 riche et respect\u00e9.<\/p>\n<p>Cette nomination intervient apr\u00e8s une carri\u00e8re impressionnante, tant sur le terrain qu&rsquo;en dehors. Benazzi a \u00e9galement \u00e9t\u00e9 un acteur important dans le d\u00e9veloppement du rugby fran\u00e7ais, notamment en tant que vice-pr\u00e9sident international de la F\u00e9d\u00e9ration Fran\u00e7aise de Rugby (FFR). Sa connaissance approfondie des enjeux sportifs et de gouvernance sera un atout pr\u00e9cieux pour les Six Nations.<\/p>\n<h2>Des responsabilit\u00e9s \u00e9tendues et des d\u00e9fis \u00e0 relever<\/h2>\n<p>Dans son nouveau r\u00f4le, Benazzi aura la responsabilit\u00e9 de superviser toutes les questions sportives, de gouvernance et de r\u00e9glementation concernant les Six Nations. Cela inclut la gestion des championnats et des comp\u00e9titions annuels, un d\u00e9fi qui demande une vision claire et un leadership solide. <\/p>\n<p>Il a exprim\u00e9 son enthousiasme face \u00e0 cette nouvelle mission, affirmant : <\/p>\n<blockquote><p>\u00ab\u00a0C\u2019est un honneur incroyable d\u2019\u00eatre \u00e9lu pr\u00e9sident du Conseil des Six Nations, et une responsabilit\u00e9 que je respecte pleinement.\u00a0\u00bb<\/p><\/blockquote>\n<p> Cette d\u00e9claration montre son engagement \u00e0 renforcer l&rsquo;unit\u00e9 entre les diff\u00e9rents syndicats de rugby et \u00e0 travailler pour la croissance du sport.<\/p>\n<h2>Une vision pour l&rsquo;avenir du rugby europ\u00e9en<\/h2>\n<p>Benazzi s&rsquo;engage \u00e0 travailler en collaboration avec ses coll\u00e8gues membres du Conseil pour assurer le d\u00e9veloppement continu du rugby. Son objectif est de favoriser une atmosph\u00e8re de coop\u00e9ration qui profitera \u00e0 toutes les nations participantes. Cette approche collaborative est essentielle, surtout dans un contexte o\u00f9 le rugby se d\u00e9veloppe rapidement \u00e0 l&rsquo;\u00e9chelle mondiale.<\/p>\n<p>Les d\u00e9fis auxquels il fera face sont nombreux. Parmi eux, la n\u00e9cessit\u00e9 d&rsquo;adapter les comp\u00e9titions aux \u00e9volutions du sport, tout en pr\u00e9servant l&rsquo;int\u00e9grit\u00e9 et la tradition du rugby. Voici quelques-uns des principaux d\u00e9fis \u00e0 relever :<\/p>\n<ul>\n<li>Renforcer l&rsquo;unit\u00e9 entre les syndicats de rugby<\/li>\n<li>Am\u00e9liorer la gestion des comp\u00e9titions<\/li>\n<li>Promouvoir le d\u00e9veloppement du rugby \u00e0 tous les niveaux<\/li>\n<li>Assurer la transparence et la bonne gouvernance<\/li>\n<\/ul>\n<p>En prenant la pr\u00e9sidence du Conseil des Six Nations, Abdelatif Benazzi ouvre un nouveau chapitre dans l&rsquo;histoire du rugby europ\u00e9en. Son exp\u00e9rience et sa passion pour le sport seront des atouts majeurs pour naviguer dans les d\u00e9fis qui l&rsquo;attendent. Les amateurs de rugby attendent avec impatience de voir comment il mettra en \u0153uvre sa vision pour renforcer et d\u00e9velopper ce sport qui lui tient tant \u00e0 c\u0153ur.<\/p>\n","protected":false},"excerpt":{"rendered":"","protected":false},"author":34,"featured_media":15462,"comment_status":"open","ping_status":"open","sticky":false,"template":"","format":"standard","meta":{"_acf_changed":false,"manual_indexmenow":false,"indexmenow_id_project":0,"footnotes":""},"categories":[1],"tags":[4745,4561,4536,4556,4554],"class_list":["post-12576","post","type-post","status-publish","format-standard","has-post-thumbnail","hentry","category-a-la-une","tag-competition","tag-gestion-des-talents","tag-rugby","tag-tournoi-des-6-nations","tag-xv-de-france","generate-columns","tablet-grid-50","mobile-grid-100","grid-parent","grid-25"],"acf":[],"yoast_head":"<!-- This site is optimized with the Yoast SEO Premium plugin v21.3 (Yoast SEO v26.5) - https:\/\/yoast.com\/wordpress\/plugins\/seo\/ -->\n<title>Abdelatif Benazzi prend la t\u00eate du Conseil des Six Nations<\/title>\n<meta name=\"description\" content=\"Un parcours impressionnant au service du rugby Abdelatif Benazzi, figure embl\u00e9matique du rugby fran\u00e7ais, a \u00e9t\u00e9 nomm\u00e9 pr\u00e9sident du Conseil des Six\u2026\" \/>\n<meta name=\"robots\" content=\"index, follow, max-snippet:-1, max-image-preview:large, max-video-preview:-1\" \/>\n<link rel=\"canonical\" href=\"https:\/\/sport-index.fr\/blog\/a-la-une\/abdelatif-benazzi-prend-la-tete-du-conseil-des-six-nations-un-nouveau-chapitre-pour-le-rugby-europeen\/\" \/>\n<meta property=\"og:locale\" content=\"fr_FR\" \/>\n<meta property=\"og:type\" content=\"article\" \/>\n<meta property=\"og:title\" content=\"Abdelatif Benazzi prend la t\u00eate du Conseil des Six Nations\" \/>\n<meta property=\"og:description\" content=\"Un parcours impressionnant au service du rugby Abdelatif Benazzi, figure embl\u00e9matique du rugby fran\u00e7ais, a \u00e9t\u00e9 nomm\u00e9 pr\u00e9sident du Conseil des Six\u2026\" \/>\n<meta property=\"og:url\" content=\"https:\/\/sport-index.fr\/blog\/a-la-une\/abdelatif-benazzi-prend-la-tete-du-conseil-des-six-nations-un-nouveau-chapitre-pour-le-rugby-europeen\/\" \/>\n<meta property=\"og:site_name\" content=\"sport-index\" \/>\n<meta name=\"author\" content=\"Axel Lauzier\" \/>\n<meta name=\"twitter:card\" content=\"summary_large_image\" \/>\n<script type=\"application\/ld+json\" class=\"yoast-schema-graph\">{\"@context\":\"https:\/\/schema.org\",\"@graph\":[{\"@type\":\"NewsArticle\",\"@id\":\"https:\/\/sport-index.fr\/blog\/a-la-une\/abdelatif-benazzi-prend-la-tete-du-conseil-des-six-nations-un-nouveau-chapitre-pour-le-rugby-europeen\/#article\",\"isPartOf\":{\"@id\":\"https:\/\/sport-index.fr\/blog\/a-la-une\/abdelatif-benazzi-prend-la-tete-du-conseil-des-six-nations-un-nouveau-chapitre-pour-le-rugby-europeen\/\"},\"author\":{\"name\":\"Axel Lauzier\",\"@id\":\"https:\/\/sport-index.fr\/blog\/#\/schema\/person\/3c864cdc320801e3db34b663e7e3f816\"},\"headline\":\"Abdelatif Benazzi prend la t\u00eate du Conseil des Six Nations : un nouveau chapitre pour le rugby europ\u00e9en\",\"datePublished\":\"2025-03-26T20:49:23+00:00\",\"mainEntityOfPage\":{\"@id\":\"https:\/\/sport-index.fr\/blog\/a-la-une\/abdelatif-benazzi-prend-la-tete-du-conseil-des-six-nations-un-nouveau-chapitre-pour-le-rugby-europeen\/\"},\"wordCount\":477,\"commentCount\":21,\"publisher\":{\"@id\":\"https:\/\/sport-index.fr\/blog\/#organization\"},\"image\":{\"@id\":\"https:\/\/sport-index.fr\/blog\/a-la-une\/abdelatif-benazzi-prend-la-tete-du-conseil-des-six-nations-un-nouveau-chapitre-pour-le-rugby-europeen\/#primaryimage\"},\"thumbnailUrl\":\"https:\/\/sport-index.fr\/blog\/wp-content\/uploads\/2025\/05\/sdxl-ce76981f4d5f76a688bd9d834ea22276-scaled.png\",\"keywords\":[\"Comp\u00e9tition\",\"Gestion des Talents\",\"Rugby\",\"Tournoi des 6 Nations\",\"XV de France\"],\"articleSection\":[\"\u00c0 la une\"],\"inLanguage\":\"fr-FR\",\"potentialAction\":[{\"@type\":\"CommentAction\",\"name\":\"Comment\",\"target\":[\"https:\/\/sport-index.fr\/blog\/a-la-une\/abdelatif-benazzi-prend-la-tete-du-conseil-des-six-nations-un-nouveau-chapitre-pour-le-rugby-europeen\/#respond\"]}]},{\"@type\":\"WebPage\",\"@id\":\"https:\/\/sport-index.fr\/blog\/a-la-une\/abdelatif-benazzi-prend-la-tete-du-conseil-des-six-nations-un-nouveau-chapitre-pour-le-rugby-europeen\/\",\"url\":\"https:\/\/sport-index.fr\/blog\/a-la-une\/abdelatif-benazzi-prend-la-tete-du-conseil-des-six-nations-un-nouveau-chapitre-pour-le-rugby-europeen\/\",\"name\":\"Abdelatif Benazzi prend la t\u00eate du Conseil des Six Nations\",\"isPartOf\":{\"@id\":\"https:\/\/sport-index.fr\/blog\/#website\"},\"primaryImageOfPage\":{\"@id\":\"https:\/\/sport-index.fr\/blog\/a-la-une\/abdelatif-benazzi-prend-la-tete-du-conseil-des-six-nations-un-nouveau-chapitre-pour-le-rugby-europeen\/#primaryimage\"},\"image\":{\"@id\":\"https:\/\/sport-index.fr\/blog\/a-la-une\/abdelatif-benazzi-prend-la-tete-du-conseil-des-six-nations-un-nouveau-chapitre-pour-le-rugby-europeen\/#primaryimage\"},\"thumbnailUrl\":\"https:\/\/sport-index.fr\/blog\/wp-content\/uploads\/2025\/05\/sdxl-ce76981f4d5f76a688bd9d834ea22276-scaled.png\",\"datePublished\":\"2025-03-26T20:49:23+00:00\",\"description\":\"Un parcours impressionnant au service du rugby Abdelatif Benazzi, figure embl\u00e9matique du rugby fran\u00e7ais, a \u00e9t\u00e9 nomm\u00e9 pr\u00e9sident du Conseil des Six\u2026\",\"inLanguage\":\"fr-FR\",\"potentialAction\":[{\"@type\":\"ReadAction\",\"target\":[\"https:\/\/sport-index.fr\/blog\/a-la-une\/abdelatif-benazzi-prend-la-tete-du-conseil-des-six-nations-un-nouveau-chapitre-pour-le-rugby-europeen\/\"]}]},{\"@type\":\"ImageObject\",\"inLanguage\":\"fr-FR\",\"@id\":\"https:\/\/sport-index.fr\/blog\/a-la-une\/abdelatif-benazzi-prend-la-tete-du-conseil-des-six-nations-un-nouveau-chapitre-pour-le-rugby-europeen\/#primaryimage\",\"url\":\"https:\/\/sport-index.fr\/blog\/wp-content\/uploads\/2025\/05\/sdxl-ce76981f4d5f76a688bd9d834ea22276-scaled.png\",\"contentUrl\":\"https:\/\/sport-index.fr\/blog\/wp-content\/uploads\/2025\/05\/sdxl-ce76981f4d5f76a688bd9d834ea22276-scaled.png\",\"width\":1200,\"height\":500},{\"@type\":\"WebSite\",\"@id\":\"https:\/\/sport-index.fr\/blog\/#website\",\"url\":\"https:\/\/sport-index.fr\/blog\/\",\"name\":\"sport-index.fr\",\"description\":\"Le score de l\u2019analyse sportive.\",\"publisher\":{\"@id\":\"https:\/\/sport-index.fr\/blog\/#organization\"},\"alternateName\":\"Le score de l\u2019analyse sportive.\",\"potentialAction\":[{\"@type\":\"SearchAction\",\"target\":{\"@type\":\"EntryPoint\",\"urlTemplate\":\"https:\/\/sport-index.fr\/blog\/?s={search_term_string}\"},\"query-input\":{\"@type\":\"PropertyValueSpecification\",\"valueRequired\":true,\"valueName\":\"search_term_string\"}}],\"inLanguage\":\"fr-FR\"},{\"@type\":\"Organization\",\"@id\":\"https:\/\/sport-index.fr\/blog\/#organization\",\"name\":\"Foretsensations.fr\",\"url\":\"https:\/\/sport-index.fr\/blog\/\",\"logo\":{\"@type\":\"ImageObject\",\"inLanguage\":\"fr-FR\",\"@id\":\"https:\/\/sport-index.fr\/blog\/#\/schema\/logo\/image\/\",\"url\":\"https:\/\/sport-index.fr\/blog\/wp-content\/uploads\/2026\/07\/logo-auto.png\",\"contentUrl\":\"https:\/\/sport-index.fr\/blog\/wp-content\/uploads\/2026\/07\/logo-auto.png\",\"width\":1024,\"height\":1024,\"caption\":\"Foretsensations.fr\"},\"image\":{\"@id\":\"https:\/\/sport-index.fr\/blog\/#\/schema\/logo\/image\/\"}},{\"@type\":\"Person\",\"@id\":\"https:\/\/sport-index.fr\/blog\/#\/schema\/person\/3c864cdc320801e3db34b663e7e3f816\",\"name\":\"Axel Lauzier\",\"image\":{\"@type\":\"ImageObject\",\"inLanguage\":\"fr-FR\",\"@id\":\"https:\/\/sport-index.fr\/blog\/#\/schema\/person\/image\/\",\"url\":\"https:\/\/sport-index.fr\/blog\/wp-content\/uploads\/2026\/06\/persona_axel-l-96x96.jpg\",\"contentUrl\":\"https:\/\/sport-index.fr\/blog\/wp-content\/uploads\/2026\/06\/persona_axel-l-96x96.jpg\",\"caption\":\"Axel Lauzier\"},\"description\":\"Le sport rythme mon quotidien depuis l'enfance, et j'en ai fait mon m\u00e9tier d'analyste r\u00e9dactionnel il y a une dizaine d'ann\u00e9es. Je couvre principalement le football, son actualit\u00e9, ses transferts et l'analyse tactique des grandes affiches, mais aussi les disciplines plus confidentielles que j'aime remettre en lumi\u00e8re. Une partie de mon travail porte sur les pronostics et la lecture statistique d'un match : forme des \u00e9quipes, historique des confrontations, compositions, sans jamais vendre de fausse certitude. Je rappelle syst\u00e9matiquement que parier comporte un risque et doit rester un loisir ma\u00eetris\u00e9. Avant de signer une analyse, je v\u00e9rifie mes chiffres, je recoupe les compositions probables et je distingue toujours la donn\u00e9e brute de l'intuition. Mon objectif : offrir une lecture honn\u00eate et argument\u00e9e, pas un ticket gagnant garanti.\",\"sameAs\":[\"https:\/\/axellauzier.fr\/\"],\"url\":\"https:\/\/sport-index.fr\/blog\/auteur\/noname\/\"}]}<\/script>\n<!-- \/ Yoast SEO Premium plugin. -->","yoast_head_json":{"title":"Abdelatif Benazzi prend la t\u00eate du Conseil des Six Nations","description":"Un parcours impressionnant au service du rugby Abdelatif Benazzi, figure embl\u00e9matique du rugby fran\u00e7ais, a \u00e9t\u00e9 nomm\u00e9 pr\u00e9sident du Conseil des Six\u2026","robots":{"index":"index","follow":"follow","max-snippet":"max-snippet:-1","max-image-preview":"max-image-preview:large","max-video-preview":"max-video-preview:-1"},"canonical":"https:\/\/sport-index.fr\/blog\/a-la-une\/abdelatif-benazzi-prend-la-tete-du-conseil-des-six-nations-un-nouveau-chapitre-pour-le-rugby-europeen\/","og_locale":"fr_FR","og_type":"article","og_title":"Abdelatif Benazzi prend la t\u00eate du Conseil des Six Nations","og_description":"Un parcours impressionnant au service du rugby Abdelatif Benazzi, figure embl\u00e9matique du rugby fran\u00e7ais, a \u00e9t\u00e9 nomm\u00e9 pr\u00e9sident du Conseil des Six\u2026","og_url":"https:\/\/sport-index.fr\/blog\/a-la-une\/abdelatif-benazzi-prend-la-tete-du-conseil-des-six-nations-un-nouveau-chapitre-pour-le-rugby-europeen\/","og_site_name":"sport-index","author":"Axel Lauzier","twitter_card":"summary_large_image","schema":{"@context":"https:\/\/schema.org","@graph":[{"@type":"NewsArticle","@id":"https:\/\/sport-index.fr\/blog\/a-la-une\/abdelatif-benazzi-prend-la-tete-du-conseil-des-six-nations-un-nouveau-chapitre-pour-le-rugby-europeen\/#article","isPartOf":{"@id":"https:\/\/sport-index.fr\/blog\/a-la-une\/abdelatif-benazzi-prend-la-tete-du-conseil-des-six-nations-un-nouveau-chapitre-pour-le-rugby-europeen\/"},"author":{"name":"Axel Lauzier","@id":"https:\/\/sport-index.fr\/blog\/#\/schema\/person\/3c864cdc320801e3db34b663e7e3f816"},"headline":"Abdelatif Benazzi prend la t\u00eate du Conseil des Six Nations : un nouveau chapitre pour le rugby europ\u00e9en","datePublished":"2025-03-26T20:49:23+00:00","mainEntityOfPage":{"@id":"https:\/\/sport-index.fr\/blog\/a-la-une\/abdelatif-benazzi-prend-la-tete-du-conseil-des-six-nations-un-nouveau-chapitre-pour-le-rugby-europeen\/"},"wordCount":477,"commentCount":21,"publisher":{"@id":"https:\/\/sport-index.fr\/blog\/#organization"},"image":{"@id":"https:\/\/sport-index.fr\/blog\/a-la-une\/abdelatif-benazzi-prend-la-tete-du-conseil-des-six-nations-un-nouveau-chapitre-pour-le-rugby-europeen\/#primaryimage"},"thumbnailUrl":"https:\/\/sport-index.fr\/blog\/wp-content\/uploads\/2025\/05\/sdxl-ce76981f4d5f76a688bd9d834ea22276-scaled.png","keywords":["Comp\u00e9tition","Gestion des Talents","Rugby","Tournoi des 6 Nations","XV de France"],"articleSection":["\u00c0 la une"],"inLanguage":"fr-FR","potentialAction":[{"@type":"CommentAction","name":"Comment","target":["https:\/\/sport-index.fr\/blog\/a-la-une\/abdelatif-benazzi-prend-la-tete-du-conseil-des-six-nations-un-nouveau-chapitre-pour-le-rugby-europeen\/#respond"]}]},{"@type":"WebPage","@id":"https:\/\/sport-index.fr\/blog\/a-la-une\/abdelatif-benazzi-prend-la-tete-du-conseil-des-six-nations-un-nouveau-chapitre-pour-le-rugby-europeen\/","url":"https:\/\/sport-index.fr\/blog\/a-la-une\/abdelatif-benazzi-prend-la-tete-du-conseil-des-six-nations-un-nouveau-chapitre-pour-le-rugby-europeen\/","name":"Abdelatif Benazzi prend la t\u00eate du Conseil des Six Nations","isPartOf":{"@id":"https:\/\/sport-index.fr\/blog\/#website"},"primaryImageOfPage":{"@id":"https:\/\/sport-index.fr\/blog\/a-la-une\/abdelatif-benazzi-prend-la-tete-du-conseil-des-six-nations-un-nouveau-chapitre-pour-le-rugby-europeen\/#primaryimage"},"image":{"@id":"https:\/\/sport-index.fr\/blog\/a-la-une\/abdelatif-benazzi-prend-la-tete-du-conseil-des-six-nations-un-nouveau-chapitre-pour-le-rugby-europeen\/#primaryimage"},"thumbnailUrl":"https:\/\/sport-index.fr\/blog\/wp-content\/uploads\/2025\/05\/sdxl-ce76981f4d5f76a688bd9d834ea22276-scaled.png","datePublished":"2025-03-26T20:49:23+00:00","description":"Un parcours impressionnant au service du rugby Abdelatif Benazzi, figure embl\u00e9matique du rugby fran\u00e7ais, a \u00e9t\u00e9 nomm\u00e9 pr\u00e9sident du Conseil des Six\u2026","inLanguage":"fr-FR","potentialAction":[{"@type":"ReadAction","target":["https:\/\/sport-index.fr\/blog\/a-la-une\/abdelatif-benazzi-prend-la-tete-du-conseil-des-six-nations-un-nouveau-chapitre-pour-le-rugby-europeen\/"]}]},{"@type":"ImageObject","inLanguage":"fr-FR","@id":"https:\/\/sport-index.fr\/blog\/a-la-une\/abdelatif-benazzi-prend-la-tete-du-conseil-des-six-nations-un-nouveau-chapitre-pour-le-rugby-europeen\/#primaryimage","url":"https:\/\/sport-index.fr\/blog\/wp-content\/uploads\/2025\/05\/sdxl-ce76981f4d5f76a688bd9d834ea22276-scaled.png","contentUrl":"https:\/\/sport-index.fr\/blog\/wp-content\/uploads\/2025\/05\/sdxl-ce76981f4d5f76a688bd9d834ea22276-scaled.png","width":1200,"height":500},{"@type":"WebSite","@id":"https:\/\/sport-index.fr\/blog\/#website","url":"https:\/\/sport-index.fr\/blog\/","name":"sport-index.fr","description":"Le score de l\u2019analyse sportive.","publisher":{"@id":"https:\/\/sport-index.fr\/blog\/#organization"},"alternateName":"Le score de l\u2019analyse sportive.","potentialAction":[{"@type":"SearchAction","target":{"@type":"EntryPoint","urlTemplate":"https:\/\/sport-index.fr\/blog\/?s={search_term_string}"},"query-input":{"@type":"PropertyValueSpecification","valueRequired":true,"valueName":"search_term_string"}}],"inLanguage":"fr-FR"},{"@type":"Organization","@id":"https:\/\/sport-index.fr\/blog\/#organization","name":"Foretsensations.fr","url":"https:\/\/sport-index.fr\/blog\/","logo":{"@type":"ImageObject","inLanguage":"fr-FR","@id":"https:\/\/sport-index.fr\/blog\/#\/schema\/logo\/image\/","url":"https:\/\/sport-index.fr\/blog\/wp-content\/uploads\/2026\/07\/logo-auto.png","contentUrl":"https:\/\/sport-index.fr\/blog\/wp-content\/uploads\/2026\/07\/logo-auto.png","width":1024,"height":1024,"caption":"Foretsensations.fr"},"image":{"@id":"https:\/\/sport-index.fr\/blog\/#\/schema\/logo\/image\/"}},{"@type":"Person","@id":"https:\/\/sport-index.fr\/blog\/#\/schema\/person\/3c864cdc320801e3db34b663e7e3f816","name":"Axel Lauzier","image":{"@type":"ImageObject","inLanguage":"fr-FR","@id":"https:\/\/sport-index.fr\/blog\/#\/schema\/person\/image\/","url":"https:\/\/sport-index.fr\/blog\/wp-content\/uploads\/2026\/06\/persona_axel-l-96x96.jpg","contentUrl":"https:\/\/sport-index.fr\/blog\/wp-content\/uploads\/2026\/06\/persona_axel-l-96x96.jpg","caption":"Axel Lauzier"},"description":"Le sport rythme mon quotidien depuis l'enfance, et j'en ai fait mon m\u00e9tier d'analyste r\u00e9dactionnel il y a une dizaine d'ann\u00e9es. Je couvre principalement le football, son actualit\u00e9, ses transferts et l'analyse tactique des grandes affiches, mais aussi les disciplines plus confidentielles que j'aime remettre en lumi\u00e8re. Une partie de mon travail porte sur les pronostics et la lecture statistique d'un match : forme des \u00e9quipes, historique des confrontations, compositions, sans jamais vendre de fausse certitude. Je rappelle syst\u00e9matiquement que parier comporte un risque et doit rester un loisir ma\u00eetris\u00e9. Avant de signer une analyse, je v\u00e9rifie mes chiffres, je recoupe les compositions probables et je distingue toujours la donn\u00e9e brute de l'intuition. Mon objectif : offrir une lecture honn\u00eate et argument\u00e9e, pas un ticket gagnant garanti.","sameAs":["https:\/\/axellauzier.fr\/"],"url":"https:\/\/sport-index.fr\/blog\/auteur\/noname\/"}]}},"_links":{"self":[{"href":"https:\/\/sport-index.fr\/blog\/wp-json\/wp\/v2\/posts\/12576","targetHints":{"allow":["GET"]}}],"collection":[{"href":"https:\/\/sport-index.fr\/blog\/wp-json\/wp\/v2\/posts"}],"about":[{"href":"https:\/\/sport-index.fr\/blog\/wp-json\/wp\/v2\/types\/post"}],"author":[{"embeddable":true,"href":"https:\/\/sport-index.fr\/blog\/wp-json\/wp\/v2\/users\/34"}],"replies":[{"embeddable":true,"href":"https:\/\/sport-index.fr\/blog\/wp-json\/wp\/v2\/comments?post=12576"}],"version-history":[{"count":1,"href":"https:\/\/sport-index.fr\/blog\/wp-json\/wp\/v2\/posts\/12576\/revisions"}],"predecessor-version":[{"id":12595,"href":"https:\/\/sport-index.fr\/blog\/wp-json\/wp\/v2\/posts\/12576\/revisions\/12595"}],"wp:featuredmedia":[{"embeddable":true,"href":"https:\/\/sport-index.fr\/blog\/wp-json\/wp\/v2\/media\/15462"}],"wp:attachment":[{"href":"https:\/\/sport-index.fr\/blog\/wp-json\/wp\/v2\/media?parent=12576"}],"wp:term":[{"taxonomy":"category","embeddable":true,"href":"https:\/\/sport-index.fr\/blog\/wp-json\/wp\/v2\/categories?post=12576"},{"taxonomy":"post_tag","embeddable":true,"href":"https:\/\/sport-index.fr\/blog\/wp-json\/wp\/v2\/tags?post=12576"}],"curies":[{"name":"wp","href":"https:\/\/api.w.org\/{rel}","templated":true}]}}