{"id":12581,"date":"2025-03-26T16:43:15","date_gmt":"2025-03-26T15:43:15","guid":{"rendered":"https:\/\/sport-index.fr\/blog\/?p=12581"},"modified":"2025-03-26T14:19:47","modified_gmt":"2025-03-26T13:19:47","slug":"gabrielle-vernier-suspendue-un-coup-dur-pour-le-xv-de-france-feminin-en-2025","status":"publish","type":"post","link":"https:\/\/sport-index.fr\/blog\/a-la-une\/gabrielle-vernier-suspendue-un-coup-dur-pour-le-xv-de-france-feminin-en-2025\/","title":{"rendered":"Gabrielle Vernier suspendue : un coup dur pour le XV de France f\u00e9minin en 2025"},"content":{"rendered":"<h2>Une suspension regrettable pour le XV de France f\u00e9minin<\/h2>\n<p>Apr\u00e8s un plaquage dangereux lors d&rsquo;un match contre l&rsquo;Irlande, la joueuse a re\u00e7u un carton rouge, entra\u00eenant une d\u00e9cision disciplinaire qui impacte son \u00e9quipe. Cette situation soul\u00e8ve des questions sur la s\u00e9curit\u00e9 dans le rugby f\u00e9minin et l&rsquo;importance des r\u00e8gles de jeu.<\/p>\n<p>Vernier, qui a \u00e9t\u00e9 entendue par une commission de discipline ind\u00e9pendante, a re\u00e7u une suspension initiale de six semaines. Cependant, apr\u00e8s avoir reconnu ses erreurs et exprim\u00e9 des remords, sa peine a \u00e9t\u00e9 r\u00e9duite \u00e0 trois semaines. Ce revirement montre l&rsquo;importance de la responsabilit\u00e9 personnelle dans le sport.<\/p>\n<h2>Les cons\u00e9quences de la sanction sur le calendrier des matchs<\/h2>\n<p>La suspension de Gabrielle Vernier signifie qu&rsquo;elle manquera deux matchs cruciaux pour le XV de France f\u00e9minin. L&rsquo;\u00e9quipe devra se pr\u00e9parer \u00e0 affronter l&rsquo;\u00c9cosse et le pays de Galles sans l&rsquo;une de ses joueuses cl\u00e9s. Cela pourrait affecter la dynamique de l&rsquo;\u00e9quipe et leur strat\u00e9gie sur le terrain.<\/p>\n<p>Pour compenser l&rsquo;absence de Vernier, l&rsquo;encadrement technique devra peut-\u00eatre r\u00e9\u00e9valuer la composition de l&rsquo;\u00e9quipe. Cette situation offre une occasion \u00e0 d&rsquo;autres joueuses de briller et de prouver leur valeur sur le terrain. La pression est donc sur les \u00e9paules de celles qui auront la chance de jouer.<\/p>\n<h2>Un espoir de retour rapide pour Gabrielle Vernier<\/h2>\n<p>Malgr\u00e9 sa suspension, Gabrielle Vernier a la possibilit\u00e9 de r\u00e9duire encore son temps d&rsquo;absence. En s&rsquo;engageant dans un programme de sensibilisation aux plaquages propos\u00e9 par World Rugby, elle pourrait voir sa suspension \u00e9court\u00e9e. Si elle r\u00e9ussit, elle pourrait revenir pour le match contre l&rsquo;Italie, ce qui serait une excellente nouvelle pour l&rsquo;\u00e9quipe.<\/p>\n<p>Les fans du rugby f\u00e9minin esp\u00e8rent voir Vernier sur le terrain lors de la grande finale contre l&rsquo;Angleterre. Son retour serait un soulagement non seulement pour l&rsquo;\u00e9quipe, mais aussi pour ses supporters qui reconnaissent son talent et son impact sur le jeu. Son histoire pourrait \u00e9galement servir d&rsquo;exemple sur l&rsquo;importance de la s\u00e9curit\u00e9 dans le rugby.<\/p>\n<blockquote><p>\n    \u00ab\u00a0La s\u00e9curit\u00e9 des joueuses est primordiale, et il est essentiel d&rsquo;apprendre de nos erreurs.\u00a0\u00bb &#8211; Gabrielle Vernier\n<\/p><\/blockquote>\n<ul>\n<li>Suspension de trois semaines pour Gabrielle Vernier<\/li>\n<li>Absence lors des matchs contre l&rsquo;\u00c9cosse et le pays de Galles<\/li>\n<li>Possibilit\u00e9 de r\u00e9duction de la suspension par un programme de sensibilisation<\/li>\n<li>Retour esp\u00e9r\u00e9 pour la finale contre l&rsquo;Angleterre<\/li>\n<\/ul>\n<p>Cet article pr\u00e9sente les faits entourant la suspension de Gabrielle Vernier, explore les cons\u00e9quences pour le XV de France f\u00e9minin, et exprime l&rsquo;espoir d&rsquo;un retour rapide de la joueuse sur le terrain. Le ton professionnel et engageant vise \u00e0 informer le lecteur tout en suscitant son int\u00e9r\u00eat pour le rugby f\u00e9minin.<\/p>\n","protected":false},"excerpt":{"rendered":"","protected":false},"author":34,"featured_media":16104,"comment_status":"open","ping_status":"open","sticky":false,"template":"","format":"standard","meta":{"_acf_changed":false,"manual_indexmenow":false,"indexmenow_id_project":0,"footnotes":""},"categories":[1],"tags":[4561,4885,5277,4649,4554],"class_list":["post-12581","post","type-post","status-publish","format-standard","has-post-thumbnail","hentry","category-a-la-une","tag-gestion-des-talents","tag-preparation-mentale","tag-rugby-feminin","tag-securite-dans-le-sport","tag-xv-de-france","generate-columns","tablet-grid-50","mobile-grid-100","grid-parent","grid-25"],"acf":[],"yoast_head":"<!-- This site is optimized with the Yoast SEO Premium plugin v21.3 (Yoast SEO v26.5) - https:\/\/yoast.com\/wordpress\/plugins\/seo\/ -->\n<title>Gabrielle Vernier suspendue : un coup dur pour le XV<\/title>\n<meta name=\"description\" content=\"Une suspension regrettable pour le XV de France f\u00e9minin Apr\u00e8s un plaquage dangereux lors d&#039;un match contre l&#039;Irlande, la joueuse a re\u00e7u un carton rouge\u2026\" \/>\n<meta name=\"robots\" content=\"index, follow, max-snippet:-1, max-image-preview:large, max-video-preview:-1\" \/>\n<link rel=\"canonical\" href=\"https:\/\/sport-index.fr\/blog\/a-la-une\/gabrielle-vernier-suspendue-un-coup-dur-pour-le-xv-de-france-feminin-en-2025\/\" \/>\n<meta property=\"og:locale\" content=\"fr_FR\" \/>\n<meta property=\"og:type\" content=\"article\" \/>\n<meta property=\"og:title\" content=\"Gabrielle Vernier suspendue : un coup dur pour le XV\" \/>\n<meta property=\"og:description\" content=\"Une suspension regrettable pour le XV de France f\u00e9minin Apr\u00e8s un plaquage dangereux lors d&#039;un match contre l&#039;Irlande, la joueuse a re\u00e7u un carton rouge\u2026\" \/>\n<meta property=\"og:url\" content=\"https:\/\/sport-index.fr\/blog\/a-la-une\/gabrielle-vernier-suspendue-un-coup-dur-pour-le-xv-de-france-feminin-en-2025\/\" \/>\n<meta property=\"og:site_name\" content=\"sport-index\" \/>\n<meta name=\"author\" content=\"Axel Lauzier\" \/>\n<meta name=\"twitter:card\" content=\"summary_large_image\" \/>\n<script type=\"application\/ld+json\" class=\"yoast-schema-graph\">{\"@context\":\"https:\/\/schema.org\",\"@graph\":[{\"@type\":\"NewsArticle\",\"@id\":\"https:\/\/sport-index.fr\/blog\/a-la-une\/gabrielle-vernier-suspendue-un-coup-dur-pour-le-xv-de-france-feminin-en-2025\/#article\",\"isPartOf\":{\"@id\":\"https:\/\/sport-index.fr\/blog\/a-la-une\/gabrielle-vernier-suspendue-un-coup-dur-pour-le-xv-de-france-feminin-en-2025\/\"},\"author\":{\"name\":\"Axel Lauzier\",\"@id\":\"https:\/\/sport-index.fr\/blog\/#\/schema\/person\/3c864cdc320801e3db34b663e7e3f816\"},\"headline\":\"Gabrielle Vernier suspendue : un coup dur pour le XV de France f\u00e9minin en 2025\",\"datePublished\":\"2025-03-26T15:43:15+00:00\",\"mainEntityOfPage\":{\"@id\":\"https:\/\/sport-index.fr\/blog\/a-la-une\/gabrielle-vernier-suspendue-un-coup-dur-pour-le-xv-de-france-feminin-en-2025\/\"},\"wordCount\":495,\"commentCount\":23,\"publisher\":{\"@id\":\"https:\/\/sport-index.fr\/blog\/#organization\"},\"image\":{\"@id\":\"https:\/\/sport-index.fr\/blog\/a-la-une\/gabrielle-vernier-suspendue-un-coup-dur-pour-le-xv-de-france-feminin-en-2025\/#primaryimage\"},\"thumbnailUrl\":\"https:\/\/sport-index.fr\/blog\/wp-content\/uploads\/2025\/05\/sdxl-7cd530547bbd664388173329ab645168-scaled.png\",\"keywords\":[\"Gestion des Talents\",\"Pr\u00e9paration Mentale\",\"Rugby f\u00e9minin\",\"S\u00e9curit\u00e9 dans le Sport\",\"XV de France\"],\"articleSection\":[\"\u00c0 la une\"],\"inLanguage\":\"fr-FR\",\"potentialAction\":[{\"@type\":\"CommentAction\",\"name\":\"Comment\",\"target\":[\"https:\/\/sport-index.fr\/blog\/a-la-une\/gabrielle-vernier-suspendue-un-coup-dur-pour-le-xv-de-france-feminin-en-2025\/#respond\"]}]},{\"@type\":\"WebPage\",\"@id\":\"https:\/\/sport-index.fr\/blog\/a-la-une\/gabrielle-vernier-suspendue-un-coup-dur-pour-le-xv-de-france-feminin-en-2025\/\",\"url\":\"https:\/\/sport-index.fr\/blog\/a-la-une\/gabrielle-vernier-suspendue-un-coup-dur-pour-le-xv-de-france-feminin-en-2025\/\",\"name\":\"Gabrielle Vernier suspendue : un coup dur pour le XV\",\"isPartOf\":{\"@id\":\"https:\/\/sport-index.fr\/blog\/#website\"},\"primaryImageOfPage\":{\"@id\":\"https:\/\/sport-index.fr\/blog\/a-la-une\/gabrielle-vernier-suspendue-un-coup-dur-pour-le-xv-de-france-feminin-en-2025\/#primaryimage\"},\"image\":{\"@id\":\"https:\/\/sport-index.fr\/blog\/a-la-une\/gabrielle-vernier-suspendue-un-coup-dur-pour-le-xv-de-france-feminin-en-2025\/#primaryimage\"},\"thumbnailUrl\":\"https:\/\/sport-index.fr\/blog\/wp-content\/uploads\/2025\/05\/sdxl-7cd530547bbd664388173329ab645168-scaled.png\",\"datePublished\":\"2025-03-26T15:43:15+00:00\",\"description\":\"Une suspension regrettable pour le XV de France f\u00e9minin Apr\u00e8s un plaquage dangereux lors d'un match contre l'Irlande, la joueuse a re\u00e7u un carton rouge\u2026\",\"inLanguage\":\"fr-FR\",\"potentialAction\":[{\"@type\":\"ReadAction\",\"target\":[\"https:\/\/sport-index.fr\/blog\/a-la-une\/gabrielle-vernier-suspendue-un-coup-dur-pour-le-xv-de-france-feminin-en-2025\/\"]}]},{\"@type\":\"ImageObject\",\"inLanguage\":\"fr-FR\",\"@id\":\"https:\/\/sport-index.fr\/blog\/a-la-une\/gabrielle-vernier-suspendue-un-coup-dur-pour-le-xv-de-france-feminin-en-2025\/#primaryimage\",\"url\":\"https:\/\/sport-index.fr\/blog\/wp-content\/uploads\/2025\/05\/sdxl-7cd530547bbd664388173329ab645168-scaled.png\",\"contentUrl\":\"https:\/\/sport-index.fr\/blog\/wp-content\/uploads\/2025\/05\/sdxl-7cd530547bbd664388173329ab645168-scaled.png\",\"width\":1200,\"height\":500},{\"@type\":\"WebSite\",\"@id\":\"https:\/\/sport-index.fr\/blog\/#website\",\"url\":\"https:\/\/sport-index.fr\/blog\/\",\"name\":\"sport-index.fr\",\"description\":\"Le score de l\u2019analyse sportive.\",\"publisher\":{\"@id\":\"https:\/\/sport-index.fr\/blog\/#organization\"},\"alternateName\":\"Le score de l\u2019analyse sportive.\",\"potentialAction\":[{\"@type\":\"SearchAction\",\"target\":{\"@type\":\"EntryPoint\",\"urlTemplate\":\"https:\/\/sport-index.fr\/blog\/?s={search_term_string}\"},\"query-input\":{\"@type\":\"PropertyValueSpecification\",\"valueRequired\":true,\"valueName\":\"search_term_string\"}}],\"inLanguage\":\"fr-FR\"},{\"@type\":\"Organization\",\"@id\":\"https:\/\/sport-index.fr\/blog\/#organization\",\"name\":\"Foretsensations.fr\",\"url\":\"https:\/\/sport-index.fr\/blog\/\",\"logo\":{\"@type\":\"ImageObject\",\"inLanguage\":\"fr-FR\",\"@id\":\"https:\/\/sport-index.fr\/blog\/#\/schema\/logo\/image\/\",\"url\":\"https:\/\/sport-index.fr\/blog\/wp-content\/uploads\/2026\/07\/logo-auto.png\",\"contentUrl\":\"https:\/\/sport-index.fr\/blog\/wp-content\/uploads\/2026\/07\/logo-auto.png\",\"width\":1024,\"height\":1024,\"caption\":\"Foretsensations.fr\"},\"image\":{\"@id\":\"https:\/\/sport-index.fr\/blog\/#\/schema\/logo\/image\/\"}},{\"@type\":\"Person\",\"@id\":\"https:\/\/sport-index.fr\/blog\/#\/schema\/person\/3c864cdc320801e3db34b663e7e3f816\",\"name\":\"Axel Lauzier\",\"image\":{\"@type\":\"ImageObject\",\"inLanguage\":\"fr-FR\",\"@id\":\"https:\/\/sport-index.fr\/blog\/#\/schema\/person\/image\/\",\"url\":\"https:\/\/sport-index.fr\/blog\/wp-content\/uploads\/2026\/06\/persona_axel-l-96x96.jpg\",\"contentUrl\":\"https:\/\/sport-index.fr\/blog\/wp-content\/uploads\/2026\/06\/persona_axel-l-96x96.jpg\",\"caption\":\"Axel Lauzier\"},\"description\":\"Le sport rythme mon quotidien depuis l'enfance, et j'en ai fait mon m\u00e9tier d'analyste r\u00e9dactionnel il y a une dizaine d'ann\u00e9es. Je couvre principalement le football, son actualit\u00e9, ses transferts et l'analyse tactique des grandes affiches, mais aussi les disciplines plus confidentielles que j'aime remettre en lumi\u00e8re. Une partie de mon travail porte sur les pronostics et la lecture statistique d'un match : forme des \u00e9quipes, historique des confrontations, compositions, sans jamais vendre de fausse certitude. Je rappelle syst\u00e9matiquement que parier comporte un risque et doit rester un loisir ma\u00eetris\u00e9. Avant de signer une analyse, je v\u00e9rifie mes chiffres, je recoupe les compositions probables et je distingue toujours la donn\u00e9e brute de l'intuition. Mon objectif : offrir une lecture honn\u00eate et argument\u00e9e, pas un ticket gagnant garanti.\",\"sameAs\":[\"https:\/\/axellauzier.fr\/\"],\"url\":\"https:\/\/sport-index.fr\/blog\/auteur\/noname\/\"}]}<\/script>\n<!-- \/ Yoast SEO Premium plugin. -->","yoast_head_json":{"title":"Gabrielle Vernier suspendue : un coup dur pour le XV","description":"Une suspension regrettable pour le XV de France f\u00e9minin Apr\u00e8s un plaquage dangereux lors d'un match contre l'Irlande, la joueuse a re\u00e7u un carton rouge\u2026","robots":{"index":"index","follow":"follow","max-snippet":"max-snippet:-1","max-image-preview":"max-image-preview:large","max-video-preview":"max-video-preview:-1"},"canonical":"https:\/\/sport-index.fr\/blog\/a-la-une\/gabrielle-vernier-suspendue-un-coup-dur-pour-le-xv-de-france-feminin-en-2025\/","og_locale":"fr_FR","og_type":"article","og_title":"Gabrielle Vernier suspendue : un coup dur pour le XV","og_description":"Une suspension regrettable pour le XV de France f\u00e9minin Apr\u00e8s un plaquage dangereux lors d'un match contre l'Irlande, la joueuse a re\u00e7u un carton rouge\u2026","og_url":"https:\/\/sport-index.fr\/blog\/a-la-une\/gabrielle-vernier-suspendue-un-coup-dur-pour-le-xv-de-france-feminin-en-2025\/","og_site_name":"sport-index","author":"Axel Lauzier","twitter_card":"summary_large_image","schema":{"@context":"https:\/\/schema.org","@graph":[{"@type":"NewsArticle","@id":"https:\/\/sport-index.fr\/blog\/a-la-une\/gabrielle-vernier-suspendue-un-coup-dur-pour-le-xv-de-france-feminin-en-2025\/#article","isPartOf":{"@id":"https:\/\/sport-index.fr\/blog\/a-la-une\/gabrielle-vernier-suspendue-un-coup-dur-pour-le-xv-de-france-feminin-en-2025\/"},"author":{"name":"Axel Lauzier","@id":"https:\/\/sport-index.fr\/blog\/#\/schema\/person\/3c864cdc320801e3db34b663e7e3f816"},"headline":"Gabrielle Vernier suspendue : un coup dur pour le XV de France f\u00e9minin en 2025","datePublished":"2025-03-26T15:43:15+00:00","mainEntityOfPage":{"@id":"https:\/\/sport-index.fr\/blog\/a-la-une\/gabrielle-vernier-suspendue-un-coup-dur-pour-le-xv-de-france-feminin-en-2025\/"},"wordCount":495,"commentCount":23,"publisher":{"@id":"https:\/\/sport-index.fr\/blog\/#organization"},"image":{"@id":"https:\/\/sport-index.fr\/blog\/a-la-une\/gabrielle-vernier-suspendue-un-coup-dur-pour-le-xv-de-france-feminin-en-2025\/#primaryimage"},"thumbnailUrl":"https:\/\/sport-index.fr\/blog\/wp-content\/uploads\/2025\/05\/sdxl-7cd530547bbd664388173329ab645168-scaled.png","keywords":["Gestion des Talents","Pr\u00e9paration Mentale","Rugby f\u00e9minin","S\u00e9curit\u00e9 dans le Sport","XV de France"],"articleSection":["\u00c0 la une"],"inLanguage":"fr-FR","potentialAction":[{"@type":"CommentAction","name":"Comment","target":["https:\/\/sport-index.fr\/blog\/a-la-une\/gabrielle-vernier-suspendue-un-coup-dur-pour-le-xv-de-france-feminin-en-2025\/#respond"]}]},{"@type":"WebPage","@id":"https:\/\/sport-index.fr\/blog\/a-la-une\/gabrielle-vernier-suspendue-un-coup-dur-pour-le-xv-de-france-feminin-en-2025\/","url":"https:\/\/sport-index.fr\/blog\/a-la-une\/gabrielle-vernier-suspendue-un-coup-dur-pour-le-xv-de-france-feminin-en-2025\/","name":"Gabrielle Vernier suspendue : un coup dur pour le XV","isPartOf":{"@id":"https:\/\/sport-index.fr\/blog\/#website"},"primaryImageOfPage":{"@id":"https:\/\/sport-index.fr\/blog\/a-la-une\/gabrielle-vernier-suspendue-un-coup-dur-pour-le-xv-de-france-feminin-en-2025\/#primaryimage"},"image":{"@id":"https:\/\/sport-index.fr\/blog\/a-la-une\/gabrielle-vernier-suspendue-un-coup-dur-pour-le-xv-de-france-feminin-en-2025\/#primaryimage"},"thumbnailUrl":"https:\/\/sport-index.fr\/blog\/wp-content\/uploads\/2025\/05\/sdxl-7cd530547bbd664388173329ab645168-scaled.png","datePublished":"2025-03-26T15:43:15+00:00","description":"Une suspension regrettable pour le XV de France f\u00e9minin Apr\u00e8s un plaquage dangereux lors d'un match contre l'Irlande, la joueuse a re\u00e7u un carton rouge\u2026","inLanguage":"fr-FR","potentialAction":[{"@type":"ReadAction","target":["https:\/\/sport-index.fr\/blog\/a-la-une\/gabrielle-vernier-suspendue-un-coup-dur-pour-le-xv-de-france-feminin-en-2025\/"]}]},{"@type":"ImageObject","inLanguage":"fr-FR","@id":"https:\/\/sport-index.fr\/blog\/a-la-une\/gabrielle-vernier-suspendue-un-coup-dur-pour-le-xv-de-france-feminin-en-2025\/#primaryimage","url":"https:\/\/sport-index.fr\/blog\/wp-content\/uploads\/2025\/05\/sdxl-7cd530547bbd664388173329ab645168-scaled.png","contentUrl":"https:\/\/sport-index.fr\/blog\/wp-content\/uploads\/2025\/05\/sdxl-7cd530547bbd664388173329ab645168-scaled.png","width":1200,"height":500},{"@type":"WebSite","@id":"https:\/\/sport-index.fr\/blog\/#website","url":"https:\/\/sport-index.fr\/blog\/","name":"sport-index.fr","description":"Le score de l\u2019analyse sportive.","publisher":{"@id":"https:\/\/sport-index.fr\/blog\/#organization"},"alternateName":"Le score de l\u2019analyse sportive.","potentialAction":[{"@type":"SearchAction","target":{"@type":"EntryPoint","urlTemplate":"https:\/\/sport-index.fr\/blog\/?s={search_term_string}"},"query-input":{"@type":"PropertyValueSpecification","valueRequired":true,"valueName":"search_term_string"}}],"inLanguage":"fr-FR"},{"@type":"Organization","@id":"https:\/\/sport-index.fr\/blog\/#organization","name":"Foretsensations.fr","url":"https:\/\/sport-index.fr\/blog\/","logo":{"@type":"ImageObject","inLanguage":"fr-FR","@id":"https:\/\/sport-index.fr\/blog\/#\/schema\/logo\/image\/","url":"https:\/\/sport-index.fr\/blog\/wp-content\/uploads\/2026\/07\/logo-auto.png","contentUrl":"https:\/\/sport-index.fr\/blog\/wp-content\/uploads\/2026\/07\/logo-auto.png","width":1024,"height":1024,"caption":"Foretsensations.fr"},"image":{"@id":"https:\/\/sport-index.fr\/blog\/#\/schema\/logo\/image\/"}},{"@type":"Person","@id":"https:\/\/sport-index.fr\/blog\/#\/schema\/person\/3c864cdc320801e3db34b663e7e3f816","name":"Axel Lauzier","image":{"@type":"ImageObject","inLanguage":"fr-FR","@id":"https:\/\/sport-index.fr\/blog\/#\/schema\/person\/image\/","url":"https:\/\/sport-index.fr\/blog\/wp-content\/uploads\/2026\/06\/persona_axel-l-96x96.jpg","contentUrl":"https:\/\/sport-index.fr\/blog\/wp-content\/uploads\/2026\/06\/persona_axel-l-96x96.jpg","caption":"Axel Lauzier"},"description":"Le sport rythme mon quotidien depuis l'enfance, et j'en ai fait mon m\u00e9tier d'analyste r\u00e9dactionnel il y a une dizaine d'ann\u00e9es. Je couvre principalement le football, son actualit\u00e9, ses transferts et l'analyse tactique des grandes affiches, mais aussi les disciplines plus confidentielles que j'aime remettre en lumi\u00e8re. Une partie de mon travail porte sur les pronostics et la lecture statistique d'un match : forme des \u00e9quipes, historique des confrontations, compositions, sans jamais vendre de fausse certitude. Je rappelle syst\u00e9matiquement que parier comporte un risque et doit rester un loisir ma\u00eetris\u00e9. Avant de signer une analyse, je v\u00e9rifie mes chiffres, je recoupe les compositions probables et je distingue toujours la donn\u00e9e brute de l'intuition. Mon objectif : offrir une lecture honn\u00eate et argument\u00e9e, pas un ticket gagnant garanti.","sameAs":["https:\/\/axellauzier.fr\/"],"url":"https:\/\/sport-index.fr\/blog\/auteur\/noname\/"}]}},"_links":{"self":[{"href":"https:\/\/sport-index.fr\/blog\/wp-json\/wp\/v2\/posts\/12581","targetHints":{"allow":["GET"]}}],"collection":[{"href":"https:\/\/sport-index.fr\/blog\/wp-json\/wp\/v2\/posts"}],"about":[{"href":"https:\/\/sport-index.fr\/blog\/wp-json\/wp\/v2\/types\/post"}],"author":[{"embeddable":true,"href":"https:\/\/sport-index.fr\/blog\/wp-json\/wp\/v2\/users\/34"}],"replies":[{"embeddable":true,"href":"https:\/\/sport-index.fr\/blog\/wp-json\/wp\/v2\/comments?post=12581"}],"version-history":[{"count":1,"href":"https:\/\/sport-index.fr\/blog\/wp-json\/wp\/v2\/posts\/12581\/revisions"}],"predecessor-version":[{"id":12586,"href":"https:\/\/sport-index.fr\/blog\/wp-json\/wp\/v2\/posts\/12581\/revisions\/12586"}],"wp:featuredmedia":[{"embeddable":true,"href":"https:\/\/sport-index.fr\/blog\/wp-json\/wp\/v2\/media\/16104"}],"wp:attachment":[{"href":"https:\/\/sport-index.fr\/blog\/wp-json\/wp\/v2\/media?parent=12581"}],"wp:term":[{"taxonomy":"category","embeddable":true,"href":"https:\/\/sport-index.fr\/blog\/wp-json\/wp\/v2\/categories?post=12581"},{"taxonomy":"post_tag","embeddable":true,"href":"https:\/\/sport-index.fr\/blog\/wp-json\/wp\/v2\/tags?post=12581"}],"curies":[{"name":"wp","href":"https:\/\/api.w.org\/{rel}","templated":true}]}}