{"id":12614,"date":"2025-03-27T20:09:36","date_gmt":"2025-03-27T19:09:36","guid":{"rendered":"https:\/\/sport-index.fr\/blog\/?p=12614"},"modified":"2025-03-27T16:09:10","modified_gmt":"2025-03-27T15:09:10","slug":"yacouba-camara-et-lenni-nouchi-a-lhonneur-une-soiree-aux-oscars-midi-olympique","status":"publish","type":"post","link":"https:\/\/sport-index.fr\/blog\/a-la-une\/yacouba-camara-et-lenni-nouchi-a-lhonneur-une-soiree-aux-oscars-midi-olympique\/","title":{"rendered":"Yacouba Camara et Lenni Nouchi \u00e0 l&rsquo;honneur : une soir\u00e9e aux Oscars Midi Olympique"},"content":{"rendered":"<h2>Les honneurs de la soir\u00e9e : un moment inoubliable<\/h2>\n<p>Yacouba Camara et Lenni Nouchi, apr\u00e8s des saisons remarquables, se verront remettre des distinctions lors d\u2019une c\u00e9r\u00e9monie \u00e0 Montpellier. L&rsquo;\u00e9v\u00e9nement se d\u00e9roulera dans le cadre prestigieux du salon VIP de la tribune Ellis Park, au GGL Stadium, promettant une ambiance festive et m\u00e9morable.<\/p>\n<p>La soir\u00e9e d\u00e9butera \u00e0 18h30 avec un accueil chaleureux, suivi \u00e0 19h d&rsquo;une c\u00e9r\u00e9monie solennelle. \u00c0 20h15, les invit\u00e9s pourront se retrouver autour d&rsquo;un cocktail pour c\u00e9l\u00e9brer ces talents du rugby fran\u00e7ais. L&rsquo;\u00e9v\u00e9nement sera honor\u00e9 par la pr\u00e9sence de personnalit\u00e9s influentes, dont Jean-Michel Baylet, pr\u00e9sident du groupe La D\u00e9p\u00eache du Midi, et Mohel Altrad, pr\u00e9sident du club champion de France.<\/p>\n<h2>Yacouba Camara : un leader sur le terrain<\/h2>\n<p>Yacouba Camara, \u00e2g\u00e9 de 30 ans, a su s&rsquo;imposer comme un pilier de l\u2019\u00e9quipe gr\u00e2ce \u00e0 ses performances impressionnantes. Avec 16 s\u00e9lections en \u00e9quipe de France, il a rejoint Montpellier en 2017, apr\u00e8s une belle carri\u00e8re au Stade toulousain. Son r\u00f4le en tant que capitaine et son impact sur le jeu font de lui un joueur indispensable, tant par sa technique que par sa puissance.<\/p>\n<p>Cette saison, il n&rsquo;a manqu\u00e9 qu&rsquo;une seule rencontre en Top 14, t\u00e9moignant de sa r\u00e9gularit\u00e9 et de son engagement. Camara allie mobilit\u00e9 et agressivit\u00e9, ce qui lui permet d&rsquo;exceller en deuxi\u00e8me comme en troisi\u00e8me ligne. Sa pr\u00e9sence sur le terrain est cruciale, et son nom est souvent l&rsquo;un des premiers \u00e0 \u00eatre inscrit sur la feuille de match.<\/p>\n<h2>Lenni Nouchi : la rel\u00e8ve prometteuse<\/h2>\n<p>Lenni Nouchi, \u00e0 seulement 21 ans, a d\u00e9j\u00e0 su se faire un nom dans le monde du rugby. Form\u00e9 \u00e0 B\u00e9ziers, il a rejoint Montpellier, o\u00f9 il est devenu un cadre essentiel depuis ses d\u00e9buts professionnels en octobre 2022. Ce jeune joueur, qui a \u00e9galement particip\u00e9 \u00e0 la victoire de l\u2019\u00e9quipe de France U20 en 2023, a d\u00e9montr\u00e9 un potentiel exceptionnel, tant dans ses performances que dans son leadership.<\/p>\n<p>Sa saison a \u00e9t\u00e9 marqu\u00e9e par une participation \u00e0 chaque match, \u00e0 l&rsquo;exception d&rsquo;une rencontre. Nouchi, souvent capitaine de son \u00e9quipe, se distingue par son \u00e9nergie et son engagement sur le terrain. Il est non seulement un joueur de troisi\u00e8me ligne, mais il excelle aussi dans le secteur de la touche, faisant preuve d&rsquo;une d\u00e9termination remarquable.<\/p>\n<ul>\n<li>Soir\u00e9e pr\u00e9vue le 1er avril \u00e0 Montpellier<\/li>\n<li>Yacouba Camara, 30 ans, capitaine et joueur cl\u00e9<\/li>\n<li>Lenni Nouchi, 21 ans, espoir du rugby fran\u00e7ais<\/li>\n<li>Pr\u00e9sence de personnalit\u00e9s du monde du sport et des m\u00e9dias<\/li>\n<li>C\u00e9l\u00e9bration des talents et des performances exceptionnelles<\/li>\n<\/ul>\n<blockquote><p>\n\u00ab Il a un fort potentiel, ne parle pas beaucoup mais travaille. Il aime ce maillot et ce club et c\u2019est important pour transmettre \u00bb, disait Beno\u00eet Paillaugue, sur Lenni Nouchi.\n<\/p><\/blockquote>\n<p>Cette soir\u00e9e des Oscars Midi Olympique s&rsquo;annonce comme un v\u00e9ritable hommage au talent et \u00e0 l&rsquo;engagement de deux joueurs qui portent haut les couleurs de leur club. Les distinctions attribu\u00e9es \u00e0 Camara et Nouchi ne sont pas seulement un reflet de leurs performances individuelles, mais aussi de leur contribution \u00e0 une \u00e9quipe qui aspire \u00e0 briller au plus haut niveau du rugby fran\u00e7ais. Les supporters et les passionn\u00e9s de rugby attendent avec impatience cette c\u00e9l\u00e9bration qui met en lumi\u00e8re le talent et le d\u00e9vouement de ces athl\u00e8tes.<\/p>\n","protected":false},"excerpt":{"rendered":"","protected":false},"author":34,"featured_media":15455,"comment_status":"open","ping_status":"open","sticky":false,"template":"","format":"standard","meta":{"_acf_changed":false,"manual_indexmenow":false,"indexmenow_id_project":0,"footnotes":""},"categories":[1],"tags":[4544,4632,4536,4539,4554],"class_list":["post-12614","post","type-post","status-publish","format-standard","has-post-thumbnail","hentry","category-a-la-une","tag-equipe","tag-performance-sportive","tag-rugby","tag-top-14","tag-xv-de-france","generate-columns","tablet-grid-50","mobile-grid-100","grid-parent","grid-25"],"acf":[],"yoast_head":"<!-- This site is optimized with the Yoast SEO Premium plugin v21.3 (Yoast SEO v26.5) - https:\/\/yoast.com\/wordpress\/plugins\/seo\/ -->\n<title>Yacouba Camara et Lenni Nouchi \u00e0 l&#039;honneur : une soir\u00e9e<\/title>\n<meta name=\"description\" content=\"Les honneurs de la soir\u00e9e : un moment inoubliable Yacouba Camara et Lenni Nouchi, apr\u00e8s des saisons remarquables, se verront remettre des distinctions\u2026\" \/>\n<meta name=\"robots\" content=\"index, follow, max-snippet:-1, max-image-preview:large, max-video-preview:-1\" \/>\n<link rel=\"canonical\" href=\"https:\/\/sport-index.fr\/blog\/a-la-une\/yacouba-camara-et-lenni-nouchi-a-lhonneur-une-soiree-aux-oscars-midi-olympique\/\" \/>\n<meta property=\"og:locale\" content=\"fr_FR\" \/>\n<meta property=\"og:type\" content=\"article\" \/>\n<meta property=\"og:title\" content=\"Yacouba Camara et Lenni Nouchi \u00e0 l&#039;honneur : une soir\u00e9e\" \/>\n<meta property=\"og:description\" content=\"Les honneurs de la soir\u00e9e : un moment inoubliable Yacouba Camara et Lenni Nouchi, apr\u00e8s des saisons remarquables, se verront remettre des distinctions\u2026\" \/>\n<meta property=\"og:url\" content=\"https:\/\/sport-index.fr\/blog\/a-la-une\/yacouba-camara-et-lenni-nouchi-a-lhonneur-une-soiree-aux-oscars-midi-olympique\/\" \/>\n<meta property=\"og:site_name\" content=\"sport-index\" \/>\n<meta name=\"author\" content=\"Axel Lauzier\" \/>\n<meta name=\"twitter:card\" content=\"summary_large_image\" \/>\n<script type=\"application\/ld+json\" class=\"yoast-schema-graph\">{\"@context\":\"https:\/\/schema.org\",\"@graph\":[{\"@type\":\"NewsArticle\",\"@id\":\"https:\/\/sport-index.fr\/blog\/a-la-une\/yacouba-camara-et-lenni-nouchi-a-lhonneur-une-soiree-aux-oscars-midi-olympique\/#article\",\"isPartOf\":{\"@id\":\"https:\/\/sport-index.fr\/blog\/a-la-une\/yacouba-camara-et-lenni-nouchi-a-lhonneur-une-soiree-aux-oscars-midi-olympique\/\"},\"author\":{\"name\":\"Axel Lauzier\",\"@id\":\"https:\/\/sport-index.fr\/blog\/#\/schema\/person\/3c864cdc320801e3db34b663e7e3f816\"},\"headline\":\"Yacouba Camara et Lenni Nouchi \u00e0 l&rsquo;honneur : une soir\u00e9e aux Oscars Midi Olympique\",\"datePublished\":\"2025-03-27T19:09:36+00:00\",\"mainEntityOfPage\":{\"@id\":\"https:\/\/sport-index.fr\/blog\/a-la-une\/yacouba-camara-et-lenni-nouchi-a-lhonneur-une-soiree-aux-oscars-midi-olympique\/\"},\"wordCount\":593,\"commentCount\":22,\"publisher\":{\"@id\":\"https:\/\/sport-index.fr\/blog\/#organization\"},\"image\":{\"@id\":\"https:\/\/sport-index.fr\/blog\/a-la-une\/yacouba-camara-et-lenni-nouchi-a-lhonneur-une-soiree-aux-oscars-midi-olympique\/#primaryimage\"},\"thumbnailUrl\":\"https:\/\/sport-index.fr\/blog\/wp-content\/uploads\/2025\/05\/sdxl-73026205cd750af5b0d23c838c8609fc-scaled.png\",\"keywords\":[\"\u00c9quipe\",\"Performance sportive\",\"Rugby\",\"Top 14\",\"XV de France\"],\"articleSection\":[\"\u00c0 la une\"],\"inLanguage\":\"fr-FR\",\"potentialAction\":[{\"@type\":\"CommentAction\",\"name\":\"Comment\",\"target\":[\"https:\/\/sport-index.fr\/blog\/a-la-une\/yacouba-camara-et-lenni-nouchi-a-lhonneur-une-soiree-aux-oscars-midi-olympique\/#respond\"]}]},{\"@type\":\"WebPage\",\"@id\":\"https:\/\/sport-index.fr\/blog\/a-la-une\/yacouba-camara-et-lenni-nouchi-a-lhonneur-une-soiree-aux-oscars-midi-olympique\/\",\"url\":\"https:\/\/sport-index.fr\/blog\/a-la-une\/yacouba-camara-et-lenni-nouchi-a-lhonneur-une-soiree-aux-oscars-midi-olympique\/\",\"name\":\"Yacouba Camara et Lenni Nouchi \u00e0 l'honneur : une soir\u00e9e\",\"isPartOf\":{\"@id\":\"https:\/\/sport-index.fr\/blog\/#website\"},\"primaryImageOfPage\":{\"@id\":\"https:\/\/sport-index.fr\/blog\/a-la-une\/yacouba-camara-et-lenni-nouchi-a-lhonneur-une-soiree-aux-oscars-midi-olympique\/#primaryimage\"},\"image\":{\"@id\":\"https:\/\/sport-index.fr\/blog\/a-la-une\/yacouba-camara-et-lenni-nouchi-a-lhonneur-une-soiree-aux-oscars-midi-olympique\/#primaryimage\"},\"thumbnailUrl\":\"https:\/\/sport-index.fr\/blog\/wp-content\/uploads\/2025\/05\/sdxl-73026205cd750af5b0d23c838c8609fc-scaled.png\",\"datePublished\":\"2025-03-27T19:09:36+00:00\",\"description\":\"Les honneurs de la soir\u00e9e : un moment inoubliable Yacouba Camara et Lenni Nouchi, apr\u00e8s des saisons remarquables, se verront remettre des distinctions\u2026\",\"inLanguage\":\"fr-FR\",\"potentialAction\":[{\"@type\":\"ReadAction\",\"target\":[\"https:\/\/sport-index.fr\/blog\/a-la-une\/yacouba-camara-et-lenni-nouchi-a-lhonneur-une-soiree-aux-oscars-midi-olympique\/\"]}]},{\"@type\":\"ImageObject\",\"inLanguage\":\"fr-FR\",\"@id\":\"https:\/\/sport-index.fr\/blog\/a-la-une\/yacouba-camara-et-lenni-nouchi-a-lhonneur-une-soiree-aux-oscars-midi-olympique\/#primaryimage\",\"url\":\"https:\/\/sport-index.fr\/blog\/wp-content\/uploads\/2025\/05\/sdxl-73026205cd750af5b0d23c838c8609fc-scaled.png\",\"contentUrl\":\"https:\/\/sport-index.fr\/blog\/wp-content\/uploads\/2025\/05\/sdxl-73026205cd750af5b0d23c838c8609fc-scaled.png\",\"width\":1200,\"height\":500},{\"@type\":\"WebSite\",\"@id\":\"https:\/\/sport-index.fr\/blog\/#website\",\"url\":\"https:\/\/sport-index.fr\/blog\/\",\"name\":\"sport-index.fr\",\"description\":\"Le score de l\u2019analyse sportive.\",\"publisher\":{\"@id\":\"https:\/\/sport-index.fr\/blog\/#organization\"},\"alternateName\":\"Le score de l\u2019analyse sportive.\",\"potentialAction\":[{\"@type\":\"SearchAction\",\"target\":{\"@type\":\"EntryPoint\",\"urlTemplate\":\"https:\/\/sport-index.fr\/blog\/?s={search_term_string}\"},\"query-input\":{\"@type\":\"PropertyValueSpecification\",\"valueRequired\":true,\"valueName\":\"search_term_string\"}}],\"inLanguage\":\"fr-FR\"},{\"@type\":\"Organization\",\"@id\":\"https:\/\/sport-index.fr\/blog\/#organization\",\"name\":\"Foretsensations.fr\",\"url\":\"https:\/\/sport-index.fr\/blog\/\",\"logo\":{\"@type\":\"ImageObject\",\"inLanguage\":\"fr-FR\",\"@id\":\"https:\/\/sport-index.fr\/blog\/#\/schema\/logo\/image\/\",\"url\":\"https:\/\/sport-index.fr\/blog\/wp-content\/uploads\/2026\/07\/logo-auto.png\",\"contentUrl\":\"https:\/\/sport-index.fr\/blog\/wp-content\/uploads\/2026\/07\/logo-auto.png\",\"width\":1024,\"height\":1024,\"caption\":\"Foretsensations.fr\"},\"image\":{\"@id\":\"https:\/\/sport-index.fr\/blog\/#\/schema\/logo\/image\/\"}},{\"@type\":\"Person\",\"@id\":\"https:\/\/sport-index.fr\/blog\/#\/schema\/person\/3c864cdc320801e3db34b663e7e3f816\",\"name\":\"Axel Lauzier\",\"image\":{\"@type\":\"ImageObject\",\"inLanguage\":\"fr-FR\",\"@id\":\"https:\/\/sport-index.fr\/blog\/#\/schema\/person\/image\/\",\"url\":\"https:\/\/sport-index.fr\/blog\/wp-content\/uploads\/2026\/06\/persona_axel-l-96x96.jpg\",\"contentUrl\":\"https:\/\/sport-index.fr\/blog\/wp-content\/uploads\/2026\/06\/persona_axel-l-96x96.jpg\",\"caption\":\"Axel Lauzier\"},\"description\":\"Le sport rythme mon quotidien depuis l'enfance, et j'en ai fait mon m\u00e9tier d'analyste r\u00e9dactionnel il y a une dizaine d'ann\u00e9es. Je couvre principalement le football, son actualit\u00e9, ses transferts et l'analyse tactique des grandes affiches, mais aussi les disciplines plus confidentielles que j'aime remettre en lumi\u00e8re. Une partie de mon travail porte sur les pronostics et la lecture statistique d'un match : forme des \u00e9quipes, historique des confrontations, compositions, sans jamais vendre de fausse certitude. Je rappelle syst\u00e9matiquement que parier comporte un risque et doit rester un loisir ma\u00eetris\u00e9. Avant de signer une analyse, je v\u00e9rifie mes chiffres, je recoupe les compositions probables et je distingue toujours la donn\u00e9e brute de l'intuition. Mon objectif : offrir une lecture honn\u00eate et argument\u00e9e, pas un ticket gagnant garanti.\",\"sameAs\":[\"https:\/\/axellauzier.fr\/\"],\"url\":\"https:\/\/sport-index.fr\/blog\/auteur\/noname\/\"}]}<\/script>\n<!-- \/ Yoast SEO Premium plugin. -->","yoast_head_json":{"title":"Yacouba Camara et Lenni Nouchi \u00e0 l'honneur : une soir\u00e9e","description":"Les honneurs de la soir\u00e9e : un moment inoubliable Yacouba Camara et Lenni Nouchi, apr\u00e8s des saisons remarquables, se verront remettre des distinctions\u2026","robots":{"index":"index","follow":"follow","max-snippet":"max-snippet:-1","max-image-preview":"max-image-preview:large","max-video-preview":"max-video-preview:-1"},"canonical":"https:\/\/sport-index.fr\/blog\/a-la-une\/yacouba-camara-et-lenni-nouchi-a-lhonneur-une-soiree-aux-oscars-midi-olympique\/","og_locale":"fr_FR","og_type":"article","og_title":"Yacouba Camara et Lenni Nouchi \u00e0 l'honneur : une soir\u00e9e","og_description":"Les honneurs de la soir\u00e9e : un moment inoubliable Yacouba Camara et Lenni Nouchi, apr\u00e8s des saisons remarquables, se verront remettre des distinctions\u2026","og_url":"https:\/\/sport-index.fr\/blog\/a-la-une\/yacouba-camara-et-lenni-nouchi-a-lhonneur-une-soiree-aux-oscars-midi-olympique\/","og_site_name":"sport-index","author":"Axel Lauzier","twitter_card":"summary_large_image","schema":{"@context":"https:\/\/schema.org","@graph":[{"@type":"NewsArticle","@id":"https:\/\/sport-index.fr\/blog\/a-la-une\/yacouba-camara-et-lenni-nouchi-a-lhonneur-une-soiree-aux-oscars-midi-olympique\/#article","isPartOf":{"@id":"https:\/\/sport-index.fr\/blog\/a-la-une\/yacouba-camara-et-lenni-nouchi-a-lhonneur-une-soiree-aux-oscars-midi-olympique\/"},"author":{"name":"Axel Lauzier","@id":"https:\/\/sport-index.fr\/blog\/#\/schema\/person\/3c864cdc320801e3db34b663e7e3f816"},"headline":"Yacouba Camara et Lenni Nouchi \u00e0 l&rsquo;honneur : une soir\u00e9e aux Oscars Midi Olympique","datePublished":"2025-03-27T19:09:36+00:00","mainEntityOfPage":{"@id":"https:\/\/sport-index.fr\/blog\/a-la-une\/yacouba-camara-et-lenni-nouchi-a-lhonneur-une-soiree-aux-oscars-midi-olympique\/"},"wordCount":593,"commentCount":22,"publisher":{"@id":"https:\/\/sport-index.fr\/blog\/#organization"},"image":{"@id":"https:\/\/sport-index.fr\/blog\/a-la-une\/yacouba-camara-et-lenni-nouchi-a-lhonneur-une-soiree-aux-oscars-midi-olympique\/#primaryimage"},"thumbnailUrl":"https:\/\/sport-index.fr\/blog\/wp-content\/uploads\/2025\/05\/sdxl-73026205cd750af5b0d23c838c8609fc-scaled.png","keywords":["\u00c9quipe","Performance sportive","Rugby","Top 14","XV de France"],"articleSection":["\u00c0 la une"],"inLanguage":"fr-FR","potentialAction":[{"@type":"CommentAction","name":"Comment","target":["https:\/\/sport-index.fr\/blog\/a-la-une\/yacouba-camara-et-lenni-nouchi-a-lhonneur-une-soiree-aux-oscars-midi-olympique\/#respond"]}]},{"@type":"WebPage","@id":"https:\/\/sport-index.fr\/blog\/a-la-une\/yacouba-camara-et-lenni-nouchi-a-lhonneur-une-soiree-aux-oscars-midi-olympique\/","url":"https:\/\/sport-index.fr\/blog\/a-la-une\/yacouba-camara-et-lenni-nouchi-a-lhonneur-une-soiree-aux-oscars-midi-olympique\/","name":"Yacouba Camara et Lenni Nouchi \u00e0 l'honneur : une soir\u00e9e","isPartOf":{"@id":"https:\/\/sport-index.fr\/blog\/#website"},"primaryImageOfPage":{"@id":"https:\/\/sport-index.fr\/blog\/a-la-une\/yacouba-camara-et-lenni-nouchi-a-lhonneur-une-soiree-aux-oscars-midi-olympique\/#primaryimage"},"image":{"@id":"https:\/\/sport-index.fr\/blog\/a-la-une\/yacouba-camara-et-lenni-nouchi-a-lhonneur-une-soiree-aux-oscars-midi-olympique\/#primaryimage"},"thumbnailUrl":"https:\/\/sport-index.fr\/blog\/wp-content\/uploads\/2025\/05\/sdxl-73026205cd750af5b0d23c838c8609fc-scaled.png","datePublished":"2025-03-27T19:09:36+00:00","description":"Les honneurs de la soir\u00e9e : un moment inoubliable Yacouba Camara et Lenni Nouchi, apr\u00e8s des saisons remarquables, se verront remettre des distinctions\u2026","inLanguage":"fr-FR","potentialAction":[{"@type":"ReadAction","target":["https:\/\/sport-index.fr\/blog\/a-la-une\/yacouba-camara-et-lenni-nouchi-a-lhonneur-une-soiree-aux-oscars-midi-olympique\/"]}]},{"@type":"ImageObject","inLanguage":"fr-FR","@id":"https:\/\/sport-index.fr\/blog\/a-la-une\/yacouba-camara-et-lenni-nouchi-a-lhonneur-une-soiree-aux-oscars-midi-olympique\/#primaryimage","url":"https:\/\/sport-index.fr\/blog\/wp-content\/uploads\/2025\/05\/sdxl-73026205cd750af5b0d23c838c8609fc-scaled.png","contentUrl":"https:\/\/sport-index.fr\/blog\/wp-content\/uploads\/2025\/05\/sdxl-73026205cd750af5b0d23c838c8609fc-scaled.png","width":1200,"height":500},{"@type":"WebSite","@id":"https:\/\/sport-index.fr\/blog\/#website","url":"https:\/\/sport-index.fr\/blog\/","name":"sport-index.fr","description":"Le score de l\u2019analyse sportive.","publisher":{"@id":"https:\/\/sport-index.fr\/blog\/#organization"},"alternateName":"Le score de l\u2019analyse sportive.","potentialAction":[{"@type":"SearchAction","target":{"@type":"EntryPoint","urlTemplate":"https:\/\/sport-index.fr\/blog\/?s={search_term_string}"},"query-input":{"@type":"PropertyValueSpecification","valueRequired":true,"valueName":"search_term_string"}}],"inLanguage":"fr-FR"},{"@type":"Organization","@id":"https:\/\/sport-index.fr\/blog\/#organization","name":"Foretsensations.fr","url":"https:\/\/sport-index.fr\/blog\/","logo":{"@type":"ImageObject","inLanguage":"fr-FR","@id":"https:\/\/sport-index.fr\/blog\/#\/schema\/logo\/image\/","url":"https:\/\/sport-index.fr\/blog\/wp-content\/uploads\/2026\/07\/logo-auto.png","contentUrl":"https:\/\/sport-index.fr\/blog\/wp-content\/uploads\/2026\/07\/logo-auto.png","width":1024,"height":1024,"caption":"Foretsensations.fr"},"image":{"@id":"https:\/\/sport-index.fr\/blog\/#\/schema\/logo\/image\/"}},{"@type":"Person","@id":"https:\/\/sport-index.fr\/blog\/#\/schema\/person\/3c864cdc320801e3db34b663e7e3f816","name":"Axel Lauzier","image":{"@type":"ImageObject","inLanguage":"fr-FR","@id":"https:\/\/sport-index.fr\/blog\/#\/schema\/person\/image\/","url":"https:\/\/sport-index.fr\/blog\/wp-content\/uploads\/2026\/06\/persona_axel-l-96x96.jpg","contentUrl":"https:\/\/sport-index.fr\/blog\/wp-content\/uploads\/2026\/06\/persona_axel-l-96x96.jpg","caption":"Axel Lauzier"},"description":"Le sport rythme mon quotidien depuis l'enfance, et j'en ai fait mon m\u00e9tier d'analyste r\u00e9dactionnel il y a une dizaine d'ann\u00e9es. Je couvre principalement le football, son actualit\u00e9, ses transferts et l'analyse tactique des grandes affiches, mais aussi les disciplines plus confidentielles que j'aime remettre en lumi\u00e8re. Une partie de mon travail porte sur les pronostics et la lecture statistique d'un match : forme des \u00e9quipes, historique des confrontations, compositions, sans jamais vendre de fausse certitude. Je rappelle syst\u00e9matiquement que parier comporte un risque et doit rester un loisir ma\u00eetris\u00e9. Avant de signer une analyse, je v\u00e9rifie mes chiffres, je recoupe les compositions probables et je distingue toujours la donn\u00e9e brute de l'intuition. Mon objectif : offrir une lecture honn\u00eate et argument\u00e9e, pas un ticket gagnant garanti.","sameAs":["https:\/\/axellauzier.fr\/"],"url":"https:\/\/sport-index.fr\/blog\/auteur\/noname\/"}]}},"_links":{"self":[{"href":"https:\/\/sport-index.fr\/blog\/wp-json\/wp\/v2\/posts\/12614","targetHints":{"allow":["GET"]}}],"collection":[{"href":"https:\/\/sport-index.fr\/blog\/wp-json\/wp\/v2\/posts"}],"about":[{"href":"https:\/\/sport-index.fr\/blog\/wp-json\/wp\/v2\/types\/post"}],"author":[{"embeddable":true,"href":"https:\/\/sport-index.fr\/blog\/wp-json\/wp\/v2\/users\/34"}],"replies":[{"embeddable":true,"href":"https:\/\/sport-index.fr\/blog\/wp-json\/wp\/v2\/comments?post=12614"}],"version-history":[{"count":1,"href":"https:\/\/sport-index.fr\/blog\/wp-json\/wp\/v2\/posts\/12614\/revisions"}],"predecessor-version":[{"id":12627,"href":"https:\/\/sport-index.fr\/blog\/wp-json\/wp\/v2\/posts\/12614\/revisions\/12627"}],"wp:featuredmedia":[{"embeddable":true,"href":"https:\/\/sport-index.fr\/blog\/wp-json\/wp\/v2\/media\/15455"}],"wp:attachment":[{"href":"https:\/\/sport-index.fr\/blog\/wp-json\/wp\/v2\/media?parent=12614"}],"wp:term":[{"taxonomy":"category","embeddable":true,"href":"https:\/\/sport-index.fr\/blog\/wp-json\/wp\/v2\/categories?post=12614"},{"taxonomy":"post_tag","embeddable":true,"href":"https:\/\/sport-index.fr\/blog\/wp-json\/wp\/v2\/tags?post=12614"}],"curies":[{"name":"wp","href":"https:\/\/api.w.org\/{rel}","templated":true}]}}