{"id":12775,"date":"2025-03-30T11:34:03","date_gmt":"2025-03-30T09:34:03","guid":{"rendered":"https:\/\/sport-index.fr\/blog\/?p=12775"},"modified":"2025-03-30T11:34:03","modified_gmt":"2025-03-30T09:34:03","slug":"retrouvailles-avec-le-terrain-demba-bamba-se-confie-apres-sa-longue-absence","status":"publish","type":"post","link":"https:\/\/sport-index.fr\/blog\/a-la-une\/retrouvailles-avec-le-terrain-demba-bamba-se-confie-apres-sa-longue-absence\/","title":{"rendered":"Retrouvailles avec le terrain : Demba Bamba se confie apr\u00e8s sa longue absence"},"content":{"rendered":"<h2>Un retour tant attendu sur le terrain<\/h2>\n<p>Demba Bamba, pilier international du Racing 92, a fait son grand retour sur le terrain apr\u00e8s une absence de huit mois. Bless\u00e9 lors d\u2019un test-match en Argentine, sa r\u00e9\u00e9ducation a \u00e9t\u00e9 un parcours sem\u00e9 d\u2019emb\u00fbches. Le week-end dernier, \u00e0 Clermont, son sourire a illumin\u00e9 le stade alors qu\u2019il retrouvait enfin le plaisir de jouer.<\/p>\n<p>Ce dernier match, qui a eu lieu dans un contexte tendu, a vu Bamba exprimer une joie authentique. \u00ab\u00a0C\u2019est vrai, j\u2019\u00e9tais comme un enfant\u00a0\u00bb, a-t-il d\u00e9clar\u00e9, soulignant l\u2019enthousiasme qui l\u2019habitait. Sa derni\u00e8re apparition remontait au 13 juillet, et retrouver l\u2019adr\u00e9naline du sport lui a redonn\u00e9 des ailes.<\/p>\n<h2>Une blessure, un parcours \u00e9motionnel complexe<\/h2>\n<p>La blessure de Demba Bamba a \u00e9t\u00e9 un v\u00e9ritable choc. Apr\u00e8s avoir initialement cru \u00e0 une simple entorse, il a rapidement d\u00fb faire face \u00e0 la r\u00e9alit\u00e9 d&rsquo;une rupture des ligaments. \u00ab\u00a0L\u2019ascenseur \u00e9motionnel est immense\u00a0\u00bb, confie-t-il, d\u00e9crivant sa d\u00e9sillusion face \u00e0 la gravit\u00e9 de sa blessure. L\u2019op\u00e9ration et la douleur qui ont suivi ont mis \u00e0 l\u2019\u00e9preuve sa r\u00e9silience.<\/p>\n<p>Le chemin de la r\u00e9\u00e9ducation a \u00e9t\u00e9 long et ardu. Bamba a ressenti une pression intense, se consid\u00e9rant comme un imposteur au sein de l\u2019\u00e9quipe. \u00ab\u00a0Je me devais de travailler dur pour le Racing qui m\u2019a donn\u00e9 cette chance\u00a0\u00bb, a-t-il partag\u00e9. Cette p\u00e9riode de doute a \u00e9t\u00e9 difficile, mais elle a aussi renforc\u00e9 sa d\u00e9termination \u00e0 revenir plus fort.<\/p>\n<h2>Retrouver sa place dans l\u2019\u00e9quipe<\/h2>\n<p>L\u2019int\u00e9gration de Demba Bamba au sein du Racing 92 a \u00e9t\u00e9 un d\u00e9fi suppl\u00e9mentaire. Pendant sa convalescence, il a v\u00e9cu en marge du groupe, bien qu&rsquo;il ait \u00e9t\u00e9 soutenu par ses co\u00e9quipiers. \u00ab\u00a0Les gars m\u2019ont bien accueilli malgr\u00e9 la blessure\u00a0\u00bb, a-t-il confi\u00e9, mettant en avant l&rsquo;importance de cette solidarit\u00e9.<\/p>\n<p>R\u00e9cemment, un stage d&rsquo;\u00e9quipe au Cap Ferret a \u00e9t\u00e9 d\u00e9terminant pour lui. Ce moment lui a permis de se reconnecter avec ses co\u00e9quipiers et de retrouver une certaine dynamique de groupe. \u00ab\u00a0Je commence aujourd\u2019hui \u00e0 m\u2019ouvrir un peu plus\u00a0\u00bb, a-t-il ajout\u00e9, soulignant l&rsquo;importance de ces interactions pour son moral.<\/p>\n<h2>Une saison \u00e0 rebondissements<\/h2>\n<p>La saison actuelle du Racing 92 a connu des hauts et des bas. Avec une douzi\u00e8me place au classement, Demba Bamba et son \u00e9quipe sont conscients des d\u00e9fis \u00e0 relever. \u00ab\u00a0On a une \u00e9quipe pour aller chercher beaucoup plus\u00a0\u00bb, a-t-il d\u00e9clar\u00e9, affirmant leur volont\u00e9 de redresser la barre.<\/p>\n<p>Lors de son retour, Bamba a contribu\u00e9 \u00e0 la victoire contre Clermont, une premi\u00e8re \u00e9tape vers une meilleure performance collective. \u00ab\u00a0J\u2019esp\u00e8re que \u00e7a va durer\u00a0\u00bb, a-t-il souri, affichant une confiance renouvel\u00e9e. Ce match a marqu\u00e9 un tournant, et il esp\u00e8re que l&rsquo;\u00e9lan sera maintenu lors des prochaines rencontres.<\/p>\n<ul>\n<li>Retour sur le terrain apr\u00e8s huit mois d&rsquo;absence<\/li>\n<li>Parcours de r\u00e9\u00e9ducation difficile et \u00e9motionnel<\/li>\n<li>Importance du soutien des co\u00e9quipiers<\/li>\n<li>Stage d&rsquo;\u00e9quipe au Cap Ferret comme point de renouveau<\/li>\n<li>Objectifs ambitieux pour la saison \u00e0 venir<\/li>\n<\/ul>\n<blockquote><p>\n\u00ab\u00a0Je me devais de travailler dur pour le Racing qui m\u2019a donn\u00e9 cette chance de porter ce maillot.\u00a0\u00bb\n<\/p><\/blockquote>\n<p>Demba Bamba incarne la r\u00e9silience et la passion du rugby. Son retour sur le terrain est non seulement un soulagement personnel, mais aussi un signe d&rsquo;espoir pour le Racing 92. Les d\u00e9fis de la saison ne sont pas termin\u00e9s, mais avec des joueurs comme Bamba, l\u2019\u00e9quipe est pr\u00eate \u00e0 se battre pour ses objectifs.<\/p>\n","protected":false},"excerpt":{"rendered":"","protected":false},"author":34,"featured_media":15413,"comment_status":"open","ping_status":"open","sticky":false,"template":"","format":"standard","meta":{"_acf_changed":false,"manual_indexmenow":false,"indexmenow_id_project":0,"footnotes":""},"categories":[1],"tags":[4544,4898,4543,4408,4536],"class_list":["post-12775","post","type-post","status-publish","format-standard","has-post-thumbnail","hentry","category-a-la-une","tag-equipe","tag-gestion-du-stress","tag-performance","tag-resilience","tag-rugby","generate-columns","tablet-grid-50","mobile-grid-100","grid-parent","grid-25"],"acf":[],"yoast_head":"<!-- This site is optimized with the Yoast SEO Premium plugin v21.3 (Yoast SEO v26.5) - https:\/\/yoast.com\/wordpress\/plugins\/seo\/ -->\n<title>Retrouvailles avec le terrain : Demba Bamba se confie apr\u00e8s<\/title>\n<meta name=\"description\" content=\"Un retour tant attendu sur le terrain Demba Bamba, pilier international du Racing 92, a fait son grand retour sur le terrain apr\u00e8s une absence de huit\u2026\" \/>\n<meta name=\"robots\" content=\"index, follow, max-snippet:-1, max-image-preview:large, max-video-preview:-1\" \/>\n<link rel=\"canonical\" href=\"https:\/\/sport-index.fr\/blog\/a-la-une\/retrouvailles-avec-le-terrain-demba-bamba-se-confie-apres-sa-longue-absence\/\" \/>\n<meta property=\"og:locale\" content=\"fr_FR\" \/>\n<meta property=\"og:type\" content=\"article\" \/>\n<meta property=\"og:title\" content=\"Retrouvailles avec le terrain : Demba Bamba se confie apr\u00e8s\" \/>\n<meta property=\"og:description\" content=\"Un retour tant attendu sur le terrain Demba Bamba, pilier international du Racing 92, a fait son grand retour sur le terrain apr\u00e8s une absence de huit\u2026\" \/>\n<meta property=\"og:url\" content=\"https:\/\/sport-index.fr\/blog\/a-la-une\/retrouvailles-avec-le-terrain-demba-bamba-se-confie-apres-sa-longue-absence\/\" \/>\n<meta property=\"og:site_name\" content=\"sport-index\" \/>\n<meta name=\"author\" content=\"Axel Lauzier\" \/>\n<meta name=\"twitter:card\" content=\"summary_large_image\" \/>\n<script type=\"application\/ld+json\" class=\"yoast-schema-graph\">{\"@context\":\"https:\/\/schema.org\",\"@graph\":[{\"@type\":\"NewsArticle\",\"@id\":\"https:\/\/sport-index.fr\/blog\/a-la-une\/retrouvailles-avec-le-terrain-demba-bamba-se-confie-apres-sa-longue-absence\/#article\",\"isPartOf\":{\"@id\":\"https:\/\/sport-index.fr\/blog\/a-la-une\/retrouvailles-avec-le-terrain-demba-bamba-se-confie-apres-sa-longue-absence\/\"},\"author\":{\"name\":\"Axel Lauzier\",\"@id\":\"https:\/\/sport-index.fr\/blog\/#\/schema\/person\/3c864cdc320801e3db34b663e7e3f816\"},\"headline\":\"Retrouvailles avec le terrain : Demba Bamba se confie apr\u00e8s sa longue absence\",\"datePublished\":\"2025-03-30T09:34:03+00:00\",\"mainEntityOfPage\":{\"@id\":\"https:\/\/sport-index.fr\/blog\/a-la-une\/retrouvailles-avec-le-terrain-demba-bamba-se-confie-apres-sa-longue-absence\/\"},\"wordCount\":607,\"commentCount\":17,\"publisher\":{\"@id\":\"https:\/\/sport-index.fr\/blog\/#organization\"},\"image\":{\"@id\":\"https:\/\/sport-index.fr\/blog\/a-la-une\/retrouvailles-avec-le-terrain-demba-bamba-se-confie-apres-sa-longue-absence\/#primaryimage\"},\"thumbnailUrl\":\"https:\/\/sport-index.fr\/blog\/wp-content\/uploads\/2025\/05\/sdxl-ab840e1d616a2d2a68a8b4388877ccff-scaled.png\",\"keywords\":[\"\u00c9quipe\",\"Gestion Du Stress\",\"Performance\",\"R\u00e9silience\",\"Rugby\"],\"articleSection\":[\"\u00c0 la une\"],\"inLanguage\":\"fr-FR\",\"potentialAction\":[{\"@type\":\"CommentAction\",\"name\":\"Comment\",\"target\":[\"https:\/\/sport-index.fr\/blog\/a-la-une\/retrouvailles-avec-le-terrain-demba-bamba-se-confie-apres-sa-longue-absence\/#respond\"]}]},{\"@type\":\"WebPage\",\"@id\":\"https:\/\/sport-index.fr\/blog\/a-la-une\/retrouvailles-avec-le-terrain-demba-bamba-se-confie-apres-sa-longue-absence\/\",\"url\":\"https:\/\/sport-index.fr\/blog\/a-la-une\/retrouvailles-avec-le-terrain-demba-bamba-se-confie-apres-sa-longue-absence\/\",\"name\":\"Retrouvailles avec le terrain : Demba Bamba se confie apr\u00e8s\",\"isPartOf\":{\"@id\":\"https:\/\/sport-index.fr\/blog\/#website\"},\"primaryImageOfPage\":{\"@id\":\"https:\/\/sport-index.fr\/blog\/a-la-une\/retrouvailles-avec-le-terrain-demba-bamba-se-confie-apres-sa-longue-absence\/#primaryimage\"},\"image\":{\"@id\":\"https:\/\/sport-index.fr\/blog\/a-la-une\/retrouvailles-avec-le-terrain-demba-bamba-se-confie-apres-sa-longue-absence\/#primaryimage\"},\"thumbnailUrl\":\"https:\/\/sport-index.fr\/blog\/wp-content\/uploads\/2025\/05\/sdxl-ab840e1d616a2d2a68a8b4388877ccff-scaled.png\",\"datePublished\":\"2025-03-30T09:34:03+00:00\",\"description\":\"Un retour tant attendu sur le terrain Demba Bamba, pilier international du Racing 92, a fait son grand retour sur le terrain apr\u00e8s une absence de huit\u2026\",\"inLanguage\":\"fr-FR\",\"potentialAction\":[{\"@type\":\"ReadAction\",\"target\":[\"https:\/\/sport-index.fr\/blog\/a-la-une\/retrouvailles-avec-le-terrain-demba-bamba-se-confie-apres-sa-longue-absence\/\"]}]},{\"@type\":\"ImageObject\",\"inLanguage\":\"fr-FR\",\"@id\":\"https:\/\/sport-index.fr\/blog\/a-la-une\/retrouvailles-avec-le-terrain-demba-bamba-se-confie-apres-sa-longue-absence\/#primaryimage\",\"url\":\"https:\/\/sport-index.fr\/blog\/wp-content\/uploads\/2025\/05\/sdxl-ab840e1d616a2d2a68a8b4388877ccff-scaled.png\",\"contentUrl\":\"https:\/\/sport-index.fr\/blog\/wp-content\/uploads\/2025\/05\/sdxl-ab840e1d616a2d2a68a8b4388877ccff-scaled.png\",\"width\":1200,\"height\":500},{\"@type\":\"WebSite\",\"@id\":\"https:\/\/sport-index.fr\/blog\/#website\",\"url\":\"https:\/\/sport-index.fr\/blog\/\",\"name\":\"sport-index.fr\",\"description\":\"Le score de l\u2019analyse sportive.\",\"publisher\":{\"@id\":\"https:\/\/sport-index.fr\/blog\/#organization\"},\"alternateName\":\"Le score de l\u2019analyse sportive.\",\"potentialAction\":[{\"@type\":\"SearchAction\",\"target\":{\"@type\":\"EntryPoint\",\"urlTemplate\":\"https:\/\/sport-index.fr\/blog\/?s={search_term_string}\"},\"query-input\":{\"@type\":\"PropertyValueSpecification\",\"valueRequired\":true,\"valueName\":\"search_term_string\"}}],\"inLanguage\":\"fr-FR\"},{\"@type\":\"Organization\",\"@id\":\"https:\/\/sport-index.fr\/blog\/#organization\",\"name\":\"Foretsensations.fr\",\"url\":\"https:\/\/sport-index.fr\/blog\/\",\"logo\":{\"@type\":\"ImageObject\",\"inLanguage\":\"fr-FR\",\"@id\":\"https:\/\/sport-index.fr\/blog\/#\/schema\/logo\/image\/\",\"url\":\"https:\/\/sport-index.fr\/blog\/wp-content\/uploads\/2026\/07\/logo-auto.png\",\"contentUrl\":\"https:\/\/sport-index.fr\/blog\/wp-content\/uploads\/2026\/07\/logo-auto.png\",\"width\":1024,\"height\":1024,\"caption\":\"Foretsensations.fr\"},\"image\":{\"@id\":\"https:\/\/sport-index.fr\/blog\/#\/schema\/logo\/image\/\"}},{\"@type\":\"Person\",\"@id\":\"https:\/\/sport-index.fr\/blog\/#\/schema\/person\/3c864cdc320801e3db34b663e7e3f816\",\"name\":\"Axel Lauzier\",\"image\":{\"@type\":\"ImageObject\",\"inLanguage\":\"fr-FR\",\"@id\":\"https:\/\/sport-index.fr\/blog\/#\/schema\/person\/image\/\",\"url\":\"https:\/\/sport-index.fr\/blog\/wp-content\/uploads\/2026\/06\/persona_axel-l-96x96.jpg\",\"contentUrl\":\"https:\/\/sport-index.fr\/blog\/wp-content\/uploads\/2026\/06\/persona_axel-l-96x96.jpg\",\"caption\":\"Axel Lauzier\"},\"description\":\"Le sport rythme mon quotidien depuis l'enfance, et j'en ai fait mon m\u00e9tier d'analyste r\u00e9dactionnel il y a une dizaine d'ann\u00e9es. Je couvre principalement le football, son actualit\u00e9, ses transferts et l'analyse tactique des grandes affiches, mais aussi les disciplines plus confidentielles que j'aime remettre en lumi\u00e8re. Une partie de mon travail porte sur les pronostics et la lecture statistique d'un match : forme des \u00e9quipes, historique des confrontations, compositions, sans jamais vendre de fausse certitude. Je rappelle syst\u00e9matiquement que parier comporte un risque et doit rester un loisir ma\u00eetris\u00e9. Avant de signer une analyse, je v\u00e9rifie mes chiffres, je recoupe les compositions probables et je distingue toujours la donn\u00e9e brute de l'intuition. Mon objectif : offrir une lecture honn\u00eate et argument\u00e9e, pas un ticket gagnant garanti.\",\"sameAs\":[\"https:\/\/axellauzier.fr\/\"],\"url\":\"https:\/\/sport-index.fr\/blog\/auteur\/noname\/\"}]}<\/script>\n<!-- \/ Yoast SEO Premium plugin. -->","yoast_head_json":{"title":"Retrouvailles avec le terrain : Demba Bamba se confie apr\u00e8s","description":"Un retour tant attendu sur le terrain Demba Bamba, pilier international du Racing 92, a fait son grand retour sur le terrain apr\u00e8s une absence de huit\u2026","robots":{"index":"index","follow":"follow","max-snippet":"max-snippet:-1","max-image-preview":"max-image-preview:large","max-video-preview":"max-video-preview:-1"},"canonical":"https:\/\/sport-index.fr\/blog\/a-la-une\/retrouvailles-avec-le-terrain-demba-bamba-se-confie-apres-sa-longue-absence\/","og_locale":"fr_FR","og_type":"article","og_title":"Retrouvailles avec le terrain : Demba Bamba se confie apr\u00e8s","og_description":"Un retour tant attendu sur le terrain Demba Bamba, pilier international du Racing 92, a fait son grand retour sur le terrain apr\u00e8s une absence de huit\u2026","og_url":"https:\/\/sport-index.fr\/blog\/a-la-une\/retrouvailles-avec-le-terrain-demba-bamba-se-confie-apres-sa-longue-absence\/","og_site_name":"sport-index","author":"Axel Lauzier","twitter_card":"summary_large_image","schema":{"@context":"https:\/\/schema.org","@graph":[{"@type":"NewsArticle","@id":"https:\/\/sport-index.fr\/blog\/a-la-une\/retrouvailles-avec-le-terrain-demba-bamba-se-confie-apres-sa-longue-absence\/#article","isPartOf":{"@id":"https:\/\/sport-index.fr\/blog\/a-la-une\/retrouvailles-avec-le-terrain-demba-bamba-se-confie-apres-sa-longue-absence\/"},"author":{"name":"Axel Lauzier","@id":"https:\/\/sport-index.fr\/blog\/#\/schema\/person\/3c864cdc320801e3db34b663e7e3f816"},"headline":"Retrouvailles avec le terrain : Demba Bamba se confie apr\u00e8s sa longue absence","datePublished":"2025-03-30T09:34:03+00:00","mainEntityOfPage":{"@id":"https:\/\/sport-index.fr\/blog\/a-la-une\/retrouvailles-avec-le-terrain-demba-bamba-se-confie-apres-sa-longue-absence\/"},"wordCount":607,"commentCount":17,"publisher":{"@id":"https:\/\/sport-index.fr\/blog\/#organization"},"image":{"@id":"https:\/\/sport-index.fr\/blog\/a-la-une\/retrouvailles-avec-le-terrain-demba-bamba-se-confie-apres-sa-longue-absence\/#primaryimage"},"thumbnailUrl":"https:\/\/sport-index.fr\/blog\/wp-content\/uploads\/2025\/05\/sdxl-ab840e1d616a2d2a68a8b4388877ccff-scaled.png","keywords":["\u00c9quipe","Gestion Du Stress","Performance","R\u00e9silience","Rugby"],"articleSection":["\u00c0 la une"],"inLanguage":"fr-FR","potentialAction":[{"@type":"CommentAction","name":"Comment","target":["https:\/\/sport-index.fr\/blog\/a-la-une\/retrouvailles-avec-le-terrain-demba-bamba-se-confie-apres-sa-longue-absence\/#respond"]}]},{"@type":"WebPage","@id":"https:\/\/sport-index.fr\/blog\/a-la-une\/retrouvailles-avec-le-terrain-demba-bamba-se-confie-apres-sa-longue-absence\/","url":"https:\/\/sport-index.fr\/blog\/a-la-une\/retrouvailles-avec-le-terrain-demba-bamba-se-confie-apres-sa-longue-absence\/","name":"Retrouvailles avec le terrain : Demba Bamba se confie apr\u00e8s","isPartOf":{"@id":"https:\/\/sport-index.fr\/blog\/#website"},"primaryImageOfPage":{"@id":"https:\/\/sport-index.fr\/blog\/a-la-une\/retrouvailles-avec-le-terrain-demba-bamba-se-confie-apres-sa-longue-absence\/#primaryimage"},"image":{"@id":"https:\/\/sport-index.fr\/blog\/a-la-une\/retrouvailles-avec-le-terrain-demba-bamba-se-confie-apres-sa-longue-absence\/#primaryimage"},"thumbnailUrl":"https:\/\/sport-index.fr\/blog\/wp-content\/uploads\/2025\/05\/sdxl-ab840e1d616a2d2a68a8b4388877ccff-scaled.png","datePublished":"2025-03-30T09:34:03+00:00","description":"Un retour tant attendu sur le terrain Demba Bamba, pilier international du Racing 92, a fait son grand retour sur le terrain apr\u00e8s une absence de huit\u2026","inLanguage":"fr-FR","potentialAction":[{"@type":"ReadAction","target":["https:\/\/sport-index.fr\/blog\/a-la-une\/retrouvailles-avec-le-terrain-demba-bamba-se-confie-apres-sa-longue-absence\/"]}]},{"@type":"ImageObject","inLanguage":"fr-FR","@id":"https:\/\/sport-index.fr\/blog\/a-la-une\/retrouvailles-avec-le-terrain-demba-bamba-se-confie-apres-sa-longue-absence\/#primaryimage","url":"https:\/\/sport-index.fr\/blog\/wp-content\/uploads\/2025\/05\/sdxl-ab840e1d616a2d2a68a8b4388877ccff-scaled.png","contentUrl":"https:\/\/sport-index.fr\/blog\/wp-content\/uploads\/2025\/05\/sdxl-ab840e1d616a2d2a68a8b4388877ccff-scaled.png","width":1200,"height":500},{"@type":"WebSite","@id":"https:\/\/sport-index.fr\/blog\/#website","url":"https:\/\/sport-index.fr\/blog\/","name":"sport-index.fr","description":"Le score de l\u2019analyse sportive.","publisher":{"@id":"https:\/\/sport-index.fr\/blog\/#organization"},"alternateName":"Le score de l\u2019analyse sportive.","potentialAction":[{"@type":"SearchAction","target":{"@type":"EntryPoint","urlTemplate":"https:\/\/sport-index.fr\/blog\/?s={search_term_string}"},"query-input":{"@type":"PropertyValueSpecification","valueRequired":true,"valueName":"search_term_string"}}],"inLanguage":"fr-FR"},{"@type":"Organization","@id":"https:\/\/sport-index.fr\/blog\/#organization","name":"Foretsensations.fr","url":"https:\/\/sport-index.fr\/blog\/","logo":{"@type":"ImageObject","inLanguage":"fr-FR","@id":"https:\/\/sport-index.fr\/blog\/#\/schema\/logo\/image\/","url":"https:\/\/sport-index.fr\/blog\/wp-content\/uploads\/2026\/07\/logo-auto.png","contentUrl":"https:\/\/sport-index.fr\/blog\/wp-content\/uploads\/2026\/07\/logo-auto.png","width":1024,"height":1024,"caption":"Foretsensations.fr"},"image":{"@id":"https:\/\/sport-index.fr\/blog\/#\/schema\/logo\/image\/"}},{"@type":"Person","@id":"https:\/\/sport-index.fr\/blog\/#\/schema\/person\/3c864cdc320801e3db34b663e7e3f816","name":"Axel Lauzier","image":{"@type":"ImageObject","inLanguage":"fr-FR","@id":"https:\/\/sport-index.fr\/blog\/#\/schema\/person\/image\/","url":"https:\/\/sport-index.fr\/blog\/wp-content\/uploads\/2026\/06\/persona_axel-l-96x96.jpg","contentUrl":"https:\/\/sport-index.fr\/blog\/wp-content\/uploads\/2026\/06\/persona_axel-l-96x96.jpg","caption":"Axel Lauzier"},"description":"Le sport rythme mon quotidien depuis l'enfance, et j'en ai fait mon m\u00e9tier d'analyste r\u00e9dactionnel il y a une dizaine d'ann\u00e9es. Je couvre principalement le football, son actualit\u00e9, ses transferts et l'analyse tactique des grandes affiches, mais aussi les disciplines plus confidentielles que j'aime remettre en lumi\u00e8re. Une partie de mon travail porte sur les pronostics et la lecture statistique d'un match : forme des \u00e9quipes, historique des confrontations, compositions, sans jamais vendre de fausse certitude. Je rappelle syst\u00e9matiquement que parier comporte un risque et doit rester un loisir ma\u00eetris\u00e9. Avant de signer une analyse, je v\u00e9rifie mes chiffres, je recoupe les compositions probables et je distingue toujours la donn\u00e9e brute de l'intuition. Mon objectif : offrir une lecture honn\u00eate et argument\u00e9e, pas un ticket gagnant garanti.","sameAs":["https:\/\/axellauzier.fr\/"],"url":"https:\/\/sport-index.fr\/blog\/auteur\/noname\/"}]}},"_links":{"self":[{"href":"https:\/\/sport-index.fr\/blog\/wp-json\/wp\/v2\/posts\/12775","targetHints":{"allow":["GET"]}}],"collection":[{"href":"https:\/\/sport-index.fr\/blog\/wp-json\/wp\/v2\/posts"}],"about":[{"href":"https:\/\/sport-index.fr\/blog\/wp-json\/wp\/v2\/types\/post"}],"author":[{"embeddable":true,"href":"https:\/\/sport-index.fr\/blog\/wp-json\/wp\/v2\/users\/34"}],"replies":[{"embeddable":true,"href":"https:\/\/sport-index.fr\/blog\/wp-json\/wp\/v2\/comments?post=12775"}],"version-history":[{"count":1,"href":"https:\/\/sport-index.fr\/blog\/wp-json\/wp\/v2\/posts\/12775\/revisions"}],"predecessor-version":[{"id":12786,"href":"https:\/\/sport-index.fr\/blog\/wp-json\/wp\/v2\/posts\/12775\/revisions\/12786"}],"wp:featuredmedia":[{"embeddable":true,"href":"https:\/\/sport-index.fr\/blog\/wp-json\/wp\/v2\/media\/15413"}],"wp:attachment":[{"href":"https:\/\/sport-index.fr\/blog\/wp-json\/wp\/v2\/media?parent=12775"}],"wp:term":[{"taxonomy":"category","embeddable":true,"href":"https:\/\/sport-index.fr\/blog\/wp-json\/wp\/v2\/categories?post=12775"},{"taxonomy":"post_tag","embeddable":true,"href":"https:\/\/sport-index.fr\/blog\/wp-json\/wp\/v2\/tags?post=12775"}],"curies":[{"name":"wp","href":"https:\/\/api.w.org\/{rel}","templated":true}]}}