{"id":12820,"date":"2025-03-31T16:48:20","date_gmt":"2025-03-31T14:48:20","guid":{"rendered":"https:\/\/sport-index.fr\/blog\/?p=12820"},"modified":"2025-03-31T16:48:20","modified_gmt":"2025-03-31T14:48:20","slug":"racing-92-nolann-le-garrec-exprime-sa-fierte-apres-la-victoire-contre-bordeaux-begles","status":"publish","type":"post","link":"https:\/\/sport-index.fr\/blog\/a-la-une\/racing-92-nolann-le-garrec-exprime-sa-fierte-apres-la-victoire-contre-bordeaux-begles\/","title":{"rendered":"Racing 92 : Nolann Le Garrec exprime sa fiert\u00e9 apr\u00e8s la victoire contre Bordeaux-B\u00e8gles"},"content":{"rendered":"<h2>Une victoire d\u00e9cisive pour le Racing 92<\/h2>\n<p>Nolann Le Garrec a brill\u00e9 lors du dernier match du Racing 92 contre l&rsquo;Union Bordeaux-B\u00e8gles, offrant aux supporters une raison d&rsquo;\u00eatre fier. Avec un essai sur interception, il a d\u00e9montr\u00e9 son sens du jeu et sa capacit\u00e9 \u00e0 saisir les opportunit\u00e9s. Ce succ\u00e8s, acquis sur le score serr\u00e9 de 36-31, marque un tournant pour une \u00e9quipe qui peinait \u00e0 retrouver le chemin de la victoire \u00e0 domicile depuis plusieurs mois.<\/p>\n<p>Le match a \u00e9t\u00e9 intense, avec des moments de tension o\u00f9 le Racing a d\u00fb faire preuve de r\u00e9silience. Apr\u00e8s une premi\u00e8re moiti\u00e9 de rencontre o\u00f9 ils \u00e9taient men\u00e9s, les Franciliens ont su inverser la tendance gr\u00e2ce \u00e0 une d\u00e9fense solide et une attaque percutante. Cette victoire n&rsquo;est pas seulement un soulagement, elle est aussi le reflet de l&rsquo;engagement de chaque joueur sur le terrain.<\/p>\n<h2>Un engagement collectif remarquable<\/h2>\n<p>Nolann Le Garrec a soulign\u00e9 l&rsquo;importance du travail d&rsquo;\u00e9quipe dans cette victoire. Il a mentionn\u00e9 la n\u00e9cessit\u00e9 d&rsquo;un engagement total, en particulier dans les phases de jeu o\u00f9 l&rsquo;\u00e9quipe devait se battre pour chaque point. \u00ab\u00a0Nous savions que nous devions donner notre maximum, surtout face \u00e0 une \u00e9quipe comme l&rsquo;UBB,\u00a0\u00bb a-t-il d\u00e9clar\u00e9 apr\u00e8s le match.<\/p>\n<p>Cette victoire est le fruit d&rsquo;un effort collectif, chaque joueur ayant contribu\u00e9 \u00e0 la performance globale. Les avants du Racing, en particulier, ont \u00e9t\u00e9 d\u00e9terminants dans les phases de conqu\u00eate, permettant aux arri\u00e8res de b\u00e9n\u00e9ficier d&rsquo;une bonne position sur le terrain. Cette dynamique de groupe est essentielle pour la suite de la saison, car le Racing 92 doit continuer \u00e0 progresser pour esp\u00e9rer atteindre ses objectifs.<\/p>\n<h2>La cl\u00e9 du succ\u00e8s : la d\u00e9termination<\/h2>\n<p>Le Racing 92 a montr\u00e9 une d\u00e9termination sans faille tout au long du match, un aspect soulign\u00e9 par plusieurs joueurs, y compris Ga\u00ebl Fickou. Ce dernier a \u00e9voqu\u00e9 l&rsquo;importance de bien d\u00e9marrer les matchs pour prendre l&rsquo;ascendant sur l&rsquo;adversaire. \u00ab\u00a0Quand on impose notre jeu, nous sommes une \u00e9quipe redoutable,\u00a0\u00bb a-t-il comment\u00e9, ajoutant que l&rsquo;\u00e9quipe doit rester concentr\u00e9e pour \u00e9viter de retomber dans ses travers.<\/p>\n<p>Cette victoire contre Bordeaux-B\u00e8gles doit servir de tremplin pour le Racing 92, qui a des objectifs ambitieux cette saison. Alors qu&rsquo;ils se pr\u00e9parent pour un d\u00e9placement \u00e0 Perpignan en Challenge Cup, l&rsquo;\u00e9quipe sait qu&rsquo;elle doit capitaliser sur cette dynamique positive. Les semaines \u00e0 venir seront d\u00e9cisives pour les Franciliens, qui doivent maintenir leur niveau de performance.<\/p>\n<ul>\n<li>Essai d\u00e9cisif de Nolann Le Garrec<\/li>\n<li>Victoire sur le score de 36-31<\/li>\n<li>Importance du travail d&rsquo;\u00e9quipe<\/li>\n<li>D\u00e9termination et r\u00e9silience des joueurs<\/li>\n<li>Objectifs ambitieux pour la saison<\/li>\n<\/ul>\n<blockquote><p>\n\u00ab\u00a0Nolann Le Garrec a exprim\u00e9 sa fiert\u00e9 apr\u00e8s le match. &lsquo;C\u2019est une victoire pr\u00e9cieuse, nous avons mis les ingr\u00e9dients n\u00e9cessaires,&rsquo; a-t-il d\u00e9clar\u00e9, soulignant l&rsquo;importance de ces trois points pour le classement.\u00a0\u00bb\n<\/p><\/blockquote>\n<p>Avec cette victoire, le Racing 92 a non seulement redress\u00e9 la barre apr\u00e8s une p\u00e9riode difficile, mais a \u00e9galement renforc\u00e9 sa confiance. Les joueurs sont d\u00e9sormais conscients de leur potentiel et savent qu&rsquo;ils peuvent rivaliser avec les meilleures \u00e9quipes du championnat. La route est encore longue, mais cette victoire fait office de signal, tant pour les joueurs que pour les supporters.<\/p>\n","protected":false},"excerpt":{"rendered":"","protected":false},"author":34,"featured_media":16085,"comment_status":"open","ping_status":"open","sticky":false,"template":"","format":"standard","meta":{"_acf_changed":false,"manual_indexmenow":false,"indexmenow_id_project":0,"footnotes":""},"categories":[1],"tags":[4585,4543,4546,4408,4556],"class_list":["post-12820","post","type-post","status-publish","format-standard","has-post-thumbnail","hentry","category-a-la-une","tag-cohesion-dequipe","tag-performance","tag-racing-92","tag-resilience","tag-tournoi-des-6-nations","generate-columns","tablet-grid-50","mobile-grid-100","grid-parent","grid-25"],"acf":[],"yoast_head":"<!-- This site is optimized with the Yoast SEO Premium plugin v21.3 (Yoast SEO v26.5) - https:\/\/yoast.com\/wordpress\/plugins\/seo\/ -->\n<title>Racing 92 : Nolann Le Garrec exprime sa fiert\u00e9 apr\u00e8s<\/title>\n<meta name=\"description\" content=\"Une victoire d\u00e9cisive pour le Racing 92 Nolann Le Garrec a brill\u00e9 lors du dernier match du Racing 92 contre l&#039;Union Bordeaux-B\u00e8gles, offrant aux\u2026\" \/>\n<meta name=\"robots\" content=\"index, follow, max-snippet:-1, max-image-preview:large, max-video-preview:-1\" \/>\n<link rel=\"canonical\" href=\"https:\/\/sport-index.fr\/blog\/a-la-une\/racing-92-nolann-le-garrec-exprime-sa-fierte-apres-la-victoire-contre-bordeaux-begles\/\" \/>\n<meta property=\"og:locale\" content=\"fr_FR\" \/>\n<meta property=\"og:type\" content=\"article\" \/>\n<meta property=\"og:title\" content=\"Racing 92 : Nolann Le Garrec exprime sa fiert\u00e9 apr\u00e8s\" \/>\n<meta property=\"og:description\" content=\"Une victoire d\u00e9cisive pour le Racing 92 Nolann Le Garrec a brill\u00e9 lors du dernier match du Racing 92 contre l&#039;Union Bordeaux-B\u00e8gles, offrant aux\u2026\" \/>\n<meta property=\"og:url\" content=\"https:\/\/sport-index.fr\/blog\/a-la-une\/racing-92-nolann-le-garrec-exprime-sa-fierte-apres-la-victoire-contre-bordeaux-begles\/\" \/>\n<meta property=\"og:site_name\" content=\"sport-index\" \/>\n<meta name=\"author\" content=\"Axel Lauzier\" \/>\n<meta name=\"twitter:card\" content=\"summary_large_image\" \/>\n<script type=\"application\/ld+json\" class=\"yoast-schema-graph\">{\"@context\":\"https:\/\/schema.org\",\"@graph\":[{\"@type\":\"NewsArticle\",\"@id\":\"https:\/\/sport-index.fr\/blog\/a-la-une\/racing-92-nolann-le-garrec-exprime-sa-fierte-apres-la-victoire-contre-bordeaux-begles\/#article\",\"isPartOf\":{\"@id\":\"https:\/\/sport-index.fr\/blog\/a-la-une\/racing-92-nolann-le-garrec-exprime-sa-fierte-apres-la-victoire-contre-bordeaux-begles\/\"},\"author\":{\"name\":\"Axel Lauzier\",\"@id\":\"https:\/\/sport-index.fr\/blog\/#\/schema\/person\/3c864cdc320801e3db34b663e7e3f816\"},\"headline\":\"Racing 92 : Nolann Le Garrec exprime sa fiert\u00e9 apr\u00e8s la victoire contre Bordeaux-B\u00e8gles\",\"datePublished\":\"2025-03-31T14:48:20+00:00\",\"mainEntityOfPage\":{\"@id\":\"https:\/\/sport-index.fr\/blog\/a-la-une\/racing-92-nolann-le-garrec-exprime-sa-fierte-apres-la-victoire-contre-bordeaux-begles\/\"},\"wordCount\":573,\"commentCount\":29,\"publisher\":{\"@id\":\"https:\/\/sport-index.fr\/blog\/#organization\"},\"image\":{\"@id\":\"https:\/\/sport-index.fr\/blog\/a-la-une\/racing-92-nolann-le-garrec-exprime-sa-fierte-apres-la-victoire-contre-bordeaux-begles\/#primaryimage\"},\"thumbnailUrl\":\"https:\/\/sport-index.fr\/blog\/wp-content\/uploads\/2025\/05\/sdxl-f1f94081bcb3e791c9782f085baddc1d-scaled.png\",\"keywords\":[\"Coh\u00e9sion d'\u00c9quipe\",\"Performance\",\"Racing 92\",\"R\u00e9silience\",\"Tournoi des 6 Nations\"],\"articleSection\":[\"\u00c0 la une\"],\"inLanguage\":\"fr-FR\",\"potentialAction\":[{\"@type\":\"CommentAction\",\"name\":\"Comment\",\"target\":[\"https:\/\/sport-index.fr\/blog\/a-la-une\/racing-92-nolann-le-garrec-exprime-sa-fierte-apres-la-victoire-contre-bordeaux-begles\/#respond\"]}]},{\"@type\":\"WebPage\",\"@id\":\"https:\/\/sport-index.fr\/blog\/a-la-une\/racing-92-nolann-le-garrec-exprime-sa-fierte-apres-la-victoire-contre-bordeaux-begles\/\",\"url\":\"https:\/\/sport-index.fr\/blog\/a-la-une\/racing-92-nolann-le-garrec-exprime-sa-fierte-apres-la-victoire-contre-bordeaux-begles\/\",\"name\":\"Racing 92 : Nolann Le Garrec exprime sa fiert\u00e9 apr\u00e8s\",\"isPartOf\":{\"@id\":\"https:\/\/sport-index.fr\/blog\/#website\"},\"primaryImageOfPage\":{\"@id\":\"https:\/\/sport-index.fr\/blog\/a-la-une\/racing-92-nolann-le-garrec-exprime-sa-fierte-apres-la-victoire-contre-bordeaux-begles\/#primaryimage\"},\"image\":{\"@id\":\"https:\/\/sport-index.fr\/blog\/a-la-une\/racing-92-nolann-le-garrec-exprime-sa-fierte-apres-la-victoire-contre-bordeaux-begles\/#primaryimage\"},\"thumbnailUrl\":\"https:\/\/sport-index.fr\/blog\/wp-content\/uploads\/2025\/05\/sdxl-f1f94081bcb3e791c9782f085baddc1d-scaled.png\",\"datePublished\":\"2025-03-31T14:48:20+00:00\",\"description\":\"Une victoire d\u00e9cisive pour le Racing 92 Nolann Le Garrec a brill\u00e9 lors du dernier match du Racing 92 contre l'Union Bordeaux-B\u00e8gles, offrant aux\u2026\",\"inLanguage\":\"fr-FR\",\"potentialAction\":[{\"@type\":\"ReadAction\",\"target\":[\"https:\/\/sport-index.fr\/blog\/a-la-une\/racing-92-nolann-le-garrec-exprime-sa-fierte-apres-la-victoire-contre-bordeaux-begles\/\"]}]},{\"@type\":\"ImageObject\",\"inLanguage\":\"fr-FR\",\"@id\":\"https:\/\/sport-index.fr\/blog\/a-la-une\/racing-92-nolann-le-garrec-exprime-sa-fierte-apres-la-victoire-contre-bordeaux-begles\/#primaryimage\",\"url\":\"https:\/\/sport-index.fr\/blog\/wp-content\/uploads\/2025\/05\/sdxl-f1f94081bcb3e791c9782f085baddc1d-scaled.png\",\"contentUrl\":\"https:\/\/sport-index.fr\/blog\/wp-content\/uploads\/2025\/05\/sdxl-f1f94081bcb3e791c9782f085baddc1d-scaled.png\",\"width\":1200,\"height\":500},{\"@type\":\"WebSite\",\"@id\":\"https:\/\/sport-index.fr\/blog\/#website\",\"url\":\"https:\/\/sport-index.fr\/blog\/\",\"name\":\"sport-index.fr\",\"description\":\"Le score de l\u2019analyse sportive.\",\"publisher\":{\"@id\":\"https:\/\/sport-index.fr\/blog\/#organization\"},\"alternateName\":\"Le score de l\u2019analyse sportive.\",\"potentialAction\":[{\"@type\":\"SearchAction\",\"target\":{\"@type\":\"EntryPoint\",\"urlTemplate\":\"https:\/\/sport-index.fr\/blog\/?s={search_term_string}\"},\"query-input\":{\"@type\":\"PropertyValueSpecification\",\"valueRequired\":true,\"valueName\":\"search_term_string\"}}],\"inLanguage\":\"fr-FR\"},{\"@type\":\"Organization\",\"@id\":\"https:\/\/sport-index.fr\/blog\/#organization\",\"name\":\"Foretsensations.fr\",\"url\":\"https:\/\/sport-index.fr\/blog\/\",\"logo\":{\"@type\":\"ImageObject\",\"inLanguage\":\"fr-FR\",\"@id\":\"https:\/\/sport-index.fr\/blog\/#\/schema\/logo\/image\/\",\"url\":\"https:\/\/sport-index.fr\/blog\/wp-content\/uploads\/2026\/07\/logo-auto.png\",\"contentUrl\":\"https:\/\/sport-index.fr\/blog\/wp-content\/uploads\/2026\/07\/logo-auto.png\",\"width\":1024,\"height\":1024,\"caption\":\"Foretsensations.fr\"},\"image\":{\"@id\":\"https:\/\/sport-index.fr\/blog\/#\/schema\/logo\/image\/\"}},{\"@type\":\"Person\",\"@id\":\"https:\/\/sport-index.fr\/blog\/#\/schema\/person\/3c864cdc320801e3db34b663e7e3f816\",\"name\":\"Axel Lauzier\",\"image\":{\"@type\":\"ImageObject\",\"inLanguage\":\"fr-FR\",\"@id\":\"https:\/\/sport-index.fr\/blog\/#\/schema\/person\/image\/\",\"url\":\"https:\/\/sport-index.fr\/blog\/wp-content\/uploads\/2026\/06\/persona_axel-l-96x96.jpg\",\"contentUrl\":\"https:\/\/sport-index.fr\/blog\/wp-content\/uploads\/2026\/06\/persona_axel-l-96x96.jpg\",\"caption\":\"Axel Lauzier\"},\"description\":\"Le sport rythme mon quotidien depuis l'enfance, et j'en ai fait mon m\u00e9tier d'analyste r\u00e9dactionnel il y a une dizaine d'ann\u00e9es. Je couvre principalement le football, son actualit\u00e9, ses transferts et l'analyse tactique des grandes affiches, mais aussi les disciplines plus confidentielles que j'aime remettre en lumi\u00e8re. Une partie de mon travail porte sur les pronostics et la lecture statistique d'un match : forme des \u00e9quipes, historique des confrontations, compositions, sans jamais vendre de fausse certitude. Je rappelle syst\u00e9matiquement que parier comporte un risque et doit rester un loisir ma\u00eetris\u00e9. Avant de signer une analyse, je v\u00e9rifie mes chiffres, je recoupe les compositions probables et je distingue toujours la donn\u00e9e brute de l'intuition. Mon objectif : offrir une lecture honn\u00eate et argument\u00e9e, pas un ticket gagnant garanti.\",\"sameAs\":[\"https:\/\/axellauzier.fr\/\"],\"url\":\"https:\/\/sport-index.fr\/blog\/auteur\/noname\/\"}]}<\/script>\n<!-- \/ Yoast SEO Premium plugin. -->","yoast_head_json":{"title":"Racing 92 : Nolann Le Garrec exprime sa fiert\u00e9 apr\u00e8s","description":"Une victoire d\u00e9cisive pour le Racing 92 Nolann Le Garrec a brill\u00e9 lors du dernier match du Racing 92 contre l'Union Bordeaux-B\u00e8gles, offrant aux\u2026","robots":{"index":"index","follow":"follow","max-snippet":"max-snippet:-1","max-image-preview":"max-image-preview:large","max-video-preview":"max-video-preview:-1"},"canonical":"https:\/\/sport-index.fr\/blog\/a-la-une\/racing-92-nolann-le-garrec-exprime-sa-fierte-apres-la-victoire-contre-bordeaux-begles\/","og_locale":"fr_FR","og_type":"article","og_title":"Racing 92 : Nolann Le Garrec exprime sa fiert\u00e9 apr\u00e8s","og_description":"Une victoire d\u00e9cisive pour le Racing 92 Nolann Le Garrec a brill\u00e9 lors du dernier match du Racing 92 contre l'Union Bordeaux-B\u00e8gles, offrant aux\u2026","og_url":"https:\/\/sport-index.fr\/blog\/a-la-une\/racing-92-nolann-le-garrec-exprime-sa-fierte-apres-la-victoire-contre-bordeaux-begles\/","og_site_name":"sport-index","author":"Axel Lauzier","twitter_card":"summary_large_image","schema":{"@context":"https:\/\/schema.org","@graph":[{"@type":"NewsArticle","@id":"https:\/\/sport-index.fr\/blog\/a-la-une\/racing-92-nolann-le-garrec-exprime-sa-fierte-apres-la-victoire-contre-bordeaux-begles\/#article","isPartOf":{"@id":"https:\/\/sport-index.fr\/blog\/a-la-une\/racing-92-nolann-le-garrec-exprime-sa-fierte-apres-la-victoire-contre-bordeaux-begles\/"},"author":{"name":"Axel Lauzier","@id":"https:\/\/sport-index.fr\/blog\/#\/schema\/person\/3c864cdc320801e3db34b663e7e3f816"},"headline":"Racing 92 : Nolann Le Garrec exprime sa fiert\u00e9 apr\u00e8s la victoire contre Bordeaux-B\u00e8gles","datePublished":"2025-03-31T14:48:20+00:00","mainEntityOfPage":{"@id":"https:\/\/sport-index.fr\/blog\/a-la-une\/racing-92-nolann-le-garrec-exprime-sa-fierte-apres-la-victoire-contre-bordeaux-begles\/"},"wordCount":573,"commentCount":29,"publisher":{"@id":"https:\/\/sport-index.fr\/blog\/#organization"},"image":{"@id":"https:\/\/sport-index.fr\/blog\/a-la-une\/racing-92-nolann-le-garrec-exprime-sa-fierte-apres-la-victoire-contre-bordeaux-begles\/#primaryimage"},"thumbnailUrl":"https:\/\/sport-index.fr\/blog\/wp-content\/uploads\/2025\/05\/sdxl-f1f94081bcb3e791c9782f085baddc1d-scaled.png","keywords":["Coh\u00e9sion d'\u00c9quipe","Performance","Racing 92","R\u00e9silience","Tournoi des 6 Nations"],"articleSection":["\u00c0 la une"],"inLanguage":"fr-FR","potentialAction":[{"@type":"CommentAction","name":"Comment","target":["https:\/\/sport-index.fr\/blog\/a-la-une\/racing-92-nolann-le-garrec-exprime-sa-fierte-apres-la-victoire-contre-bordeaux-begles\/#respond"]}]},{"@type":"WebPage","@id":"https:\/\/sport-index.fr\/blog\/a-la-une\/racing-92-nolann-le-garrec-exprime-sa-fierte-apres-la-victoire-contre-bordeaux-begles\/","url":"https:\/\/sport-index.fr\/blog\/a-la-une\/racing-92-nolann-le-garrec-exprime-sa-fierte-apres-la-victoire-contre-bordeaux-begles\/","name":"Racing 92 : Nolann Le Garrec exprime sa fiert\u00e9 apr\u00e8s","isPartOf":{"@id":"https:\/\/sport-index.fr\/blog\/#website"},"primaryImageOfPage":{"@id":"https:\/\/sport-index.fr\/blog\/a-la-une\/racing-92-nolann-le-garrec-exprime-sa-fierte-apres-la-victoire-contre-bordeaux-begles\/#primaryimage"},"image":{"@id":"https:\/\/sport-index.fr\/blog\/a-la-une\/racing-92-nolann-le-garrec-exprime-sa-fierte-apres-la-victoire-contre-bordeaux-begles\/#primaryimage"},"thumbnailUrl":"https:\/\/sport-index.fr\/blog\/wp-content\/uploads\/2025\/05\/sdxl-f1f94081bcb3e791c9782f085baddc1d-scaled.png","datePublished":"2025-03-31T14:48:20+00:00","description":"Une victoire d\u00e9cisive pour le Racing 92 Nolann Le Garrec a brill\u00e9 lors du dernier match du Racing 92 contre l'Union Bordeaux-B\u00e8gles, offrant aux\u2026","inLanguage":"fr-FR","potentialAction":[{"@type":"ReadAction","target":["https:\/\/sport-index.fr\/blog\/a-la-une\/racing-92-nolann-le-garrec-exprime-sa-fierte-apres-la-victoire-contre-bordeaux-begles\/"]}]},{"@type":"ImageObject","inLanguage":"fr-FR","@id":"https:\/\/sport-index.fr\/blog\/a-la-une\/racing-92-nolann-le-garrec-exprime-sa-fierte-apres-la-victoire-contre-bordeaux-begles\/#primaryimage","url":"https:\/\/sport-index.fr\/blog\/wp-content\/uploads\/2025\/05\/sdxl-f1f94081bcb3e791c9782f085baddc1d-scaled.png","contentUrl":"https:\/\/sport-index.fr\/blog\/wp-content\/uploads\/2025\/05\/sdxl-f1f94081bcb3e791c9782f085baddc1d-scaled.png","width":1200,"height":500},{"@type":"WebSite","@id":"https:\/\/sport-index.fr\/blog\/#website","url":"https:\/\/sport-index.fr\/blog\/","name":"sport-index.fr","description":"Le score de l\u2019analyse sportive.","publisher":{"@id":"https:\/\/sport-index.fr\/blog\/#organization"},"alternateName":"Le score de l\u2019analyse sportive.","potentialAction":[{"@type":"SearchAction","target":{"@type":"EntryPoint","urlTemplate":"https:\/\/sport-index.fr\/blog\/?s={search_term_string}"},"query-input":{"@type":"PropertyValueSpecification","valueRequired":true,"valueName":"search_term_string"}}],"inLanguage":"fr-FR"},{"@type":"Organization","@id":"https:\/\/sport-index.fr\/blog\/#organization","name":"Foretsensations.fr","url":"https:\/\/sport-index.fr\/blog\/","logo":{"@type":"ImageObject","inLanguage":"fr-FR","@id":"https:\/\/sport-index.fr\/blog\/#\/schema\/logo\/image\/","url":"https:\/\/sport-index.fr\/blog\/wp-content\/uploads\/2026\/07\/logo-auto.png","contentUrl":"https:\/\/sport-index.fr\/blog\/wp-content\/uploads\/2026\/07\/logo-auto.png","width":1024,"height":1024,"caption":"Foretsensations.fr"},"image":{"@id":"https:\/\/sport-index.fr\/blog\/#\/schema\/logo\/image\/"}},{"@type":"Person","@id":"https:\/\/sport-index.fr\/blog\/#\/schema\/person\/3c864cdc320801e3db34b663e7e3f816","name":"Axel Lauzier","image":{"@type":"ImageObject","inLanguage":"fr-FR","@id":"https:\/\/sport-index.fr\/blog\/#\/schema\/person\/image\/","url":"https:\/\/sport-index.fr\/blog\/wp-content\/uploads\/2026\/06\/persona_axel-l-96x96.jpg","contentUrl":"https:\/\/sport-index.fr\/blog\/wp-content\/uploads\/2026\/06\/persona_axel-l-96x96.jpg","caption":"Axel Lauzier"},"description":"Le sport rythme mon quotidien depuis l'enfance, et j'en ai fait mon m\u00e9tier d'analyste r\u00e9dactionnel il y a une dizaine d'ann\u00e9es. Je couvre principalement le football, son actualit\u00e9, ses transferts et l'analyse tactique des grandes affiches, mais aussi les disciplines plus confidentielles que j'aime remettre en lumi\u00e8re. Une partie de mon travail porte sur les pronostics et la lecture statistique d'un match : forme des \u00e9quipes, historique des confrontations, compositions, sans jamais vendre de fausse certitude. Je rappelle syst\u00e9matiquement que parier comporte un risque et doit rester un loisir ma\u00eetris\u00e9. Avant de signer une analyse, je v\u00e9rifie mes chiffres, je recoupe les compositions probables et je distingue toujours la donn\u00e9e brute de l'intuition. Mon objectif : offrir une lecture honn\u00eate et argument\u00e9e, pas un ticket gagnant garanti.","sameAs":["https:\/\/axellauzier.fr\/"],"url":"https:\/\/sport-index.fr\/blog\/auteur\/noname\/"}]}},"_links":{"self":[{"href":"https:\/\/sport-index.fr\/blog\/wp-json\/wp\/v2\/posts\/12820","targetHints":{"allow":["GET"]}}],"collection":[{"href":"https:\/\/sport-index.fr\/blog\/wp-json\/wp\/v2\/posts"}],"about":[{"href":"https:\/\/sport-index.fr\/blog\/wp-json\/wp\/v2\/types\/post"}],"author":[{"embeddable":true,"href":"https:\/\/sport-index.fr\/blog\/wp-json\/wp\/v2\/users\/34"}],"replies":[{"embeddable":true,"href":"https:\/\/sport-index.fr\/blog\/wp-json\/wp\/v2\/comments?post=12820"}],"version-history":[{"count":1,"href":"https:\/\/sport-index.fr\/blog\/wp-json\/wp\/v2\/posts\/12820\/revisions"}],"predecessor-version":[{"id":12852,"href":"https:\/\/sport-index.fr\/blog\/wp-json\/wp\/v2\/posts\/12820\/revisions\/12852"}],"wp:featuredmedia":[{"embeddable":true,"href":"https:\/\/sport-index.fr\/blog\/wp-json\/wp\/v2\/media\/16085"}],"wp:attachment":[{"href":"https:\/\/sport-index.fr\/blog\/wp-json\/wp\/v2\/media?parent=12820"}],"wp:term":[{"taxonomy":"category","embeddable":true,"href":"https:\/\/sport-index.fr\/blog\/wp-json\/wp\/v2\/categories?post=12820"},{"taxonomy":"post_tag","embeddable":true,"href":"https:\/\/sport-index.fr\/blog\/wp-json\/wp\/v2\/tags?post=12820"}],"curies":[{"name":"wp","href":"https:\/\/api.w.org\/{rel}","templated":true}]}}