{"id":12837,"date":"2025-03-31T13:25:41","date_gmt":"2025-03-31T11:25:41","guid":{"rendered":"https:\/\/sport-index.fr\/blog\/?p=12837"},"modified":"2025-03-31T13:24:41","modified_gmt":"2025-03-31T11:24:41","slug":"le-transfert-de-melvyn-jaminet-la2r-face-a-ses-responsabilites-financieres","status":"publish","type":"post","link":"https:\/\/sport-index.fr\/blog\/a-la-une\/le-transfert-de-melvyn-jaminet-la2r-face-a-ses-responsabilites-financieres\/","title":{"rendered":"Le transfert de Melvyn Jaminet : l&rsquo;A2R face \u00e0 ses responsabilit\u00e9s financi\u00e8res"},"content":{"rendered":"<p>L&rsquo;Autorit\u00e9 de r\u00e9gulation du rugby (A2R) s&rsquo;est empar\u00e9e de ce dossier afin de v\u00e9rifier la conformit\u00e9 des flux financiers. Bien qu&rsquo;une conciliation ait \u00e9t\u00e9 atteinte concernant le d\u00e9passement du salary cap, l&rsquo;A2R souhaite s&rsquo;assurer de la l\u00e9galit\u00e9 de toutes les transactions impliqu\u00e9es.<\/p>\n<h2>Les auditions des parties prenantes<\/h2>\n<p>Le contr\u00f4le men\u00e9 par l&rsquo;A2R prendra plusieurs semaines, car l&rsquo;organisme pr\u00e9voit d&rsquo;entendre toutes les personnes impliqu\u00e9es dans cette affaire. Cela inclut Arnaud Dubois, l&rsquo;actuel pr\u00e9sident de Biarritz, qui aurait re\u00e7u des honoraires tant de Melvyn Jaminet que du Stade toulousain. Ce dernier n&rsquo;a pas souhait\u00e9 commenter la situation pour le moment.<\/p>\n<p>Outre Dubois, la version de Melvyn Jaminet et celle du club de Perpignan sont attendues. Le joueur aurait contract\u00e9 des pr\u00eats pour faciliter son transfert, et son agent, Bastien Faupala, sera \u00e9galement entendu. Tous ces acteurs devront justifier leur r\u00f4le dans ce dossier complexe.<\/p>\n<ul>\n<li>Arnaud Dubois, pr\u00e9sident de Biarritz<\/li>\n<li>Melvyn Jaminet, joueur concern\u00e9<\/li>\n<li>Bastien Faupala, agent du joueur<\/li>\n<li>Club de Perpignan<\/li>\n<\/ul>\n<h2>Les pr\u00e9occupations de Pierre-Yves Revol<\/h2>\n<p>En parall\u00e8le, Pierre-Yves Revol, pr\u00e9sident du Castres olympique, a adress\u00e9 une lettre \u00e0 Yann Roubert, le nouveau pr\u00e9sident de la LNR. Dans cette communication, il plaide pour un renforcement des sanctions et une plus grande transparence li\u00e9e au salary cap. Revol insiste sur la n\u00e9cessit\u00e9 d&rsquo;une r\u00e9ponse forte pour garantir la cr\u00e9dibilit\u00e9 du syst\u00e8me.<\/p>\n<p>Il prend soin de pr\u00e9ciser que son courrier ne vise pas \u00e0 stigmatiser un club en particulier. Il affirme que le pass\u00e9 est derri\u00e8re eux et que l&rsquo;objectif est d&rsquo;am\u00e9liorer la r\u00e9glementation pour \u00e9viter des zones grises. Cette prise de parole fait \u00e9cho \u00e0 l&rsquo;affaire en cours, soulignant l&rsquo;importance de la transparence dans la gestion financi\u00e8re du rugby.<\/p>\n<h2>Des sanctions en vue ?<\/h2>\n<p>Depuis que l&rsquo;A2R a pris en main l&rsquo;affaire Jaminet, les craintes d&rsquo;une sanction, notamment un retrait de points pour le Stade toulousain, se sont intensifi\u00e9es. Ce dernier a d\u00e9j\u00e0 re\u00e7u une amende significative d&rsquo;1,3 million d&rsquo;euros. La situation est d\u00e9licate, d&rsquo;autant plus que le club anglais des Saracens a subi de lourdes p\u00e9nalit\u00e9s par le pass\u00e9, ce qui alimente les inqui\u00e9tudes.<\/p>\n<p>Cependant, les dirigeants toulousains affirment avoir coop\u00e9r\u00e9 avec l&rsquo;A2R, d\u00e9clarant que tous les mouvements financiers sont transparents dans leurs livres de comptes. Une source proche du dossier souligne qu&rsquo;il ne s&rsquo;agit pas d&rsquo;une volont\u00e9 de dissimulation, mais plut\u00f4t d&rsquo;une faute av\u00e9r\u00e9e sans intention de triche g\u00e9n\u00e9ralis\u00e9e. Cela pourrait jouer en faveur du Stade toulousain lors des d\u00e9cisions \u00e0 venir.<\/p>\n<blockquote><p>\n    \u00ab\u00a0Pour rester cr\u00e9dibles, nous devons apporter une r\u00e9ponse forte.\u00a0\u00bb &#8211; Pierre-Yves Revol\n<\/p><\/blockquote>\n<p>Dans ce contexte, la m\u00e9diation entre le Stade toulousain et la Ligue nationale de rugby se r\u00e9v\u00e8le cruciale. Si un accord est trouv\u00e9, cela pourrait \u00e9teindre toute poursuite ult\u00e9rieure. Les discussions autour du montant de l&rsquo;amende initialement pr\u00e9vue ont abouti \u00e0 une r\u00e9duction significative, ce qui montre une volont\u00e9 de r\u00e9gler les diff\u00e9rends \u00e0 l&rsquo;amiable.<\/p>\n<p>Le futur du Stade toulousain reste incertain, mais la transparence et la coop\u00e9ration semblent \u00eatre les cl\u00e9s pour naviguer dans cette affaire d\u00e9licate. Les actions de l&rsquo;A2R seront scrut\u00e9es de pr\u00e8s, et leurs d\u00e9cisions auront un impact significatif sur la saison \u00e0 venir.<\/p>\n","protected":false},"excerpt":{"rendered":"","protected":false},"author":34,"featured_media":15401,"comment_status":"open","ping_status":"open","sticky":false,"template":"","format":"standard","meta":{"_acf_changed":false,"manual_indexmenow":false,"indexmenow_id_project":0,"footnotes":""},"categories":[1],"tags":[4745,4685,4561,5139,4554],"class_list":["post-12837","post","type-post","status-publish","format-standard","has-post-thumbnail","hentry","category-a-la-une","tag-competition","tag-evenements-sportifs","tag-gestion-des-talents","tag-stade-toulousain","tag-xv-de-france","generate-columns","tablet-grid-50","mobile-grid-100","grid-parent","grid-25"],"acf":[],"yoast_head":"<!-- This site is optimized with the Yoast SEO Premium plugin v21.3 (Yoast SEO v26.5) - https:\/\/yoast.com\/wordpress\/plugins\/seo\/ -->\n<title>Le transfert de Melvyn Jaminet : l&#039;A2R face<\/title>\n<meta name=\"description\" content=\"L&#039;Autorit\u00e9 de r\u00e9gulation du rugby (A2R) s&#039;est empar\u00e9e de ce dossier afin de v\u00e9rifier la conformit\u00e9 des flux financiers. Bien qu&#039;une conciliation ait \u00e9t\u00e9\u2026\" \/>\n<meta name=\"robots\" content=\"index, follow, max-snippet:-1, max-image-preview:large, max-video-preview:-1\" \/>\n<link rel=\"canonical\" href=\"https:\/\/sport-index.fr\/blog\/a-la-une\/le-transfert-de-melvyn-jaminet-la2r-face-a-ses-responsabilites-financieres\/\" \/>\n<meta property=\"og:locale\" content=\"fr_FR\" \/>\n<meta property=\"og:type\" content=\"article\" \/>\n<meta property=\"og:title\" content=\"Le transfert de Melvyn Jaminet : l&#039;A2R face\" \/>\n<meta property=\"og:description\" content=\"L&#039;Autorit\u00e9 de r\u00e9gulation du rugby (A2R) s&#039;est empar\u00e9e de ce dossier afin de v\u00e9rifier la conformit\u00e9 des flux financiers. Bien qu&#039;une conciliation ait \u00e9t\u00e9\u2026\" \/>\n<meta property=\"og:url\" content=\"https:\/\/sport-index.fr\/blog\/a-la-une\/le-transfert-de-melvyn-jaminet-la2r-face-a-ses-responsabilites-financieres\/\" \/>\n<meta property=\"og:site_name\" content=\"sport-index\" \/>\n<meta name=\"author\" content=\"Axel Lauzier\" \/>\n<meta name=\"twitter:card\" content=\"summary_large_image\" \/>\n<script type=\"application\/ld+json\" class=\"yoast-schema-graph\">{\"@context\":\"https:\/\/schema.org\",\"@graph\":[{\"@type\":\"NewsArticle\",\"@id\":\"https:\/\/sport-index.fr\/blog\/a-la-une\/le-transfert-de-melvyn-jaminet-la2r-face-a-ses-responsabilites-financieres\/#article\",\"isPartOf\":{\"@id\":\"https:\/\/sport-index.fr\/blog\/a-la-une\/le-transfert-de-melvyn-jaminet-la2r-face-a-ses-responsabilites-financieres\/\"},\"author\":{\"name\":\"Axel Lauzier\",\"@id\":\"https:\/\/sport-index.fr\/blog\/#\/schema\/person\/3c864cdc320801e3db34b663e7e3f816\"},\"headline\":\"Le transfert de Melvyn Jaminet : l&rsquo;A2R face \u00e0 ses responsabilit\u00e9s financi\u00e8res\",\"datePublished\":\"2025-03-31T11:25:41+00:00\",\"mainEntityOfPage\":{\"@id\":\"https:\/\/sport-index.fr\/blog\/a-la-une\/le-transfert-de-melvyn-jaminet-la2r-face-a-ses-responsabilites-financieres\/\"},\"wordCount\":611,\"commentCount\":27,\"publisher\":{\"@id\":\"https:\/\/sport-index.fr\/blog\/#organization\"},\"image\":{\"@id\":\"https:\/\/sport-index.fr\/blog\/a-la-une\/le-transfert-de-melvyn-jaminet-la2r-face-a-ses-responsabilites-financieres\/#primaryimage\"},\"thumbnailUrl\":\"https:\/\/sport-index.fr\/blog\/wp-content\/uploads\/2025\/05\/sdxl-d7bc56123f6b56c9acf35975a1e1154b-scaled.png\",\"keywords\":[\"Comp\u00e9tition\",\"\u00c9v\u00e9nements Sportifs\",\"Gestion des Talents\",\"Stade Toulousain\",\"XV de France\"],\"articleSection\":[\"\u00c0 la une\"],\"inLanguage\":\"fr-FR\",\"potentialAction\":[{\"@type\":\"CommentAction\",\"name\":\"Comment\",\"target\":[\"https:\/\/sport-index.fr\/blog\/a-la-une\/le-transfert-de-melvyn-jaminet-la2r-face-a-ses-responsabilites-financieres\/#respond\"]}]},{\"@type\":\"WebPage\",\"@id\":\"https:\/\/sport-index.fr\/blog\/a-la-une\/le-transfert-de-melvyn-jaminet-la2r-face-a-ses-responsabilites-financieres\/\",\"url\":\"https:\/\/sport-index.fr\/blog\/a-la-une\/le-transfert-de-melvyn-jaminet-la2r-face-a-ses-responsabilites-financieres\/\",\"name\":\"Le transfert de Melvyn Jaminet : l'A2R face\",\"isPartOf\":{\"@id\":\"https:\/\/sport-index.fr\/blog\/#website\"},\"primaryImageOfPage\":{\"@id\":\"https:\/\/sport-index.fr\/blog\/a-la-une\/le-transfert-de-melvyn-jaminet-la2r-face-a-ses-responsabilites-financieres\/#primaryimage\"},\"image\":{\"@id\":\"https:\/\/sport-index.fr\/blog\/a-la-une\/le-transfert-de-melvyn-jaminet-la2r-face-a-ses-responsabilites-financieres\/#primaryimage\"},\"thumbnailUrl\":\"https:\/\/sport-index.fr\/blog\/wp-content\/uploads\/2025\/05\/sdxl-d7bc56123f6b56c9acf35975a1e1154b-scaled.png\",\"datePublished\":\"2025-03-31T11:25:41+00:00\",\"description\":\"L'Autorit\u00e9 de r\u00e9gulation du rugby (A2R) s'est empar\u00e9e de ce dossier afin de v\u00e9rifier la conformit\u00e9 des flux financiers. Bien qu'une conciliation ait \u00e9t\u00e9\u2026\",\"inLanguage\":\"fr-FR\",\"potentialAction\":[{\"@type\":\"ReadAction\",\"target\":[\"https:\/\/sport-index.fr\/blog\/a-la-une\/le-transfert-de-melvyn-jaminet-la2r-face-a-ses-responsabilites-financieres\/\"]}]},{\"@type\":\"ImageObject\",\"inLanguage\":\"fr-FR\",\"@id\":\"https:\/\/sport-index.fr\/blog\/a-la-une\/le-transfert-de-melvyn-jaminet-la2r-face-a-ses-responsabilites-financieres\/#primaryimage\",\"url\":\"https:\/\/sport-index.fr\/blog\/wp-content\/uploads\/2025\/05\/sdxl-d7bc56123f6b56c9acf35975a1e1154b-scaled.png\",\"contentUrl\":\"https:\/\/sport-index.fr\/blog\/wp-content\/uploads\/2025\/05\/sdxl-d7bc56123f6b56c9acf35975a1e1154b-scaled.png\",\"width\":1200,\"height\":500},{\"@type\":\"WebSite\",\"@id\":\"https:\/\/sport-index.fr\/blog\/#website\",\"url\":\"https:\/\/sport-index.fr\/blog\/\",\"name\":\"sport-index.fr\",\"description\":\"Le score de l\u2019analyse sportive.\",\"publisher\":{\"@id\":\"https:\/\/sport-index.fr\/blog\/#organization\"},\"alternateName\":\"Le score de l\u2019analyse sportive.\",\"potentialAction\":[{\"@type\":\"SearchAction\",\"target\":{\"@type\":\"EntryPoint\",\"urlTemplate\":\"https:\/\/sport-index.fr\/blog\/?s={search_term_string}\"},\"query-input\":{\"@type\":\"PropertyValueSpecification\",\"valueRequired\":true,\"valueName\":\"search_term_string\"}}],\"inLanguage\":\"fr-FR\"},{\"@type\":\"Organization\",\"@id\":\"https:\/\/sport-index.fr\/blog\/#organization\",\"name\":\"Foretsensations.fr\",\"url\":\"https:\/\/sport-index.fr\/blog\/\",\"logo\":{\"@type\":\"ImageObject\",\"inLanguage\":\"fr-FR\",\"@id\":\"https:\/\/sport-index.fr\/blog\/#\/schema\/logo\/image\/\",\"url\":\"https:\/\/sport-index.fr\/blog\/wp-content\/uploads\/2026\/07\/logo-auto.png\",\"contentUrl\":\"https:\/\/sport-index.fr\/blog\/wp-content\/uploads\/2026\/07\/logo-auto.png\",\"width\":1024,\"height\":1024,\"caption\":\"Foretsensations.fr\"},\"image\":{\"@id\":\"https:\/\/sport-index.fr\/blog\/#\/schema\/logo\/image\/\"}},{\"@type\":\"Person\",\"@id\":\"https:\/\/sport-index.fr\/blog\/#\/schema\/person\/3c864cdc320801e3db34b663e7e3f816\",\"name\":\"Axel Lauzier\",\"image\":{\"@type\":\"ImageObject\",\"inLanguage\":\"fr-FR\",\"@id\":\"https:\/\/sport-index.fr\/blog\/#\/schema\/person\/image\/\",\"url\":\"https:\/\/sport-index.fr\/blog\/wp-content\/uploads\/2026\/06\/persona_axel-l-96x96.jpg\",\"contentUrl\":\"https:\/\/sport-index.fr\/blog\/wp-content\/uploads\/2026\/06\/persona_axel-l-96x96.jpg\",\"caption\":\"Axel Lauzier\"},\"description\":\"Le sport rythme mon quotidien depuis l'enfance, et j'en ai fait mon m\u00e9tier d'analyste r\u00e9dactionnel il y a une dizaine d'ann\u00e9es. Je couvre principalement le football, son actualit\u00e9, ses transferts et l'analyse tactique des grandes affiches, mais aussi les disciplines plus confidentielles que j'aime remettre en lumi\u00e8re. Une partie de mon travail porte sur les pronostics et la lecture statistique d'un match : forme des \u00e9quipes, historique des confrontations, compositions, sans jamais vendre de fausse certitude. Je rappelle syst\u00e9matiquement que parier comporte un risque et doit rester un loisir ma\u00eetris\u00e9. Avant de signer une analyse, je v\u00e9rifie mes chiffres, je recoupe les compositions probables et je distingue toujours la donn\u00e9e brute de l'intuition. Mon objectif : offrir une lecture honn\u00eate et argument\u00e9e, pas un ticket gagnant garanti.\",\"sameAs\":[\"https:\/\/axellauzier.fr\/\"],\"url\":\"https:\/\/sport-index.fr\/blog\/auteur\/noname\/\"}]}<\/script>\n<!-- \/ Yoast SEO Premium plugin. -->","yoast_head_json":{"title":"Le transfert de Melvyn Jaminet : l'A2R face","description":"L'Autorit\u00e9 de r\u00e9gulation du rugby (A2R) s'est empar\u00e9e de ce dossier afin de v\u00e9rifier la conformit\u00e9 des flux financiers. Bien qu'une conciliation ait \u00e9t\u00e9\u2026","robots":{"index":"index","follow":"follow","max-snippet":"max-snippet:-1","max-image-preview":"max-image-preview:large","max-video-preview":"max-video-preview:-1"},"canonical":"https:\/\/sport-index.fr\/blog\/a-la-une\/le-transfert-de-melvyn-jaminet-la2r-face-a-ses-responsabilites-financieres\/","og_locale":"fr_FR","og_type":"article","og_title":"Le transfert de Melvyn Jaminet : l'A2R face","og_description":"L'Autorit\u00e9 de r\u00e9gulation du rugby (A2R) s'est empar\u00e9e de ce dossier afin de v\u00e9rifier la conformit\u00e9 des flux financiers. Bien qu'une conciliation ait \u00e9t\u00e9\u2026","og_url":"https:\/\/sport-index.fr\/blog\/a-la-une\/le-transfert-de-melvyn-jaminet-la2r-face-a-ses-responsabilites-financieres\/","og_site_name":"sport-index","author":"Axel Lauzier","twitter_card":"summary_large_image","schema":{"@context":"https:\/\/schema.org","@graph":[{"@type":"NewsArticle","@id":"https:\/\/sport-index.fr\/blog\/a-la-une\/le-transfert-de-melvyn-jaminet-la2r-face-a-ses-responsabilites-financieres\/#article","isPartOf":{"@id":"https:\/\/sport-index.fr\/blog\/a-la-une\/le-transfert-de-melvyn-jaminet-la2r-face-a-ses-responsabilites-financieres\/"},"author":{"name":"Axel Lauzier","@id":"https:\/\/sport-index.fr\/blog\/#\/schema\/person\/3c864cdc320801e3db34b663e7e3f816"},"headline":"Le transfert de Melvyn Jaminet : l&rsquo;A2R face \u00e0 ses responsabilit\u00e9s financi\u00e8res","datePublished":"2025-03-31T11:25:41+00:00","mainEntityOfPage":{"@id":"https:\/\/sport-index.fr\/blog\/a-la-une\/le-transfert-de-melvyn-jaminet-la2r-face-a-ses-responsabilites-financieres\/"},"wordCount":611,"commentCount":27,"publisher":{"@id":"https:\/\/sport-index.fr\/blog\/#organization"},"image":{"@id":"https:\/\/sport-index.fr\/blog\/a-la-une\/le-transfert-de-melvyn-jaminet-la2r-face-a-ses-responsabilites-financieres\/#primaryimage"},"thumbnailUrl":"https:\/\/sport-index.fr\/blog\/wp-content\/uploads\/2025\/05\/sdxl-d7bc56123f6b56c9acf35975a1e1154b-scaled.png","keywords":["Comp\u00e9tition","\u00c9v\u00e9nements Sportifs","Gestion des Talents","Stade Toulousain","XV de France"],"articleSection":["\u00c0 la une"],"inLanguage":"fr-FR","potentialAction":[{"@type":"CommentAction","name":"Comment","target":["https:\/\/sport-index.fr\/blog\/a-la-une\/le-transfert-de-melvyn-jaminet-la2r-face-a-ses-responsabilites-financieres\/#respond"]}]},{"@type":"WebPage","@id":"https:\/\/sport-index.fr\/blog\/a-la-une\/le-transfert-de-melvyn-jaminet-la2r-face-a-ses-responsabilites-financieres\/","url":"https:\/\/sport-index.fr\/blog\/a-la-une\/le-transfert-de-melvyn-jaminet-la2r-face-a-ses-responsabilites-financieres\/","name":"Le transfert de Melvyn Jaminet : l'A2R face","isPartOf":{"@id":"https:\/\/sport-index.fr\/blog\/#website"},"primaryImageOfPage":{"@id":"https:\/\/sport-index.fr\/blog\/a-la-une\/le-transfert-de-melvyn-jaminet-la2r-face-a-ses-responsabilites-financieres\/#primaryimage"},"image":{"@id":"https:\/\/sport-index.fr\/blog\/a-la-une\/le-transfert-de-melvyn-jaminet-la2r-face-a-ses-responsabilites-financieres\/#primaryimage"},"thumbnailUrl":"https:\/\/sport-index.fr\/blog\/wp-content\/uploads\/2025\/05\/sdxl-d7bc56123f6b56c9acf35975a1e1154b-scaled.png","datePublished":"2025-03-31T11:25:41+00:00","description":"L'Autorit\u00e9 de r\u00e9gulation du rugby (A2R) s'est empar\u00e9e de ce dossier afin de v\u00e9rifier la conformit\u00e9 des flux financiers. Bien qu'une conciliation ait \u00e9t\u00e9\u2026","inLanguage":"fr-FR","potentialAction":[{"@type":"ReadAction","target":["https:\/\/sport-index.fr\/blog\/a-la-une\/le-transfert-de-melvyn-jaminet-la2r-face-a-ses-responsabilites-financieres\/"]}]},{"@type":"ImageObject","inLanguage":"fr-FR","@id":"https:\/\/sport-index.fr\/blog\/a-la-une\/le-transfert-de-melvyn-jaminet-la2r-face-a-ses-responsabilites-financieres\/#primaryimage","url":"https:\/\/sport-index.fr\/blog\/wp-content\/uploads\/2025\/05\/sdxl-d7bc56123f6b56c9acf35975a1e1154b-scaled.png","contentUrl":"https:\/\/sport-index.fr\/blog\/wp-content\/uploads\/2025\/05\/sdxl-d7bc56123f6b56c9acf35975a1e1154b-scaled.png","width":1200,"height":500},{"@type":"WebSite","@id":"https:\/\/sport-index.fr\/blog\/#website","url":"https:\/\/sport-index.fr\/blog\/","name":"sport-index.fr","description":"Le score de l\u2019analyse sportive.","publisher":{"@id":"https:\/\/sport-index.fr\/blog\/#organization"},"alternateName":"Le score de l\u2019analyse sportive.","potentialAction":[{"@type":"SearchAction","target":{"@type":"EntryPoint","urlTemplate":"https:\/\/sport-index.fr\/blog\/?s={search_term_string}"},"query-input":{"@type":"PropertyValueSpecification","valueRequired":true,"valueName":"search_term_string"}}],"inLanguage":"fr-FR"},{"@type":"Organization","@id":"https:\/\/sport-index.fr\/blog\/#organization","name":"Foretsensations.fr","url":"https:\/\/sport-index.fr\/blog\/","logo":{"@type":"ImageObject","inLanguage":"fr-FR","@id":"https:\/\/sport-index.fr\/blog\/#\/schema\/logo\/image\/","url":"https:\/\/sport-index.fr\/blog\/wp-content\/uploads\/2026\/07\/logo-auto.png","contentUrl":"https:\/\/sport-index.fr\/blog\/wp-content\/uploads\/2026\/07\/logo-auto.png","width":1024,"height":1024,"caption":"Foretsensations.fr"},"image":{"@id":"https:\/\/sport-index.fr\/blog\/#\/schema\/logo\/image\/"}},{"@type":"Person","@id":"https:\/\/sport-index.fr\/blog\/#\/schema\/person\/3c864cdc320801e3db34b663e7e3f816","name":"Axel Lauzier","image":{"@type":"ImageObject","inLanguage":"fr-FR","@id":"https:\/\/sport-index.fr\/blog\/#\/schema\/person\/image\/","url":"https:\/\/sport-index.fr\/blog\/wp-content\/uploads\/2026\/06\/persona_axel-l-96x96.jpg","contentUrl":"https:\/\/sport-index.fr\/blog\/wp-content\/uploads\/2026\/06\/persona_axel-l-96x96.jpg","caption":"Axel Lauzier"},"description":"Le sport rythme mon quotidien depuis l'enfance, et j'en ai fait mon m\u00e9tier d'analyste r\u00e9dactionnel il y a une dizaine d'ann\u00e9es. Je couvre principalement le football, son actualit\u00e9, ses transferts et l'analyse tactique des grandes affiches, mais aussi les disciplines plus confidentielles que j'aime remettre en lumi\u00e8re. Une partie de mon travail porte sur les pronostics et la lecture statistique d'un match : forme des \u00e9quipes, historique des confrontations, compositions, sans jamais vendre de fausse certitude. Je rappelle syst\u00e9matiquement que parier comporte un risque et doit rester un loisir ma\u00eetris\u00e9. Avant de signer une analyse, je v\u00e9rifie mes chiffres, je recoupe les compositions probables et je distingue toujours la donn\u00e9e brute de l'intuition. Mon objectif : offrir une lecture honn\u00eate et argument\u00e9e, pas un ticket gagnant garanti.","sameAs":["https:\/\/axellauzier.fr\/"],"url":"https:\/\/sport-index.fr\/blog\/auteur\/noname\/"}]}},"_links":{"self":[{"href":"https:\/\/sport-index.fr\/blog\/wp-json\/wp\/v2\/posts\/12837","targetHints":{"allow":["GET"]}}],"collection":[{"href":"https:\/\/sport-index.fr\/blog\/wp-json\/wp\/v2\/posts"}],"about":[{"href":"https:\/\/sport-index.fr\/blog\/wp-json\/wp\/v2\/types\/post"}],"author":[{"embeddable":true,"href":"https:\/\/sport-index.fr\/blog\/wp-json\/wp\/v2\/users\/34"}],"replies":[{"embeddable":true,"href":"https:\/\/sport-index.fr\/blog\/wp-json\/wp\/v2\/comments?post=12837"}],"version-history":[{"count":1,"href":"https:\/\/sport-index.fr\/blog\/wp-json\/wp\/v2\/posts\/12837\/revisions"}],"predecessor-version":[{"id":12838,"href":"https:\/\/sport-index.fr\/blog\/wp-json\/wp\/v2\/posts\/12837\/revisions\/12838"}],"wp:featuredmedia":[{"embeddable":true,"href":"https:\/\/sport-index.fr\/blog\/wp-json\/wp\/v2\/media\/15401"}],"wp:attachment":[{"href":"https:\/\/sport-index.fr\/blog\/wp-json\/wp\/v2\/media?parent=12837"}],"wp:term":[{"taxonomy":"category","embeddable":true,"href":"https:\/\/sport-index.fr\/blog\/wp-json\/wp\/v2\/categories?post=12837"},{"taxonomy":"post_tag","embeddable":true,"href":"https:\/\/sport-index.fr\/blog\/wp-json\/wp\/v2\/tags?post=12837"}],"curies":[{"name":"wp","href":"https:\/\/api.w.org\/{rel}","templated":true}]}}