{"id":12859,"date":"2025-04-01T03:32:00","date_gmt":"2025-04-01T01:32:00","guid":{"rendered":"https:\/\/sport-index.fr\/blog\/?p=12859"},"modified":"2025-03-31T18:53:31","modified_gmt":"2025-03-31T16:53:31","slug":"daniel-ikpefan-rejoint-narbonne-un-renfort-strategique-pour-la-fin-de-saison","status":"publish","type":"post","link":"https:\/\/sport-index.fr\/blog\/a-la-une\/daniel-ikpefan-rejoint-narbonne-un-renfort-strategique-pour-la-fin-de-saison\/","title":{"rendered":"Daniel Ikpefan rejoint Narbonne : un renfort strat\u00e9gique pour la fin de saison"},"content":{"rendered":"<p>C&rsquo;est pourquoi l&rsquo;annonce de l&rsquo;arriv\u00e9e de Daniel Ikpefan \u00e0 Narbonne a suscit\u00e9 de nombreuses r\u00e9actions. Actuellement joueur d&rsquo;Oyonnax, Ikpefan apporte avec lui une exp\u00e9rience pr\u00e9cieuse, essentielle pour le RC Narbonnais alors qu&rsquo;il vise une place en demi-finale de Nationale.<\/p>\n<h2>Un recrutement d\u00e9cisif pour Narbonne<\/h2>\n<p>Le RC Narbonnais, en pleine course pour la qualification en demi-finale, a d\u00e9cid\u00e9 d&rsquo;agir rapidement face aux absences de joueurs cl\u00e9s. En effet, les blessures de Pierre Nueno et \u00c9tienne Ducom ont laiss\u00e9 un vide difficile \u00e0 combler. Dans cette optique, le choix de recruter Daniel Ikpefan se r\u00e9v\u00e8le strat\u00e9gique pour maintenir l&rsquo;\u00e9lan de l&rsquo;\u00e9quipe.<\/p>\n<p>Ikpefan, \u00e2g\u00e9 de 31 ans, apporte une exp\u00e9rience inestimable avec ses onze matches et trois essais cette saison \u00e0 Oyonnax. Son arriv\u00e9e au club est synonyme de renforcement pour une \u00e9quipe qui doit faire face \u00e0 des d\u00e9fis majeurs dans les semaines \u00e0 venir. Les dirigeants de Narbonne esp\u00e8rent qu&rsquo;il saura s&rsquo;imposer comme un atout d\u00e9cisif dans les phases finales.<\/p>\n<h2>Un joueur au parcours impressionnant<\/h2>\n<p>Daniel Ikpefan n&rsquo;est pas un inconnu sur la sc\u00e8ne du rugby fran\u00e7ais. Sa carri\u00e8re a d\u00e9but\u00e9 \u00e0 Oyonnax, un club avec lequel il a rapidement fait ses preuves. Apr\u00e8s trois saisons \u00e0 Toulon, il a poursuivi son parcours \u00e0 Pau o\u00f9 il a connu quelques blessures, mais cela n&rsquo;a pas entam\u00e9 son talent sur le terrain.<\/p>\n<p>Avec un total de 31 essais en Top 14, Ikpefan est reconnu pour ses qualit\u00e9s de finisseur. Son exp\u00e9rience et sa technique en font un joueur \u00e0 suivre de pr\u00e8s, surtout \u00e0 un moment o\u00f9 Narbonne a besoin d&rsquo;un joueur capable de faire la diff\u00e9rence. Les supporters peuvent s&rsquo;attendre \u00e0 voir un joueur d\u00e9termin\u00e9, pr\u00eat \u00e0 relever le d\u00e9fi de la fin de saison.<\/p>\n<h2>Les attentes autour de cette nouvelle collaboration<\/h2>\n<p>Les attentes sont grandes autour de l&rsquo;arriv\u00e9e d&rsquo;Ikpefan \u00e0 Narbonne. Loin d&rsquo;\u00eatre un simple transfert, c&rsquo;est un v\u00e9ritable espoir de succ\u00e8s que le club met sur ses \u00e9paules. Sa capacit\u00e9 \u00e0 marquer des essais pourrait s&rsquo;av\u00e9rer cruciale dans les matches \u00e0 venir, surtout face \u00e0 des adversaires redoutables.<\/p>\n<p>Les dirigeants et les fans du RC Narbonnais esp\u00e8rent qu&rsquo;Ikpefan saura s&rsquo;int\u00e9grer rapidement dans le collectif. Avec une fin de saison palpitante qui se profile \u00e0 l&rsquo;horizon, chaque point comptera, et Ikpefan pourrait bien \u00eatre celui qui fera basculer le cours des \u00e9v\u00e9nements. Les enjeux sont \u00e9lev\u00e9s et l&rsquo;ailier est pr\u00eat \u00e0 relever le d\u00e9fi.<\/p>\n<blockquote><p>\n    \u00ab Je suis impatient de rejoindre Narbonne et de contribuer \u00e0 l\u2019\u00e9quipe pour cette fin de saison. \u00bb\n<\/p><\/blockquote>\n<ul>\n<li>Ikpefan a commenc\u00e9 sa carri\u00e8re \u00e0 Oyonnax avant de jouer \u00e0 Toulon et Pau.<\/li>\n<li>Il a inscrit 31 essais en Top 14, prouvant sa capacit\u00e9 \u00e0 marquer.<\/li>\n<li>Le RC Narbonnais lutte pour se qualifier en demi-finale de Nationale.<\/li>\n<li>Les blessures de Nueno et Ducom ont pr\u00e9cipit\u00e9 le recrutement d&rsquo;Ikpefan.<\/li>\n<li>Les supporters attendent beaucoup de lui dans les matches cruciaux \u00e0 venir.<\/li>\n<\/ul>\n<p>En somme, l&rsquo;arriv\u00e9e de Daniel Ikpefan \u00e0 Narbonne est un coup de poker qui pourrait bien porter ses fruits. Le rugby est un sport d&rsquo;\u00e9quipe, mais parfois un joueur peut faire la diff\u00e9rence. Ikpefan est pr\u00eat \u00e0 relever ce d\u00e9fi et tous les yeux seront tourn\u00e9s vers lui dans les semaines \u00e0 venir.<\/p>\n","protected":false},"excerpt":{"rendered":"","protected":false},"author":34,"featured_media":15391,"comment_status":"open","ping_status":"open","sticky":false,"template":"","format":"standard","meta":{"_acf_changed":false,"manual_indexmenow":false,"indexmenow_id_project":0,"footnotes":""},"categories":[1],"tags":[4544,4561,4563,4536,4539],"class_list":["post-12859","post","type-post","status-publish","format-standard","has-post-thumbnail","hentry","category-a-la-une","tag-equipe","tag-gestion-des-talents","tag-performance-athletique","tag-rugby","tag-top-14","generate-columns","tablet-grid-50","mobile-grid-100","grid-parent","grid-25"],"acf":[],"yoast_head":"<!-- This site is optimized with the Yoast SEO Premium plugin v21.3 (Yoast SEO v26.5) - https:\/\/yoast.com\/wordpress\/plugins\/seo\/ -->\n<title>Daniel Ikpefan rejoint Narbonne : un renfort strat\u00e9gique<\/title>\n<meta name=\"description\" content=\"C&#039;est pourquoi l&#039;annonce de l&#039;arriv\u00e9e de Daniel Ikpefan \u00e0 Narbonne a suscit\u00e9 de nombreuses r\u00e9actions. Actuellement joueur d&#039;Oyonnax, Ikpefan apporte avec\u2026\" \/>\n<meta name=\"robots\" content=\"index, follow, max-snippet:-1, max-image-preview:large, max-video-preview:-1\" \/>\n<link rel=\"canonical\" href=\"https:\/\/sport-index.fr\/blog\/a-la-une\/daniel-ikpefan-rejoint-narbonne-un-renfort-strategique-pour-la-fin-de-saison\/\" \/>\n<meta property=\"og:locale\" content=\"fr_FR\" \/>\n<meta property=\"og:type\" content=\"article\" \/>\n<meta property=\"og:title\" content=\"Daniel Ikpefan rejoint Narbonne : un renfort strat\u00e9gique\" \/>\n<meta property=\"og:description\" content=\"C&#039;est pourquoi l&#039;annonce de l&#039;arriv\u00e9e de Daniel Ikpefan \u00e0 Narbonne a suscit\u00e9 de nombreuses r\u00e9actions. Actuellement joueur d&#039;Oyonnax, Ikpefan apporte avec\u2026\" \/>\n<meta property=\"og:url\" content=\"https:\/\/sport-index.fr\/blog\/a-la-une\/daniel-ikpefan-rejoint-narbonne-un-renfort-strategique-pour-la-fin-de-saison\/\" \/>\n<meta property=\"og:site_name\" content=\"sport-index\" \/>\n<meta name=\"author\" content=\"Axel Lauzier\" \/>\n<meta name=\"twitter:card\" content=\"summary_large_image\" \/>\n<script type=\"application\/ld+json\" class=\"yoast-schema-graph\">{\"@context\":\"https:\/\/schema.org\",\"@graph\":[{\"@type\":\"NewsArticle\",\"@id\":\"https:\/\/sport-index.fr\/blog\/a-la-une\/daniel-ikpefan-rejoint-narbonne-un-renfort-strategique-pour-la-fin-de-saison\/#article\",\"isPartOf\":{\"@id\":\"https:\/\/sport-index.fr\/blog\/a-la-une\/daniel-ikpefan-rejoint-narbonne-un-renfort-strategique-pour-la-fin-de-saison\/\"},\"author\":{\"name\":\"Axel Lauzier\",\"@id\":\"https:\/\/sport-index.fr\/blog\/#\/schema\/person\/3c864cdc320801e3db34b663e7e3f816\"},\"headline\":\"Daniel Ikpefan rejoint Narbonne : un renfort strat\u00e9gique pour la fin de saison\",\"datePublished\":\"2025-04-01T01:32:00+00:00\",\"mainEntityOfPage\":{\"@id\":\"https:\/\/sport-index.fr\/blog\/a-la-une\/daniel-ikpefan-rejoint-narbonne-un-renfort-strategique-pour-la-fin-de-saison\/\"},\"wordCount\":577,\"commentCount\":24,\"publisher\":{\"@id\":\"https:\/\/sport-index.fr\/blog\/#organization\"},\"image\":{\"@id\":\"https:\/\/sport-index.fr\/blog\/a-la-une\/daniel-ikpefan-rejoint-narbonne-un-renfort-strategique-pour-la-fin-de-saison\/#primaryimage\"},\"thumbnailUrl\":\"https:\/\/sport-index.fr\/blog\/wp-content\/uploads\/2025\/05\/sdxl-7fcebbcd71bfa28261b38490fa0f2eb4-scaled.png\",\"keywords\":[\"\u00c9quipe\",\"Gestion des Talents\",\"Performance Athl\u00e9tique\",\"Rugby\",\"Top 14\"],\"articleSection\":[\"\u00c0 la une\"],\"inLanguage\":\"fr-FR\",\"potentialAction\":[{\"@type\":\"CommentAction\",\"name\":\"Comment\",\"target\":[\"https:\/\/sport-index.fr\/blog\/a-la-une\/daniel-ikpefan-rejoint-narbonne-un-renfort-strategique-pour-la-fin-de-saison\/#respond\"]}]},{\"@type\":\"WebPage\",\"@id\":\"https:\/\/sport-index.fr\/blog\/a-la-une\/daniel-ikpefan-rejoint-narbonne-un-renfort-strategique-pour-la-fin-de-saison\/\",\"url\":\"https:\/\/sport-index.fr\/blog\/a-la-une\/daniel-ikpefan-rejoint-narbonne-un-renfort-strategique-pour-la-fin-de-saison\/\",\"name\":\"Daniel Ikpefan rejoint Narbonne : un renfort strat\u00e9gique\",\"isPartOf\":{\"@id\":\"https:\/\/sport-index.fr\/blog\/#website\"},\"primaryImageOfPage\":{\"@id\":\"https:\/\/sport-index.fr\/blog\/a-la-une\/daniel-ikpefan-rejoint-narbonne-un-renfort-strategique-pour-la-fin-de-saison\/#primaryimage\"},\"image\":{\"@id\":\"https:\/\/sport-index.fr\/blog\/a-la-une\/daniel-ikpefan-rejoint-narbonne-un-renfort-strategique-pour-la-fin-de-saison\/#primaryimage\"},\"thumbnailUrl\":\"https:\/\/sport-index.fr\/blog\/wp-content\/uploads\/2025\/05\/sdxl-7fcebbcd71bfa28261b38490fa0f2eb4-scaled.png\",\"datePublished\":\"2025-04-01T01:32:00+00:00\",\"description\":\"C'est pourquoi l'annonce de l'arriv\u00e9e de Daniel Ikpefan \u00e0 Narbonne a suscit\u00e9 de nombreuses r\u00e9actions. Actuellement joueur d'Oyonnax, Ikpefan apporte avec\u2026\",\"inLanguage\":\"fr-FR\",\"potentialAction\":[{\"@type\":\"ReadAction\",\"target\":[\"https:\/\/sport-index.fr\/blog\/a-la-une\/daniel-ikpefan-rejoint-narbonne-un-renfort-strategique-pour-la-fin-de-saison\/\"]}]},{\"@type\":\"ImageObject\",\"inLanguage\":\"fr-FR\",\"@id\":\"https:\/\/sport-index.fr\/blog\/a-la-une\/daniel-ikpefan-rejoint-narbonne-un-renfort-strategique-pour-la-fin-de-saison\/#primaryimage\",\"url\":\"https:\/\/sport-index.fr\/blog\/wp-content\/uploads\/2025\/05\/sdxl-7fcebbcd71bfa28261b38490fa0f2eb4-scaled.png\",\"contentUrl\":\"https:\/\/sport-index.fr\/blog\/wp-content\/uploads\/2025\/05\/sdxl-7fcebbcd71bfa28261b38490fa0f2eb4-scaled.png\",\"width\":1200,\"height\":500},{\"@type\":\"WebSite\",\"@id\":\"https:\/\/sport-index.fr\/blog\/#website\",\"url\":\"https:\/\/sport-index.fr\/blog\/\",\"name\":\"sport-index.fr\",\"description\":\"Le score de l\u2019analyse sportive.\",\"publisher\":{\"@id\":\"https:\/\/sport-index.fr\/blog\/#organization\"},\"alternateName\":\"Le score de l\u2019analyse sportive.\",\"potentialAction\":[{\"@type\":\"SearchAction\",\"target\":{\"@type\":\"EntryPoint\",\"urlTemplate\":\"https:\/\/sport-index.fr\/blog\/?s={search_term_string}\"},\"query-input\":{\"@type\":\"PropertyValueSpecification\",\"valueRequired\":true,\"valueName\":\"search_term_string\"}}],\"inLanguage\":\"fr-FR\"},{\"@type\":\"Organization\",\"@id\":\"https:\/\/sport-index.fr\/blog\/#organization\",\"name\":\"Foretsensations.fr\",\"url\":\"https:\/\/sport-index.fr\/blog\/\",\"logo\":{\"@type\":\"ImageObject\",\"inLanguage\":\"fr-FR\",\"@id\":\"https:\/\/sport-index.fr\/blog\/#\/schema\/logo\/image\/\",\"url\":\"https:\/\/sport-index.fr\/blog\/wp-content\/uploads\/2026\/07\/logo-auto.png\",\"contentUrl\":\"https:\/\/sport-index.fr\/blog\/wp-content\/uploads\/2026\/07\/logo-auto.png\",\"width\":1024,\"height\":1024,\"caption\":\"Foretsensations.fr\"},\"image\":{\"@id\":\"https:\/\/sport-index.fr\/blog\/#\/schema\/logo\/image\/\"}},{\"@type\":\"Person\",\"@id\":\"https:\/\/sport-index.fr\/blog\/#\/schema\/person\/3c864cdc320801e3db34b663e7e3f816\",\"name\":\"Axel Lauzier\",\"image\":{\"@type\":\"ImageObject\",\"inLanguage\":\"fr-FR\",\"@id\":\"https:\/\/sport-index.fr\/blog\/#\/schema\/person\/image\/\",\"url\":\"https:\/\/sport-index.fr\/blog\/wp-content\/uploads\/2026\/06\/persona_axel-l-96x96.jpg\",\"contentUrl\":\"https:\/\/sport-index.fr\/blog\/wp-content\/uploads\/2026\/06\/persona_axel-l-96x96.jpg\",\"caption\":\"Axel Lauzier\"},\"description\":\"Le sport rythme mon quotidien depuis l'enfance, et j'en ai fait mon m\u00e9tier d'analyste r\u00e9dactionnel il y a une dizaine d'ann\u00e9es. Je couvre principalement le football, son actualit\u00e9, ses transferts et l'analyse tactique des grandes affiches, mais aussi les disciplines plus confidentielles que j'aime remettre en lumi\u00e8re. Une partie de mon travail porte sur les pronostics et la lecture statistique d'un match : forme des \u00e9quipes, historique des confrontations, compositions, sans jamais vendre de fausse certitude. Je rappelle syst\u00e9matiquement que parier comporte un risque et doit rester un loisir ma\u00eetris\u00e9. Avant de signer une analyse, je v\u00e9rifie mes chiffres, je recoupe les compositions probables et je distingue toujours la donn\u00e9e brute de l'intuition. Mon objectif : offrir une lecture honn\u00eate et argument\u00e9e, pas un ticket gagnant garanti.\",\"sameAs\":[\"https:\/\/axellauzier.fr\/\"],\"url\":\"https:\/\/sport-index.fr\/blog\/auteur\/noname\/\"}]}<\/script>\n<!-- \/ Yoast SEO Premium plugin. -->","yoast_head_json":{"title":"Daniel Ikpefan rejoint Narbonne : un renfort strat\u00e9gique","description":"C'est pourquoi l'annonce de l'arriv\u00e9e de Daniel Ikpefan \u00e0 Narbonne a suscit\u00e9 de nombreuses r\u00e9actions. Actuellement joueur d'Oyonnax, Ikpefan apporte avec\u2026","robots":{"index":"index","follow":"follow","max-snippet":"max-snippet:-1","max-image-preview":"max-image-preview:large","max-video-preview":"max-video-preview:-1"},"canonical":"https:\/\/sport-index.fr\/blog\/a-la-une\/daniel-ikpefan-rejoint-narbonne-un-renfort-strategique-pour-la-fin-de-saison\/","og_locale":"fr_FR","og_type":"article","og_title":"Daniel Ikpefan rejoint Narbonne : un renfort strat\u00e9gique","og_description":"C'est pourquoi l'annonce de l'arriv\u00e9e de Daniel Ikpefan \u00e0 Narbonne a suscit\u00e9 de nombreuses r\u00e9actions. Actuellement joueur d'Oyonnax, Ikpefan apporte avec\u2026","og_url":"https:\/\/sport-index.fr\/blog\/a-la-une\/daniel-ikpefan-rejoint-narbonne-un-renfort-strategique-pour-la-fin-de-saison\/","og_site_name":"sport-index","author":"Axel Lauzier","twitter_card":"summary_large_image","schema":{"@context":"https:\/\/schema.org","@graph":[{"@type":"NewsArticle","@id":"https:\/\/sport-index.fr\/blog\/a-la-une\/daniel-ikpefan-rejoint-narbonne-un-renfort-strategique-pour-la-fin-de-saison\/#article","isPartOf":{"@id":"https:\/\/sport-index.fr\/blog\/a-la-une\/daniel-ikpefan-rejoint-narbonne-un-renfort-strategique-pour-la-fin-de-saison\/"},"author":{"name":"Axel Lauzier","@id":"https:\/\/sport-index.fr\/blog\/#\/schema\/person\/3c864cdc320801e3db34b663e7e3f816"},"headline":"Daniel Ikpefan rejoint Narbonne : un renfort strat\u00e9gique pour la fin de saison","datePublished":"2025-04-01T01:32:00+00:00","mainEntityOfPage":{"@id":"https:\/\/sport-index.fr\/blog\/a-la-une\/daniel-ikpefan-rejoint-narbonne-un-renfort-strategique-pour-la-fin-de-saison\/"},"wordCount":577,"commentCount":24,"publisher":{"@id":"https:\/\/sport-index.fr\/blog\/#organization"},"image":{"@id":"https:\/\/sport-index.fr\/blog\/a-la-une\/daniel-ikpefan-rejoint-narbonne-un-renfort-strategique-pour-la-fin-de-saison\/#primaryimage"},"thumbnailUrl":"https:\/\/sport-index.fr\/blog\/wp-content\/uploads\/2025\/05\/sdxl-7fcebbcd71bfa28261b38490fa0f2eb4-scaled.png","keywords":["\u00c9quipe","Gestion des Talents","Performance Athl\u00e9tique","Rugby","Top 14"],"articleSection":["\u00c0 la une"],"inLanguage":"fr-FR","potentialAction":[{"@type":"CommentAction","name":"Comment","target":["https:\/\/sport-index.fr\/blog\/a-la-une\/daniel-ikpefan-rejoint-narbonne-un-renfort-strategique-pour-la-fin-de-saison\/#respond"]}]},{"@type":"WebPage","@id":"https:\/\/sport-index.fr\/blog\/a-la-une\/daniel-ikpefan-rejoint-narbonne-un-renfort-strategique-pour-la-fin-de-saison\/","url":"https:\/\/sport-index.fr\/blog\/a-la-une\/daniel-ikpefan-rejoint-narbonne-un-renfort-strategique-pour-la-fin-de-saison\/","name":"Daniel Ikpefan rejoint Narbonne : un renfort strat\u00e9gique","isPartOf":{"@id":"https:\/\/sport-index.fr\/blog\/#website"},"primaryImageOfPage":{"@id":"https:\/\/sport-index.fr\/blog\/a-la-une\/daniel-ikpefan-rejoint-narbonne-un-renfort-strategique-pour-la-fin-de-saison\/#primaryimage"},"image":{"@id":"https:\/\/sport-index.fr\/blog\/a-la-une\/daniel-ikpefan-rejoint-narbonne-un-renfort-strategique-pour-la-fin-de-saison\/#primaryimage"},"thumbnailUrl":"https:\/\/sport-index.fr\/blog\/wp-content\/uploads\/2025\/05\/sdxl-7fcebbcd71bfa28261b38490fa0f2eb4-scaled.png","datePublished":"2025-04-01T01:32:00+00:00","description":"C'est pourquoi l'annonce de l'arriv\u00e9e de Daniel Ikpefan \u00e0 Narbonne a suscit\u00e9 de nombreuses r\u00e9actions. Actuellement joueur d'Oyonnax, Ikpefan apporte avec\u2026","inLanguage":"fr-FR","potentialAction":[{"@type":"ReadAction","target":["https:\/\/sport-index.fr\/blog\/a-la-une\/daniel-ikpefan-rejoint-narbonne-un-renfort-strategique-pour-la-fin-de-saison\/"]}]},{"@type":"ImageObject","inLanguage":"fr-FR","@id":"https:\/\/sport-index.fr\/blog\/a-la-une\/daniel-ikpefan-rejoint-narbonne-un-renfort-strategique-pour-la-fin-de-saison\/#primaryimage","url":"https:\/\/sport-index.fr\/blog\/wp-content\/uploads\/2025\/05\/sdxl-7fcebbcd71bfa28261b38490fa0f2eb4-scaled.png","contentUrl":"https:\/\/sport-index.fr\/blog\/wp-content\/uploads\/2025\/05\/sdxl-7fcebbcd71bfa28261b38490fa0f2eb4-scaled.png","width":1200,"height":500},{"@type":"WebSite","@id":"https:\/\/sport-index.fr\/blog\/#website","url":"https:\/\/sport-index.fr\/blog\/","name":"sport-index.fr","description":"Le score de l\u2019analyse sportive.","publisher":{"@id":"https:\/\/sport-index.fr\/blog\/#organization"},"alternateName":"Le score de l\u2019analyse sportive.","potentialAction":[{"@type":"SearchAction","target":{"@type":"EntryPoint","urlTemplate":"https:\/\/sport-index.fr\/blog\/?s={search_term_string}"},"query-input":{"@type":"PropertyValueSpecification","valueRequired":true,"valueName":"search_term_string"}}],"inLanguage":"fr-FR"},{"@type":"Organization","@id":"https:\/\/sport-index.fr\/blog\/#organization","name":"Foretsensations.fr","url":"https:\/\/sport-index.fr\/blog\/","logo":{"@type":"ImageObject","inLanguage":"fr-FR","@id":"https:\/\/sport-index.fr\/blog\/#\/schema\/logo\/image\/","url":"https:\/\/sport-index.fr\/blog\/wp-content\/uploads\/2026\/07\/logo-auto.png","contentUrl":"https:\/\/sport-index.fr\/blog\/wp-content\/uploads\/2026\/07\/logo-auto.png","width":1024,"height":1024,"caption":"Foretsensations.fr"},"image":{"@id":"https:\/\/sport-index.fr\/blog\/#\/schema\/logo\/image\/"}},{"@type":"Person","@id":"https:\/\/sport-index.fr\/blog\/#\/schema\/person\/3c864cdc320801e3db34b663e7e3f816","name":"Axel Lauzier","image":{"@type":"ImageObject","inLanguage":"fr-FR","@id":"https:\/\/sport-index.fr\/blog\/#\/schema\/person\/image\/","url":"https:\/\/sport-index.fr\/blog\/wp-content\/uploads\/2026\/06\/persona_axel-l-96x96.jpg","contentUrl":"https:\/\/sport-index.fr\/blog\/wp-content\/uploads\/2026\/06\/persona_axel-l-96x96.jpg","caption":"Axel Lauzier"},"description":"Le sport rythme mon quotidien depuis l'enfance, et j'en ai fait mon m\u00e9tier d'analyste r\u00e9dactionnel il y a une dizaine d'ann\u00e9es. Je couvre principalement le football, son actualit\u00e9, ses transferts et l'analyse tactique des grandes affiches, mais aussi les disciplines plus confidentielles que j'aime remettre en lumi\u00e8re. Une partie de mon travail porte sur les pronostics et la lecture statistique d'un match : forme des \u00e9quipes, historique des confrontations, compositions, sans jamais vendre de fausse certitude. Je rappelle syst\u00e9matiquement que parier comporte un risque et doit rester un loisir ma\u00eetris\u00e9. Avant de signer une analyse, je v\u00e9rifie mes chiffres, je recoupe les compositions probables et je distingue toujours la donn\u00e9e brute de l'intuition. Mon objectif : offrir une lecture honn\u00eate et argument\u00e9e, pas un ticket gagnant garanti.","sameAs":["https:\/\/axellauzier.fr\/"],"url":"https:\/\/sport-index.fr\/blog\/auteur\/noname\/"}]}},"_links":{"self":[{"href":"https:\/\/sport-index.fr\/blog\/wp-json\/wp\/v2\/posts\/12859","targetHints":{"allow":["GET"]}}],"collection":[{"href":"https:\/\/sport-index.fr\/blog\/wp-json\/wp\/v2\/posts"}],"about":[{"href":"https:\/\/sport-index.fr\/blog\/wp-json\/wp\/v2\/types\/post"}],"author":[{"embeddable":true,"href":"https:\/\/sport-index.fr\/blog\/wp-json\/wp\/v2\/users\/34"}],"replies":[{"embeddable":true,"href":"https:\/\/sport-index.fr\/blog\/wp-json\/wp\/v2\/comments?post=12859"}],"version-history":[{"count":1,"href":"https:\/\/sport-index.fr\/blog\/wp-json\/wp\/v2\/posts\/12859\/revisions"}],"predecessor-version":[{"id":12873,"href":"https:\/\/sport-index.fr\/blog\/wp-json\/wp\/v2\/posts\/12859\/revisions\/12873"}],"wp:featuredmedia":[{"embeddable":true,"href":"https:\/\/sport-index.fr\/blog\/wp-json\/wp\/v2\/media\/15391"}],"wp:attachment":[{"href":"https:\/\/sport-index.fr\/blog\/wp-json\/wp\/v2\/media?parent=12859"}],"wp:term":[{"taxonomy":"category","embeddable":true,"href":"https:\/\/sport-index.fr\/blog\/wp-json\/wp\/v2\/categories?post=12859"},{"taxonomy":"post_tag","embeddable":true,"href":"https:\/\/sport-index.fr\/blog\/wp-json\/wp\/v2\/tags?post=12859"}],"curies":[{"name":"wp","href":"https:\/\/api.w.org\/{rel}","templated":true}]}}