{"id":12880,"date":"2025-04-01T21:58:28","date_gmt":"2025-04-01T19:58:28","guid":{"rendered":"https:\/\/sport-index.fr\/blog\/?p=12880"},"modified":"2025-04-01T21:58:28","modified_gmt":"2025-04-01T19:58:28","slug":"joel-merkler-prolonge-avec-le-stade-toulousain-un-engagement-fort-pour-lavenir","status":"publish","type":"post","link":"https:\/\/sport-index.fr\/blog\/a-la-une\/joel-merkler-prolonge-avec-le-stade-toulousain-un-engagement-fort-pour-lavenir\/","title":{"rendered":"Jo\u00ebl Merkler prolonge avec le Stade Toulousain : un engagement fort pour l&rsquo;avenir"},"content":{"rendered":"<h2>Un projet \u00e0 long terme pour le Stade Toulousain<\/h2>\n<p>Le Stade Toulousain a r\u00e9cemment annonc\u00e9 une prolongation marquante avec son pilier droit, Jo\u00ebl Merkler. \u00c0 seulement 23 ans, Merkler s&rsquo;engage avec le club jusqu&rsquo;en 2028, une d\u00e9cision qui t\u00e9moigne de la confiance du club en ses capacit\u00e9s. Ce choix strat\u00e9gique permet au Stade de renforcer son effectif pour les saisons \u00e0 venir.<\/p>\n<p>Merkler a \u00e9t\u00e9 un \u00e9l\u00e9ment cl\u00e9 de l\u2019\u00e9quipe cette saison, participant \u00e0 une vingtaine de matchs, dont cinq en tant que titulaire. Avec deux essais marqu\u00e9s, il a prouv\u00e9 son importance sur le terrain, notamment lors de la rencontre r\u00e9cente contre la Section paloise. Ce contrat \u00e0 long terme souligne les ambitions du Stade Toulousain d&rsquo;int\u00e9grer de jeunes talents tout en b\u00e2tissant une \u00e9quipe comp\u00e9titive.<\/p>\n<h2>Un parcours prometteur dans le rugby international<\/h2>\n<p>Originaire de Sant Cugat del Vall\u00e8s en Catalogne, Merkler a \u00e9galement fait son retour avec l&rsquo;\u00e9quipe nationale espagnole, accumulant huit s\u00e9lections. Ce retour est d&rsquo;autant plus significatif qu&rsquo;il vise \u00e0 participer \u00e0 la Coupe du Monde 2027, o\u00f9 l&rsquo;Espagne esp\u00e8re briller apr\u00e8s avoir valid\u00e9 son ticket pour l&rsquo;Australie. Les performances de Merkler en club devraient lui permettre de continuer \u00e0 \u00e9voluer au plus haut niveau.<\/p>\n<p>Son engagement avec l&rsquo;\u00e9quipe nationale t\u00e9moigne de sa d\u00e9termination et de son d\u00e9sir d&rsquo;atteindre de nouveaux sommets. En parall\u00e8le de sa carri\u00e8re sportive, il jongle avec ses \u00e9tudes, un \u00e9quilibre qu&rsquo;il g\u00e8re avec brio. Cette dualit\u00e9 entre sport et \u00e9tudes lui permettra de se pr\u00e9parer \u00e0 un avenir prometteur, tant sur le terrain qu&rsquo;en dehors.<\/p>\n<h2>Jo\u00ebl Merkler : un joueur au service de son club et de sa formation<\/h2>\n<p>Merkler n&rsquo;est pas seulement un joueur talentueux, mais aussi un \u00e9tudiant assidu. Actuellement, il poursuit un Master \u00e0 Sciences Po Toulouse, avec une sp\u00e9cialisation \u00e0 l&rsquo;\u00e9cole TBS. Son investissement dans l&rsquo;\u00e9ducation montre qu&rsquo;il est conscient des enjeux qui d\u00e9passent le rugby et qu&rsquo;il se pr\u00e9pare \u00e0 un avenir professionnel diversifi\u00e9.<\/p>\n<p>Le Stade Toulousain a soulign\u00e9 l&rsquo;importance de cette d\u00e9marche dans son communiqu\u00e9. La volont\u00e9 de Merkler de se former en relations internationales est un atout qui pourrait b\u00e9n\u00e9ficier au club \u00e0 long terme. Les supporters peuvent \u00eatre assur\u00e9s que leur pilier droit est non seulement un talent sur le terrain, mais \u00e9galement un futur leader en dehors.<\/p>\n<ul>\n<li>Prolongation de contrat jusqu&rsquo;en 2028<\/li>\n<li>Participation \u00e0 20 matchs cette saison<\/li>\n<li>Retour en s\u00e9lection espagnole avec 8 capes<\/li>\n<li>Engagement dans un Master \u00e0 Sciences Po Toulouse<\/li>\n<li>Objectif : Coupe du Monde 2027 en Australie<\/li>\n<\/ul>\n<blockquote>\n<p lang=\"fr\" dir=\"ltr\">En Rouge et Noir depuis Crabos, et jusqu&rsquo;en 2028 \ud83d\udd34\u26ab<\/p>\n<p>Jo\u00ebl Merkler prolonge au Stade Toulousain \ud83d\ude4c<\/p>\n<p>Axe 3\ufe0f\u20e3 : Grandir avec sa formation #Trajectoire2027 pic.twitter.com\/2zNqsLxNpB<\/p>\n<p>\u2014 Stade Toulousain (@StadeToulousain) April 1, 2025\n<\/p><\/blockquote>\n<p>L&rsquo;avenir s&rsquo;annonce radieux pour Jo\u00ebl Merkler et le Stade Toulousain. Cette prolongation de contrat est un pas significatif vers la construction d&rsquo;une \u00e9quipe solide et comp\u00e9titive, pr\u00eate \u00e0 relever de nouveaux d\u00e9fis. Les supporters peuvent se r\u00e9jouir de voir un jeune talent s&rsquo;\u00e9panouir dans leur club, tout en poursuivant ses ambitions acad\u00e9miques.<\/p>\n","protected":false},"excerpt":{"rendered":"","protected":false},"author":34,"featured_media":15382,"comment_status":"open","ping_status":"open","sticky":false,"template":"","format":"standard","meta":{"_acf_changed":false,"manual_indexmenow":false,"indexmenow_id_project":0,"footnotes":""},"categories":[1],"tags":[4619,4561,4563,5139,4554],"class_list":["post-12880","post","type-post","status-publish","format-standard","has-post-thumbnail","hentry","category-a-la-une","tag-developpement-personnel","tag-gestion-des-talents","tag-performance-athletique","tag-stade-toulousain","tag-xv-de-france","generate-columns","tablet-grid-50","mobile-grid-100","grid-parent","grid-25"],"acf":[],"yoast_head":"<!-- This site is optimized with the Yoast SEO Premium plugin v21.3 (Yoast SEO v26.5) - https:\/\/yoast.com\/wordpress\/plugins\/seo\/ -->\n<title>Jo\u00ebl Merkler prolonge avec le Stade Toulousain<\/title>\n<meta name=\"description\" content=\"Un projet \u00e0 long terme pour le Stade Toulousain Le Stade Toulousain a r\u00e9cemment annonc\u00e9 une prolongation marquante avec son pilier droit, Jo\u00ebl Merkler. \u00c0\u2026\" \/>\n<meta name=\"robots\" content=\"index, follow, max-snippet:-1, max-image-preview:large, max-video-preview:-1\" \/>\n<link rel=\"canonical\" href=\"https:\/\/sport-index.fr\/blog\/a-la-une\/joel-merkler-prolonge-avec-le-stade-toulousain-un-engagement-fort-pour-lavenir\/\" \/>\n<meta property=\"og:locale\" content=\"fr_FR\" \/>\n<meta property=\"og:type\" content=\"article\" \/>\n<meta property=\"og:title\" content=\"Jo\u00ebl Merkler prolonge avec le Stade Toulousain\" \/>\n<meta property=\"og:description\" content=\"Un projet \u00e0 long terme pour le Stade Toulousain Le Stade Toulousain a r\u00e9cemment annonc\u00e9 une prolongation marquante avec son pilier droit, Jo\u00ebl Merkler. \u00c0\u2026\" \/>\n<meta property=\"og:url\" content=\"https:\/\/sport-index.fr\/blog\/a-la-une\/joel-merkler-prolonge-avec-le-stade-toulousain-un-engagement-fort-pour-lavenir\/\" \/>\n<meta property=\"og:site_name\" content=\"sport-index\" \/>\n<meta name=\"author\" content=\"Axel Lauzier\" \/>\n<meta name=\"twitter:card\" content=\"summary_large_image\" \/>\n<script type=\"application\/ld+json\" class=\"yoast-schema-graph\">{\"@context\":\"https:\/\/schema.org\",\"@graph\":[{\"@type\":\"NewsArticle\",\"@id\":\"https:\/\/sport-index.fr\/blog\/a-la-une\/joel-merkler-prolonge-avec-le-stade-toulousain-un-engagement-fort-pour-lavenir\/#article\",\"isPartOf\":{\"@id\":\"https:\/\/sport-index.fr\/blog\/a-la-une\/joel-merkler-prolonge-avec-le-stade-toulousain-un-engagement-fort-pour-lavenir\/\"},\"author\":{\"name\":\"Axel Lauzier\",\"@id\":\"https:\/\/sport-index.fr\/blog\/#\/schema\/person\/3c864cdc320801e3db34b663e7e3f816\"},\"headline\":\"Jo\u00ebl Merkler prolonge avec le Stade Toulousain : un engagement fort pour l&rsquo;avenir\",\"datePublished\":\"2025-04-01T19:58:28+00:00\",\"mainEntityOfPage\":{\"@id\":\"https:\/\/sport-index.fr\/blog\/a-la-une\/joel-merkler-prolonge-avec-le-stade-toulousain-un-engagement-fort-pour-lavenir\/\"},\"wordCount\":542,\"commentCount\":22,\"publisher\":{\"@id\":\"https:\/\/sport-index.fr\/blog\/#organization\"},\"image\":{\"@id\":\"https:\/\/sport-index.fr\/blog\/a-la-une\/joel-merkler-prolonge-avec-le-stade-toulousain-un-engagement-fort-pour-lavenir\/#primaryimage\"},\"thumbnailUrl\":\"https:\/\/sport-index.fr\/blog\/wp-content\/uploads\/2025\/05\/sdxl-2869d8071d4f009c5c734d2a26ad2bfd-scaled.png\",\"keywords\":[\"D\u00e9veloppement personnel\",\"Gestion des Talents\",\"Performance Athl\u00e9tique\",\"Stade Toulousain\",\"XV de France\"],\"articleSection\":[\"\u00c0 la une\"],\"inLanguage\":\"fr-FR\",\"potentialAction\":[{\"@type\":\"CommentAction\",\"name\":\"Comment\",\"target\":[\"https:\/\/sport-index.fr\/blog\/a-la-une\/joel-merkler-prolonge-avec-le-stade-toulousain-un-engagement-fort-pour-lavenir\/#respond\"]}]},{\"@type\":\"WebPage\",\"@id\":\"https:\/\/sport-index.fr\/blog\/a-la-une\/joel-merkler-prolonge-avec-le-stade-toulousain-un-engagement-fort-pour-lavenir\/\",\"url\":\"https:\/\/sport-index.fr\/blog\/a-la-une\/joel-merkler-prolonge-avec-le-stade-toulousain-un-engagement-fort-pour-lavenir\/\",\"name\":\"Jo\u00ebl Merkler prolonge avec le Stade Toulousain\",\"isPartOf\":{\"@id\":\"https:\/\/sport-index.fr\/blog\/#website\"},\"primaryImageOfPage\":{\"@id\":\"https:\/\/sport-index.fr\/blog\/a-la-une\/joel-merkler-prolonge-avec-le-stade-toulousain-un-engagement-fort-pour-lavenir\/#primaryimage\"},\"image\":{\"@id\":\"https:\/\/sport-index.fr\/blog\/a-la-une\/joel-merkler-prolonge-avec-le-stade-toulousain-un-engagement-fort-pour-lavenir\/#primaryimage\"},\"thumbnailUrl\":\"https:\/\/sport-index.fr\/blog\/wp-content\/uploads\/2025\/05\/sdxl-2869d8071d4f009c5c734d2a26ad2bfd-scaled.png\",\"datePublished\":\"2025-04-01T19:58:28+00:00\",\"description\":\"Un projet \u00e0 long terme pour le Stade Toulousain Le Stade Toulousain a r\u00e9cemment annonc\u00e9 une prolongation marquante avec son pilier droit, Jo\u00ebl Merkler. \u00c0\u2026\",\"inLanguage\":\"fr-FR\",\"potentialAction\":[{\"@type\":\"ReadAction\",\"target\":[\"https:\/\/sport-index.fr\/blog\/a-la-une\/joel-merkler-prolonge-avec-le-stade-toulousain-un-engagement-fort-pour-lavenir\/\"]}]},{\"@type\":\"ImageObject\",\"inLanguage\":\"fr-FR\",\"@id\":\"https:\/\/sport-index.fr\/blog\/a-la-une\/joel-merkler-prolonge-avec-le-stade-toulousain-un-engagement-fort-pour-lavenir\/#primaryimage\",\"url\":\"https:\/\/sport-index.fr\/blog\/wp-content\/uploads\/2025\/05\/sdxl-2869d8071d4f009c5c734d2a26ad2bfd-scaled.png\",\"contentUrl\":\"https:\/\/sport-index.fr\/blog\/wp-content\/uploads\/2025\/05\/sdxl-2869d8071d4f009c5c734d2a26ad2bfd-scaled.png\",\"width\":1200,\"height\":500},{\"@type\":\"WebSite\",\"@id\":\"https:\/\/sport-index.fr\/blog\/#website\",\"url\":\"https:\/\/sport-index.fr\/blog\/\",\"name\":\"sport-index.fr\",\"description\":\"Le score de l\u2019analyse sportive.\",\"publisher\":{\"@id\":\"https:\/\/sport-index.fr\/blog\/#organization\"},\"alternateName\":\"Le score de l\u2019analyse sportive.\",\"potentialAction\":[{\"@type\":\"SearchAction\",\"target\":{\"@type\":\"EntryPoint\",\"urlTemplate\":\"https:\/\/sport-index.fr\/blog\/?s={search_term_string}\"},\"query-input\":{\"@type\":\"PropertyValueSpecification\",\"valueRequired\":true,\"valueName\":\"search_term_string\"}}],\"inLanguage\":\"fr-FR\"},{\"@type\":\"Organization\",\"@id\":\"https:\/\/sport-index.fr\/blog\/#organization\",\"name\":\"Foretsensations.fr\",\"url\":\"https:\/\/sport-index.fr\/blog\/\",\"logo\":{\"@type\":\"ImageObject\",\"inLanguage\":\"fr-FR\",\"@id\":\"https:\/\/sport-index.fr\/blog\/#\/schema\/logo\/image\/\",\"url\":\"https:\/\/sport-index.fr\/blog\/wp-content\/uploads\/2026\/07\/logo-auto.png\",\"contentUrl\":\"https:\/\/sport-index.fr\/blog\/wp-content\/uploads\/2026\/07\/logo-auto.png\",\"width\":1024,\"height\":1024,\"caption\":\"Foretsensations.fr\"},\"image\":{\"@id\":\"https:\/\/sport-index.fr\/blog\/#\/schema\/logo\/image\/\"}},{\"@type\":\"Person\",\"@id\":\"https:\/\/sport-index.fr\/blog\/#\/schema\/person\/3c864cdc320801e3db34b663e7e3f816\",\"name\":\"Axel Lauzier\",\"image\":{\"@type\":\"ImageObject\",\"inLanguage\":\"fr-FR\",\"@id\":\"https:\/\/sport-index.fr\/blog\/#\/schema\/person\/image\/\",\"url\":\"https:\/\/sport-index.fr\/blog\/wp-content\/uploads\/2026\/06\/persona_axel-l-96x96.jpg\",\"contentUrl\":\"https:\/\/sport-index.fr\/blog\/wp-content\/uploads\/2026\/06\/persona_axel-l-96x96.jpg\",\"caption\":\"Axel Lauzier\"},\"description\":\"Le sport rythme mon quotidien depuis l'enfance, et j'en ai fait mon m\u00e9tier d'analyste r\u00e9dactionnel il y a une dizaine d'ann\u00e9es. Je couvre principalement le football, son actualit\u00e9, ses transferts et l'analyse tactique des grandes affiches, mais aussi les disciplines plus confidentielles que j'aime remettre en lumi\u00e8re. Une partie de mon travail porte sur les pronostics et la lecture statistique d'un match : forme des \u00e9quipes, historique des confrontations, compositions, sans jamais vendre de fausse certitude. Je rappelle syst\u00e9matiquement que parier comporte un risque et doit rester un loisir ma\u00eetris\u00e9. Avant de signer une analyse, je v\u00e9rifie mes chiffres, je recoupe les compositions probables et je distingue toujours la donn\u00e9e brute de l'intuition. Mon objectif : offrir une lecture honn\u00eate et argument\u00e9e, pas un ticket gagnant garanti.\",\"sameAs\":[\"https:\/\/axellauzier.fr\/\"],\"url\":\"https:\/\/sport-index.fr\/blog\/auteur\/noname\/\"}]}<\/script>\n<!-- \/ Yoast SEO Premium plugin. -->","yoast_head_json":{"title":"Jo\u00ebl Merkler prolonge avec le Stade Toulousain","description":"Un projet \u00e0 long terme pour le Stade Toulousain Le Stade Toulousain a r\u00e9cemment annonc\u00e9 une prolongation marquante avec son pilier droit, Jo\u00ebl Merkler. \u00c0\u2026","robots":{"index":"index","follow":"follow","max-snippet":"max-snippet:-1","max-image-preview":"max-image-preview:large","max-video-preview":"max-video-preview:-1"},"canonical":"https:\/\/sport-index.fr\/blog\/a-la-une\/joel-merkler-prolonge-avec-le-stade-toulousain-un-engagement-fort-pour-lavenir\/","og_locale":"fr_FR","og_type":"article","og_title":"Jo\u00ebl Merkler prolonge avec le Stade Toulousain","og_description":"Un projet \u00e0 long terme pour le Stade Toulousain Le Stade Toulousain a r\u00e9cemment annonc\u00e9 une prolongation marquante avec son pilier droit, Jo\u00ebl Merkler. \u00c0\u2026","og_url":"https:\/\/sport-index.fr\/blog\/a-la-une\/joel-merkler-prolonge-avec-le-stade-toulousain-un-engagement-fort-pour-lavenir\/","og_site_name":"sport-index","author":"Axel Lauzier","twitter_card":"summary_large_image","schema":{"@context":"https:\/\/schema.org","@graph":[{"@type":"NewsArticle","@id":"https:\/\/sport-index.fr\/blog\/a-la-une\/joel-merkler-prolonge-avec-le-stade-toulousain-un-engagement-fort-pour-lavenir\/#article","isPartOf":{"@id":"https:\/\/sport-index.fr\/blog\/a-la-une\/joel-merkler-prolonge-avec-le-stade-toulousain-un-engagement-fort-pour-lavenir\/"},"author":{"name":"Axel Lauzier","@id":"https:\/\/sport-index.fr\/blog\/#\/schema\/person\/3c864cdc320801e3db34b663e7e3f816"},"headline":"Jo\u00ebl Merkler prolonge avec le Stade Toulousain : un engagement fort pour l&rsquo;avenir","datePublished":"2025-04-01T19:58:28+00:00","mainEntityOfPage":{"@id":"https:\/\/sport-index.fr\/blog\/a-la-une\/joel-merkler-prolonge-avec-le-stade-toulousain-un-engagement-fort-pour-lavenir\/"},"wordCount":542,"commentCount":22,"publisher":{"@id":"https:\/\/sport-index.fr\/blog\/#organization"},"image":{"@id":"https:\/\/sport-index.fr\/blog\/a-la-une\/joel-merkler-prolonge-avec-le-stade-toulousain-un-engagement-fort-pour-lavenir\/#primaryimage"},"thumbnailUrl":"https:\/\/sport-index.fr\/blog\/wp-content\/uploads\/2025\/05\/sdxl-2869d8071d4f009c5c734d2a26ad2bfd-scaled.png","keywords":["D\u00e9veloppement personnel","Gestion des Talents","Performance Athl\u00e9tique","Stade Toulousain","XV de France"],"articleSection":["\u00c0 la une"],"inLanguage":"fr-FR","potentialAction":[{"@type":"CommentAction","name":"Comment","target":["https:\/\/sport-index.fr\/blog\/a-la-une\/joel-merkler-prolonge-avec-le-stade-toulousain-un-engagement-fort-pour-lavenir\/#respond"]}]},{"@type":"WebPage","@id":"https:\/\/sport-index.fr\/blog\/a-la-une\/joel-merkler-prolonge-avec-le-stade-toulousain-un-engagement-fort-pour-lavenir\/","url":"https:\/\/sport-index.fr\/blog\/a-la-une\/joel-merkler-prolonge-avec-le-stade-toulousain-un-engagement-fort-pour-lavenir\/","name":"Jo\u00ebl Merkler prolonge avec le Stade Toulousain","isPartOf":{"@id":"https:\/\/sport-index.fr\/blog\/#website"},"primaryImageOfPage":{"@id":"https:\/\/sport-index.fr\/blog\/a-la-une\/joel-merkler-prolonge-avec-le-stade-toulousain-un-engagement-fort-pour-lavenir\/#primaryimage"},"image":{"@id":"https:\/\/sport-index.fr\/blog\/a-la-une\/joel-merkler-prolonge-avec-le-stade-toulousain-un-engagement-fort-pour-lavenir\/#primaryimage"},"thumbnailUrl":"https:\/\/sport-index.fr\/blog\/wp-content\/uploads\/2025\/05\/sdxl-2869d8071d4f009c5c734d2a26ad2bfd-scaled.png","datePublished":"2025-04-01T19:58:28+00:00","description":"Un projet \u00e0 long terme pour le Stade Toulousain Le Stade Toulousain a r\u00e9cemment annonc\u00e9 une prolongation marquante avec son pilier droit, Jo\u00ebl Merkler. \u00c0\u2026","inLanguage":"fr-FR","potentialAction":[{"@type":"ReadAction","target":["https:\/\/sport-index.fr\/blog\/a-la-une\/joel-merkler-prolonge-avec-le-stade-toulousain-un-engagement-fort-pour-lavenir\/"]}]},{"@type":"ImageObject","inLanguage":"fr-FR","@id":"https:\/\/sport-index.fr\/blog\/a-la-une\/joel-merkler-prolonge-avec-le-stade-toulousain-un-engagement-fort-pour-lavenir\/#primaryimage","url":"https:\/\/sport-index.fr\/blog\/wp-content\/uploads\/2025\/05\/sdxl-2869d8071d4f009c5c734d2a26ad2bfd-scaled.png","contentUrl":"https:\/\/sport-index.fr\/blog\/wp-content\/uploads\/2025\/05\/sdxl-2869d8071d4f009c5c734d2a26ad2bfd-scaled.png","width":1200,"height":500},{"@type":"WebSite","@id":"https:\/\/sport-index.fr\/blog\/#website","url":"https:\/\/sport-index.fr\/blog\/","name":"sport-index.fr","description":"Le score de l\u2019analyse sportive.","publisher":{"@id":"https:\/\/sport-index.fr\/blog\/#organization"},"alternateName":"Le score de l\u2019analyse sportive.","potentialAction":[{"@type":"SearchAction","target":{"@type":"EntryPoint","urlTemplate":"https:\/\/sport-index.fr\/blog\/?s={search_term_string}"},"query-input":{"@type":"PropertyValueSpecification","valueRequired":true,"valueName":"search_term_string"}}],"inLanguage":"fr-FR"},{"@type":"Organization","@id":"https:\/\/sport-index.fr\/blog\/#organization","name":"Foretsensations.fr","url":"https:\/\/sport-index.fr\/blog\/","logo":{"@type":"ImageObject","inLanguage":"fr-FR","@id":"https:\/\/sport-index.fr\/blog\/#\/schema\/logo\/image\/","url":"https:\/\/sport-index.fr\/blog\/wp-content\/uploads\/2026\/07\/logo-auto.png","contentUrl":"https:\/\/sport-index.fr\/blog\/wp-content\/uploads\/2026\/07\/logo-auto.png","width":1024,"height":1024,"caption":"Foretsensations.fr"},"image":{"@id":"https:\/\/sport-index.fr\/blog\/#\/schema\/logo\/image\/"}},{"@type":"Person","@id":"https:\/\/sport-index.fr\/blog\/#\/schema\/person\/3c864cdc320801e3db34b663e7e3f816","name":"Axel Lauzier","image":{"@type":"ImageObject","inLanguage":"fr-FR","@id":"https:\/\/sport-index.fr\/blog\/#\/schema\/person\/image\/","url":"https:\/\/sport-index.fr\/blog\/wp-content\/uploads\/2026\/06\/persona_axel-l-96x96.jpg","contentUrl":"https:\/\/sport-index.fr\/blog\/wp-content\/uploads\/2026\/06\/persona_axel-l-96x96.jpg","caption":"Axel Lauzier"},"description":"Le sport rythme mon quotidien depuis l'enfance, et j'en ai fait mon m\u00e9tier d'analyste r\u00e9dactionnel il y a une dizaine d'ann\u00e9es. Je couvre principalement le football, son actualit\u00e9, ses transferts et l'analyse tactique des grandes affiches, mais aussi les disciplines plus confidentielles que j'aime remettre en lumi\u00e8re. Une partie de mon travail porte sur les pronostics et la lecture statistique d'un match : forme des \u00e9quipes, historique des confrontations, compositions, sans jamais vendre de fausse certitude. Je rappelle syst\u00e9matiquement que parier comporte un risque et doit rester un loisir ma\u00eetris\u00e9. Avant de signer une analyse, je v\u00e9rifie mes chiffres, je recoupe les compositions probables et je distingue toujours la donn\u00e9e brute de l'intuition. Mon objectif : offrir une lecture honn\u00eate et argument\u00e9e, pas un ticket gagnant garanti.","sameAs":["https:\/\/axellauzier.fr\/"],"url":"https:\/\/sport-index.fr\/blog\/auteur\/noname\/"}]}},"_links":{"self":[{"href":"https:\/\/sport-index.fr\/blog\/wp-json\/wp\/v2\/posts\/12880","targetHints":{"allow":["GET"]}}],"collection":[{"href":"https:\/\/sport-index.fr\/blog\/wp-json\/wp\/v2\/posts"}],"about":[{"href":"https:\/\/sport-index.fr\/blog\/wp-json\/wp\/v2\/types\/post"}],"author":[{"embeddable":true,"href":"https:\/\/sport-index.fr\/blog\/wp-json\/wp\/v2\/users\/34"}],"replies":[{"embeddable":true,"href":"https:\/\/sport-index.fr\/blog\/wp-json\/wp\/v2\/comments?post=12880"}],"version-history":[{"count":1,"href":"https:\/\/sport-index.fr\/blog\/wp-json\/wp\/v2\/posts\/12880\/revisions"}],"predecessor-version":[{"id":12900,"href":"https:\/\/sport-index.fr\/blog\/wp-json\/wp\/v2\/posts\/12880\/revisions\/12900"}],"wp:featuredmedia":[{"embeddable":true,"href":"https:\/\/sport-index.fr\/blog\/wp-json\/wp\/v2\/media\/15382"}],"wp:attachment":[{"href":"https:\/\/sport-index.fr\/blog\/wp-json\/wp\/v2\/media?parent=12880"}],"wp:term":[{"taxonomy":"category","embeddable":true,"href":"https:\/\/sport-index.fr\/blog\/wp-json\/wp\/v2\/categories?post=12880"},{"taxonomy":"post_tag","embeddable":true,"href":"https:\/\/sport-index.fr\/blog\/wp-json\/wp\/v2\/tags?post=12880"}],"curies":[{"name":"wp","href":"https:\/\/api.w.org\/{rel}","templated":true}]}}