{"id":12914,"date":"2026-05-22T02:55:01","date_gmt":"2026-05-22T00:55:01","guid":{"rendered":"https:\/\/sport-index.fr\/blog\/?p=12914"},"modified":"2026-05-22T02:55:01","modified_gmt":"2026-05-22T00:55:01","slug":"un-coup-dur-pour-lusap-tom-ecochard-blesse-et-lequipe-en-difficulte","status":"publish","type":"post","link":"https:\/\/sport-index.fr\/blog\/a-la-une\/un-coup-dur-pour-lusap-tom-ecochard-blesse-et-lequipe-en-difficulte\/","title":{"rendered":"Un coup dur pour l\u2019USAP : Tom \u00c9cochard bless\u00e9 et l&rsquo;\u00e9quipe en difficult\u00e9"},"content":{"rendered":"<p><strong>Mauvaise nouvelle pour l&rsquo;USAP et pour Tom \u00c9cochard.<\/strong> Le demi de m\u00eal\u00e9e international, sorti pr\u00e9matur\u00e9ment lors de la r\u00e9ception de Vannes, souffre d&rsquo;une fracture \u00e0 l&rsquo;omoplate qui le tiendra \u00e9loign\u00e9 des terrains durant plusieurs semaines. Dans une \u00e9quipe catalane d\u00e9j\u00e0 d\u00e9cim\u00e9e par les blessures, ce contretemps prend des allures de coup de massue \u00e0 un moment charni\u00e8re de la saison.<\/p>\n\n<div class=\"gb-container gb-container-refresh-callout-12914\" style=\"background-color:#fff7ed;border-top:4px solid #ea580c;padding:22px 26px;margin:24px 0 28px;border-radius:6px\">\n<p style=\"margin:0 0 8px;font-weight:700;text-transform:uppercase;letter-spacing:0.04em;color:#9a3412;font-size:13px\">\u00c0 retenir<\/p>\n<ul style=\"margin:0;padding-left:20px;line-height:1.55\">\n<li>Tom \u00c9cochard est <strong>indisponible plusieurs semaines<\/strong> apr\u00e8s une fracture \u00e0 l&rsquo;omoplate.<\/li>\n<li>L&rsquo;USAP enregistre d\u00e9j\u00e0 les absences de Tuilagi, Van Tonder, Aucagne, Crossdale et Dubois.<\/li>\n<li>James Hall et Gela Aprasidze sont les <strong>candidats naturels<\/strong> au poste de demi de m\u00eal\u00e9e.<\/li>\n<li>Sadek Deghmache, pr\u00eat\u00e9 \u00e0 Colomiers, pourrait \u00eatre rappel\u00e9 pour renforcer l&rsquo;effectif.<\/li>\n<li>L&rsquo;enjeu : ne pas perdre pied dans le maintien en Top 14 pendant la convalescence.<\/li>\n<\/ul>\n<\/div>\n\n<h2>Une blessure inattendue pour Tom \u00c9cochard<\/h2>\n<p>\u00c0 32 ans, le demi de m\u00eal\u00e9e a annonc\u00e9 sur ses r\u00e9seaux sociaux qu&rsquo;il souffre d&rsquo;une fracture \u00e0 l&rsquo;omoplate, un coup dur pour une \u00e9quipe d\u00e9j\u00e0 affaiblie. Son d\u00e9part, survenu en plein match contre Vannes, laisse un vide difficile \u00e0 combler. Le diagnostic est tomb\u00e9 quelques heures apr\u00e8s la rencontre, confirmant ce que le staff m\u00e9dical redoutait : l&rsquo;os de l&rsquo;\u00e9paule a c\u00e9d\u00e9 sous l&rsquo;impact, et aucune solution chirurgicale ne raccourcira la phase d&rsquo;immobilisation.<\/p>\n<p>\u00c9cochard a exprim\u00e9 son soutien \u00e0 ses co\u00e9quipiers dans un message touchant : <blockquote>\u00ab\u00a0De tout c\u0153ur avec les copains pour les prochaines \u00e9ch\u00e9ances et pr\u00eat \u00e0 revenir pour la fin de saison.\u00a0\u00bb<\/blockquote> Sa d\u00e9termination \u00e0 revenir sur le terrain est un signal positif, mais la r\u00e9alit\u00e9 de sa blessure n\u00e9cessite un temps de r\u00e9tablissement. En attendant, l&rsquo;USAP doit faire face \u00e0 un d\u00e9fi majeur dans ses prochaines rencontres.<\/p>\n<p>Pour un joueur dont le r\u00f4le est pr\u00e9cis\u00e9ment de relancer le jeu et d&rsquo;orchestrer les phases offensives, un tel arr\u00eat forc\u00e9 est doublement frustrant. Le calendrier de reprise d\u00e9pendra de la qualit\u00e9 de la consolidation osseuse, des examens d&rsquo;imagerie de contr\u00f4le et de la capacit\u00e9 \u00e0 recharger l&rsquo;\u00e9paule sans risque de r\u00e9cidive \u2014 un protocole qui r\u00e9clame souvent six \u00e0 dix semaines pour ce type de fracture.<\/p>\n<h2>Des absences qui s&rsquo;accumulent au pire moment<\/h2>\n<p>L&rsquo;USAP n&rsquo;est pas \u00e9trang\u00e8re aux blessures cette saison, et l&rsquo;absence de Tom \u00c9cochard ne fait qu&rsquo;ajouter \u00e0 une liste d\u00e9j\u00e0 longue. D&rsquo;autres joueurs tels que Tuilagi, Van Tonder, Aucagne, Crossdale et Dubois sont \u00e9galement sur la touche, rendant la situation d&rsquo;autant plus pr\u00e9occupante pour l&rsquo;\u00e9quipe catalane. Chaque match devient une lutte pour maintenir leur position dans le Top 14 malgr\u00e9 cette adversit\u00e9.<\/p>\n<p>Ce contexte difficile met en lumi\u00e8re l&rsquo;importance du leadership sur le terrain. \u00c9cochard, en tant que demi de m\u00eal\u00e9e, joue un r\u00f4le crucial dans la dynamique de l&rsquo;\u00e9quipe. Sa capacit\u00e9 \u00e0 diriger et \u00e0 inspirer ses co\u00e9quipiers sera certainement manqu\u00e9e pendant sa convalescence, ce qui soul\u00e8ve des questions sur la capacit\u00e9 de l&rsquo;USAP \u00e0 performer sans lui.<\/p>\n<h3>Le panorama des indisponibilit\u00e9s c\u00f4t\u00e9 catalan<\/h3>\n<p>Au-del\u00e0 du seul cas \u00c9cochard, le staff doit jongler avec des profils tr\u00e8s diff\u00e9rents :<\/p>\n<ul>\n<li><strong>Tuilagi<\/strong> \u2014 puissance de p\u00e9n\u00e9tration dans les trois-quarts, difficilement rempla\u00e7able au centre.<\/li>\n<li><strong>Van Tonder<\/strong> \u2014 r\u00e9f\u00e9rence d\u00e9fensive et option en touche, son absence se ressent sur les ballons port\u00e9s.<\/li>\n<li><strong>Aucagne<\/strong> \u2014 couteau suisse du pack, sa polyvalence manquait d\u00e9j\u00e0 avant cette derni\u00e8re vague.<\/li>\n<li><strong>Crossdale<\/strong> \u2014 finisseur, sa vitesse aurait \u00e9t\u00e9 pr\u00e9cieuse sur les contre-attaques.<\/li>\n<li><strong>Dubois<\/strong> \u2014 un cadre de plus \u00e0 mettre au repos forc\u00e9.<\/li>\n<\/ul>\n<p>Cumul\u00e9es, ces cinq absences fragilisent \u00e0 la fois la premi\u00e8re ligne tactique et le banc, l\u00e0 o\u00f9 se gagnent traditionnellement les fins de match dans un championnat aussi exigeant que le Top 14.<\/p>\n<h2>Les alternatives pour le staff technique<\/h2>\n<p>Face \u00e0 cette situation, le staff technique de l&rsquo;USAP doit maintenant envisager des options de remplacement pour pallier l&rsquo;absence d&rsquo;\u00c9cochard. Le sud-africain James Hall, qui a d\u00e9j\u00e0 pris le relais lors du dernier match, semble \u00eatre le premier choix pour le poste de demi de m\u00eal\u00e9e. Son exp\u00e9rience pourrait s&rsquo;av\u00e9rer b\u00e9n\u00e9fique pour stabiliser l&rsquo;\u00e9quipe en cette p\u00e9riode tumultueuse.<\/p>\n<p>En parall\u00e8le, Gela Aprasidze, bien qu&rsquo;il ait eu peu de temps de jeu cette saison, pourrait \u00e9galement se voir offrir une chance de prouver sa valeur. De plus, Sadek Deghmache, actuellement pr\u00eat\u00e9 \u00e0 Colomiers, pourrait \u00eatre rappel\u00e9 pour renforcer l&rsquo;\u00e9quipe. Les dirigeants de l&rsquo;USAP devront prendre des d\u00e9cisions rapides et judicieuses pour ne pas compromettre la fin de saison.<\/p>\n<h3>Quel profil pour quel sc\u00e9nario ?<\/h3>\n<p>Le choix entre les trois alternatives n&rsquo;a rien d&rsquo;anodin. Voici la lecture la plus probable :<\/p>\n<ul>\n<li><strong>James Hall<\/strong> \u2014 solution de continuit\u00e9 imm\u00e9diate, d\u00e9j\u00e0 rod\u00e9 au syst\u00e8me de jeu de l&rsquo;USAP, id\u00e9al pour les matchs charni\u00e8res du maintien.<\/li>\n<li><strong>Gela Aprasidze<\/strong> \u2014 pari plus offensif, capable d&rsquo;apporter de l&rsquo;incertitude au pied de ruck, mais avec un temps d&rsquo;adaptation \u00e0 pr\u00e9voir.<\/li>\n<li><strong>Sadek Deghmache<\/strong> \u2014 option formation, un retour de pr\u00eat qui s\u00e9curise l&rsquo;effectif sans bloquer la rotation \u00e0 Colomiers s&rsquo;il revient sous conditions.<\/li>\n<\/ul>\n<p>La combinaison la plus probable consiste \u00e0 confier les titularisations \u00e0 Hall, \u00e0 laisser Aprasidze grappiller du temps de jeu en fin de match, et \u00e0 activer la clause Deghmache uniquement si une seconde tuile devait s&rsquo;abattre sur le poste.<\/p>\n<h2>FAQ : ce que les supporters veulent savoir<\/h2>\n<h3>Combien de temps Tom \u00c9cochard sera-t-il absent ?<\/h3>\n<p>Aucune date officielle n&rsquo;a \u00e9t\u00e9 communiqu\u00e9e par le club, mais une fracture \u00e0 l&rsquo;omoplate immobilise g\u00e9n\u00e9ralement entre six et dix semaines avant la reprise du contact. Le joueur lui-m\u00eame \u00e9voque un retour pour la fin de saison.<\/p>\n<h3>Qui remplace \u00c9cochard sur le terrain d\u00e8s le prochain match ?<\/h3>\n<p>Selon toute logique, James Hall conserve la titularisation. Il a d\u00e9j\u00e0 assur\u00e9 la fin de match face \u00e0 Vannes et conna\u00eet parfaitement les automatismes mis en place par le staff.<\/p>\n<h3>L&rsquo;USAP est-elle en danger pour le maintien en Top 14 ?<\/h3>\n<p>Le cumul des blessures fragilise ind\u00e9niablement les Catalans, mais l&rsquo;effectif reste comp\u00e9titif. Les prochains matchs face aux concurrents directs au maintien seront d\u00e9cisifs et orienteront la trajectoire de fin de saison.<\/p>\n<h3>Pourquoi ne pas faire revenir Sadek Deghmache imm\u00e9diatement ?<\/h3>\n<p>Le rappel d&rsquo;un joueur en pr\u00eat suppose un accord entre les deux clubs et un timing administratif. Le staff catalan pr\u00e9f\u00e8re probablement attendre de voir le rendement de Hall et Aprasidze avant d&rsquo;activer cette option.<\/p>\n<h3>\u00c9cochard pourra-t-il revenir au m\u00eame niveau apr\u00e8s sa blessure ?<\/h3>\n<p>Les fractures \u00e0 l&rsquo;omoplate cicatrisent g\u00e9n\u00e9ralement bien lorsque le protocole de r\u00e9\u00e9ducation est respect\u00e9. La phase de remusculation de la ceinture scapulaire conditionne le retour \u00e0 un niveau professionnel sans perte d&rsquo;explosivit\u00e9.<\/p>\n<ul>\n<li>Tom \u00c9cochard : bless\u00e9 \u00e0 l&rsquo;omoplate, un retour esp\u00e9r\u00e9 dans quelques semaines<\/li>\n<li>James Hall et Gela Aprasidze : les rempla\u00e7ants potentiels \u00e0 la m\u00eal\u00e9e<\/li>\n<li>Sadek Deghmache : un retour possible pour renforcer l&rsquo;\u00e9quipe<\/li>\n<li>Une \u00e9quipe d\u00e9j\u00e0 affaiblie par plusieurs absences au cours de la saison<\/li>\n<\/ul>\n<h2>Conclusion : un test de caract\u00e8re pour Perpignan<\/h2>\n<p>La situation actuelle de l&rsquo;USAP est une v\u00e9ritable \u00e9preuve pour le club et ses supporters. L&rsquo;inqui\u00e9tude grandit alors que les blessures mettent \u00e0 mal les ambitions de l&rsquo;\u00e9quipe en Top 14. L&rsquo;heure est \u00e0 la mobilisation, tant sur le terrain qu&rsquo;en dehors, pour soutenir l&rsquo;\u00e9quipe dans ces moments difficiles.<\/p>\n<p>Ces p\u00e9riodes charni\u00e8res sont aussi celles qui r\u00e9v\u00e8lent les groupes. Si Hall confirme, si Aprasidze saisit sa chance et si le collectif resserre les rangs, l&rsquo;absence d&rsquo;\u00c9cochard pourrait paradoxalement devenir un acc\u00e9l\u00e9rateur de maturit\u00e9 pour le vestiaire catalan. \u00c0 Aim\u00e9-Giral, on sait qu&rsquo;aucune fin de saison ne s&rsquo;\u00e9crit \u00e0 l&rsquo;avance \u2014 et que les Sang et Or se sont souvent transcend\u00e9s dans l&rsquo;adversit\u00e9.<\/p>\n","protected":false},"excerpt":{"rendered":"","protected":false},"author":34,"featured_media":16259,"comment_status":"open","ping_status":"open","sticky":false,"template":"","format":"standard","meta":{"_acf_changed":false,"manual_indexmenow":false,"indexmenow_id_project":0,"footnotes":""},"categories":[1],"tags":[5122,4544,4561,4543,4539],"class_list":["post-12914","post","type-post","status-publish","format-standard","has-post-thumbnail","hentry","category-a-la-une","tag-blessures","tag-equipe","tag-gestion-des-talents","tag-performance","tag-top-14","generate-columns","tablet-grid-50","mobile-grid-100","grid-parent","grid-25"],"acf":[],"yoast_head":"<!-- This site is optimized with the Yoast SEO Premium plugin v21.3 (Yoast SEO v26.5) - https:\/\/yoast.com\/wordpress\/plugins\/seo\/ -->\n<title>Un coup dur pour l\u2019USAP : Tom \u00c9cochard bless\u00e9 et l&#039;\u00e9quipe<\/title>\n<meta name=\"description\" content=\"Mauvaise nouvelle pour l&#039;USAP et pour Tom \u00c9cochard. Le demi de m\u00eal\u00e9e international, sorti pr\u00e9matur\u00e9ment lors de la r\u00e9ception de Vannes, souffre d&#039;une\u2026\" \/>\n<meta name=\"robots\" content=\"index, follow, max-snippet:-1, max-image-preview:large, max-video-preview:-1\" \/>\n<link rel=\"canonical\" href=\"https:\/\/sport-index.fr\/blog\/a-la-une\/un-coup-dur-pour-lusap-tom-ecochard-blesse-et-lequipe-en-difficulte\/\" \/>\n<meta property=\"og:locale\" content=\"fr_FR\" \/>\n<meta property=\"og:type\" content=\"article\" \/>\n<meta property=\"og:title\" content=\"Un coup dur pour l\u2019USAP : Tom \u00c9cochard bless\u00e9 et l&#039;\u00e9quipe\" \/>\n<meta property=\"og:description\" content=\"Mauvaise nouvelle pour l&#039;USAP et pour Tom \u00c9cochard. Le demi de m\u00eal\u00e9e international, sorti pr\u00e9matur\u00e9ment lors de la r\u00e9ception de Vannes, souffre d&#039;une\u2026\" \/>\n<meta property=\"og:url\" content=\"https:\/\/sport-index.fr\/blog\/a-la-une\/un-coup-dur-pour-lusap-tom-ecochard-blesse-et-lequipe-en-difficulte\/\" \/>\n<meta property=\"og:site_name\" content=\"sport-index\" \/>\n<meta name=\"author\" content=\"Axel Lauzier\" \/>\n<meta name=\"twitter:card\" content=\"summary_large_image\" \/>\n<script type=\"application\/ld+json\" class=\"yoast-schema-graph\">{\"@context\":\"https:\/\/schema.org\",\"@graph\":[{\"@type\":\"NewsArticle\",\"@id\":\"https:\/\/sport-index.fr\/blog\/a-la-une\/un-coup-dur-pour-lusap-tom-ecochard-blesse-et-lequipe-en-difficulte\/#article\",\"isPartOf\":{\"@id\":\"https:\/\/sport-index.fr\/blog\/a-la-une\/un-coup-dur-pour-lusap-tom-ecochard-blesse-et-lequipe-en-difficulte\/\"},\"author\":{\"name\":\"Axel Lauzier\",\"@id\":\"https:\/\/sport-index.fr\/blog\/#\/schema\/person\/3c864cdc320801e3db34b663e7e3f816\"},\"headline\":\"Un coup dur pour l\u2019USAP : Tom \u00c9cochard bless\u00e9 et l&rsquo;\u00e9quipe en difficult\u00e9\",\"datePublished\":\"2026-05-22T00:55:01+00:00\",\"mainEntityOfPage\":{\"@id\":\"https:\/\/sport-index.fr\/blog\/a-la-une\/un-coup-dur-pour-lusap-tom-ecochard-blesse-et-lequipe-en-difficulte\/\"},\"wordCount\":1356,\"commentCount\":19,\"publisher\":{\"@id\":\"https:\/\/sport-index.fr\/blog\/#organization\"},\"image\":{\"@id\":\"https:\/\/sport-index.fr\/blog\/a-la-une\/un-coup-dur-pour-lusap-tom-ecochard-blesse-et-lequipe-en-difficulte\/#primaryimage\"},\"thumbnailUrl\":\"https:\/\/sport-index.fr\/blog\/wp-content\/uploads\/2025\/05\/sdxl-84138ef7951db2b7ce72266572a506d7-scaled.png\",\"keywords\":[\"Blessures\",\"\u00c9quipe\",\"Gestion des Talents\",\"Performance\",\"Top 14\"],\"articleSection\":[\"\u00c0 la une\"],\"inLanguage\":\"fr-FR\",\"potentialAction\":[{\"@type\":\"CommentAction\",\"name\":\"Comment\",\"target\":[\"https:\/\/sport-index.fr\/blog\/a-la-une\/un-coup-dur-pour-lusap-tom-ecochard-blesse-et-lequipe-en-difficulte\/#respond\"]}]},{\"@type\":\"WebPage\",\"@id\":\"https:\/\/sport-index.fr\/blog\/a-la-une\/un-coup-dur-pour-lusap-tom-ecochard-blesse-et-lequipe-en-difficulte\/\",\"url\":\"https:\/\/sport-index.fr\/blog\/a-la-une\/un-coup-dur-pour-lusap-tom-ecochard-blesse-et-lequipe-en-difficulte\/\",\"name\":\"Un coup dur pour l\u2019USAP : Tom \u00c9cochard bless\u00e9 et l'\u00e9quipe\",\"isPartOf\":{\"@id\":\"https:\/\/sport-index.fr\/blog\/#website\"},\"primaryImageOfPage\":{\"@id\":\"https:\/\/sport-index.fr\/blog\/a-la-une\/un-coup-dur-pour-lusap-tom-ecochard-blesse-et-lequipe-en-difficulte\/#primaryimage\"},\"image\":{\"@id\":\"https:\/\/sport-index.fr\/blog\/a-la-une\/un-coup-dur-pour-lusap-tom-ecochard-blesse-et-lequipe-en-difficulte\/#primaryimage\"},\"thumbnailUrl\":\"https:\/\/sport-index.fr\/blog\/wp-content\/uploads\/2025\/05\/sdxl-84138ef7951db2b7ce72266572a506d7-scaled.png\",\"datePublished\":\"2026-05-22T00:55:01+00:00\",\"description\":\"Mauvaise nouvelle pour l'USAP et pour Tom \u00c9cochard. Le demi de m\u00eal\u00e9e international, sorti pr\u00e9matur\u00e9ment lors de la r\u00e9ception de Vannes, souffre d'une\u2026\",\"inLanguage\":\"fr-FR\",\"potentialAction\":[{\"@type\":\"ReadAction\",\"target\":[\"https:\/\/sport-index.fr\/blog\/a-la-une\/un-coup-dur-pour-lusap-tom-ecochard-blesse-et-lequipe-en-difficulte\/\"]}]},{\"@type\":\"ImageObject\",\"inLanguage\":\"fr-FR\",\"@id\":\"https:\/\/sport-index.fr\/blog\/a-la-une\/un-coup-dur-pour-lusap-tom-ecochard-blesse-et-lequipe-en-difficulte\/#primaryimage\",\"url\":\"https:\/\/sport-index.fr\/blog\/wp-content\/uploads\/2025\/05\/sdxl-84138ef7951db2b7ce72266572a506d7-scaled.png\",\"contentUrl\":\"https:\/\/sport-index.fr\/blog\/wp-content\/uploads\/2025\/05\/sdxl-84138ef7951db2b7ce72266572a506d7-scaled.png\",\"width\":1200,\"height\":500},{\"@type\":\"WebSite\",\"@id\":\"https:\/\/sport-index.fr\/blog\/#website\",\"url\":\"https:\/\/sport-index.fr\/blog\/\",\"name\":\"sport-index.fr\",\"description\":\"Le score de l\u2019analyse sportive.\",\"publisher\":{\"@id\":\"https:\/\/sport-index.fr\/blog\/#organization\"},\"alternateName\":\"Le score de l\u2019analyse sportive.\",\"potentialAction\":[{\"@type\":\"SearchAction\",\"target\":{\"@type\":\"EntryPoint\",\"urlTemplate\":\"https:\/\/sport-index.fr\/blog\/?s={search_term_string}\"},\"query-input\":{\"@type\":\"PropertyValueSpecification\",\"valueRequired\":true,\"valueName\":\"search_term_string\"}}],\"inLanguage\":\"fr-FR\"},{\"@type\":\"Organization\",\"@id\":\"https:\/\/sport-index.fr\/blog\/#organization\",\"name\":\"Foretsensations.fr\",\"url\":\"https:\/\/sport-index.fr\/blog\/\",\"logo\":{\"@type\":\"ImageObject\",\"inLanguage\":\"fr-FR\",\"@id\":\"https:\/\/sport-index.fr\/blog\/#\/schema\/logo\/image\/\",\"url\":\"https:\/\/sport-index.fr\/blog\/wp-content\/uploads\/2026\/07\/logo-auto.png\",\"contentUrl\":\"https:\/\/sport-index.fr\/blog\/wp-content\/uploads\/2026\/07\/logo-auto.png\",\"width\":1024,\"height\":1024,\"caption\":\"Foretsensations.fr\"},\"image\":{\"@id\":\"https:\/\/sport-index.fr\/blog\/#\/schema\/logo\/image\/\"}},{\"@type\":\"Person\",\"@id\":\"https:\/\/sport-index.fr\/blog\/#\/schema\/person\/3c864cdc320801e3db34b663e7e3f816\",\"name\":\"Axel Lauzier\",\"image\":{\"@type\":\"ImageObject\",\"inLanguage\":\"fr-FR\",\"@id\":\"https:\/\/sport-index.fr\/blog\/#\/schema\/person\/image\/\",\"url\":\"https:\/\/sport-index.fr\/blog\/wp-content\/uploads\/2026\/06\/persona_axel-l-96x96.jpg\",\"contentUrl\":\"https:\/\/sport-index.fr\/blog\/wp-content\/uploads\/2026\/06\/persona_axel-l-96x96.jpg\",\"caption\":\"Axel Lauzier\"},\"description\":\"Le sport rythme mon quotidien depuis l'enfance, et j'en ai fait mon m\u00e9tier d'analyste r\u00e9dactionnel il y a une dizaine d'ann\u00e9es. Je couvre principalement le football, son actualit\u00e9, ses transferts et l'analyse tactique des grandes affiches, mais aussi les disciplines plus confidentielles que j'aime remettre en lumi\u00e8re. Une partie de mon travail porte sur les pronostics et la lecture statistique d'un match : forme des \u00e9quipes, historique des confrontations, compositions, sans jamais vendre de fausse certitude. Je rappelle syst\u00e9matiquement que parier comporte un risque et doit rester un loisir ma\u00eetris\u00e9. Avant de signer une analyse, je v\u00e9rifie mes chiffres, je recoupe les compositions probables et je distingue toujours la donn\u00e9e brute de l'intuition. Mon objectif : offrir une lecture honn\u00eate et argument\u00e9e, pas un ticket gagnant garanti.\",\"sameAs\":[\"https:\/\/axellauzier.fr\/\"],\"url\":\"https:\/\/sport-index.fr\/blog\/auteur\/noname\/\"}]}<\/script>\n<!-- \/ Yoast SEO Premium plugin. -->","yoast_head_json":{"title":"Un coup dur pour l\u2019USAP : Tom \u00c9cochard bless\u00e9 et l'\u00e9quipe","description":"Mauvaise nouvelle pour l'USAP et pour Tom \u00c9cochard. Le demi de m\u00eal\u00e9e international, sorti pr\u00e9matur\u00e9ment lors de la r\u00e9ception de Vannes, souffre d'une\u2026","robots":{"index":"index","follow":"follow","max-snippet":"max-snippet:-1","max-image-preview":"max-image-preview:large","max-video-preview":"max-video-preview:-1"},"canonical":"https:\/\/sport-index.fr\/blog\/a-la-une\/un-coup-dur-pour-lusap-tom-ecochard-blesse-et-lequipe-en-difficulte\/","og_locale":"fr_FR","og_type":"article","og_title":"Un coup dur pour l\u2019USAP : Tom \u00c9cochard bless\u00e9 et l'\u00e9quipe","og_description":"Mauvaise nouvelle pour l'USAP et pour Tom \u00c9cochard. Le demi de m\u00eal\u00e9e international, sorti pr\u00e9matur\u00e9ment lors de la r\u00e9ception de Vannes, souffre d'une\u2026","og_url":"https:\/\/sport-index.fr\/blog\/a-la-une\/un-coup-dur-pour-lusap-tom-ecochard-blesse-et-lequipe-en-difficulte\/","og_site_name":"sport-index","author":"Axel Lauzier","twitter_card":"summary_large_image","schema":{"@context":"https:\/\/schema.org","@graph":[{"@type":"NewsArticle","@id":"https:\/\/sport-index.fr\/blog\/a-la-une\/un-coup-dur-pour-lusap-tom-ecochard-blesse-et-lequipe-en-difficulte\/#article","isPartOf":{"@id":"https:\/\/sport-index.fr\/blog\/a-la-une\/un-coup-dur-pour-lusap-tom-ecochard-blesse-et-lequipe-en-difficulte\/"},"author":{"name":"Axel Lauzier","@id":"https:\/\/sport-index.fr\/blog\/#\/schema\/person\/3c864cdc320801e3db34b663e7e3f816"},"headline":"Un coup dur pour l\u2019USAP : Tom \u00c9cochard bless\u00e9 et l&rsquo;\u00e9quipe en difficult\u00e9","datePublished":"2026-05-22T00:55:01+00:00","mainEntityOfPage":{"@id":"https:\/\/sport-index.fr\/blog\/a-la-une\/un-coup-dur-pour-lusap-tom-ecochard-blesse-et-lequipe-en-difficulte\/"},"wordCount":1356,"commentCount":19,"publisher":{"@id":"https:\/\/sport-index.fr\/blog\/#organization"},"image":{"@id":"https:\/\/sport-index.fr\/blog\/a-la-une\/un-coup-dur-pour-lusap-tom-ecochard-blesse-et-lequipe-en-difficulte\/#primaryimage"},"thumbnailUrl":"https:\/\/sport-index.fr\/blog\/wp-content\/uploads\/2025\/05\/sdxl-84138ef7951db2b7ce72266572a506d7-scaled.png","keywords":["Blessures","\u00c9quipe","Gestion des Talents","Performance","Top 14"],"articleSection":["\u00c0 la une"],"inLanguage":"fr-FR","potentialAction":[{"@type":"CommentAction","name":"Comment","target":["https:\/\/sport-index.fr\/blog\/a-la-une\/un-coup-dur-pour-lusap-tom-ecochard-blesse-et-lequipe-en-difficulte\/#respond"]}]},{"@type":"WebPage","@id":"https:\/\/sport-index.fr\/blog\/a-la-une\/un-coup-dur-pour-lusap-tom-ecochard-blesse-et-lequipe-en-difficulte\/","url":"https:\/\/sport-index.fr\/blog\/a-la-une\/un-coup-dur-pour-lusap-tom-ecochard-blesse-et-lequipe-en-difficulte\/","name":"Un coup dur pour l\u2019USAP : Tom \u00c9cochard bless\u00e9 et l'\u00e9quipe","isPartOf":{"@id":"https:\/\/sport-index.fr\/blog\/#website"},"primaryImageOfPage":{"@id":"https:\/\/sport-index.fr\/blog\/a-la-une\/un-coup-dur-pour-lusap-tom-ecochard-blesse-et-lequipe-en-difficulte\/#primaryimage"},"image":{"@id":"https:\/\/sport-index.fr\/blog\/a-la-une\/un-coup-dur-pour-lusap-tom-ecochard-blesse-et-lequipe-en-difficulte\/#primaryimage"},"thumbnailUrl":"https:\/\/sport-index.fr\/blog\/wp-content\/uploads\/2025\/05\/sdxl-84138ef7951db2b7ce72266572a506d7-scaled.png","datePublished":"2026-05-22T00:55:01+00:00","description":"Mauvaise nouvelle pour l'USAP et pour Tom \u00c9cochard. Le demi de m\u00eal\u00e9e international, sorti pr\u00e9matur\u00e9ment lors de la r\u00e9ception de Vannes, souffre d'une\u2026","inLanguage":"fr-FR","potentialAction":[{"@type":"ReadAction","target":["https:\/\/sport-index.fr\/blog\/a-la-une\/un-coup-dur-pour-lusap-tom-ecochard-blesse-et-lequipe-en-difficulte\/"]}]},{"@type":"ImageObject","inLanguage":"fr-FR","@id":"https:\/\/sport-index.fr\/blog\/a-la-une\/un-coup-dur-pour-lusap-tom-ecochard-blesse-et-lequipe-en-difficulte\/#primaryimage","url":"https:\/\/sport-index.fr\/blog\/wp-content\/uploads\/2025\/05\/sdxl-84138ef7951db2b7ce72266572a506d7-scaled.png","contentUrl":"https:\/\/sport-index.fr\/blog\/wp-content\/uploads\/2025\/05\/sdxl-84138ef7951db2b7ce72266572a506d7-scaled.png","width":1200,"height":500},{"@type":"WebSite","@id":"https:\/\/sport-index.fr\/blog\/#website","url":"https:\/\/sport-index.fr\/blog\/","name":"sport-index.fr","description":"Le score de l\u2019analyse sportive.","publisher":{"@id":"https:\/\/sport-index.fr\/blog\/#organization"},"alternateName":"Le score de l\u2019analyse sportive.","potentialAction":[{"@type":"SearchAction","target":{"@type":"EntryPoint","urlTemplate":"https:\/\/sport-index.fr\/blog\/?s={search_term_string}"},"query-input":{"@type":"PropertyValueSpecification","valueRequired":true,"valueName":"search_term_string"}}],"inLanguage":"fr-FR"},{"@type":"Organization","@id":"https:\/\/sport-index.fr\/blog\/#organization","name":"Foretsensations.fr","url":"https:\/\/sport-index.fr\/blog\/","logo":{"@type":"ImageObject","inLanguage":"fr-FR","@id":"https:\/\/sport-index.fr\/blog\/#\/schema\/logo\/image\/","url":"https:\/\/sport-index.fr\/blog\/wp-content\/uploads\/2026\/07\/logo-auto.png","contentUrl":"https:\/\/sport-index.fr\/blog\/wp-content\/uploads\/2026\/07\/logo-auto.png","width":1024,"height":1024,"caption":"Foretsensations.fr"},"image":{"@id":"https:\/\/sport-index.fr\/blog\/#\/schema\/logo\/image\/"}},{"@type":"Person","@id":"https:\/\/sport-index.fr\/blog\/#\/schema\/person\/3c864cdc320801e3db34b663e7e3f816","name":"Axel Lauzier","image":{"@type":"ImageObject","inLanguage":"fr-FR","@id":"https:\/\/sport-index.fr\/blog\/#\/schema\/person\/image\/","url":"https:\/\/sport-index.fr\/blog\/wp-content\/uploads\/2026\/06\/persona_axel-l-96x96.jpg","contentUrl":"https:\/\/sport-index.fr\/blog\/wp-content\/uploads\/2026\/06\/persona_axel-l-96x96.jpg","caption":"Axel Lauzier"},"description":"Le sport rythme mon quotidien depuis l'enfance, et j'en ai fait mon m\u00e9tier d'analyste r\u00e9dactionnel il y a une dizaine d'ann\u00e9es. Je couvre principalement le football, son actualit\u00e9, ses transferts et l'analyse tactique des grandes affiches, mais aussi les disciplines plus confidentielles que j'aime remettre en lumi\u00e8re. Une partie de mon travail porte sur les pronostics et la lecture statistique d'un match : forme des \u00e9quipes, historique des confrontations, compositions, sans jamais vendre de fausse certitude. Je rappelle syst\u00e9matiquement que parier comporte un risque et doit rester un loisir ma\u00eetris\u00e9. Avant de signer une analyse, je v\u00e9rifie mes chiffres, je recoupe les compositions probables et je distingue toujours la donn\u00e9e brute de l'intuition. Mon objectif : offrir une lecture honn\u00eate et argument\u00e9e, pas un ticket gagnant garanti.","sameAs":["https:\/\/axellauzier.fr\/"],"url":"https:\/\/sport-index.fr\/blog\/auteur\/noname\/"}]}},"_links":{"self":[{"href":"https:\/\/sport-index.fr\/blog\/wp-json\/wp\/v2\/posts\/12914","targetHints":{"allow":["GET"]}}],"collection":[{"href":"https:\/\/sport-index.fr\/blog\/wp-json\/wp\/v2\/posts"}],"about":[{"href":"https:\/\/sport-index.fr\/blog\/wp-json\/wp\/v2\/types\/post"}],"author":[{"embeddable":true,"href":"https:\/\/sport-index.fr\/blog\/wp-json\/wp\/v2\/users\/34"}],"replies":[{"embeddable":true,"href":"https:\/\/sport-index.fr\/blog\/wp-json\/wp\/v2\/comments?post=12914"}],"version-history":[{"count":2,"href":"https:\/\/sport-index.fr\/blog\/wp-json\/wp\/v2\/posts\/12914\/revisions"}],"predecessor-version":[{"id":18016,"href":"https:\/\/sport-index.fr\/blog\/wp-json\/wp\/v2\/posts\/12914\/revisions\/18016"}],"wp:featuredmedia":[{"embeddable":true,"href":"https:\/\/sport-index.fr\/blog\/wp-json\/wp\/v2\/media\/16259"}],"wp:attachment":[{"href":"https:\/\/sport-index.fr\/blog\/wp-json\/wp\/v2\/media?parent=12914"}],"wp:term":[{"taxonomy":"category","embeddable":true,"href":"https:\/\/sport-index.fr\/blog\/wp-json\/wp\/v2\/categories?post=12914"},{"taxonomy":"post_tag","embeddable":true,"href":"https:\/\/sport-index.fr\/blog\/wp-json\/wp\/v2\/tags?post=12914"}],"curies":[{"name":"wp","href":"https:\/\/api.w.org\/{rel}","templated":true}]}}