{"id":12916,"date":"2025-04-02T13:37:55","date_gmt":"2025-04-02T11:37:55","guid":{"rendered":"https:\/\/sport-index.fr\/blog\/?p=12916"},"modified":"2025-04-02T12:51:20","modified_gmt":"2025-04-02T10:51:20","slug":"investec-champions-cup-le-cas-dagen-et-limpact-des-sanctions-sur-le-rugby","status":"publish","type":"post","link":"https:\/\/sport-index.fr\/blog\/a-la-une\/investec-champions-cup-le-cas-dagen-et-limpact-des-sanctions-sur-le-rugby\/","title":{"rendered":"Investec Champions Cup : le cas d&rsquo;Agen et l&rsquo;impact des sanctions sur le rugby"},"content":{"rendered":"<h2>Une sanction historique pour le rugby fran\u00e7ais<\/h2>\n<p>Cette d\u00e9cision a \u00e9t\u00e9 prise apr\u00e8s une d\u00e9faite controvers\u00e9e face \u00e0 Ebbw Vale, une \u00e9quipe galloise peu renomm\u00e9e. Agen a \u00e9t\u00e9 accus\u00e9 d&rsquo;avoir \u00ab\u00a0balanc\u00e9\u00a0\u00bb ce match, perdant 59 \u00e0 10, un r\u00e9sultat qui a choqu\u00e9 les observateurs.<\/p>\n<p>Cette exclusion a entra\u00een\u00e9 une sanction de deux ans, r\u00e9duite \u00e0 un an lors de l&rsquo;appel, accompagn\u00e9e d&rsquo;une amende record de 100 000 euros. Ce cas unique a r\u00e9v\u00e9l\u00e9 des probl\u00e9matiques plus larges concernant la gestion des calendriers et des priorit\u00e9s dans le rugby professionnel. Les dirigeants de l&rsquo;ERC ont exprim\u00e9 leur m\u00e9contentement face \u00e0 une attitude per\u00e7ue comme d\u00e9sinvolte de la part d&rsquo;Agen.<\/p>\n<h2>Le dilemme des priorit\u00e9s sportives<\/h2>\n<p>Le choix d&rsquo;Agen de ne pas se battre pour un match de Coupe d&rsquo;Europe s&rsquo;expliquait par une n\u00e9cessit\u00e9 de prioriser le championnat. Avec deux matchs de retard, le club se trouvait dans une position d\u00e9licate, o\u00f9 une victoire en quart de finale aurait pu signifier une surcharge de travail. Cette situation a cr\u00e9\u00e9 un dilemme, o\u00f9 le besoin de points en championnat a pris le pas sur l&rsquo;ambition europ\u00e9enne.<\/p>\n<p>Les joueurs et entra\u00eeneurs d&rsquo;Agen, face \u00e0 la pression d&rsquo;un calendrier surcharg\u00e9, ont d\u00fb naviguer entre leurs responsabilit\u00e9s sportives et \u00e9conomiques. Les d\u00e9clarations de Fran\u00e7ois Gelez, demi d&rsquo;ouverture de l&rsquo;\u00e9poque, soulignent cette complexit\u00e9 : \u00ab\u00a0Nous avions deux matchs de retard et la priorit\u00e9 \u00e9tait de rester en comp\u00e9tition.\u00a0\u00bb Une strat\u00e9gie qui, malheureusement, a conduit \u00e0 des cons\u00e9quences d\u00e9sastreuses.<\/p>\n<h2>Le\u00e7ons tir\u00e9es d&rsquo;une exp\u00e9rience douloureuse<\/h2>\n<p>Avec le recul, les anciens joueurs et dirigeants d&rsquo;Agen ont acquis une nouvelle perspective sur cet \u00e9pisode. Ils reconnaissent maintenant que leur communication sur la strat\u00e9gie de jeu a \u00e9t\u00e9 mal g\u00e9r\u00e9e. Fran\u00e7ois Gelez a d\u00e9clar\u00e9 : \u00ab\u00a0Notre d\u00e9cision avait \u00e9t\u00e9 bonne mais notre communication fut mauvaise.\u00a0\u00bb Cette autocritique t\u00e9moigne d&rsquo;une prise de conscience n\u00e9cessaire pour \u00e9viter de futures erreurs.<\/p>\n<p>Jean-Pierre Guignard, pr\u00e9sident du club \u00e0 l&rsquo;\u00e9poque, a \u00e9galement exprim\u00e9 ses regrets. Il a admis que sa transparence sur les intentions du club a finalement jou\u00e9 contre eux. \u00ab\u00a0Nous avons \u00e9t\u00e9 trop transparents,\u00a0\u00bb a-t-il r\u00e9v\u00e9l\u00e9, soulignant la n\u00e9cessit\u00e9 d&rsquo;une approche plus prudente dans la communication des strat\u00e9gies sportives.<\/p>\n<ul>\n<li>Exclusion unique du SU Agen de la Coupe d&rsquo;Europe en 2002<\/li>\n<li>D\u00e9faite controvers\u00e9e face \u00e0 Ebbw Vale, marqu\u00e9e par des accusations de tricherie<\/li>\n<li>Sanction de deux ans, r\u00e9duite \u00e0 un an en appel<\/li>\n<li>Amende record de 100 000 euros impos\u00e9e au club<\/li>\n<li>Dilemme entre ambitions europ\u00e9ennes et besoins en championnat<\/li>\n<\/ul>\n<blockquote><p>\n    \u00ab\u00a0Nous avons \u00e9t\u00e9 trop transparents, moi le premier.\u00a0\u00bb &#8211; Jean-Pierre Guignard\n<\/p><\/blockquote>\n<p>Ce cas embl\u00e9matique a laiss\u00e9 une empreinte sur le rugby fran\u00e7ais et a soulev\u00e9 des questions fondamentales sur l&rsquo;\u00e9thique du sport. Les le\u00e7ons tir\u00e9es de cette exp\u00e9rience sont toujours pertinentes aujourd&rsquo;hui, alors que le rugby professionnel continue d&rsquo;\u00e9voluer. Les clubs doivent jongler avec des calendriers serr\u00e9s tout en maintenant une int\u00e9grit\u00e9 comp\u00e9titive, un \u00e9quilibre d\u00e9licat que le SU Agen a appris \u00e0 ses d\u00e9pens.<\/p>\n","protected":false},"excerpt":{"rendered":"","protected":false},"author":34,"featured_media":15377,"comment_status":"open","ping_status":"open","sticky":false,"template":"","format":"standard","meta":{"_acf_changed":false,"manual_indexmenow":false,"indexmenow_id_project":0,"footnotes":""},"categories":[1],"tags":[4544,4561,4543,4536,4556],"class_list":["post-12916","post","type-post","status-publish","format-standard","has-post-thumbnail","hentry","category-a-la-une","tag-equipe","tag-gestion-des-talents","tag-performance","tag-rugby","tag-tournoi-des-6-nations","generate-columns","tablet-grid-50","mobile-grid-100","grid-parent","grid-25"],"acf":[],"yoast_head":"<!-- This site is optimized with the Yoast SEO Premium plugin v21.3 (Yoast SEO v26.5) - https:\/\/yoast.com\/wordpress\/plugins\/seo\/ -->\n<title>Investec Champions Cup : le cas d&#039;Agen et l&#039;impact<\/title>\n<meta name=\"description\" content=\"Une sanction historique pour le rugby fran\u00e7ais Cette d\u00e9cision a \u00e9t\u00e9 prise apr\u00e8s une d\u00e9faite controvers\u00e9e face \u00e0 Ebbw Vale, une \u00e9quipe galloise peu\u2026\" \/>\n<meta name=\"robots\" content=\"index, follow, max-snippet:-1, max-image-preview:large, max-video-preview:-1\" \/>\n<link rel=\"canonical\" href=\"https:\/\/sport-index.fr\/blog\/a-la-une\/investec-champions-cup-le-cas-dagen-et-limpact-des-sanctions-sur-le-rugby\/\" \/>\n<meta property=\"og:locale\" content=\"fr_FR\" \/>\n<meta property=\"og:type\" content=\"article\" \/>\n<meta property=\"og:title\" content=\"Investec Champions Cup : le cas d&#039;Agen et l&#039;impact\" \/>\n<meta property=\"og:description\" content=\"Une sanction historique pour le rugby fran\u00e7ais Cette d\u00e9cision a \u00e9t\u00e9 prise apr\u00e8s une d\u00e9faite controvers\u00e9e face \u00e0 Ebbw Vale, une \u00e9quipe galloise peu\u2026\" \/>\n<meta property=\"og:url\" content=\"https:\/\/sport-index.fr\/blog\/a-la-une\/investec-champions-cup-le-cas-dagen-et-limpact-des-sanctions-sur-le-rugby\/\" \/>\n<meta property=\"og:site_name\" content=\"sport-index\" \/>\n<meta name=\"author\" content=\"Axel Lauzier\" \/>\n<meta name=\"twitter:card\" content=\"summary_large_image\" \/>\n<script type=\"application\/ld+json\" class=\"yoast-schema-graph\">{\"@context\":\"https:\/\/schema.org\",\"@graph\":[{\"@type\":\"NewsArticle\",\"@id\":\"https:\/\/sport-index.fr\/blog\/a-la-une\/investec-champions-cup-le-cas-dagen-et-limpact-des-sanctions-sur-le-rugby\/#article\",\"isPartOf\":{\"@id\":\"https:\/\/sport-index.fr\/blog\/a-la-une\/investec-champions-cup-le-cas-dagen-et-limpact-des-sanctions-sur-le-rugby\/\"},\"author\":{\"name\":\"Axel Lauzier\",\"@id\":\"https:\/\/sport-index.fr\/blog\/#\/schema\/person\/3c864cdc320801e3db34b663e7e3f816\"},\"headline\":\"Investec Champions Cup : le cas d&rsquo;Agen et l&rsquo;impact des sanctions sur le rugby\",\"datePublished\":\"2025-04-02T11:37:55+00:00\",\"mainEntityOfPage\":{\"@id\":\"https:\/\/sport-index.fr\/blog\/a-la-une\/investec-champions-cup-le-cas-dagen-et-limpact-des-sanctions-sur-le-rugby\/\"},\"wordCount\":557,\"commentCount\":31,\"publisher\":{\"@id\":\"https:\/\/sport-index.fr\/blog\/#organization\"},\"image\":{\"@id\":\"https:\/\/sport-index.fr\/blog\/a-la-une\/investec-champions-cup-le-cas-dagen-et-limpact-des-sanctions-sur-le-rugby\/#primaryimage\"},\"thumbnailUrl\":\"https:\/\/sport-index.fr\/blog\/wp-content\/uploads\/2025\/05\/sdxl-f6d06d398e18854b9bec658ce6355ce0-scaled.png\",\"keywords\":[\"\u00c9quipe\",\"Gestion des Talents\",\"Performance\",\"Rugby\",\"Tournoi des 6 Nations\"],\"articleSection\":[\"\u00c0 la une\"],\"inLanguage\":\"fr-FR\",\"potentialAction\":[{\"@type\":\"CommentAction\",\"name\":\"Comment\",\"target\":[\"https:\/\/sport-index.fr\/blog\/a-la-une\/investec-champions-cup-le-cas-dagen-et-limpact-des-sanctions-sur-le-rugby\/#respond\"]}]},{\"@type\":\"WebPage\",\"@id\":\"https:\/\/sport-index.fr\/blog\/a-la-une\/investec-champions-cup-le-cas-dagen-et-limpact-des-sanctions-sur-le-rugby\/\",\"url\":\"https:\/\/sport-index.fr\/blog\/a-la-une\/investec-champions-cup-le-cas-dagen-et-limpact-des-sanctions-sur-le-rugby\/\",\"name\":\"Investec Champions Cup : le cas d'Agen et l'impact\",\"isPartOf\":{\"@id\":\"https:\/\/sport-index.fr\/blog\/#website\"},\"primaryImageOfPage\":{\"@id\":\"https:\/\/sport-index.fr\/blog\/a-la-une\/investec-champions-cup-le-cas-dagen-et-limpact-des-sanctions-sur-le-rugby\/#primaryimage\"},\"image\":{\"@id\":\"https:\/\/sport-index.fr\/blog\/a-la-une\/investec-champions-cup-le-cas-dagen-et-limpact-des-sanctions-sur-le-rugby\/#primaryimage\"},\"thumbnailUrl\":\"https:\/\/sport-index.fr\/blog\/wp-content\/uploads\/2025\/05\/sdxl-f6d06d398e18854b9bec658ce6355ce0-scaled.png\",\"datePublished\":\"2025-04-02T11:37:55+00:00\",\"description\":\"Une sanction historique pour le rugby fran\u00e7ais Cette d\u00e9cision a \u00e9t\u00e9 prise apr\u00e8s une d\u00e9faite controvers\u00e9e face \u00e0 Ebbw Vale, une \u00e9quipe galloise peu\u2026\",\"inLanguage\":\"fr-FR\",\"potentialAction\":[{\"@type\":\"ReadAction\",\"target\":[\"https:\/\/sport-index.fr\/blog\/a-la-une\/investec-champions-cup-le-cas-dagen-et-limpact-des-sanctions-sur-le-rugby\/\"]}]},{\"@type\":\"ImageObject\",\"inLanguage\":\"fr-FR\",\"@id\":\"https:\/\/sport-index.fr\/blog\/a-la-une\/investec-champions-cup-le-cas-dagen-et-limpact-des-sanctions-sur-le-rugby\/#primaryimage\",\"url\":\"https:\/\/sport-index.fr\/blog\/wp-content\/uploads\/2025\/05\/sdxl-f6d06d398e18854b9bec658ce6355ce0-scaled.png\",\"contentUrl\":\"https:\/\/sport-index.fr\/blog\/wp-content\/uploads\/2025\/05\/sdxl-f6d06d398e18854b9bec658ce6355ce0-scaled.png\",\"width\":1200,\"height\":500},{\"@type\":\"WebSite\",\"@id\":\"https:\/\/sport-index.fr\/blog\/#website\",\"url\":\"https:\/\/sport-index.fr\/blog\/\",\"name\":\"sport-index.fr\",\"description\":\"Le score de l\u2019analyse sportive.\",\"publisher\":{\"@id\":\"https:\/\/sport-index.fr\/blog\/#organization\"},\"alternateName\":\"Le score de l\u2019analyse sportive.\",\"potentialAction\":[{\"@type\":\"SearchAction\",\"target\":{\"@type\":\"EntryPoint\",\"urlTemplate\":\"https:\/\/sport-index.fr\/blog\/?s={search_term_string}\"},\"query-input\":{\"@type\":\"PropertyValueSpecification\",\"valueRequired\":true,\"valueName\":\"search_term_string\"}}],\"inLanguage\":\"fr-FR\"},{\"@type\":\"Organization\",\"@id\":\"https:\/\/sport-index.fr\/blog\/#organization\",\"name\":\"Foretsensations.fr\",\"url\":\"https:\/\/sport-index.fr\/blog\/\",\"logo\":{\"@type\":\"ImageObject\",\"inLanguage\":\"fr-FR\",\"@id\":\"https:\/\/sport-index.fr\/blog\/#\/schema\/logo\/image\/\",\"url\":\"https:\/\/sport-index.fr\/blog\/wp-content\/uploads\/2026\/07\/logo-auto.png\",\"contentUrl\":\"https:\/\/sport-index.fr\/blog\/wp-content\/uploads\/2026\/07\/logo-auto.png\",\"width\":1024,\"height\":1024,\"caption\":\"Foretsensations.fr\"},\"image\":{\"@id\":\"https:\/\/sport-index.fr\/blog\/#\/schema\/logo\/image\/\"}},{\"@type\":\"Person\",\"@id\":\"https:\/\/sport-index.fr\/blog\/#\/schema\/person\/3c864cdc320801e3db34b663e7e3f816\",\"name\":\"Axel Lauzier\",\"image\":{\"@type\":\"ImageObject\",\"inLanguage\":\"fr-FR\",\"@id\":\"https:\/\/sport-index.fr\/blog\/#\/schema\/person\/image\/\",\"url\":\"https:\/\/sport-index.fr\/blog\/wp-content\/uploads\/2026\/06\/persona_axel-l-96x96.jpg\",\"contentUrl\":\"https:\/\/sport-index.fr\/blog\/wp-content\/uploads\/2026\/06\/persona_axel-l-96x96.jpg\",\"caption\":\"Axel Lauzier\"},\"description\":\"Le sport rythme mon quotidien depuis l'enfance, et j'en ai fait mon m\u00e9tier d'analyste r\u00e9dactionnel il y a une dizaine d'ann\u00e9es. Je couvre principalement le football, son actualit\u00e9, ses transferts et l'analyse tactique des grandes affiches, mais aussi les disciplines plus confidentielles que j'aime remettre en lumi\u00e8re. Une partie de mon travail porte sur les pronostics et la lecture statistique d'un match : forme des \u00e9quipes, historique des confrontations, compositions, sans jamais vendre de fausse certitude. Je rappelle syst\u00e9matiquement que parier comporte un risque et doit rester un loisir ma\u00eetris\u00e9. Avant de signer une analyse, je v\u00e9rifie mes chiffres, je recoupe les compositions probables et je distingue toujours la donn\u00e9e brute de l'intuition. Mon objectif : offrir une lecture honn\u00eate et argument\u00e9e, pas un ticket gagnant garanti.\",\"sameAs\":[\"https:\/\/axellauzier.fr\/\"],\"url\":\"https:\/\/sport-index.fr\/blog\/auteur\/noname\/\"}]}<\/script>\n<!-- \/ Yoast SEO Premium plugin. -->","yoast_head_json":{"title":"Investec Champions Cup : le cas d'Agen et l'impact","description":"Une sanction historique pour le rugby fran\u00e7ais Cette d\u00e9cision a \u00e9t\u00e9 prise apr\u00e8s une d\u00e9faite controvers\u00e9e face \u00e0 Ebbw Vale, une \u00e9quipe galloise peu\u2026","robots":{"index":"index","follow":"follow","max-snippet":"max-snippet:-1","max-image-preview":"max-image-preview:large","max-video-preview":"max-video-preview:-1"},"canonical":"https:\/\/sport-index.fr\/blog\/a-la-une\/investec-champions-cup-le-cas-dagen-et-limpact-des-sanctions-sur-le-rugby\/","og_locale":"fr_FR","og_type":"article","og_title":"Investec Champions Cup : le cas d'Agen et l'impact","og_description":"Une sanction historique pour le rugby fran\u00e7ais Cette d\u00e9cision a \u00e9t\u00e9 prise apr\u00e8s une d\u00e9faite controvers\u00e9e face \u00e0 Ebbw Vale, une \u00e9quipe galloise peu\u2026","og_url":"https:\/\/sport-index.fr\/blog\/a-la-une\/investec-champions-cup-le-cas-dagen-et-limpact-des-sanctions-sur-le-rugby\/","og_site_name":"sport-index","author":"Axel Lauzier","twitter_card":"summary_large_image","schema":{"@context":"https:\/\/schema.org","@graph":[{"@type":"NewsArticle","@id":"https:\/\/sport-index.fr\/blog\/a-la-une\/investec-champions-cup-le-cas-dagen-et-limpact-des-sanctions-sur-le-rugby\/#article","isPartOf":{"@id":"https:\/\/sport-index.fr\/blog\/a-la-une\/investec-champions-cup-le-cas-dagen-et-limpact-des-sanctions-sur-le-rugby\/"},"author":{"name":"Axel Lauzier","@id":"https:\/\/sport-index.fr\/blog\/#\/schema\/person\/3c864cdc320801e3db34b663e7e3f816"},"headline":"Investec Champions Cup : le cas d&rsquo;Agen et l&rsquo;impact des sanctions sur le rugby","datePublished":"2025-04-02T11:37:55+00:00","mainEntityOfPage":{"@id":"https:\/\/sport-index.fr\/blog\/a-la-une\/investec-champions-cup-le-cas-dagen-et-limpact-des-sanctions-sur-le-rugby\/"},"wordCount":557,"commentCount":31,"publisher":{"@id":"https:\/\/sport-index.fr\/blog\/#organization"},"image":{"@id":"https:\/\/sport-index.fr\/blog\/a-la-une\/investec-champions-cup-le-cas-dagen-et-limpact-des-sanctions-sur-le-rugby\/#primaryimage"},"thumbnailUrl":"https:\/\/sport-index.fr\/blog\/wp-content\/uploads\/2025\/05\/sdxl-f6d06d398e18854b9bec658ce6355ce0-scaled.png","keywords":["\u00c9quipe","Gestion des Talents","Performance","Rugby","Tournoi des 6 Nations"],"articleSection":["\u00c0 la une"],"inLanguage":"fr-FR","potentialAction":[{"@type":"CommentAction","name":"Comment","target":["https:\/\/sport-index.fr\/blog\/a-la-une\/investec-champions-cup-le-cas-dagen-et-limpact-des-sanctions-sur-le-rugby\/#respond"]}]},{"@type":"WebPage","@id":"https:\/\/sport-index.fr\/blog\/a-la-une\/investec-champions-cup-le-cas-dagen-et-limpact-des-sanctions-sur-le-rugby\/","url":"https:\/\/sport-index.fr\/blog\/a-la-une\/investec-champions-cup-le-cas-dagen-et-limpact-des-sanctions-sur-le-rugby\/","name":"Investec Champions Cup : le cas d'Agen et l'impact","isPartOf":{"@id":"https:\/\/sport-index.fr\/blog\/#website"},"primaryImageOfPage":{"@id":"https:\/\/sport-index.fr\/blog\/a-la-une\/investec-champions-cup-le-cas-dagen-et-limpact-des-sanctions-sur-le-rugby\/#primaryimage"},"image":{"@id":"https:\/\/sport-index.fr\/blog\/a-la-une\/investec-champions-cup-le-cas-dagen-et-limpact-des-sanctions-sur-le-rugby\/#primaryimage"},"thumbnailUrl":"https:\/\/sport-index.fr\/blog\/wp-content\/uploads\/2025\/05\/sdxl-f6d06d398e18854b9bec658ce6355ce0-scaled.png","datePublished":"2025-04-02T11:37:55+00:00","description":"Une sanction historique pour le rugby fran\u00e7ais Cette d\u00e9cision a \u00e9t\u00e9 prise apr\u00e8s une d\u00e9faite controvers\u00e9e face \u00e0 Ebbw Vale, une \u00e9quipe galloise peu\u2026","inLanguage":"fr-FR","potentialAction":[{"@type":"ReadAction","target":["https:\/\/sport-index.fr\/blog\/a-la-une\/investec-champions-cup-le-cas-dagen-et-limpact-des-sanctions-sur-le-rugby\/"]}]},{"@type":"ImageObject","inLanguage":"fr-FR","@id":"https:\/\/sport-index.fr\/blog\/a-la-une\/investec-champions-cup-le-cas-dagen-et-limpact-des-sanctions-sur-le-rugby\/#primaryimage","url":"https:\/\/sport-index.fr\/blog\/wp-content\/uploads\/2025\/05\/sdxl-f6d06d398e18854b9bec658ce6355ce0-scaled.png","contentUrl":"https:\/\/sport-index.fr\/blog\/wp-content\/uploads\/2025\/05\/sdxl-f6d06d398e18854b9bec658ce6355ce0-scaled.png","width":1200,"height":500},{"@type":"WebSite","@id":"https:\/\/sport-index.fr\/blog\/#website","url":"https:\/\/sport-index.fr\/blog\/","name":"sport-index.fr","description":"Le score de l\u2019analyse sportive.","publisher":{"@id":"https:\/\/sport-index.fr\/blog\/#organization"},"alternateName":"Le score de l\u2019analyse sportive.","potentialAction":[{"@type":"SearchAction","target":{"@type":"EntryPoint","urlTemplate":"https:\/\/sport-index.fr\/blog\/?s={search_term_string}"},"query-input":{"@type":"PropertyValueSpecification","valueRequired":true,"valueName":"search_term_string"}}],"inLanguage":"fr-FR"},{"@type":"Organization","@id":"https:\/\/sport-index.fr\/blog\/#organization","name":"Foretsensations.fr","url":"https:\/\/sport-index.fr\/blog\/","logo":{"@type":"ImageObject","inLanguage":"fr-FR","@id":"https:\/\/sport-index.fr\/blog\/#\/schema\/logo\/image\/","url":"https:\/\/sport-index.fr\/blog\/wp-content\/uploads\/2026\/07\/logo-auto.png","contentUrl":"https:\/\/sport-index.fr\/blog\/wp-content\/uploads\/2026\/07\/logo-auto.png","width":1024,"height":1024,"caption":"Foretsensations.fr"},"image":{"@id":"https:\/\/sport-index.fr\/blog\/#\/schema\/logo\/image\/"}},{"@type":"Person","@id":"https:\/\/sport-index.fr\/blog\/#\/schema\/person\/3c864cdc320801e3db34b663e7e3f816","name":"Axel Lauzier","image":{"@type":"ImageObject","inLanguage":"fr-FR","@id":"https:\/\/sport-index.fr\/blog\/#\/schema\/person\/image\/","url":"https:\/\/sport-index.fr\/blog\/wp-content\/uploads\/2026\/06\/persona_axel-l-96x96.jpg","contentUrl":"https:\/\/sport-index.fr\/blog\/wp-content\/uploads\/2026\/06\/persona_axel-l-96x96.jpg","caption":"Axel Lauzier"},"description":"Le sport rythme mon quotidien depuis l'enfance, et j'en ai fait mon m\u00e9tier d'analyste r\u00e9dactionnel il y a une dizaine d'ann\u00e9es. Je couvre principalement le football, son actualit\u00e9, ses transferts et l'analyse tactique des grandes affiches, mais aussi les disciplines plus confidentielles que j'aime remettre en lumi\u00e8re. Une partie de mon travail porte sur les pronostics et la lecture statistique d'un match : forme des \u00e9quipes, historique des confrontations, compositions, sans jamais vendre de fausse certitude. Je rappelle syst\u00e9matiquement que parier comporte un risque et doit rester un loisir ma\u00eetris\u00e9. Avant de signer une analyse, je v\u00e9rifie mes chiffres, je recoupe les compositions probables et je distingue toujours la donn\u00e9e brute de l'intuition. Mon objectif : offrir une lecture honn\u00eate et argument\u00e9e, pas un ticket gagnant garanti.","sameAs":["https:\/\/axellauzier.fr\/"],"url":"https:\/\/sport-index.fr\/blog\/auteur\/noname\/"}]}},"_links":{"self":[{"href":"https:\/\/sport-index.fr\/blog\/wp-json\/wp\/v2\/posts\/12916","targetHints":{"allow":["GET"]}}],"collection":[{"href":"https:\/\/sport-index.fr\/blog\/wp-json\/wp\/v2\/posts"}],"about":[{"href":"https:\/\/sport-index.fr\/blog\/wp-json\/wp\/v2\/types\/post"}],"author":[{"embeddable":true,"href":"https:\/\/sport-index.fr\/blog\/wp-json\/wp\/v2\/users\/34"}],"replies":[{"embeddable":true,"href":"https:\/\/sport-index.fr\/blog\/wp-json\/wp\/v2\/comments?post=12916"}],"version-history":[{"count":1,"href":"https:\/\/sport-index.fr\/blog\/wp-json\/wp\/v2\/posts\/12916\/revisions"}],"predecessor-version":[{"id":12919,"href":"https:\/\/sport-index.fr\/blog\/wp-json\/wp\/v2\/posts\/12916\/revisions\/12919"}],"wp:featuredmedia":[{"embeddable":true,"href":"https:\/\/sport-index.fr\/blog\/wp-json\/wp\/v2\/media\/15377"}],"wp:attachment":[{"href":"https:\/\/sport-index.fr\/blog\/wp-json\/wp\/v2\/media?parent=12916"}],"wp:term":[{"taxonomy":"category","embeddable":true,"href":"https:\/\/sport-index.fr\/blog\/wp-json\/wp\/v2\/categories?post=12916"},{"taxonomy":"post_tag","embeddable":true,"href":"https:\/\/sport-index.fr\/blog\/wp-json\/wp\/v2\/tags?post=12916"}],"curies":[{"name":"wp","href":"https:\/\/api.w.org\/{rel}","templated":true}]}}