{"id":12974,"date":"2025-04-03T06:10:02","date_gmt":"2025-04-03T04:10:02","guid":{"rendered":"https:\/\/sport-index.fr\/blog\/?p=12974"},"modified":"2025-04-03T06:08:50","modified_gmt":"2025-04-03T04:08:50","slug":"jean-baptiste-gros-de-lombre-a-la-lumiere-un-parcours-inspirant-avec-le-xv-de-france","status":"publish","type":"post","link":"https:\/\/sport-index.fr\/blog\/a-la-une\/jean-baptiste-gros-de-lombre-a-la-lumiere-un-parcours-inspirant-avec-le-xv-de-france\/","title":{"rendered":"Jean-Baptiste Gros : de l&rsquo;ombre \u00e0 la lumi\u00e8re, un parcours inspirant avec le XV de France"},"content":{"rendered":"<h2>Un parcours marqu\u00e9 par les blessures<\/h2>\n<p>Cependant, son parcours n\u2019a pas \u00e9t\u00e9 un long fleuve tranquille. Apr\u00e8s deux ans de blessures et de matchs sporadiques, il a d\u00fb faire face \u00e0 des moments de doute et de remise en question.<\/p>\n<p>Ces deux ann\u00e9es difficiles lui ont permis de r\u00e9fl\u00e9chir sur sa carri\u00e8re et ses ambitions. Il a pris conscience de l&rsquo;importance de prendre du plaisir sur le terrain et de se battre pour ses r\u00eaves. La cl\u00e9 de son bonheur actuel r\u00e9side dans sa d\u00e9termination \u00e0 revenir plus fort et \u00e0 ne pas laisser ces obstacles d\u00e9finir son parcours.<\/p>\n<h2>Une le\u00e7on de r\u00e9silience<\/h2>\n<p>Dans une r\u00e9cente interview, Gros a partag\u00e9 ses r\u00e9flexions sur les d\u00e9fis qu\u2019il a rencontr\u00e9s. \u00ab\u00a0Quand tu perds deux ans, tu cogites beaucoup\u00a0\u00bb, a-t-il d\u00e9clar\u00e9, soulignant l&rsquo;impact \u00e9motionnel des blessures sur sa sant\u00e9 mentale. Ce chemin sem\u00e9 d&#8217;emb\u00fbches lui a enseign\u00e9 la valeur de la pers\u00e9v\u00e9rance et de la concentration sur ses objectifs.<img decoding=\"async\" width=\"1024\" height=\"576\" src=\"https:\/\/sport-index.fr\/blog\/wp-content\/uploads\/2025\/04\/stability-jean-baptiste-gros-de-lombre-a-la-lumiere-un-parcours-inspirant-avec-le-xv-de-france-1.png\" class=\"aligncenter\" alt=\"Illustration d\u00e9taill\u00e9e sur Jean-Baptiste Gros : de l&#039;ombre \u00e0 la lumi\u00e8re, un parcours inspirant avec le XV de France\" title=\"Jean-Baptiste Gros : de l&#039;ombre \u00e0 la lumi\u00e8re, un parcours inspirant avec le XV de France\" loading=\"lazy\" \/><\/p>\n<p>Il a aussi reconnu qu&rsquo;il n&rsquo;avait pas toujours fait les efforts n\u00e9cessaires dans le pass\u00e9. Sa capacit\u00e9 \u00e0 rester en forme sans se battre pleinement a jou\u00e9 contre lui. Cependant, cette exp\u00e9rience l\u2019a amen\u00e9 \u00e0 prendre conscience de ses failles et \u00e0 travailler plus dur pour surmonter ses obstacles.<\/p>\n<h2>Ambitions et perspectives d&rsquo;avenir<\/h2>\n<p>Maintenant sur la voie du succ\u00e8s, Gros aspire \u00e0 continuer \u00e0 \u00e9voluer avec le XV de France. Apr\u00e8s avoir franchi des \u00e9tapes importantes, il est d\u00e9termin\u00e9 \u00e0 ne pas se laisser aller \u00e0 la complaisance. \u00ab\u00a0Je veux jouer, jouer, jouer\u00a0\u00bb, a-t-il affirm\u00e9, montrant son d\u00e9sir ardent de participer aux comp\u00e9titions \u00e0 venir, y compris une \u00e9ventuelle tourn\u00e9e en Nouvelle-Z\u00e9lande.<\/p>\n<p>Gros sait que chaque match est une occasion d&rsquo;apprendre et de grandir. Le soutien de ses co\u00e9quipiers et l&rsquo;engagement collectif sont des \u00e9l\u00e9ments cruciaux pour l&rsquo;\u00e9quipe. \u00ab\u00a0Nous allons tous dans le m\u00eame sens\u00a0\u00bb, a-t-il conclu, ajoutant que la coh\u00e9sion est essentielle pour r\u00e9aliser leurs ambitions communes.<\/p>\n<ul>\n<li>Jean-Baptiste Gros a surmont\u00e9 des blessures pendant deux ans.<\/li>\n<li>Il a pris conscience de l&rsquo;importance de la r\u00e9silience.<\/li>\n<li>Son objectif principal est de jouer r\u00e9guli\u00e8rement.<\/li>\n<li>Il aspire \u00e0 participer \u00e0 des comp\u00e9titions internationales.<\/li>\n<li>La coh\u00e9sion d&rsquo;\u00e9quipe est vitale pour le succ\u00e8s collectif.<\/li>\n<\/ul>\n<p>Dans le monde du rugby, chaque joueur traverse des hauts et des bas. Jean-Baptiste Gros en est un parfait exemple. Son histoire de r\u00e9silience et de d\u00e9termination inspire non seulement ses co\u00e9quipiers, mais aussi tous les jeunes joueurs qui aspirent \u00e0 faire carri\u00e8re dans le sport. En surmontant ses d\u00e9fis, il montre qu&rsquo;avec du travail acharn\u00e9 et une mentalit\u00e9 positive, il est possible de transformer l&rsquo;adversit\u00e9 en succ\u00e8s.<\/p>\n","protected":false},"excerpt":{"rendered":"","protected":false},"author":34,"featured_media":12975,"comment_status":"open","ping_status":"open","sticky":false,"template":"","format":"standard","meta":{"_acf_changed":false,"manual_indexmenow":false,"indexmenow_id_project":0,"footnotes":""},"categories":[1],"tags":[4585,4543,4885,4408,4554],"class_list":["post-12974","post","type-post","status-publish","format-standard","has-post-thumbnail","hentry","category-a-la-une","tag-cohesion-dequipe","tag-performance","tag-preparation-mentale","tag-resilience","tag-xv-de-france","generate-columns","tablet-grid-50","mobile-grid-100","grid-parent","grid-25"],"acf":[],"yoast_head":"<!-- This site is optimized with the Yoast SEO Premium plugin v21.3 (Yoast SEO v26.5) - https:\/\/yoast.com\/wordpress\/plugins\/seo\/ -->\n<title>Jean-Baptiste Gros : de l&#039;ombre \u00e0 la lumi\u00e8re, un parcours<\/title>\n<meta name=\"description\" content=\"Un parcours marqu\u00e9 par les blessures Cependant, son parcours n\u2019a pas \u00e9t\u00e9 un long fleuve tranquille. Apr\u00e8s deux ans de blessures et de matchs sporadiques\u2026\" \/>\n<meta name=\"robots\" content=\"index, follow, max-snippet:-1, max-image-preview:large, max-video-preview:-1\" \/>\n<link rel=\"canonical\" href=\"https:\/\/sport-index.fr\/blog\/a-la-une\/jean-baptiste-gros-de-lombre-a-la-lumiere-un-parcours-inspirant-avec-le-xv-de-france\/\" \/>\n<meta property=\"og:locale\" content=\"fr_FR\" \/>\n<meta property=\"og:type\" content=\"article\" \/>\n<meta property=\"og:title\" content=\"Jean-Baptiste Gros : de l&#039;ombre \u00e0 la lumi\u00e8re, un parcours\" \/>\n<meta property=\"og:description\" content=\"Un parcours marqu\u00e9 par les blessures Cependant, son parcours n\u2019a pas \u00e9t\u00e9 un long fleuve tranquille. Apr\u00e8s deux ans de blessures et de matchs sporadiques\u2026\" \/>\n<meta property=\"og:url\" content=\"https:\/\/sport-index.fr\/blog\/a-la-une\/jean-baptiste-gros-de-lombre-a-la-lumiere-un-parcours-inspirant-avec-le-xv-de-france\/\" \/>\n<meta property=\"og:site_name\" content=\"sport-index\" \/>\n<meta property=\"og:image\" content=\"https:\/\/sport-index.fr\/blog\/wp-content\/uploads\/2025\/04\/stability-jean-baptiste-gros-de-lombre-a-la-lumiere-un-parcours-inspirant-avec-le-xv-de-france.png\" \/>\n\t<meta property=\"og:image:width\" content=\"1024\" \/>\n\t<meta property=\"og:image:height\" content=\"576\" \/>\n\t<meta property=\"og:image:type\" content=\"image\/png\" \/>\n<meta name=\"author\" content=\"Axel Lauzier\" \/>\n<meta name=\"twitter:card\" content=\"summary_large_image\" \/>\n<script type=\"application\/ld+json\" class=\"yoast-schema-graph\">{\"@context\":\"https:\/\/schema.org\",\"@graph\":[{\"@type\":\"NewsArticle\",\"@id\":\"https:\/\/sport-index.fr\/blog\/a-la-une\/jean-baptiste-gros-de-lombre-a-la-lumiere-un-parcours-inspirant-avec-le-xv-de-france\/#article\",\"isPartOf\":{\"@id\":\"https:\/\/sport-index.fr\/blog\/a-la-une\/jean-baptiste-gros-de-lombre-a-la-lumiere-un-parcours-inspirant-avec-le-xv-de-france\/\"},\"author\":{\"name\":\"Axel Lauzier\",\"@id\":\"https:\/\/sport-index.fr\/blog\/#\/schema\/person\/3c864cdc320801e3db34b663e7e3f816\"},\"headline\":\"Jean-Baptiste Gros : de l&rsquo;ombre \u00e0 la lumi\u00e8re, un parcours inspirant avec le XV de France\",\"datePublished\":\"2025-04-03T04:10:02+00:00\",\"mainEntityOfPage\":{\"@id\":\"https:\/\/sport-index.fr\/blog\/a-la-une\/jean-baptiste-gros-de-lombre-a-la-lumiere-un-parcours-inspirant-avec-le-xv-de-france\/\"},\"wordCount\":487,\"commentCount\":30,\"publisher\":{\"@id\":\"https:\/\/sport-index.fr\/blog\/#organization\"},\"image\":{\"@id\":\"https:\/\/sport-index.fr\/blog\/a-la-une\/jean-baptiste-gros-de-lombre-a-la-lumiere-un-parcours-inspirant-avec-le-xv-de-france\/#primaryimage\"},\"thumbnailUrl\":\"https:\/\/sport-index.fr\/blog\/wp-content\/uploads\/2025\/04\/stability-jean-baptiste-gros-de-lombre-a-la-lumiere-un-parcours-inspirant-avec-le-xv-de-france.png\",\"keywords\":[\"Coh\u00e9sion d'\u00c9quipe\",\"Performance\",\"Pr\u00e9paration Mentale\",\"R\u00e9silience\",\"XV de France\"],\"articleSection\":[\"\u00c0 la une\"],\"inLanguage\":\"fr-FR\",\"potentialAction\":[{\"@type\":\"CommentAction\",\"name\":\"Comment\",\"target\":[\"https:\/\/sport-index.fr\/blog\/a-la-une\/jean-baptiste-gros-de-lombre-a-la-lumiere-un-parcours-inspirant-avec-le-xv-de-france\/#respond\"]}]},{\"@type\":\"WebPage\",\"@id\":\"https:\/\/sport-index.fr\/blog\/a-la-une\/jean-baptiste-gros-de-lombre-a-la-lumiere-un-parcours-inspirant-avec-le-xv-de-france\/\",\"url\":\"https:\/\/sport-index.fr\/blog\/a-la-une\/jean-baptiste-gros-de-lombre-a-la-lumiere-un-parcours-inspirant-avec-le-xv-de-france\/\",\"name\":\"Jean-Baptiste Gros : de l'ombre \u00e0 la lumi\u00e8re, un parcours\",\"isPartOf\":{\"@id\":\"https:\/\/sport-index.fr\/blog\/#website\"},\"primaryImageOfPage\":{\"@id\":\"https:\/\/sport-index.fr\/blog\/a-la-une\/jean-baptiste-gros-de-lombre-a-la-lumiere-un-parcours-inspirant-avec-le-xv-de-france\/#primaryimage\"},\"image\":{\"@id\":\"https:\/\/sport-index.fr\/blog\/a-la-une\/jean-baptiste-gros-de-lombre-a-la-lumiere-un-parcours-inspirant-avec-le-xv-de-france\/#primaryimage\"},\"thumbnailUrl\":\"https:\/\/sport-index.fr\/blog\/wp-content\/uploads\/2025\/04\/stability-jean-baptiste-gros-de-lombre-a-la-lumiere-un-parcours-inspirant-avec-le-xv-de-france.png\",\"datePublished\":\"2025-04-03T04:10:02+00:00\",\"description\":\"Un parcours marqu\u00e9 par les blessures Cependant, son parcours n\u2019a pas \u00e9t\u00e9 un long fleuve tranquille. Apr\u00e8s deux ans de blessures et de matchs sporadiques\u2026\",\"inLanguage\":\"fr-FR\",\"potentialAction\":[{\"@type\":\"ReadAction\",\"target\":[\"https:\/\/sport-index.fr\/blog\/a-la-une\/jean-baptiste-gros-de-lombre-a-la-lumiere-un-parcours-inspirant-avec-le-xv-de-france\/\"]}]},{\"@type\":\"ImageObject\",\"inLanguage\":\"fr-FR\",\"@id\":\"https:\/\/sport-index.fr\/blog\/a-la-une\/jean-baptiste-gros-de-lombre-a-la-lumiere-un-parcours-inspirant-avec-le-xv-de-france\/#primaryimage\",\"url\":\"https:\/\/sport-index.fr\/blog\/wp-content\/uploads\/2025\/04\/stability-jean-baptiste-gros-de-lombre-a-la-lumiere-un-parcours-inspirant-avec-le-xv-de-france.png\",\"contentUrl\":\"https:\/\/sport-index.fr\/blog\/wp-content\/uploads\/2025\/04\/stability-jean-baptiste-gros-de-lombre-a-la-lumiere-un-parcours-inspirant-avec-le-xv-de-france.png\",\"width\":1024,\"height\":576},{\"@type\":\"WebSite\",\"@id\":\"https:\/\/sport-index.fr\/blog\/#website\",\"url\":\"https:\/\/sport-index.fr\/blog\/\",\"name\":\"sport-index.fr\",\"description\":\"Le score de l\u2019analyse sportive.\",\"publisher\":{\"@id\":\"https:\/\/sport-index.fr\/blog\/#organization\"},\"alternateName\":\"Le score de l\u2019analyse sportive.\",\"potentialAction\":[{\"@type\":\"SearchAction\",\"target\":{\"@type\":\"EntryPoint\",\"urlTemplate\":\"https:\/\/sport-index.fr\/blog\/?s={search_term_string}\"},\"query-input\":{\"@type\":\"PropertyValueSpecification\",\"valueRequired\":true,\"valueName\":\"search_term_string\"}}],\"inLanguage\":\"fr-FR\"},{\"@type\":\"Organization\",\"@id\":\"https:\/\/sport-index.fr\/blog\/#organization\",\"name\":\"Foretsensations.fr\",\"url\":\"https:\/\/sport-index.fr\/blog\/\",\"logo\":{\"@type\":\"ImageObject\",\"inLanguage\":\"fr-FR\",\"@id\":\"https:\/\/sport-index.fr\/blog\/#\/schema\/logo\/image\/\",\"url\":\"https:\/\/sport-index.fr\/blog\/wp-content\/uploads\/2026\/07\/logo-auto.png\",\"contentUrl\":\"https:\/\/sport-index.fr\/blog\/wp-content\/uploads\/2026\/07\/logo-auto.png\",\"width\":1024,\"height\":1024,\"caption\":\"Foretsensations.fr\"},\"image\":{\"@id\":\"https:\/\/sport-index.fr\/blog\/#\/schema\/logo\/image\/\"}},{\"@type\":\"Person\",\"@id\":\"https:\/\/sport-index.fr\/blog\/#\/schema\/person\/3c864cdc320801e3db34b663e7e3f816\",\"name\":\"Axel Lauzier\",\"image\":{\"@type\":\"ImageObject\",\"inLanguage\":\"fr-FR\",\"@id\":\"https:\/\/sport-index.fr\/blog\/#\/schema\/person\/image\/\",\"url\":\"https:\/\/sport-index.fr\/blog\/wp-content\/uploads\/2026\/06\/persona_axel-l-96x96.jpg\",\"contentUrl\":\"https:\/\/sport-index.fr\/blog\/wp-content\/uploads\/2026\/06\/persona_axel-l-96x96.jpg\",\"caption\":\"Axel Lauzier\"},\"description\":\"Le sport rythme mon quotidien depuis l'enfance, et j'en ai fait mon m\u00e9tier d'analyste r\u00e9dactionnel il y a une dizaine d'ann\u00e9es. Je couvre principalement le football, son actualit\u00e9, ses transferts et l'analyse tactique des grandes affiches, mais aussi les disciplines plus confidentielles que j'aime remettre en lumi\u00e8re. Une partie de mon travail porte sur les pronostics et la lecture statistique d'un match : forme des \u00e9quipes, historique des confrontations, compositions, sans jamais vendre de fausse certitude. Je rappelle syst\u00e9matiquement que parier comporte un risque et doit rester un loisir ma\u00eetris\u00e9. Avant de signer une analyse, je v\u00e9rifie mes chiffres, je recoupe les compositions probables et je distingue toujours la donn\u00e9e brute de l'intuition. Mon objectif : offrir une lecture honn\u00eate et argument\u00e9e, pas un ticket gagnant garanti.\",\"sameAs\":[\"https:\/\/axellauzier.fr\/\"],\"url\":\"https:\/\/sport-index.fr\/blog\/auteur\/noname\/\"}]}<\/script>\n<!-- \/ Yoast SEO Premium plugin. -->","yoast_head_json":{"title":"Jean-Baptiste Gros : de l'ombre \u00e0 la lumi\u00e8re, un parcours","description":"Un parcours marqu\u00e9 par les blessures Cependant, son parcours n\u2019a pas \u00e9t\u00e9 un long fleuve tranquille. Apr\u00e8s deux ans de blessures et de matchs sporadiques\u2026","robots":{"index":"index","follow":"follow","max-snippet":"max-snippet:-1","max-image-preview":"max-image-preview:large","max-video-preview":"max-video-preview:-1"},"canonical":"https:\/\/sport-index.fr\/blog\/a-la-une\/jean-baptiste-gros-de-lombre-a-la-lumiere-un-parcours-inspirant-avec-le-xv-de-france\/","og_locale":"fr_FR","og_type":"article","og_title":"Jean-Baptiste Gros : de l'ombre \u00e0 la lumi\u00e8re, un parcours","og_description":"Un parcours marqu\u00e9 par les blessures Cependant, son parcours n\u2019a pas \u00e9t\u00e9 un long fleuve tranquille. Apr\u00e8s deux ans de blessures et de matchs sporadiques\u2026","og_url":"https:\/\/sport-index.fr\/blog\/a-la-une\/jean-baptiste-gros-de-lombre-a-la-lumiere-un-parcours-inspirant-avec-le-xv-de-france\/","og_site_name":"sport-index","og_image":[{"width":1024,"height":576,"url":"https:\/\/sport-index.fr\/blog\/wp-content\/uploads\/2025\/04\/stability-jean-baptiste-gros-de-lombre-a-la-lumiere-un-parcours-inspirant-avec-le-xv-de-france.png","type":"image\/png"}],"author":"Axel Lauzier","twitter_card":"summary_large_image","schema":{"@context":"https:\/\/schema.org","@graph":[{"@type":"NewsArticle","@id":"https:\/\/sport-index.fr\/blog\/a-la-une\/jean-baptiste-gros-de-lombre-a-la-lumiere-un-parcours-inspirant-avec-le-xv-de-france\/#article","isPartOf":{"@id":"https:\/\/sport-index.fr\/blog\/a-la-une\/jean-baptiste-gros-de-lombre-a-la-lumiere-un-parcours-inspirant-avec-le-xv-de-france\/"},"author":{"name":"Axel Lauzier","@id":"https:\/\/sport-index.fr\/blog\/#\/schema\/person\/3c864cdc320801e3db34b663e7e3f816"},"headline":"Jean-Baptiste Gros : de l&rsquo;ombre \u00e0 la lumi\u00e8re, un parcours inspirant avec le XV de France","datePublished":"2025-04-03T04:10:02+00:00","mainEntityOfPage":{"@id":"https:\/\/sport-index.fr\/blog\/a-la-une\/jean-baptiste-gros-de-lombre-a-la-lumiere-un-parcours-inspirant-avec-le-xv-de-france\/"},"wordCount":487,"commentCount":30,"publisher":{"@id":"https:\/\/sport-index.fr\/blog\/#organization"},"image":{"@id":"https:\/\/sport-index.fr\/blog\/a-la-une\/jean-baptiste-gros-de-lombre-a-la-lumiere-un-parcours-inspirant-avec-le-xv-de-france\/#primaryimage"},"thumbnailUrl":"https:\/\/sport-index.fr\/blog\/wp-content\/uploads\/2025\/04\/stability-jean-baptiste-gros-de-lombre-a-la-lumiere-un-parcours-inspirant-avec-le-xv-de-france.png","keywords":["Coh\u00e9sion d'\u00c9quipe","Performance","Pr\u00e9paration Mentale","R\u00e9silience","XV de France"],"articleSection":["\u00c0 la une"],"inLanguage":"fr-FR","potentialAction":[{"@type":"CommentAction","name":"Comment","target":["https:\/\/sport-index.fr\/blog\/a-la-une\/jean-baptiste-gros-de-lombre-a-la-lumiere-un-parcours-inspirant-avec-le-xv-de-france\/#respond"]}]},{"@type":"WebPage","@id":"https:\/\/sport-index.fr\/blog\/a-la-une\/jean-baptiste-gros-de-lombre-a-la-lumiere-un-parcours-inspirant-avec-le-xv-de-france\/","url":"https:\/\/sport-index.fr\/blog\/a-la-une\/jean-baptiste-gros-de-lombre-a-la-lumiere-un-parcours-inspirant-avec-le-xv-de-france\/","name":"Jean-Baptiste Gros : de l'ombre \u00e0 la lumi\u00e8re, un parcours","isPartOf":{"@id":"https:\/\/sport-index.fr\/blog\/#website"},"primaryImageOfPage":{"@id":"https:\/\/sport-index.fr\/blog\/a-la-une\/jean-baptiste-gros-de-lombre-a-la-lumiere-un-parcours-inspirant-avec-le-xv-de-france\/#primaryimage"},"image":{"@id":"https:\/\/sport-index.fr\/blog\/a-la-une\/jean-baptiste-gros-de-lombre-a-la-lumiere-un-parcours-inspirant-avec-le-xv-de-france\/#primaryimage"},"thumbnailUrl":"https:\/\/sport-index.fr\/blog\/wp-content\/uploads\/2025\/04\/stability-jean-baptiste-gros-de-lombre-a-la-lumiere-un-parcours-inspirant-avec-le-xv-de-france.png","datePublished":"2025-04-03T04:10:02+00:00","description":"Un parcours marqu\u00e9 par les blessures Cependant, son parcours n\u2019a pas \u00e9t\u00e9 un long fleuve tranquille. Apr\u00e8s deux ans de blessures et de matchs sporadiques\u2026","inLanguage":"fr-FR","potentialAction":[{"@type":"ReadAction","target":["https:\/\/sport-index.fr\/blog\/a-la-une\/jean-baptiste-gros-de-lombre-a-la-lumiere-un-parcours-inspirant-avec-le-xv-de-france\/"]}]},{"@type":"ImageObject","inLanguage":"fr-FR","@id":"https:\/\/sport-index.fr\/blog\/a-la-une\/jean-baptiste-gros-de-lombre-a-la-lumiere-un-parcours-inspirant-avec-le-xv-de-france\/#primaryimage","url":"https:\/\/sport-index.fr\/blog\/wp-content\/uploads\/2025\/04\/stability-jean-baptiste-gros-de-lombre-a-la-lumiere-un-parcours-inspirant-avec-le-xv-de-france.png","contentUrl":"https:\/\/sport-index.fr\/blog\/wp-content\/uploads\/2025\/04\/stability-jean-baptiste-gros-de-lombre-a-la-lumiere-un-parcours-inspirant-avec-le-xv-de-france.png","width":1024,"height":576},{"@type":"WebSite","@id":"https:\/\/sport-index.fr\/blog\/#website","url":"https:\/\/sport-index.fr\/blog\/","name":"sport-index.fr","description":"Le score de l\u2019analyse sportive.","publisher":{"@id":"https:\/\/sport-index.fr\/blog\/#organization"},"alternateName":"Le score de l\u2019analyse sportive.","potentialAction":[{"@type":"SearchAction","target":{"@type":"EntryPoint","urlTemplate":"https:\/\/sport-index.fr\/blog\/?s={search_term_string}"},"query-input":{"@type":"PropertyValueSpecification","valueRequired":true,"valueName":"search_term_string"}}],"inLanguage":"fr-FR"},{"@type":"Organization","@id":"https:\/\/sport-index.fr\/blog\/#organization","name":"Foretsensations.fr","url":"https:\/\/sport-index.fr\/blog\/","logo":{"@type":"ImageObject","inLanguage":"fr-FR","@id":"https:\/\/sport-index.fr\/blog\/#\/schema\/logo\/image\/","url":"https:\/\/sport-index.fr\/blog\/wp-content\/uploads\/2026\/07\/logo-auto.png","contentUrl":"https:\/\/sport-index.fr\/blog\/wp-content\/uploads\/2026\/07\/logo-auto.png","width":1024,"height":1024,"caption":"Foretsensations.fr"},"image":{"@id":"https:\/\/sport-index.fr\/blog\/#\/schema\/logo\/image\/"}},{"@type":"Person","@id":"https:\/\/sport-index.fr\/blog\/#\/schema\/person\/3c864cdc320801e3db34b663e7e3f816","name":"Axel Lauzier","image":{"@type":"ImageObject","inLanguage":"fr-FR","@id":"https:\/\/sport-index.fr\/blog\/#\/schema\/person\/image\/","url":"https:\/\/sport-index.fr\/blog\/wp-content\/uploads\/2026\/06\/persona_axel-l-96x96.jpg","contentUrl":"https:\/\/sport-index.fr\/blog\/wp-content\/uploads\/2026\/06\/persona_axel-l-96x96.jpg","caption":"Axel Lauzier"},"description":"Le sport rythme mon quotidien depuis l'enfance, et j'en ai fait mon m\u00e9tier d'analyste r\u00e9dactionnel il y a une dizaine d'ann\u00e9es. Je couvre principalement le football, son actualit\u00e9, ses transferts et l'analyse tactique des grandes affiches, mais aussi les disciplines plus confidentielles que j'aime remettre en lumi\u00e8re. Une partie de mon travail porte sur les pronostics et la lecture statistique d'un match : forme des \u00e9quipes, historique des confrontations, compositions, sans jamais vendre de fausse certitude. Je rappelle syst\u00e9matiquement que parier comporte un risque et doit rester un loisir ma\u00eetris\u00e9. Avant de signer une analyse, je v\u00e9rifie mes chiffres, je recoupe les compositions probables et je distingue toujours la donn\u00e9e brute de l'intuition. Mon objectif : offrir une lecture honn\u00eate et argument\u00e9e, pas un ticket gagnant garanti.","sameAs":["https:\/\/axellauzier.fr\/"],"url":"https:\/\/sport-index.fr\/blog\/auteur\/noname\/"}]}},"_links":{"self":[{"href":"https:\/\/sport-index.fr\/blog\/wp-json\/wp\/v2\/posts\/12974","targetHints":{"allow":["GET"]}}],"collection":[{"href":"https:\/\/sport-index.fr\/blog\/wp-json\/wp\/v2\/posts"}],"about":[{"href":"https:\/\/sport-index.fr\/blog\/wp-json\/wp\/v2\/types\/post"}],"author":[{"embeddable":true,"href":"https:\/\/sport-index.fr\/blog\/wp-json\/wp\/v2\/users\/34"}],"replies":[{"embeddable":true,"href":"https:\/\/sport-index.fr\/blog\/wp-json\/wp\/v2\/comments?post=12974"}],"version-history":[{"count":2,"href":"https:\/\/sport-index.fr\/blog\/wp-json\/wp\/v2\/posts\/12974\/revisions"}],"predecessor-version":[{"id":12978,"href":"https:\/\/sport-index.fr\/blog\/wp-json\/wp\/v2\/posts\/12974\/revisions\/12978"}],"wp:featuredmedia":[{"embeddable":true,"href":"https:\/\/sport-index.fr\/blog\/wp-json\/wp\/v2\/media\/12975"}],"wp:attachment":[{"href":"https:\/\/sport-index.fr\/blog\/wp-json\/wp\/v2\/media?parent=12974"}],"wp:term":[{"taxonomy":"category","embeddable":true,"href":"https:\/\/sport-index.fr\/blog\/wp-json\/wp\/v2\/categories?post=12974"},{"taxonomy":"post_tag","embeddable":true,"href":"https:\/\/sport-index.fr\/blog\/wp-json\/wp\/v2\/tags?post=12974"}],"curies":[{"name":"wp","href":"https:\/\/api.w.org\/{rel}","templated":true}]}}