{"id":13099,"date":"2025-04-04T08:23:07","date_gmt":"2025-04-04T06:23:07","guid":{"rendered":"https:\/\/sport-index.fr\/blog\/?p=13099"},"modified":"2025-04-04T08:23:07","modified_gmt":"2025-04-04T06:23:07","slug":"les-saracens-et-la-champions-cup-un-affront-pour-le-rugby-europeen","status":"publish","type":"post","link":"https:\/\/sport-index.fr\/blog\/a-la-une\/les-saracens-et-la-champions-cup-un-affront-pour-le-rugby-europeen\/","title":{"rendered":"Les saracens et la champions cup : un affront pour le rugby europ\u00e9en ?"},"content":{"rendered":"<h2>Un choix controvers\u00e9 des saracens<\/h2>\n<p>Les Saracens ont r\u00e9cemment fait l&rsquo;objet de vives critiques apr\u00e8s avoir d\u00e9cid\u00e9 de laisser de nombreux internationaux au repos lors de leur d\u00e9placement \u00e0 Toulon. Ce choix, per\u00e7u comme un manque de respect envers la Champions Cup, suscite des interrogations sur l&rsquo;int\u00e9grit\u00e9 de la comp\u00e9tition. En effet, des joueurs cl\u00e9s tels que Ben Earl et Maro Itoje, qui ont largement contribu\u00e9 \u00e0 leur succ\u00e8s pass\u00e9, ne seront pas pr\u00e9sents sur le terrain.<\/p>\n<p>Cette d\u00e9cision soul\u00e8ve des questions sur les priorit\u00e9s des clubs. Les Saracens semblent privil\u00e9gier leur championnat domestique, o\u00f9 ils luttent pour une qualification. Ce choix rappelle le cas d&rsquo;Agen en 2002, qui avait \u00e9t\u00e9 lourdement sanctionn\u00e9 pour une d\u00e9cision similaire, illustrant ainsi les risques encourus par les clubs qui n\u00e9gligent la comp\u00e9tition europ\u00e9enne.<\/p>\n<h2>Un impact sur la cr\u00e9dibilit\u00e9 de la comp\u00e9tition<\/h2>\n<p>La Champions Cup, qui a vu les Saracens triompher \u00e0 trois reprises au cours de la derni\u00e8re d\u00e9cennie, subit un coup dur avec cette annonce. L&rsquo;absence de joueurs majeurs pourrait ternir l&rsquo;image de la comp\u00e9tition et r\u00e9duire l&rsquo;excitation des fans. Les \u00e9quipes qui participent \u00e0 ce tournoi devraient, en th\u00e9orie, afficher un engagement total pour offrir un spectacle de haut niveau.<\/p>\n<p>Les cons\u00e9quences de cette d\u00e9cision vont au-del\u00e0 d&rsquo;une simple rencontre. Elles affectent la dynamique globale du rugby europ\u00e9en et soul\u00e8vent des inqui\u00e9tudes quant \u00e0 l&rsquo;avenir de la Champions Cup. Si d&rsquo;autres clubs suivent l&rsquo;exemple des Saracens, cela pourrait engendrer une crise de confiance parmi les supporters et les sponsors.<\/p>\n<h2>Les d\u00e9fis \u00e9conomiques du rugby europ\u00e9en<\/h2>\n<p>La situation actuelle des Saracens met en lumi\u00e8re des enjeux \u00e9conomiques plus larges. La Champions Cup, bien qu&rsquo;historique, ne semble plus attirer l&rsquo;enthousiasme qu&rsquo;elle suscitait autrefois. Alors que les clubs anglais se replient sur eux-m\u00eames, le d\u00e9bat sur la cr\u00e9ation d&rsquo;un championnat commun regroupant les \u00e9quipes britanniques et celtes devient de plus en plus pressant.<\/p>\n<p>Il est crucial de se demander si un tel championnat serait viable et b\u00e9n\u00e9fique pour l&rsquo;avenir du rugby. Une telle initiative pourrait avoir des cons\u00e9quences d\u00e9sastreuses pour la Champions Cup, qui pourrait perdre son attrait et son sens. Le besoin d&rsquo;une r\u00e9forme s&rsquo;impose, mais il est imp\u00e9ratif de trouver un consensus entre les diff\u00e9rentes parties prenantes.<\/p>\n<h2>La n\u00e9cessit\u00e9 d&rsquo;une r\u00e9flexion collective<\/h2>\n<p>La probl\u00e9matique des Saracens met en lumi\u00e8re l&rsquo;incapacit\u00e9 du rugby \u00e0 s&rsquo;organiser efficacement. Alors que la charge de travail des joueurs augmente, le calendrier reste surcharg\u00e9, ce qui nuit \u00e0 la qualit\u00e9 des matchs. Les clubs et les instances dirigeantes doivent se r\u00e9unir pour discuter des solutions viables afin de r\u00e9tablir l&rsquo;\u00e9quilibre entre les comp\u00e9titions nationales et europ\u00e9ennes.<\/p>\n<p>Le rugby m\u00e9rite un rendez-vous de qualit\u00e9, mais le chemin \u00e0 parcourir semble sem\u00e9 d&#8217;emb\u00fbches. Les clubs doivent r\u00e9fl\u00e9chir \u00e0 leur engagement envers les comp\u00e9titions internationales. Les supporters m\u00e9ritent des matchs de haut niveau, sans que les clubs ne choisissent de sacrifier l&rsquo;une ou l&rsquo;autre comp\u00e9tition.<\/p>\n<blockquote><p>\n\u00ab\u00a0Le rugby doit retrouver son unit\u00e9 et son engagement envers toutes les comp\u00e9titions.\u00a0\u00bb &#8211; Expert du rugby\n<\/p><\/blockquote>\n<ul>\n<li>Priorit\u00e9 au championnat national<\/li>\n<li>Absence de joueurs cl\u00e9s<\/li>\n<li>Impact sur l&rsquo;image de la Champions Cup<\/li>\n<li>D\u00e9bat sur un championnat commun<\/li>\n<li>Probl\u00e8mes de calendrier<\/li>\n<\/ul>\n<p>Les Saracens, en optant pour cette strat\u00e9gie, ne font pas seulement un choix tactique, mais remettent en question l&rsquo;essence m\u00eame du rugby europ\u00e9en. La Champions Cup, qui a su rassembler les meilleures \u00e9quipes du continent, doit faire face \u00e0 un d\u00e9fi crucial pour sa survie et son d\u00e9veloppement futur.<\/p>\n","protected":false},"excerpt":{"rendered":"","protected":false},"author":34,"featured_media":15373,"comment_status":"open","ping_status":"open","sticky":false,"template":"","format":"standard","meta":{"_acf_changed":false,"manual_indexmenow":false,"indexmenow_id_project":0,"footnotes":""},"categories":[1],"tags":[5291,4685,4898,4543,5302],"class_list":["post-13099","post","type-post","status-publish","format-standard","has-post-thumbnail","hentry","category-a-la-une","tag-champions-cup","tag-evenements-sportifs","tag-gestion-du-stress","tag-performance","tag-saracens","generate-columns","tablet-grid-50","mobile-grid-100","grid-parent","grid-25"],"acf":[],"yoast_head":"<!-- This site is optimized with the Yoast SEO Premium plugin v21.3 (Yoast SEO v26.5) - https:\/\/yoast.com\/wordpress\/plugins\/seo\/ -->\n<title>Les saracens et la champions cup : un affront pour le rugby<\/title>\n<meta name=\"description\" content=\"Un choix controvers\u00e9 des saracens Les Saracens ont r\u00e9cemment fait l&#039;objet de vives critiques apr\u00e8s avoir d\u00e9cid\u00e9 de laisser de nombreux internationaux au\u2026\" \/>\n<meta name=\"robots\" content=\"index, follow, max-snippet:-1, max-image-preview:large, max-video-preview:-1\" \/>\n<link rel=\"canonical\" href=\"https:\/\/sport-index.fr\/blog\/a-la-une\/les-saracens-et-la-champions-cup-un-affront-pour-le-rugby-europeen\/\" \/>\n<meta property=\"og:locale\" content=\"fr_FR\" \/>\n<meta property=\"og:type\" content=\"article\" \/>\n<meta property=\"og:title\" content=\"Les saracens et la champions cup : un affront pour le rugby\" \/>\n<meta property=\"og:description\" content=\"Un choix controvers\u00e9 des saracens Les Saracens ont r\u00e9cemment fait l&#039;objet de vives critiques apr\u00e8s avoir d\u00e9cid\u00e9 de laisser de nombreux internationaux au\u2026\" \/>\n<meta property=\"og:url\" content=\"https:\/\/sport-index.fr\/blog\/a-la-une\/les-saracens-et-la-champions-cup-un-affront-pour-le-rugby-europeen\/\" \/>\n<meta property=\"og:site_name\" content=\"sport-index\" \/>\n<meta name=\"author\" content=\"Axel Lauzier\" \/>\n<meta name=\"twitter:card\" content=\"summary_large_image\" \/>\n<script type=\"application\/ld+json\" class=\"yoast-schema-graph\">{\"@context\":\"https:\/\/schema.org\",\"@graph\":[{\"@type\":\"NewsArticle\",\"@id\":\"https:\/\/sport-index.fr\/blog\/a-la-une\/les-saracens-et-la-champions-cup-un-affront-pour-le-rugby-europeen\/#article\",\"isPartOf\":{\"@id\":\"https:\/\/sport-index.fr\/blog\/a-la-une\/les-saracens-et-la-champions-cup-un-affront-pour-le-rugby-europeen\/\"},\"author\":{\"name\":\"Axel Lauzier\",\"@id\":\"https:\/\/sport-index.fr\/blog\/#\/schema\/person\/3c864cdc320801e3db34b663e7e3f816\"},\"headline\":\"Les saracens et la champions cup : un affront pour le rugby europ\u00e9en ?\",\"datePublished\":\"2025-04-04T06:23:07+00:00\",\"mainEntityOfPage\":{\"@id\":\"https:\/\/sport-index.fr\/blog\/a-la-une\/les-saracens-et-la-champions-cup-un-affront-pour-le-rugby-europeen\/\"},\"wordCount\":658,\"commentCount\":16,\"publisher\":{\"@id\":\"https:\/\/sport-index.fr\/blog\/#organization\"},\"image\":{\"@id\":\"https:\/\/sport-index.fr\/blog\/a-la-une\/les-saracens-et-la-champions-cup-un-affront-pour-le-rugby-europeen\/#primaryimage\"},\"thumbnailUrl\":\"https:\/\/sport-index.fr\/blog\/wp-content\/uploads\/2025\/05\/sdxl-579211a88faecbc579db61f180a18f2f-scaled.png\",\"keywords\":[\"Champions Cup\",\"\u00c9v\u00e9nements Sportifs\",\"Gestion Du Stress\",\"Performance\",\"Saracens\"],\"articleSection\":[\"\u00c0 la une\"],\"inLanguage\":\"fr-FR\",\"potentialAction\":[{\"@type\":\"CommentAction\",\"name\":\"Comment\",\"target\":[\"https:\/\/sport-index.fr\/blog\/a-la-une\/les-saracens-et-la-champions-cup-un-affront-pour-le-rugby-europeen\/#respond\"]}]},{\"@type\":\"WebPage\",\"@id\":\"https:\/\/sport-index.fr\/blog\/a-la-une\/les-saracens-et-la-champions-cup-un-affront-pour-le-rugby-europeen\/\",\"url\":\"https:\/\/sport-index.fr\/blog\/a-la-une\/les-saracens-et-la-champions-cup-un-affront-pour-le-rugby-europeen\/\",\"name\":\"Les saracens et la champions cup : un affront pour le rugby\",\"isPartOf\":{\"@id\":\"https:\/\/sport-index.fr\/blog\/#website\"},\"primaryImageOfPage\":{\"@id\":\"https:\/\/sport-index.fr\/blog\/a-la-une\/les-saracens-et-la-champions-cup-un-affront-pour-le-rugby-europeen\/#primaryimage\"},\"image\":{\"@id\":\"https:\/\/sport-index.fr\/blog\/a-la-une\/les-saracens-et-la-champions-cup-un-affront-pour-le-rugby-europeen\/#primaryimage\"},\"thumbnailUrl\":\"https:\/\/sport-index.fr\/blog\/wp-content\/uploads\/2025\/05\/sdxl-579211a88faecbc579db61f180a18f2f-scaled.png\",\"datePublished\":\"2025-04-04T06:23:07+00:00\",\"description\":\"Un choix controvers\u00e9 des saracens Les Saracens ont r\u00e9cemment fait l'objet de vives critiques apr\u00e8s avoir d\u00e9cid\u00e9 de laisser de nombreux internationaux au\u2026\",\"inLanguage\":\"fr-FR\",\"potentialAction\":[{\"@type\":\"ReadAction\",\"target\":[\"https:\/\/sport-index.fr\/blog\/a-la-une\/les-saracens-et-la-champions-cup-un-affront-pour-le-rugby-europeen\/\"]}]},{\"@type\":\"ImageObject\",\"inLanguage\":\"fr-FR\",\"@id\":\"https:\/\/sport-index.fr\/blog\/a-la-une\/les-saracens-et-la-champions-cup-un-affront-pour-le-rugby-europeen\/#primaryimage\",\"url\":\"https:\/\/sport-index.fr\/blog\/wp-content\/uploads\/2025\/05\/sdxl-579211a88faecbc579db61f180a18f2f-scaled.png\",\"contentUrl\":\"https:\/\/sport-index.fr\/blog\/wp-content\/uploads\/2025\/05\/sdxl-579211a88faecbc579db61f180a18f2f-scaled.png\",\"width\":1200,\"height\":500},{\"@type\":\"WebSite\",\"@id\":\"https:\/\/sport-index.fr\/blog\/#website\",\"url\":\"https:\/\/sport-index.fr\/blog\/\",\"name\":\"sport-index.fr\",\"description\":\"Le score de l\u2019analyse sportive.\",\"publisher\":{\"@id\":\"https:\/\/sport-index.fr\/blog\/#organization\"},\"alternateName\":\"Le score de l\u2019analyse sportive.\",\"potentialAction\":[{\"@type\":\"SearchAction\",\"target\":{\"@type\":\"EntryPoint\",\"urlTemplate\":\"https:\/\/sport-index.fr\/blog\/?s={search_term_string}\"},\"query-input\":{\"@type\":\"PropertyValueSpecification\",\"valueRequired\":true,\"valueName\":\"search_term_string\"}}],\"inLanguage\":\"fr-FR\"},{\"@type\":\"Organization\",\"@id\":\"https:\/\/sport-index.fr\/blog\/#organization\",\"name\":\"Foretsensations.fr\",\"url\":\"https:\/\/sport-index.fr\/blog\/\",\"logo\":{\"@type\":\"ImageObject\",\"inLanguage\":\"fr-FR\",\"@id\":\"https:\/\/sport-index.fr\/blog\/#\/schema\/logo\/image\/\",\"url\":\"https:\/\/sport-index.fr\/blog\/wp-content\/uploads\/2026\/07\/logo-auto.png\",\"contentUrl\":\"https:\/\/sport-index.fr\/blog\/wp-content\/uploads\/2026\/07\/logo-auto.png\",\"width\":1024,\"height\":1024,\"caption\":\"Foretsensations.fr\"},\"image\":{\"@id\":\"https:\/\/sport-index.fr\/blog\/#\/schema\/logo\/image\/\"}},{\"@type\":\"Person\",\"@id\":\"https:\/\/sport-index.fr\/blog\/#\/schema\/person\/3c864cdc320801e3db34b663e7e3f816\",\"name\":\"Axel Lauzier\",\"image\":{\"@type\":\"ImageObject\",\"inLanguage\":\"fr-FR\",\"@id\":\"https:\/\/sport-index.fr\/blog\/#\/schema\/person\/image\/\",\"url\":\"https:\/\/sport-index.fr\/blog\/wp-content\/uploads\/2026\/06\/persona_axel-l-96x96.jpg\",\"contentUrl\":\"https:\/\/sport-index.fr\/blog\/wp-content\/uploads\/2026\/06\/persona_axel-l-96x96.jpg\",\"caption\":\"Axel Lauzier\"},\"description\":\"Le sport rythme mon quotidien depuis l'enfance, et j'en ai fait mon m\u00e9tier d'analyste r\u00e9dactionnel il y a une dizaine d'ann\u00e9es. Je couvre principalement le football, son actualit\u00e9, ses transferts et l'analyse tactique des grandes affiches, mais aussi les disciplines plus confidentielles que j'aime remettre en lumi\u00e8re. Une partie de mon travail porte sur les pronostics et la lecture statistique d'un match : forme des \u00e9quipes, historique des confrontations, compositions, sans jamais vendre de fausse certitude. Je rappelle syst\u00e9matiquement que parier comporte un risque et doit rester un loisir ma\u00eetris\u00e9. Avant de signer une analyse, je v\u00e9rifie mes chiffres, je recoupe les compositions probables et je distingue toujours la donn\u00e9e brute de l'intuition. Mon objectif : offrir une lecture honn\u00eate et argument\u00e9e, pas un ticket gagnant garanti.\",\"sameAs\":[\"https:\/\/axellauzier.fr\/\"],\"url\":\"https:\/\/sport-index.fr\/blog\/auteur\/noname\/\"}]}<\/script>\n<!-- \/ Yoast SEO Premium plugin. -->","yoast_head_json":{"title":"Les saracens et la champions cup : un affront pour le rugby","description":"Un choix controvers\u00e9 des saracens Les Saracens ont r\u00e9cemment fait l'objet de vives critiques apr\u00e8s avoir d\u00e9cid\u00e9 de laisser de nombreux internationaux au\u2026","robots":{"index":"index","follow":"follow","max-snippet":"max-snippet:-1","max-image-preview":"max-image-preview:large","max-video-preview":"max-video-preview:-1"},"canonical":"https:\/\/sport-index.fr\/blog\/a-la-une\/les-saracens-et-la-champions-cup-un-affront-pour-le-rugby-europeen\/","og_locale":"fr_FR","og_type":"article","og_title":"Les saracens et la champions cup : un affront pour le rugby","og_description":"Un choix controvers\u00e9 des saracens Les Saracens ont r\u00e9cemment fait l'objet de vives critiques apr\u00e8s avoir d\u00e9cid\u00e9 de laisser de nombreux internationaux au\u2026","og_url":"https:\/\/sport-index.fr\/blog\/a-la-une\/les-saracens-et-la-champions-cup-un-affront-pour-le-rugby-europeen\/","og_site_name":"sport-index","author":"Axel Lauzier","twitter_card":"summary_large_image","schema":{"@context":"https:\/\/schema.org","@graph":[{"@type":"NewsArticle","@id":"https:\/\/sport-index.fr\/blog\/a-la-une\/les-saracens-et-la-champions-cup-un-affront-pour-le-rugby-europeen\/#article","isPartOf":{"@id":"https:\/\/sport-index.fr\/blog\/a-la-une\/les-saracens-et-la-champions-cup-un-affront-pour-le-rugby-europeen\/"},"author":{"name":"Axel Lauzier","@id":"https:\/\/sport-index.fr\/blog\/#\/schema\/person\/3c864cdc320801e3db34b663e7e3f816"},"headline":"Les saracens et la champions cup : un affront pour le rugby europ\u00e9en ?","datePublished":"2025-04-04T06:23:07+00:00","mainEntityOfPage":{"@id":"https:\/\/sport-index.fr\/blog\/a-la-une\/les-saracens-et-la-champions-cup-un-affront-pour-le-rugby-europeen\/"},"wordCount":658,"commentCount":16,"publisher":{"@id":"https:\/\/sport-index.fr\/blog\/#organization"},"image":{"@id":"https:\/\/sport-index.fr\/blog\/a-la-une\/les-saracens-et-la-champions-cup-un-affront-pour-le-rugby-europeen\/#primaryimage"},"thumbnailUrl":"https:\/\/sport-index.fr\/blog\/wp-content\/uploads\/2025\/05\/sdxl-579211a88faecbc579db61f180a18f2f-scaled.png","keywords":["Champions Cup","\u00c9v\u00e9nements Sportifs","Gestion Du Stress","Performance","Saracens"],"articleSection":["\u00c0 la une"],"inLanguage":"fr-FR","potentialAction":[{"@type":"CommentAction","name":"Comment","target":["https:\/\/sport-index.fr\/blog\/a-la-une\/les-saracens-et-la-champions-cup-un-affront-pour-le-rugby-europeen\/#respond"]}]},{"@type":"WebPage","@id":"https:\/\/sport-index.fr\/blog\/a-la-une\/les-saracens-et-la-champions-cup-un-affront-pour-le-rugby-europeen\/","url":"https:\/\/sport-index.fr\/blog\/a-la-une\/les-saracens-et-la-champions-cup-un-affront-pour-le-rugby-europeen\/","name":"Les saracens et la champions cup : un affront pour le rugby","isPartOf":{"@id":"https:\/\/sport-index.fr\/blog\/#website"},"primaryImageOfPage":{"@id":"https:\/\/sport-index.fr\/blog\/a-la-une\/les-saracens-et-la-champions-cup-un-affront-pour-le-rugby-europeen\/#primaryimage"},"image":{"@id":"https:\/\/sport-index.fr\/blog\/a-la-une\/les-saracens-et-la-champions-cup-un-affront-pour-le-rugby-europeen\/#primaryimage"},"thumbnailUrl":"https:\/\/sport-index.fr\/blog\/wp-content\/uploads\/2025\/05\/sdxl-579211a88faecbc579db61f180a18f2f-scaled.png","datePublished":"2025-04-04T06:23:07+00:00","description":"Un choix controvers\u00e9 des saracens Les Saracens ont r\u00e9cemment fait l'objet de vives critiques apr\u00e8s avoir d\u00e9cid\u00e9 de laisser de nombreux internationaux au\u2026","inLanguage":"fr-FR","potentialAction":[{"@type":"ReadAction","target":["https:\/\/sport-index.fr\/blog\/a-la-une\/les-saracens-et-la-champions-cup-un-affront-pour-le-rugby-europeen\/"]}]},{"@type":"ImageObject","inLanguage":"fr-FR","@id":"https:\/\/sport-index.fr\/blog\/a-la-une\/les-saracens-et-la-champions-cup-un-affront-pour-le-rugby-europeen\/#primaryimage","url":"https:\/\/sport-index.fr\/blog\/wp-content\/uploads\/2025\/05\/sdxl-579211a88faecbc579db61f180a18f2f-scaled.png","contentUrl":"https:\/\/sport-index.fr\/blog\/wp-content\/uploads\/2025\/05\/sdxl-579211a88faecbc579db61f180a18f2f-scaled.png","width":1200,"height":500},{"@type":"WebSite","@id":"https:\/\/sport-index.fr\/blog\/#website","url":"https:\/\/sport-index.fr\/blog\/","name":"sport-index.fr","description":"Le score de l\u2019analyse sportive.","publisher":{"@id":"https:\/\/sport-index.fr\/blog\/#organization"},"alternateName":"Le score de l\u2019analyse sportive.","potentialAction":[{"@type":"SearchAction","target":{"@type":"EntryPoint","urlTemplate":"https:\/\/sport-index.fr\/blog\/?s={search_term_string}"},"query-input":{"@type":"PropertyValueSpecification","valueRequired":true,"valueName":"search_term_string"}}],"inLanguage":"fr-FR"},{"@type":"Organization","@id":"https:\/\/sport-index.fr\/blog\/#organization","name":"Foretsensations.fr","url":"https:\/\/sport-index.fr\/blog\/","logo":{"@type":"ImageObject","inLanguage":"fr-FR","@id":"https:\/\/sport-index.fr\/blog\/#\/schema\/logo\/image\/","url":"https:\/\/sport-index.fr\/blog\/wp-content\/uploads\/2026\/07\/logo-auto.png","contentUrl":"https:\/\/sport-index.fr\/blog\/wp-content\/uploads\/2026\/07\/logo-auto.png","width":1024,"height":1024,"caption":"Foretsensations.fr"},"image":{"@id":"https:\/\/sport-index.fr\/blog\/#\/schema\/logo\/image\/"}},{"@type":"Person","@id":"https:\/\/sport-index.fr\/blog\/#\/schema\/person\/3c864cdc320801e3db34b663e7e3f816","name":"Axel Lauzier","image":{"@type":"ImageObject","inLanguage":"fr-FR","@id":"https:\/\/sport-index.fr\/blog\/#\/schema\/person\/image\/","url":"https:\/\/sport-index.fr\/blog\/wp-content\/uploads\/2026\/06\/persona_axel-l-96x96.jpg","contentUrl":"https:\/\/sport-index.fr\/blog\/wp-content\/uploads\/2026\/06\/persona_axel-l-96x96.jpg","caption":"Axel Lauzier"},"description":"Le sport rythme mon quotidien depuis l'enfance, et j'en ai fait mon m\u00e9tier d'analyste r\u00e9dactionnel il y a une dizaine d'ann\u00e9es. Je couvre principalement le football, son actualit\u00e9, ses transferts et l'analyse tactique des grandes affiches, mais aussi les disciplines plus confidentielles que j'aime remettre en lumi\u00e8re. Une partie de mon travail porte sur les pronostics et la lecture statistique d'un match : forme des \u00e9quipes, historique des confrontations, compositions, sans jamais vendre de fausse certitude. Je rappelle syst\u00e9matiquement que parier comporte un risque et doit rester un loisir ma\u00eetris\u00e9. Avant de signer une analyse, je v\u00e9rifie mes chiffres, je recoupe les compositions probables et je distingue toujours la donn\u00e9e brute de l'intuition. Mon objectif : offrir une lecture honn\u00eate et argument\u00e9e, pas un ticket gagnant garanti.","sameAs":["https:\/\/axellauzier.fr\/"],"url":"https:\/\/sport-index.fr\/blog\/auteur\/noname\/"}]}},"_links":{"self":[{"href":"https:\/\/sport-index.fr\/blog\/wp-json\/wp\/v2\/posts\/13099","targetHints":{"allow":["GET"]}}],"collection":[{"href":"https:\/\/sport-index.fr\/blog\/wp-json\/wp\/v2\/posts"}],"about":[{"href":"https:\/\/sport-index.fr\/blog\/wp-json\/wp\/v2\/types\/post"}],"author":[{"embeddable":true,"href":"https:\/\/sport-index.fr\/blog\/wp-json\/wp\/v2\/users\/34"}],"replies":[{"embeddable":true,"href":"https:\/\/sport-index.fr\/blog\/wp-json\/wp\/v2\/comments?post=13099"}],"version-history":[{"count":1,"href":"https:\/\/sport-index.fr\/blog\/wp-json\/wp\/v2\/posts\/13099\/revisions"}],"predecessor-version":[{"id":13100,"href":"https:\/\/sport-index.fr\/blog\/wp-json\/wp\/v2\/posts\/13099\/revisions\/13100"}],"wp:featuredmedia":[{"embeddable":true,"href":"https:\/\/sport-index.fr\/blog\/wp-json\/wp\/v2\/media\/15373"}],"wp:attachment":[{"href":"https:\/\/sport-index.fr\/blog\/wp-json\/wp\/v2\/media?parent=13099"}],"wp:term":[{"taxonomy":"category","embeddable":true,"href":"https:\/\/sport-index.fr\/blog\/wp-json\/wp\/v2\/categories?post=13099"},{"taxonomy":"post_tag","embeddable":true,"href":"https:\/\/sport-index.fr\/blog\/wp-json\/wp\/v2\/tags?post=13099"}],"curies":[{"name":"wp","href":"https:\/\/api.w.org\/{rel}","templated":true}]}}