{"id":13177,"date":"2025-04-05T08:00:35","date_gmt":"2025-04-05T06:00:35","guid":{"rendered":"https:\/\/sport-index.fr\/blog\/?p=13177"},"modified":"2025-04-05T08:00:35","modified_gmt":"2025-04-05T06:00:35","slug":"tadhg-beirne-de-lombre-a-leclat-lors-de-la-champions-cup","status":"publish","type":"post","link":"https:\/\/sport-index.fr\/blog\/a-la-une\/tadhg-beirne-de-lombre-a-leclat-lors-de-la-champions-cup\/","title":{"rendered":"Tadhg Beirne : de l&rsquo;ombre \u00e0 l&rsquo;\u00e9clat lors de la Champions Cup"},"content":{"rendered":"<h2>Un chemin sem\u00e9 d&#8217;emb\u00fbches<\/h2>\n<p>Le parcours de Tadhg Beirne, deuxi\u00e8me ligne du Munster, a \u00e9t\u00e9 r\u00e9cemment marqu\u00e9 par une controverse qui a attir\u00e9 l&rsquo;attention sur lui. Lors du dernier Tournoi des 6 Nations, un incident survenu durant le match contre la France a gravement bless\u00e9 Antoine Dupont, suscitant des critiques \u00e0 son \u00e9gard. Malgr\u00e9 cette temp\u00eate m\u00e9diatique, Beirne se pr\u00e9pare \u00e0 affronter le Stade Rochelais en 8e de finale de la Champions Cup, un moment crucial pour sa carri\u00e8re.<\/p>\n<p>Cette situation a mis Beirne sous les projecteurs, un r\u00f4le qu&rsquo;il n&rsquo;a pas l&rsquo;habitude d&rsquo;endosser. Lors d\u2019une conf\u00e9rence de presse, il a pris le temps d\u2019exprimer ses regrets concernant l\u2019incident, affirmant que sa volont\u00e9 n\u2019\u00e9tait jamais de blesser un autre joueur. \u00ab\u00a0C\u2019\u00e9tait juste une malheureuse circonstance\u00a0\u00bb, a-t-il d\u00e9clar\u00e9, cherchant \u00e0 apaiser les tensions autour de cet \u00e9v\u00e9nement malheureux.<\/p>\n<h2>Une r\u00e9silience \u00e0 toute \u00e9preuve<\/h2>\n<p>Face \u00e0 l\u2019adversit\u00e9, Tadhg Beirne a fait preuve d\u2019une r\u00e9silience incroyable. Ce n&rsquo;est pas seulement un joueur talentueux ; c&rsquo;est \u00e9galement un homme qui sait faire face aux d\u00e9fis. Il a pris l&rsquo;initiative de s&rsquo;excuser, tentant m\u00eame de contacter Antoine Dupont apr\u00e8s le match, bien que ses efforts aient \u00e9t\u00e9 vains.<\/p>\n<p>Les enjeux de ce match contre le Stade Rochelais sont \u00e9lev\u00e9s. Pour Beirne, il ne s&rsquo;agit pas seulement de prouver ses comp\u00e9tences sur le terrain, mais aussi de se racheter aux yeux du public fran\u00e7ais. \u00ab\u00a0Je n&rsquo;ai jamais voulu blesser le meilleur joueur du monde\u00a0\u00bb, a-t-il insist\u00e9, rappelant que le rugby reste un sport o\u00f9 l&rsquo;int\u00e9grit\u00e9 des joueurs doit primer.<\/p>\n<h2>Un retour attendu sous les projecteurs<\/h2>\n<p>Le match \u00e0 venir est une occasion pour Beirne de red\u00e9finir son image dans le rugby international. Son r\u00f4le de capitaine du Munster en fait un leader, et il devra montrer qu&rsquo;il peut porter cette responsabilit\u00e9 avec dignit\u00e9. La pression sera forte, mais c&rsquo;est une chance pour lui de montrer sa valeur sur le terrain.<\/p>\n<p>De nombreux fans et observateurs se demandent comment le public de Deflandre accueillera Beirne. Sa performance pourrait bien influencer non seulement son \u00e9quipe, mais aussi la mani\u00e8re dont il est per\u00e7u dans le monde du rugby. Pour lui, chaque match est une opportunit\u00e9 de montrer son vrai caract\u00e8re et de prouver qu&rsquo;il est plus qu\u2019un simple joueur : il est un homme de c\u0153ur.<\/p>\n<ul>\n<li>Un incident controvers\u00e9 lors du Tournoi des 6 Nations<\/li>\n<li>Des excuses sinc\u00e8res et une tentative de r\u00e9conciliation<\/li>\n<li>Une pression accrue pour le match contre le Stade Rochelais<\/li>\n<li>Un r\u00f4le de leader au sein du Munster<\/li>\n<li>Une opportunit\u00e9 de red\u00e9finir son image<\/li>\n<\/ul>\n<blockquote><p>\n  \u00ab\u00a0Je suis d\u00e9sol\u00e9 que cela lui soit arriv\u00e9. On ne souhaite \u00e7a \u00e0 aucun joueur.\u00a0\u00bb &#8211; Tadhg Beirne\n<\/p><\/blockquote>\n<p>En somme, le parcours de Tadhg Beirne est un t\u00e9moignage de la complexit\u00e9 des d\u00e9fis auxquels les athl\u00e8tes sont confront\u00e9s. Ce match ne sera pas seulement une rencontre sportive, mais un moment de v\u00e9rit\u00e9 pour un joueur qui aspire \u00e0 se racheter et \u00e0 se prouver sur la sc\u00e8ne internationale. Les yeux seront riv\u00e9s sur lui, et il aura l&rsquo;occasion de transformer l&rsquo;ombre en lumi\u00e8re.<\/p>\n","protected":false},"excerpt":{"rendered":"","protected":false},"author":34,"featured_media":16198,"comment_status":"open","ping_status":"open","sticky":false,"template":"","format":"standard","meta":{"_acf_changed":false,"manual_indexmenow":false,"indexmenow_id_project":0,"footnotes":""},"categories":[1],"tags":[4898,4563,4408,4536,4556],"class_list":["post-13177","post","type-post","status-publish","format-standard","has-post-thumbnail","hentry","category-a-la-une","tag-gestion-du-stress","tag-performance-athletique","tag-resilience","tag-rugby","tag-tournoi-des-6-nations","generate-columns","tablet-grid-50","mobile-grid-100","grid-parent","grid-25"],"acf":[],"yoast_head":"<!-- This site is optimized with the Yoast SEO Premium plugin v21.3 (Yoast SEO v26.5) - https:\/\/yoast.com\/wordpress\/plugins\/seo\/ -->\n<title>Tadhg Beirne : de l&#039;ombre \u00e0 l&#039;\u00e9clat lors de la Champions Cup<\/title>\n<meta name=\"description\" content=\"Un chemin sem\u00e9 d&#039;emb\u00fbches Le parcours de Tadhg Beirne, deuxi\u00e8me ligne du Munster, a \u00e9t\u00e9 r\u00e9cemment marqu\u00e9 par une controverse qui a attir\u00e9 l&#039;attention sur\u2026\" \/>\n<meta name=\"robots\" content=\"index, follow, max-snippet:-1, max-image-preview:large, max-video-preview:-1\" \/>\n<link rel=\"canonical\" href=\"https:\/\/sport-index.fr\/blog\/a-la-une\/tadhg-beirne-de-lombre-a-leclat-lors-de-la-champions-cup\/\" \/>\n<meta property=\"og:locale\" content=\"fr_FR\" \/>\n<meta property=\"og:type\" content=\"article\" \/>\n<meta property=\"og:title\" content=\"Tadhg Beirne : de l&#039;ombre \u00e0 l&#039;\u00e9clat lors de la Champions Cup\" \/>\n<meta property=\"og:description\" content=\"Un chemin sem\u00e9 d&#039;emb\u00fbches Le parcours de Tadhg Beirne, deuxi\u00e8me ligne du Munster, a \u00e9t\u00e9 r\u00e9cemment marqu\u00e9 par une controverse qui a attir\u00e9 l&#039;attention sur\u2026\" \/>\n<meta property=\"og:url\" content=\"https:\/\/sport-index.fr\/blog\/a-la-une\/tadhg-beirne-de-lombre-a-leclat-lors-de-la-champions-cup\/\" \/>\n<meta property=\"og:site_name\" content=\"sport-index\" \/>\n<meta name=\"author\" content=\"Axel Lauzier\" \/>\n<meta name=\"twitter:card\" content=\"summary_large_image\" \/>\n<script type=\"application\/ld+json\" class=\"yoast-schema-graph\">{\"@context\":\"https:\/\/schema.org\",\"@graph\":[{\"@type\":\"NewsArticle\",\"@id\":\"https:\/\/sport-index.fr\/blog\/a-la-une\/tadhg-beirne-de-lombre-a-leclat-lors-de-la-champions-cup\/#article\",\"isPartOf\":{\"@id\":\"https:\/\/sport-index.fr\/blog\/a-la-une\/tadhg-beirne-de-lombre-a-leclat-lors-de-la-champions-cup\/\"},\"author\":{\"name\":\"Axel Lauzier\",\"@id\":\"https:\/\/sport-index.fr\/blog\/#\/schema\/person\/3c864cdc320801e3db34b663e7e3f816\"},\"headline\":\"Tadhg Beirne : de l&rsquo;ombre \u00e0 l&rsquo;\u00e9clat lors de la Champions Cup\",\"datePublished\":\"2025-04-05T06:00:35+00:00\",\"mainEntityOfPage\":{\"@id\":\"https:\/\/sport-index.fr\/blog\/a-la-une\/tadhg-beirne-de-lombre-a-leclat-lors-de-la-champions-cup\/\"},\"wordCount\":566,\"commentCount\":24,\"publisher\":{\"@id\":\"https:\/\/sport-index.fr\/blog\/#organization\"},\"image\":{\"@id\":\"https:\/\/sport-index.fr\/blog\/a-la-une\/tadhg-beirne-de-lombre-a-leclat-lors-de-la-champions-cup\/#primaryimage\"},\"thumbnailUrl\":\"https:\/\/sport-index.fr\/blog\/wp-content\/uploads\/2025\/05\/sdxl-604dcfb5eaed1e2cb25637bccb60d22f-scaled.png\",\"keywords\":[\"Gestion Du Stress\",\"Performance Athl\u00e9tique\",\"R\u00e9silience\",\"Rugby\",\"Tournoi des 6 Nations\"],\"articleSection\":[\"\u00c0 la une\"],\"inLanguage\":\"fr-FR\",\"potentialAction\":[{\"@type\":\"CommentAction\",\"name\":\"Comment\",\"target\":[\"https:\/\/sport-index.fr\/blog\/a-la-une\/tadhg-beirne-de-lombre-a-leclat-lors-de-la-champions-cup\/#respond\"]}]},{\"@type\":\"WebPage\",\"@id\":\"https:\/\/sport-index.fr\/blog\/a-la-une\/tadhg-beirne-de-lombre-a-leclat-lors-de-la-champions-cup\/\",\"url\":\"https:\/\/sport-index.fr\/blog\/a-la-une\/tadhg-beirne-de-lombre-a-leclat-lors-de-la-champions-cup\/\",\"name\":\"Tadhg Beirne : de l'ombre \u00e0 l'\u00e9clat lors de la Champions Cup\",\"isPartOf\":{\"@id\":\"https:\/\/sport-index.fr\/blog\/#website\"},\"primaryImageOfPage\":{\"@id\":\"https:\/\/sport-index.fr\/blog\/a-la-une\/tadhg-beirne-de-lombre-a-leclat-lors-de-la-champions-cup\/#primaryimage\"},\"image\":{\"@id\":\"https:\/\/sport-index.fr\/blog\/a-la-une\/tadhg-beirne-de-lombre-a-leclat-lors-de-la-champions-cup\/#primaryimage\"},\"thumbnailUrl\":\"https:\/\/sport-index.fr\/blog\/wp-content\/uploads\/2025\/05\/sdxl-604dcfb5eaed1e2cb25637bccb60d22f-scaled.png\",\"datePublished\":\"2025-04-05T06:00:35+00:00\",\"description\":\"Un chemin sem\u00e9 d'emb\u00fbches Le parcours de Tadhg Beirne, deuxi\u00e8me ligne du Munster, a \u00e9t\u00e9 r\u00e9cemment marqu\u00e9 par une controverse qui a attir\u00e9 l'attention sur\u2026\",\"inLanguage\":\"fr-FR\",\"potentialAction\":[{\"@type\":\"ReadAction\",\"target\":[\"https:\/\/sport-index.fr\/blog\/a-la-une\/tadhg-beirne-de-lombre-a-leclat-lors-de-la-champions-cup\/\"]}]},{\"@type\":\"ImageObject\",\"inLanguage\":\"fr-FR\",\"@id\":\"https:\/\/sport-index.fr\/blog\/a-la-une\/tadhg-beirne-de-lombre-a-leclat-lors-de-la-champions-cup\/#primaryimage\",\"url\":\"https:\/\/sport-index.fr\/blog\/wp-content\/uploads\/2025\/05\/sdxl-604dcfb5eaed1e2cb25637bccb60d22f-scaled.png\",\"contentUrl\":\"https:\/\/sport-index.fr\/blog\/wp-content\/uploads\/2025\/05\/sdxl-604dcfb5eaed1e2cb25637bccb60d22f-scaled.png\",\"width\":1200,\"height\":500},{\"@type\":\"WebSite\",\"@id\":\"https:\/\/sport-index.fr\/blog\/#website\",\"url\":\"https:\/\/sport-index.fr\/blog\/\",\"name\":\"sport-index.fr\",\"description\":\"Le score de l\u2019analyse sportive.\",\"publisher\":{\"@id\":\"https:\/\/sport-index.fr\/blog\/#organization\"},\"alternateName\":\"Le score de l\u2019analyse sportive.\",\"potentialAction\":[{\"@type\":\"SearchAction\",\"target\":{\"@type\":\"EntryPoint\",\"urlTemplate\":\"https:\/\/sport-index.fr\/blog\/?s={search_term_string}\"},\"query-input\":{\"@type\":\"PropertyValueSpecification\",\"valueRequired\":true,\"valueName\":\"search_term_string\"}}],\"inLanguage\":\"fr-FR\"},{\"@type\":\"Organization\",\"@id\":\"https:\/\/sport-index.fr\/blog\/#organization\",\"name\":\"Foretsensations.fr\",\"url\":\"https:\/\/sport-index.fr\/blog\/\",\"logo\":{\"@type\":\"ImageObject\",\"inLanguage\":\"fr-FR\",\"@id\":\"https:\/\/sport-index.fr\/blog\/#\/schema\/logo\/image\/\",\"url\":\"https:\/\/sport-index.fr\/blog\/wp-content\/uploads\/2026\/07\/logo-auto.png\",\"contentUrl\":\"https:\/\/sport-index.fr\/blog\/wp-content\/uploads\/2026\/07\/logo-auto.png\",\"width\":1024,\"height\":1024,\"caption\":\"Foretsensations.fr\"},\"image\":{\"@id\":\"https:\/\/sport-index.fr\/blog\/#\/schema\/logo\/image\/\"}},{\"@type\":\"Person\",\"@id\":\"https:\/\/sport-index.fr\/blog\/#\/schema\/person\/3c864cdc320801e3db34b663e7e3f816\",\"name\":\"Axel Lauzier\",\"image\":{\"@type\":\"ImageObject\",\"inLanguage\":\"fr-FR\",\"@id\":\"https:\/\/sport-index.fr\/blog\/#\/schema\/person\/image\/\",\"url\":\"https:\/\/sport-index.fr\/blog\/wp-content\/uploads\/2026\/06\/persona_axel-l-96x96.jpg\",\"contentUrl\":\"https:\/\/sport-index.fr\/blog\/wp-content\/uploads\/2026\/06\/persona_axel-l-96x96.jpg\",\"caption\":\"Axel Lauzier\"},\"description\":\"Le sport rythme mon quotidien depuis l'enfance, et j'en ai fait mon m\u00e9tier d'analyste r\u00e9dactionnel il y a une dizaine d'ann\u00e9es. Je couvre principalement le football, son actualit\u00e9, ses transferts et l'analyse tactique des grandes affiches, mais aussi les disciplines plus confidentielles que j'aime remettre en lumi\u00e8re. Une partie de mon travail porte sur les pronostics et la lecture statistique d'un match : forme des \u00e9quipes, historique des confrontations, compositions, sans jamais vendre de fausse certitude. Je rappelle syst\u00e9matiquement que parier comporte un risque et doit rester un loisir ma\u00eetris\u00e9. Avant de signer une analyse, je v\u00e9rifie mes chiffres, je recoupe les compositions probables et je distingue toujours la donn\u00e9e brute de l'intuition. Mon objectif : offrir une lecture honn\u00eate et argument\u00e9e, pas un ticket gagnant garanti.\",\"sameAs\":[\"https:\/\/axellauzier.fr\/\"],\"url\":\"https:\/\/sport-index.fr\/blog\/auteur\/noname\/\"}]}<\/script>\n<!-- \/ Yoast SEO Premium plugin. -->","yoast_head_json":{"title":"Tadhg Beirne : de l'ombre \u00e0 l'\u00e9clat lors de la Champions Cup","description":"Un chemin sem\u00e9 d'emb\u00fbches Le parcours de Tadhg Beirne, deuxi\u00e8me ligne du Munster, a \u00e9t\u00e9 r\u00e9cemment marqu\u00e9 par une controverse qui a attir\u00e9 l'attention sur\u2026","robots":{"index":"index","follow":"follow","max-snippet":"max-snippet:-1","max-image-preview":"max-image-preview:large","max-video-preview":"max-video-preview:-1"},"canonical":"https:\/\/sport-index.fr\/blog\/a-la-une\/tadhg-beirne-de-lombre-a-leclat-lors-de-la-champions-cup\/","og_locale":"fr_FR","og_type":"article","og_title":"Tadhg Beirne : de l'ombre \u00e0 l'\u00e9clat lors de la Champions Cup","og_description":"Un chemin sem\u00e9 d'emb\u00fbches Le parcours de Tadhg Beirne, deuxi\u00e8me ligne du Munster, a \u00e9t\u00e9 r\u00e9cemment marqu\u00e9 par une controverse qui a attir\u00e9 l'attention sur\u2026","og_url":"https:\/\/sport-index.fr\/blog\/a-la-une\/tadhg-beirne-de-lombre-a-leclat-lors-de-la-champions-cup\/","og_site_name":"sport-index","author":"Axel Lauzier","twitter_card":"summary_large_image","schema":{"@context":"https:\/\/schema.org","@graph":[{"@type":"NewsArticle","@id":"https:\/\/sport-index.fr\/blog\/a-la-une\/tadhg-beirne-de-lombre-a-leclat-lors-de-la-champions-cup\/#article","isPartOf":{"@id":"https:\/\/sport-index.fr\/blog\/a-la-une\/tadhg-beirne-de-lombre-a-leclat-lors-de-la-champions-cup\/"},"author":{"name":"Axel Lauzier","@id":"https:\/\/sport-index.fr\/blog\/#\/schema\/person\/3c864cdc320801e3db34b663e7e3f816"},"headline":"Tadhg Beirne : de l&rsquo;ombre \u00e0 l&rsquo;\u00e9clat lors de la Champions Cup","datePublished":"2025-04-05T06:00:35+00:00","mainEntityOfPage":{"@id":"https:\/\/sport-index.fr\/blog\/a-la-une\/tadhg-beirne-de-lombre-a-leclat-lors-de-la-champions-cup\/"},"wordCount":566,"commentCount":24,"publisher":{"@id":"https:\/\/sport-index.fr\/blog\/#organization"},"image":{"@id":"https:\/\/sport-index.fr\/blog\/a-la-une\/tadhg-beirne-de-lombre-a-leclat-lors-de-la-champions-cup\/#primaryimage"},"thumbnailUrl":"https:\/\/sport-index.fr\/blog\/wp-content\/uploads\/2025\/05\/sdxl-604dcfb5eaed1e2cb25637bccb60d22f-scaled.png","keywords":["Gestion Du Stress","Performance Athl\u00e9tique","R\u00e9silience","Rugby","Tournoi des 6 Nations"],"articleSection":["\u00c0 la une"],"inLanguage":"fr-FR","potentialAction":[{"@type":"CommentAction","name":"Comment","target":["https:\/\/sport-index.fr\/blog\/a-la-une\/tadhg-beirne-de-lombre-a-leclat-lors-de-la-champions-cup\/#respond"]}]},{"@type":"WebPage","@id":"https:\/\/sport-index.fr\/blog\/a-la-une\/tadhg-beirne-de-lombre-a-leclat-lors-de-la-champions-cup\/","url":"https:\/\/sport-index.fr\/blog\/a-la-une\/tadhg-beirne-de-lombre-a-leclat-lors-de-la-champions-cup\/","name":"Tadhg Beirne : de l'ombre \u00e0 l'\u00e9clat lors de la Champions Cup","isPartOf":{"@id":"https:\/\/sport-index.fr\/blog\/#website"},"primaryImageOfPage":{"@id":"https:\/\/sport-index.fr\/blog\/a-la-une\/tadhg-beirne-de-lombre-a-leclat-lors-de-la-champions-cup\/#primaryimage"},"image":{"@id":"https:\/\/sport-index.fr\/blog\/a-la-une\/tadhg-beirne-de-lombre-a-leclat-lors-de-la-champions-cup\/#primaryimage"},"thumbnailUrl":"https:\/\/sport-index.fr\/blog\/wp-content\/uploads\/2025\/05\/sdxl-604dcfb5eaed1e2cb25637bccb60d22f-scaled.png","datePublished":"2025-04-05T06:00:35+00:00","description":"Un chemin sem\u00e9 d'emb\u00fbches Le parcours de Tadhg Beirne, deuxi\u00e8me ligne du Munster, a \u00e9t\u00e9 r\u00e9cemment marqu\u00e9 par une controverse qui a attir\u00e9 l'attention sur\u2026","inLanguage":"fr-FR","potentialAction":[{"@type":"ReadAction","target":["https:\/\/sport-index.fr\/blog\/a-la-une\/tadhg-beirne-de-lombre-a-leclat-lors-de-la-champions-cup\/"]}]},{"@type":"ImageObject","inLanguage":"fr-FR","@id":"https:\/\/sport-index.fr\/blog\/a-la-une\/tadhg-beirne-de-lombre-a-leclat-lors-de-la-champions-cup\/#primaryimage","url":"https:\/\/sport-index.fr\/blog\/wp-content\/uploads\/2025\/05\/sdxl-604dcfb5eaed1e2cb25637bccb60d22f-scaled.png","contentUrl":"https:\/\/sport-index.fr\/blog\/wp-content\/uploads\/2025\/05\/sdxl-604dcfb5eaed1e2cb25637bccb60d22f-scaled.png","width":1200,"height":500},{"@type":"WebSite","@id":"https:\/\/sport-index.fr\/blog\/#website","url":"https:\/\/sport-index.fr\/blog\/","name":"sport-index.fr","description":"Le score de l\u2019analyse sportive.","publisher":{"@id":"https:\/\/sport-index.fr\/blog\/#organization"},"alternateName":"Le score de l\u2019analyse sportive.","potentialAction":[{"@type":"SearchAction","target":{"@type":"EntryPoint","urlTemplate":"https:\/\/sport-index.fr\/blog\/?s={search_term_string}"},"query-input":{"@type":"PropertyValueSpecification","valueRequired":true,"valueName":"search_term_string"}}],"inLanguage":"fr-FR"},{"@type":"Organization","@id":"https:\/\/sport-index.fr\/blog\/#organization","name":"Foretsensations.fr","url":"https:\/\/sport-index.fr\/blog\/","logo":{"@type":"ImageObject","inLanguage":"fr-FR","@id":"https:\/\/sport-index.fr\/blog\/#\/schema\/logo\/image\/","url":"https:\/\/sport-index.fr\/blog\/wp-content\/uploads\/2026\/07\/logo-auto.png","contentUrl":"https:\/\/sport-index.fr\/blog\/wp-content\/uploads\/2026\/07\/logo-auto.png","width":1024,"height":1024,"caption":"Foretsensations.fr"},"image":{"@id":"https:\/\/sport-index.fr\/blog\/#\/schema\/logo\/image\/"}},{"@type":"Person","@id":"https:\/\/sport-index.fr\/blog\/#\/schema\/person\/3c864cdc320801e3db34b663e7e3f816","name":"Axel Lauzier","image":{"@type":"ImageObject","inLanguage":"fr-FR","@id":"https:\/\/sport-index.fr\/blog\/#\/schema\/person\/image\/","url":"https:\/\/sport-index.fr\/blog\/wp-content\/uploads\/2026\/06\/persona_axel-l-96x96.jpg","contentUrl":"https:\/\/sport-index.fr\/blog\/wp-content\/uploads\/2026\/06\/persona_axel-l-96x96.jpg","caption":"Axel Lauzier"},"description":"Le sport rythme mon quotidien depuis l'enfance, et j'en ai fait mon m\u00e9tier d'analyste r\u00e9dactionnel il y a une dizaine d'ann\u00e9es. Je couvre principalement le football, son actualit\u00e9, ses transferts et l'analyse tactique des grandes affiches, mais aussi les disciplines plus confidentielles que j'aime remettre en lumi\u00e8re. Une partie de mon travail porte sur les pronostics et la lecture statistique d'un match : forme des \u00e9quipes, historique des confrontations, compositions, sans jamais vendre de fausse certitude. Je rappelle syst\u00e9matiquement que parier comporte un risque et doit rester un loisir ma\u00eetris\u00e9. Avant de signer une analyse, je v\u00e9rifie mes chiffres, je recoupe les compositions probables et je distingue toujours la donn\u00e9e brute de l'intuition. Mon objectif : offrir une lecture honn\u00eate et argument\u00e9e, pas un ticket gagnant garanti.","sameAs":["https:\/\/axellauzier.fr\/"],"url":"https:\/\/sport-index.fr\/blog\/auteur\/noname\/"}]}},"_links":{"self":[{"href":"https:\/\/sport-index.fr\/blog\/wp-json\/wp\/v2\/posts\/13177","targetHints":{"allow":["GET"]}}],"collection":[{"href":"https:\/\/sport-index.fr\/blog\/wp-json\/wp\/v2\/posts"}],"about":[{"href":"https:\/\/sport-index.fr\/blog\/wp-json\/wp\/v2\/types\/post"}],"author":[{"embeddable":true,"href":"https:\/\/sport-index.fr\/blog\/wp-json\/wp\/v2\/users\/34"}],"replies":[{"embeddable":true,"href":"https:\/\/sport-index.fr\/blog\/wp-json\/wp\/v2\/comments?post=13177"}],"version-history":[{"count":1,"href":"https:\/\/sport-index.fr\/blog\/wp-json\/wp\/v2\/posts\/13177\/revisions"}],"predecessor-version":[{"id":13178,"href":"https:\/\/sport-index.fr\/blog\/wp-json\/wp\/v2\/posts\/13177\/revisions\/13178"}],"wp:featuredmedia":[{"embeddable":true,"href":"https:\/\/sport-index.fr\/blog\/wp-json\/wp\/v2\/media\/16198"}],"wp:attachment":[{"href":"https:\/\/sport-index.fr\/blog\/wp-json\/wp\/v2\/media?parent=13177"}],"wp:term":[{"taxonomy":"category","embeddable":true,"href":"https:\/\/sport-index.fr\/blog\/wp-json\/wp\/v2\/categories?post=13177"},{"taxonomy":"post_tag","embeddable":true,"href":"https:\/\/sport-index.fr\/blog\/wp-json\/wp\/v2\/tags?post=13177"}],"curies":[{"name":"wp","href":"https:\/\/api.w.org\/{rel}","templated":true}]}}