{"id":13191,"date":"2026-09-02T09:16:06","date_gmt":"2026-09-02T07:16:06","guid":{"rendered":"https:\/\/sport-index.fr\/blog\/?p=13191"},"modified":"2026-09-02T09:19:31","modified_gmt":"2026-09-02T07:19:31","slug":"pro-d2-thomas-lainault-grenoble-sinquiete-t-il-de-lirregularite-de-son-equipe","status":"publish","type":"post","link":"https:\/\/sport-index.fr\/blog\/a-la-une\/pro-d2-thomas-lainault-grenoble-sinquiete-t-il-de-lirregularite-de-son-equipe\/","title":{"rendered":"Pro D2 : Thomas Lainault (Grenoble) assure ne pas s&rsquo;inqui\u00e9ter de l&rsquo;irr\u00e9gularit\u00e9 de son \u00e9quipe"},"content":{"rendered":"<h2>Une victoire mitig\u00e9e pour le FCG<\/h2>\n<p>Le FC Grenoble a, une fois de plus, prouv\u00e9 sa capacit\u00e9 \u00e0 gagner en s&rsquo;imposant contre Mont-de-Marsan, mais cette victoire n&rsquo;a pas \u00e9t\u00e9 sans failles. Bien qu&rsquo;ils aient marqu\u00e9 rapidement et pris une avance confortable, l&rsquo;\u00e9quipe a montr\u00e9 des signes inqui\u00e9tants d&rsquo;irr\u00e9gularit\u00e9 tout au long du match. Thomas Lainault, l&rsquo;un des cinq capitaines du FCG cette saison, a soulign\u00e9 que des erreurs r\u00e9p\u00e9t\u00e9es, notamment sur des r\u00e9ceptions de coups d&rsquo;envoi, ont mis l&rsquo;\u00e9quipe en difficult\u00e9.<br \/>\nCette performance mitig\u00e9e soul\u00e8ve des questions sur la constance de l&rsquo;\u00e9quipe \u00e0 l&rsquo;approche des phases finales. Lainault reconna\u00eet qu&rsquo;il est essentiel de corriger ces erreurs pour \u00e9viter de perdre des points cruciaux dans les matchs \u00e0 venir. Leur position de leader du championnat est certes un avantage, mais la qualit\u00e9 du jeu doit s&rsquo;am\u00e9liorer pour garantir un parcours r\u00e9ussi en fin de saison.<\/p>\n<h2>Un adversaire sous-estim\u00e9 ?<\/h2>\n<p>Mont-de-Marsan, bien que traversant une saison difficile, a toujours su cr\u00e9er des d\u00e9fis pour ses adversaires. Le FCG a peut-\u00eatre sous-estim\u00e9 cette \u00e9quipe, qui a su marquer des essais \u00e0 des moments cl\u00e9s. Lainault a \u00e9voqu\u00e9 la qualit\u00e9 de jeu de Mont-de-Marsan, soulignant que malgr\u00e9 leurs difficult\u00e9s, ils poss\u00e8dent des comp\u00e9tences qui peuvent d\u00e9stabiliser n&rsquo;importe quelle d\u00e9fense.<br \/>\nLes p\u00e9riodes de rel\u00e2chement du FCG ont permis \u00e0 Mont-de-Marsan de revenir dans le match. L\u2019explication de cette inconstance r\u00e9side dans la gestion des moments cruciaux, o\u00f9 chaque \u00e9quipe doit se battre pour maintenir le contr\u00f4le. Lainault et son \u00e9quipe doivent apprendre \u00e0 g\u00e9rer ces situations afin d&rsquo;\u00e9viter de se retrouver en difficult\u00e9 face \u00e0 des adversaires moins bien class\u00e9s.<\/p>\n<h2>Vers une meilleure r\u00e9gularit\u00e9<\/h2>\n<p>L&rsquo;inqui\u00e9tude quant \u00e0 l&rsquo;irr\u00e9gularit\u00e9 du FCG ne doit pas occulter les aspects positifs de leur saison. Avec une victoire \u00e0 domicile et le bonus, l&rsquo;\u00e9quipe reste en t\u00eate du championnat. Cependant, pour Thomas Lainault, chaque match est une occasion d&rsquo;apprendre et de s&rsquo;am\u00e9liorer. Il est conscient que les probl\u00e8mes d&rsquo;inconstance doivent \u00eatre r\u00e9solus avant les phases finales.<br \/>\nLainault a affirm\u00e9 que la cl\u00e9 r\u00e9side dans la constance des efforts durant les 80 minutes de jeu. \u00c0 mesure que la saison avance, chaque match devient crucial. Les joueurs doivent se concentrer sur l&rsquo;intensit\u00e9 et la concentration pour \u00e9viter des erreurs qui pourraient leur co\u00fbter cher. La maturit\u00e9 dans la gestion des matchs est un aspect essentiel qui doit \u00eatre perfectionn\u00e9.<br \/>\nInterrog\u00e9 directement sur cette inqui\u00e9tude, Lainault s&rsquo;en d\u00e9fend : \u00ab s&rsquo;inqui\u00e9ter, ce serait plus p\u00e9nalisant qu&rsquo;autre chose [&#8230;] \u00e7a ne sert \u00e0 rien d&rsquo;aller en phases finales si on s&rsquo;inqui\u00e8te aujourd&rsquo;hui \u00bb. Le capitaine assume l&rsquo;irr\u00e9gularit\u00e9 de son \u00e9quipe sans en faire un motif d&rsquo;alarme.<\/p>\n<blockquote>\n<p lang=\"fr\" dir=\"ltr\">Provence s\u2019est relev\u00e9 d\u2019une bien belle mani\u00e8re de l\u2019humiliation subie \u00e0 Valence une semaine auparavant. De son c\u00f4t\u00e9, Angoul\u00eame s\u2019est offert la relance de la soir\u00e9e. Ce qu\u2019il faut retenir de cette soir\u00e9e de Pro D2 -&gt; https:\/\/t.co\/278Sd1MX3R<\/p>\n<p>  \u2014 RUGBYRAMA (@RugbyramaFR) April 4, 2025\n<\/p><\/blockquote>\n<p><em>Pr\u00e9cision : ce message de RugbyramaFR porte sur une autre affiche de la m\u00eame soir\u00e9e de Pro D2 (Provence Rugby\u2013Valence Romans et Soyaux Angoul\u00eame), sans rapport avec la rencontre Grenoble\u2013Mont-de-Marsan trait\u00e9e ici.<\/em><\/p>\n<h2>Un regard sur les blessures<\/h2>\n<p>Les blessures au sein de l&rsquo;\u00e9quipe continuent d&rsquo;\u00eatre une pr\u00e9occupation majeure pour le FCG. Thomas Lainault a lui-m\u00eame subi une blessure, mais il reste optimiste quant \u00e0 sa gravit\u00e9. Il a mentionn\u00e9 que le staff m\u00e9dical a \u00e9t\u00e9 proactif et qu&rsquo;il esp\u00e8re ne pas \u00eatre absent trop longtemps. La profondeur de l&rsquo;\u00e9quipe sera mise \u00e0 l&rsquo;\u00e9preuve avec plusieurs joueurs bless\u00e9s.<br \/>\nLes blessures peuvent avoir un impact significatif sur la dynamique d&rsquo;une \u00e9quipe, surtout \u00e0 ce stade de la saison. Les joueurs comme Mathis Sarragallet et Hanru Sirgel, \u00e9galement touch\u00e9s, doivent \u00eatre soigneusement \u00e9valu\u00e9s pour garantir qu&rsquo;ils reviennent en forme. La gestion de l&rsquo;effectif devient cruciale pour maintenir la performance du FCG en haut du classement.<\/p>\n<ul>\n<li>Une victoire qui soul\u00e8ve des questions sur la constance<\/li>\n<li>Mont-de-Marsan, un adversaire \u00e0 ne pas sous-estimer<\/li>\n<li>Des blessures pr\u00e9occupantes au sein de l&rsquo;\u00e9quipe<\/li>\n<\/ul>\n<p>Le FCG doit maintenant se concentrer sur la r\u00e9gularit\u00e9 de son jeu tout en restant vigilant face \u00e0 ses adversaires et aux blessures. Le chemin vers les phases finales est sem\u00e9 d&#8217;emb\u00fbches, mais avec le bon \u00e9tat d&rsquo;esprit, l&rsquo;\u00e9quipe peut surmonter ces d\u00e9fis et continuer \u00e0 briller dans ce championnat.<\/p>\n<h2>Mise \u00e0 jour : le d\u00e9nouement de la saison 2024-2025<\/h2>\n<p><em>Article publi\u00e9 le 5 avril 2025 \u00b7 rev\u00e9rifi\u00e9 le 2 septembre 2026.<\/em><\/p>\n<p>Au moment de cette interview, le FC Grenoble occupait la premi\u00e8re place de la phase r\u00e9guli\u00e8re de Pro D2. Le club a effectivement termin\u00e9 la saison r\u00e9guli\u00e8re en t\u00eate (21 victoires, 9 d\u00e9faites, 987 points marqu\u00e9s pour 677 conc\u00e9d\u00e9s), avant de s&rsquo;imposer 38-17 en demi-finale face \u00e0 Provence Rugby le 29 mai 2025. En finale, le 7 juin 2025 au Stade Ernest-Wallon de Toulouse, Grenoble s&rsquo;est inclin\u00e9 19-24 face \u00e0 l&rsquo;US Montauban \u2014 une troisi\u00e8me finale de Pro D2 perdue de suite pour le club is\u00e9rois, apr\u00e8s celles de 2023 et 2024. Le 14 juin 2025, le FCG a \u00e9galement perdu le barrage d&rsquo;accession au Top 14 face \u00e0 l&rsquo;USA Perpignan (11-13), \u00e0 trois minutes de la fin. L&rsquo;irr\u00e9gularit\u00e9 \u00e9voqu\u00e9e par Thomas Lainault en avril n&rsquo;a donc pas emp\u00each\u00e9 Grenoble de finir leader de la saison r\u00e9guli\u00e8re, mais elle a co\u00efncid\u00e9 avec un nouvel \u00e9chec aux portes du Top 14. Lainault, alors toujours sous contrat avec le FCG, a disput\u00e9 la finale et le barrage avant d&rsquo;\u00eatre transf\u00e9r\u00e9 au Racing 92 pour la saison suivante ; il a par ailleurs \u00e9t\u00e9 distingu\u00e9 dans le XV de la saison de Pro D2 2024-2025.<\/p>\n","protected":false},"excerpt":{"rendered":"","protected":false},"author":34,"featured_media":15831,"comment_status":"open","ping_status":"open","sticky":false,"template":"","format":"standard","meta":{"_acf_changed":false,"manual_indexmenow":false,"indexmenow_id_project":0,"footnotes":""},"categories":[1],"tags":[4693],"class_list":["post-13191","post","type-post","status-publish","format-standard","has-post-thumbnail","hentry","category-a-la-une","tag-pro-d2","generate-columns","tablet-grid-50","mobile-grid-100","grid-parent","grid-25"],"acf":[],"yoast_head":"<!-- This site is optimized with the Yoast SEO Premium plugin v21.3 (Yoast SEO v26.5) - https:\/\/yoast.com\/wordpress\/plugins\/seo\/ -->\n<title>Pro D2 : Thomas Lainault (Grenoble) assure ne pas s&#039;inqui\u00e9ter de l&#039;irr\u00e9gularit\u00e9 de son \u00e9quipe<\/title>\n<meta name=\"description\" content=\"Leader de Pro D2 apr\u00e8s sa victoire bonifi\u00e9e contre Mont-de-Marsan, le FC Grenoble reste irr\u00e9gulier. Son capitaine Thomas Lainault explique pourquoi il ne s&#039;inqui\u00e8te pas.\" \/>\n<meta name=\"robots\" content=\"index, follow, max-snippet:-1, max-image-preview:large, max-video-preview:-1\" \/>\n<link rel=\"canonical\" href=\"https:\/\/sport-index.fr\/blog\/a-la-une\/pro-d2-thomas-lainault-grenoble-sinquiete-t-il-de-lirregularite-de-son-equipe\/\" \/>\n<meta property=\"og:locale\" content=\"fr_FR\" \/>\n<meta property=\"og:type\" content=\"article\" \/>\n<meta property=\"og:title\" content=\"Pro D2 : Thomas Lainault (Grenoble) assure ne pas s&#039;inqui\u00e9ter de l&#039;irr\u00e9gularit\u00e9 de son \u00e9quipe\" \/>\n<meta property=\"og:description\" content=\"Leader de Pro D2 apr\u00e8s sa victoire bonifi\u00e9e contre Mont-de-Marsan, le FC Grenoble reste irr\u00e9gulier. Son capitaine Thomas Lainault explique pourquoi il ne s&#039;inqui\u00e8te pas.\" \/>\n<meta property=\"og:url\" content=\"https:\/\/sport-index.fr\/blog\/a-la-une\/pro-d2-thomas-lainault-grenoble-sinquiete-t-il-de-lirregularite-de-son-equipe\/\" \/>\n<meta property=\"og:site_name\" content=\"sport-index\" \/>\n<meta property=\"og:image\" content=\"https:\/\/sport-index.fr\/blog\/wp-content\/uploads\/2025\/05\/sdxl-266a18bcf7876a4a1c8a244a4d4b4863-scaled.png\" \/>\n\t<meta property=\"og:image:width\" content=\"1200\" \/>\n\t<meta property=\"og:image:height\" content=\"500\" \/>\n\t<meta property=\"og:image:type\" content=\"image\/png\" \/>\n<meta name=\"author\" content=\"Axel Lauzier\" \/>\n<meta name=\"twitter:card\" content=\"summary_large_image\" \/>\n<script type=\"application\/ld+json\" class=\"yoast-schema-graph\">{\"@context\":\"https:\/\/schema.org\",\"@graph\":[{\"@type\":\"NewsArticle\",\"@id\":\"https:\/\/sport-index.fr\/blog\/a-la-une\/pro-d2-thomas-lainault-grenoble-sinquiete-t-il-de-lirregularite-de-son-equipe\/#article\",\"isPartOf\":{\"@id\":\"https:\/\/sport-index.fr\/blog\/a-la-une\/pro-d2-thomas-lainault-grenoble-sinquiete-t-il-de-lirregularite-de-son-equipe\/\"},\"author\":{\"name\":\"Axel Lauzier\",\"@id\":\"https:\/\/sport-index.fr\/blog\/#\/schema\/person\/3c864cdc320801e3db34b663e7e3f816\"},\"headline\":\"Pro D2 : Thomas Lainault (Grenoble) assure ne pas s&rsquo;inqui\u00e9ter de l&rsquo;irr\u00e9gularit\u00e9 de son \u00e9quipe\",\"datePublished\":\"2026-09-02T07:16:06+00:00\",\"dateModified\":\"2026-09-02T07:19:31+00:00\",\"mainEntityOfPage\":{\"@id\":\"https:\/\/sport-index.fr\/blog\/a-la-une\/pro-d2-thomas-lainault-grenoble-sinquiete-t-il-de-lirregularite-de-son-equipe\/\"},\"wordCount\":1027,\"commentCount\":25,\"publisher\":{\"@id\":\"https:\/\/sport-index.fr\/blog\/#organization\"},\"image\":{\"@id\":\"https:\/\/sport-index.fr\/blog\/a-la-une\/pro-d2-thomas-lainault-grenoble-sinquiete-t-il-de-lirregularite-de-son-equipe\/#primaryimage\"},\"thumbnailUrl\":\"https:\/\/sport-index.fr\/blog\/wp-content\/uploads\/2025\/05\/sdxl-266a18bcf7876a4a1c8a244a4d4b4863-scaled.png\",\"keywords\":[\"Pro D2\"],\"articleSection\":[\"\u00c0 la une\"],\"inLanguage\":\"fr-FR\",\"potentialAction\":[{\"@type\":\"CommentAction\",\"name\":\"Comment\",\"target\":[\"https:\/\/sport-index.fr\/blog\/a-la-une\/pro-d2-thomas-lainault-grenoble-sinquiete-t-il-de-lirregularite-de-son-equipe\/#respond\"]}]},{\"@type\":\"WebPage\",\"@id\":\"https:\/\/sport-index.fr\/blog\/a-la-une\/pro-d2-thomas-lainault-grenoble-sinquiete-t-il-de-lirregularite-de-son-equipe\/\",\"url\":\"https:\/\/sport-index.fr\/blog\/a-la-une\/pro-d2-thomas-lainault-grenoble-sinquiete-t-il-de-lirregularite-de-son-equipe\/\",\"name\":\"Pro D2 : Thomas Lainault (Grenoble) assure ne pas s'inqui\u00e9ter de l'irr\u00e9gularit\u00e9 de son \u00e9quipe\",\"isPartOf\":{\"@id\":\"https:\/\/sport-index.fr\/blog\/#website\"},\"primaryImageOfPage\":{\"@id\":\"https:\/\/sport-index.fr\/blog\/a-la-une\/pro-d2-thomas-lainault-grenoble-sinquiete-t-il-de-lirregularite-de-son-equipe\/#primaryimage\"},\"image\":{\"@id\":\"https:\/\/sport-index.fr\/blog\/a-la-une\/pro-d2-thomas-lainault-grenoble-sinquiete-t-il-de-lirregularite-de-son-equipe\/#primaryimage\"},\"thumbnailUrl\":\"https:\/\/sport-index.fr\/blog\/wp-content\/uploads\/2025\/05\/sdxl-266a18bcf7876a4a1c8a244a4d4b4863-scaled.png\",\"datePublished\":\"2026-09-02T07:16:06+00:00\",\"dateModified\":\"2026-09-02T07:19:31+00:00\",\"description\":\"Leader de Pro D2 apr\u00e8s sa victoire bonifi\u00e9e contre Mont-de-Marsan, le FC Grenoble reste irr\u00e9gulier. Son capitaine Thomas Lainault explique pourquoi il ne s'inqui\u00e8te pas.\",\"inLanguage\":\"fr-FR\",\"potentialAction\":[{\"@type\":\"ReadAction\",\"target\":[\"https:\/\/sport-index.fr\/blog\/a-la-une\/pro-d2-thomas-lainault-grenoble-sinquiete-t-il-de-lirregularite-de-son-equipe\/\"]}]},{\"@type\":\"ImageObject\",\"inLanguage\":\"fr-FR\",\"@id\":\"https:\/\/sport-index.fr\/blog\/a-la-une\/pro-d2-thomas-lainault-grenoble-sinquiete-t-il-de-lirregularite-de-son-equipe\/#primaryimage\",\"url\":\"https:\/\/sport-index.fr\/blog\/wp-content\/uploads\/2025\/05\/sdxl-266a18bcf7876a4a1c8a244a4d4b4863-scaled.png\",\"contentUrl\":\"https:\/\/sport-index.fr\/blog\/wp-content\/uploads\/2025\/05\/sdxl-266a18bcf7876a4a1c8a244a4d4b4863-scaled.png\",\"width\":1200,\"height\":500},{\"@type\":\"WebSite\",\"@id\":\"https:\/\/sport-index.fr\/blog\/#website\",\"url\":\"https:\/\/sport-index.fr\/blog\/\",\"name\":\"sport-index.fr\",\"description\":\"Le score de l\u2019analyse sportive.\",\"publisher\":{\"@id\":\"https:\/\/sport-index.fr\/blog\/#organization\"},\"alternateName\":\"Le score de l\u2019analyse sportive.\",\"potentialAction\":[{\"@type\":\"SearchAction\",\"target\":{\"@type\":\"EntryPoint\",\"urlTemplate\":\"https:\/\/sport-index.fr\/blog\/?s={search_term_string}\"},\"query-input\":{\"@type\":\"PropertyValueSpecification\",\"valueRequired\":true,\"valueName\":\"search_term_string\"}}],\"inLanguage\":\"fr-FR\"},{\"@type\":\"Organization\",\"@id\":\"https:\/\/sport-index.fr\/blog\/#organization\",\"name\":\"Foretsensations.fr\",\"url\":\"https:\/\/sport-index.fr\/blog\/\",\"logo\":{\"@type\":\"ImageObject\",\"inLanguage\":\"fr-FR\",\"@id\":\"https:\/\/sport-index.fr\/blog\/#\/schema\/logo\/image\/\",\"url\":\"https:\/\/sport-index.fr\/blog\/wp-content\/uploads\/2026\/07\/logo-auto.png\",\"contentUrl\":\"https:\/\/sport-index.fr\/blog\/wp-content\/uploads\/2026\/07\/logo-auto.png\",\"width\":1024,\"height\":1024,\"caption\":\"Foretsensations.fr\"},\"image\":{\"@id\":\"https:\/\/sport-index.fr\/blog\/#\/schema\/logo\/image\/\"}},{\"@type\":\"Person\",\"@id\":\"https:\/\/sport-index.fr\/blog\/#\/schema\/person\/3c864cdc320801e3db34b663e7e3f816\",\"name\":\"Axel Lauzier\",\"image\":{\"@type\":\"ImageObject\",\"inLanguage\":\"fr-FR\",\"@id\":\"https:\/\/sport-index.fr\/blog\/#\/schema\/person\/image\/\",\"url\":\"https:\/\/sport-index.fr\/blog\/wp-content\/uploads\/2026\/06\/persona_axel-l-96x96.jpg\",\"contentUrl\":\"https:\/\/sport-index.fr\/blog\/wp-content\/uploads\/2026\/06\/persona_axel-l-96x96.jpg\",\"caption\":\"Axel Lauzier\"},\"description\":\"Le sport rythme mon quotidien depuis l'enfance, et j'en ai fait mon m\u00e9tier d'analyste r\u00e9dactionnel il y a une dizaine d'ann\u00e9es. Je couvre principalement le football, son actualit\u00e9, ses transferts et l'analyse tactique des grandes affiches, mais aussi les disciplines plus confidentielles que j'aime remettre en lumi\u00e8re. Une partie de mon travail porte sur les pronostics et la lecture statistique d'un match : forme des \u00e9quipes, historique des confrontations, compositions, sans jamais vendre de fausse certitude. Je rappelle syst\u00e9matiquement que parier comporte un risque et doit rester un loisir ma\u00eetris\u00e9. Avant de signer une analyse, je v\u00e9rifie mes chiffres, je recoupe les compositions probables et je distingue toujours la donn\u00e9e brute de l'intuition. Mon objectif : offrir une lecture honn\u00eate et argument\u00e9e, pas un ticket gagnant garanti.\",\"sameAs\":[\"https:\/\/axellauzier.fr\/\"],\"url\":\"https:\/\/sport-index.fr\/blog\/auteur\/noname\/\"}]}<\/script>\n<!-- \/ Yoast SEO Premium plugin. -->","yoast_head_json":{"title":"Pro D2 : Thomas Lainault (Grenoble) assure ne pas s'inqui\u00e9ter de l'irr\u00e9gularit\u00e9 de son \u00e9quipe","description":"Leader de Pro D2 apr\u00e8s sa victoire bonifi\u00e9e contre Mont-de-Marsan, le FC Grenoble reste irr\u00e9gulier. Son capitaine Thomas Lainault explique pourquoi il ne s'inqui\u00e8te pas.","robots":{"index":"index","follow":"follow","max-snippet":"max-snippet:-1","max-image-preview":"max-image-preview:large","max-video-preview":"max-video-preview:-1"},"canonical":"https:\/\/sport-index.fr\/blog\/a-la-une\/pro-d2-thomas-lainault-grenoble-sinquiete-t-il-de-lirregularite-de-son-equipe\/","og_locale":"fr_FR","og_type":"article","og_title":"Pro D2 : Thomas Lainault (Grenoble) assure ne pas s'inqui\u00e9ter de l'irr\u00e9gularit\u00e9 de son \u00e9quipe","og_description":"Leader de Pro D2 apr\u00e8s sa victoire bonifi\u00e9e contre Mont-de-Marsan, le FC Grenoble reste irr\u00e9gulier. Son capitaine Thomas Lainault explique pourquoi il ne s'inqui\u00e8te pas.","og_url":"https:\/\/sport-index.fr\/blog\/a-la-une\/pro-d2-thomas-lainault-grenoble-sinquiete-t-il-de-lirregularite-de-son-equipe\/","og_site_name":"sport-index","og_image":[{"width":1200,"height":500,"url":"https:\/\/sport-index.fr\/blog\/wp-content\/uploads\/2025\/05\/sdxl-266a18bcf7876a4a1c8a244a4d4b4863-scaled.png","type":"image\/png"}],"author":"Axel Lauzier","twitter_card":"summary_large_image","schema":{"@context":"https:\/\/schema.org","@graph":[{"@type":"NewsArticle","@id":"https:\/\/sport-index.fr\/blog\/a-la-une\/pro-d2-thomas-lainault-grenoble-sinquiete-t-il-de-lirregularite-de-son-equipe\/#article","isPartOf":{"@id":"https:\/\/sport-index.fr\/blog\/a-la-une\/pro-d2-thomas-lainault-grenoble-sinquiete-t-il-de-lirregularite-de-son-equipe\/"},"author":{"name":"Axel Lauzier","@id":"https:\/\/sport-index.fr\/blog\/#\/schema\/person\/3c864cdc320801e3db34b663e7e3f816"},"headline":"Pro D2 : Thomas Lainault (Grenoble) assure ne pas s&rsquo;inqui\u00e9ter de l&rsquo;irr\u00e9gularit\u00e9 de son \u00e9quipe","datePublished":"2026-09-02T07:16:06+00:00","dateModified":"2026-09-02T07:19:31+00:00","mainEntityOfPage":{"@id":"https:\/\/sport-index.fr\/blog\/a-la-une\/pro-d2-thomas-lainault-grenoble-sinquiete-t-il-de-lirregularite-de-son-equipe\/"},"wordCount":1027,"commentCount":25,"publisher":{"@id":"https:\/\/sport-index.fr\/blog\/#organization"},"image":{"@id":"https:\/\/sport-index.fr\/blog\/a-la-une\/pro-d2-thomas-lainault-grenoble-sinquiete-t-il-de-lirregularite-de-son-equipe\/#primaryimage"},"thumbnailUrl":"https:\/\/sport-index.fr\/blog\/wp-content\/uploads\/2025\/05\/sdxl-266a18bcf7876a4a1c8a244a4d4b4863-scaled.png","keywords":["Pro D2"],"articleSection":["\u00c0 la une"],"inLanguage":"fr-FR","potentialAction":[{"@type":"CommentAction","name":"Comment","target":["https:\/\/sport-index.fr\/blog\/a-la-une\/pro-d2-thomas-lainault-grenoble-sinquiete-t-il-de-lirregularite-de-son-equipe\/#respond"]}]},{"@type":"WebPage","@id":"https:\/\/sport-index.fr\/blog\/a-la-une\/pro-d2-thomas-lainault-grenoble-sinquiete-t-il-de-lirregularite-de-son-equipe\/","url":"https:\/\/sport-index.fr\/blog\/a-la-une\/pro-d2-thomas-lainault-grenoble-sinquiete-t-il-de-lirregularite-de-son-equipe\/","name":"Pro D2 : Thomas Lainault (Grenoble) assure ne pas s'inqui\u00e9ter de l'irr\u00e9gularit\u00e9 de son \u00e9quipe","isPartOf":{"@id":"https:\/\/sport-index.fr\/blog\/#website"},"primaryImageOfPage":{"@id":"https:\/\/sport-index.fr\/blog\/a-la-une\/pro-d2-thomas-lainault-grenoble-sinquiete-t-il-de-lirregularite-de-son-equipe\/#primaryimage"},"image":{"@id":"https:\/\/sport-index.fr\/blog\/a-la-une\/pro-d2-thomas-lainault-grenoble-sinquiete-t-il-de-lirregularite-de-son-equipe\/#primaryimage"},"thumbnailUrl":"https:\/\/sport-index.fr\/blog\/wp-content\/uploads\/2025\/05\/sdxl-266a18bcf7876a4a1c8a244a4d4b4863-scaled.png","datePublished":"2026-09-02T07:16:06+00:00","dateModified":"2026-09-02T07:19:31+00:00","description":"Leader de Pro D2 apr\u00e8s sa victoire bonifi\u00e9e contre Mont-de-Marsan, le FC Grenoble reste irr\u00e9gulier. Son capitaine Thomas Lainault explique pourquoi il ne s'inqui\u00e8te pas.","inLanguage":"fr-FR","potentialAction":[{"@type":"ReadAction","target":["https:\/\/sport-index.fr\/blog\/a-la-une\/pro-d2-thomas-lainault-grenoble-sinquiete-t-il-de-lirregularite-de-son-equipe\/"]}]},{"@type":"ImageObject","inLanguage":"fr-FR","@id":"https:\/\/sport-index.fr\/blog\/a-la-une\/pro-d2-thomas-lainault-grenoble-sinquiete-t-il-de-lirregularite-de-son-equipe\/#primaryimage","url":"https:\/\/sport-index.fr\/blog\/wp-content\/uploads\/2025\/05\/sdxl-266a18bcf7876a4a1c8a244a4d4b4863-scaled.png","contentUrl":"https:\/\/sport-index.fr\/blog\/wp-content\/uploads\/2025\/05\/sdxl-266a18bcf7876a4a1c8a244a4d4b4863-scaled.png","width":1200,"height":500},{"@type":"WebSite","@id":"https:\/\/sport-index.fr\/blog\/#website","url":"https:\/\/sport-index.fr\/blog\/","name":"sport-index.fr","description":"Le score de l\u2019analyse sportive.","publisher":{"@id":"https:\/\/sport-index.fr\/blog\/#organization"},"alternateName":"Le score de l\u2019analyse sportive.","potentialAction":[{"@type":"SearchAction","target":{"@type":"EntryPoint","urlTemplate":"https:\/\/sport-index.fr\/blog\/?s={search_term_string}"},"query-input":{"@type":"PropertyValueSpecification","valueRequired":true,"valueName":"search_term_string"}}],"inLanguage":"fr-FR"},{"@type":"Organization","@id":"https:\/\/sport-index.fr\/blog\/#organization","name":"Foretsensations.fr","url":"https:\/\/sport-index.fr\/blog\/","logo":{"@type":"ImageObject","inLanguage":"fr-FR","@id":"https:\/\/sport-index.fr\/blog\/#\/schema\/logo\/image\/","url":"https:\/\/sport-index.fr\/blog\/wp-content\/uploads\/2026\/07\/logo-auto.png","contentUrl":"https:\/\/sport-index.fr\/blog\/wp-content\/uploads\/2026\/07\/logo-auto.png","width":1024,"height":1024,"caption":"Foretsensations.fr"},"image":{"@id":"https:\/\/sport-index.fr\/blog\/#\/schema\/logo\/image\/"}},{"@type":"Person","@id":"https:\/\/sport-index.fr\/blog\/#\/schema\/person\/3c864cdc320801e3db34b663e7e3f816","name":"Axel Lauzier","image":{"@type":"ImageObject","inLanguage":"fr-FR","@id":"https:\/\/sport-index.fr\/blog\/#\/schema\/person\/image\/","url":"https:\/\/sport-index.fr\/blog\/wp-content\/uploads\/2026\/06\/persona_axel-l-96x96.jpg","contentUrl":"https:\/\/sport-index.fr\/blog\/wp-content\/uploads\/2026\/06\/persona_axel-l-96x96.jpg","caption":"Axel Lauzier"},"description":"Le sport rythme mon quotidien depuis l'enfance, et j'en ai fait mon m\u00e9tier d'analyste r\u00e9dactionnel il y a une dizaine d'ann\u00e9es. Je couvre principalement le football, son actualit\u00e9, ses transferts et l'analyse tactique des grandes affiches, mais aussi les disciplines plus confidentielles que j'aime remettre en lumi\u00e8re. Une partie de mon travail porte sur les pronostics et la lecture statistique d'un match : forme des \u00e9quipes, historique des confrontations, compositions, sans jamais vendre de fausse certitude. Je rappelle syst\u00e9matiquement que parier comporte un risque et doit rester un loisir ma\u00eetris\u00e9. Avant de signer une analyse, je v\u00e9rifie mes chiffres, je recoupe les compositions probables et je distingue toujours la donn\u00e9e brute de l'intuition. Mon objectif : offrir une lecture honn\u00eate et argument\u00e9e, pas un ticket gagnant garanti.","sameAs":["https:\/\/axellauzier.fr\/"],"url":"https:\/\/sport-index.fr\/blog\/auteur\/noname\/"}]}},"_links":{"self":[{"href":"https:\/\/sport-index.fr\/blog\/wp-json\/wp\/v2\/posts\/13191","targetHints":{"allow":["GET"]}}],"collection":[{"href":"https:\/\/sport-index.fr\/blog\/wp-json\/wp\/v2\/posts"}],"about":[{"href":"https:\/\/sport-index.fr\/blog\/wp-json\/wp\/v2\/types\/post"}],"author":[{"embeddable":true,"href":"https:\/\/sport-index.fr\/blog\/wp-json\/wp\/v2\/users\/34"}],"replies":[{"embeddable":true,"href":"https:\/\/sport-index.fr\/blog\/wp-json\/wp\/v2\/comments?post=13191"}],"version-history":[{"count":3,"href":"https:\/\/sport-index.fr\/blog\/wp-json\/wp\/v2\/posts\/13191\/revisions"}],"predecessor-version":[{"id":18477,"href":"https:\/\/sport-index.fr\/blog\/wp-json\/wp\/v2\/posts\/13191\/revisions\/18477"}],"wp:featuredmedia":[{"embeddable":true,"href":"https:\/\/sport-index.fr\/blog\/wp-json\/wp\/v2\/media\/15831"}],"wp:attachment":[{"href":"https:\/\/sport-index.fr\/blog\/wp-json\/wp\/v2\/media?parent=13191"}],"wp:term":[{"taxonomy":"category","embeddable":true,"href":"https:\/\/sport-index.fr\/blog\/wp-json\/wp\/v2\/categories?post=13191"},{"taxonomy":"post_tag","embeddable":true,"href":"https:\/\/sport-index.fr\/blog\/wp-json\/wp\/v2\/tags?post=13191"}],"curies":[{"name":"wp","href":"https:\/\/api.w.org\/{rel}","templated":true}]}}