{"id":13312,"date":"2025-04-07T08:54:07","date_gmt":"2025-04-07T06:54:07","guid":{"rendered":"https:\/\/sport-index.fr\/blog\/?p=13312"},"modified":"2025-04-06T20:05:16","modified_gmt":"2025-04-06T18:05:16","slug":"transferts-pro-d2-kylian-jaminet-et-clement-martinez-vers-de-nouveaux-horizons","status":"publish","type":"post","link":"https:\/\/sport-index.fr\/blog\/a-la-une\/transferts-pro-d2-kylian-jaminet-et-clement-martinez-vers-de-nouveaux-horizons\/","title":{"rendered":"Transferts Pro D2 : Kylian Jaminet et Cl\u00e9ment Martinez vers de nouveaux horizons"},"content":{"rendered":"<h2>Kylian Jaminet et Cl\u00e9ment Martinez : une s\u00e9paration difficile pour Biarritz<\/h2>\n<p>Les deux joueurs, sous contrat jusqu&rsquo;en 2026, ont exprim\u00e9 leur d\u00e9sir de quitter le club \u00e0 l&rsquo;issue de cette saison. La direction du BOPB se retrouve donc face \u00e0 un d\u00e9fi majeur en tentant de g\u00e9rer ces d\u00e9parts inattendus.<\/p>\n<p>Kylian Jaminet, \u00e2g\u00e9 de 30 ans, a \u00e9t\u00e9 un acteur cl\u00e9 de l&rsquo;\u00e9quipe avec 17 titularisations cette saison. Son souhait de partir serait li\u00e9 \u00e0 des changements dans le projet du club, notamment avec la r\u00e9cente arriv\u00e9e de nouveaux investisseurs. Ces transformations ont modifi\u00e9 son engagement initial envers le Biarritz Olympique.<\/p>\n<h2>Des raisons personnelles et professionnelles<\/h2>\n<p>Le cas de Cl\u00e9ment Martinez, 29 ans, est tout aussi poignant. Arriv\u00e9 d&rsquo;Agen l&rsquo;\u00e9t\u00e9 dernier, il doit faire face \u00e0 des difficult\u00e9s personnelles qui l&rsquo;incitent \u00e0 se rapprocher de sa r\u00e9gion natale, le Var. Cette situation d\u00e9licate a eu un impact direct sur ses performances et son moral au sein de l&rsquo;\u00e9quipe.<\/p>\n<p>Martinez a n\u00e9anmoins montr\u00e9 son potentiel sur le terrain, participant \u00e0 11 rencontres et marquant trois essais. Sa demande de d\u00e9part est donc motiv\u00e9e par des besoins personnels pressants, ce qui rend son d\u00e9part d&rsquo;autant plus compr\u00e9hensible aux yeux des supporters.<\/p>\n<h2>Un avenir incertain pour Biarritz<\/h2>\n<p>La perte de ces deux joueurs exp\u00e9riment\u00e9s pourrait avoir des cons\u00e9quences significatives pour le Biarritz Olympique. Leur absence risque de laisser un vide difficile \u00e0 combler sur le terrain, tant au niveau de l&rsquo;exp\u00e9rience que des performances. Les dirigeants du club doivent agir rapidement pour s\u00e9curiser des rempla\u00e7ants ad\u00e9quats.<\/p>\n<p>Aujourd&rsquo;hui, les destinations potentielles pour Jaminet et Martinez restent floues. Plusieurs clubs de Pro D2 ont manifest\u00e9 leur int\u00e9r\u00eat, mais aucune d\u00e9cision n&rsquo;a encore \u00e9t\u00e9 prise. Les prochains mois s&rsquo;annoncent donc cruciaux pour le BOPB afin de g\u00e9rer cette transition et maintenir la dynamique de l&rsquo;\u00e9quipe.<\/p>\n<blockquote><p>\n  \u00ab\u00a0La pr\u00e9sence des nouveaux investisseurs a modifi\u00e9 le projet initial qui avait s\u00e9duit Kylian Jaminet.\u00a0\u00bb\n<\/p><\/blockquote>\n<ul>\n<li>Kylian Jaminet souhaite quitter Biarritz apr\u00e8s une saison difficile.<\/li>\n<li>Cl\u00e9ment Martinez doit se rapprocher de sa r\u00e9gion d&rsquo;origine pour des raisons personnelles.<\/li>\n<li>Les deux joueurs sont des atouts pr\u00e9cieux, et leur d\u00e9part pourrait affecter l&rsquo;\u00e9quipe.<\/li>\n<li>Le BOPB doit trouver des rempla\u00e7ants rapidement pour \u00e9viter une crise sportive.<\/li>\n<li>Des clubs de Pro D2 montrent un int\u00e9r\u00eat pour recruter ces joueurs exp\u00e9riment\u00e9s.<\/li>\n<\/ul>\n<p>Le Biarritz Olympique se retrouve donc \u00e0 un tournant d\u00e9cisif de sa saison. Les d\u00e9parts de Jaminet et Martinez, bien que motiv\u00e9s par des raisons valables, soul\u00e8vent des interrogations quant \u00e0 la stabilit\u00e9 de l&rsquo;\u00e9quipe. Les supporters attendent avec impatience les d\u00e9cisions qui seront prises dans les semaines \u00e0 venir, esp\u00e9rant que leur club puisse rebondir rapidement malgr\u00e9 ces d\u00e9fis.<\/p>\n","protected":false},"excerpt":{"rendered":"","protected":false},"author":34,"featured_media":15815,"comment_status":"open","ping_status":"open","sticky":false,"template":"","format":"standard","meta":{"_acf_changed":false,"manual_indexmenow":false,"indexmenow_id_project":0,"footnotes":""},"categories":[1],"tags":[4531,4544,4561,4543,4693],"class_list":["post-13312","post","type-post","status-publish","format-standard","has-post-thumbnail","hentry","category-a-la-une","tag-biarritz-olympique","tag-equipe","tag-gestion-des-talents","tag-performance","tag-pro-d2","generate-columns","tablet-grid-50","mobile-grid-100","grid-parent","grid-25"],"acf":[],"yoast_head":"<!-- This site is optimized with the Yoast SEO Premium plugin v21.3 (Yoast SEO v26.5) - https:\/\/yoast.com\/wordpress\/plugins\/seo\/ -->\n<title>Transferts Pro D2 : Kylian Jaminet et Cl\u00e9ment Martinez vers<\/title>\n<meta name=\"description\" content=\"Kylian Jaminet et Cl\u00e9ment Martinez : une s\u00e9paration difficile pour Biarritz Les deux joueurs, sous contrat jusqu&#039;en 2026, ont exprim\u00e9 leur d\u00e9sir de\u2026\" \/>\n<meta name=\"robots\" content=\"index, follow, max-snippet:-1, max-image-preview:large, max-video-preview:-1\" \/>\n<link rel=\"canonical\" href=\"https:\/\/sport-index.fr\/blog\/a-la-une\/transferts-pro-d2-kylian-jaminet-et-clement-martinez-vers-de-nouveaux-horizons\/\" \/>\n<meta property=\"og:locale\" content=\"fr_FR\" \/>\n<meta property=\"og:type\" content=\"article\" \/>\n<meta property=\"og:title\" content=\"Transferts Pro D2 : Kylian Jaminet et Cl\u00e9ment Martinez vers\" \/>\n<meta property=\"og:description\" content=\"Kylian Jaminet et Cl\u00e9ment Martinez : une s\u00e9paration difficile pour Biarritz Les deux joueurs, sous contrat jusqu&#039;en 2026, ont exprim\u00e9 leur d\u00e9sir de\u2026\" \/>\n<meta property=\"og:url\" content=\"https:\/\/sport-index.fr\/blog\/a-la-une\/transferts-pro-d2-kylian-jaminet-et-clement-martinez-vers-de-nouveaux-horizons\/\" \/>\n<meta property=\"og:site_name\" content=\"sport-index\" \/>\n<meta name=\"author\" content=\"Axel Lauzier\" \/>\n<meta name=\"twitter:card\" content=\"summary_large_image\" \/>\n<script type=\"application\/ld+json\" class=\"yoast-schema-graph\">{\"@context\":\"https:\/\/schema.org\",\"@graph\":[{\"@type\":\"NewsArticle\",\"@id\":\"https:\/\/sport-index.fr\/blog\/a-la-une\/transferts-pro-d2-kylian-jaminet-et-clement-martinez-vers-de-nouveaux-horizons\/#article\",\"isPartOf\":{\"@id\":\"https:\/\/sport-index.fr\/blog\/a-la-une\/transferts-pro-d2-kylian-jaminet-et-clement-martinez-vers-de-nouveaux-horizons\/\"},\"author\":{\"name\":\"Axel Lauzier\",\"@id\":\"https:\/\/sport-index.fr\/blog\/#\/schema\/person\/3c864cdc320801e3db34b663e7e3f816\"},\"headline\":\"Transferts Pro D2 : Kylian Jaminet et Cl\u00e9ment Martinez vers de nouveaux horizons\",\"datePublished\":\"2025-04-07T06:54:07+00:00\",\"mainEntityOfPage\":{\"@id\":\"https:\/\/sport-index.fr\/blog\/a-la-une\/transferts-pro-d2-kylian-jaminet-et-clement-martinez-vers-de-nouveaux-horizons\/\"},\"wordCount\":494,\"commentCount\":27,\"publisher\":{\"@id\":\"https:\/\/sport-index.fr\/blog\/#organization\"},\"image\":{\"@id\":\"https:\/\/sport-index.fr\/blog\/a-la-une\/transferts-pro-d2-kylian-jaminet-et-clement-martinez-vers-de-nouveaux-horizons\/#primaryimage\"},\"thumbnailUrl\":\"https:\/\/sport-index.fr\/blog\/wp-content\/uploads\/2025\/05\/sdxl-3f82541961bd1245c933f4c971595ecf-scaled.png\",\"keywords\":[\"Biarritz Olympique\",\"\u00c9quipe\",\"Gestion des Talents\",\"Performance\",\"Pro D2\"],\"articleSection\":[\"\u00c0 la une\"],\"inLanguage\":\"fr-FR\",\"potentialAction\":[{\"@type\":\"CommentAction\",\"name\":\"Comment\",\"target\":[\"https:\/\/sport-index.fr\/blog\/a-la-une\/transferts-pro-d2-kylian-jaminet-et-clement-martinez-vers-de-nouveaux-horizons\/#respond\"]}]},{\"@type\":\"WebPage\",\"@id\":\"https:\/\/sport-index.fr\/blog\/a-la-une\/transferts-pro-d2-kylian-jaminet-et-clement-martinez-vers-de-nouveaux-horizons\/\",\"url\":\"https:\/\/sport-index.fr\/blog\/a-la-une\/transferts-pro-d2-kylian-jaminet-et-clement-martinez-vers-de-nouveaux-horizons\/\",\"name\":\"Transferts Pro D2 : Kylian Jaminet et Cl\u00e9ment Martinez vers\",\"isPartOf\":{\"@id\":\"https:\/\/sport-index.fr\/blog\/#website\"},\"primaryImageOfPage\":{\"@id\":\"https:\/\/sport-index.fr\/blog\/a-la-une\/transferts-pro-d2-kylian-jaminet-et-clement-martinez-vers-de-nouveaux-horizons\/#primaryimage\"},\"image\":{\"@id\":\"https:\/\/sport-index.fr\/blog\/a-la-une\/transferts-pro-d2-kylian-jaminet-et-clement-martinez-vers-de-nouveaux-horizons\/#primaryimage\"},\"thumbnailUrl\":\"https:\/\/sport-index.fr\/blog\/wp-content\/uploads\/2025\/05\/sdxl-3f82541961bd1245c933f4c971595ecf-scaled.png\",\"datePublished\":\"2025-04-07T06:54:07+00:00\",\"description\":\"Kylian Jaminet et Cl\u00e9ment Martinez : une s\u00e9paration difficile pour Biarritz Les deux joueurs, sous contrat jusqu'en 2026, ont exprim\u00e9 leur d\u00e9sir de\u2026\",\"inLanguage\":\"fr-FR\",\"potentialAction\":[{\"@type\":\"ReadAction\",\"target\":[\"https:\/\/sport-index.fr\/blog\/a-la-une\/transferts-pro-d2-kylian-jaminet-et-clement-martinez-vers-de-nouveaux-horizons\/\"]}]},{\"@type\":\"ImageObject\",\"inLanguage\":\"fr-FR\",\"@id\":\"https:\/\/sport-index.fr\/blog\/a-la-une\/transferts-pro-d2-kylian-jaminet-et-clement-martinez-vers-de-nouveaux-horizons\/#primaryimage\",\"url\":\"https:\/\/sport-index.fr\/blog\/wp-content\/uploads\/2025\/05\/sdxl-3f82541961bd1245c933f4c971595ecf-scaled.png\",\"contentUrl\":\"https:\/\/sport-index.fr\/blog\/wp-content\/uploads\/2025\/05\/sdxl-3f82541961bd1245c933f4c971595ecf-scaled.png\",\"width\":1200,\"height\":500},{\"@type\":\"WebSite\",\"@id\":\"https:\/\/sport-index.fr\/blog\/#website\",\"url\":\"https:\/\/sport-index.fr\/blog\/\",\"name\":\"sport-index.fr\",\"description\":\"Le score de l\u2019analyse sportive.\",\"publisher\":{\"@id\":\"https:\/\/sport-index.fr\/blog\/#organization\"},\"alternateName\":\"Le score de l\u2019analyse sportive.\",\"potentialAction\":[{\"@type\":\"SearchAction\",\"target\":{\"@type\":\"EntryPoint\",\"urlTemplate\":\"https:\/\/sport-index.fr\/blog\/?s={search_term_string}\"},\"query-input\":{\"@type\":\"PropertyValueSpecification\",\"valueRequired\":true,\"valueName\":\"search_term_string\"}}],\"inLanguage\":\"fr-FR\"},{\"@type\":\"Organization\",\"@id\":\"https:\/\/sport-index.fr\/blog\/#organization\",\"name\":\"Foretsensations.fr\",\"url\":\"https:\/\/sport-index.fr\/blog\/\",\"logo\":{\"@type\":\"ImageObject\",\"inLanguage\":\"fr-FR\",\"@id\":\"https:\/\/sport-index.fr\/blog\/#\/schema\/logo\/image\/\",\"url\":\"https:\/\/sport-index.fr\/blog\/wp-content\/uploads\/2026\/07\/logo-auto.png\",\"contentUrl\":\"https:\/\/sport-index.fr\/blog\/wp-content\/uploads\/2026\/07\/logo-auto.png\",\"width\":1024,\"height\":1024,\"caption\":\"Foretsensations.fr\"},\"image\":{\"@id\":\"https:\/\/sport-index.fr\/blog\/#\/schema\/logo\/image\/\"}},{\"@type\":\"Person\",\"@id\":\"https:\/\/sport-index.fr\/blog\/#\/schema\/person\/3c864cdc320801e3db34b663e7e3f816\",\"name\":\"Axel Lauzier\",\"image\":{\"@type\":\"ImageObject\",\"inLanguage\":\"fr-FR\",\"@id\":\"https:\/\/sport-index.fr\/blog\/#\/schema\/person\/image\/\",\"url\":\"https:\/\/sport-index.fr\/blog\/wp-content\/uploads\/2026\/06\/persona_axel-l-96x96.jpg\",\"contentUrl\":\"https:\/\/sport-index.fr\/blog\/wp-content\/uploads\/2026\/06\/persona_axel-l-96x96.jpg\",\"caption\":\"Axel Lauzier\"},\"description\":\"Le sport rythme mon quotidien depuis l'enfance, et j'en ai fait mon m\u00e9tier d'analyste r\u00e9dactionnel il y a une dizaine d'ann\u00e9es. Je couvre principalement le football, son actualit\u00e9, ses transferts et l'analyse tactique des grandes affiches, mais aussi les disciplines plus confidentielles que j'aime remettre en lumi\u00e8re. Une partie de mon travail porte sur les pronostics et la lecture statistique d'un match : forme des \u00e9quipes, historique des confrontations, compositions, sans jamais vendre de fausse certitude. Je rappelle syst\u00e9matiquement que parier comporte un risque et doit rester un loisir ma\u00eetris\u00e9. Avant de signer une analyse, je v\u00e9rifie mes chiffres, je recoupe les compositions probables et je distingue toujours la donn\u00e9e brute de l'intuition. Mon objectif : offrir une lecture honn\u00eate et argument\u00e9e, pas un ticket gagnant garanti.\",\"sameAs\":[\"https:\/\/axellauzier.fr\/\"],\"url\":\"https:\/\/sport-index.fr\/blog\/auteur\/noname\/\"}]}<\/script>\n<!-- \/ Yoast SEO Premium plugin. -->","yoast_head_json":{"title":"Transferts Pro D2 : Kylian Jaminet et Cl\u00e9ment Martinez vers","description":"Kylian Jaminet et Cl\u00e9ment Martinez : une s\u00e9paration difficile pour Biarritz Les deux joueurs, sous contrat jusqu'en 2026, ont exprim\u00e9 leur d\u00e9sir de\u2026","robots":{"index":"index","follow":"follow","max-snippet":"max-snippet:-1","max-image-preview":"max-image-preview:large","max-video-preview":"max-video-preview:-1"},"canonical":"https:\/\/sport-index.fr\/blog\/a-la-une\/transferts-pro-d2-kylian-jaminet-et-clement-martinez-vers-de-nouveaux-horizons\/","og_locale":"fr_FR","og_type":"article","og_title":"Transferts Pro D2 : Kylian Jaminet et Cl\u00e9ment Martinez vers","og_description":"Kylian Jaminet et Cl\u00e9ment Martinez : une s\u00e9paration difficile pour Biarritz Les deux joueurs, sous contrat jusqu'en 2026, ont exprim\u00e9 leur d\u00e9sir de\u2026","og_url":"https:\/\/sport-index.fr\/blog\/a-la-une\/transferts-pro-d2-kylian-jaminet-et-clement-martinez-vers-de-nouveaux-horizons\/","og_site_name":"sport-index","author":"Axel Lauzier","twitter_card":"summary_large_image","schema":{"@context":"https:\/\/schema.org","@graph":[{"@type":"NewsArticle","@id":"https:\/\/sport-index.fr\/blog\/a-la-une\/transferts-pro-d2-kylian-jaminet-et-clement-martinez-vers-de-nouveaux-horizons\/#article","isPartOf":{"@id":"https:\/\/sport-index.fr\/blog\/a-la-une\/transferts-pro-d2-kylian-jaminet-et-clement-martinez-vers-de-nouveaux-horizons\/"},"author":{"name":"Axel Lauzier","@id":"https:\/\/sport-index.fr\/blog\/#\/schema\/person\/3c864cdc320801e3db34b663e7e3f816"},"headline":"Transferts Pro D2 : Kylian Jaminet et Cl\u00e9ment Martinez vers de nouveaux horizons","datePublished":"2025-04-07T06:54:07+00:00","mainEntityOfPage":{"@id":"https:\/\/sport-index.fr\/blog\/a-la-une\/transferts-pro-d2-kylian-jaminet-et-clement-martinez-vers-de-nouveaux-horizons\/"},"wordCount":494,"commentCount":27,"publisher":{"@id":"https:\/\/sport-index.fr\/blog\/#organization"},"image":{"@id":"https:\/\/sport-index.fr\/blog\/a-la-une\/transferts-pro-d2-kylian-jaminet-et-clement-martinez-vers-de-nouveaux-horizons\/#primaryimage"},"thumbnailUrl":"https:\/\/sport-index.fr\/blog\/wp-content\/uploads\/2025\/05\/sdxl-3f82541961bd1245c933f4c971595ecf-scaled.png","keywords":["Biarritz Olympique","\u00c9quipe","Gestion des Talents","Performance","Pro D2"],"articleSection":["\u00c0 la une"],"inLanguage":"fr-FR","potentialAction":[{"@type":"CommentAction","name":"Comment","target":["https:\/\/sport-index.fr\/blog\/a-la-une\/transferts-pro-d2-kylian-jaminet-et-clement-martinez-vers-de-nouveaux-horizons\/#respond"]}]},{"@type":"WebPage","@id":"https:\/\/sport-index.fr\/blog\/a-la-une\/transferts-pro-d2-kylian-jaminet-et-clement-martinez-vers-de-nouveaux-horizons\/","url":"https:\/\/sport-index.fr\/blog\/a-la-une\/transferts-pro-d2-kylian-jaminet-et-clement-martinez-vers-de-nouveaux-horizons\/","name":"Transferts Pro D2 : Kylian Jaminet et Cl\u00e9ment Martinez vers","isPartOf":{"@id":"https:\/\/sport-index.fr\/blog\/#website"},"primaryImageOfPage":{"@id":"https:\/\/sport-index.fr\/blog\/a-la-une\/transferts-pro-d2-kylian-jaminet-et-clement-martinez-vers-de-nouveaux-horizons\/#primaryimage"},"image":{"@id":"https:\/\/sport-index.fr\/blog\/a-la-une\/transferts-pro-d2-kylian-jaminet-et-clement-martinez-vers-de-nouveaux-horizons\/#primaryimage"},"thumbnailUrl":"https:\/\/sport-index.fr\/blog\/wp-content\/uploads\/2025\/05\/sdxl-3f82541961bd1245c933f4c971595ecf-scaled.png","datePublished":"2025-04-07T06:54:07+00:00","description":"Kylian Jaminet et Cl\u00e9ment Martinez : une s\u00e9paration difficile pour Biarritz Les deux joueurs, sous contrat jusqu'en 2026, ont exprim\u00e9 leur d\u00e9sir de\u2026","inLanguage":"fr-FR","potentialAction":[{"@type":"ReadAction","target":["https:\/\/sport-index.fr\/blog\/a-la-une\/transferts-pro-d2-kylian-jaminet-et-clement-martinez-vers-de-nouveaux-horizons\/"]}]},{"@type":"ImageObject","inLanguage":"fr-FR","@id":"https:\/\/sport-index.fr\/blog\/a-la-une\/transferts-pro-d2-kylian-jaminet-et-clement-martinez-vers-de-nouveaux-horizons\/#primaryimage","url":"https:\/\/sport-index.fr\/blog\/wp-content\/uploads\/2025\/05\/sdxl-3f82541961bd1245c933f4c971595ecf-scaled.png","contentUrl":"https:\/\/sport-index.fr\/blog\/wp-content\/uploads\/2025\/05\/sdxl-3f82541961bd1245c933f4c971595ecf-scaled.png","width":1200,"height":500},{"@type":"WebSite","@id":"https:\/\/sport-index.fr\/blog\/#website","url":"https:\/\/sport-index.fr\/blog\/","name":"sport-index.fr","description":"Le score de l\u2019analyse sportive.","publisher":{"@id":"https:\/\/sport-index.fr\/blog\/#organization"},"alternateName":"Le score de l\u2019analyse sportive.","potentialAction":[{"@type":"SearchAction","target":{"@type":"EntryPoint","urlTemplate":"https:\/\/sport-index.fr\/blog\/?s={search_term_string}"},"query-input":{"@type":"PropertyValueSpecification","valueRequired":true,"valueName":"search_term_string"}}],"inLanguage":"fr-FR"},{"@type":"Organization","@id":"https:\/\/sport-index.fr\/blog\/#organization","name":"Foretsensations.fr","url":"https:\/\/sport-index.fr\/blog\/","logo":{"@type":"ImageObject","inLanguage":"fr-FR","@id":"https:\/\/sport-index.fr\/blog\/#\/schema\/logo\/image\/","url":"https:\/\/sport-index.fr\/blog\/wp-content\/uploads\/2026\/07\/logo-auto.png","contentUrl":"https:\/\/sport-index.fr\/blog\/wp-content\/uploads\/2026\/07\/logo-auto.png","width":1024,"height":1024,"caption":"Foretsensations.fr"},"image":{"@id":"https:\/\/sport-index.fr\/blog\/#\/schema\/logo\/image\/"}},{"@type":"Person","@id":"https:\/\/sport-index.fr\/blog\/#\/schema\/person\/3c864cdc320801e3db34b663e7e3f816","name":"Axel Lauzier","image":{"@type":"ImageObject","inLanguage":"fr-FR","@id":"https:\/\/sport-index.fr\/blog\/#\/schema\/person\/image\/","url":"https:\/\/sport-index.fr\/blog\/wp-content\/uploads\/2026\/06\/persona_axel-l-96x96.jpg","contentUrl":"https:\/\/sport-index.fr\/blog\/wp-content\/uploads\/2026\/06\/persona_axel-l-96x96.jpg","caption":"Axel Lauzier"},"description":"Le sport rythme mon quotidien depuis l'enfance, et j'en ai fait mon m\u00e9tier d'analyste r\u00e9dactionnel il y a une dizaine d'ann\u00e9es. Je couvre principalement le football, son actualit\u00e9, ses transferts et l'analyse tactique des grandes affiches, mais aussi les disciplines plus confidentielles que j'aime remettre en lumi\u00e8re. Une partie de mon travail porte sur les pronostics et la lecture statistique d'un match : forme des \u00e9quipes, historique des confrontations, compositions, sans jamais vendre de fausse certitude. Je rappelle syst\u00e9matiquement que parier comporte un risque et doit rester un loisir ma\u00eetris\u00e9. Avant de signer une analyse, je v\u00e9rifie mes chiffres, je recoupe les compositions probables et je distingue toujours la donn\u00e9e brute de l'intuition. Mon objectif : offrir une lecture honn\u00eate et argument\u00e9e, pas un ticket gagnant garanti.","sameAs":["https:\/\/axellauzier.fr\/"],"url":"https:\/\/sport-index.fr\/blog\/auteur\/noname\/"}]}},"_links":{"self":[{"href":"https:\/\/sport-index.fr\/blog\/wp-json\/wp\/v2\/posts\/13312","targetHints":{"allow":["GET"]}}],"collection":[{"href":"https:\/\/sport-index.fr\/blog\/wp-json\/wp\/v2\/posts"}],"about":[{"href":"https:\/\/sport-index.fr\/blog\/wp-json\/wp\/v2\/types\/post"}],"author":[{"embeddable":true,"href":"https:\/\/sport-index.fr\/blog\/wp-json\/wp\/v2\/users\/34"}],"replies":[{"embeddable":true,"href":"https:\/\/sport-index.fr\/blog\/wp-json\/wp\/v2\/comments?post=13312"}],"version-history":[{"count":1,"href":"https:\/\/sport-index.fr\/blog\/wp-json\/wp\/v2\/posts\/13312\/revisions"}],"predecessor-version":[{"id":13336,"href":"https:\/\/sport-index.fr\/blog\/wp-json\/wp\/v2\/posts\/13312\/revisions\/13336"}],"wp:featuredmedia":[{"embeddable":true,"href":"https:\/\/sport-index.fr\/blog\/wp-json\/wp\/v2\/media\/15815"}],"wp:attachment":[{"href":"https:\/\/sport-index.fr\/blog\/wp-json\/wp\/v2\/media?parent=13312"}],"wp:term":[{"taxonomy":"category","embeddable":true,"href":"https:\/\/sport-index.fr\/blog\/wp-json\/wp\/v2\/categories?post=13312"},{"taxonomy":"post_tag","embeddable":true,"href":"https:\/\/sport-index.fr\/blog\/wp-json\/wp\/v2\/tags?post=13312"}],"curies":[{"name":"wp","href":"https:\/\/api.w.org\/{rel}","templated":true}]}}