{"id":13318,"date":"2025-04-07T02:26:03","date_gmt":"2025-04-07T00:26:03","guid":{"rendered":"https:\/\/sport-index.fr\/blog\/?p=13318"},"modified":"2025-04-07T02:26:03","modified_gmt":"2025-04-07T00:26:03","slug":"mathis-ferte-vers-toulon-un-avenir-prometteur-pour-le-jeune-prodige-du-rugby","status":"publish","type":"post","link":"https:\/\/sport-index.fr\/blog\/a-la-une\/mathis-ferte-vers-toulon-un-avenir-prometteur-pour-le-jeune-prodige-du-rugby\/","title":{"rendered":"Mathis Fert\u00e9 vers Toulon : un avenir prometteur pour le jeune prodige du rugby"},"content":{"rendered":"<h2>Mathis Fert\u00e9, un joueur convoit\u00e9 malgr\u00e9 son contrat<\/h2>\n<p>Mathis Fert\u00e9, \u00e2g\u00e9 de seulement 21 ans, fait d\u00e9j\u00e0 parler de lui dans le monde du rugby. Malgr\u00e9 un contrat qui le lie \u00e0 Brive jusqu&rsquo;en 2028, son avenir semble s&rsquo;\u00e9crire ailleurs. Les rumeurs persistantes indiquent que Toulon serait en pole position pour accueillir ce talentueux trois-quarts \u00e0 l&rsquo;issue de la saison.<\/p>\n<p>Le joueur a r\u00e9cemment exprim\u00e9 son d\u00e9sir de changer de club, ce qui a suscit\u00e9 l&rsquo;int\u00e9r\u00eat des dirigeants toulonnais. Bien que Brive souhaite le conserver, la situation pourrait \u00e9voluer rapidement, car le jeune homme a les ambitions d&rsquo;un joueur de haut niveau. Son r\u00f4le actuel de demi de m\u00eal\u00e9e, qu&rsquo;il occupe avec brio, pourrait \u00eatre d\u00e9terminant dans sa d\u00e9cision.<\/p>\n<h2>Toulon, une destination s\u00e9duisante pour Fert\u00e9<\/h2>\n<p>Le Rugby Club Toulonnais a manifest\u00e9 un int\u00e9r\u00eat marqu\u00e9 pour Mathis Fert\u00e9 depuis plusieurs mois. En janvier, le joueur a visit\u00e9 les installations du club varois, un signe fort de son int\u00e9r\u00eat pour cette opportunit\u00e9. Selon nos sources, un contrat espoir serait propos\u00e9, ce qui t\u00e9moigne de la volont\u00e9 de Toulon de l&rsquo;int\u00e9grer \u00e0 leur effectif.<\/p>\n<p>Le club est pr\u00eat \u00e0 investir financi\u00e8rement pour attirer Fert\u00e9, en lui offrant une indemnit\u00e9 cons\u00e9quente. L&rsquo;optimisme r\u00e8gne du c\u00f4t\u00e9 toulonnais, car les dirigeants croient fermement en la possibilit\u00e9 de concr\u00e9tiser ce transfert. La lib\u00e9ration de certains joueurs, comme Jiuta Wainiqolo, a \u00e9galement ouvert des perspectives salariales favorables pour l&rsquo;arriv\u00e9e du jeune prodige.<\/p>\n<h2>La concurrence s&rsquo;intensifie avec La Rochelle<\/h2>\n<p>Cependant, la route vers Toulon n&rsquo;est pas sans emb\u00fbches. La Rochelle, qui cherche \u00e0 rajeunir son effectif, a \u00e9galement manifest\u00e9 son int\u00e9r\u00eat pour Mathis Fert\u00e9. Ce club maritime a r\u00e9cemment pris des renseignements sur la situation du joueur, ce qui complique les n\u00e9gociations pour le Rugby Club Toulonnais. <\/p>\n<p>Pourtant, Toulon se d\u00e9marque par ses arguments solides, notamment la lib\u00e9ration d&rsquo;une place dans l&rsquo;effectif suite au d\u00e9part de Jiuta Wainiqolo. De plus, l&rsquo;\u00e9quipe a besoin d&rsquo;un joueur polyvalent capable de jouer \u00e0 plusieurs postes, ce qui est pr\u00e9cis\u00e9ment le profil de Fert\u00e9. Avec l&rsquo;ambition de constituer une \u00e9quipe comp\u00e9titive, Toulon semble d\u00e9termin\u00e9 \u00e0 faire de Fert\u00e9 un de ses atouts majeurs.<\/p>\n<blockquote><p>\n\u00ab\u00a0Mathis a envie de jouer num\u00e9ro 9, il joue num\u00e9ro 9 aujourd&rsquo;hui. Imaginez qu\u2019il s\u2019installe en 9 et qu\u2019on monte en Top 14.\u00a0\u00bb &#8211; Thi\u00e9rry Blandini\u00e8res, pr\u00e9sident du CAB.\n<\/p><\/blockquote>\n<ul>\n<li>Mathis Fert\u00e9, sous contrat avec Brive jusqu&rsquo;en 2028.<\/li>\n<li>Toulon en pole pour accueillir le jeune joueur.<\/li>\n<li>La Rochelle \u00e9galement int\u00e9ress\u00e9 par Fert\u00e9.<\/li>\n<li>Fert\u00e9 a visit\u00e9 les installations de Toulon en janvier.<\/li>\n<li>Le RCT pr\u00eat \u00e0 investir pour le faire venir.<\/li>\n<\/ul>\n<p>Le parcours de Mathis Fert\u00e9 est un exemple parfait de la dynamisme du rugby professionnel fran\u00e7ais. Son potentiel est ind\u00e9niable, et son avenir semble prometteur, que ce soit \u00e0 Toulon ou ailleurs. Les mois \u00e0 venir promettent d&rsquo;\u00eatre d\u00e9cisifs dans cette saga, et les fans de rugby suivront de pr\u00e8s cette situation qui pourrait red\u00e9finir la carri\u00e8re de ce jeune talent.<\/p>\n","protected":false},"excerpt":{"rendered":"","protected":false},"author":34,"featured_media":16306,"comment_status":"open","ping_status":"open","sticky":false,"template":"","format":"standard","meta":{"_acf_changed":false,"manual_indexmenow":false,"indexmenow_id_project":0,"footnotes":""},"categories":[1],"tags":[4561,4563,4536,5065,4554],"class_list":["post-13318","post","type-post","status-publish","format-standard","has-post-thumbnail","hentry","category-a-la-une","tag-gestion-des-talents","tag-performance-athletique","tag-rugby","tag-toulon","tag-xv-de-france","generate-columns","tablet-grid-50","mobile-grid-100","grid-parent","grid-25"],"acf":[],"yoast_head":"<!-- This site is optimized with the Yoast SEO Premium plugin v21.3 (Yoast SEO v26.5) - https:\/\/yoast.com\/wordpress\/plugins\/seo\/ -->\n<title>Mathis Fert\u00e9 vers Toulon : un avenir prometteur<\/title>\n<meta name=\"description\" content=\"Mathis Fert\u00e9, un joueur convoit\u00e9 malgr\u00e9 son contrat Mathis Fert\u00e9, \u00e2g\u00e9 de seulement 21 ans, fait d\u00e9j\u00e0 parler de lui dans le monde du rugby. Malgr\u00e9 un\u2026\" \/>\n<meta name=\"robots\" content=\"index, follow, max-snippet:-1, max-image-preview:large, max-video-preview:-1\" \/>\n<link rel=\"canonical\" href=\"https:\/\/sport-index.fr\/blog\/a-la-une\/mathis-ferte-vers-toulon-un-avenir-prometteur-pour-le-jeune-prodige-du-rugby\/\" \/>\n<meta property=\"og:locale\" content=\"fr_FR\" \/>\n<meta property=\"og:type\" content=\"article\" \/>\n<meta property=\"og:title\" content=\"Mathis Fert\u00e9 vers Toulon : un avenir prometteur\" \/>\n<meta property=\"og:description\" content=\"Mathis Fert\u00e9, un joueur convoit\u00e9 malgr\u00e9 son contrat Mathis Fert\u00e9, \u00e2g\u00e9 de seulement 21 ans, fait d\u00e9j\u00e0 parler de lui dans le monde du rugby. Malgr\u00e9 un\u2026\" \/>\n<meta property=\"og:url\" content=\"https:\/\/sport-index.fr\/blog\/a-la-une\/mathis-ferte-vers-toulon-un-avenir-prometteur-pour-le-jeune-prodige-du-rugby\/\" \/>\n<meta property=\"og:site_name\" content=\"sport-index\" \/>\n<meta name=\"author\" content=\"Axel Lauzier\" \/>\n<meta name=\"twitter:card\" content=\"summary_large_image\" \/>\n<script type=\"application\/ld+json\" class=\"yoast-schema-graph\">{\"@context\":\"https:\/\/schema.org\",\"@graph\":[{\"@type\":\"NewsArticle\",\"@id\":\"https:\/\/sport-index.fr\/blog\/a-la-une\/mathis-ferte-vers-toulon-un-avenir-prometteur-pour-le-jeune-prodige-du-rugby\/#article\",\"isPartOf\":{\"@id\":\"https:\/\/sport-index.fr\/blog\/a-la-une\/mathis-ferte-vers-toulon-un-avenir-prometteur-pour-le-jeune-prodige-du-rugby\/\"},\"author\":{\"name\":\"Axel Lauzier\",\"@id\":\"https:\/\/sport-index.fr\/blog\/#\/schema\/person\/3c864cdc320801e3db34b663e7e3f816\"},\"headline\":\"Mathis Fert\u00e9 vers Toulon : un avenir prometteur pour le jeune prodige du rugby\",\"datePublished\":\"2025-04-07T00:26:03+00:00\",\"mainEntityOfPage\":{\"@id\":\"https:\/\/sport-index.fr\/blog\/a-la-une\/mathis-ferte-vers-toulon-un-avenir-prometteur-pour-le-jeune-prodige-du-rugby\/\"},\"wordCount\":548,\"commentCount\":20,\"publisher\":{\"@id\":\"https:\/\/sport-index.fr\/blog\/#organization\"},\"image\":{\"@id\":\"https:\/\/sport-index.fr\/blog\/a-la-une\/mathis-ferte-vers-toulon-un-avenir-prometteur-pour-le-jeune-prodige-du-rugby\/#primaryimage\"},\"thumbnailUrl\":\"https:\/\/sport-index.fr\/blog\/wp-content\/uploads\/2025\/05\/sdxl-908fd930935d8811f9a7c2d31de505e1-scaled.png\",\"keywords\":[\"Gestion des Talents\",\"Performance Athl\u00e9tique\",\"Rugby\",\"Toulon\",\"XV de France\"],\"articleSection\":[\"\u00c0 la une\"],\"inLanguage\":\"fr-FR\",\"potentialAction\":[{\"@type\":\"CommentAction\",\"name\":\"Comment\",\"target\":[\"https:\/\/sport-index.fr\/blog\/a-la-une\/mathis-ferte-vers-toulon-un-avenir-prometteur-pour-le-jeune-prodige-du-rugby\/#respond\"]}]},{\"@type\":\"WebPage\",\"@id\":\"https:\/\/sport-index.fr\/blog\/a-la-une\/mathis-ferte-vers-toulon-un-avenir-prometteur-pour-le-jeune-prodige-du-rugby\/\",\"url\":\"https:\/\/sport-index.fr\/blog\/a-la-une\/mathis-ferte-vers-toulon-un-avenir-prometteur-pour-le-jeune-prodige-du-rugby\/\",\"name\":\"Mathis Fert\u00e9 vers Toulon : un avenir prometteur\",\"isPartOf\":{\"@id\":\"https:\/\/sport-index.fr\/blog\/#website\"},\"primaryImageOfPage\":{\"@id\":\"https:\/\/sport-index.fr\/blog\/a-la-une\/mathis-ferte-vers-toulon-un-avenir-prometteur-pour-le-jeune-prodige-du-rugby\/#primaryimage\"},\"image\":{\"@id\":\"https:\/\/sport-index.fr\/blog\/a-la-une\/mathis-ferte-vers-toulon-un-avenir-prometteur-pour-le-jeune-prodige-du-rugby\/#primaryimage\"},\"thumbnailUrl\":\"https:\/\/sport-index.fr\/blog\/wp-content\/uploads\/2025\/05\/sdxl-908fd930935d8811f9a7c2d31de505e1-scaled.png\",\"datePublished\":\"2025-04-07T00:26:03+00:00\",\"description\":\"Mathis Fert\u00e9, un joueur convoit\u00e9 malgr\u00e9 son contrat Mathis Fert\u00e9, \u00e2g\u00e9 de seulement 21 ans, fait d\u00e9j\u00e0 parler de lui dans le monde du rugby. Malgr\u00e9 un\u2026\",\"inLanguage\":\"fr-FR\",\"potentialAction\":[{\"@type\":\"ReadAction\",\"target\":[\"https:\/\/sport-index.fr\/blog\/a-la-une\/mathis-ferte-vers-toulon-un-avenir-prometteur-pour-le-jeune-prodige-du-rugby\/\"]}]},{\"@type\":\"ImageObject\",\"inLanguage\":\"fr-FR\",\"@id\":\"https:\/\/sport-index.fr\/blog\/a-la-une\/mathis-ferte-vers-toulon-un-avenir-prometteur-pour-le-jeune-prodige-du-rugby\/#primaryimage\",\"url\":\"https:\/\/sport-index.fr\/blog\/wp-content\/uploads\/2025\/05\/sdxl-908fd930935d8811f9a7c2d31de505e1-scaled.png\",\"contentUrl\":\"https:\/\/sport-index.fr\/blog\/wp-content\/uploads\/2025\/05\/sdxl-908fd930935d8811f9a7c2d31de505e1-scaled.png\",\"width\":1200,\"height\":500},{\"@type\":\"WebSite\",\"@id\":\"https:\/\/sport-index.fr\/blog\/#website\",\"url\":\"https:\/\/sport-index.fr\/blog\/\",\"name\":\"sport-index.fr\",\"description\":\"Le score de l\u2019analyse sportive.\",\"publisher\":{\"@id\":\"https:\/\/sport-index.fr\/blog\/#organization\"},\"alternateName\":\"Le score de l\u2019analyse sportive.\",\"potentialAction\":[{\"@type\":\"SearchAction\",\"target\":{\"@type\":\"EntryPoint\",\"urlTemplate\":\"https:\/\/sport-index.fr\/blog\/?s={search_term_string}\"},\"query-input\":{\"@type\":\"PropertyValueSpecification\",\"valueRequired\":true,\"valueName\":\"search_term_string\"}}],\"inLanguage\":\"fr-FR\"},{\"@type\":\"Organization\",\"@id\":\"https:\/\/sport-index.fr\/blog\/#organization\",\"name\":\"Foretsensations.fr\",\"url\":\"https:\/\/sport-index.fr\/blog\/\",\"logo\":{\"@type\":\"ImageObject\",\"inLanguage\":\"fr-FR\",\"@id\":\"https:\/\/sport-index.fr\/blog\/#\/schema\/logo\/image\/\",\"url\":\"https:\/\/sport-index.fr\/blog\/wp-content\/uploads\/2026\/07\/logo-auto.png\",\"contentUrl\":\"https:\/\/sport-index.fr\/blog\/wp-content\/uploads\/2026\/07\/logo-auto.png\",\"width\":1024,\"height\":1024,\"caption\":\"Foretsensations.fr\"},\"image\":{\"@id\":\"https:\/\/sport-index.fr\/blog\/#\/schema\/logo\/image\/\"}},{\"@type\":\"Person\",\"@id\":\"https:\/\/sport-index.fr\/blog\/#\/schema\/person\/3c864cdc320801e3db34b663e7e3f816\",\"name\":\"Axel Lauzier\",\"image\":{\"@type\":\"ImageObject\",\"inLanguage\":\"fr-FR\",\"@id\":\"https:\/\/sport-index.fr\/blog\/#\/schema\/person\/image\/\",\"url\":\"https:\/\/sport-index.fr\/blog\/wp-content\/uploads\/2026\/06\/persona_axel-l-96x96.jpg\",\"contentUrl\":\"https:\/\/sport-index.fr\/blog\/wp-content\/uploads\/2026\/06\/persona_axel-l-96x96.jpg\",\"caption\":\"Axel Lauzier\"},\"description\":\"Le sport rythme mon quotidien depuis l'enfance, et j'en ai fait mon m\u00e9tier d'analyste r\u00e9dactionnel il y a une dizaine d'ann\u00e9es. Je couvre principalement le football, son actualit\u00e9, ses transferts et l'analyse tactique des grandes affiches, mais aussi les disciplines plus confidentielles que j'aime remettre en lumi\u00e8re. Une partie de mon travail porte sur les pronostics et la lecture statistique d'un match : forme des \u00e9quipes, historique des confrontations, compositions, sans jamais vendre de fausse certitude. Je rappelle syst\u00e9matiquement que parier comporte un risque et doit rester un loisir ma\u00eetris\u00e9. Avant de signer une analyse, je v\u00e9rifie mes chiffres, je recoupe les compositions probables et je distingue toujours la donn\u00e9e brute de l'intuition. Mon objectif : offrir une lecture honn\u00eate et argument\u00e9e, pas un ticket gagnant garanti.\",\"sameAs\":[\"https:\/\/axellauzier.fr\/\"],\"url\":\"https:\/\/sport-index.fr\/blog\/auteur\/noname\/\"}]}<\/script>\n<!-- \/ Yoast SEO Premium plugin. -->","yoast_head_json":{"title":"Mathis Fert\u00e9 vers Toulon : un avenir prometteur","description":"Mathis Fert\u00e9, un joueur convoit\u00e9 malgr\u00e9 son contrat Mathis Fert\u00e9, \u00e2g\u00e9 de seulement 21 ans, fait d\u00e9j\u00e0 parler de lui dans le monde du rugby. Malgr\u00e9 un\u2026","robots":{"index":"index","follow":"follow","max-snippet":"max-snippet:-1","max-image-preview":"max-image-preview:large","max-video-preview":"max-video-preview:-1"},"canonical":"https:\/\/sport-index.fr\/blog\/a-la-une\/mathis-ferte-vers-toulon-un-avenir-prometteur-pour-le-jeune-prodige-du-rugby\/","og_locale":"fr_FR","og_type":"article","og_title":"Mathis Fert\u00e9 vers Toulon : un avenir prometteur","og_description":"Mathis Fert\u00e9, un joueur convoit\u00e9 malgr\u00e9 son contrat Mathis Fert\u00e9, \u00e2g\u00e9 de seulement 21 ans, fait d\u00e9j\u00e0 parler de lui dans le monde du rugby. Malgr\u00e9 un\u2026","og_url":"https:\/\/sport-index.fr\/blog\/a-la-une\/mathis-ferte-vers-toulon-un-avenir-prometteur-pour-le-jeune-prodige-du-rugby\/","og_site_name":"sport-index","author":"Axel Lauzier","twitter_card":"summary_large_image","schema":{"@context":"https:\/\/schema.org","@graph":[{"@type":"NewsArticle","@id":"https:\/\/sport-index.fr\/blog\/a-la-une\/mathis-ferte-vers-toulon-un-avenir-prometteur-pour-le-jeune-prodige-du-rugby\/#article","isPartOf":{"@id":"https:\/\/sport-index.fr\/blog\/a-la-une\/mathis-ferte-vers-toulon-un-avenir-prometteur-pour-le-jeune-prodige-du-rugby\/"},"author":{"name":"Axel Lauzier","@id":"https:\/\/sport-index.fr\/blog\/#\/schema\/person\/3c864cdc320801e3db34b663e7e3f816"},"headline":"Mathis Fert\u00e9 vers Toulon : un avenir prometteur pour le jeune prodige du rugby","datePublished":"2025-04-07T00:26:03+00:00","mainEntityOfPage":{"@id":"https:\/\/sport-index.fr\/blog\/a-la-une\/mathis-ferte-vers-toulon-un-avenir-prometteur-pour-le-jeune-prodige-du-rugby\/"},"wordCount":548,"commentCount":20,"publisher":{"@id":"https:\/\/sport-index.fr\/blog\/#organization"},"image":{"@id":"https:\/\/sport-index.fr\/blog\/a-la-une\/mathis-ferte-vers-toulon-un-avenir-prometteur-pour-le-jeune-prodige-du-rugby\/#primaryimage"},"thumbnailUrl":"https:\/\/sport-index.fr\/blog\/wp-content\/uploads\/2025\/05\/sdxl-908fd930935d8811f9a7c2d31de505e1-scaled.png","keywords":["Gestion des Talents","Performance Athl\u00e9tique","Rugby","Toulon","XV de France"],"articleSection":["\u00c0 la une"],"inLanguage":"fr-FR","potentialAction":[{"@type":"CommentAction","name":"Comment","target":["https:\/\/sport-index.fr\/blog\/a-la-une\/mathis-ferte-vers-toulon-un-avenir-prometteur-pour-le-jeune-prodige-du-rugby\/#respond"]}]},{"@type":"WebPage","@id":"https:\/\/sport-index.fr\/blog\/a-la-une\/mathis-ferte-vers-toulon-un-avenir-prometteur-pour-le-jeune-prodige-du-rugby\/","url":"https:\/\/sport-index.fr\/blog\/a-la-une\/mathis-ferte-vers-toulon-un-avenir-prometteur-pour-le-jeune-prodige-du-rugby\/","name":"Mathis Fert\u00e9 vers Toulon : un avenir prometteur","isPartOf":{"@id":"https:\/\/sport-index.fr\/blog\/#website"},"primaryImageOfPage":{"@id":"https:\/\/sport-index.fr\/blog\/a-la-une\/mathis-ferte-vers-toulon-un-avenir-prometteur-pour-le-jeune-prodige-du-rugby\/#primaryimage"},"image":{"@id":"https:\/\/sport-index.fr\/blog\/a-la-une\/mathis-ferte-vers-toulon-un-avenir-prometteur-pour-le-jeune-prodige-du-rugby\/#primaryimage"},"thumbnailUrl":"https:\/\/sport-index.fr\/blog\/wp-content\/uploads\/2025\/05\/sdxl-908fd930935d8811f9a7c2d31de505e1-scaled.png","datePublished":"2025-04-07T00:26:03+00:00","description":"Mathis Fert\u00e9, un joueur convoit\u00e9 malgr\u00e9 son contrat Mathis Fert\u00e9, \u00e2g\u00e9 de seulement 21 ans, fait d\u00e9j\u00e0 parler de lui dans le monde du rugby. Malgr\u00e9 un\u2026","inLanguage":"fr-FR","potentialAction":[{"@type":"ReadAction","target":["https:\/\/sport-index.fr\/blog\/a-la-une\/mathis-ferte-vers-toulon-un-avenir-prometteur-pour-le-jeune-prodige-du-rugby\/"]}]},{"@type":"ImageObject","inLanguage":"fr-FR","@id":"https:\/\/sport-index.fr\/blog\/a-la-une\/mathis-ferte-vers-toulon-un-avenir-prometteur-pour-le-jeune-prodige-du-rugby\/#primaryimage","url":"https:\/\/sport-index.fr\/blog\/wp-content\/uploads\/2025\/05\/sdxl-908fd930935d8811f9a7c2d31de505e1-scaled.png","contentUrl":"https:\/\/sport-index.fr\/blog\/wp-content\/uploads\/2025\/05\/sdxl-908fd930935d8811f9a7c2d31de505e1-scaled.png","width":1200,"height":500},{"@type":"WebSite","@id":"https:\/\/sport-index.fr\/blog\/#website","url":"https:\/\/sport-index.fr\/blog\/","name":"sport-index.fr","description":"Le score de l\u2019analyse sportive.","publisher":{"@id":"https:\/\/sport-index.fr\/blog\/#organization"},"alternateName":"Le score de l\u2019analyse sportive.","potentialAction":[{"@type":"SearchAction","target":{"@type":"EntryPoint","urlTemplate":"https:\/\/sport-index.fr\/blog\/?s={search_term_string}"},"query-input":{"@type":"PropertyValueSpecification","valueRequired":true,"valueName":"search_term_string"}}],"inLanguage":"fr-FR"},{"@type":"Organization","@id":"https:\/\/sport-index.fr\/blog\/#organization","name":"Foretsensations.fr","url":"https:\/\/sport-index.fr\/blog\/","logo":{"@type":"ImageObject","inLanguage":"fr-FR","@id":"https:\/\/sport-index.fr\/blog\/#\/schema\/logo\/image\/","url":"https:\/\/sport-index.fr\/blog\/wp-content\/uploads\/2026\/07\/logo-auto.png","contentUrl":"https:\/\/sport-index.fr\/blog\/wp-content\/uploads\/2026\/07\/logo-auto.png","width":1024,"height":1024,"caption":"Foretsensations.fr"},"image":{"@id":"https:\/\/sport-index.fr\/blog\/#\/schema\/logo\/image\/"}},{"@type":"Person","@id":"https:\/\/sport-index.fr\/blog\/#\/schema\/person\/3c864cdc320801e3db34b663e7e3f816","name":"Axel Lauzier","image":{"@type":"ImageObject","inLanguage":"fr-FR","@id":"https:\/\/sport-index.fr\/blog\/#\/schema\/person\/image\/","url":"https:\/\/sport-index.fr\/blog\/wp-content\/uploads\/2026\/06\/persona_axel-l-96x96.jpg","contentUrl":"https:\/\/sport-index.fr\/blog\/wp-content\/uploads\/2026\/06\/persona_axel-l-96x96.jpg","caption":"Axel Lauzier"},"description":"Le sport rythme mon quotidien depuis l'enfance, et j'en ai fait mon m\u00e9tier d'analyste r\u00e9dactionnel il y a une dizaine d'ann\u00e9es. Je couvre principalement le football, son actualit\u00e9, ses transferts et l'analyse tactique des grandes affiches, mais aussi les disciplines plus confidentielles que j'aime remettre en lumi\u00e8re. Une partie de mon travail porte sur les pronostics et la lecture statistique d'un match : forme des \u00e9quipes, historique des confrontations, compositions, sans jamais vendre de fausse certitude. Je rappelle syst\u00e9matiquement que parier comporte un risque et doit rester un loisir ma\u00eetris\u00e9. Avant de signer une analyse, je v\u00e9rifie mes chiffres, je recoupe les compositions probables et je distingue toujours la donn\u00e9e brute de l'intuition. Mon objectif : offrir une lecture honn\u00eate et argument\u00e9e, pas un ticket gagnant garanti.","sameAs":["https:\/\/axellauzier.fr\/"],"url":"https:\/\/sport-index.fr\/blog\/auteur\/noname\/"}]}},"_links":{"self":[{"href":"https:\/\/sport-index.fr\/blog\/wp-json\/wp\/v2\/posts\/13318","targetHints":{"allow":["GET"]}}],"collection":[{"href":"https:\/\/sport-index.fr\/blog\/wp-json\/wp\/v2\/posts"}],"about":[{"href":"https:\/\/sport-index.fr\/blog\/wp-json\/wp\/v2\/types\/post"}],"author":[{"embeddable":true,"href":"https:\/\/sport-index.fr\/blog\/wp-json\/wp\/v2\/users\/34"}],"replies":[{"embeddable":true,"href":"https:\/\/sport-index.fr\/blog\/wp-json\/wp\/v2\/comments?post=13318"}],"version-history":[{"count":1,"href":"https:\/\/sport-index.fr\/blog\/wp-json\/wp\/v2\/posts\/13318\/revisions"}],"predecessor-version":[{"id":13324,"href":"https:\/\/sport-index.fr\/blog\/wp-json\/wp\/v2\/posts\/13318\/revisions\/13324"}],"wp:featuredmedia":[{"embeddable":true,"href":"https:\/\/sport-index.fr\/blog\/wp-json\/wp\/v2\/media\/16306"}],"wp:attachment":[{"href":"https:\/\/sport-index.fr\/blog\/wp-json\/wp\/v2\/media?parent=13318"}],"wp:term":[{"taxonomy":"category","embeddable":true,"href":"https:\/\/sport-index.fr\/blog\/wp-json\/wp\/v2\/categories?post=13318"},{"taxonomy":"post_tag","embeddable":true,"href":"https:\/\/sport-index.fr\/blog\/wp-json\/wp\/v2\/tags?post=13318"}],"curies":[{"name":"wp","href":"https:\/\/api.w.org\/{rel}","templated":true}]}}