{"id":13342,"date":"2025-04-07T20:12:22","date_gmt":"2025-04-07T18:12:22","guid":{"rendered":"https:\/\/sport-index.fr\/blog\/?p=13342"},"modified":"2025-04-07T20:12:22","modified_gmt":"2025-04-07T18:12:22","slug":"claude-saurel-une-legende-du-rugby-beziers-nous-a-quittes-a-lage-de-77-ans","status":"publish","type":"post","link":"https:\/\/sport-index.fr\/blog\/a-la-une\/claude-saurel-une-legende-du-rugby-beziers-nous-a-quittes-a-lage-de-77-ans\/","title":{"rendered":"Claude Saurel, une l\u00e9gende du rugby b\u00e9ziers nous a quitt\u00e9s \u00e0 l&rsquo;\u00e2ge de 77 ans"},"content":{"rendered":"<h2>Un hommage \u00e0 un grand nom du rugby<\/h2>\n<p>Claude Saurel, ancien troisi\u00e8me ligne embl\u00e9matique du rugby fran\u00e7ais, nous a malheureusement quitt\u00e9s ce dimanche 6 avril 2025. \u00c0 l&rsquo;\u00e2ge de 77 ans, il laisse derri\u00e8re lui une carri\u00e8re riche et inspirante qui a marqu\u00e9 le monde du rugby, en particulier au sein de l&rsquo;AS B\u00e9ziers. Son parcours, tant comme joueur que comme entra\u00eeneur, est un t\u00e9moignage d&rsquo;une passion ind\u00e9fectible pour ce sport.<\/p>\n<p>Sa carri\u00e8re a d\u00e9but\u00e9 \u00e0 B\u00e9ziers, o\u00f9 il a brill\u00e9 sur le terrain avant de prendre les r\u00eanes de l&rsquo;\u00e9quipe en tant qu&rsquo;entra\u00eeneur. Sous sa direction, le club a remport\u00e9 le titre de Champion de France \u00e0 deux reprises, cimentant ainsi son h\u00e9ritage. Claude Saurel n&rsquo;\u00e9tait pas seulement un joueur talentueux, mais aussi un leader qui a su inspirer ses co\u00e9quipiers sur et en dehors du terrain.<\/p>\n<h2>Un parcours riche en succ\u00e8s<\/h2>\n<p>Apr\u00e8s avoir quitt\u00e9 B\u00e9ziers, Claude Saurel a poursuivi sa carri\u00e8re d&rsquo;entra\u00eeneur au Rugby Club de M\u00e8ze, o\u00f9 il a \u00e9galement connu le succ\u00e8s. Il a men\u00e9 l\u2019\u00e9quipe \u00e0 la victoire en championnat de France de deuxi\u00e8me division, affirmant ainsi son talent pour d\u00e9velopper des \u00e9quipes comp\u00e9titives. Son approche m\u00e9thodique et sa compr\u00e9hension profonde du jeu ont contribu\u00e9 \u00e0 fa\u00e7onner de nombreux jeunes joueurs.<\/p>\n<p>Sa carri\u00e8re internationale a d\u00e9but\u00e9 avec l&rsquo;\u00e9quipe du Maroc, qu&rsquo;il a entra\u00een\u00e9e avec brio, les qualifiant pour la Coupe du monde de rugby \u00e0 7. Par la suite, il a pris la t\u00eate de la s\u00e9lection g\u00e9orgienne entre 1997 et 2003, o\u00f9 il a d\u00fb relever le d\u00e9fi de reconstruire une \u00e9quipe dans un contexte politique d\u00e9licat. Sa d\u00e9termination et sa vision ont permis \u00e0 de nombreux joueurs g\u00e9orgiens de rejoindre le championnat fran\u00e7ais, favorisant ainsi leur d\u00e9veloppement.<\/p>\n<h2>Un impact durable sur le rugby<\/h2>\n<p>Claude Saurel a laiss\u00e9 un h\u00e9ritage inestimable dans le monde du rugby, tant par ses succ\u00e8s sportifs que par l&rsquo;inspiration qu&rsquo;il a apport\u00e9e \u00e0 ses joueurs. Sa capacit\u00e9 \u00e0 b\u00e2tir des \u00e9quipes solides et \u00e0 encourager le talent a \u00e9t\u00e9 une constante tout au long de sa carri\u00e8re. Son retour \u00e0 B\u00e9ziers en 2012, bien que bref, a \u00e9t\u00e9 un retour aux sources pour un homme qui a toujours port\u00e9 son club dans son c\u0153ur.<\/p>\n<blockquote><p>\n\u00ab\u00a0Le rugby est une passion qui se transmet. Claude Saurel en \u00e9tait l&rsquo;incarnation.\u00a0\u00bb &#8211; Un proche de Claude\n<\/p><\/blockquote>\n<p>La communaut\u00e9 du rugby pleure la perte d&rsquo;une figure embl\u00e9matique. Ses contributions \u00e0 ce sport vont au-del\u00e0 des troph\u00e9es et des victoires. Voici quelques \u00e9l\u00e9ments qui r\u00e9sument son impact :<\/p>\n<ul>\n<li>Deux titres de Champion de France avec l&rsquo;AS B\u00e9ziers.<\/li>\n<li>Un titre de Champion de France de deuxi\u00e8me division avec le Rugby Club de M\u00e8ze.<\/li>\n<li>Qualification du Maroc pour la Coupe du monde de rugby \u00e0 7.<\/li>\n<li>Entra\u00eenement de l&rsquo;\u00e9quipe g\u00e9orgienne dans un contexte difficile.<\/li>\n<li>Un engagement ind\u00e9fectible pour le d\u00e9veloppement des jeunes talents.<\/li>\n<\/ul>\n<p>\u00c0 sa famille et \u00e0 ses proches, la r\u00e9daction de Rugbyrama et Midi Olympique pr\u00e9sente ses sinc\u00e8res condol\u00e9ances. Claude Saurel restera grav\u00e9 dans les m\u00e9moires comme un passionn\u00e9 de rugby dont l&rsquo;h\u00e9ritage continuera d&rsquo;inspirer les g\u00e9n\u00e9rations futures. Le monde du rugby a perdu un de ses plus grands ambassadeurs, mais son esprit et son d\u00e9vouement resteront \u00e0 jamais pr\u00e9sents sur les terrains.<\/p>\n","protected":false},"excerpt":{"rendered":"","protected":false},"author":34,"featured_media":16063,"comment_status":"open","ping_status":"open","sticky":false,"template":"","format":"standard","meta":{"_acf_changed":false,"manual_indexmenow":false,"indexmenow_id_project":0,"footnotes":""},"categories":[1],"tags":[5312,4561,4378,4536,4556],"class_list":["post-13342","post","type-post","status-publish","format-standard","has-post-thumbnail","hentry","category-a-la-une","tag-as-beziers","tag-gestion-des-talents","tag-performance-durable","tag-rugby","tag-tournoi-des-6-nations","generate-columns","tablet-grid-50","mobile-grid-100","grid-parent","grid-25"],"acf":[],"yoast_head":"<!-- This site is optimized with the Yoast SEO Premium plugin v21.3 (Yoast SEO v26.5) - https:\/\/yoast.com\/wordpress\/plugins\/seo\/ -->\n<title>Claude Saurel, une l\u00e9gende du rugby b\u00e9ziers nous a quitt\u00e9s<\/title>\n<meta name=\"description\" content=\"Un hommage \u00e0 un grand nom du rugby Claude Saurel, ancien troisi\u00e8me ligne embl\u00e9matique du rugby fran\u00e7ais, nous a malheureusement quitt\u00e9s ce dimanche 6\u2026\" \/>\n<meta name=\"robots\" content=\"index, follow, max-snippet:-1, max-image-preview:large, max-video-preview:-1\" \/>\n<link rel=\"canonical\" href=\"https:\/\/sport-index.fr\/blog\/a-la-une\/claude-saurel-une-legende-du-rugby-beziers-nous-a-quittes-a-lage-de-77-ans\/\" \/>\n<meta property=\"og:locale\" content=\"fr_FR\" \/>\n<meta property=\"og:type\" content=\"article\" \/>\n<meta property=\"og:title\" content=\"Claude Saurel, une l\u00e9gende du rugby b\u00e9ziers nous a quitt\u00e9s\" \/>\n<meta property=\"og:description\" content=\"Un hommage \u00e0 un grand nom du rugby Claude Saurel, ancien troisi\u00e8me ligne embl\u00e9matique du rugby fran\u00e7ais, nous a malheureusement quitt\u00e9s ce dimanche 6\u2026\" \/>\n<meta property=\"og:url\" content=\"https:\/\/sport-index.fr\/blog\/a-la-une\/claude-saurel-une-legende-du-rugby-beziers-nous-a-quittes-a-lage-de-77-ans\/\" \/>\n<meta property=\"og:site_name\" content=\"sport-index\" \/>\n<meta name=\"author\" content=\"Axel Lauzier\" \/>\n<meta name=\"twitter:card\" content=\"summary_large_image\" \/>\n<script type=\"application\/ld+json\" class=\"yoast-schema-graph\">{\"@context\":\"https:\/\/schema.org\",\"@graph\":[{\"@type\":\"NewsArticle\",\"@id\":\"https:\/\/sport-index.fr\/blog\/a-la-une\/claude-saurel-une-legende-du-rugby-beziers-nous-a-quittes-a-lage-de-77-ans\/#article\",\"isPartOf\":{\"@id\":\"https:\/\/sport-index.fr\/blog\/a-la-une\/claude-saurel-une-legende-du-rugby-beziers-nous-a-quittes-a-lage-de-77-ans\/\"},\"author\":{\"name\":\"Axel Lauzier\",\"@id\":\"https:\/\/sport-index.fr\/blog\/#\/schema\/person\/3c864cdc320801e3db34b663e7e3f816\"},\"headline\":\"Claude Saurel, une l\u00e9gende du rugby b\u00e9ziers nous a quitt\u00e9s \u00e0 l&rsquo;\u00e2ge de 77 ans\",\"datePublished\":\"2025-04-07T18:12:22+00:00\",\"mainEntityOfPage\":{\"@id\":\"https:\/\/sport-index.fr\/blog\/a-la-une\/claude-saurel-une-legende-du-rugby-beziers-nous-a-quittes-a-lage-de-77-ans\/\"},\"wordCount\":608,\"commentCount\":23,\"publisher\":{\"@id\":\"https:\/\/sport-index.fr\/blog\/#organization\"},\"image\":{\"@id\":\"https:\/\/sport-index.fr\/blog\/a-la-une\/claude-saurel-une-legende-du-rugby-beziers-nous-a-quittes-a-lage-de-77-ans\/#primaryimage\"},\"thumbnailUrl\":\"https:\/\/sport-index.fr\/blog\/wp-content\/uploads\/2025\/05\/sdxl-790f1a6d0fc58cc80401e7ed184e2841-scaled.png\",\"keywords\":[\"AS B\u00e9ziers\",\"Gestion des Talents\",\"Performance Durable\",\"Rugby\",\"Tournoi des 6 Nations\"],\"articleSection\":[\"\u00c0 la une\"],\"inLanguage\":\"fr-FR\",\"potentialAction\":[{\"@type\":\"CommentAction\",\"name\":\"Comment\",\"target\":[\"https:\/\/sport-index.fr\/blog\/a-la-une\/claude-saurel-une-legende-du-rugby-beziers-nous-a-quittes-a-lage-de-77-ans\/#respond\"]}]},{\"@type\":\"WebPage\",\"@id\":\"https:\/\/sport-index.fr\/blog\/a-la-une\/claude-saurel-une-legende-du-rugby-beziers-nous-a-quittes-a-lage-de-77-ans\/\",\"url\":\"https:\/\/sport-index.fr\/blog\/a-la-une\/claude-saurel-une-legende-du-rugby-beziers-nous-a-quittes-a-lage-de-77-ans\/\",\"name\":\"Claude Saurel, une l\u00e9gende du rugby b\u00e9ziers nous a quitt\u00e9s\",\"isPartOf\":{\"@id\":\"https:\/\/sport-index.fr\/blog\/#website\"},\"primaryImageOfPage\":{\"@id\":\"https:\/\/sport-index.fr\/blog\/a-la-une\/claude-saurel-une-legende-du-rugby-beziers-nous-a-quittes-a-lage-de-77-ans\/#primaryimage\"},\"image\":{\"@id\":\"https:\/\/sport-index.fr\/blog\/a-la-une\/claude-saurel-une-legende-du-rugby-beziers-nous-a-quittes-a-lage-de-77-ans\/#primaryimage\"},\"thumbnailUrl\":\"https:\/\/sport-index.fr\/blog\/wp-content\/uploads\/2025\/05\/sdxl-790f1a6d0fc58cc80401e7ed184e2841-scaled.png\",\"datePublished\":\"2025-04-07T18:12:22+00:00\",\"description\":\"Un hommage \u00e0 un grand nom du rugby Claude Saurel, ancien troisi\u00e8me ligne embl\u00e9matique du rugby fran\u00e7ais, nous a malheureusement quitt\u00e9s ce dimanche 6\u2026\",\"inLanguage\":\"fr-FR\",\"potentialAction\":[{\"@type\":\"ReadAction\",\"target\":[\"https:\/\/sport-index.fr\/blog\/a-la-une\/claude-saurel-une-legende-du-rugby-beziers-nous-a-quittes-a-lage-de-77-ans\/\"]}]},{\"@type\":\"ImageObject\",\"inLanguage\":\"fr-FR\",\"@id\":\"https:\/\/sport-index.fr\/blog\/a-la-une\/claude-saurel-une-legende-du-rugby-beziers-nous-a-quittes-a-lage-de-77-ans\/#primaryimage\",\"url\":\"https:\/\/sport-index.fr\/blog\/wp-content\/uploads\/2025\/05\/sdxl-790f1a6d0fc58cc80401e7ed184e2841-scaled.png\",\"contentUrl\":\"https:\/\/sport-index.fr\/blog\/wp-content\/uploads\/2025\/05\/sdxl-790f1a6d0fc58cc80401e7ed184e2841-scaled.png\",\"width\":1200,\"height\":500},{\"@type\":\"WebSite\",\"@id\":\"https:\/\/sport-index.fr\/blog\/#website\",\"url\":\"https:\/\/sport-index.fr\/blog\/\",\"name\":\"sport-index.fr\",\"description\":\"Le score de l\u2019analyse sportive.\",\"publisher\":{\"@id\":\"https:\/\/sport-index.fr\/blog\/#organization\"},\"alternateName\":\"Le score de l\u2019analyse sportive.\",\"potentialAction\":[{\"@type\":\"SearchAction\",\"target\":{\"@type\":\"EntryPoint\",\"urlTemplate\":\"https:\/\/sport-index.fr\/blog\/?s={search_term_string}\"},\"query-input\":{\"@type\":\"PropertyValueSpecification\",\"valueRequired\":true,\"valueName\":\"search_term_string\"}}],\"inLanguage\":\"fr-FR\"},{\"@type\":\"Organization\",\"@id\":\"https:\/\/sport-index.fr\/blog\/#organization\",\"name\":\"Foretsensations.fr\",\"url\":\"https:\/\/sport-index.fr\/blog\/\",\"logo\":{\"@type\":\"ImageObject\",\"inLanguage\":\"fr-FR\",\"@id\":\"https:\/\/sport-index.fr\/blog\/#\/schema\/logo\/image\/\",\"url\":\"https:\/\/sport-index.fr\/blog\/wp-content\/uploads\/2026\/07\/logo-auto.png\",\"contentUrl\":\"https:\/\/sport-index.fr\/blog\/wp-content\/uploads\/2026\/07\/logo-auto.png\",\"width\":1024,\"height\":1024,\"caption\":\"Foretsensations.fr\"},\"image\":{\"@id\":\"https:\/\/sport-index.fr\/blog\/#\/schema\/logo\/image\/\"}},{\"@type\":\"Person\",\"@id\":\"https:\/\/sport-index.fr\/blog\/#\/schema\/person\/3c864cdc320801e3db34b663e7e3f816\",\"name\":\"Axel Lauzier\",\"image\":{\"@type\":\"ImageObject\",\"inLanguage\":\"fr-FR\",\"@id\":\"https:\/\/sport-index.fr\/blog\/#\/schema\/person\/image\/\",\"url\":\"https:\/\/sport-index.fr\/blog\/wp-content\/uploads\/2026\/06\/persona_axel-l-96x96.jpg\",\"contentUrl\":\"https:\/\/sport-index.fr\/blog\/wp-content\/uploads\/2026\/06\/persona_axel-l-96x96.jpg\",\"caption\":\"Axel Lauzier\"},\"description\":\"Le sport rythme mon quotidien depuis l'enfance, et j'en ai fait mon m\u00e9tier d'analyste r\u00e9dactionnel il y a une dizaine d'ann\u00e9es. Je couvre principalement le football, son actualit\u00e9, ses transferts et l'analyse tactique des grandes affiches, mais aussi les disciplines plus confidentielles que j'aime remettre en lumi\u00e8re. Une partie de mon travail porte sur les pronostics et la lecture statistique d'un match : forme des \u00e9quipes, historique des confrontations, compositions, sans jamais vendre de fausse certitude. Je rappelle syst\u00e9matiquement que parier comporte un risque et doit rester un loisir ma\u00eetris\u00e9. Avant de signer une analyse, je v\u00e9rifie mes chiffres, je recoupe les compositions probables et je distingue toujours la donn\u00e9e brute de l'intuition. Mon objectif : offrir une lecture honn\u00eate et argument\u00e9e, pas un ticket gagnant garanti.\",\"sameAs\":[\"https:\/\/axellauzier.fr\/\"],\"url\":\"https:\/\/sport-index.fr\/blog\/auteur\/noname\/\"}]}<\/script>\n<!-- \/ Yoast SEO Premium plugin. -->","yoast_head_json":{"title":"Claude Saurel, une l\u00e9gende du rugby b\u00e9ziers nous a quitt\u00e9s","description":"Un hommage \u00e0 un grand nom du rugby Claude Saurel, ancien troisi\u00e8me ligne embl\u00e9matique du rugby fran\u00e7ais, nous a malheureusement quitt\u00e9s ce dimanche 6\u2026","robots":{"index":"index","follow":"follow","max-snippet":"max-snippet:-1","max-image-preview":"max-image-preview:large","max-video-preview":"max-video-preview:-1"},"canonical":"https:\/\/sport-index.fr\/blog\/a-la-une\/claude-saurel-une-legende-du-rugby-beziers-nous-a-quittes-a-lage-de-77-ans\/","og_locale":"fr_FR","og_type":"article","og_title":"Claude Saurel, une l\u00e9gende du rugby b\u00e9ziers nous a quitt\u00e9s","og_description":"Un hommage \u00e0 un grand nom du rugby Claude Saurel, ancien troisi\u00e8me ligne embl\u00e9matique du rugby fran\u00e7ais, nous a malheureusement quitt\u00e9s ce dimanche 6\u2026","og_url":"https:\/\/sport-index.fr\/blog\/a-la-une\/claude-saurel-une-legende-du-rugby-beziers-nous-a-quittes-a-lage-de-77-ans\/","og_site_name":"sport-index","author":"Axel Lauzier","twitter_card":"summary_large_image","schema":{"@context":"https:\/\/schema.org","@graph":[{"@type":"NewsArticle","@id":"https:\/\/sport-index.fr\/blog\/a-la-une\/claude-saurel-une-legende-du-rugby-beziers-nous-a-quittes-a-lage-de-77-ans\/#article","isPartOf":{"@id":"https:\/\/sport-index.fr\/blog\/a-la-une\/claude-saurel-une-legende-du-rugby-beziers-nous-a-quittes-a-lage-de-77-ans\/"},"author":{"name":"Axel Lauzier","@id":"https:\/\/sport-index.fr\/blog\/#\/schema\/person\/3c864cdc320801e3db34b663e7e3f816"},"headline":"Claude Saurel, une l\u00e9gende du rugby b\u00e9ziers nous a quitt\u00e9s \u00e0 l&rsquo;\u00e2ge de 77 ans","datePublished":"2025-04-07T18:12:22+00:00","mainEntityOfPage":{"@id":"https:\/\/sport-index.fr\/blog\/a-la-une\/claude-saurel-une-legende-du-rugby-beziers-nous-a-quittes-a-lage-de-77-ans\/"},"wordCount":608,"commentCount":23,"publisher":{"@id":"https:\/\/sport-index.fr\/blog\/#organization"},"image":{"@id":"https:\/\/sport-index.fr\/blog\/a-la-une\/claude-saurel-une-legende-du-rugby-beziers-nous-a-quittes-a-lage-de-77-ans\/#primaryimage"},"thumbnailUrl":"https:\/\/sport-index.fr\/blog\/wp-content\/uploads\/2025\/05\/sdxl-790f1a6d0fc58cc80401e7ed184e2841-scaled.png","keywords":["AS B\u00e9ziers","Gestion des Talents","Performance Durable","Rugby","Tournoi des 6 Nations"],"articleSection":["\u00c0 la une"],"inLanguage":"fr-FR","potentialAction":[{"@type":"CommentAction","name":"Comment","target":["https:\/\/sport-index.fr\/blog\/a-la-une\/claude-saurel-une-legende-du-rugby-beziers-nous-a-quittes-a-lage-de-77-ans\/#respond"]}]},{"@type":"WebPage","@id":"https:\/\/sport-index.fr\/blog\/a-la-une\/claude-saurel-une-legende-du-rugby-beziers-nous-a-quittes-a-lage-de-77-ans\/","url":"https:\/\/sport-index.fr\/blog\/a-la-une\/claude-saurel-une-legende-du-rugby-beziers-nous-a-quittes-a-lage-de-77-ans\/","name":"Claude Saurel, une l\u00e9gende du rugby b\u00e9ziers nous a quitt\u00e9s","isPartOf":{"@id":"https:\/\/sport-index.fr\/blog\/#website"},"primaryImageOfPage":{"@id":"https:\/\/sport-index.fr\/blog\/a-la-une\/claude-saurel-une-legende-du-rugby-beziers-nous-a-quittes-a-lage-de-77-ans\/#primaryimage"},"image":{"@id":"https:\/\/sport-index.fr\/blog\/a-la-une\/claude-saurel-une-legende-du-rugby-beziers-nous-a-quittes-a-lage-de-77-ans\/#primaryimage"},"thumbnailUrl":"https:\/\/sport-index.fr\/blog\/wp-content\/uploads\/2025\/05\/sdxl-790f1a6d0fc58cc80401e7ed184e2841-scaled.png","datePublished":"2025-04-07T18:12:22+00:00","description":"Un hommage \u00e0 un grand nom du rugby Claude Saurel, ancien troisi\u00e8me ligne embl\u00e9matique du rugby fran\u00e7ais, nous a malheureusement quitt\u00e9s ce dimanche 6\u2026","inLanguage":"fr-FR","potentialAction":[{"@type":"ReadAction","target":["https:\/\/sport-index.fr\/blog\/a-la-une\/claude-saurel-une-legende-du-rugby-beziers-nous-a-quittes-a-lage-de-77-ans\/"]}]},{"@type":"ImageObject","inLanguage":"fr-FR","@id":"https:\/\/sport-index.fr\/blog\/a-la-une\/claude-saurel-une-legende-du-rugby-beziers-nous-a-quittes-a-lage-de-77-ans\/#primaryimage","url":"https:\/\/sport-index.fr\/blog\/wp-content\/uploads\/2025\/05\/sdxl-790f1a6d0fc58cc80401e7ed184e2841-scaled.png","contentUrl":"https:\/\/sport-index.fr\/blog\/wp-content\/uploads\/2025\/05\/sdxl-790f1a6d0fc58cc80401e7ed184e2841-scaled.png","width":1200,"height":500},{"@type":"WebSite","@id":"https:\/\/sport-index.fr\/blog\/#website","url":"https:\/\/sport-index.fr\/blog\/","name":"sport-index.fr","description":"Le score de l\u2019analyse sportive.","publisher":{"@id":"https:\/\/sport-index.fr\/blog\/#organization"},"alternateName":"Le score de l\u2019analyse sportive.","potentialAction":[{"@type":"SearchAction","target":{"@type":"EntryPoint","urlTemplate":"https:\/\/sport-index.fr\/blog\/?s={search_term_string}"},"query-input":{"@type":"PropertyValueSpecification","valueRequired":true,"valueName":"search_term_string"}}],"inLanguage":"fr-FR"},{"@type":"Organization","@id":"https:\/\/sport-index.fr\/blog\/#organization","name":"Foretsensations.fr","url":"https:\/\/sport-index.fr\/blog\/","logo":{"@type":"ImageObject","inLanguage":"fr-FR","@id":"https:\/\/sport-index.fr\/blog\/#\/schema\/logo\/image\/","url":"https:\/\/sport-index.fr\/blog\/wp-content\/uploads\/2026\/07\/logo-auto.png","contentUrl":"https:\/\/sport-index.fr\/blog\/wp-content\/uploads\/2026\/07\/logo-auto.png","width":1024,"height":1024,"caption":"Foretsensations.fr"},"image":{"@id":"https:\/\/sport-index.fr\/blog\/#\/schema\/logo\/image\/"}},{"@type":"Person","@id":"https:\/\/sport-index.fr\/blog\/#\/schema\/person\/3c864cdc320801e3db34b663e7e3f816","name":"Axel Lauzier","image":{"@type":"ImageObject","inLanguage":"fr-FR","@id":"https:\/\/sport-index.fr\/blog\/#\/schema\/person\/image\/","url":"https:\/\/sport-index.fr\/blog\/wp-content\/uploads\/2026\/06\/persona_axel-l-96x96.jpg","contentUrl":"https:\/\/sport-index.fr\/blog\/wp-content\/uploads\/2026\/06\/persona_axel-l-96x96.jpg","caption":"Axel Lauzier"},"description":"Le sport rythme mon quotidien depuis l'enfance, et j'en ai fait mon m\u00e9tier d'analyste r\u00e9dactionnel il y a une dizaine d'ann\u00e9es. Je couvre principalement le football, son actualit\u00e9, ses transferts et l'analyse tactique des grandes affiches, mais aussi les disciplines plus confidentielles que j'aime remettre en lumi\u00e8re. Une partie de mon travail porte sur les pronostics et la lecture statistique d'un match : forme des \u00e9quipes, historique des confrontations, compositions, sans jamais vendre de fausse certitude. Je rappelle syst\u00e9matiquement que parier comporte un risque et doit rester un loisir ma\u00eetris\u00e9. Avant de signer une analyse, je v\u00e9rifie mes chiffres, je recoupe les compositions probables et je distingue toujours la donn\u00e9e brute de l'intuition. Mon objectif : offrir une lecture honn\u00eate et argument\u00e9e, pas un ticket gagnant garanti.","sameAs":["https:\/\/axellauzier.fr\/"],"url":"https:\/\/sport-index.fr\/blog\/auteur\/noname\/"}]}},"_links":{"self":[{"href":"https:\/\/sport-index.fr\/blog\/wp-json\/wp\/v2\/posts\/13342","targetHints":{"allow":["GET"]}}],"collection":[{"href":"https:\/\/sport-index.fr\/blog\/wp-json\/wp\/v2\/posts"}],"about":[{"href":"https:\/\/sport-index.fr\/blog\/wp-json\/wp\/v2\/types\/post"}],"author":[{"embeddable":true,"href":"https:\/\/sport-index.fr\/blog\/wp-json\/wp\/v2\/users\/34"}],"replies":[{"embeddable":true,"href":"https:\/\/sport-index.fr\/blog\/wp-json\/wp\/v2\/comments?post=13342"}],"version-history":[{"count":1,"href":"https:\/\/sport-index.fr\/blog\/wp-json\/wp\/v2\/posts\/13342\/revisions"}],"predecessor-version":[{"id":13372,"href":"https:\/\/sport-index.fr\/blog\/wp-json\/wp\/v2\/posts\/13342\/revisions\/13372"}],"wp:featuredmedia":[{"embeddable":true,"href":"https:\/\/sport-index.fr\/blog\/wp-json\/wp\/v2\/media\/16063"}],"wp:attachment":[{"href":"https:\/\/sport-index.fr\/blog\/wp-json\/wp\/v2\/media?parent=13342"}],"wp:term":[{"taxonomy":"category","embeddable":true,"href":"https:\/\/sport-index.fr\/blog\/wp-json\/wp\/v2\/categories?post=13342"},{"taxonomy":"post_tag","embeddable":true,"href":"https:\/\/sport-index.fr\/blog\/wp-json\/wp\/v2\/tags?post=13342"}],"curies":[{"name":"wp","href":"https:\/\/api.w.org\/{rel}","templated":true}]}}