{"id":13351,"date":"2025-04-07T18:49:11","date_gmt":"2025-04-07T16:49:11","guid":{"rendered":"https:\/\/sport-index.fr\/blog\/?p=13351"},"modified":"2025-04-07T18:49:11","modified_gmt":"2025-04-07T16:49:11","slug":"kylian-jaminet-larriere-de-biarritz-veut-tourner-la-page-quel-avenir-pour-lui","status":"publish","type":"post","link":"https:\/\/sport-index.fr\/blog\/a-la-une\/kylian-jaminet-larriere-de-biarritz-veut-tourner-la-page-quel-avenir-pour-lui\/","title":{"rendered":"Kylian Jaminet, l&rsquo;arri\u00e8re de Biarritz, veut tourner la page : quel avenir pour lui ?"},"content":{"rendered":"<h2>Kylian Jaminet : un joueur cl\u00e9 en qu\u00eate de changement<\/h2>\n<p>Kylian Jaminet, arri\u00e8re du Biarritz olympique, a r\u00e9cemment exprim\u00e9 son d\u00e9sir de quitter le club basque, malgr\u00e9 un contrat qui court jusqu&rsquo;en juin 2026. Ce choix audacieux pourrait \u00eatre motiv\u00e9 par des circonstances personnelles et professionnelles, qui remettent en question son engagement envers l&rsquo;\u00e9quipe. Le joueur de 29 ans, qui a \u00e9t\u00e9 titularis\u00e9 17 fois cette saison, se trouve dans une position de force, car son r\u00f4le sur le terrain est crucial pour le club.<\/p>\n<p>Les raisons de cette d\u00e9cision sont en partie li\u00e9es \u00e0 des conflits internes, notamment une affaire impliquant son fr\u00e8re Melvyn. Jaminet a \u00e9voqu\u00e9 des probl\u00e8mes de gestion au sein du club, et il semble qu&rsquo;une r\u00e9union cruciale avec les dirigeants soit imminente. \u00ab\u00a0Je pense que c&rsquo;est plus \u00e0 lui de venir me parler qu&rsquo;\u00e0 moi\u00a0\u00bb, a d\u00e9clar\u00e9 Jaminet, r\u00e9v\u00e9lant une tension palpable entre lui et le pr\u00e9sident Arnaud Dubois.<\/p>\n<h2>Des tensions internes qui p\u00e8sent sur l&rsquo;\u00e9quipe<\/h2>\n<p>L\u2019affrontement entre les int\u00e9r\u00eats familiaux et les enjeux sportifs est devenu un sujet sensible pour Kylian Jaminet. Alors que la situation financi\u00e8re de son fr\u00e8re Melvyn est complexe, Jaminet a pris la d\u00e9cision de ne plus d\u00e9fendre les couleurs du Biarritz olympique sans avoir discut\u00e9 directement de ce sujet avec le pr\u00e9sident. Cette omission pourrait \u00eatre le reflet de l&rsquo;\u00e9tat de la communication au sein du club, soulevant des pr\u00e9occupations quant \u00e0 son avenir.<\/p>\n<p>L&rsquo;arri\u00e8re du BO a exprim\u00e9 ses frustrations envers la direction et la gestion des affaires, ce qui pourrait influencer son d\u00e9sir de d\u00e9part. \u00ab\u00a0Est-ce que \u00e7a changerait quelque chose d\u2019en discuter avec mon pr\u00e9sident ? Je ne sais pas\u00a0\u00bb, confie-t-il, mettant en lumi\u00e8re une incertitude sur la mani\u00e8re dont se d\u00e9roulera cette r\u00e9union cruciale.<\/p>\n<h2>Une r\u00e9union d\u00e9cisive pour l&rsquo;avenir de Jaminet<\/h2>\n<p>La r\u00e9union pr\u00e9vue \u00e0 Aguil\u00e9ra pourrait \u00eatre d\u00e9terminante pour l&rsquo;avenir de Kylian Jaminet. Ce lundi apr\u00e8s-midi, des discussions devraient avoir lieu entre le joueur, le pr\u00e9sident Arnaud Dubois, le directeur sportif James Coughlan et un agent mandat\u00e9. L&rsquo;issue de cette rencontre pourrait clarifier les intentions du club et les attentes du joueur.<\/p>\n<p>Dans le contexte sportif, le Biarritz olympique se pr\u00e9pare \u00e0 affronter Nice dans un match crucial pour le maintien. Jaminet, qui a r\u00e9cemment repris l&rsquo;entra\u00eenement, n&rsquo;a cependant pas particip\u00e9 pleinement aux s\u00e9ances. Son \u00e9tat physique pourrait \u00e9galement influencer la direction de ses n\u00e9gociations avec le club.<\/p>\n<ul>\n<li>Kylian Jaminet souhaite quitter Biarritz malgr\u00e9 un contrat jusqu&rsquo;en 2026.<\/li>\n<li>Des tensions internes, notamment li\u00e9es \u00e0 son fr\u00e8re, alimentent son d\u00e9sir de d\u00e9part.<\/li>\n<li>Une r\u00e9union cruciale est pr\u00e9vue avec les dirigeants du club pour discuter de l&rsquo;avenir du joueur.<\/li>\n<li>Le Biarritz olympique doit se concentrer sur un match important contre Nice pour le maintien.<\/li>\n<li>Jaminet a r\u00e9cemment repris l&rsquo;entra\u00eenement, mais son implication reste incertaine.<\/li>\n<\/ul>\n<blockquote><p>\n\u00ab\u00a0Ce ne sera pas moi qui ferai le premier pas vers lui pour parler de mon fr\u00e8re.\u00a0\u00bb &#8211; Kylian Jaminet\n<\/p><\/blockquote>\n<p>L&rsquo;avenir de Kylian Jaminet au Biarritz olympique reste donc incertain, et la r\u00e9union \u00e0 venir pourrait \u00eatre le tournant d\u00e9cisif pour lui et pour le club. Les enjeux sont \u00e9lev\u00e9s, tant sur le plan personnel que sportif, et chaque acteur impliqu\u00e9 devra peser ses mots et ses d\u00e9cisions pour \u00e9viter de compromettre la saison d\u00e9j\u00e0 difficile du BO. Dans un contexte o\u00f9 le dialogue semble faire d\u00e9faut, l&rsquo;heure est \u00e0 la r\u00e9flexion pour un joueur qui m\u00e9rite d&rsquo;\u00e9voluer dans un environnement serein et propice \u00e0 son \u00e9panouissement.<\/p>\n","protected":false},"excerpt":{"rendered":"","protected":false},"author":34,"featured_media":15307,"comment_status":"open","ping_status":"open","sticky":false,"template":"","format":"standard","meta":{"_acf_changed":false,"manual_indexmenow":false,"indexmenow_id_project":0,"footnotes":""},"categories":[1],"tags":[4531,4585,4561,5315,4567],"class_list":["post-13351","post","type-post","status-publish","format-standard","has-post-thumbnail","hentry","category-a-la-une","tag-biarritz-olympique","tag-cohesion-dequipe","tag-gestion-des-talents","tag-kylian-jaminet","tag-pression-mediatique","generate-columns","tablet-grid-50","mobile-grid-100","grid-parent","grid-25"],"acf":[],"yoast_head":"<!-- This site is optimized with the Yoast SEO Premium plugin v21.3 (Yoast SEO v26.5) - https:\/\/yoast.com\/wordpress\/plugins\/seo\/ -->\n<title>Kylian Jaminet, l&#039;arri\u00e8re de Biarritz, veut tourner la page<\/title>\n<meta name=\"description\" content=\"Kylian Jaminet : un joueur cl\u00e9 en qu\u00eate de changement Kylian Jaminet, arri\u00e8re du Biarritz olympique, a r\u00e9cemment exprim\u00e9 son d\u00e9sir de quitter le club\u2026\" \/>\n<meta name=\"robots\" content=\"index, follow, max-snippet:-1, max-image-preview:large, max-video-preview:-1\" \/>\n<link rel=\"canonical\" href=\"https:\/\/sport-index.fr\/blog\/a-la-une\/kylian-jaminet-larriere-de-biarritz-veut-tourner-la-page-quel-avenir-pour-lui\/\" \/>\n<meta property=\"og:locale\" content=\"fr_FR\" \/>\n<meta property=\"og:type\" content=\"article\" \/>\n<meta property=\"og:title\" content=\"Kylian Jaminet, l&#039;arri\u00e8re de Biarritz, veut tourner la page\" \/>\n<meta property=\"og:description\" content=\"Kylian Jaminet : un joueur cl\u00e9 en qu\u00eate de changement Kylian Jaminet, arri\u00e8re du Biarritz olympique, a r\u00e9cemment exprim\u00e9 son d\u00e9sir de quitter le club\u2026\" \/>\n<meta property=\"og:url\" content=\"https:\/\/sport-index.fr\/blog\/a-la-une\/kylian-jaminet-larriere-de-biarritz-veut-tourner-la-page-quel-avenir-pour-lui\/\" \/>\n<meta property=\"og:site_name\" content=\"sport-index\" \/>\n<meta name=\"author\" content=\"Axel Lauzier\" \/>\n<meta name=\"twitter:card\" content=\"summary_large_image\" \/>\n<script type=\"application\/ld+json\" class=\"yoast-schema-graph\">{\"@context\":\"https:\/\/schema.org\",\"@graph\":[{\"@type\":\"NewsArticle\",\"@id\":\"https:\/\/sport-index.fr\/blog\/a-la-une\/kylian-jaminet-larriere-de-biarritz-veut-tourner-la-page-quel-avenir-pour-lui\/#article\",\"isPartOf\":{\"@id\":\"https:\/\/sport-index.fr\/blog\/a-la-une\/kylian-jaminet-larriere-de-biarritz-veut-tourner-la-page-quel-avenir-pour-lui\/\"},\"author\":{\"name\":\"Axel Lauzier\",\"@id\":\"https:\/\/sport-index.fr\/blog\/#\/schema\/person\/3c864cdc320801e3db34b663e7e3f816\"},\"headline\":\"Kylian Jaminet, l&rsquo;arri\u00e8re de Biarritz, veut tourner la page : quel avenir pour lui ?\",\"datePublished\":\"2025-04-07T16:49:11+00:00\",\"mainEntityOfPage\":{\"@id\":\"https:\/\/sport-index.fr\/blog\/a-la-une\/kylian-jaminet-larriere-de-biarritz-veut-tourner-la-page-quel-avenir-pour-lui\/\"},\"wordCount\":646,\"commentCount\":25,\"publisher\":{\"@id\":\"https:\/\/sport-index.fr\/blog\/#organization\"},\"image\":{\"@id\":\"https:\/\/sport-index.fr\/blog\/a-la-une\/kylian-jaminet-larriere-de-biarritz-veut-tourner-la-page-quel-avenir-pour-lui\/#primaryimage\"},\"thumbnailUrl\":\"https:\/\/sport-index.fr\/blog\/wp-content\/uploads\/2025\/05\/sdxl-e8700f869a183e6626ad2c5e244d2072-scaled.png\",\"keywords\":[\"Biarritz Olympique\",\"Coh\u00e9sion d'\u00c9quipe\",\"Gestion des Talents\",\"Kylian Jaminet\",\"pression m\u00e9diatique\"],\"articleSection\":[\"\u00c0 la une\"],\"inLanguage\":\"fr-FR\",\"potentialAction\":[{\"@type\":\"CommentAction\",\"name\":\"Comment\",\"target\":[\"https:\/\/sport-index.fr\/blog\/a-la-une\/kylian-jaminet-larriere-de-biarritz-veut-tourner-la-page-quel-avenir-pour-lui\/#respond\"]}]},{\"@type\":\"WebPage\",\"@id\":\"https:\/\/sport-index.fr\/blog\/a-la-une\/kylian-jaminet-larriere-de-biarritz-veut-tourner-la-page-quel-avenir-pour-lui\/\",\"url\":\"https:\/\/sport-index.fr\/blog\/a-la-une\/kylian-jaminet-larriere-de-biarritz-veut-tourner-la-page-quel-avenir-pour-lui\/\",\"name\":\"Kylian Jaminet, l'arri\u00e8re de Biarritz, veut tourner la page\",\"isPartOf\":{\"@id\":\"https:\/\/sport-index.fr\/blog\/#website\"},\"primaryImageOfPage\":{\"@id\":\"https:\/\/sport-index.fr\/blog\/a-la-une\/kylian-jaminet-larriere-de-biarritz-veut-tourner-la-page-quel-avenir-pour-lui\/#primaryimage\"},\"image\":{\"@id\":\"https:\/\/sport-index.fr\/blog\/a-la-une\/kylian-jaminet-larriere-de-biarritz-veut-tourner-la-page-quel-avenir-pour-lui\/#primaryimage\"},\"thumbnailUrl\":\"https:\/\/sport-index.fr\/blog\/wp-content\/uploads\/2025\/05\/sdxl-e8700f869a183e6626ad2c5e244d2072-scaled.png\",\"datePublished\":\"2025-04-07T16:49:11+00:00\",\"description\":\"Kylian Jaminet : un joueur cl\u00e9 en qu\u00eate de changement Kylian Jaminet, arri\u00e8re du Biarritz olympique, a r\u00e9cemment exprim\u00e9 son d\u00e9sir de quitter le club\u2026\",\"inLanguage\":\"fr-FR\",\"potentialAction\":[{\"@type\":\"ReadAction\",\"target\":[\"https:\/\/sport-index.fr\/blog\/a-la-une\/kylian-jaminet-larriere-de-biarritz-veut-tourner-la-page-quel-avenir-pour-lui\/\"]}]},{\"@type\":\"ImageObject\",\"inLanguage\":\"fr-FR\",\"@id\":\"https:\/\/sport-index.fr\/blog\/a-la-une\/kylian-jaminet-larriere-de-biarritz-veut-tourner-la-page-quel-avenir-pour-lui\/#primaryimage\",\"url\":\"https:\/\/sport-index.fr\/blog\/wp-content\/uploads\/2025\/05\/sdxl-e8700f869a183e6626ad2c5e244d2072-scaled.png\",\"contentUrl\":\"https:\/\/sport-index.fr\/blog\/wp-content\/uploads\/2025\/05\/sdxl-e8700f869a183e6626ad2c5e244d2072-scaled.png\",\"width\":1200,\"height\":500},{\"@type\":\"WebSite\",\"@id\":\"https:\/\/sport-index.fr\/blog\/#website\",\"url\":\"https:\/\/sport-index.fr\/blog\/\",\"name\":\"sport-index.fr\",\"description\":\"Le score de l\u2019analyse sportive.\",\"publisher\":{\"@id\":\"https:\/\/sport-index.fr\/blog\/#organization\"},\"alternateName\":\"Le score de l\u2019analyse sportive.\",\"potentialAction\":[{\"@type\":\"SearchAction\",\"target\":{\"@type\":\"EntryPoint\",\"urlTemplate\":\"https:\/\/sport-index.fr\/blog\/?s={search_term_string}\"},\"query-input\":{\"@type\":\"PropertyValueSpecification\",\"valueRequired\":true,\"valueName\":\"search_term_string\"}}],\"inLanguage\":\"fr-FR\"},{\"@type\":\"Organization\",\"@id\":\"https:\/\/sport-index.fr\/blog\/#organization\",\"name\":\"Foretsensations.fr\",\"url\":\"https:\/\/sport-index.fr\/blog\/\",\"logo\":{\"@type\":\"ImageObject\",\"inLanguage\":\"fr-FR\",\"@id\":\"https:\/\/sport-index.fr\/blog\/#\/schema\/logo\/image\/\",\"url\":\"https:\/\/sport-index.fr\/blog\/wp-content\/uploads\/2026\/07\/logo-auto.png\",\"contentUrl\":\"https:\/\/sport-index.fr\/blog\/wp-content\/uploads\/2026\/07\/logo-auto.png\",\"width\":1024,\"height\":1024,\"caption\":\"Foretsensations.fr\"},\"image\":{\"@id\":\"https:\/\/sport-index.fr\/blog\/#\/schema\/logo\/image\/\"}},{\"@type\":\"Person\",\"@id\":\"https:\/\/sport-index.fr\/blog\/#\/schema\/person\/3c864cdc320801e3db34b663e7e3f816\",\"name\":\"Axel Lauzier\",\"image\":{\"@type\":\"ImageObject\",\"inLanguage\":\"fr-FR\",\"@id\":\"https:\/\/sport-index.fr\/blog\/#\/schema\/person\/image\/\",\"url\":\"https:\/\/sport-index.fr\/blog\/wp-content\/uploads\/2026\/06\/persona_axel-l-96x96.jpg\",\"contentUrl\":\"https:\/\/sport-index.fr\/blog\/wp-content\/uploads\/2026\/06\/persona_axel-l-96x96.jpg\",\"caption\":\"Axel Lauzier\"},\"description\":\"Le sport rythme mon quotidien depuis l'enfance, et j'en ai fait mon m\u00e9tier d'analyste r\u00e9dactionnel il y a une dizaine d'ann\u00e9es. Je couvre principalement le football, son actualit\u00e9, ses transferts et l'analyse tactique des grandes affiches, mais aussi les disciplines plus confidentielles que j'aime remettre en lumi\u00e8re. Une partie de mon travail porte sur les pronostics et la lecture statistique d'un match : forme des \u00e9quipes, historique des confrontations, compositions, sans jamais vendre de fausse certitude. Je rappelle syst\u00e9matiquement que parier comporte un risque et doit rester un loisir ma\u00eetris\u00e9. Avant de signer une analyse, je v\u00e9rifie mes chiffres, je recoupe les compositions probables et je distingue toujours la donn\u00e9e brute de l'intuition. Mon objectif : offrir une lecture honn\u00eate et argument\u00e9e, pas un ticket gagnant garanti.\",\"sameAs\":[\"https:\/\/axellauzier.fr\/\"],\"url\":\"https:\/\/sport-index.fr\/blog\/auteur\/noname\/\"}]}<\/script>\n<!-- \/ Yoast SEO Premium plugin. -->","yoast_head_json":{"title":"Kylian Jaminet, l'arri\u00e8re de Biarritz, veut tourner la page","description":"Kylian Jaminet : un joueur cl\u00e9 en qu\u00eate de changement Kylian Jaminet, arri\u00e8re du Biarritz olympique, a r\u00e9cemment exprim\u00e9 son d\u00e9sir de quitter le club\u2026","robots":{"index":"index","follow":"follow","max-snippet":"max-snippet:-1","max-image-preview":"max-image-preview:large","max-video-preview":"max-video-preview:-1"},"canonical":"https:\/\/sport-index.fr\/blog\/a-la-une\/kylian-jaminet-larriere-de-biarritz-veut-tourner-la-page-quel-avenir-pour-lui\/","og_locale":"fr_FR","og_type":"article","og_title":"Kylian Jaminet, l'arri\u00e8re de Biarritz, veut tourner la page","og_description":"Kylian Jaminet : un joueur cl\u00e9 en qu\u00eate de changement Kylian Jaminet, arri\u00e8re du Biarritz olympique, a r\u00e9cemment exprim\u00e9 son d\u00e9sir de quitter le club\u2026","og_url":"https:\/\/sport-index.fr\/blog\/a-la-une\/kylian-jaminet-larriere-de-biarritz-veut-tourner-la-page-quel-avenir-pour-lui\/","og_site_name":"sport-index","author":"Axel Lauzier","twitter_card":"summary_large_image","schema":{"@context":"https:\/\/schema.org","@graph":[{"@type":"NewsArticle","@id":"https:\/\/sport-index.fr\/blog\/a-la-une\/kylian-jaminet-larriere-de-biarritz-veut-tourner-la-page-quel-avenir-pour-lui\/#article","isPartOf":{"@id":"https:\/\/sport-index.fr\/blog\/a-la-une\/kylian-jaminet-larriere-de-biarritz-veut-tourner-la-page-quel-avenir-pour-lui\/"},"author":{"name":"Axel Lauzier","@id":"https:\/\/sport-index.fr\/blog\/#\/schema\/person\/3c864cdc320801e3db34b663e7e3f816"},"headline":"Kylian Jaminet, l&rsquo;arri\u00e8re de Biarritz, veut tourner la page : quel avenir pour lui ?","datePublished":"2025-04-07T16:49:11+00:00","mainEntityOfPage":{"@id":"https:\/\/sport-index.fr\/blog\/a-la-une\/kylian-jaminet-larriere-de-biarritz-veut-tourner-la-page-quel-avenir-pour-lui\/"},"wordCount":646,"commentCount":25,"publisher":{"@id":"https:\/\/sport-index.fr\/blog\/#organization"},"image":{"@id":"https:\/\/sport-index.fr\/blog\/a-la-une\/kylian-jaminet-larriere-de-biarritz-veut-tourner-la-page-quel-avenir-pour-lui\/#primaryimage"},"thumbnailUrl":"https:\/\/sport-index.fr\/blog\/wp-content\/uploads\/2025\/05\/sdxl-e8700f869a183e6626ad2c5e244d2072-scaled.png","keywords":["Biarritz Olympique","Coh\u00e9sion d'\u00c9quipe","Gestion des Talents","Kylian Jaminet","pression m\u00e9diatique"],"articleSection":["\u00c0 la une"],"inLanguage":"fr-FR","potentialAction":[{"@type":"CommentAction","name":"Comment","target":["https:\/\/sport-index.fr\/blog\/a-la-une\/kylian-jaminet-larriere-de-biarritz-veut-tourner-la-page-quel-avenir-pour-lui\/#respond"]}]},{"@type":"WebPage","@id":"https:\/\/sport-index.fr\/blog\/a-la-une\/kylian-jaminet-larriere-de-biarritz-veut-tourner-la-page-quel-avenir-pour-lui\/","url":"https:\/\/sport-index.fr\/blog\/a-la-une\/kylian-jaminet-larriere-de-biarritz-veut-tourner-la-page-quel-avenir-pour-lui\/","name":"Kylian Jaminet, l'arri\u00e8re de Biarritz, veut tourner la page","isPartOf":{"@id":"https:\/\/sport-index.fr\/blog\/#website"},"primaryImageOfPage":{"@id":"https:\/\/sport-index.fr\/blog\/a-la-une\/kylian-jaminet-larriere-de-biarritz-veut-tourner-la-page-quel-avenir-pour-lui\/#primaryimage"},"image":{"@id":"https:\/\/sport-index.fr\/blog\/a-la-une\/kylian-jaminet-larriere-de-biarritz-veut-tourner-la-page-quel-avenir-pour-lui\/#primaryimage"},"thumbnailUrl":"https:\/\/sport-index.fr\/blog\/wp-content\/uploads\/2025\/05\/sdxl-e8700f869a183e6626ad2c5e244d2072-scaled.png","datePublished":"2025-04-07T16:49:11+00:00","description":"Kylian Jaminet : un joueur cl\u00e9 en qu\u00eate de changement Kylian Jaminet, arri\u00e8re du Biarritz olympique, a r\u00e9cemment exprim\u00e9 son d\u00e9sir de quitter le club\u2026","inLanguage":"fr-FR","potentialAction":[{"@type":"ReadAction","target":["https:\/\/sport-index.fr\/blog\/a-la-une\/kylian-jaminet-larriere-de-biarritz-veut-tourner-la-page-quel-avenir-pour-lui\/"]}]},{"@type":"ImageObject","inLanguage":"fr-FR","@id":"https:\/\/sport-index.fr\/blog\/a-la-une\/kylian-jaminet-larriere-de-biarritz-veut-tourner-la-page-quel-avenir-pour-lui\/#primaryimage","url":"https:\/\/sport-index.fr\/blog\/wp-content\/uploads\/2025\/05\/sdxl-e8700f869a183e6626ad2c5e244d2072-scaled.png","contentUrl":"https:\/\/sport-index.fr\/blog\/wp-content\/uploads\/2025\/05\/sdxl-e8700f869a183e6626ad2c5e244d2072-scaled.png","width":1200,"height":500},{"@type":"WebSite","@id":"https:\/\/sport-index.fr\/blog\/#website","url":"https:\/\/sport-index.fr\/blog\/","name":"sport-index.fr","description":"Le score de l\u2019analyse sportive.","publisher":{"@id":"https:\/\/sport-index.fr\/blog\/#organization"},"alternateName":"Le score de l\u2019analyse sportive.","potentialAction":[{"@type":"SearchAction","target":{"@type":"EntryPoint","urlTemplate":"https:\/\/sport-index.fr\/blog\/?s={search_term_string}"},"query-input":{"@type":"PropertyValueSpecification","valueRequired":true,"valueName":"search_term_string"}}],"inLanguage":"fr-FR"},{"@type":"Organization","@id":"https:\/\/sport-index.fr\/blog\/#organization","name":"Foretsensations.fr","url":"https:\/\/sport-index.fr\/blog\/","logo":{"@type":"ImageObject","inLanguage":"fr-FR","@id":"https:\/\/sport-index.fr\/blog\/#\/schema\/logo\/image\/","url":"https:\/\/sport-index.fr\/blog\/wp-content\/uploads\/2026\/07\/logo-auto.png","contentUrl":"https:\/\/sport-index.fr\/blog\/wp-content\/uploads\/2026\/07\/logo-auto.png","width":1024,"height":1024,"caption":"Foretsensations.fr"},"image":{"@id":"https:\/\/sport-index.fr\/blog\/#\/schema\/logo\/image\/"}},{"@type":"Person","@id":"https:\/\/sport-index.fr\/blog\/#\/schema\/person\/3c864cdc320801e3db34b663e7e3f816","name":"Axel Lauzier","image":{"@type":"ImageObject","inLanguage":"fr-FR","@id":"https:\/\/sport-index.fr\/blog\/#\/schema\/person\/image\/","url":"https:\/\/sport-index.fr\/blog\/wp-content\/uploads\/2026\/06\/persona_axel-l-96x96.jpg","contentUrl":"https:\/\/sport-index.fr\/blog\/wp-content\/uploads\/2026\/06\/persona_axel-l-96x96.jpg","caption":"Axel Lauzier"},"description":"Le sport rythme mon quotidien depuis l'enfance, et j'en ai fait mon m\u00e9tier d'analyste r\u00e9dactionnel il y a une dizaine d'ann\u00e9es. Je couvre principalement le football, son actualit\u00e9, ses transferts et l'analyse tactique des grandes affiches, mais aussi les disciplines plus confidentielles que j'aime remettre en lumi\u00e8re. Une partie de mon travail porte sur les pronostics et la lecture statistique d'un match : forme des \u00e9quipes, historique des confrontations, compositions, sans jamais vendre de fausse certitude. Je rappelle syst\u00e9matiquement que parier comporte un risque et doit rester un loisir ma\u00eetris\u00e9. Avant de signer une analyse, je v\u00e9rifie mes chiffres, je recoupe les compositions probables et je distingue toujours la donn\u00e9e brute de l'intuition. Mon objectif : offrir une lecture honn\u00eate et argument\u00e9e, pas un ticket gagnant garanti.","sameAs":["https:\/\/axellauzier.fr\/"],"url":"https:\/\/sport-index.fr\/blog\/auteur\/noname\/"}]}},"_links":{"self":[{"href":"https:\/\/sport-index.fr\/blog\/wp-json\/wp\/v2\/posts\/13351","targetHints":{"allow":["GET"]}}],"collection":[{"href":"https:\/\/sport-index.fr\/blog\/wp-json\/wp\/v2\/posts"}],"about":[{"href":"https:\/\/sport-index.fr\/blog\/wp-json\/wp\/v2\/types\/post"}],"author":[{"embeddable":true,"href":"https:\/\/sport-index.fr\/blog\/wp-json\/wp\/v2\/users\/34"}],"replies":[{"embeddable":true,"href":"https:\/\/sport-index.fr\/blog\/wp-json\/wp\/v2\/comments?post=13351"}],"version-history":[{"count":1,"href":"https:\/\/sport-index.fr\/blog\/wp-json\/wp\/v2\/posts\/13351\/revisions"}],"predecessor-version":[{"id":13364,"href":"https:\/\/sport-index.fr\/blog\/wp-json\/wp\/v2\/posts\/13351\/revisions\/13364"}],"wp:featuredmedia":[{"embeddable":true,"href":"https:\/\/sport-index.fr\/blog\/wp-json\/wp\/v2\/media\/15307"}],"wp:attachment":[{"href":"https:\/\/sport-index.fr\/blog\/wp-json\/wp\/v2\/media?parent=13351"}],"wp:term":[{"taxonomy":"category","embeddable":true,"href":"https:\/\/sport-index.fr\/blog\/wp-json\/wp\/v2\/categories?post=13351"},{"taxonomy":"post_tag","embeddable":true,"href":"https:\/\/sport-index.fr\/blog\/wp-json\/wp\/v2\/tags?post=13351"}],"curies":[{"name":"wp","href":"https:\/\/api.w.org\/{rel}","templated":true}]}}