{"id":13371,"date":"2025-04-08T07:21:42","date_gmt":"2025-04-08T05:21:42","guid":{"rendered":"https:\/\/sport-index.fr\/blog\/?p=13371"},"modified":"2025-04-07T20:09:20","modified_gmt":"2025-04-07T18:09:20","slug":"fin-de-saison-pour-nafi-maafu-une-blessure-qui-pese-lourd-pour-biarritz","status":"publish","type":"post","link":"https:\/\/sport-index.fr\/blog\/a-la-une\/fin-de-saison-pour-nafi-maafu-une-blessure-qui-pese-lourd-pour-biarritz\/","title":{"rendered":"Fin de saison pour Nafi Ma\u2019afu : une blessure qui p\u00e8se lourd pour Biarritz"},"content":{"rendered":"<h2>Une blessure d\u00e9vastatrice pour le Biarritz olympique<\/h2>\n<p>Cette situation est un v\u00e9ritable coup dur pour l\u2019\u00e9quipe, qui devra se passer de l\u2019un de ses joueurs les plus influents pour le reste de la saison. En effet, la rupture d\u2019un ligament au genou de Ma\u2019afu n\u00e9cessite une p\u00e9riode de r\u00e9habilitation d\u2019au moins quatre mois.<\/p>\n<p>Ce type de blessure est particuli\u00e8rement difficile \u00e0 encaisser pour un joueur. Ma\u2019afu, connu pour sa puissance et sa pr\u00e9sence sur le terrain, voit ainsi ses ambitions et celles de son \u00e9quipe s\u00e9rieusement compromises. Le club va devoir r\u00e9ajuster sa strat\u00e9gie et trouver un rempla\u00e7ant capable de maintenir le niveau de performance attendu.<\/p>\n<h2>Un incident malheureux lors du match<\/h2>\n<p>La blessure de Ma\u2019afu est survenue juste avant la mi-temps, apr\u00e8s un plaquage controvers\u00e9. En tombant, il a heurt\u00e9 l&rsquo;\u00e9paule de Tyrone Viiga, provoquant une chute qui s&rsquo;est r\u00e9v\u00e9l\u00e9e fatale pour son genou. Cet incident a engendr\u00e9 une sanction pour Viiga, qui a re\u00e7u un carton jaune, soulignant la nature d\u00e9licate de la situation.<\/p>\n<p>Le Biarritz olympique a exprim\u00e9 son m\u00e9contentement par rapport \u00e0 la d\u00e9cision de l&rsquo;arbitre, Adrien Marbot. Dans un mail adress\u00e9 \u00e0 Romain Poite, co-manager de l&rsquo;arbitrage professionnel en France, le club a fait part de son incompr\u00e9hension face \u00e0 la gestion de cette faute. L\u2019impact de cette blessure ne se limite pas seulement au joueur, mais affecte \u00e9galement l&rsquo;ensemble de l\u2019\u00e9quipe.<\/p>\n<h2>Les cons\u00e9quences sur le parcours de l&rsquo;\u00e9quipe<\/h2>\n<p>La perte de Nafi Ma\u2019afu pour le reste de la saison pourrait s\u2019av\u00e9rer d\u00e9terminante dans la lutte pour le maintien du Biarritz olympique en Pro D2. Son absence laisse un vide que le club devra combler rapidement pour ne pas compromettre ses chances de succ\u00e8s. Les entra\u00eeneurs sont d\u00e9sormais dans l\u2019obligation de repenser la composition de l\u2019\u00e9quipe.<\/p>\n<p>Il est crucial pour le Biarritz olympique de rester concentr\u00e9 et de trouver des solutions alternatives. L\u2019\u00e9quipe devra faire preuve de r\u00e9silience et d\u2019esprit d\u2019\u00e9quipe pour surmonter ce d\u00e9fi. Les prochains matchs seront d\u00e9cisifs pour leur avenir, et chaque joueur doit se mobiliser pour maintenir le cap.<\/p>\n<ul>\n<li>Ma\u2019afu subit une rupture de ligament au genou<\/li>\n<li>Quatre mois d&rsquo;absence minimum pour le joueur<\/li>\n<li>Incident survenu lors d&rsquo;un plaquage malheureux<\/li>\n<li>Le Biarritz olympique exprime son m\u00e9contentement face \u00e0 l&rsquo;arbitrage<\/li>\n<li>Impact significatif sur le parcours de l\u2019\u00e9quipe en Pro D2<\/li>\n<\/ul>\n<blockquote><p>\n\u00ab C\u2019est un moment difficile pour nous tous dans l\u2019\u00e9quipe. Nafi est un joueur essentiel et sa perte se fait d\u00e9j\u00e0 sentir. Nous devons nous unir et continuer \u00e0 avancer. \u00bb &#8211; Un membre de l\u2019\u00e9quipe technique.\n<\/p><\/blockquote>\n","protected":false},"excerpt":{"rendered":"","protected":false},"author":34,"featured_media":15299,"comment_status":"open","ping_status":"open","sticky":false,"template":"","format":"standard","meta":{"_acf_changed":false,"manual_indexmenow":false,"indexmenow_id_project":0,"footnotes":""},"categories":[1],"tags":[4531,4898,4632,4693,4408],"class_list":["post-13371","post","type-post","status-publish","format-standard","has-post-thumbnail","hentry","category-a-la-une","tag-biarritz-olympique","tag-gestion-du-stress","tag-performance-sportive","tag-pro-d2","tag-resilience","generate-columns","tablet-grid-50","mobile-grid-100","grid-parent","grid-25"],"acf":[],"yoast_head":"<!-- This site is optimized with the Yoast SEO Premium plugin v21.3 (Yoast SEO v26.5) - https:\/\/yoast.com\/wordpress\/plugins\/seo\/ -->\n<title>Fin de saison pour Nafi Ma\u2019afu : une blessure qui p\u00e8se<\/title>\n<meta name=\"description\" content=\"Une blessure d\u00e9vastatrice pour le Biarritz olympique Cette situation est un v\u00e9ritable coup dur pour l\u2019\u00e9quipe, qui devra se passer de l\u2019un de ses joueurs\u2026\" \/>\n<meta name=\"robots\" content=\"index, follow, max-snippet:-1, max-image-preview:large, max-video-preview:-1\" \/>\n<link rel=\"canonical\" href=\"https:\/\/sport-index.fr\/blog\/a-la-une\/fin-de-saison-pour-nafi-maafu-une-blessure-qui-pese-lourd-pour-biarritz\/\" \/>\n<meta property=\"og:locale\" content=\"fr_FR\" \/>\n<meta property=\"og:type\" content=\"article\" \/>\n<meta property=\"og:title\" content=\"Fin de saison pour Nafi Ma\u2019afu : une blessure qui p\u00e8se\" \/>\n<meta property=\"og:description\" content=\"Une blessure d\u00e9vastatrice pour le Biarritz olympique Cette situation est un v\u00e9ritable coup dur pour l\u2019\u00e9quipe, qui devra se passer de l\u2019un de ses joueurs\u2026\" \/>\n<meta property=\"og:url\" content=\"https:\/\/sport-index.fr\/blog\/a-la-une\/fin-de-saison-pour-nafi-maafu-une-blessure-qui-pese-lourd-pour-biarritz\/\" \/>\n<meta property=\"og:site_name\" content=\"sport-index\" \/>\n<meta name=\"author\" content=\"Axel Lauzier\" \/>\n<meta name=\"twitter:card\" content=\"summary_large_image\" \/>\n<script type=\"application\/ld+json\" class=\"yoast-schema-graph\">{\"@context\":\"https:\/\/schema.org\",\"@graph\":[{\"@type\":\"NewsArticle\",\"@id\":\"https:\/\/sport-index.fr\/blog\/a-la-une\/fin-de-saison-pour-nafi-maafu-une-blessure-qui-pese-lourd-pour-biarritz\/#article\",\"isPartOf\":{\"@id\":\"https:\/\/sport-index.fr\/blog\/a-la-une\/fin-de-saison-pour-nafi-maafu-une-blessure-qui-pese-lourd-pour-biarritz\/\"},\"author\":{\"name\":\"Axel Lauzier\",\"@id\":\"https:\/\/sport-index.fr\/blog\/#\/schema\/person\/3c864cdc320801e3db34b663e7e3f816\"},\"headline\":\"Fin de saison pour Nafi Ma\u2019afu : une blessure qui p\u00e8se lourd pour Biarritz\",\"datePublished\":\"2025-04-08T05:21:42+00:00\",\"mainEntityOfPage\":{\"@id\":\"https:\/\/sport-index.fr\/blog\/a-la-une\/fin-de-saison-pour-nafi-maafu-une-blessure-qui-pese-lourd-pour-biarritz\/\"},\"wordCount\":483,\"commentCount\":20,\"publisher\":{\"@id\":\"https:\/\/sport-index.fr\/blog\/#organization\"},\"image\":{\"@id\":\"https:\/\/sport-index.fr\/blog\/a-la-une\/fin-de-saison-pour-nafi-maafu-une-blessure-qui-pese-lourd-pour-biarritz\/#primaryimage\"},\"thumbnailUrl\":\"https:\/\/sport-index.fr\/blog\/wp-content\/uploads\/2025\/05\/sdxl-4267bf93b8aaf761dbadf939269831af-scaled.png\",\"keywords\":[\"Biarritz Olympique\",\"Gestion Du Stress\",\"Performance sportive\",\"Pro D2\",\"R\u00e9silience\"],\"articleSection\":[\"\u00c0 la une\"],\"inLanguage\":\"fr-FR\",\"potentialAction\":[{\"@type\":\"CommentAction\",\"name\":\"Comment\",\"target\":[\"https:\/\/sport-index.fr\/blog\/a-la-une\/fin-de-saison-pour-nafi-maafu-une-blessure-qui-pese-lourd-pour-biarritz\/#respond\"]}]},{\"@type\":\"WebPage\",\"@id\":\"https:\/\/sport-index.fr\/blog\/a-la-une\/fin-de-saison-pour-nafi-maafu-une-blessure-qui-pese-lourd-pour-biarritz\/\",\"url\":\"https:\/\/sport-index.fr\/blog\/a-la-une\/fin-de-saison-pour-nafi-maafu-une-blessure-qui-pese-lourd-pour-biarritz\/\",\"name\":\"Fin de saison pour Nafi Ma\u2019afu : une blessure qui p\u00e8se\",\"isPartOf\":{\"@id\":\"https:\/\/sport-index.fr\/blog\/#website\"},\"primaryImageOfPage\":{\"@id\":\"https:\/\/sport-index.fr\/blog\/a-la-une\/fin-de-saison-pour-nafi-maafu-une-blessure-qui-pese-lourd-pour-biarritz\/#primaryimage\"},\"image\":{\"@id\":\"https:\/\/sport-index.fr\/blog\/a-la-une\/fin-de-saison-pour-nafi-maafu-une-blessure-qui-pese-lourd-pour-biarritz\/#primaryimage\"},\"thumbnailUrl\":\"https:\/\/sport-index.fr\/blog\/wp-content\/uploads\/2025\/05\/sdxl-4267bf93b8aaf761dbadf939269831af-scaled.png\",\"datePublished\":\"2025-04-08T05:21:42+00:00\",\"description\":\"Une blessure d\u00e9vastatrice pour le Biarritz olympique Cette situation est un v\u00e9ritable coup dur pour l\u2019\u00e9quipe, qui devra se passer de l\u2019un de ses joueurs\u2026\",\"inLanguage\":\"fr-FR\",\"potentialAction\":[{\"@type\":\"ReadAction\",\"target\":[\"https:\/\/sport-index.fr\/blog\/a-la-une\/fin-de-saison-pour-nafi-maafu-une-blessure-qui-pese-lourd-pour-biarritz\/\"]}]},{\"@type\":\"ImageObject\",\"inLanguage\":\"fr-FR\",\"@id\":\"https:\/\/sport-index.fr\/blog\/a-la-une\/fin-de-saison-pour-nafi-maafu-une-blessure-qui-pese-lourd-pour-biarritz\/#primaryimage\",\"url\":\"https:\/\/sport-index.fr\/blog\/wp-content\/uploads\/2025\/05\/sdxl-4267bf93b8aaf761dbadf939269831af-scaled.png\",\"contentUrl\":\"https:\/\/sport-index.fr\/blog\/wp-content\/uploads\/2025\/05\/sdxl-4267bf93b8aaf761dbadf939269831af-scaled.png\",\"width\":1200,\"height\":500},{\"@type\":\"WebSite\",\"@id\":\"https:\/\/sport-index.fr\/blog\/#website\",\"url\":\"https:\/\/sport-index.fr\/blog\/\",\"name\":\"sport-index.fr\",\"description\":\"Le score de l\u2019analyse sportive.\",\"publisher\":{\"@id\":\"https:\/\/sport-index.fr\/blog\/#organization\"},\"alternateName\":\"Le score de l\u2019analyse sportive.\",\"potentialAction\":[{\"@type\":\"SearchAction\",\"target\":{\"@type\":\"EntryPoint\",\"urlTemplate\":\"https:\/\/sport-index.fr\/blog\/?s={search_term_string}\"},\"query-input\":{\"@type\":\"PropertyValueSpecification\",\"valueRequired\":true,\"valueName\":\"search_term_string\"}}],\"inLanguage\":\"fr-FR\"},{\"@type\":\"Organization\",\"@id\":\"https:\/\/sport-index.fr\/blog\/#organization\",\"name\":\"Foretsensations.fr\",\"url\":\"https:\/\/sport-index.fr\/blog\/\",\"logo\":{\"@type\":\"ImageObject\",\"inLanguage\":\"fr-FR\",\"@id\":\"https:\/\/sport-index.fr\/blog\/#\/schema\/logo\/image\/\",\"url\":\"https:\/\/sport-index.fr\/blog\/wp-content\/uploads\/2026\/07\/logo-auto.png\",\"contentUrl\":\"https:\/\/sport-index.fr\/blog\/wp-content\/uploads\/2026\/07\/logo-auto.png\",\"width\":1024,\"height\":1024,\"caption\":\"Foretsensations.fr\"},\"image\":{\"@id\":\"https:\/\/sport-index.fr\/blog\/#\/schema\/logo\/image\/\"}},{\"@type\":\"Person\",\"@id\":\"https:\/\/sport-index.fr\/blog\/#\/schema\/person\/3c864cdc320801e3db34b663e7e3f816\",\"name\":\"Axel Lauzier\",\"image\":{\"@type\":\"ImageObject\",\"inLanguage\":\"fr-FR\",\"@id\":\"https:\/\/sport-index.fr\/blog\/#\/schema\/person\/image\/\",\"url\":\"https:\/\/sport-index.fr\/blog\/wp-content\/uploads\/2026\/06\/persona_axel-l-96x96.jpg\",\"contentUrl\":\"https:\/\/sport-index.fr\/blog\/wp-content\/uploads\/2026\/06\/persona_axel-l-96x96.jpg\",\"caption\":\"Axel Lauzier\"},\"description\":\"Le sport rythme mon quotidien depuis l'enfance, et j'en ai fait mon m\u00e9tier d'analyste r\u00e9dactionnel il y a une dizaine d'ann\u00e9es. Je couvre principalement le football, son actualit\u00e9, ses transferts et l'analyse tactique des grandes affiches, mais aussi les disciplines plus confidentielles que j'aime remettre en lumi\u00e8re. Une partie de mon travail porte sur les pronostics et la lecture statistique d'un match : forme des \u00e9quipes, historique des confrontations, compositions, sans jamais vendre de fausse certitude. Je rappelle syst\u00e9matiquement que parier comporte un risque et doit rester un loisir ma\u00eetris\u00e9. Avant de signer une analyse, je v\u00e9rifie mes chiffres, je recoupe les compositions probables et je distingue toujours la donn\u00e9e brute de l'intuition. Mon objectif : offrir une lecture honn\u00eate et argument\u00e9e, pas un ticket gagnant garanti.\",\"sameAs\":[\"https:\/\/axellauzier.fr\/\"],\"url\":\"https:\/\/sport-index.fr\/blog\/auteur\/noname\/\"}]}<\/script>\n<!-- \/ Yoast SEO Premium plugin. -->","yoast_head_json":{"title":"Fin de saison pour Nafi Ma\u2019afu : une blessure qui p\u00e8se","description":"Une blessure d\u00e9vastatrice pour le Biarritz olympique Cette situation est un v\u00e9ritable coup dur pour l\u2019\u00e9quipe, qui devra se passer de l\u2019un de ses joueurs\u2026","robots":{"index":"index","follow":"follow","max-snippet":"max-snippet:-1","max-image-preview":"max-image-preview:large","max-video-preview":"max-video-preview:-1"},"canonical":"https:\/\/sport-index.fr\/blog\/a-la-une\/fin-de-saison-pour-nafi-maafu-une-blessure-qui-pese-lourd-pour-biarritz\/","og_locale":"fr_FR","og_type":"article","og_title":"Fin de saison pour Nafi Ma\u2019afu : une blessure qui p\u00e8se","og_description":"Une blessure d\u00e9vastatrice pour le Biarritz olympique Cette situation est un v\u00e9ritable coup dur pour l\u2019\u00e9quipe, qui devra se passer de l\u2019un de ses joueurs\u2026","og_url":"https:\/\/sport-index.fr\/blog\/a-la-une\/fin-de-saison-pour-nafi-maafu-une-blessure-qui-pese-lourd-pour-biarritz\/","og_site_name":"sport-index","author":"Axel Lauzier","twitter_card":"summary_large_image","schema":{"@context":"https:\/\/schema.org","@graph":[{"@type":"NewsArticle","@id":"https:\/\/sport-index.fr\/blog\/a-la-une\/fin-de-saison-pour-nafi-maafu-une-blessure-qui-pese-lourd-pour-biarritz\/#article","isPartOf":{"@id":"https:\/\/sport-index.fr\/blog\/a-la-une\/fin-de-saison-pour-nafi-maafu-une-blessure-qui-pese-lourd-pour-biarritz\/"},"author":{"name":"Axel Lauzier","@id":"https:\/\/sport-index.fr\/blog\/#\/schema\/person\/3c864cdc320801e3db34b663e7e3f816"},"headline":"Fin de saison pour Nafi Ma\u2019afu : une blessure qui p\u00e8se lourd pour Biarritz","datePublished":"2025-04-08T05:21:42+00:00","mainEntityOfPage":{"@id":"https:\/\/sport-index.fr\/blog\/a-la-une\/fin-de-saison-pour-nafi-maafu-une-blessure-qui-pese-lourd-pour-biarritz\/"},"wordCount":483,"commentCount":20,"publisher":{"@id":"https:\/\/sport-index.fr\/blog\/#organization"},"image":{"@id":"https:\/\/sport-index.fr\/blog\/a-la-une\/fin-de-saison-pour-nafi-maafu-une-blessure-qui-pese-lourd-pour-biarritz\/#primaryimage"},"thumbnailUrl":"https:\/\/sport-index.fr\/blog\/wp-content\/uploads\/2025\/05\/sdxl-4267bf93b8aaf761dbadf939269831af-scaled.png","keywords":["Biarritz Olympique","Gestion Du Stress","Performance sportive","Pro D2","R\u00e9silience"],"articleSection":["\u00c0 la une"],"inLanguage":"fr-FR","potentialAction":[{"@type":"CommentAction","name":"Comment","target":["https:\/\/sport-index.fr\/blog\/a-la-une\/fin-de-saison-pour-nafi-maafu-une-blessure-qui-pese-lourd-pour-biarritz\/#respond"]}]},{"@type":"WebPage","@id":"https:\/\/sport-index.fr\/blog\/a-la-une\/fin-de-saison-pour-nafi-maafu-une-blessure-qui-pese-lourd-pour-biarritz\/","url":"https:\/\/sport-index.fr\/blog\/a-la-une\/fin-de-saison-pour-nafi-maafu-une-blessure-qui-pese-lourd-pour-biarritz\/","name":"Fin de saison pour Nafi Ma\u2019afu : une blessure qui p\u00e8se","isPartOf":{"@id":"https:\/\/sport-index.fr\/blog\/#website"},"primaryImageOfPage":{"@id":"https:\/\/sport-index.fr\/blog\/a-la-une\/fin-de-saison-pour-nafi-maafu-une-blessure-qui-pese-lourd-pour-biarritz\/#primaryimage"},"image":{"@id":"https:\/\/sport-index.fr\/blog\/a-la-une\/fin-de-saison-pour-nafi-maafu-une-blessure-qui-pese-lourd-pour-biarritz\/#primaryimage"},"thumbnailUrl":"https:\/\/sport-index.fr\/blog\/wp-content\/uploads\/2025\/05\/sdxl-4267bf93b8aaf761dbadf939269831af-scaled.png","datePublished":"2025-04-08T05:21:42+00:00","description":"Une blessure d\u00e9vastatrice pour le Biarritz olympique Cette situation est un v\u00e9ritable coup dur pour l\u2019\u00e9quipe, qui devra se passer de l\u2019un de ses joueurs\u2026","inLanguage":"fr-FR","potentialAction":[{"@type":"ReadAction","target":["https:\/\/sport-index.fr\/blog\/a-la-une\/fin-de-saison-pour-nafi-maafu-une-blessure-qui-pese-lourd-pour-biarritz\/"]}]},{"@type":"ImageObject","inLanguage":"fr-FR","@id":"https:\/\/sport-index.fr\/blog\/a-la-une\/fin-de-saison-pour-nafi-maafu-une-blessure-qui-pese-lourd-pour-biarritz\/#primaryimage","url":"https:\/\/sport-index.fr\/blog\/wp-content\/uploads\/2025\/05\/sdxl-4267bf93b8aaf761dbadf939269831af-scaled.png","contentUrl":"https:\/\/sport-index.fr\/blog\/wp-content\/uploads\/2025\/05\/sdxl-4267bf93b8aaf761dbadf939269831af-scaled.png","width":1200,"height":500},{"@type":"WebSite","@id":"https:\/\/sport-index.fr\/blog\/#website","url":"https:\/\/sport-index.fr\/blog\/","name":"sport-index.fr","description":"Le score de l\u2019analyse sportive.","publisher":{"@id":"https:\/\/sport-index.fr\/blog\/#organization"},"alternateName":"Le score de l\u2019analyse sportive.","potentialAction":[{"@type":"SearchAction","target":{"@type":"EntryPoint","urlTemplate":"https:\/\/sport-index.fr\/blog\/?s={search_term_string}"},"query-input":{"@type":"PropertyValueSpecification","valueRequired":true,"valueName":"search_term_string"}}],"inLanguage":"fr-FR"},{"@type":"Organization","@id":"https:\/\/sport-index.fr\/blog\/#organization","name":"Foretsensations.fr","url":"https:\/\/sport-index.fr\/blog\/","logo":{"@type":"ImageObject","inLanguage":"fr-FR","@id":"https:\/\/sport-index.fr\/blog\/#\/schema\/logo\/image\/","url":"https:\/\/sport-index.fr\/blog\/wp-content\/uploads\/2026\/07\/logo-auto.png","contentUrl":"https:\/\/sport-index.fr\/blog\/wp-content\/uploads\/2026\/07\/logo-auto.png","width":1024,"height":1024,"caption":"Foretsensations.fr"},"image":{"@id":"https:\/\/sport-index.fr\/blog\/#\/schema\/logo\/image\/"}},{"@type":"Person","@id":"https:\/\/sport-index.fr\/blog\/#\/schema\/person\/3c864cdc320801e3db34b663e7e3f816","name":"Axel Lauzier","image":{"@type":"ImageObject","inLanguage":"fr-FR","@id":"https:\/\/sport-index.fr\/blog\/#\/schema\/person\/image\/","url":"https:\/\/sport-index.fr\/blog\/wp-content\/uploads\/2026\/06\/persona_axel-l-96x96.jpg","contentUrl":"https:\/\/sport-index.fr\/blog\/wp-content\/uploads\/2026\/06\/persona_axel-l-96x96.jpg","caption":"Axel Lauzier"},"description":"Le sport rythme mon quotidien depuis l'enfance, et j'en ai fait mon m\u00e9tier d'analyste r\u00e9dactionnel il y a une dizaine d'ann\u00e9es. Je couvre principalement le football, son actualit\u00e9, ses transferts et l'analyse tactique des grandes affiches, mais aussi les disciplines plus confidentielles que j'aime remettre en lumi\u00e8re. Une partie de mon travail porte sur les pronostics et la lecture statistique d'un match : forme des \u00e9quipes, historique des confrontations, compositions, sans jamais vendre de fausse certitude. Je rappelle syst\u00e9matiquement que parier comporte un risque et doit rester un loisir ma\u00eetris\u00e9. Avant de signer une analyse, je v\u00e9rifie mes chiffres, je recoupe les compositions probables et je distingue toujours la donn\u00e9e brute de l'intuition. Mon objectif : offrir une lecture honn\u00eate et argument\u00e9e, pas un ticket gagnant garanti.","sameAs":["https:\/\/axellauzier.fr\/"],"url":"https:\/\/sport-index.fr\/blog\/auteur\/noname\/"}]}},"_links":{"self":[{"href":"https:\/\/sport-index.fr\/blog\/wp-json\/wp\/v2\/posts\/13371","targetHints":{"allow":["GET"]}}],"collection":[{"href":"https:\/\/sport-index.fr\/blog\/wp-json\/wp\/v2\/posts"}],"about":[{"href":"https:\/\/sport-index.fr\/blog\/wp-json\/wp\/v2\/types\/post"}],"author":[{"embeddable":true,"href":"https:\/\/sport-index.fr\/blog\/wp-json\/wp\/v2\/users\/34"}],"replies":[{"embeddable":true,"href":"https:\/\/sport-index.fr\/blog\/wp-json\/wp\/v2\/comments?post=13371"}],"version-history":[{"count":1,"href":"https:\/\/sport-index.fr\/blog\/wp-json\/wp\/v2\/posts\/13371\/revisions"}],"predecessor-version":[{"id":13388,"href":"https:\/\/sport-index.fr\/blog\/wp-json\/wp\/v2\/posts\/13371\/revisions\/13388"}],"wp:featuredmedia":[{"embeddable":true,"href":"https:\/\/sport-index.fr\/blog\/wp-json\/wp\/v2\/media\/15299"}],"wp:attachment":[{"href":"https:\/\/sport-index.fr\/blog\/wp-json\/wp\/v2\/media?parent=13371"}],"wp:term":[{"taxonomy":"category","embeddable":true,"href":"https:\/\/sport-index.fr\/blog\/wp-json\/wp\/v2\/categories?post=13371"},{"taxonomy":"post_tag","embeddable":true,"href":"https:\/\/sport-index.fr\/blog\/wp-json\/wp\/v2\/tags?post=13371"}],"curies":[{"name":"wp","href":"https:\/\/api.w.org\/{rel}","templated":true}]}}