{"id":13397,"date":"2025-04-08T15:51:19","date_gmt":"2025-04-08T13:51:19","guid":{"rendered":"https:\/\/sport-index.fr\/blog\/?p=13397"},"modified":"2025-04-08T15:51:19","modified_gmt":"2025-04-08T13:51:19","slug":"valentin-delpy-le-jeune-ouvreur-toulousain-confirme-a-colomiers-pour-la-saison-prochaine","status":"publish","type":"post","link":"https:\/\/sport-index.fr\/blog\/a-la-une\/valentin-delpy-le-jeune-ouvreur-toulousain-confirme-a-colomiers-pour-la-saison-prochaine\/","title":{"rendered":"Valentin Delpy : le jeune ouvreur toulousain confirm\u00e9 \u00e0 Colomiers pour la saison prochaine"},"content":{"rendered":"<h2>Une situation prometteuse pour Valentin Delpy<\/h2>\n<p>Valentin Delpy, le jeune ouvreur toulousain de 21 ans, conna\u00eet une ascension impressionnante depuis son arriv\u00e9e \u00e0 l\u2019Usap. En effet, il a su tirer son \u00e9pingle du jeu en encha\u00eenant les titularisations et en r\u00e9alisant des performances remarquables, que ce soit en tant qu\u2019ouvreur ou arri\u00e8re. Avec son talent, les dirigeants catalans envisagent s\u00e9rieusement de prolonger son s\u00e9jour au-del\u00e0 de cette saison.<\/p>\n<p>Cependant, le pr\u00e9sident de Colomiers, Alain Carr\u00e9, a affirm\u00e9 que le pr\u00eat de Delpy \u00e9tait d\u00e9j\u00e0 act\u00e9. Lors d&rsquo;un entretien, il a d\u00e9clar\u00e9 : \u201cIl sera \u00e0 Colomiers l\u2019an prochain, c\u2019est acquis pour nous et pour le Stade toulousain\u201d. Cette d\u00e9claration met en lumi\u00e8re la d\u00e9termination de Colomiers \u00e0 int\u00e9grer ce jeune joueur prometteur dans leur \u00e9quipe.<\/p>\n<h2>Les ambitions de l\u2019Usap et de Colomiers<\/h2>\n<p>La situation de Valentin Delpy illustre les ambitions des deux clubs. D&rsquo;un c\u00f4t\u00e9, l\u2019Usap, avec son manager Franck Az\u00e9ma, souhaite explorer toutes les options pour garder le joueur, en d\u00e9pit de son engagement \u00e0 Colomiers. Az\u00e9ma a soulign\u00e9 : \u201cC\u2019est une piste qu\u2019on essaye d\u2019explorer en ce moment, aupr\u00e8s des Toulousains.\u201d Cela montre l&rsquo;int\u00e9r\u00eat croissant de l\u2019Usap pour le jeune ouvreur.<\/p>\n<p>De l&rsquo;autre c\u00f4t\u00e9, Colomiers se pr\u00e9pare \u00e0 accueillir Delpy avec l&rsquo;intention de renforcer son \u00e9quipe pour la saison prochaine. Alain Carr\u00e9 a affirm\u00e9 que l&rsquo;accord pour le pr\u00eat \u00e9tait en place depuis plusieurs mois, bien avant les performances impressionnantes de Delpy. Cela souligne la confiance que Colomiers place dans le potentiel de ce joueur.<\/p>\n<h2>Un recrutement strat\u00e9gique pour l\u2019Usap<\/h2>\n<p>Le recrutement est une priorit\u00e9 pour l\u2019Usap, qui a d\u00e9j\u00e0 s\u00e9curis\u00e9 plusieurs joueurs cl\u00e9s pour la prochaine saison. Parmi ces acquisitions, on trouve le talonneur Sama Malolo et les troisi\u00e8mes lignes Peceli Yato, Jamie Ritchie et Matt\u00e9o Le Corvec. L\u2019objectif est clair : renforcer l\u2019\u00e9quipe pour assurer une meilleure performance sur le terrain.<\/p>\n<p>Franck Az\u00e9ma a \u00e9galement \u00e9voqu\u00e9 la recherche d\u2019un centre, essentiel pour compl\u00e9ter l\u2019effectif. Dans ses mots : \u201cOn essaie d\u2019avoir quelqu\u2019un qui correspond \u00e0 l\u2019entit\u00e9, mais aussi \u00e0 la qualit\u00e9 qu\u2019on recherche \u00e0 ce poste.\u201d Ce processus de recrutement devrait s&rsquo;acc\u00e9l\u00e9rer dans les semaines \u00e0 venir, en fonction des r\u00e9sultats sportifs de l\u2019\u00e9quipe.<\/p>\n<ul>\n<li>Valentin Delpy confirm\u00e9 \u00e0 Colomiers pour la saison prochaine.<\/li>\n<li>Franck Az\u00e9ma souhaite garder Delpy \u00e0 l\u2019Usap.<\/li>\n<li>Colomiers a un accord en place depuis plusieurs mois.<\/li>\n<li>L\u2019Usap a recrut\u00e9 plusieurs joueurs cl\u00e9s pour l\u2019\u00e9quipe.<\/li>\n<li>La recherche d\u2019un centre est en cours pour l\u2019Usap.<\/li>\n<\/ul>\n<blockquote><p>\n\u201cIl n\u2019y a pas de possibilit\u00e9 qu\u2019il en soit autrement. C\u2019est un deal qui est pass\u00e9 depuis d\u00e9cembre.\u201d &#8211; Alain Carr\u00e9\n<\/p><\/blockquote>\n<p>En somme, la situation de Valentin Delpy s&rsquo;inscrit dans un contexte plus large de strat\u00e9gies de recrutement et d&rsquo;ambitions pour les deux clubs, l&rsquo;Usap et Colomiers. Les mois \u00e0 venir seront cruciaux pour d\u00e9finir la place de ce jeune ouvreur prometteur et observer comment son parcours se dessine au sein du rugby fran\u00e7ais. Les d\u00e9cisions prises par les dirigeants auront un impact significatif sur les performances des \u00e9quipes et sur l&rsquo;avenir de Delpy dans le monde du rugby professionnel.<\/p>\n","protected":false},"excerpt":{"rendered":"","protected":false},"author":34,"featured_media":15296,"comment_status":"open","ping_status":"open","sticky":false,"template":"","format":"standard","meta":{"_acf_changed":false,"manual_indexmenow":false,"indexmenow_id_project":0,"footnotes":""},"categories":[1],"tags":[5283,4588,5319,5318,4554],"class_list":["post-13397","post","type-post","status-publish","format-standard","has-post-thumbnail","hentry","category-a-la-une","tag-colomiers","tag-performances-remarquables","tag-recrutement-strategique","tag-usap","tag-xv-de-france","generate-columns","tablet-grid-50","mobile-grid-100","grid-parent","grid-25"],"acf":[],"yoast_head":"<!-- This site is optimized with the Yoast SEO Premium plugin v21.3 (Yoast SEO v26.5) - https:\/\/yoast.com\/wordpress\/plugins\/seo\/ -->\n<title>Valentin Delpy : le jeune ouvreur toulousain confirm\u00e9<\/title>\n<meta name=\"description\" content=\"Une situation prometteuse pour Valentin Delpy Valentin Delpy, le jeune ouvreur toulousain de 21 ans, conna\u00eet une ascension impressionnante depuis son\u2026\" \/>\n<meta name=\"robots\" content=\"index, follow, max-snippet:-1, max-image-preview:large, max-video-preview:-1\" \/>\n<link rel=\"canonical\" href=\"https:\/\/sport-index.fr\/blog\/a-la-une\/valentin-delpy-le-jeune-ouvreur-toulousain-confirme-a-colomiers-pour-la-saison-prochaine\/\" \/>\n<meta property=\"og:locale\" content=\"fr_FR\" \/>\n<meta property=\"og:type\" content=\"article\" \/>\n<meta property=\"og:title\" content=\"Valentin Delpy : le jeune ouvreur toulousain confirm\u00e9\" \/>\n<meta property=\"og:description\" content=\"Une situation prometteuse pour Valentin Delpy Valentin Delpy, le jeune ouvreur toulousain de 21 ans, conna\u00eet une ascension impressionnante depuis son\u2026\" \/>\n<meta property=\"og:url\" content=\"https:\/\/sport-index.fr\/blog\/a-la-une\/valentin-delpy-le-jeune-ouvreur-toulousain-confirme-a-colomiers-pour-la-saison-prochaine\/\" \/>\n<meta property=\"og:site_name\" content=\"sport-index\" \/>\n<meta name=\"author\" content=\"Axel Lauzier\" \/>\n<meta name=\"twitter:card\" content=\"summary_large_image\" \/>\n<script type=\"application\/ld+json\" class=\"yoast-schema-graph\">{\"@context\":\"https:\/\/schema.org\",\"@graph\":[{\"@type\":\"NewsArticle\",\"@id\":\"https:\/\/sport-index.fr\/blog\/a-la-une\/valentin-delpy-le-jeune-ouvreur-toulousain-confirme-a-colomiers-pour-la-saison-prochaine\/#article\",\"isPartOf\":{\"@id\":\"https:\/\/sport-index.fr\/blog\/a-la-une\/valentin-delpy-le-jeune-ouvreur-toulousain-confirme-a-colomiers-pour-la-saison-prochaine\/\"},\"author\":{\"name\":\"Axel Lauzier\",\"@id\":\"https:\/\/sport-index.fr\/blog\/#\/schema\/person\/3c864cdc320801e3db34b663e7e3f816\"},\"headline\":\"Valentin Delpy : le jeune ouvreur toulousain confirm\u00e9 \u00e0 Colomiers pour la saison prochaine\",\"datePublished\":\"2025-04-08T13:51:19+00:00\",\"mainEntityOfPage\":{\"@id\":\"https:\/\/sport-index.fr\/blog\/a-la-une\/valentin-delpy-le-jeune-ouvreur-toulousain-confirme-a-colomiers-pour-la-saison-prochaine\/\"},\"wordCount\":578,\"commentCount\":24,\"publisher\":{\"@id\":\"https:\/\/sport-index.fr\/blog\/#organization\"},\"image\":{\"@id\":\"https:\/\/sport-index.fr\/blog\/a-la-une\/valentin-delpy-le-jeune-ouvreur-toulousain-confirme-a-colomiers-pour-la-saison-prochaine\/#primaryimage\"},\"thumbnailUrl\":\"https:\/\/sport-index.fr\/blog\/wp-content\/uploads\/2025\/05\/sdxl-b3738fec0502434bee073cc98cfca934-scaled.png\",\"keywords\":[\"Colomiers\",\"Performances Remarquables\",\"Recrutement Strat\u00e9gique\",\"Usap\",\"XV de France\"],\"articleSection\":[\"\u00c0 la une\"],\"inLanguage\":\"fr-FR\",\"potentialAction\":[{\"@type\":\"CommentAction\",\"name\":\"Comment\",\"target\":[\"https:\/\/sport-index.fr\/blog\/a-la-une\/valentin-delpy-le-jeune-ouvreur-toulousain-confirme-a-colomiers-pour-la-saison-prochaine\/#respond\"]}]},{\"@type\":\"WebPage\",\"@id\":\"https:\/\/sport-index.fr\/blog\/a-la-une\/valentin-delpy-le-jeune-ouvreur-toulousain-confirme-a-colomiers-pour-la-saison-prochaine\/\",\"url\":\"https:\/\/sport-index.fr\/blog\/a-la-une\/valentin-delpy-le-jeune-ouvreur-toulousain-confirme-a-colomiers-pour-la-saison-prochaine\/\",\"name\":\"Valentin Delpy : le jeune ouvreur toulousain confirm\u00e9\",\"isPartOf\":{\"@id\":\"https:\/\/sport-index.fr\/blog\/#website\"},\"primaryImageOfPage\":{\"@id\":\"https:\/\/sport-index.fr\/blog\/a-la-une\/valentin-delpy-le-jeune-ouvreur-toulousain-confirme-a-colomiers-pour-la-saison-prochaine\/#primaryimage\"},\"image\":{\"@id\":\"https:\/\/sport-index.fr\/blog\/a-la-une\/valentin-delpy-le-jeune-ouvreur-toulousain-confirme-a-colomiers-pour-la-saison-prochaine\/#primaryimage\"},\"thumbnailUrl\":\"https:\/\/sport-index.fr\/blog\/wp-content\/uploads\/2025\/05\/sdxl-b3738fec0502434bee073cc98cfca934-scaled.png\",\"datePublished\":\"2025-04-08T13:51:19+00:00\",\"description\":\"Une situation prometteuse pour Valentin Delpy Valentin Delpy, le jeune ouvreur toulousain de 21 ans, conna\u00eet une ascension impressionnante depuis son\u2026\",\"inLanguage\":\"fr-FR\",\"potentialAction\":[{\"@type\":\"ReadAction\",\"target\":[\"https:\/\/sport-index.fr\/blog\/a-la-une\/valentin-delpy-le-jeune-ouvreur-toulousain-confirme-a-colomiers-pour-la-saison-prochaine\/\"]}]},{\"@type\":\"ImageObject\",\"inLanguage\":\"fr-FR\",\"@id\":\"https:\/\/sport-index.fr\/blog\/a-la-une\/valentin-delpy-le-jeune-ouvreur-toulousain-confirme-a-colomiers-pour-la-saison-prochaine\/#primaryimage\",\"url\":\"https:\/\/sport-index.fr\/blog\/wp-content\/uploads\/2025\/05\/sdxl-b3738fec0502434bee073cc98cfca934-scaled.png\",\"contentUrl\":\"https:\/\/sport-index.fr\/blog\/wp-content\/uploads\/2025\/05\/sdxl-b3738fec0502434bee073cc98cfca934-scaled.png\",\"width\":1200,\"height\":500},{\"@type\":\"WebSite\",\"@id\":\"https:\/\/sport-index.fr\/blog\/#website\",\"url\":\"https:\/\/sport-index.fr\/blog\/\",\"name\":\"sport-index.fr\",\"description\":\"Le score de l\u2019analyse sportive.\",\"publisher\":{\"@id\":\"https:\/\/sport-index.fr\/blog\/#organization\"},\"alternateName\":\"Le score de l\u2019analyse sportive.\",\"potentialAction\":[{\"@type\":\"SearchAction\",\"target\":{\"@type\":\"EntryPoint\",\"urlTemplate\":\"https:\/\/sport-index.fr\/blog\/?s={search_term_string}\"},\"query-input\":{\"@type\":\"PropertyValueSpecification\",\"valueRequired\":true,\"valueName\":\"search_term_string\"}}],\"inLanguage\":\"fr-FR\"},{\"@type\":\"Organization\",\"@id\":\"https:\/\/sport-index.fr\/blog\/#organization\",\"name\":\"Foretsensations.fr\",\"url\":\"https:\/\/sport-index.fr\/blog\/\",\"logo\":{\"@type\":\"ImageObject\",\"inLanguage\":\"fr-FR\",\"@id\":\"https:\/\/sport-index.fr\/blog\/#\/schema\/logo\/image\/\",\"url\":\"https:\/\/sport-index.fr\/blog\/wp-content\/uploads\/2026\/07\/logo-auto.png\",\"contentUrl\":\"https:\/\/sport-index.fr\/blog\/wp-content\/uploads\/2026\/07\/logo-auto.png\",\"width\":1024,\"height\":1024,\"caption\":\"Foretsensations.fr\"},\"image\":{\"@id\":\"https:\/\/sport-index.fr\/blog\/#\/schema\/logo\/image\/\"}},{\"@type\":\"Person\",\"@id\":\"https:\/\/sport-index.fr\/blog\/#\/schema\/person\/3c864cdc320801e3db34b663e7e3f816\",\"name\":\"Axel Lauzier\",\"image\":{\"@type\":\"ImageObject\",\"inLanguage\":\"fr-FR\",\"@id\":\"https:\/\/sport-index.fr\/blog\/#\/schema\/person\/image\/\",\"url\":\"https:\/\/sport-index.fr\/blog\/wp-content\/uploads\/2026\/06\/persona_axel-l-96x96.jpg\",\"contentUrl\":\"https:\/\/sport-index.fr\/blog\/wp-content\/uploads\/2026\/06\/persona_axel-l-96x96.jpg\",\"caption\":\"Axel Lauzier\"},\"description\":\"Le sport rythme mon quotidien depuis l'enfance, et j'en ai fait mon m\u00e9tier d'analyste r\u00e9dactionnel il y a une dizaine d'ann\u00e9es. Je couvre principalement le football, son actualit\u00e9, ses transferts et l'analyse tactique des grandes affiches, mais aussi les disciplines plus confidentielles que j'aime remettre en lumi\u00e8re. Une partie de mon travail porte sur les pronostics et la lecture statistique d'un match : forme des \u00e9quipes, historique des confrontations, compositions, sans jamais vendre de fausse certitude. Je rappelle syst\u00e9matiquement que parier comporte un risque et doit rester un loisir ma\u00eetris\u00e9. Avant de signer une analyse, je v\u00e9rifie mes chiffres, je recoupe les compositions probables et je distingue toujours la donn\u00e9e brute de l'intuition. Mon objectif : offrir une lecture honn\u00eate et argument\u00e9e, pas un ticket gagnant garanti.\",\"sameAs\":[\"https:\/\/axellauzier.fr\/\"],\"url\":\"https:\/\/sport-index.fr\/blog\/auteur\/noname\/\"}]}<\/script>\n<!-- \/ Yoast SEO Premium plugin. -->","yoast_head_json":{"title":"Valentin Delpy : le jeune ouvreur toulousain confirm\u00e9","description":"Une situation prometteuse pour Valentin Delpy Valentin Delpy, le jeune ouvreur toulousain de 21 ans, conna\u00eet une ascension impressionnante depuis son\u2026","robots":{"index":"index","follow":"follow","max-snippet":"max-snippet:-1","max-image-preview":"max-image-preview:large","max-video-preview":"max-video-preview:-1"},"canonical":"https:\/\/sport-index.fr\/blog\/a-la-une\/valentin-delpy-le-jeune-ouvreur-toulousain-confirme-a-colomiers-pour-la-saison-prochaine\/","og_locale":"fr_FR","og_type":"article","og_title":"Valentin Delpy : le jeune ouvreur toulousain confirm\u00e9","og_description":"Une situation prometteuse pour Valentin Delpy Valentin Delpy, le jeune ouvreur toulousain de 21 ans, conna\u00eet une ascension impressionnante depuis son\u2026","og_url":"https:\/\/sport-index.fr\/blog\/a-la-une\/valentin-delpy-le-jeune-ouvreur-toulousain-confirme-a-colomiers-pour-la-saison-prochaine\/","og_site_name":"sport-index","author":"Axel Lauzier","twitter_card":"summary_large_image","schema":{"@context":"https:\/\/schema.org","@graph":[{"@type":"NewsArticle","@id":"https:\/\/sport-index.fr\/blog\/a-la-une\/valentin-delpy-le-jeune-ouvreur-toulousain-confirme-a-colomiers-pour-la-saison-prochaine\/#article","isPartOf":{"@id":"https:\/\/sport-index.fr\/blog\/a-la-une\/valentin-delpy-le-jeune-ouvreur-toulousain-confirme-a-colomiers-pour-la-saison-prochaine\/"},"author":{"name":"Axel Lauzier","@id":"https:\/\/sport-index.fr\/blog\/#\/schema\/person\/3c864cdc320801e3db34b663e7e3f816"},"headline":"Valentin Delpy : le jeune ouvreur toulousain confirm\u00e9 \u00e0 Colomiers pour la saison prochaine","datePublished":"2025-04-08T13:51:19+00:00","mainEntityOfPage":{"@id":"https:\/\/sport-index.fr\/blog\/a-la-une\/valentin-delpy-le-jeune-ouvreur-toulousain-confirme-a-colomiers-pour-la-saison-prochaine\/"},"wordCount":578,"commentCount":24,"publisher":{"@id":"https:\/\/sport-index.fr\/blog\/#organization"},"image":{"@id":"https:\/\/sport-index.fr\/blog\/a-la-une\/valentin-delpy-le-jeune-ouvreur-toulousain-confirme-a-colomiers-pour-la-saison-prochaine\/#primaryimage"},"thumbnailUrl":"https:\/\/sport-index.fr\/blog\/wp-content\/uploads\/2025\/05\/sdxl-b3738fec0502434bee073cc98cfca934-scaled.png","keywords":["Colomiers","Performances Remarquables","Recrutement Strat\u00e9gique","Usap","XV de France"],"articleSection":["\u00c0 la une"],"inLanguage":"fr-FR","potentialAction":[{"@type":"CommentAction","name":"Comment","target":["https:\/\/sport-index.fr\/blog\/a-la-une\/valentin-delpy-le-jeune-ouvreur-toulousain-confirme-a-colomiers-pour-la-saison-prochaine\/#respond"]}]},{"@type":"WebPage","@id":"https:\/\/sport-index.fr\/blog\/a-la-une\/valentin-delpy-le-jeune-ouvreur-toulousain-confirme-a-colomiers-pour-la-saison-prochaine\/","url":"https:\/\/sport-index.fr\/blog\/a-la-une\/valentin-delpy-le-jeune-ouvreur-toulousain-confirme-a-colomiers-pour-la-saison-prochaine\/","name":"Valentin Delpy : le jeune ouvreur toulousain confirm\u00e9","isPartOf":{"@id":"https:\/\/sport-index.fr\/blog\/#website"},"primaryImageOfPage":{"@id":"https:\/\/sport-index.fr\/blog\/a-la-une\/valentin-delpy-le-jeune-ouvreur-toulousain-confirme-a-colomiers-pour-la-saison-prochaine\/#primaryimage"},"image":{"@id":"https:\/\/sport-index.fr\/blog\/a-la-une\/valentin-delpy-le-jeune-ouvreur-toulousain-confirme-a-colomiers-pour-la-saison-prochaine\/#primaryimage"},"thumbnailUrl":"https:\/\/sport-index.fr\/blog\/wp-content\/uploads\/2025\/05\/sdxl-b3738fec0502434bee073cc98cfca934-scaled.png","datePublished":"2025-04-08T13:51:19+00:00","description":"Une situation prometteuse pour Valentin Delpy Valentin Delpy, le jeune ouvreur toulousain de 21 ans, conna\u00eet une ascension impressionnante depuis son\u2026","inLanguage":"fr-FR","potentialAction":[{"@type":"ReadAction","target":["https:\/\/sport-index.fr\/blog\/a-la-une\/valentin-delpy-le-jeune-ouvreur-toulousain-confirme-a-colomiers-pour-la-saison-prochaine\/"]}]},{"@type":"ImageObject","inLanguage":"fr-FR","@id":"https:\/\/sport-index.fr\/blog\/a-la-une\/valentin-delpy-le-jeune-ouvreur-toulousain-confirme-a-colomiers-pour-la-saison-prochaine\/#primaryimage","url":"https:\/\/sport-index.fr\/blog\/wp-content\/uploads\/2025\/05\/sdxl-b3738fec0502434bee073cc98cfca934-scaled.png","contentUrl":"https:\/\/sport-index.fr\/blog\/wp-content\/uploads\/2025\/05\/sdxl-b3738fec0502434bee073cc98cfca934-scaled.png","width":1200,"height":500},{"@type":"WebSite","@id":"https:\/\/sport-index.fr\/blog\/#website","url":"https:\/\/sport-index.fr\/blog\/","name":"sport-index.fr","description":"Le score de l\u2019analyse sportive.","publisher":{"@id":"https:\/\/sport-index.fr\/blog\/#organization"},"alternateName":"Le score de l\u2019analyse sportive.","potentialAction":[{"@type":"SearchAction","target":{"@type":"EntryPoint","urlTemplate":"https:\/\/sport-index.fr\/blog\/?s={search_term_string}"},"query-input":{"@type":"PropertyValueSpecification","valueRequired":true,"valueName":"search_term_string"}}],"inLanguage":"fr-FR"},{"@type":"Organization","@id":"https:\/\/sport-index.fr\/blog\/#organization","name":"Foretsensations.fr","url":"https:\/\/sport-index.fr\/blog\/","logo":{"@type":"ImageObject","inLanguage":"fr-FR","@id":"https:\/\/sport-index.fr\/blog\/#\/schema\/logo\/image\/","url":"https:\/\/sport-index.fr\/blog\/wp-content\/uploads\/2026\/07\/logo-auto.png","contentUrl":"https:\/\/sport-index.fr\/blog\/wp-content\/uploads\/2026\/07\/logo-auto.png","width":1024,"height":1024,"caption":"Foretsensations.fr"},"image":{"@id":"https:\/\/sport-index.fr\/blog\/#\/schema\/logo\/image\/"}},{"@type":"Person","@id":"https:\/\/sport-index.fr\/blog\/#\/schema\/person\/3c864cdc320801e3db34b663e7e3f816","name":"Axel Lauzier","image":{"@type":"ImageObject","inLanguage":"fr-FR","@id":"https:\/\/sport-index.fr\/blog\/#\/schema\/person\/image\/","url":"https:\/\/sport-index.fr\/blog\/wp-content\/uploads\/2026\/06\/persona_axel-l-96x96.jpg","contentUrl":"https:\/\/sport-index.fr\/blog\/wp-content\/uploads\/2026\/06\/persona_axel-l-96x96.jpg","caption":"Axel Lauzier"},"description":"Le sport rythme mon quotidien depuis l'enfance, et j'en ai fait mon m\u00e9tier d'analyste r\u00e9dactionnel il y a une dizaine d'ann\u00e9es. Je couvre principalement le football, son actualit\u00e9, ses transferts et l'analyse tactique des grandes affiches, mais aussi les disciplines plus confidentielles que j'aime remettre en lumi\u00e8re. Une partie de mon travail porte sur les pronostics et la lecture statistique d'un match : forme des \u00e9quipes, historique des confrontations, compositions, sans jamais vendre de fausse certitude. Je rappelle syst\u00e9matiquement que parier comporte un risque et doit rester un loisir ma\u00eetris\u00e9. Avant de signer une analyse, je v\u00e9rifie mes chiffres, je recoupe les compositions probables et je distingue toujours la donn\u00e9e brute de l'intuition. Mon objectif : offrir une lecture honn\u00eate et argument\u00e9e, pas un ticket gagnant garanti.","sameAs":["https:\/\/axellauzier.fr\/"],"url":"https:\/\/sport-index.fr\/blog\/auteur\/noname\/"}]}},"_links":{"self":[{"href":"https:\/\/sport-index.fr\/blog\/wp-json\/wp\/v2\/posts\/13397","targetHints":{"allow":["GET"]}}],"collection":[{"href":"https:\/\/sport-index.fr\/blog\/wp-json\/wp\/v2\/posts"}],"about":[{"href":"https:\/\/sport-index.fr\/blog\/wp-json\/wp\/v2\/types\/post"}],"author":[{"embeddable":true,"href":"https:\/\/sport-index.fr\/blog\/wp-json\/wp\/v2\/users\/34"}],"replies":[{"embeddable":true,"href":"https:\/\/sport-index.fr\/blog\/wp-json\/wp\/v2\/comments?post=13397"}],"version-history":[{"count":1,"href":"https:\/\/sport-index.fr\/blog\/wp-json\/wp\/v2\/posts\/13397\/revisions"}],"predecessor-version":[{"id":13407,"href":"https:\/\/sport-index.fr\/blog\/wp-json\/wp\/v2\/posts\/13397\/revisions\/13407"}],"wp:featuredmedia":[{"embeddable":true,"href":"https:\/\/sport-index.fr\/blog\/wp-json\/wp\/v2\/media\/15296"}],"wp:attachment":[{"href":"https:\/\/sport-index.fr\/blog\/wp-json\/wp\/v2\/media?parent=13397"}],"wp:term":[{"taxonomy":"category","embeddable":true,"href":"https:\/\/sport-index.fr\/blog\/wp-json\/wp\/v2\/categories?post=13397"},{"taxonomy":"post_tag","embeddable":true,"href":"https:\/\/sport-index.fr\/blog\/wp-json\/wp\/v2\/tags?post=13397"}],"curies":[{"name":"wp","href":"https:\/\/api.w.org\/{rel}","templated":true}]}}