{"id":13399,"date":"2025-04-08T14:45:31","date_gmt":"2025-04-08T12:45:31","guid":{"rendered":"https:\/\/sport-index.fr\/blog\/?p=13399"},"modified":"2025-04-08T13:08:59","modified_gmt":"2025-04-08T11:08:59","slug":"claude-atcher-face-aux-critiques-sur-lorganisation-de-la-coupe-du-monde-2023-en-france","status":"publish","type":"post","link":"https:\/\/sport-index.fr\/blog\/a-la-une\/claude-atcher-face-aux-critiques-sur-lorganisation-de-la-coupe-du-monde-2023-en-france\/","title":{"rendered":"Claude Atcher face aux critiques sur l&rsquo;organisation de la coupe du monde 2023 en France"},"content":{"rendered":"<p>Claude Atcher, ancien directeur g\u00e9n\u00e9ral du GIP France 2023, a r\u00e9cemment pris la parole pour d\u00e9fendre son bilan et contester les accusations formul\u00e9es \u00e0 son encontre. Dans ses d\u00e9clarations, Atcher souligne le travail acharn\u00e9 r\u00e9alis\u00e9 durant sa gestion et d\u00e9nonce les d\u00e9cisions prises apr\u00e8s son d\u00e9part qui auraient, selon lui, impact\u00e9 n\u00e9gativement l&rsquo;\u00e9v\u00e9nement.<\/p>\n<h2>Une candidature solide mise \u00e0 mal par des d\u00e9cisions post\u00e9rieures<\/h2>\n<p>Atcher insiste sur le fait que la candidature de la France pour organiser la Coupe du Monde de Rugby 2023 \u00e9tait exemplaire et valid\u00e9e par des audits rigoureux. Selon lui, la Cour des comptes a omis de prendre en compte les r\u00e9sultats positifs de l&rsquo;\u00e9v\u00e9nement, tels que les 478 millions d&rsquo;euros de recettes, d\u00e9passant les pr\u00e9visions initiales de 476 millions. Il d\u00e9plore \u00e9galement que l&rsquo;augmentation des co\u00fbts de livraison, survenue apr\u00e8s son d\u00e9part, ait \u00e9t\u00e9 ignor\u00e9e dans les observations de la Cour.<\/p>\n<p>En outre, Atcher affirme que la gestion de l&rsquo;\u00c9tat concernant le soutien aux grands \u00e9v\u00e9nements sportifs a \u00e9t\u00e9 mal interpr\u00e9t\u00e9e par la Cour. Il rappelle que des audits avaient \u00e9t\u00e9 r\u00e9alis\u00e9s avant l&rsquo;engagement de l&rsquo;\u00c9tat, et que les recommandations de l&rsquo;Inspection g\u00e9n\u00e9rale des finances n&rsquo;ont pas \u00e9t\u00e9 suivies apr\u00e8s son d\u00e9part. Ce manque de prise en compte des avis d&rsquo;experts aurait conduit \u00e0 une mauvaise gestion financi\u00e8re qui a affect\u00e9 l&rsquo;\u00e9v\u00e9nement.<\/p>\n<p><iframe loading=\"lazy\" title=\"Coupe du monde 2023 : Claude Atcher esp\u00e8re &quot;un France - All Blacks en ouverture&quot;\" width=\"1200\" height=\"675\" src=\"https:\/\/www.youtube.com\/embed\/Nc-yYDRHmkQ?feature=oembed\" frameborder=\"0\" allow=\"accelerometer; autoplay; clipboard-write; encrypted-media; gyroscope; picture-in-picture; web-share\" referrerpolicy=\"strict-origin-when-cross-origin\" allowfullscreen><\/iframe><\/p>\n<h2>Une gouvernance contest\u00e9e mais approuv\u00e9e<\/h2>\n<p>Concernant la gouvernance de la Coupe du Monde, Atcher affirme qu&rsquo;elle a \u00e9t\u00e9 mise en place sous l&rsquo;\u00e9gide de l&rsquo;\u00c9tat et valid\u00e9e par un comit\u00e9 interminist\u00e9riel. Il \u00e9voque les nombreuses r\u00e9unions du conseil d&rsquo;administration qu&rsquo;il a supervis\u00e9es, affirmant que toutes les d\u00e9cisions ont \u00e9t\u00e9 prises en toute transparence. Selon lui, les critiques visant la direction qui lui a succ\u00e9d\u00e9 sont infond\u00e9es, car elle \u00e9tait compos\u00e9e de personnes n&rsquo;ayant pas l&rsquo;exp\u00e9rience n\u00e9cessaire pour g\u00e9rer un \u00e9v\u00e9nement de cette envergure.<\/p>\n<p>Atcher met \u00e9galement en avant les efforts qu&rsquo;il a d\u00e9ploy\u00e9s pour assurer le succ\u00e8s de l&rsquo;\u00e9v\u00e9nement, notamment en mati\u00e8re d&rsquo;assurances et de gestion des risques. Il rappelle que la Coupe du Monde 2023 a \u00e9t\u00e9 le seul \u00e9v\u00e9nement \u00e0 b\u00e9n\u00e9ficier d&rsquo;une assurance couvrant les risques li\u00e9s \u00e0 la pand\u00e9mie, ce qui a permis de s\u00e9curiser une partie des investissements. Ces \u00e9l\u00e9ments, selon lui, montrent une gestion rigoureuse et pr\u00e9voyante qui a \u00e9t\u00e9 par la suite compromise.<\/p>\n<h2>Les impacts des d\u00e9cisions politiques sur le projet Campus 2023<\/h2>\n<p>Le projet Campus 2023, visant \u00e0 int\u00e9grer des jeunes dans le monde du rugby, a \u00e9galement \u00e9t\u00e9 au c\u0153ur des critiques. Atcher d\u00e9nonce une r\u00e9duction de ce projet \u00e0 un simple co\u00fbt, sans prendre en compte ses b\u00e9n\u00e9fices pour le sport amateur. Il insiste sur l&rsquo;importance de cette initiative qui a permis d&rsquo;int\u00e9grer 1 500 jeunes dans des clubs de rugby, contribuant ainsi \u00e0 leur d\u00e9veloppement professionnel.<\/p>\n<p>Il met en lumi\u00e8re les d\u00e9cisions politiques qui ont conduit \u00e0 une augmentation injustifi\u00e9e des co\u00fbts du projet apr\u00e8s son d\u00e9part. Ces d\u00e9cisions, prises sous la direction de son successeur, auraient entra\u00een\u00e9 un d\u00e9ficit qui ne refl\u00e8te pas la r\u00e9alit\u00e9 financi\u00e8re du projet, selon lui. Atcher conclut que les actions entreprises par l&rsquo;\u00c9tat et la nouvelle direction ont eu des cons\u00e9quences d\u00e9sastreuses pour le rugby fran\u00e7ais.<\/p>\n<blockquote><p>\n  \u00ab\u00a0La gestion catastrophique de l&rsquo;\u00e9v\u00e9nement apr\u00e8s mon d\u00e9part a priv\u00e9 le rugby fran\u00e7ais d&rsquo;environ 50 millions d&rsquo;euros de r\u00e9sultat.\u00a0\u00bb &#8211; Claude Atcher\n<\/p><\/blockquote>\n<ul>\n<li>La candidature de la France valid\u00e9e par des audits rigoureux.<\/li>\n<li>Des r\u00e9sultats positifs de 478 millions d&rsquo;euros de recettes.<\/li>\n<li>Une gouvernance approuv\u00e9e par un comit\u00e9 interminist\u00e9riel.<\/li>\n<li>Le projet Campus 2023 int\u00e9grant 1 500 jeunes dans le rugby amateur.<\/li>\n<li>Des d\u00e9cisions politiques ayant conduit \u00e0 une explosion des co\u00fbts.<\/li>\n<\/ul>\n<p>Claude Atcher, dans sa d\u00e9fense, cherche \u00e0 d\u00e9noncer ce qu&rsquo;il consid\u00e8re comme une injustice qui a affect\u00e9 non seulement sa r\u00e9putation, mais \u00e9galement celle du rugby fran\u00e7ais. En mettant en avant les \u00e9l\u00e9ments de sa gestion et les d\u00e9cisions prises apr\u00e8s son d\u00e9part, il esp\u00e8re r\u00e9tablir la v\u00e9rit\u00e9 sur un \u00e9v\u00e9nement qui, selon lui, aurait d\u00fb \u00eatre un succ\u00e8s. Les enjeux de cette affaire d\u00e9passent largement la simple question de la gestion d&rsquo;une comp\u00e9tition sportive, touchant au c\u0153ur des valeurs du sport et de l&rsquo;engagement envers les jeunes g\u00e9n\u00e9rations.<\/p>\n","protected":false},"excerpt":{"rendered":"","protected":false},"author":34,"featured_media":16254,"comment_status":"open","ping_status":"open","sticky":false,"template":"","format":"standard","meta":{"_acf_changed":false,"manual_indexmenow":false,"indexmenow_id_project":0,"footnotes":""},"categories":[1],"tags":[5292,4561,4632,4560,4554],"class_list":["post-13399","post","type-post","status-publish","format-standard","has-post-thumbnail","hentry","category-a-la-une","tag-coupe-du-monde-de-rugby","tag-gestion-des-talents","tag-performance-sportive","tag-projet-sportif","tag-xv-de-france","generate-columns","tablet-grid-50","mobile-grid-100","grid-parent","grid-25"],"acf":[],"yoast_head":"<!-- This site is optimized with the Yoast SEO Premium plugin v21.3 (Yoast SEO v26.5) - https:\/\/yoast.com\/wordpress\/plugins\/seo\/ -->\n<title>Claude Atcher face aux critiques sur l&#039;organisation<\/title>\n<meta name=\"description\" content=\"Claude Atcher, ancien directeur g\u00e9n\u00e9ral du GIP France 2023, a r\u00e9cemment pris la parole pour d\u00e9fendre son bilan et contester les accusations formul\u00e9es \u00e0\u2026\" \/>\n<meta name=\"robots\" content=\"index, follow, max-snippet:-1, max-image-preview:large, max-video-preview:-1\" \/>\n<link rel=\"canonical\" href=\"https:\/\/sport-index.fr\/blog\/a-la-une\/claude-atcher-face-aux-critiques-sur-lorganisation-de-la-coupe-du-monde-2023-en-france\/\" \/>\n<meta property=\"og:locale\" content=\"fr_FR\" \/>\n<meta property=\"og:type\" content=\"article\" \/>\n<meta property=\"og:title\" content=\"Claude Atcher face aux critiques sur l&#039;organisation\" \/>\n<meta property=\"og:description\" content=\"Claude Atcher, ancien directeur g\u00e9n\u00e9ral du GIP France 2023, a r\u00e9cemment pris la parole pour d\u00e9fendre son bilan et contester les accusations formul\u00e9es \u00e0\u2026\" \/>\n<meta property=\"og:url\" content=\"https:\/\/sport-index.fr\/blog\/a-la-une\/claude-atcher-face-aux-critiques-sur-lorganisation-de-la-coupe-du-monde-2023-en-france\/\" \/>\n<meta property=\"og:site_name\" content=\"sport-index\" \/>\n<meta name=\"author\" content=\"Axel Lauzier\" \/>\n<meta name=\"twitter:card\" content=\"summary_large_image\" \/>\n<script type=\"application\/ld+json\" class=\"yoast-schema-graph\">{\"@context\":\"https:\/\/schema.org\",\"@graph\":[{\"@type\":\"NewsArticle\",\"@id\":\"https:\/\/sport-index.fr\/blog\/a-la-une\/claude-atcher-face-aux-critiques-sur-lorganisation-de-la-coupe-du-monde-2023-en-france\/#article\",\"isPartOf\":{\"@id\":\"https:\/\/sport-index.fr\/blog\/a-la-une\/claude-atcher-face-aux-critiques-sur-lorganisation-de-la-coupe-du-monde-2023-en-france\/\"},\"author\":{\"name\":\"Axel Lauzier\",\"@id\":\"https:\/\/sport-index.fr\/blog\/#\/schema\/person\/3c864cdc320801e3db34b663e7e3f816\"},\"headline\":\"Claude Atcher face aux critiques sur l&rsquo;organisation de la coupe du monde 2023 en France\",\"datePublished\":\"2025-04-08T12:45:31+00:00\",\"mainEntityOfPage\":{\"@id\":\"https:\/\/sport-index.fr\/blog\/a-la-une\/claude-atcher-face-aux-critiques-sur-lorganisation-de-la-coupe-du-monde-2023-en-france\/\"},\"wordCount\":822,\"commentCount\":27,\"publisher\":{\"@id\":\"https:\/\/sport-index.fr\/blog\/#organization\"},\"image\":{\"@id\":\"https:\/\/sport-index.fr\/blog\/a-la-une\/claude-atcher-face-aux-critiques-sur-lorganisation-de-la-coupe-du-monde-2023-en-france\/#primaryimage\"},\"thumbnailUrl\":\"https:\/\/sport-index.fr\/blog\/wp-content\/uploads\/2025\/05\/sdxl-3b8ae0bc33c9faf2bd9abf53e1c7400b-scaled.png\",\"keywords\":[\"Coupe du Monde de Rugby\",\"Gestion des Talents\",\"Performance sportive\",\"Projet Sportif\",\"XV de France\"],\"articleSection\":[\"\u00c0 la une\"],\"inLanguage\":\"fr-FR\",\"potentialAction\":[{\"@type\":\"CommentAction\",\"name\":\"Comment\",\"target\":[\"https:\/\/sport-index.fr\/blog\/a-la-une\/claude-atcher-face-aux-critiques-sur-lorganisation-de-la-coupe-du-monde-2023-en-france\/#respond\"]}]},{\"@type\":\"WebPage\",\"@id\":\"https:\/\/sport-index.fr\/blog\/a-la-une\/claude-atcher-face-aux-critiques-sur-lorganisation-de-la-coupe-du-monde-2023-en-france\/\",\"url\":\"https:\/\/sport-index.fr\/blog\/a-la-une\/claude-atcher-face-aux-critiques-sur-lorganisation-de-la-coupe-du-monde-2023-en-france\/\",\"name\":\"Claude Atcher face aux critiques sur l'organisation\",\"isPartOf\":{\"@id\":\"https:\/\/sport-index.fr\/blog\/#website\"},\"primaryImageOfPage\":{\"@id\":\"https:\/\/sport-index.fr\/blog\/a-la-une\/claude-atcher-face-aux-critiques-sur-lorganisation-de-la-coupe-du-monde-2023-en-france\/#primaryimage\"},\"image\":{\"@id\":\"https:\/\/sport-index.fr\/blog\/a-la-une\/claude-atcher-face-aux-critiques-sur-lorganisation-de-la-coupe-du-monde-2023-en-france\/#primaryimage\"},\"thumbnailUrl\":\"https:\/\/sport-index.fr\/blog\/wp-content\/uploads\/2025\/05\/sdxl-3b8ae0bc33c9faf2bd9abf53e1c7400b-scaled.png\",\"datePublished\":\"2025-04-08T12:45:31+00:00\",\"description\":\"Claude Atcher, ancien directeur g\u00e9n\u00e9ral du GIP France 2023, a r\u00e9cemment pris la parole pour d\u00e9fendre son bilan et contester les accusations formul\u00e9es \u00e0\u2026\",\"inLanguage\":\"fr-FR\",\"potentialAction\":[{\"@type\":\"ReadAction\",\"target\":[\"https:\/\/sport-index.fr\/blog\/a-la-une\/claude-atcher-face-aux-critiques-sur-lorganisation-de-la-coupe-du-monde-2023-en-france\/\"]}]},{\"@type\":\"ImageObject\",\"inLanguage\":\"fr-FR\",\"@id\":\"https:\/\/sport-index.fr\/blog\/a-la-une\/claude-atcher-face-aux-critiques-sur-lorganisation-de-la-coupe-du-monde-2023-en-france\/#primaryimage\",\"url\":\"https:\/\/sport-index.fr\/blog\/wp-content\/uploads\/2025\/05\/sdxl-3b8ae0bc33c9faf2bd9abf53e1c7400b-scaled.png\",\"contentUrl\":\"https:\/\/sport-index.fr\/blog\/wp-content\/uploads\/2025\/05\/sdxl-3b8ae0bc33c9faf2bd9abf53e1c7400b-scaled.png\",\"width\":1200,\"height\":500},{\"@type\":\"WebSite\",\"@id\":\"https:\/\/sport-index.fr\/blog\/#website\",\"url\":\"https:\/\/sport-index.fr\/blog\/\",\"name\":\"sport-index.fr\",\"description\":\"Le score de l\u2019analyse sportive.\",\"publisher\":{\"@id\":\"https:\/\/sport-index.fr\/blog\/#organization\"},\"alternateName\":\"Le score de l\u2019analyse sportive.\",\"potentialAction\":[{\"@type\":\"SearchAction\",\"target\":{\"@type\":\"EntryPoint\",\"urlTemplate\":\"https:\/\/sport-index.fr\/blog\/?s={search_term_string}\"},\"query-input\":{\"@type\":\"PropertyValueSpecification\",\"valueRequired\":true,\"valueName\":\"search_term_string\"}}],\"inLanguage\":\"fr-FR\"},{\"@type\":\"Organization\",\"@id\":\"https:\/\/sport-index.fr\/blog\/#organization\",\"name\":\"Foretsensations.fr\",\"url\":\"https:\/\/sport-index.fr\/blog\/\",\"logo\":{\"@type\":\"ImageObject\",\"inLanguage\":\"fr-FR\",\"@id\":\"https:\/\/sport-index.fr\/blog\/#\/schema\/logo\/image\/\",\"url\":\"https:\/\/sport-index.fr\/blog\/wp-content\/uploads\/2026\/07\/logo-auto.png\",\"contentUrl\":\"https:\/\/sport-index.fr\/blog\/wp-content\/uploads\/2026\/07\/logo-auto.png\",\"width\":1024,\"height\":1024,\"caption\":\"Foretsensations.fr\"},\"image\":{\"@id\":\"https:\/\/sport-index.fr\/blog\/#\/schema\/logo\/image\/\"}},{\"@type\":\"Person\",\"@id\":\"https:\/\/sport-index.fr\/blog\/#\/schema\/person\/3c864cdc320801e3db34b663e7e3f816\",\"name\":\"Axel Lauzier\",\"image\":{\"@type\":\"ImageObject\",\"inLanguage\":\"fr-FR\",\"@id\":\"https:\/\/sport-index.fr\/blog\/#\/schema\/person\/image\/\",\"url\":\"https:\/\/sport-index.fr\/blog\/wp-content\/uploads\/2026\/06\/persona_axel-l-96x96.jpg\",\"contentUrl\":\"https:\/\/sport-index.fr\/blog\/wp-content\/uploads\/2026\/06\/persona_axel-l-96x96.jpg\",\"caption\":\"Axel Lauzier\"},\"description\":\"Le sport rythme mon quotidien depuis l'enfance, et j'en ai fait mon m\u00e9tier d'analyste r\u00e9dactionnel il y a une dizaine d'ann\u00e9es. Je couvre principalement le football, son actualit\u00e9, ses transferts et l'analyse tactique des grandes affiches, mais aussi les disciplines plus confidentielles que j'aime remettre en lumi\u00e8re. Une partie de mon travail porte sur les pronostics et la lecture statistique d'un match : forme des \u00e9quipes, historique des confrontations, compositions, sans jamais vendre de fausse certitude. Je rappelle syst\u00e9matiquement que parier comporte un risque et doit rester un loisir ma\u00eetris\u00e9. Avant de signer une analyse, je v\u00e9rifie mes chiffres, je recoupe les compositions probables et je distingue toujours la donn\u00e9e brute de l'intuition. Mon objectif : offrir une lecture honn\u00eate et argument\u00e9e, pas un ticket gagnant garanti.\",\"sameAs\":[\"https:\/\/axellauzier.fr\/\"],\"url\":\"https:\/\/sport-index.fr\/blog\/auteur\/noname\/\"}]}<\/script>\n<!-- \/ Yoast SEO Premium plugin. -->","yoast_head_json":{"title":"Claude Atcher face aux critiques sur l'organisation","description":"Claude Atcher, ancien directeur g\u00e9n\u00e9ral du GIP France 2023, a r\u00e9cemment pris la parole pour d\u00e9fendre son bilan et contester les accusations formul\u00e9es \u00e0\u2026","robots":{"index":"index","follow":"follow","max-snippet":"max-snippet:-1","max-image-preview":"max-image-preview:large","max-video-preview":"max-video-preview:-1"},"canonical":"https:\/\/sport-index.fr\/blog\/a-la-une\/claude-atcher-face-aux-critiques-sur-lorganisation-de-la-coupe-du-monde-2023-en-france\/","og_locale":"fr_FR","og_type":"article","og_title":"Claude Atcher face aux critiques sur l'organisation","og_description":"Claude Atcher, ancien directeur g\u00e9n\u00e9ral du GIP France 2023, a r\u00e9cemment pris la parole pour d\u00e9fendre son bilan et contester les accusations formul\u00e9es \u00e0\u2026","og_url":"https:\/\/sport-index.fr\/blog\/a-la-une\/claude-atcher-face-aux-critiques-sur-lorganisation-de-la-coupe-du-monde-2023-en-france\/","og_site_name":"sport-index","author":"Axel Lauzier","twitter_card":"summary_large_image","schema":{"@context":"https:\/\/schema.org","@graph":[{"@type":"NewsArticle","@id":"https:\/\/sport-index.fr\/blog\/a-la-une\/claude-atcher-face-aux-critiques-sur-lorganisation-de-la-coupe-du-monde-2023-en-france\/#article","isPartOf":{"@id":"https:\/\/sport-index.fr\/blog\/a-la-une\/claude-atcher-face-aux-critiques-sur-lorganisation-de-la-coupe-du-monde-2023-en-france\/"},"author":{"name":"Axel Lauzier","@id":"https:\/\/sport-index.fr\/blog\/#\/schema\/person\/3c864cdc320801e3db34b663e7e3f816"},"headline":"Claude Atcher face aux critiques sur l&rsquo;organisation de la coupe du monde 2023 en France","datePublished":"2025-04-08T12:45:31+00:00","mainEntityOfPage":{"@id":"https:\/\/sport-index.fr\/blog\/a-la-une\/claude-atcher-face-aux-critiques-sur-lorganisation-de-la-coupe-du-monde-2023-en-france\/"},"wordCount":822,"commentCount":27,"publisher":{"@id":"https:\/\/sport-index.fr\/blog\/#organization"},"image":{"@id":"https:\/\/sport-index.fr\/blog\/a-la-une\/claude-atcher-face-aux-critiques-sur-lorganisation-de-la-coupe-du-monde-2023-en-france\/#primaryimage"},"thumbnailUrl":"https:\/\/sport-index.fr\/blog\/wp-content\/uploads\/2025\/05\/sdxl-3b8ae0bc33c9faf2bd9abf53e1c7400b-scaled.png","keywords":["Coupe du Monde de Rugby","Gestion des Talents","Performance sportive","Projet Sportif","XV de France"],"articleSection":["\u00c0 la une"],"inLanguage":"fr-FR","potentialAction":[{"@type":"CommentAction","name":"Comment","target":["https:\/\/sport-index.fr\/blog\/a-la-une\/claude-atcher-face-aux-critiques-sur-lorganisation-de-la-coupe-du-monde-2023-en-france\/#respond"]}]},{"@type":"WebPage","@id":"https:\/\/sport-index.fr\/blog\/a-la-une\/claude-atcher-face-aux-critiques-sur-lorganisation-de-la-coupe-du-monde-2023-en-france\/","url":"https:\/\/sport-index.fr\/blog\/a-la-une\/claude-atcher-face-aux-critiques-sur-lorganisation-de-la-coupe-du-monde-2023-en-france\/","name":"Claude Atcher face aux critiques sur l'organisation","isPartOf":{"@id":"https:\/\/sport-index.fr\/blog\/#website"},"primaryImageOfPage":{"@id":"https:\/\/sport-index.fr\/blog\/a-la-une\/claude-atcher-face-aux-critiques-sur-lorganisation-de-la-coupe-du-monde-2023-en-france\/#primaryimage"},"image":{"@id":"https:\/\/sport-index.fr\/blog\/a-la-une\/claude-atcher-face-aux-critiques-sur-lorganisation-de-la-coupe-du-monde-2023-en-france\/#primaryimage"},"thumbnailUrl":"https:\/\/sport-index.fr\/blog\/wp-content\/uploads\/2025\/05\/sdxl-3b8ae0bc33c9faf2bd9abf53e1c7400b-scaled.png","datePublished":"2025-04-08T12:45:31+00:00","description":"Claude Atcher, ancien directeur g\u00e9n\u00e9ral du GIP France 2023, a r\u00e9cemment pris la parole pour d\u00e9fendre son bilan et contester les accusations formul\u00e9es \u00e0\u2026","inLanguage":"fr-FR","potentialAction":[{"@type":"ReadAction","target":["https:\/\/sport-index.fr\/blog\/a-la-une\/claude-atcher-face-aux-critiques-sur-lorganisation-de-la-coupe-du-monde-2023-en-france\/"]}]},{"@type":"ImageObject","inLanguage":"fr-FR","@id":"https:\/\/sport-index.fr\/blog\/a-la-une\/claude-atcher-face-aux-critiques-sur-lorganisation-de-la-coupe-du-monde-2023-en-france\/#primaryimage","url":"https:\/\/sport-index.fr\/blog\/wp-content\/uploads\/2025\/05\/sdxl-3b8ae0bc33c9faf2bd9abf53e1c7400b-scaled.png","contentUrl":"https:\/\/sport-index.fr\/blog\/wp-content\/uploads\/2025\/05\/sdxl-3b8ae0bc33c9faf2bd9abf53e1c7400b-scaled.png","width":1200,"height":500},{"@type":"WebSite","@id":"https:\/\/sport-index.fr\/blog\/#website","url":"https:\/\/sport-index.fr\/blog\/","name":"sport-index.fr","description":"Le score de l\u2019analyse sportive.","publisher":{"@id":"https:\/\/sport-index.fr\/blog\/#organization"},"alternateName":"Le score de l\u2019analyse sportive.","potentialAction":[{"@type":"SearchAction","target":{"@type":"EntryPoint","urlTemplate":"https:\/\/sport-index.fr\/blog\/?s={search_term_string}"},"query-input":{"@type":"PropertyValueSpecification","valueRequired":true,"valueName":"search_term_string"}}],"inLanguage":"fr-FR"},{"@type":"Organization","@id":"https:\/\/sport-index.fr\/blog\/#organization","name":"Foretsensations.fr","url":"https:\/\/sport-index.fr\/blog\/","logo":{"@type":"ImageObject","inLanguage":"fr-FR","@id":"https:\/\/sport-index.fr\/blog\/#\/schema\/logo\/image\/","url":"https:\/\/sport-index.fr\/blog\/wp-content\/uploads\/2026\/07\/logo-auto.png","contentUrl":"https:\/\/sport-index.fr\/blog\/wp-content\/uploads\/2026\/07\/logo-auto.png","width":1024,"height":1024,"caption":"Foretsensations.fr"},"image":{"@id":"https:\/\/sport-index.fr\/blog\/#\/schema\/logo\/image\/"}},{"@type":"Person","@id":"https:\/\/sport-index.fr\/blog\/#\/schema\/person\/3c864cdc320801e3db34b663e7e3f816","name":"Axel Lauzier","image":{"@type":"ImageObject","inLanguage":"fr-FR","@id":"https:\/\/sport-index.fr\/blog\/#\/schema\/person\/image\/","url":"https:\/\/sport-index.fr\/blog\/wp-content\/uploads\/2026\/06\/persona_axel-l-96x96.jpg","contentUrl":"https:\/\/sport-index.fr\/blog\/wp-content\/uploads\/2026\/06\/persona_axel-l-96x96.jpg","caption":"Axel Lauzier"},"description":"Le sport rythme mon quotidien depuis l'enfance, et j'en ai fait mon m\u00e9tier d'analyste r\u00e9dactionnel il y a une dizaine d'ann\u00e9es. Je couvre principalement le football, son actualit\u00e9, ses transferts et l'analyse tactique des grandes affiches, mais aussi les disciplines plus confidentielles que j'aime remettre en lumi\u00e8re. Une partie de mon travail porte sur les pronostics et la lecture statistique d'un match : forme des \u00e9quipes, historique des confrontations, compositions, sans jamais vendre de fausse certitude. Je rappelle syst\u00e9matiquement que parier comporte un risque et doit rester un loisir ma\u00eetris\u00e9. Avant de signer une analyse, je v\u00e9rifie mes chiffres, je recoupe les compositions probables et je distingue toujours la donn\u00e9e brute de l'intuition. Mon objectif : offrir une lecture honn\u00eate et argument\u00e9e, pas un ticket gagnant garanti.","sameAs":["https:\/\/axellauzier.fr\/"],"url":"https:\/\/sport-index.fr\/blog\/auteur\/noname\/"}]}},"_links":{"self":[{"href":"https:\/\/sport-index.fr\/blog\/wp-json\/wp\/v2\/posts\/13399","targetHints":{"allow":["GET"]}}],"collection":[{"href":"https:\/\/sport-index.fr\/blog\/wp-json\/wp\/v2\/posts"}],"about":[{"href":"https:\/\/sport-index.fr\/blog\/wp-json\/wp\/v2\/types\/post"}],"author":[{"embeddable":true,"href":"https:\/\/sport-index.fr\/blog\/wp-json\/wp\/v2\/users\/34"}],"replies":[{"embeddable":true,"href":"https:\/\/sport-index.fr\/blog\/wp-json\/wp\/v2\/comments?post=13399"}],"version-history":[{"count":1,"href":"https:\/\/sport-index.fr\/blog\/wp-json\/wp\/v2\/posts\/13399\/revisions"}],"predecessor-version":[{"id":13403,"href":"https:\/\/sport-index.fr\/blog\/wp-json\/wp\/v2\/posts\/13399\/revisions\/13403"}],"wp:featuredmedia":[{"embeddable":true,"href":"https:\/\/sport-index.fr\/blog\/wp-json\/wp\/v2\/media\/16254"}],"wp:attachment":[{"href":"https:\/\/sport-index.fr\/blog\/wp-json\/wp\/v2\/media?parent=13399"}],"wp:term":[{"taxonomy":"category","embeddable":true,"href":"https:\/\/sport-index.fr\/blog\/wp-json\/wp\/v2\/categories?post=13399"},{"taxonomy":"post_tag","embeddable":true,"href":"https:\/\/sport-index.fr\/blog\/wp-json\/wp\/v2\/tags?post=13399"}],"curies":[{"name":"wp","href":"https:\/\/api.w.org\/{rel}","templated":true}]}}