{"id":13455,"date":"2025-04-09T23:02:57","date_gmt":"2025-04-09T21:02:57","guid":{"rendered":"https:\/\/sport-index.fr\/blog\/?p=13455"},"modified":"2025-04-09T19:01:59","modified_gmt":"2025-04-09T17:01:59","slug":"pro-d2-jean-marcellin-buttin-raconte-son-long-chemin-vers-le-retour-apres-une-blessure","status":"publish","type":"post","link":"https:\/\/sport-index.fr\/blog\/a-la-une\/pro-d2-jean-marcellin-buttin-raconte-son-long-chemin-vers-le-retour-apres-une-blessure\/","title":{"rendered":"Pro D2 : Jean-Marcellin Buttin raconte son long chemin vers le retour apr\u00e8s une blessure"},"content":{"rendered":"<h2>Un retour d\u00e9licat apr\u00e8s une blessure s\u00e9rieuse<\/h2>\n<p>Jean-Marcellin Buttin, joueur embl\u00e9matique du SU Agen, a v\u00e9cu une saison marqu\u00e9e par une blessure qui l\u2019a tenu \u00e9loign\u00e9 des terrains pendant six mois. Une b\u00e9quille re\u00e7ue lors d&rsquo;un match contre Valence-Romans a n\u00e9cessit\u00e9 une intervention chirurgicale, rendant son retour \u00e0 la comp\u00e9tition plus compliqu\u00e9 que pr\u00e9vu. \u00ab\u00a0On prend des b\u00e9quilles tous les week-ends, mais celle-ci m\u2019a co\u00fbt\u00e9 six mois\u00a0\u00bb, a-t-il confi\u00e9, soulignant la gravit\u00e9 de son \u00e9tat.<\/p>\n<p>Ce type de blessure, bien que courant dans le monde du rugby, peut parfois avoir des cons\u00e9quences inattendues. Pour Buttin, ce fut une p\u00e9riode d&rsquo;attente et de r\u00e9\u00e9ducation, marqu\u00e9e par de nombreuses \u00e9tapes \u00e0 franchir. Il a su garder le contact avec son \u00e9quipe, participant aux s\u00e9ances vid\u00e9os et aux entra\u00eenements, une mani\u00e8re de rester impliqu\u00e9 malgr\u00e9 son incapacit\u00e9 \u00e0 jouer.<\/p>\n<h2>La force mentale face \u00e0 l&rsquo;adversit\u00e9<\/h2>\n<p>Le chemin de la r\u00e9habilitation n&rsquo;est jamais facile, surtout lorsque l&rsquo;on est confront\u00e9 \u00e0 un long arr\u00eat. Buttin a fait preuve d&rsquo;une r\u00e9silience remarquable, conscient que chaque jour pass\u00e9 sans jouer \u00e9tait un jour de plus \u00e0 patienter. \u00ab\u00a0Je savais que j\u2019allais revenir un jour ou l\u2019autre\u00a0\u00bb, a-t-il partag\u00e9, mettant en avant la n\u00e9cessit\u00e9 de ne pas br\u00fbler les \u00e9tapes pour \u00e9viter de nouvelles blessures.<\/p>\n<p>Mentalement, ces mois ont \u00e9t\u00e9 une \u00e9preuve. S&rsquo;il a d\u00fb faire face \u00e0 des moments de solitude, notamment lors de sa r\u00e9\u00e9ducation au CERS, il a aussi trouv\u00e9 du soutien au sein de son groupe. Rester proche de ses co\u00e9quipiers a \u00e9t\u00e9 essentiel pour son moral, lui permettant de garder une connexion avec le jeu et l&rsquo;esprit d&rsquo;\u00e9quipe qui le caract\u00e9rise.<\/p>\n<h2>Un avenir incertain mais plein de promesses<\/h2>\n<p>Alors qu&rsquo;il s&rsquo;appr\u00eate \u00e0 quitter le SU Agen, Buttin r\u00e9fl\u00e9chit \u00e0 son avenir dans le rugby. Bien qu&rsquo;il n&rsquo;ait pas encore de projets concrets, il manifeste une volont\u00e9 de continuer \u00e0 jouer, tout en envisaging diff\u00e9rentes options. \u00ab\u00a0J&rsquo;ai plusieurs options. J&rsquo;attends de voir un petit peu si ce sera sur le terrain ou en dehors du terrain\u00a0\u00bb, a-t-il d\u00e9clar\u00e9, laissant entrevoir un avenir toujours li\u00e9 \u00e0 sa passion pour le rugby.<\/p>\n<p>En parall\u00e8le, Buttin d\u00e9veloppe un projet de reconversion avec son fr\u00e8re, cr\u00e9ant des troph\u00e9es et des boucliers en bois personnalisables. Cette entreprise, alliant artisanat et passion familiale, lui permet de se projeter au-del\u00e0 de sa carri\u00e8re sportive. \u00ab\u00a0Le faire avec son fr\u00e8re, c\u2019est un vrai plus\u00a0\u00bb, a-t-il ajout\u00e9, mettant en avant l&rsquo;importance des liens familiaux dans sa vie.<\/p>\n<ul>\n<li>Jean-Marcellin Buttin a subi une intervention chirurgicale suite \u00e0 une b\u00e9quille.<\/li>\n<li>Il a maintenu le contact avec son \u00e9quipe durant sa r\u00e9habilitation.<\/li>\n<li>Buttin envisage un avenir dans le rugby tout en d\u00e9veloppant un projet de reconversion.<\/li>\n<li>Il cr\u00e9e des troph\u00e9es en bois personnalis\u00e9s avec son fr\u00e8re.<\/li>\n<li>La r\u00e9silience de l&rsquo;\u00e9quipe du SU Agen a \u00e9t\u00e9 un fil conducteur durant sa carri\u00e8re.<\/li>\n<\/ul>\n<blockquote>\n<\/blockquote>\n<p>Les deux derni\u00e8res victoires du SU Agen, dont Buttin a fait partie, t\u00e9moignent d&rsquo;une dynamique positive au sein de l&rsquo;\u00e9quipe. Apr\u00e8s une p\u00e9riode difficile, ces succ\u00e8s sont essentiels pour la confiance du groupe. \u00ab\u00a0Ces points, si on les avait aujourd\u2019hui, on n\u2019en serait pas l\u00e0\u00a0\u00bb, souligne-t-il, insistant sur l&rsquo;importance de chaque match \u00e0 venir.<\/p>\n<p>Le prochain affrontement contre Brive s&rsquo;annonce d\u00e9cisif. Buttin et son \u00e9quipe devront redoubler d&rsquo;efforts pour se mesurer \u00e0 un adversaire en forme. \u00ab\u00a0Normalement, il n\u2019y a pas besoin de parler pendant des heures pour \u00eatre motiv\u00e9\u00a0\u00bb, a-t-il affirm\u00e9, pr\u00eat \u00e0 relever le d\u00e9fi avec d\u00e9termination.<\/p>\n<p>Au terme de cette saison, Buttin quittera Agen, mais il laisse derri\u00e8re lui une empreinte ind\u00e9l\u00e9bile. Avec une carri\u00e8re riche en \u00e9motions et des projets d&rsquo;avenir, il se projette dans un nouveau chapitre, tout en gardant \u00e0 l&rsquo;esprit les le\u00e7ons apprises sur le terrain. Son parcours incarne la passion et la r\u00e9silience, des valeurs essentielles dans le monde du rugby.<\/p>\n","protected":false},"excerpt":{"rendered":"","protected":false},"author":34,"featured_media":15796,"comment_status":"open","ping_status":"open","sticky":false,"template":"","format":"standard","meta":{"_acf_changed":false,"manual_indexmenow":false,"indexmenow_id_project":0,"footnotes":""},"categories":[1],"tags":[4544,4561,4632,4885,4408],"class_list":["post-13455","post","type-post","status-publish","format-standard","has-post-thumbnail","hentry","category-a-la-une","tag-equipe","tag-gestion-des-talents","tag-performance-sportive","tag-preparation-mentale","tag-resilience","generate-columns","tablet-grid-50","mobile-grid-100","grid-parent","grid-25"],"acf":[],"yoast_head":"<!-- This site is optimized with the Yoast SEO Premium plugin v21.3 (Yoast SEO v26.5) - https:\/\/yoast.com\/wordpress\/plugins\/seo\/ -->\n<title>Pro D2 : Jean-Marcellin Buttin raconte son long chemin vers<\/title>\n<meta name=\"description\" content=\"Un retour d\u00e9licat apr\u00e8s une blessure s\u00e9rieuse Jean-Marcellin Buttin, joueur embl\u00e9matique du SU Agen, a v\u00e9cu une saison marqu\u00e9e par une blessure qui l\u2019a\u2026\" \/>\n<meta name=\"robots\" content=\"index, follow, max-snippet:-1, max-image-preview:large, max-video-preview:-1\" \/>\n<link rel=\"canonical\" href=\"https:\/\/sport-index.fr\/blog\/a-la-une\/pro-d2-jean-marcellin-buttin-raconte-son-long-chemin-vers-le-retour-apres-une-blessure\/\" \/>\n<meta property=\"og:locale\" content=\"fr_FR\" \/>\n<meta property=\"og:type\" content=\"article\" \/>\n<meta property=\"og:title\" content=\"Pro D2 : Jean-Marcellin Buttin raconte son long chemin vers\" \/>\n<meta property=\"og:description\" content=\"Un retour d\u00e9licat apr\u00e8s une blessure s\u00e9rieuse Jean-Marcellin Buttin, joueur embl\u00e9matique du SU Agen, a v\u00e9cu une saison marqu\u00e9e par une blessure qui l\u2019a\u2026\" \/>\n<meta property=\"og:url\" content=\"https:\/\/sport-index.fr\/blog\/a-la-une\/pro-d2-jean-marcellin-buttin-raconte-son-long-chemin-vers-le-retour-apres-une-blessure\/\" \/>\n<meta property=\"og:site_name\" content=\"sport-index\" \/>\n<meta name=\"author\" content=\"Axel Lauzier\" \/>\n<meta name=\"twitter:card\" content=\"summary_large_image\" \/>\n<script type=\"application\/ld+json\" class=\"yoast-schema-graph\">{\"@context\":\"https:\/\/schema.org\",\"@graph\":[{\"@type\":\"NewsArticle\",\"@id\":\"https:\/\/sport-index.fr\/blog\/a-la-une\/pro-d2-jean-marcellin-buttin-raconte-son-long-chemin-vers-le-retour-apres-une-blessure\/#article\",\"isPartOf\":{\"@id\":\"https:\/\/sport-index.fr\/blog\/a-la-une\/pro-d2-jean-marcellin-buttin-raconte-son-long-chemin-vers-le-retour-apres-une-blessure\/\"},\"author\":{\"name\":\"Axel Lauzier\",\"@id\":\"https:\/\/sport-index.fr\/blog\/#\/schema\/person\/3c864cdc320801e3db34b663e7e3f816\"},\"headline\":\"Pro D2 : Jean-Marcellin Buttin raconte son long chemin vers le retour apr\u00e8s une blessure\",\"datePublished\":\"2025-04-09T21:02:57+00:00\",\"mainEntityOfPage\":{\"@id\":\"https:\/\/sport-index.fr\/blog\/a-la-une\/pro-d2-jean-marcellin-buttin-raconte-son-long-chemin-vers-le-retour-apres-une-blessure\/\"},\"wordCount\":720,\"commentCount\":16,\"publisher\":{\"@id\":\"https:\/\/sport-index.fr\/blog\/#organization\"},\"image\":{\"@id\":\"https:\/\/sport-index.fr\/blog\/a-la-une\/pro-d2-jean-marcellin-buttin-raconte-son-long-chemin-vers-le-retour-apres-une-blessure\/#primaryimage\"},\"thumbnailUrl\":\"https:\/\/sport-index.fr\/blog\/wp-content\/uploads\/2025\/05\/sdxl-0eec7e6181608b22fbf53b59109ee3ef-scaled.png\",\"keywords\":[\"\u00c9quipe\",\"Gestion des Talents\",\"Performance sportive\",\"Pr\u00e9paration Mentale\",\"R\u00e9silience\"],\"articleSection\":[\"\u00c0 la une\"],\"inLanguage\":\"fr-FR\",\"potentialAction\":[{\"@type\":\"CommentAction\",\"name\":\"Comment\",\"target\":[\"https:\/\/sport-index.fr\/blog\/a-la-une\/pro-d2-jean-marcellin-buttin-raconte-son-long-chemin-vers-le-retour-apres-une-blessure\/#respond\"]}]},{\"@type\":\"WebPage\",\"@id\":\"https:\/\/sport-index.fr\/blog\/a-la-une\/pro-d2-jean-marcellin-buttin-raconte-son-long-chemin-vers-le-retour-apres-une-blessure\/\",\"url\":\"https:\/\/sport-index.fr\/blog\/a-la-une\/pro-d2-jean-marcellin-buttin-raconte-son-long-chemin-vers-le-retour-apres-une-blessure\/\",\"name\":\"Pro D2 : Jean-Marcellin Buttin raconte son long chemin vers\",\"isPartOf\":{\"@id\":\"https:\/\/sport-index.fr\/blog\/#website\"},\"primaryImageOfPage\":{\"@id\":\"https:\/\/sport-index.fr\/blog\/a-la-une\/pro-d2-jean-marcellin-buttin-raconte-son-long-chemin-vers-le-retour-apres-une-blessure\/#primaryimage\"},\"image\":{\"@id\":\"https:\/\/sport-index.fr\/blog\/a-la-une\/pro-d2-jean-marcellin-buttin-raconte-son-long-chemin-vers-le-retour-apres-une-blessure\/#primaryimage\"},\"thumbnailUrl\":\"https:\/\/sport-index.fr\/blog\/wp-content\/uploads\/2025\/05\/sdxl-0eec7e6181608b22fbf53b59109ee3ef-scaled.png\",\"datePublished\":\"2025-04-09T21:02:57+00:00\",\"description\":\"Un retour d\u00e9licat apr\u00e8s une blessure s\u00e9rieuse Jean-Marcellin Buttin, joueur embl\u00e9matique du SU Agen, a v\u00e9cu une saison marqu\u00e9e par une blessure qui l\u2019a\u2026\",\"inLanguage\":\"fr-FR\",\"potentialAction\":[{\"@type\":\"ReadAction\",\"target\":[\"https:\/\/sport-index.fr\/blog\/a-la-une\/pro-d2-jean-marcellin-buttin-raconte-son-long-chemin-vers-le-retour-apres-une-blessure\/\"]}]},{\"@type\":\"ImageObject\",\"inLanguage\":\"fr-FR\",\"@id\":\"https:\/\/sport-index.fr\/blog\/a-la-une\/pro-d2-jean-marcellin-buttin-raconte-son-long-chemin-vers-le-retour-apres-une-blessure\/#primaryimage\",\"url\":\"https:\/\/sport-index.fr\/blog\/wp-content\/uploads\/2025\/05\/sdxl-0eec7e6181608b22fbf53b59109ee3ef-scaled.png\",\"contentUrl\":\"https:\/\/sport-index.fr\/blog\/wp-content\/uploads\/2025\/05\/sdxl-0eec7e6181608b22fbf53b59109ee3ef-scaled.png\",\"width\":1200,\"height\":500},{\"@type\":\"WebSite\",\"@id\":\"https:\/\/sport-index.fr\/blog\/#website\",\"url\":\"https:\/\/sport-index.fr\/blog\/\",\"name\":\"sport-index.fr\",\"description\":\"Le score de l\u2019analyse sportive.\",\"publisher\":{\"@id\":\"https:\/\/sport-index.fr\/blog\/#organization\"},\"alternateName\":\"Le score de l\u2019analyse sportive.\",\"potentialAction\":[{\"@type\":\"SearchAction\",\"target\":{\"@type\":\"EntryPoint\",\"urlTemplate\":\"https:\/\/sport-index.fr\/blog\/?s={search_term_string}\"},\"query-input\":{\"@type\":\"PropertyValueSpecification\",\"valueRequired\":true,\"valueName\":\"search_term_string\"}}],\"inLanguage\":\"fr-FR\"},{\"@type\":\"Organization\",\"@id\":\"https:\/\/sport-index.fr\/blog\/#organization\",\"name\":\"Foretsensations.fr\",\"url\":\"https:\/\/sport-index.fr\/blog\/\",\"logo\":{\"@type\":\"ImageObject\",\"inLanguage\":\"fr-FR\",\"@id\":\"https:\/\/sport-index.fr\/blog\/#\/schema\/logo\/image\/\",\"url\":\"https:\/\/sport-index.fr\/blog\/wp-content\/uploads\/2026\/07\/logo-auto.png\",\"contentUrl\":\"https:\/\/sport-index.fr\/blog\/wp-content\/uploads\/2026\/07\/logo-auto.png\",\"width\":1024,\"height\":1024,\"caption\":\"Foretsensations.fr\"},\"image\":{\"@id\":\"https:\/\/sport-index.fr\/blog\/#\/schema\/logo\/image\/\"}},{\"@type\":\"Person\",\"@id\":\"https:\/\/sport-index.fr\/blog\/#\/schema\/person\/3c864cdc320801e3db34b663e7e3f816\",\"name\":\"Axel Lauzier\",\"image\":{\"@type\":\"ImageObject\",\"inLanguage\":\"fr-FR\",\"@id\":\"https:\/\/sport-index.fr\/blog\/#\/schema\/person\/image\/\",\"url\":\"https:\/\/sport-index.fr\/blog\/wp-content\/uploads\/2026\/06\/persona_axel-l-96x96.jpg\",\"contentUrl\":\"https:\/\/sport-index.fr\/blog\/wp-content\/uploads\/2026\/06\/persona_axel-l-96x96.jpg\",\"caption\":\"Axel Lauzier\"},\"description\":\"Le sport rythme mon quotidien depuis l'enfance, et j'en ai fait mon m\u00e9tier d'analyste r\u00e9dactionnel il y a une dizaine d'ann\u00e9es. Je couvre principalement le football, son actualit\u00e9, ses transferts et l'analyse tactique des grandes affiches, mais aussi les disciplines plus confidentielles que j'aime remettre en lumi\u00e8re. Une partie de mon travail porte sur les pronostics et la lecture statistique d'un match : forme des \u00e9quipes, historique des confrontations, compositions, sans jamais vendre de fausse certitude. Je rappelle syst\u00e9matiquement que parier comporte un risque et doit rester un loisir ma\u00eetris\u00e9. Avant de signer une analyse, je v\u00e9rifie mes chiffres, je recoupe les compositions probables et je distingue toujours la donn\u00e9e brute de l'intuition. Mon objectif : offrir une lecture honn\u00eate et argument\u00e9e, pas un ticket gagnant garanti.\",\"sameAs\":[\"https:\/\/axellauzier.fr\/\"],\"url\":\"https:\/\/sport-index.fr\/blog\/auteur\/noname\/\"}]}<\/script>\n<!-- \/ Yoast SEO Premium plugin. -->","yoast_head_json":{"title":"Pro D2 : Jean-Marcellin Buttin raconte son long chemin vers","description":"Un retour d\u00e9licat apr\u00e8s une blessure s\u00e9rieuse Jean-Marcellin Buttin, joueur embl\u00e9matique du SU Agen, a v\u00e9cu une saison marqu\u00e9e par une blessure qui l\u2019a\u2026","robots":{"index":"index","follow":"follow","max-snippet":"max-snippet:-1","max-image-preview":"max-image-preview:large","max-video-preview":"max-video-preview:-1"},"canonical":"https:\/\/sport-index.fr\/blog\/a-la-une\/pro-d2-jean-marcellin-buttin-raconte-son-long-chemin-vers-le-retour-apres-une-blessure\/","og_locale":"fr_FR","og_type":"article","og_title":"Pro D2 : Jean-Marcellin Buttin raconte son long chemin vers","og_description":"Un retour d\u00e9licat apr\u00e8s une blessure s\u00e9rieuse Jean-Marcellin Buttin, joueur embl\u00e9matique du SU Agen, a v\u00e9cu une saison marqu\u00e9e par une blessure qui l\u2019a\u2026","og_url":"https:\/\/sport-index.fr\/blog\/a-la-une\/pro-d2-jean-marcellin-buttin-raconte-son-long-chemin-vers-le-retour-apres-une-blessure\/","og_site_name":"sport-index","author":"Axel Lauzier","twitter_card":"summary_large_image","schema":{"@context":"https:\/\/schema.org","@graph":[{"@type":"NewsArticle","@id":"https:\/\/sport-index.fr\/blog\/a-la-une\/pro-d2-jean-marcellin-buttin-raconte-son-long-chemin-vers-le-retour-apres-une-blessure\/#article","isPartOf":{"@id":"https:\/\/sport-index.fr\/blog\/a-la-une\/pro-d2-jean-marcellin-buttin-raconte-son-long-chemin-vers-le-retour-apres-une-blessure\/"},"author":{"name":"Axel Lauzier","@id":"https:\/\/sport-index.fr\/blog\/#\/schema\/person\/3c864cdc320801e3db34b663e7e3f816"},"headline":"Pro D2 : Jean-Marcellin Buttin raconte son long chemin vers le retour apr\u00e8s une blessure","datePublished":"2025-04-09T21:02:57+00:00","mainEntityOfPage":{"@id":"https:\/\/sport-index.fr\/blog\/a-la-une\/pro-d2-jean-marcellin-buttin-raconte-son-long-chemin-vers-le-retour-apres-une-blessure\/"},"wordCount":720,"commentCount":16,"publisher":{"@id":"https:\/\/sport-index.fr\/blog\/#organization"},"image":{"@id":"https:\/\/sport-index.fr\/blog\/a-la-une\/pro-d2-jean-marcellin-buttin-raconte-son-long-chemin-vers-le-retour-apres-une-blessure\/#primaryimage"},"thumbnailUrl":"https:\/\/sport-index.fr\/blog\/wp-content\/uploads\/2025\/05\/sdxl-0eec7e6181608b22fbf53b59109ee3ef-scaled.png","keywords":["\u00c9quipe","Gestion des Talents","Performance sportive","Pr\u00e9paration Mentale","R\u00e9silience"],"articleSection":["\u00c0 la une"],"inLanguage":"fr-FR","potentialAction":[{"@type":"CommentAction","name":"Comment","target":["https:\/\/sport-index.fr\/blog\/a-la-une\/pro-d2-jean-marcellin-buttin-raconte-son-long-chemin-vers-le-retour-apres-une-blessure\/#respond"]}]},{"@type":"WebPage","@id":"https:\/\/sport-index.fr\/blog\/a-la-une\/pro-d2-jean-marcellin-buttin-raconte-son-long-chemin-vers-le-retour-apres-une-blessure\/","url":"https:\/\/sport-index.fr\/blog\/a-la-une\/pro-d2-jean-marcellin-buttin-raconte-son-long-chemin-vers-le-retour-apres-une-blessure\/","name":"Pro D2 : Jean-Marcellin Buttin raconte son long chemin vers","isPartOf":{"@id":"https:\/\/sport-index.fr\/blog\/#website"},"primaryImageOfPage":{"@id":"https:\/\/sport-index.fr\/blog\/a-la-une\/pro-d2-jean-marcellin-buttin-raconte-son-long-chemin-vers-le-retour-apres-une-blessure\/#primaryimage"},"image":{"@id":"https:\/\/sport-index.fr\/blog\/a-la-une\/pro-d2-jean-marcellin-buttin-raconte-son-long-chemin-vers-le-retour-apres-une-blessure\/#primaryimage"},"thumbnailUrl":"https:\/\/sport-index.fr\/blog\/wp-content\/uploads\/2025\/05\/sdxl-0eec7e6181608b22fbf53b59109ee3ef-scaled.png","datePublished":"2025-04-09T21:02:57+00:00","description":"Un retour d\u00e9licat apr\u00e8s une blessure s\u00e9rieuse Jean-Marcellin Buttin, joueur embl\u00e9matique du SU Agen, a v\u00e9cu une saison marqu\u00e9e par une blessure qui l\u2019a\u2026","inLanguage":"fr-FR","potentialAction":[{"@type":"ReadAction","target":["https:\/\/sport-index.fr\/blog\/a-la-une\/pro-d2-jean-marcellin-buttin-raconte-son-long-chemin-vers-le-retour-apres-une-blessure\/"]}]},{"@type":"ImageObject","inLanguage":"fr-FR","@id":"https:\/\/sport-index.fr\/blog\/a-la-une\/pro-d2-jean-marcellin-buttin-raconte-son-long-chemin-vers-le-retour-apres-une-blessure\/#primaryimage","url":"https:\/\/sport-index.fr\/blog\/wp-content\/uploads\/2025\/05\/sdxl-0eec7e6181608b22fbf53b59109ee3ef-scaled.png","contentUrl":"https:\/\/sport-index.fr\/blog\/wp-content\/uploads\/2025\/05\/sdxl-0eec7e6181608b22fbf53b59109ee3ef-scaled.png","width":1200,"height":500},{"@type":"WebSite","@id":"https:\/\/sport-index.fr\/blog\/#website","url":"https:\/\/sport-index.fr\/blog\/","name":"sport-index.fr","description":"Le score de l\u2019analyse sportive.","publisher":{"@id":"https:\/\/sport-index.fr\/blog\/#organization"},"alternateName":"Le score de l\u2019analyse sportive.","potentialAction":[{"@type":"SearchAction","target":{"@type":"EntryPoint","urlTemplate":"https:\/\/sport-index.fr\/blog\/?s={search_term_string}"},"query-input":{"@type":"PropertyValueSpecification","valueRequired":true,"valueName":"search_term_string"}}],"inLanguage":"fr-FR"},{"@type":"Organization","@id":"https:\/\/sport-index.fr\/blog\/#organization","name":"Foretsensations.fr","url":"https:\/\/sport-index.fr\/blog\/","logo":{"@type":"ImageObject","inLanguage":"fr-FR","@id":"https:\/\/sport-index.fr\/blog\/#\/schema\/logo\/image\/","url":"https:\/\/sport-index.fr\/blog\/wp-content\/uploads\/2026\/07\/logo-auto.png","contentUrl":"https:\/\/sport-index.fr\/blog\/wp-content\/uploads\/2026\/07\/logo-auto.png","width":1024,"height":1024,"caption":"Foretsensations.fr"},"image":{"@id":"https:\/\/sport-index.fr\/blog\/#\/schema\/logo\/image\/"}},{"@type":"Person","@id":"https:\/\/sport-index.fr\/blog\/#\/schema\/person\/3c864cdc320801e3db34b663e7e3f816","name":"Axel Lauzier","image":{"@type":"ImageObject","inLanguage":"fr-FR","@id":"https:\/\/sport-index.fr\/blog\/#\/schema\/person\/image\/","url":"https:\/\/sport-index.fr\/blog\/wp-content\/uploads\/2026\/06\/persona_axel-l-96x96.jpg","contentUrl":"https:\/\/sport-index.fr\/blog\/wp-content\/uploads\/2026\/06\/persona_axel-l-96x96.jpg","caption":"Axel Lauzier"},"description":"Le sport rythme mon quotidien depuis l'enfance, et j'en ai fait mon m\u00e9tier d'analyste r\u00e9dactionnel il y a une dizaine d'ann\u00e9es. Je couvre principalement le football, son actualit\u00e9, ses transferts et l'analyse tactique des grandes affiches, mais aussi les disciplines plus confidentielles que j'aime remettre en lumi\u00e8re. Une partie de mon travail porte sur les pronostics et la lecture statistique d'un match : forme des \u00e9quipes, historique des confrontations, compositions, sans jamais vendre de fausse certitude. Je rappelle syst\u00e9matiquement que parier comporte un risque et doit rester un loisir ma\u00eetris\u00e9. Avant de signer une analyse, je v\u00e9rifie mes chiffres, je recoupe les compositions probables et je distingue toujours la donn\u00e9e brute de l'intuition. Mon objectif : offrir une lecture honn\u00eate et argument\u00e9e, pas un ticket gagnant garanti.","sameAs":["https:\/\/axellauzier.fr\/"],"url":"https:\/\/sport-index.fr\/blog\/auteur\/noname\/"}]}},"_links":{"self":[{"href":"https:\/\/sport-index.fr\/blog\/wp-json\/wp\/v2\/posts\/13455","targetHints":{"allow":["GET"]}}],"collection":[{"href":"https:\/\/sport-index.fr\/blog\/wp-json\/wp\/v2\/posts"}],"about":[{"href":"https:\/\/sport-index.fr\/blog\/wp-json\/wp\/v2\/types\/post"}],"author":[{"embeddable":true,"href":"https:\/\/sport-index.fr\/blog\/wp-json\/wp\/v2\/users\/34"}],"replies":[{"embeddable":true,"href":"https:\/\/sport-index.fr\/blog\/wp-json\/wp\/v2\/comments?post=13455"}],"version-history":[{"count":1,"href":"https:\/\/sport-index.fr\/blog\/wp-json\/wp\/v2\/posts\/13455\/revisions"}],"predecessor-version":[{"id":13467,"href":"https:\/\/sport-index.fr\/blog\/wp-json\/wp\/v2\/posts\/13455\/revisions\/13467"}],"wp:featuredmedia":[{"embeddable":true,"href":"https:\/\/sport-index.fr\/blog\/wp-json\/wp\/v2\/media\/15796"}],"wp:attachment":[{"href":"https:\/\/sport-index.fr\/blog\/wp-json\/wp\/v2\/media?parent=13455"}],"wp:term":[{"taxonomy":"category","embeddable":true,"href":"https:\/\/sport-index.fr\/blog\/wp-json\/wp\/v2\/categories?post=13455"},{"taxonomy":"post_tag","embeddable":true,"href":"https:\/\/sport-index.fr\/blog\/wp-json\/wp\/v2\/tags?post=13455"}],"curies":[{"name":"wp","href":"https:\/\/api.w.org\/{rel}","templated":true}]}}