{"id":13457,"date":"2025-04-09T22:47:09","date_gmt":"2025-04-09T20:47:09","guid":{"rendered":"https:\/\/sport-index.fr\/blog\/?p=13457"},"modified":"2025-04-09T19:34:12","modified_gmt":"2025-04-09T17:34:12","slug":"kylian-jaminet-prolonge-avec-le-biarritz-olympique-jusquen-2028-un-choix-fort-et-determine","status":"publish","type":"post","link":"https:\/\/sport-index.fr\/blog\/a-la-une\/kylian-jaminet-prolonge-avec-le-biarritz-olympique-jusquen-2028-un-choix-fort-et-determine\/","title":{"rendered":"Kylian Jaminet prolonge avec le Biarritz olympique jusqu\u2019en 2028, un choix fort et d\u00e9termin\u00e9"},"content":{"rendered":"<p>Bien qu&rsquo;il f\u00fbt annonc\u00e9 sur le d\u00e9part, le joueur a finalement choisi de s&rsquo;engager davantage avec le club basque, o\u00f9 il a fait ses d\u00e9buts l&rsquo;\u00e9t\u00e9 dernier. Cette d\u00e9cision t\u00e9moigne de son d\u00e9sir de construire un avenir solide au sein de l&rsquo;\u00e9quipe et de contribuer \u00e0 son succ\u00e8s.<\/p>\n<h2>Un avenir prometteur \u00e0 Biarritz<\/h2>\n<p>Kylian Jaminet s&rsquo;est impos\u00e9 comme un joueur cl\u00e9 du Biarritz Olympique depuis son arriv\u00e9e. Son talent sur le terrain, sa r\u00e9gularit\u00e9 et son intelligence de jeu ont \u00e9t\u00e9 des atouts majeurs pour l&rsquo;\u00e9quipe, lui permettant de participer \u00e0 18 rencontres la saison derni\u00e8re.<\/p>\n<p>Dans son communiqu\u00e9, le club a mis en avant ses performances remarquables : \u00ab\u00a0V\u00e9ritable m\u00e9tronome du fond du terrain, il a inscrit deux essais et a souvent pes\u00e9 sur le d\u00e9roulement des matchs gr\u00e2ce \u00e0 son sang-froid et son jeu au pied pr\u00e9cieux.\u00a0\u00bb Ces qualit\u00e9s font de lui un \u00e9l\u00e9ment central dans les ambitions du club \u00e0 moyen terme.<\/p>\n<h2>Un contexte comp\u00e9titif pour le Biarritz olympique<\/h2>\n<p>Cette prolongation de contrat arrive \u00e0 un moment crucial pour le Biarritz Olympique, alors que l&rsquo;\u00e9quipe se pr\u00e9pare \u00e0 affronter le Stade Ni\u00e7ois, un adversaire avec lequel la rivalit\u00e9 est palpable. Le pr\u00e9sident du Stade Ni\u00e7ois, Jean-Baptiste Aldig\u00e9, ancien pr\u00e9sident de Biarritz, ajoute une touche d&rsquo;intensit\u00e9 \u00e0 cette rencontre.<\/p>\n<p>Jaminet a \u00e9t\u00e9 li\u00e9 \u00e0 un possible transfert vers Nice, mais sa d\u00e9cision de rester au Biarritz Olympique illustre son engagement et son attachement au club. \u00ab\u00a0Cela fait quelques jours que c\u2019est assez compliqu\u00e9, mais je suis heureux que cette affaire se soit r\u00e9gl\u00e9e,\u00a0\u00bb a-t-il d\u00e9clar\u00e9, soulignant ainsi l&rsquo;importance de cet engagement pour lui.<\/p>\n<h2>Un projet \u00e0 long terme<\/h2>\n<p>\u00c0 30 ans, Kylian Jaminet est \u00e0 un moment charni\u00e8re de sa carri\u00e8re. Avec la prolongation de son contrat, il pourrait envisager une fin de carri\u00e8re au Biarritz Olympique, contribuant ainsi \u00e0 l&rsquo;\u00e9tablissement d&rsquo;une \u00e9quipe comp\u00e9titive pour les saisons \u00e0 venir.<\/p>\n<p>Le club, sous la direction de James Coughlan, vise \u00e0 construire une \u00e9quipe solide autour de joueurs qui partagent sa vision. \u00ab\u00a0Sa prolongation jusqu\u2019en 2028 marque notre volont\u00e9 de construire sur des bases solides,\u00a0\u00bb a pr\u00e9cis\u00e9 le directeur sportif, soulignant l&rsquo;importance de Jaminet dans ce projet collectif.<\/p>\n<ul>\n<li>Prolongation de Kylian Jaminet jusqu\u2019en 2028 avec le Biarritz Olympique.<\/li>\n<li>Passage de 18 matchs jou\u00e9s la saison derni\u00e8re, preuve de son importance.<\/li>\n<li>Rivalit\u00e9 avec le Stade Ni\u00e7ois, ancien club de Jean-Baptiste Aldig\u00e9.<\/li>\n<li>Engagement fort de Jaminet pour construire un avenir au sein du club.<\/li>\n<li>Ambition du Biarritz Olympique d&rsquo;\u00eatre comp\u00e9titif dans les prochaines saisons.<\/li>\n<\/ul>\n<blockquote><p>\n  \u00ab\u00a0C&rsquo;est un projet qui me pla\u00eet et dans lequel je veux m&rsquo;inscrire,\u00a0\u00bb a affirm\u00e9 Kylian Jaminet, soulignant son enthousiasme \u00e0 rester au club.\n<\/p><\/blockquote>\n","protected":false},"excerpt":{"rendered":"","protected":false},"author":34,"featured_media":15278,"comment_status":"open","ping_status":"open","sticky":false,"template":"","format":"standard","meta":{"_acf_changed":false,"manual_indexmenow":false,"indexmenow_id_project":0,"footnotes":""},"categories":[1],"tags":[4531,4544,4561,5315,4632],"class_list":["post-13457","post","type-post","status-publish","format-standard","has-post-thumbnail","hentry","category-a-la-une","tag-biarritz-olympique","tag-equipe","tag-gestion-des-talents","tag-kylian-jaminet","tag-performance-sportive","generate-columns","tablet-grid-50","mobile-grid-100","grid-parent","grid-25"],"acf":[],"yoast_head":"<!-- This site is optimized with the Yoast SEO Premium plugin v21.3 (Yoast SEO v26.5) - https:\/\/yoast.com\/wordpress\/plugins\/seo\/ -->\n<title>Kylian Jaminet prolonge avec le Biarritz olympique jusqu\u2019en<\/title>\n<meta name=\"description\" content=\"Bien qu&#039;il f\u00fbt annonc\u00e9 sur le d\u00e9part, le joueur a finalement choisi de s&#039;engager davantage avec le club basque, o\u00f9 il a fait ses d\u00e9buts l&#039;\u00e9t\u00e9 dernier\u2026\" \/>\n<meta name=\"robots\" content=\"index, follow, max-snippet:-1, max-image-preview:large, max-video-preview:-1\" \/>\n<link rel=\"canonical\" href=\"https:\/\/sport-index.fr\/blog\/a-la-une\/kylian-jaminet-prolonge-avec-le-biarritz-olympique-jusquen-2028-un-choix-fort-et-determine\/\" \/>\n<meta property=\"og:locale\" content=\"fr_FR\" \/>\n<meta property=\"og:type\" content=\"article\" \/>\n<meta property=\"og:title\" content=\"Kylian Jaminet prolonge avec le Biarritz olympique jusqu\u2019en\" \/>\n<meta property=\"og:description\" content=\"Bien qu&#039;il f\u00fbt annonc\u00e9 sur le d\u00e9part, le joueur a finalement choisi de s&#039;engager davantage avec le club basque, o\u00f9 il a fait ses d\u00e9buts l&#039;\u00e9t\u00e9 dernier\u2026\" \/>\n<meta property=\"og:url\" content=\"https:\/\/sport-index.fr\/blog\/a-la-une\/kylian-jaminet-prolonge-avec-le-biarritz-olympique-jusquen-2028-un-choix-fort-et-determine\/\" \/>\n<meta property=\"og:site_name\" content=\"sport-index\" \/>\n<meta name=\"author\" content=\"Axel Lauzier\" \/>\n<meta name=\"twitter:card\" content=\"summary_large_image\" \/>\n<script type=\"application\/ld+json\" class=\"yoast-schema-graph\">{\"@context\":\"https:\/\/schema.org\",\"@graph\":[{\"@type\":\"NewsArticle\",\"@id\":\"https:\/\/sport-index.fr\/blog\/a-la-une\/kylian-jaminet-prolonge-avec-le-biarritz-olympique-jusquen-2028-un-choix-fort-et-determine\/#article\",\"isPartOf\":{\"@id\":\"https:\/\/sport-index.fr\/blog\/a-la-une\/kylian-jaminet-prolonge-avec-le-biarritz-olympique-jusquen-2028-un-choix-fort-et-determine\/\"},\"author\":{\"name\":\"Axel Lauzier\",\"@id\":\"https:\/\/sport-index.fr\/blog\/#\/schema\/person\/3c864cdc320801e3db34b663e7e3f816\"},\"headline\":\"Kylian Jaminet prolonge avec le Biarritz olympique jusqu\u2019en 2028, un choix fort et d\u00e9termin\u00e9\",\"datePublished\":\"2025-04-09T20:47:09+00:00\",\"mainEntityOfPage\":{\"@id\":\"https:\/\/sport-index.fr\/blog\/a-la-une\/kylian-jaminet-prolonge-avec-le-biarritz-olympique-jusquen-2028-un-choix-fort-et-determine\/\"},\"wordCount\":483,\"commentCount\":22,\"publisher\":{\"@id\":\"https:\/\/sport-index.fr\/blog\/#organization\"},\"image\":{\"@id\":\"https:\/\/sport-index.fr\/blog\/a-la-une\/kylian-jaminet-prolonge-avec-le-biarritz-olympique-jusquen-2028-un-choix-fort-et-determine\/#primaryimage\"},\"thumbnailUrl\":\"https:\/\/sport-index.fr\/blog\/wp-content\/uploads\/2025\/05\/sdxl-ebfe4cfdd42fd725826f752c1138c751-scaled.png\",\"keywords\":[\"Biarritz Olympique\",\"\u00c9quipe\",\"Gestion des Talents\",\"Kylian Jaminet\",\"Performance sportive\"],\"articleSection\":[\"\u00c0 la une\"],\"inLanguage\":\"fr-FR\",\"potentialAction\":[{\"@type\":\"CommentAction\",\"name\":\"Comment\",\"target\":[\"https:\/\/sport-index.fr\/blog\/a-la-une\/kylian-jaminet-prolonge-avec-le-biarritz-olympique-jusquen-2028-un-choix-fort-et-determine\/#respond\"]}]},{\"@type\":\"WebPage\",\"@id\":\"https:\/\/sport-index.fr\/blog\/a-la-une\/kylian-jaminet-prolonge-avec-le-biarritz-olympique-jusquen-2028-un-choix-fort-et-determine\/\",\"url\":\"https:\/\/sport-index.fr\/blog\/a-la-une\/kylian-jaminet-prolonge-avec-le-biarritz-olympique-jusquen-2028-un-choix-fort-et-determine\/\",\"name\":\"Kylian Jaminet prolonge avec le Biarritz olympique jusqu\u2019en\",\"isPartOf\":{\"@id\":\"https:\/\/sport-index.fr\/blog\/#website\"},\"primaryImageOfPage\":{\"@id\":\"https:\/\/sport-index.fr\/blog\/a-la-une\/kylian-jaminet-prolonge-avec-le-biarritz-olympique-jusquen-2028-un-choix-fort-et-determine\/#primaryimage\"},\"image\":{\"@id\":\"https:\/\/sport-index.fr\/blog\/a-la-une\/kylian-jaminet-prolonge-avec-le-biarritz-olympique-jusquen-2028-un-choix-fort-et-determine\/#primaryimage\"},\"thumbnailUrl\":\"https:\/\/sport-index.fr\/blog\/wp-content\/uploads\/2025\/05\/sdxl-ebfe4cfdd42fd725826f752c1138c751-scaled.png\",\"datePublished\":\"2025-04-09T20:47:09+00:00\",\"description\":\"Bien qu'il f\u00fbt annonc\u00e9 sur le d\u00e9part, le joueur a finalement choisi de s'engager davantage avec le club basque, o\u00f9 il a fait ses d\u00e9buts l'\u00e9t\u00e9 dernier\u2026\",\"inLanguage\":\"fr-FR\",\"potentialAction\":[{\"@type\":\"ReadAction\",\"target\":[\"https:\/\/sport-index.fr\/blog\/a-la-une\/kylian-jaminet-prolonge-avec-le-biarritz-olympique-jusquen-2028-un-choix-fort-et-determine\/\"]}]},{\"@type\":\"ImageObject\",\"inLanguage\":\"fr-FR\",\"@id\":\"https:\/\/sport-index.fr\/blog\/a-la-une\/kylian-jaminet-prolonge-avec-le-biarritz-olympique-jusquen-2028-un-choix-fort-et-determine\/#primaryimage\",\"url\":\"https:\/\/sport-index.fr\/blog\/wp-content\/uploads\/2025\/05\/sdxl-ebfe4cfdd42fd725826f752c1138c751-scaled.png\",\"contentUrl\":\"https:\/\/sport-index.fr\/blog\/wp-content\/uploads\/2025\/05\/sdxl-ebfe4cfdd42fd725826f752c1138c751-scaled.png\",\"width\":1200,\"height\":500},{\"@type\":\"WebSite\",\"@id\":\"https:\/\/sport-index.fr\/blog\/#website\",\"url\":\"https:\/\/sport-index.fr\/blog\/\",\"name\":\"sport-index.fr\",\"description\":\"Le score de l\u2019analyse sportive.\",\"publisher\":{\"@id\":\"https:\/\/sport-index.fr\/blog\/#organization\"},\"alternateName\":\"Le score de l\u2019analyse sportive.\",\"potentialAction\":[{\"@type\":\"SearchAction\",\"target\":{\"@type\":\"EntryPoint\",\"urlTemplate\":\"https:\/\/sport-index.fr\/blog\/?s={search_term_string}\"},\"query-input\":{\"@type\":\"PropertyValueSpecification\",\"valueRequired\":true,\"valueName\":\"search_term_string\"}}],\"inLanguage\":\"fr-FR\"},{\"@type\":\"Organization\",\"@id\":\"https:\/\/sport-index.fr\/blog\/#organization\",\"name\":\"Foretsensations.fr\",\"url\":\"https:\/\/sport-index.fr\/blog\/\",\"logo\":{\"@type\":\"ImageObject\",\"inLanguage\":\"fr-FR\",\"@id\":\"https:\/\/sport-index.fr\/blog\/#\/schema\/logo\/image\/\",\"url\":\"https:\/\/sport-index.fr\/blog\/wp-content\/uploads\/2026\/07\/logo-auto.png\",\"contentUrl\":\"https:\/\/sport-index.fr\/blog\/wp-content\/uploads\/2026\/07\/logo-auto.png\",\"width\":1024,\"height\":1024,\"caption\":\"Foretsensations.fr\"},\"image\":{\"@id\":\"https:\/\/sport-index.fr\/blog\/#\/schema\/logo\/image\/\"}},{\"@type\":\"Person\",\"@id\":\"https:\/\/sport-index.fr\/blog\/#\/schema\/person\/3c864cdc320801e3db34b663e7e3f816\",\"name\":\"Axel Lauzier\",\"image\":{\"@type\":\"ImageObject\",\"inLanguage\":\"fr-FR\",\"@id\":\"https:\/\/sport-index.fr\/blog\/#\/schema\/person\/image\/\",\"url\":\"https:\/\/sport-index.fr\/blog\/wp-content\/uploads\/2026\/06\/persona_axel-l-96x96.jpg\",\"contentUrl\":\"https:\/\/sport-index.fr\/blog\/wp-content\/uploads\/2026\/06\/persona_axel-l-96x96.jpg\",\"caption\":\"Axel Lauzier\"},\"description\":\"Le sport rythme mon quotidien depuis l'enfance, et j'en ai fait mon m\u00e9tier d'analyste r\u00e9dactionnel il y a une dizaine d'ann\u00e9es. Je couvre principalement le football, son actualit\u00e9, ses transferts et l'analyse tactique des grandes affiches, mais aussi les disciplines plus confidentielles que j'aime remettre en lumi\u00e8re. Une partie de mon travail porte sur les pronostics et la lecture statistique d'un match : forme des \u00e9quipes, historique des confrontations, compositions, sans jamais vendre de fausse certitude. Je rappelle syst\u00e9matiquement que parier comporte un risque et doit rester un loisir ma\u00eetris\u00e9. Avant de signer une analyse, je v\u00e9rifie mes chiffres, je recoupe les compositions probables et je distingue toujours la donn\u00e9e brute de l'intuition. Mon objectif : offrir une lecture honn\u00eate et argument\u00e9e, pas un ticket gagnant garanti.\",\"sameAs\":[\"https:\/\/axellauzier.fr\/\"],\"url\":\"https:\/\/sport-index.fr\/blog\/auteur\/noname\/\"}]}<\/script>\n<!-- \/ Yoast SEO Premium plugin. -->","yoast_head_json":{"title":"Kylian Jaminet prolonge avec le Biarritz olympique jusqu\u2019en","description":"Bien qu'il f\u00fbt annonc\u00e9 sur le d\u00e9part, le joueur a finalement choisi de s'engager davantage avec le club basque, o\u00f9 il a fait ses d\u00e9buts l'\u00e9t\u00e9 dernier\u2026","robots":{"index":"index","follow":"follow","max-snippet":"max-snippet:-1","max-image-preview":"max-image-preview:large","max-video-preview":"max-video-preview:-1"},"canonical":"https:\/\/sport-index.fr\/blog\/a-la-une\/kylian-jaminet-prolonge-avec-le-biarritz-olympique-jusquen-2028-un-choix-fort-et-determine\/","og_locale":"fr_FR","og_type":"article","og_title":"Kylian Jaminet prolonge avec le Biarritz olympique jusqu\u2019en","og_description":"Bien qu'il f\u00fbt annonc\u00e9 sur le d\u00e9part, le joueur a finalement choisi de s'engager davantage avec le club basque, o\u00f9 il a fait ses d\u00e9buts l'\u00e9t\u00e9 dernier\u2026","og_url":"https:\/\/sport-index.fr\/blog\/a-la-une\/kylian-jaminet-prolonge-avec-le-biarritz-olympique-jusquen-2028-un-choix-fort-et-determine\/","og_site_name":"sport-index","author":"Axel Lauzier","twitter_card":"summary_large_image","schema":{"@context":"https:\/\/schema.org","@graph":[{"@type":"NewsArticle","@id":"https:\/\/sport-index.fr\/blog\/a-la-une\/kylian-jaminet-prolonge-avec-le-biarritz-olympique-jusquen-2028-un-choix-fort-et-determine\/#article","isPartOf":{"@id":"https:\/\/sport-index.fr\/blog\/a-la-une\/kylian-jaminet-prolonge-avec-le-biarritz-olympique-jusquen-2028-un-choix-fort-et-determine\/"},"author":{"name":"Axel Lauzier","@id":"https:\/\/sport-index.fr\/blog\/#\/schema\/person\/3c864cdc320801e3db34b663e7e3f816"},"headline":"Kylian Jaminet prolonge avec le Biarritz olympique jusqu\u2019en 2028, un choix fort et d\u00e9termin\u00e9","datePublished":"2025-04-09T20:47:09+00:00","mainEntityOfPage":{"@id":"https:\/\/sport-index.fr\/blog\/a-la-une\/kylian-jaminet-prolonge-avec-le-biarritz-olympique-jusquen-2028-un-choix-fort-et-determine\/"},"wordCount":483,"commentCount":22,"publisher":{"@id":"https:\/\/sport-index.fr\/blog\/#organization"},"image":{"@id":"https:\/\/sport-index.fr\/blog\/a-la-une\/kylian-jaminet-prolonge-avec-le-biarritz-olympique-jusquen-2028-un-choix-fort-et-determine\/#primaryimage"},"thumbnailUrl":"https:\/\/sport-index.fr\/blog\/wp-content\/uploads\/2025\/05\/sdxl-ebfe4cfdd42fd725826f752c1138c751-scaled.png","keywords":["Biarritz Olympique","\u00c9quipe","Gestion des Talents","Kylian Jaminet","Performance sportive"],"articleSection":["\u00c0 la une"],"inLanguage":"fr-FR","potentialAction":[{"@type":"CommentAction","name":"Comment","target":["https:\/\/sport-index.fr\/blog\/a-la-une\/kylian-jaminet-prolonge-avec-le-biarritz-olympique-jusquen-2028-un-choix-fort-et-determine\/#respond"]}]},{"@type":"WebPage","@id":"https:\/\/sport-index.fr\/blog\/a-la-une\/kylian-jaminet-prolonge-avec-le-biarritz-olympique-jusquen-2028-un-choix-fort-et-determine\/","url":"https:\/\/sport-index.fr\/blog\/a-la-une\/kylian-jaminet-prolonge-avec-le-biarritz-olympique-jusquen-2028-un-choix-fort-et-determine\/","name":"Kylian Jaminet prolonge avec le Biarritz olympique jusqu\u2019en","isPartOf":{"@id":"https:\/\/sport-index.fr\/blog\/#website"},"primaryImageOfPage":{"@id":"https:\/\/sport-index.fr\/blog\/a-la-une\/kylian-jaminet-prolonge-avec-le-biarritz-olympique-jusquen-2028-un-choix-fort-et-determine\/#primaryimage"},"image":{"@id":"https:\/\/sport-index.fr\/blog\/a-la-une\/kylian-jaminet-prolonge-avec-le-biarritz-olympique-jusquen-2028-un-choix-fort-et-determine\/#primaryimage"},"thumbnailUrl":"https:\/\/sport-index.fr\/blog\/wp-content\/uploads\/2025\/05\/sdxl-ebfe4cfdd42fd725826f752c1138c751-scaled.png","datePublished":"2025-04-09T20:47:09+00:00","description":"Bien qu'il f\u00fbt annonc\u00e9 sur le d\u00e9part, le joueur a finalement choisi de s'engager davantage avec le club basque, o\u00f9 il a fait ses d\u00e9buts l'\u00e9t\u00e9 dernier\u2026","inLanguage":"fr-FR","potentialAction":[{"@type":"ReadAction","target":["https:\/\/sport-index.fr\/blog\/a-la-une\/kylian-jaminet-prolonge-avec-le-biarritz-olympique-jusquen-2028-un-choix-fort-et-determine\/"]}]},{"@type":"ImageObject","inLanguage":"fr-FR","@id":"https:\/\/sport-index.fr\/blog\/a-la-une\/kylian-jaminet-prolonge-avec-le-biarritz-olympique-jusquen-2028-un-choix-fort-et-determine\/#primaryimage","url":"https:\/\/sport-index.fr\/blog\/wp-content\/uploads\/2025\/05\/sdxl-ebfe4cfdd42fd725826f752c1138c751-scaled.png","contentUrl":"https:\/\/sport-index.fr\/blog\/wp-content\/uploads\/2025\/05\/sdxl-ebfe4cfdd42fd725826f752c1138c751-scaled.png","width":1200,"height":500},{"@type":"WebSite","@id":"https:\/\/sport-index.fr\/blog\/#website","url":"https:\/\/sport-index.fr\/blog\/","name":"sport-index.fr","description":"Le score de l\u2019analyse sportive.","publisher":{"@id":"https:\/\/sport-index.fr\/blog\/#organization"},"alternateName":"Le score de l\u2019analyse sportive.","potentialAction":[{"@type":"SearchAction","target":{"@type":"EntryPoint","urlTemplate":"https:\/\/sport-index.fr\/blog\/?s={search_term_string}"},"query-input":{"@type":"PropertyValueSpecification","valueRequired":true,"valueName":"search_term_string"}}],"inLanguage":"fr-FR"},{"@type":"Organization","@id":"https:\/\/sport-index.fr\/blog\/#organization","name":"Foretsensations.fr","url":"https:\/\/sport-index.fr\/blog\/","logo":{"@type":"ImageObject","inLanguage":"fr-FR","@id":"https:\/\/sport-index.fr\/blog\/#\/schema\/logo\/image\/","url":"https:\/\/sport-index.fr\/blog\/wp-content\/uploads\/2026\/07\/logo-auto.png","contentUrl":"https:\/\/sport-index.fr\/blog\/wp-content\/uploads\/2026\/07\/logo-auto.png","width":1024,"height":1024,"caption":"Foretsensations.fr"},"image":{"@id":"https:\/\/sport-index.fr\/blog\/#\/schema\/logo\/image\/"}},{"@type":"Person","@id":"https:\/\/sport-index.fr\/blog\/#\/schema\/person\/3c864cdc320801e3db34b663e7e3f816","name":"Axel Lauzier","image":{"@type":"ImageObject","inLanguage":"fr-FR","@id":"https:\/\/sport-index.fr\/blog\/#\/schema\/person\/image\/","url":"https:\/\/sport-index.fr\/blog\/wp-content\/uploads\/2026\/06\/persona_axel-l-96x96.jpg","contentUrl":"https:\/\/sport-index.fr\/blog\/wp-content\/uploads\/2026\/06\/persona_axel-l-96x96.jpg","caption":"Axel Lauzier"},"description":"Le sport rythme mon quotidien depuis l'enfance, et j'en ai fait mon m\u00e9tier d'analyste r\u00e9dactionnel il y a une dizaine d'ann\u00e9es. Je couvre principalement le football, son actualit\u00e9, ses transferts et l'analyse tactique des grandes affiches, mais aussi les disciplines plus confidentielles que j'aime remettre en lumi\u00e8re. Une partie de mon travail porte sur les pronostics et la lecture statistique d'un match : forme des \u00e9quipes, historique des confrontations, compositions, sans jamais vendre de fausse certitude. Je rappelle syst\u00e9matiquement que parier comporte un risque et doit rester un loisir ma\u00eetris\u00e9. Avant de signer une analyse, je v\u00e9rifie mes chiffres, je recoupe les compositions probables et je distingue toujours la donn\u00e9e brute de l'intuition. Mon objectif : offrir une lecture honn\u00eate et argument\u00e9e, pas un ticket gagnant garanti.","sameAs":["https:\/\/axellauzier.fr\/"],"url":"https:\/\/sport-index.fr\/blog\/auteur\/noname\/"}]}},"_links":{"self":[{"href":"https:\/\/sport-index.fr\/blog\/wp-json\/wp\/v2\/posts\/13457","targetHints":{"allow":["GET"]}}],"collection":[{"href":"https:\/\/sport-index.fr\/blog\/wp-json\/wp\/v2\/posts"}],"about":[{"href":"https:\/\/sport-index.fr\/blog\/wp-json\/wp\/v2\/types\/post"}],"author":[{"embeddable":true,"href":"https:\/\/sport-index.fr\/blog\/wp-json\/wp\/v2\/users\/34"}],"replies":[{"embeddable":true,"href":"https:\/\/sport-index.fr\/blog\/wp-json\/wp\/v2\/comments?post=13457"}],"version-history":[{"count":1,"href":"https:\/\/sport-index.fr\/blog\/wp-json\/wp\/v2\/posts\/13457\/revisions"}],"predecessor-version":[{"id":13465,"href":"https:\/\/sport-index.fr\/blog\/wp-json\/wp\/v2\/posts\/13457\/revisions\/13465"}],"wp:featuredmedia":[{"embeddable":true,"href":"https:\/\/sport-index.fr\/blog\/wp-json\/wp\/v2\/media\/15278"}],"wp:attachment":[{"href":"https:\/\/sport-index.fr\/blog\/wp-json\/wp\/v2\/media?parent=13457"}],"wp:term":[{"taxonomy":"category","embeddable":true,"href":"https:\/\/sport-index.fr\/blog\/wp-json\/wp\/v2\/categories?post=13457"},{"taxonomy":"post_tag","embeddable":true,"href":"https:\/\/sport-index.fr\/blog\/wp-json\/wp\/v2\/tags?post=13457"}],"curies":[{"name":"wp","href":"https:\/\/api.w.org\/{rel}","templated":true}]}}