{"id":13485,"date":"2026-05-18T19:37:20","date_gmt":"2026-05-18T17:37:20","guid":{"rendered":"https:\/\/sport-index.fr\/blog\/a-la-une\/sebastien-chabal-et-la-perte-de-memoire-un-temoignage-poignant-sur-sa-carriere-de-rugbyman\/"},"modified":"2026-05-18T19:37:20","modified_gmt":"2026-05-18T17:37:20","slug":"sebastien-chabal-et-la-perte-de-memoire-un-temoignage-poignant-sur-sa-carriere-de-rugbyman","status":"publish","type":"post","link":"https:\/\/sport-index.fr\/blog\/a-la-une\/sebastien-chabal-et-la-perte-de-memoire-un-temoignage-poignant-sur-sa-carriere-de-rugbyman\/","title":{"rendered":"S\u00e9bastien Chabal et la perte de m\u00e9moire : un t\u00e9moignage poignant sur sa carri\u00e8re de rugbyman"},"content":{"rendered":"<aside style=\"background:#f1f5f1;border-left:5px solid #2a5f3f;padding:22px 28px;margin:24px 0;font-family:-apple-system,BlinkMacSystemFont,'Segoe UI',Roboto,sans-serif;\">\n<div style=\"margin:0;font-size:19px;line-height:1.55;color:#2a2a2a;font-weight:500;letter-spacing:-0.005em;\">\n    Un t\u00e9moignage sans fard d&rsquo;un pilier du XV de France : 62 Marseillaises chant\u00e9es, aucune dont il garde le souvenir. Derri\u00e8re les phrases sobres, une question lourde \u2014 celle des chocs accumul\u00e9s et de la sant\u00e9 c\u00e9r\u00e9brale des rugbymen de haut niveau.\n  <\/div>\n<\/aside>\n<h2>Une m\u00e9moire effac\u00e9e par le temps et les blessures<\/h2>\n<p>S\u00e9bastien Chabal, ancien joueur embl\u00e9matique du rugby fran\u00e7ais, a r\u00e9cemment bris\u00e9 le silence sur ses probl\u00e8mes de m\u00e9moire. Lors d&rsquo;une interview touchante sur la cha\u00eene YouTube Legend, il a avou\u00e9 ne plus se souvenir des moments forts de sa carri\u00e8re, y compris des hymnes nationaux qu&rsquo;il a chant\u00e9s. \u00ab\u00a0Je ne me souviens pas d&rsquo;une seule des 62 Marseillaises que j&rsquo;ai v\u00e9cues\u00a0\u00bb, a-t-il d\u00e9clar\u00e9, r\u00e9v\u00e9lant une r\u00e9alit\u00e9 troublante pour un athl\u00e8te ayant marqu\u00e9 l&rsquo;histoire du sport.<\/p>\n<p>L&rsquo;ancien troisi\u00e8me ligne a \u00e9voqu\u00e9 les effets d\u00e9vastateurs des commotions c\u00e9r\u00e9brales subies tout au long de sa carri\u00e8re. Ces blessures, souvent banalis\u00e9es \u00e0 l&rsquo;\u00e9poque o\u00f9 il jouait, semblent avoir eu un impact consid\u00e9rable sur sa m\u00e9moire. Il a partag\u00e9 : \u00ab\u00a0On a pris des pets au casque&#8230; c&rsquo;est vrai que j&rsquo;ai aucun souvenir d&rsquo;une seule seconde d&rsquo;un match de rugby que j&rsquo;ai jou\u00e9.\u00a0\u00bb Ce t\u00e9moignage soul\u00e8ve des questions importantes sur la sant\u00e9 mentale et physique des athl\u00e8tes, longtemps rel\u00e9gu\u00e9e au second plan dans le monde du sport de contact.<\/p>\n<aside style=\"background:#fafaf7;border:1px solid #e5e5e0;border-radius:8px;padding:24px 26px 26px;margin:28px 0;font-family:-apple-system,BlinkMacSystemFont,'Segoe UI',Roboto,sans-serif;\">\n<div style=\"margin:0 0 18px 0;font-size:11px;font-weight:700;text-transform:uppercase;letter-spacing:2.2px;color:#2a5f3f;\">\u00c0 retenir<\/div>\n<div style=\"display:grid;grid-template-columns:repeat(auto-fit,minmax(240px,1fr));gap:10px;\">\n<div style=\"display:flex;gap:12px;background:#fff;border:1px solid #ebebe5;padding:12px 14px;border-radius:6px;align-items:flex-start;\">\n      <span style=\"flex:0 0 26px;width:26px;height:26px;background:#2a5f3f;color:#fff;border-radius:50%;display:inline-flex;align-items:center;justify-content:center;font-size:12px;font-weight:700;font-family:-apple-system,sans-serif;\">1<\/span><br \/>\n      <span style=\"font-size:14px;line-height:1.5;color:#2a2a2a;\">Une perte de m\u00e9moire \u00e9voqu\u00e9e publiquement par un ancien joueur embl\u00e9matique, miroir d&rsquo;un sujet longtemps tabou.<\/span>\n    <\/div>\n<div style=\"display:flex;gap:12px;background:#fff;border:1px solid #ebebe5;padding:12px 14px;border-radius:6px;align-items:flex-start;\">\n      <span style=\"flex:0 0 26px;width:26px;height:26px;background:#2a5f3f;color:#fff;border-radius:50%;display:inline-flex;align-items:center;justify-content:center;font-size:12px;font-weight:700;font-family:-apple-system,sans-serif;\">2<\/span><br \/>\n      <span style=\"font-size:14px;line-height:1.5;color:#2a2a2a;\">Les commotions \u00e0 r\u00e9p\u00e9tition point\u00e9es comme cause centrale, dans un sport o\u00f9 elles \u00e9taient banalis\u00e9es.<\/span>\n    <\/div>\n<div style=\"display:flex;gap:12px;background:#fff;border:1px solid #ebebe5;padding:12px 14px;border-radius:6px;align-items:flex-start;\">\n      <span style=\"flex:0 0 26px;width:26px;height:26px;background:#2a5f3f;color:#fff;border-radius:50%;display:inline-flex;align-items:center;justify-content:center;font-size:12px;font-weight:700;font-family:-apple-system,sans-serif;\">3<\/span><br \/>\n      <span style=\"font-size:14px;line-height:1.5;color:#2a2a2a;\">Une parole qui s&rsquo;\u00e9tend au-del\u00e0 du terrain : famille, vie priv\u00e9e, sentiment d&rsquo;imposture.<\/span>\n    <\/div>\n<div style=\"display:flex;gap:12px;background:#fff;border:1px solid #ebebe5;padding:12px 14px;border-radius:6px;align-items:flex-start;\">\n      <span style=\"flex:0 0 26px;width:26px;height:26px;background:#2a5f3f;color:#fff;border-radius:50%;display:inline-flex;align-items:center;justify-content:center;font-size:12px;font-weight:700;font-family:-apple-system,sans-serif;\">4<\/span><br \/>\n      <span style=\"font-size:14px;line-height:1.5;color:#2a2a2a;\">Un mouvement plus large d&rsquo;anciens joueurs qui rompent le silence \u00e0 travers l&rsquo;Europe.<\/span>\n    <\/div>\n<div style=\"display:flex;gap:12px;background:#fff;border:1px solid #ebebe5;padding:12px 14px;border-radius:6px;align-items:flex-start;\">\n      <span style=\"flex:0 0 26px;width:26px;height:26px;background:#2a5f3f;color:#fff;border-radius:50%;display:inline-flex;align-items:center;justify-content:center;font-size:12px;font-weight:700;font-family:-apple-system,sans-serif;\">5<\/span><br \/>\n      <span style=\"font-size:14px;line-height:1.5;color:#2a2a2a;\">Un appel implicite \u00e0 mieux prot\u00e9ger les jeunes g\u00e9n\u00e9rations : protocoles, formation, suivi m\u00e9dical.<\/span>\n    <\/div>\n<\/p><\/div>\n<\/aside>\n<h2>Comprendre les commotions c\u00e9r\u00e9brales dans un sport de contact<\/h2>\n<p>Pour saisir l&rsquo;ampleur du propos, il faut revenir sur la nature m\u00eame d&rsquo;une commotion c\u00e9r\u00e9brale. Il s&rsquo;agit d&rsquo;un traumatisme transmis au cerveau par une acc\u00e9l\u00e9ration brutale du cr\u00e2ne, le plus souvent \u00e0 la suite d&rsquo;un choc \u00e0 la t\u00eate ou m\u00eame au tronc. Le cerveau, en flottant dans le liquide c\u00e9phalorachidien, vient heurter la bo\u00eete cr\u00e2nienne et subit un micro-traumatisme dont les cons\u00e9quences ne se voient pas toujours \u00e0 l&rsquo;\u0153il nu.<\/p>\n<p>Dans un sport comme le rugby, o\u00f9 les contacts r\u00e9p\u00e9t\u00e9s font partie int\u00e9grante du jeu, ces \u00e9pisodes peuvent se cumuler sur une carri\u00e8re enti\u00e8re. Les recherches r\u00e9centes attirent l&rsquo;attention sur les effets potentiellement durables des chocs r\u00e9p\u00e9t\u00e9s, y compris ceux qui n&rsquo;entra\u00eenent pas de perte de connaissance imm\u00e9diate. C&rsquo;est pr\u00e9cis\u00e9ment \u00e0 cette zone grise, longtemps minor\u00e9e, que renvoie le r\u00e9cit de l&rsquo;ancien international.<\/p>\n<div style=\"display:grid;grid-template-columns:repeat(auto-fit,minmax(220px,1fr));gap:14px;margin:28px 0;font-family:-apple-system,BlinkMacSystemFont,'Segoe UI',Roboto,sans-serif;\">\n<article style=\"background:#fff;border:1px solid #e5e5e0;border-top:3px solid #2a5f3f;border-radius:6px;padding:18px 18px 16px;\">\n<div style=\"width:36px;height:36px;background:#f1f5f1;border-radius:50%;display:inline-flex;align-items:center;justify-content:center;margin-bottom:12px;\">\n      <span style=\"font-size:18px;color:#2a5f3f;font-weight:900;font-family:Georgia,serif;\">01<\/span>\n    <\/div>\n<h3 style=\"margin:0 0 6px 0;font-size:16px;font-weight:700;color:#1a1a1a;letter-spacing:-0.01em;\">Maux de t\u00eate persistants<\/h3>\n<div style=\"margin:0;font-size:13.5px;line-height:1.55;color:#4a4a4a;\">C\u00e9phal\u00e9es diffuses ou pulsatiles dans les heures et jours qui suivent un choc, parfois r\u00e9sistantes aux antalgiques courants.<\/div>\n<\/article>\n<article style=\"background:#fff;border:1px solid #e5e5e0;border-top:3px solid #2a5f3f;border-radius:6px;padding:18px 18px 16px;\">\n<div style=\"width:36px;height:36px;background:#f1f5f1;border-radius:50%;display:inline-flex;align-items:center;justify-content:center;margin-bottom:12px;\">\n      <span style=\"font-size:18px;color:#2a5f3f;font-weight:900;font-family:Georgia,serif;\">02<\/span>\n    <\/div>\n<h3 style=\"margin:0 0 6px 0;font-size:16px;font-weight:700;color:#1a1a1a;letter-spacing:-0.01em;\">Troubles de la concentration<\/h3>\n<div style=\"margin:0;font-size:13.5px;line-height:1.55;color:#4a4a4a;\">Difficult\u00e9 \u00e0 fixer son attention, sensation de \u00ab\u00a0brouillard mental\u00a0\u00bb, lenteur dans le traitement des informations.<\/div>\n<\/article>\n<article style=\"background:#fff;border:1px solid #e5e5e0;border-top:3px solid #2a5f3f;border-radius:6px;padding:18px 18px 16px;\">\n<div style=\"width:36px;height:36px;background:#f1f5f1;border-radius:50%;display:inline-flex;align-items:center;justify-content:center;margin-bottom:12px;\">\n      <span style=\"font-size:18px;color:#2a5f3f;font-weight:900;font-family:Georgia,serif;\">03<\/span>\n    <\/div>\n<h3 style=\"margin:0 0 6px 0;font-size:16px;font-weight:700;color:#1a1a1a;letter-spacing:-0.01em;\">Pertes de m\u00e9moire<\/h3>\n<div style=\"margin:0;font-size:13.5px;line-height:1.55;color:#4a4a4a;\">Trous concernant la s\u00e9quence du choc, oublis de moments forts, difficult\u00e9 \u00e0 se souvenir d&rsquo;\u00e9v\u00e9nements pourtant r\u00e9cents.<\/div>\n<\/article>\n<article style=\"background:#fff;border:1px solid #e5e5e0;border-top:3px solid #2a5f3f;border-radius:6px;padding:18px 18px 16px;\">\n<div style=\"width:36px;height:36px;background:#f1f5f1;border-radius:50%;display:inline-flex;align-items:center;justify-content:center;margin-bottom:12px;\">\n      <span style=\"font-size:18px;color:#2a5f3f;font-weight:900;font-family:Georgia,serif;\">04<\/span>\n    <\/div>\n<h3 style=\"margin:0 0 6px 0;font-size:16px;font-weight:700;color:#1a1a1a;letter-spacing:-0.01em;\">Sensibilit\u00e9 \u00e0 la lumi\u00e8re<\/h3>\n<div style=\"margin:0;font-size:13.5px;line-height:1.55;color:#4a4a4a;\">Photophobie ou intol\u00e9rance au bruit, signes fr\u00e9quents d&rsquo;un cerveau encore en phase de r\u00e9cup\u00e9ration apr\u00e8s un impact.<\/div>\n<\/article>\n<article style=\"background:#fff;border:1px solid #e5e5e0;border-top:3px solid #2a5f3f;border-radius:6px;padding:18px 18px 16px;\">\n<div style=\"width:36px;height:36px;background:#f1f5f1;border-radius:50%;display:inline-flex;align-items:center;justify-content:center;margin-bottom:12px;\">\n      <span style=\"font-size:18px;color:#2a5f3f;font-weight:900;font-family:Georgia,serif;\">05<\/span>\n    <\/div>\n<h3 style=\"margin:0 0 6px 0;font-size:16px;font-weight:700;color:#1a1a1a;letter-spacing:-0.01em;\">Vertiges et troubles de l&rsquo;\u00e9quilibre<\/h3>\n<div style=\"margin:0;font-size:13.5px;line-height:1.55;color:#4a4a4a;\">Sensation d&rsquo;instabilit\u00e9 au lever ou aux changements de position, vertiges discrets pouvant persister plusieurs jours.<\/div>\n<\/article>\n<article style=\"background:#fff;border:1px solid #e5e5e0;border-top:3px solid #2a5f3f;border-radius:6px;padding:18px 18px 16px;\">\n<div style=\"width:36px;height:36px;background:#f1f5f1;border-radius:50%;display:inline-flex;align-items:center;justify-content:center;margin-bottom:12px;\">\n      <span style=\"font-size:18px;color:#2a5f3f;font-weight:900;font-family:Georgia,serif;\">06<\/span>\n    <\/div>\n<h3 style=\"margin:0 0 6px 0;font-size:16px;font-weight:700;color:#1a1a1a;letter-spacing:-0.01em;\">Irritabilit\u00e9, sommeil perturb\u00e9<\/h3>\n<div style=\"margin:0;font-size:13.5px;line-height:1.55;color:#4a4a4a;\">Sautes d&rsquo;humeur, fatigue inhabituelle, difficult\u00e9s d&rsquo;endormissement : autant de signaux \u00e0 ne pas sous-estimer.<\/div>\n<\/article>\n<\/div>\n<aside style=\"background:#fff7e0;border-left:4px solid #d4a017;padding:14px 18px;margin:18px 0;border-radius:0 4px 4px 0;font-family:-apple-system,BlinkMacSystemFont,'Segoe UI',Roboto,sans-serif;\">\n  <strong style=\"display:inline-block;color:#7a5e00;font-size:12px;text-transform:uppercase;letter-spacing:1.5px;margin-right:8px;\">&#128161; Bon \u00e0 savoir<\/strong><br \/>\n  <span style=\"font-size:14.5px;line-height:1.55;color:#3a3a3a;\">Une commotion c\u00e9r\u00e9brale n&rsquo;entra\u00eene pas syst\u00e9matiquement de perte de connaissance. Plus de la moiti\u00e9 des cas passeraient inaper\u00e7us sur le terrain si le joueur ne signale pas lui-m\u00eame ses sympt\u00f4mes.<\/span><br \/>\n<\/aside>\n<h2>La r\u00e9alit\u00e9 des sportifs face \u00e0 la notori\u00e9t\u00e9<\/h2>\n<p>Au-del\u00e0 de sa perte de m\u00e9moire, l&rsquo;ancien international a \u00e9galement r\u00e9fl\u00e9chi sur sa notori\u00e9t\u00e9 et les pressions qui l&rsquo;accompagnent. Il a admis avoir souvent ressenti un sentiment d&rsquo;imposture, se demandant s&rsquo;il m\u00e9ritait vraiment la reconnaissance qu&rsquo;il a re\u00e7ue. \u00ab\u00a0J&rsquo;ai toujours eu l&rsquo;impression d&rsquo;\u00eatre un imposteur\u00a0\u00bb, a-t-il avou\u00e9, soulignant un aspect m\u00e9connu de la vie des sportifs de haut niveau.<\/p>\n<p>Sa carri\u00e8re, marqu\u00e9e par des moments de gloire et des d\u00e9fis personnels, met en lumi\u00e8re le fardeau \u00e9motionnel que peuvent porter les athl\u00e8tes. La question de la sant\u00e9 mentale dans le sport est plus cruciale que jamais, et sa prise de parole pourrait inciter d&rsquo;autres \u00e0 partager leurs propres luttes. La notori\u00e9t\u00e9, bien qu&rsquo;envahissante, peut se r\u00e9v\u00e9ler \u00eatre un poids difficile \u00e0 porter au quotidien, loin des projecteurs.<\/p>\n<figure style=\"margin:38px auto;padding:28px 24px;text-align:center;border-top:1px solid #2a2a2a;border-bottom:1px solid #2a2a2a;max-width:640px;position:relative;font-family:Georgia,'Hoefler Text',serif;\">\n<div style=\"position:absolute;top:-20px;left:50%;transform:translateX(-50%);background:#ffffff;padding:0 14px;font-size:48px;line-height:1;color:#2a5f3f;font-family:Georgia,serif;\">&laquo;<\/div>\n<blockquote style=\"margin:0;padding:0;font-size:24px;line-height:1.45;font-style:italic;color:#1a1a1a;letter-spacing:-0.005em;\"><p>\n    Je ne me souviens pas d&rsquo;une seule des 62 Marseillaises que j&rsquo;ai v\u00e9cues.<br \/>\n  <\/blockquote><figcaption style=\"margin-top:14px;font-size:12px;text-transform:uppercase;letter-spacing:2px;color:#6a6a6a;font-family:-apple-system,sans-serif;font-style:normal;\">\u2014 S\u00e9bastien Chabal, ancien international<\/figcaption><\/figure>\n<p>Cette confidence touche bien au-del\u00e0 du cercle des passionn\u00e9s. Elle ouvre une br\u00e8che dans le r\u00e9cit h\u00e9ro\u00efque que l&rsquo;on associe spontan\u00e9ment aux grands sportifs : derri\u00e8re les exploits t\u00e9l\u00e9vis\u00e9s, derri\u00e8re les hymnes et les troisi\u00e8mes mi-temps, il y a parfois des cons\u00e9quences invisibles qui s&rsquo;installent silencieusement et se r\u00e9v\u00e8lent des ann\u00e9es plus tard, une fois la lumi\u00e8re des stades \u00e9teinte.<\/p>\n<h2>Des souvenirs flous au-del\u00e0 du rugby<\/h2>\n<p>L&rsquo;ancien troisi\u00e8me ligne a aussi abord\u00e9 des aspects plus personnels de sa vie, notamment en ce qui concerne sa famille. Lorsqu&rsquo;on lui a demand\u00e9 s&rsquo;il se souvenait de la naissance de sa fille, sa r\u00e9ponse a \u00e9t\u00e9 brusque : \u00ab\u00a0non\u00a0\u00bb. Ce constat met en lumi\u00e8re la profondeur de ses probl\u00e8mes de m\u00e9moire et soul\u00e8ve des interrogations sur les cons\u00e9quences \u00e9motionnelles que cela peut engendrer, tant pour lui que pour ses proches.<\/p>\n<p>Il a \u00e9galement partag\u00e9 des souvenirs de ses amis, notamment de Christophe Dominici, un ancien co\u00e9quipier d\u00e9c\u00e9d\u00e9 tragiquement en 2020. \u00ab\u00a0On savait tous que \u00e7a pouvait arriver avec Christophe\u00a0\u00bb, a-t-il d\u00e9clar\u00e9, \u00e9voquant la fragilit\u00e9 de son ami. Ce t\u00e9moignage souligne l&rsquo;importance de la solidarit\u00e9 au sein du monde du rugby, o\u00f9 les liens entre joueurs peuvent parfois \u00eatre plus forts que le sport lui-m\u00eame.<\/p>\n<aside style=\"background:#e7f5ec;border-left:4px solid #2a5f3f;padding:14px 18px;margin:18px 0;border-radius:0 4px 4px 0;font-family:-apple-system,BlinkMacSystemFont,'Segoe UI',Roboto,sans-serif;\">\n  <strong style=\"display:inline-block;color:#1d4a30;font-size:12px;text-transform:uppercase;letter-spacing:1.5px;margin-right:8px;\">&#10022; \u00c0 noter<\/strong><br \/>\n  <span style=\"font-size:14.5px;line-height:1.55;color:#3a3a3a;\">Les troubles de m\u00e9moire chez les anciens sportifs de contact ne sont pas l&rsquo;apanage du rugby : la NFL, la boxe et le hockey sur glace ont \u00e9galement vu \u00e9merger des collectifs d&rsquo;anciens joueurs qui demandent davantage de pr\u00e9vention.<\/span><br \/>\n<\/aside>\n<h2>Le rugby moderne et la pr\u00e9vention des chocs<\/h2>\n<p>Depuis une dizaine d&rsquo;ann\u00e9es, les instances internationales ont fait \u00e9voluer les protocoles en cas de suspicion de commotion. Le rugby a notamment \u00e9t\u00e9 l&rsquo;un des premiers sports collectifs \u00e0 instaurer un protocole de sortie temporaire pour \u00e9valuation, parfois appel\u00e9 \u00ab\u00a0HIA\u00a0\u00bb (Head Injury Assessment), qui permet de retirer un joueur du terrain quelques minutes le temps d&rsquo;un examen cibl\u00e9 par un m\u00e9decin.<\/p>\n<p>Les r\u00e8gles d&rsquo;arbitrage se sont, elles aussi, durcies : sanction des plaquages hauts, attention accrue aux contacts t\u00eate contre t\u00eate, sensibilisation \u00e0 l&rsquo;autod\u00e9claration des sympt\u00f4mes. L&rsquo;objectif est clair : \u00e9viter qu&rsquo;un joueur retourne au combat alors que son cerveau n&rsquo;a pas termin\u00e9 sa phase de r\u00e9cup\u00e9ration, p\u00e9riode durant laquelle un second impact serait particuli\u00e8rement risqu\u00e9.<\/p>\n<figure style=\"margin:32px 0;font-family:-apple-system,BlinkMacSystemFont,'Segoe UI',Roboto,sans-serif;\">\n<div style=\"overflow-x:auto;border:1px solid #e5e5e0;border-radius:8px;\">\n<table style=\"width:100%;border-collapse:collapse;font-size:14px;color:#2a2a2a;min-width:500px;\">\n<thead>\n<tr style=\"background:#1a1a1a;color:#fff;\">\n<th style=\"text-align:left;padding:14px 18px;font-weight:700;font-size:12px;text-transform:uppercase;letter-spacing:1.5px;\">Niveau<\/th>\n<th style=\"text-align:left;padding:14px 18px;font-weight:700;font-size:12px;text-transform:uppercase;letter-spacing:1.5px;\">Mesure de pr\u00e9vention<\/th>\n<th style=\"text-align:center;padding:14px 18px;font-weight:700;font-size:12px;text-transform:uppercase;letter-spacing:1.5px;\">Objectif<\/th>\n<\/tr>\n<\/thead>\n<tbody>\n<tr style=\"background:#fff;border-bottom:1px solid #f0ede5;\">\n<td style=\"padding:14px 18px;font-weight:600;\">Avant-match<\/td>\n<td style=\"padding:14px 18px;color:#4a4a4a;\">Tests neurocognitifs de r\u00e9f\u00e9rence en pr\u00e9-saison<\/td>\n<td style=\"padding:14px 18px;text-align:center;color:#6a6a6a;\">Baseline individuelle<\/td>\n<\/tr>\n<tr style=\"background:#fafaf7;border-bottom:1px solid #f0ede5;\">\n<td style=\"padding:14px 18px;font-weight:600;\">Pendant le match<\/td>\n<td style=\"padding:14px 18px;color:#4a4a4a;\">Protocole de sortie temporaire pour \u00e9valuation<\/td>\n<td style=\"padding:14px 18px;text-align:center;color:#6a6a6a;\">D\u00e9cision m\u00e9dicale rapide<\/td>\n<\/tr>\n<tr style=\"background:#fff;border-bottom:1px solid #f0ede5;\">\n<td style=\"padding:14px 18px;font-weight:600;\">Apr\u00e8s-match<\/td>\n<td style=\"padding:14px 18px;color:#4a4a4a;\">Repos cognitif, retour progressif \u00e0 l&rsquo;effort<\/td>\n<td style=\"padding:14px 18px;text-align:center;color:#6a6a6a;\">R\u00e9cup\u00e9ration encadr\u00e9e<\/td>\n<\/tr>\n<tr style=\"background:#fafaf7;border-bottom:1px solid #f0ede5;\">\n<td style=\"padding:14px 18px;font-weight:600;\">Fin de carri\u00e8re<\/td>\n<td style=\"padding:14px 18px;color:#4a4a4a;\">Suivi neurologique sur le long terme<\/td>\n<td style=\"padding:14px 18px;text-align:center;color:#6a6a6a;\">D\u00e9tection pr\u00e9coce<\/td>\n<\/tr>\n<tr style=\"background:#fff;\">\n<td style=\"padding:14px 18px;font-weight:600;\">Formation<\/td>\n<td style=\"padding:14px 18px;color:#4a4a4a;\">Sensibilisation jeunes joueurs, entra\u00eeneurs, parents<\/td>\n<td style=\"padding:14px 18px;text-align:center;color:#6a6a6a;\">Culture de signalement<\/td>\n<\/tr>\n<\/tbody>\n<\/table><\/div><figcaption style=\"font-size:11px;color:#7a7a7a;margin-top:8px;text-align:right;letter-spacing:0.3px;font-family:-apple-system,sans-serif;\">Synth\u00e8se des principales mesures de pr\u00e9vention couramment recommand\u00e9es dans le rugby contemporain.<\/figcaption><\/figure>\n<aside style=\"background:#fdecec;border-left:4px solid #c54848;padding:14px 18px;margin:18px 0;border-radius:0 4px 4px 0;font-family:-apple-system,BlinkMacSystemFont,'Segoe UI',Roboto,sans-serif;\">\n  <strong style=\"display:inline-block;color:#8a2020;font-size:12px;text-transform:uppercase;letter-spacing:1.5px;margin-right:8px;\">&#9888;&#65039; Attention<\/strong><br \/>\n  <span style=\"font-size:14.5px;line-height:1.55;color:#3a3a3a;\">Retourner sur le terrain imm\u00e9diatement apr\u00e8s un choc \u00e0 la t\u00eate, m\u00eame l\u00e9ger, alors que des sympt\u00f4mes persistent, expose \u00e0 un risque accru de second impact pouvant aggraver les l\u00e9sions. La r\u00e8gle d&rsquo;or reste l&rsquo;arr\u00eat et l&rsquo;\u00e9valuation m\u00e9dicale.<\/span><br \/>\n<\/aside>\n<h2>Quand la parole lib\u00e8re : un mouvement collectif<\/h2>\n<p>Le r\u00e9cit de l&rsquo;ancien international s&rsquo;inscrit dans une tendance plus large. Des deux c\u00f4t\u00e9s de la Manche, des collectifs d&rsquo;anciens joueurs se sont constitu\u00e9s pour demander une meilleure reconnaissance des s\u00e9quelles \u00e0 long terme du sport professionnel. Ces d\u00e9marches, parfois port\u00e9es par des familles d&rsquo;anciens internationaux, contribuent \u00e0 transformer le regard port\u00e9 sur la sant\u00e9 c\u00e9r\u00e9brale des athl\u00e8tes.<\/p>\n<p>Le rugby amateur n&rsquo;est pas \u00e0 l&rsquo;\u00e9cart : clubs locaux, \u00e9coles de rugby et f\u00e9d\u00e9rations r\u00e9gionales adaptent peu \u00e0 peu leurs pratiques. La culture du \u00ab\u00a0serre les dents et retourne au combat\u00a0\u00bb c\u00e8de du terrain \u00e0 une approche plus nuanc\u00e9e, o\u00f9 signaler un mal de t\u00eate ou un trouble de vision n&rsquo;est plus per\u00e7u comme un signe de faiblesse mais comme un acte de lucidit\u00e9.<\/p>\n<div style=\"display:grid;grid-template-columns:repeat(auto-fit,minmax(260px,1fr));gap:14px;margin:28px 0;font-family:-apple-system,BlinkMacSystemFont,'Segoe UI',Roboto,sans-serif;\">\n<div style=\"background:#fafaf7;border:1px solid #c4dfcd;border-top:4px solid #2a5f3f;border-radius:4px;padding:20px 22px;\">\n<h3 style=\"margin:0 0 14px 0;font-size:13px;font-weight:700;text-transform:uppercase;letter-spacing:1.8px;color:#1d4a30;\">&#10003; \u00c0 faire<\/h3>\n<ul style=\"margin:0;padding:0;list-style:none;\">\n<li style=\"display:flex;gap:10px;align-items:flex-start;padding:6px 0;font-size:14px;line-height:1.5;color:#2a2a2a;border-bottom:1px solid #ebebe5;\"><span style=\"color:#2a5f3f;font-weight:700;flex:0 0 14px;\">&#10003;<\/span><span>Signaler chaque choc \u00e0 la t\u00eate, m\u00eame paraissant anodin, \u00e0 l&rsquo;encadrement m\u00e9dical<\/span><\/li>\n<li style=\"display:flex;gap:10px;align-items:flex-start;padding:6px 0;font-size:14px;line-height:1.5;color:#2a2a2a;border-bottom:1px solid #ebebe5;\"><span style=\"color:#2a5f3f;font-weight:700;flex:0 0 14px;\">&#10003;<\/span><span>Respecter scrupuleusement les phases de repos cognitif et physique recommand\u00e9es<\/span><\/li>\n<li style=\"display:flex;gap:10px;align-items:flex-start;padding:6px 0;font-size:14px;line-height:1.5;color:#2a2a2a;border-bottom:1px solid #ebebe5;\"><span style=\"color:#2a5f3f;font-weight:700;flex:0 0 14px;\">&#10003;<\/span><span>Sensibiliser les jeunes joueurs et leurs parents au protocole commotion<\/span><\/li>\n<li style=\"display:flex;gap:10px;align-items:flex-start;padding:6px 0;font-size:14px;line-height:1.5;color:#2a2a2a;\"><span style=\"color:#2a5f3f;font-weight:700;flex:0 0 14px;\">&#10003;<\/span><span>Tenir un journal des chocs et sympt\u00f4mes pour le m\u00e9decin de famille<\/span><\/li>\n<\/ul><\/div>\n<div style=\"background:#fafaf7;border:1px solid #f3cccc;border-top:4px solid #c54848;border-radius:4px;padding:20px 22px;\">\n<h3 style=\"margin:0 0 14px 0;font-size:13px;font-weight:700;text-transform:uppercase;letter-spacing:1.8px;color:#8a2020;\">&#10005; \u00c0 \u00e9viter<\/h3>\n<ul style=\"margin:0;padding:0;list-style:none;\">\n<li style=\"display:flex;gap:10px;align-items:flex-start;padding:6px 0;font-size:14px;line-height:1.5;color:#2a2a2a;border-bottom:1px solid #ebebe5;\"><span style=\"color:#c54848;font-weight:700;flex:0 0 14px;\">&#10005;<\/span><span>Reprendre l&rsquo;entra\u00eenement tant que les sympt\u00f4mes persistent<\/span><\/li>\n<li style=\"display:flex;gap:10px;align-items:flex-start;padding:6px 0;font-size:14px;line-height:1.5;color:#2a2a2a;border-bottom:1px solid #ebebe5;\"><span style=\"color:#c54848;font-weight:700;flex:0 0 14px;\">&#10005;<\/span><span>Banaliser un \u00ab\u00a0pet au casque\u00a0\u00bb sous pr\u00e9texte qu&rsquo;il \u00ab\u00a0fait partie du jeu\u00a0\u00bb<\/span><\/li>\n<li style=\"display:flex;gap:10px;align-items:flex-start;padding:6px 0;font-size:14px;line-height:1.5;color:#2a2a2a;border-bottom:1px solid #ebebe5;\"><span style=\"color:#c54848;font-weight:700;flex:0 0 14px;\">&#10005;<\/span><span>Cacher des troubles \u00e0 son entourage par crainte de perdre sa place<\/span><\/li>\n<li style=\"display:flex;gap:10px;align-items:flex-start;padding:6px 0;font-size:14px;line-height:1.5;color:#2a2a2a;\"><span style=\"color:#c54848;font-weight:700;flex:0 0 14px;\">&#10005;<\/span><span>Multiplier antidouleurs et stimulants pour \u00ab\u00a0tenir\u00a0\u00bb le match suivant<\/span><\/li>\n<\/ul><\/div>\n<\/div>\n<p>Aujourd&rsquo;hui consultant \u00e0 Canal+ et entrepreneur, l&rsquo;ancien troisi\u00e8me ligne repr\u00e9sente une voix importante dans la discussion sur la sant\u00e9 mentale et physique des athl\u00e8tes. Son t\u00e9moignage r\u00e9sonne aupr\u00e8s de nombreux sportifs et passionn\u00e9s de rugby, rappelant que derri\u00e8re la fa\u00e7ade du h\u00e9ros, se cachent souvent des luttes invisibles. Ce r\u00e9cit poignant invite \u00e0 une r\u00e9flexion collective sur les d\u00e9fis que rencontrent ceux qui consacrent leur vie \u00e0 un sport exigeant.<\/p>\n<section style=\"margin:32px 0;font-family:-apple-system,BlinkMacSystemFont,'Segoe UI',Roboto,sans-serif;\">\n<h2 style=\"margin:0 0 18px 0;font-size:22px;font-weight:800;color:#1a1a1a;letter-spacing:-0.01em;\">Questions fr\u00e9quentes<\/h2>\n<div style=\"border-top:1px solid #d4cfc4;\">\n<details style=\"border-bottom:1px solid #d4cfc4;padding:0;\">\n<summary style=\"cursor:pointer;padding:16px 0;font-size:17px;font-weight:700;color:#1a1a1a;list-style:none;display:flex;justify-content:space-between;align-items:center;gap:14px;\">\n        <span>Qu&rsquo;est-ce qu&rsquo;une commotion c\u00e9r\u00e9brale dans le rugby ?<\/span><br \/>\n        <span style=\"font-size:22px;font-weight:300;color:#2a5f3f;line-height:1;\">+<\/span><br \/>\n      <\/summary>\n<div style=\"padding:0 0 16px 0;font-size:15px;line-height:1.7;color:#4a4a4a;\">Il s&rsquo;agit d&rsquo;un traumatisme c\u00e9r\u00e9bral mineur provoqu\u00e9 par une acc\u00e9l\u00e9ration brutale du cr\u00e2ne lors d&rsquo;un choc ou d&rsquo;un plaquage. Elle ne n\u00e9cessite pas forc\u00e9ment de perte de connaissance et peut se manifester par des maux de t\u00eate, troubles de m\u00e9moire, vertiges ou irritabilit\u00e9.<\/div>\n<\/details>\n<details style=\"border-bottom:1px solid #d4cfc4;padding:0;\">\n<summary style=\"cursor:pointer;padding:16px 0;font-size:17px;font-weight:700;color:#1a1a1a;list-style:none;display:flex;justify-content:space-between;align-items:center;gap:14px;\">\n        <span>Combien de temps faut-il pour r\u00e9cup\u00e9rer d&rsquo;une commotion ?<\/span><br \/>\n        <span style=\"font-size:22px;font-weight:300;color:#2a5f3f;line-height:1;\">+<\/span><br \/>\n      <\/summary>\n<div style=\"padding:0 0 16px 0;font-size:15px;line-height:1.7;color:#4a4a4a;\">La r\u00e9cup\u00e9ration varie selon l&rsquo;individu et la s\u00e9v\u00e9rit\u00e9 du choc. Les protocoles internationaux recommandent un retour progressif au sport en plusieurs paliers, sur une p\u00e9riode souvent sup\u00e9rieure \u00e0 dix jours chez l&rsquo;adulte, et plus longue encore chez les jeunes joueurs.<\/div>\n<\/details>\n<details style=\"border-bottom:1px solid #d4cfc4;padding:0;\">\n<summary style=\"cursor:pointer;padding:16px 0;font-size:17px;font-weight:700;color:#1a1a1a;list-style:none;display:flex;justify-content:space-between;align-items:center;gap:14px;\">\n        <span>Le rugby est-il plus dangereux que d&rsquo;autres sports collectifs ?<\/span><br \/>\n        <span style=\"font-size:22px;font-weight:300;color:#2a5f3f;line-height:1;\">+<\/span><br \/>\n      <\/summary>\n<div style=\"padding:0 0 16px 0;font-size:15px;line-height:1.7;color:#4a4a4a;\">Comme tout sport de contact, il comporte un risque traumatique, mais il est aussi l&rsquo;une des premi\u00e8res disciplines \u00e0 avoir mis en place un protocole commotion structur\u00e9. La comparaison avec d&rsquo;autres sports d\u00e9pend des r\u00e8gles, du niveau pratiqu\u00e9 et de la rigueur des protocoles appliqu\u00e9s.<\/div>\n<\/details>\n<details style=\"border-bottom:1px solid #d4cfc4;padding:0;\">\n<summary style=\"cursor:pointer;padding:16px 0;font-size:17px;font-weight:700;color:#1a1a1a;list-style:none;display:flex;justify-content:space-between;align-items:center;gap:14px;\">\n        <span>Faut-il interdire le rugby aux enfants ?<\/span><br \/>\n        <span style=\"font-size:22px;font-weight:300;color:#2a5f3f;line-height:1;\">+<\/span><br \/>\n      <\/summary>\n<div style=\"padding:0 0 16px 0;font-size:15px;line-height:1.7;color:#4a4a4a;\">Non, mais la pratique chez les jeunes est progressivement adapt\u00e9e : formes de jeu sans contact ou avec contact limit\u00e9, sensibilisation des \u00e9ducateurs, surveillance accrue des chocs. L&rsquo;objectif est de pr\u00e9server le plaisir du jeu collectif tout en r\u00e9duisant l&rsquo;exposition aux impacts \u00e0 la t\u00eate.<\/div>\n<\/details>\n<details style=\"padding:0;\">\n<summary style=\"cursor:pointer;padding:16px 0;font-size:17px;font-weight:700;color:#1a1a1a;list-style:none;display:flex;justify-content:space-between;align-items:center;gap:14px;\">\n        <span>Quand faut-il consulter un m\u00e9decin apr\u00e8s un choc \u00e0 la t\u00eate ?<\/span><br \/>\n        <span style=\"font-size:22px;font-weight:300;color:#2a5f3f;line-height:1;\">+<\/span><br \/>\n      <\/summary>\n<div style=\"padding:0 0 16px 0;font-size:15px;line-height:1.7;color:#4a4a4a;\">D\u00e8s qu&rsquo;apparaissent maux de t\u00eate persistants, troubles de m\u00e9moire, vertiges, vomissements, sensibilit\u00e9 \u00e0 la lumi\u00e8re ou modifications du comportement, une consultation est recommand\u00e9e. En cas de perte de connaissance, de convulsions ou de troubles de la conscience, l&rsquo;avis m\u00e9dical doit \u00eatre imm\u00e9diat.<\/div>\n<\/details><\/div>\n<\/section>\n","protected":false},"excerpt":{"rendered":"","protected":false},"author":34,"featured_media":15272,"comment_status":"open","ping_status":"open","sticky":false,"template":"","format":"standard","meta":{"_acf_changed":false,"manual_indexmenow":false,"indexmenow_id_project":0,"footnotes":""},"categories":[1],"tags":[4551,4632,4536,4818,5327],"class_list":["post-13485","post","type-post","status-publish","format-standard","has-post-thumbnail","hentry","category-a-la-une","tag-commotions-cerebrales","tag-performance-sportive","tag-rugby","tag-sante-mentale","tag-solidarite-entre-joueurs","generate-columns","tablet-grid-50","mobile-grid-100","grid-parent","grid-25"],"acf":[],"yoast_head":"<!-- This site is optimized with the Yoast SEO Premium plugin v21.3 (Yoast SEO v26.5) - https:\/\/yoast.com\/wordpress\/plugins\/seo\/ -->\n<title>S\u00e9bastien Chabal et la perte de m\u00e9moire : un t\u00e9moignage<\/title>\n<meta name=\"description\" content=\"Un t\u00e9moignage sans fard d&#039;un pilier du XV de France : 62 Marseillaises chant\u00e9es, aucune dont il garde le souvenir. Derri\u00e8re les phrases sobres, une\u2026\" \/>\n<meta name=\"robots\" content=\"index, follow, max-snippet:-1, max-image-preview:large, max-video-preview:-1\" \/>\n<link rel=\"canonical\" href=\"https:\/\/sport-index.fr\/blog\/a-la-une\/sebastien-chabal-et-la-perte-de-memoire-un-temoignage-poignant-sur-sa-carriere-de-rugbyman\/\" \/>\n<meta property=\"og:locale\" content=\"fr_FR\" \/>\n<meta property=\"og:type\" content=\"article\" \/>\n<meta property=\"og:title\" content=\"S\u00e9bastien Chabal et la perte de m\u00e9moire : un t\u00e9moignage\" \/>\n<meta property=\"og:description\" content=\"Un t\u00e9moignage sans fard d&#039;un pilier du XV de France : 62 Marseillaises chant\u00e9es, aucune dont il garde le souvenir. Derri\u00e8re les phrases sobres, une\u2026\" \/>\n<meta property=\"og:url\" content=\"https:\/\/sport-index.fr\/blog\/a-la-une\/sebastien-chabal-et-la-perte-de-memoire-un-temoignage-poignant-sur-sa-carriere-de-rugbyman\/\" \/>\n<meta property=\"og:site_name\" content=\"sport-index\" \/>\n<meta name=\"author\" content=\"Axel Lauzier\" \/>\n<meta name=\"twitter:card\" content=\"summary_large_image\" \/>\n<script type=\"application\/ld+json\" class=\"yoast-schema-graph\">{\"@context\":\"https:\/\/schema.org\",\"@graph\":[{\"@type\":\"NewsArticle\",\"@id\":\"https:\/\/sport-index.fr\/blog\/a-la-une\/sebastien-chabal-et-la-perte-de-memoire-un-temoignage-poignant-sur-sa-carriere-de-rugbyman\/#article\",\"isPartOf\":{\"@id\":\"https:\/\/sport-index.fr\/blog\/a-la-une\/sebastien-chabal-et-la-perte-de-memoire-un-temoignage-poignant-sur-sa-carriere-de-rugbyman\/\"},\"author\":{\"name\":\"Axel Lauzier\",\"@id\":\"https:\/\/sport-index.fr\/blog\/#\/schema\/person\/3c864cdc320801e3db34b663e7e3f816\"},\"headline\":\"S\u00e9bastien Chabal et la perte de m\u00e9moire : un t\u00e9moignage poignant sur sa carri\u00e8re de rugbyman\",\"datePublished\":\"2026-05-18T17:37:20+00:00\",\"mainEntityOfPage\":{\"@id\":\"https:\/\/sport-index.fr\/blog\/a-la-une\/sebastien-chabal-et-la-perte-de-memoire-un-temoignage-poignant-sur-sa-carriere-de-rugbyman\/\"},\"wordCount\":2078,\"commentCount\":24,\"publisher\":{\"@id\":\"https:\/\/sport-index.fr\/blog\/#organization\"},\"image\":{\"@id\":\"https:\/\/sport-index.fr\/blog\/a-la-une\/sebastien-chabal-et-la-perte-de-memoire-un-temoignage-poignant-sur-sa-carriere-de-rugbyman\/#primaryimage\"},\"thumbnailUrl\":\"https:\/\/sport-index.fr\/blog\/wp-content\/uploads\/2025\/05\/sdxl-9a6eaf06b546c4e08738935afc076149-scaled.png\",\"keywords\":[\"Commotions c\u00e9r\u00e9brales\",\"Performance sportive\",\"Rugby\",\"Sant\u00e9 Mentale\",\"Solidarit\u00e9 entre joueurs\"],\"articleSection\":[\"\u00c0 la une\"],\"inLanguage\":\"fr-FR\",\"potentialAction\":[{\"@type\":\"CommentAction\",\"name\":\"Comment\",\"target\":[\"https:\/\/sport-index.fr\/blog\/a-la-une\/sebastien-chabal-et-la-perte-de-memoire-un-temoignage-poignant-sur-sa-carriere-de-rugbyman\/#respond\"]}]},{\"@type\":\"WebPage\",\"@id\":\"https:\/\/sport-index.fr\/blog\/a-la-une\/sebastien-chabal-et-la-perte-de-memoire-un-temoignage-poignant-sur-sa-carriere-de-rugbyman\/\",\"url\":\"https:\/\/sport-index.fr\/blog\/a-la-une\/sebastien-chabal-et-la-perte-de-memoire-un-temoignage-poignant-sur-sa-carriere-de-rugbyman\/\",\"name\":\"S\u00e9bastien Chabal et la perte de m\u00e9moire : un t\u00e9moignage\",\"isPartOf\":{\"@id\":\"https:\/\/sport-index.fr\/blog\/#website\"},\"primaryImageOfPage\":{\"@id\":\"https:\/\/sport-index.fr\/blog\/a-la-une\/sebastien-chabal-et-la-perte-de-memoire-un-temoignage-poignant-sur-sa-carriere-de-rugbyman\/#primaryimage\"},\"image\":{\"@id\":\"https:\/\/sport-index.fr\/blog\/a-la-une\/sebastien-chabal-et-la-perte-de-memoire-un-temoignage-poignant-sur-sa-carriere-de-rugbyman\/#primaryimage\"},\"thumbnailUrl\":\"https:\/\/sport-index.fr\/blog\/wp-content\/uploads\/2025\/05\/sdxl-9a6eaf06b546c4e08738935afc076149-scaled.png\",\"datePublished\":\"2026-05-18T17:37:20+00:00\",\"description\":\"Un t\u00e9moignage sans fard d'un pilier du XV de France : 62 Marseillaises chant\u00e9es, aucune dont il garde le souvenir. Derri\u00e8re les phrases sobres, une\u2026\",\"inLanguage\":\"fr-FR\",\"potentialAction\":[{\"@type\":\"ReadAction\",\"target\":[\"https:\/\/sport-index.fr\/blog\/a-la-une\/sebastien-chabal-et-la-perte-de-memoire-un-temoignage-poignant-sur-sa-carriere-de-rugbyman\/\"]}]},{\"@type\":\"ImageObject\",\"inLanguage\":\"fr-FR\",\"@id\":\"https:\/\/sport-index.fr\/blog\/a-la-une\/sebastien-chabal-et-la-perte-de-memoire-un-temoignage-poignant-sur-sa-carriere-de-rugbyman\/#primaryimage\",\"url\":\"https:\/\/sport-index.fr\/blog\/wp-content\/uploads\/2025\/05\/sdxl-9a6eaf06b546c4e08738935afc076149-scaled.png\",\"contentUrl\":\"https:\/\/sport-index.fr\/blog\/wp-content\/uploads\/2025\/05\/sdxl-9a6eaf06b546c4e08738935afc076149-scaled.png\",\"width\":1200,\"height\":500},{\"@type\":\"WebSite\",\"@id\":\"https:\/\/sport-index.fr\/blog\/#website\",\"url\":\"https:\/\/sport-index.fr\/blog\/\",\"name\":\"sport-index.fr\",\"description\":\"Le score de l\u2019analyse sportive.\",\"publisher\":{\"@id\":\"https:\/\/sport-index.fr\/blog\/#organization\"},\"alternateName\":\"Le score de l\u2019analyse sportive.\",\"potentialAction\":[{\"@type\":\"SearchAction\",\"target\":{\"@type\":\"EntryPoint\",\"urlTemplate\":\"https:\/\/sport-index.fr\/blog\/?s={search_term_string}\"},\"query-input\":{\"@type\":\"PropertyValueSpecification\",\"valueRequired\":true,\"valueName\":\"search_term_string\"}}],\"inLanguage\":\"fr-FR\"},{\"@type\":\"Organization\",\"@id\":\"https:\/\/sport-index.fr\/blog\/#organization\",\"name\":\"Foretsensations.fr\",\"url\":\"https:\/\/sport-index.fr\/blog\/\",\"logo\":{\"@type\":\"ImageObject\",\"inLanguage\":\"fr-FR\",\"@id\":\"https:\/\/sport-index.fr\/blog\/#\/schema\/logo\/image\/\",\"url\":\"https:\/\/sport-index.fr\/blog\/wp-content\/uploads\/2026\/07\/logo-auto.png\",\"contentUrl\":\"https:\/\/sport-index.fr\/blog\/wp-content\/uploads\/2026\/07\/logo-auto.png\",\"width\":1024,\"height\":1024,\"caption\":\"Foretsensations.fr\"},\"image\":{\"@id\":\"https:\/\/sport-index.fr\/blog\/#\/schema\/logo\/image\/\"}},{\"@type\":\"Person\",\"@id\":\"https:\/\/sport-index.fr\/blog\/#\/schema\/person\/3c864cdc320801e3db34b663e7e3f816\",\"name\":\"Axel Lauzier\",\"image\":{\"@type\":\"ImageObject\",\"inLanguage\":\"fr-FR\",\"@id\":\"https:\/\/sport-index.fr\/blog\/#\/schema\/person\/image\/\",\"url\":\"https:\/\/sport-index.fr\/blog\/wp-content\/uploads\/2026\/06\/persona_axel-l-96x96.jpg\",\"contentUrl\":\"https:\/\/sport-index.fr\/blog\/wp-content\/uploads\/2026\/06\/persona_axel-l-96x96.jpg\",\"caption\":\"Axel Lauzier\"},\"description\":\"Le sport rythme mon quotidien depuis l'enfance, et j'en ai fait mon m\u00e9tier d'analyste r\u00e9dactionnel il y a une dizaine d'ann\u00e9es. Je couvre principalement le football, son actualit\u00e9, ses transferts et l'analyse tactique des grandes affiches, mais aussi les disciplines plus confidentielles que j'aime remettre en lumi\u00e8re. Une partie de mon travail porte sur les pronostics et la lecture statistique d'un match : forme des \u00e9quipes, historique des confrontations, compositions, sans jamais vendre de fausse certitude. Je rappelle syst\u00e9matiquement que parier comporte un risque et doit rester un loisir ma\u00eetris\u00e9. Avant de signer une analyse, je v\u00e9rifie mes chiffres, je recoupe les compositions probables et je distingue toujours la donn\u00e9e brute de l'intuition. Mon objectif : offrir une lecture honn\u00eate et argument\u00e9e, pas un ticket gagnant garanti.\",\"sameAs\":[\"https:\/\/axellauzier.fr\/\"],\"url\":\"https:\/\/sport-index.fr\/blog\/auteur\/noname\/\"}]}<\/script>\n<!-- \/ Yoast SEO Premium plugin. -->","yoast_head_json":{"title":"S\u00e9bastien Chabal et la perte de m\u00e9moire : un t\u00e9moignage","description":"Un t\u00e9moignage sans fard d'un pilier du XV de France : 62 Marseillaises chant\u00e9es, aucune dont il garde le souvenir. Derri\u00e8re les phrases sobres, une\u2026","robots":{"index":"index","follow":"follow","max-snippet":"max-snippet:-1","max-image-preview":"max-image-preview:large","max-video-preview":"max-video-preview:-1"},"canonical":"https:\/\/sport-index.fr\/blog\/a-la-une\/sebastien-chabal-et-la-perte-de-memoire-un-temoignage-poignant-sur-sa-carriere-de-rugbyman\/","og_locale":"fr_FR","og_type":"article","og_title":"S\u00e9bastien Chabal et la perte de m\u00e9moire : un t\u00e9moignage","og_description":"Un t\u00e9moignage sans fard d'un pilier du XV de France : 62 Marseillaises chant\u00e9es, aucune dont il garde le souvenir. Derri\u00e8re les phrases sobres, une\u2026","og_url":"https:\/\/sport-index.fr\/blog\/a-la-une\/sebastien-chabal-et-la-perte-de-memoire-un-temoignage-poignant-sur-sa-carriere-de-rugbyman\/","og_site_name":"sport-index","author":"Axel Lauzier","twitter_card":"summary_large_image","schema":{"@context":"https:\/\/schema.org","@graph":[{"@type":"NewsArticle","@id":"https:\/\/sport-index.fr\/blog\/a-la-une\/sebastien-chabal-et-la-perte-de-memoire-un-temoignage-poignant-sur-sa-carriere-de-rugbyman\/#article","isPartOf":{"@id":"https:\/\/sport-index.fr\/blog\/a-la-une\/sebastien-chabal-et-la-perte-de-memoire-un-temoignage-poignant-sur-sa-carriere-de-rugbyman\/"},"author":{"name":"Axel Lauzier","@id":"https:\/\/sport-index.fr\/blog\/#\/schema\/person\/3c864cdc320801e3db34b663e7e3f816"},"headline":"S\u00e9bastien Chabal et la perte de m\u00e9moire : un t\u00e9moignage poignant sur sa carri\u00e8re de rugbyman","datePublished":"2026-05-18T17:37:20+00:00","mainEntityOfPage":{"@id":"https:\/\/sport-index.fr\/blog\/a-la-une\/sebastien-chabal-et-la-perte-de-memoire-un-temoignage-poignant-sur-sa-carriere-de-rugbyman\/"},"wordCount":2078,"commentCount":24,"publisher":{"@id":"https:\/\/sport-index.fr\/blog\/#organization"},"image":{"@id":"https:\/\/sport-index.fr\/blog\/a-la-une\/sebastien-chabal-et-la-perte-de-memoire-un-temoignage-poignant-sur-sa-carriere-de-rugbyman\/#primaryimage"},"thumbnailUrl":"https:\/\/sport-index.fr\/blog\/wp-content\/uploads\/2025\/05\/sdxl-9a6eaf06b546c4e08738935afc076149-scaled.png","keywords":["Commotions c\u00e9r\u00e9brales","Performance sportive","Rugby","Sant\u00e9 Mentale","Solidarit\u00e9 entre joueurs"],"articleSection":["\u00c0 la une"],"inLanguage":"fr-FR","potentialAction":[{"@type":"CommentAction","name":"Comment","target":["https:\/\/sport-index.fr\/blog\/a-la-une\/sebastien-chabal-et-la-perte-de-memoire-un-temoignage-poignant-sur-sa-carriere-de-rugbyman\/#respond"]}]},{"@type":"WebPage","@id":"https:\/\/sport-index.fr\/blog\/a-la-une\/sebastien-chabal-et-la-perte-de-memoire-un-temoignage-poignant-sur-sa-carriere-de-rugbyman\/","url":"https:\/\/sport-index.fr\/blog\/a-la-une\/sebastien-chabal-et-la-perte-de-memoire-un-temoignage-poignant-sur-sa-carriere-de-rugbyman\/","name":"S\u00e9bastien Chabal et la perte de m\u00e9moire : un t\u00e9moignage","isPartOf":{"@id":"https:\/\/sport-index.fr\/blog\/#website"},"primaryImageOfPage":{"@id":"https:\/\/sport-index.fr\/blog\/a-la-une\/sebastien-chabal-et-la-perte-de-memoire-un-temoignage-poignant-sur-sa-carriere-de-rugbyman\/#primaryimage"},"image":{"@id":"https:\/\/sport-index.fr\/blog\/a-la-une\/sebastien-chabal-et-la-perte-de-memoire-un-temoignage-poignant-sur-sa-carriere-de-rugbyman\/#primaryimage"},"thumbnailUrl":"https:\/\/sport-index.fr\/blog\/wp-content\/uploads\/2025\/05\/sdxl-9a6eaf06b546c4e08738935afc076149-scaled.png","datePublished":"2026-05-18T17:37:20+00:00","description":"Un t\u00e9moignage sans fard d'un pilier du XV de France : 62 Marseillaises chant\u00e9es, aucune dont il garde le souvenir. Derri\u00e8re les phrases sobres, une\u2026","inLanguage":"fr-FR","potentialAction":[{"@type":"ReadAction","target":["https:\/\/sport-index.fr\/blog\/a-la-une\/sebastien-chabal-et-la-perte-de-memoire-un-temoignage-poignant-sur-sa-carriere-de-rugbyman\/"]}]},{"@type":"ImageObject","inLanguage":"fr-FR","@id":"https:\/\/sport-index.fr\/blog\/a-la-une\/sebastien-chabal-et-la-perte-de-memoire-un-temoignage-poignant-sur-sa-carriere-de-rugbyman\/#primaryimage","url":"https:\/\/sport-index.fr\/blog\/wp-content\/uploads\/2025\/05\/sdxl-9a6eaf06b546c4e08738935afc076149-scaled.png","contentUrl":"https:\/\/sport-index.fr\/blog\/wp-content\/uploads\/2025\/05\/sdxl-9a6eaf06b546c4e08738935afc076149-scaled.png","width":1200,"height":500},{"@type":"WebSite","@id":"https:\/\/sport-index.fr\/blog\/#website","url":"https:\/\/sport-index.fr\/blog\/","name":"sport-index.fr","description":"Le score de l\u2019analyse sportive.","publisher":{"@id":"https:\/\/sport-index.fr\/blog\/#organization"},"alternateName":"Le score de l\u2019analyse sportive.","potentialAction":[{"@type":"SearchAction","target":{"@type":"EntryPoint","urlTemplate":"https:\/\/sport-index.fr\/blog\/?s={search_term_string}"},"query-input":{"@type":"PropertyValueSpecification","valueRequired":true,"valueName":"search_term_string"}}],"inLanguage":"fr-FR"},{"@type":"Organization","@id":"https:\/\/sport-index.fr\/blog\/#organization","name":"Foretsensations.fr","url":"https:\/\/sport-index.fr\/blog\/","logo":{"@type":"ImageObject","inLanguage":"fr-FR","@id":"https:\/\/sport-index.fr\/blog\/#\/schema\/logo\/image\/","url":"https:\/\/sport-index.fr\/blog\/wp-content\/uploads\/2026\/07\/logo-auto.png","contentUrl":"https:\/\/sport-index.fr\/blog\/wp-content\/uploads\/2026\/07\/logo-auto.png","width":1024,"height":1024,"caption":"Foretsensations.fr"},"image":{"@id":"https:\/\/sport-index.fr\/blog\/#\/schema\/logo\/image\/"}},{"@type":"Person","@id":"https:\/\/sport-index.fr\/blog\/#\/schema\/person\/3c864cdc320801e3db34b663e7e3f816","name":"Axel Lauzier","image":{"@type":"ImageObject","inLanguage":"fr-FR","@id":"https:\/\/sport-index.fr\/blog\/#\/schema\/person\/image\/","url":"https:\/\/sport-index.fr\/blog\/wp-content\/uploads\/2026\/06\/persona_axel-l-96x96.jpg","contentUrl":"https:\/\/sport-index.fr\/blog\/wp-content\/uploads\/2026\/06\/persona_axel-l-96x96.jpg","caption":"Axel Lauzier"},"description":"Le sport rythme mon quotidien depuis l'enfance, et j'en ai fait mon m\u00e9tier d'analyste r\u00e9dactionnel il y a une dizaine d'ann\u00e9es. Je couvre principalement le football, son actualit\u00e9, ses transferts et l'analyse tactique des grandes affiches, mais aussi les disciplines plus confidentielles que j'aime remettre en lumi\u00e8re. Une partie de mon travail porte sur les pronostics et la lecture statistique d'un match : forme des \u00e9quipes, historique des confrontations, compositions, sans jamais vendre de fausse certitude. Je rappelle syst\u00e9matiquement que parier comporte un risque et doit rester un loisir ma\u00eetris\u00e9. Avant de signer une analyse, je v\u00e9rifie mes chiffres, je recoupe les compositions probables et je distingue toujours la donn\u00e9e brute de l'intuition. Mon objectif : offrir une lecture honn\u00eate et argument\u00e9e, pas un ticket gagnant garanti.","sameAs":["https:\/\/axellauzier.fr\/"],"url":"https:\/\/sport-index.fr\/blog\/auteur\/noname\/"}]}},"_links":{"self":[{"href":"https:\/\/sport-index.fr\/blog\/wp-json\/wp\/v2\/posts\/13485","targetHints":{"allow":["GET"]}}],"collection":[{"href":"https:\/\/sport-index.fr\/blog\/wp-json\/wp\/v2\/posts"}],"about":[{"href":"https:\/\/sport-index.fr\/blog\/wp-json\/wp\/v2\/types\/post"}],"author":[{"embeddable":true,"href":"https:\/\/sport-index.fr\/blog\/wp-json\/wp\/v2\/users\/34"}],"replies":[{"embeddable":true,"href":"https:\/\/sport-index.fr\/blog\/wp-json\/wp\/v2\/comments?post=13485"}],"version-history":[{"count":1,"href":"https:\/\/sport-index.fr\/blog\/wp-json\/wp\/v2\/posts\/13485\/revisions"}],"predecessor-version":[{"id":17960,"href":"https:\/\/sport-index.fr\/blog\/wp-json\/wp\/v2\/posts\/13485\/revisions\/17960"}],"wp:featuredmedia":[{"embeddable":true,"href":"https:\/\/sport-index.fr\/blog\/wp-json\/wp\/v2\/media\/15272"}],"wp:attachment":[{"href":"https:\/\/sport-index.fr\/blog\/wp-json\/wp\/v2\/media?parent=13485"}],"wp:term":[{"taxonomy":"category","embeddable":true,"href":"https:\/\/sport-index.fr\/blog\/wp-json\/wp\/v2\/categories?post=13485"},{"taxonomy":"post_tag","embeddable":true,"href":"https:\/\/sport-index.fr\/blog\/wp-json\/wp\/v2\/tags?post=13485"}],"curies":[{"name":"wp","href":"https:\/\/api.w.org\/{rel}","templated":true}]}}