{"id":13501,"date":"2026-09-01T16:56:31","date_gmt":"2026-09-01T14:56:31","guid":{"rendered":"https:\/\/sport-index.fr\/blog\/a-la-une\/pro-d2-valence-romans-face-a-grenoble-un-match-decisif-pour-respirer-en-fin-de-saison\/"},"modified":"2026-09-01T16:57:06","modified_gmt":"2026-09-01T14:57:06","slug":"pro-d2-valence-romans-face-a-grenoble-un-match-decisif-pour-respirer-en-fin-de-saison","status":"publish","type":"post","link":"https:\/\/sport-index.fr\/blog\/a-la-une\/pro-d2-valence-romans-face-a-grenoble-un-match-decisif-pour-respirer-en-fin-de-saison\/","title":{"rendered":"Pro D2 : Valence Romans \u2013 Grenoble (26-22), le match d\u00e9cisif du 10 avril 2025"},"content":{"rendered":"<link rel=\"stylesheet\" href=\"https:\/\/fonts.googleapis.com\/css2?family=Newsreader:ital,opsz,wght@0,6..72,500;0,6..72,700;1,6..72,500&#038;family=Inter:wght@400;500;600;700&#038;family=JetBrains+Mono:wght@500;700&#038;display=swap\">\n<style>\n.spx-actu-wrap{--spx-ink:#12161c;--spx-acc:#b3122e;--spx-acc2:#123a7a;--spx-mut:#5b6472;--spx-line:#e3e6ec;--spx-soft:#fbf7f7;font-family:\"Inter\",system-ui,sans-serif;color:var(--spx-ink);line-height:1.68;font-size:17px}\n.spx-actu-wrap h2{font-family:\"Newsreader\",Georgia,serif;font-weight:700;font-size:clamp(24px,3.2vw,33px);letter-spacing:-.015em;line-height:1.22;margin:48px 0 14px;color:var(--spx-ink)}\n.spx-actu-wrap h3{font-family:\"Newsreader\",Georgia,serif;font-weight:700;font-size:20px;margin:26px 0 8px}\n.spx-actu-dateline{font-family:\"JetBrains Mono\",ui-monospace,monospace;font-size:12px;font-weight:700;letter-spacing:.09em;text-transform:uppercase;color:var(--spx-acc);margin:0 0 10px}\n.spx-actu-lead{font-family:\"Newsreader\",Georgia,serif;font-size:clamp(19px,2.3vw,22px);line-height:1.5;font-weight:500;color:#2a3140;margin:0 0 26px}\n.spx-actu-key{background:var(--spx-soft);border:1px solid var(--spx-line);border-left:5px solid var(--spx-acc);border-radius:12px;padding:22px 24px;margin:26px 0;box-shadow:0 1px 2px rgba(16,24,40,.05),0 12px 28px -18px rgba(16,24,40,.22)}\n.spx-actu-key .spx-actu-kt{font-family:\"JetBrains Mono\",monospace;font-size:11px;font-weight:700;letter-spacing:.12em;text-transform:uppercase;color:var(--spx-acc);margin-bottom:12px}\n.spx-actu-key ul{margin:0;padding-left:20px}\n.spx-actu-key li{margin:7px 0}\n.spx-actu-score{display:flex;flex-wrap:wrap;align-items:center;gap:18px;border:1px solid var(--spx-line);border-top:3px solid var(--spx-acc);border-radius:14px;padding:20px 24px;margin:26px 0;background:#fff;transition:.25s ease;box-shadow:0 1px 2px rgba(16,24,40,.05),0 12px 28px -18px rgba(16,24,40,.22)}\n.spx-actu-score:hover{transform:translateY(-3px)}\n.spx-actu-team{font-family:\"Newsreader\",Georgia,serif;font-size:21px;font-weight:700}\n.spx-actu-num{font-family:\"JetBrains Mono\",monospace;font-size:34px;font-weight:700;color:var(--spx-acc);letter-spacing:-.02em}\n.spx-actu-meta{margin-left:auto;font-size:13px;color:var(--spx-mut);font-family:\"JetBrains Mono\",monospace}\n.spx-actu-tl{list-style:none;margin:24px 0;padding:0;border-left:2px solid var(--spx-line)}\n.spx-actu-tl li{position:relative;padding:0 0 18px 22px;font-size:16px}\n.spx-actu-tl li:before{content:\"\";position:absolute;left:-7px;top:8px;width:12px;height:12px;border-radius:50%;background:var(--spx-acc);border:2px solid #fff}\n.spx-actu-tl b{font-family:\"JetBrains Mono\",monospace;font-size:13px;color:var(--spx-acc);display:inline-block;min-width:74px}\n.spx-actu-tw{overflow-x:auto;border:1px solid var(--spx-line);border-radius:12px;margin:24px 0}\n.spx-actu-wrap table.spx-actu-t{border-collapse:collapse;width:100%;font-size:15px;background:#fff}\n.spx-actu-t th{background:#f4f2f3;text-align:left;padding:11px 14px;font-size:12px;letter-spacing:.06em;text-transform:uppercase;color:var(--spx-mut);font-weight:700;border-bottom:1px solid var(--spx-line)}\n.spx-actu-t td{padding:11px 14px;border-bottom:1px solid #eef0f4}\n.spx-actu-t tr:last-child td{border-bottom:none}\n.spx-actu-t tbody tr:nth-child(even) td{background:#fafbfc}\n.spx-actu-t td.spx-actu-mono{font-family:\"JetBrains Mono\",monospace;font-weight:700}\n.spx-actu-quote{border-left:4px solid var(--spx-acc);padding:6px 0 6px 20px;margin:28px 0;font-family:\"Newsreader\",Georgia,serif;font-style:italic;font-size:20px;line-height:1.45;color:#2a3140}\n.spx-actu-quote .spx-actu-src{display:block;font-family:\"Inter\",sans-serif;font-style:normal;font-size:13px;color:var(--spx-mut);margin-top:8px}\n.spx-actu-retain{background:#12161c;color:#eef3f9;border-radius:14px;padding:24px 26px;margin:38px 0}\n.spx-actu-retain .spx-actu-kt{color:#ff8ea3;font-family:\"JetBrains Mono\",monospace;font-size:11px;font-weight:700;letter-spacing:.12em;text-transform:uppercase;margin-bottom:12px}\n.spx-actu-retain ul{margin:0;padding-left:20px}\n.spx-actu-retain li,.spx-actu-retain span,.spx-actu-retain a{color:#eef3f9!important}\n.spx-actu-retain strong,.spx-actu-retain b{color:#ffffff!important}\n.spx-actu-wrap details.spx-actu-faq{border:1px solid var(--spx-line);border-radius:10px;padding:14px 18px;margin:10px 0;background:#fff;transition:.25s ease}\n.spx-actu-wrap details.spx-actu-faq:hover{border-color:var(--spx-acc);transform:translateY(-2px)}\n.spx-actu-wrap details.spx-actu-faq summary{cursor:pointer;font-weight:600;font-size:16px;list-style:none}\n.spx-actu-wrap details.spx-actu-faq summary::-webkit-details-marker{display:none}\n.spx-actu-wrap details.spx-actu-faq summary:before{content:\"\u2192\";color:var(--spx-acc);font-weight:700;margin-right:9px}\n.spx-actu-wrap details.spx-actu-faq[open] summary:before{content:\"\u2193\"}\n.spx-actu-fa{margin-top:10px;font-size:16px;color:#333b47}\n.spx-actu-wrap a{color:var(--spx-acc2);text-decoration:underline;text-underline-offset:2px}\n.spx-actu-note{font-size:14px;color:var(--spx-mut);border-top:1px solid var(--spx-line);padding-top:14px;margin-top:34px}\n@media(max-width:640px){.spx-actu-meta{margin-left:0;width:100%}}\n<\/style>\n<div class=\"spx-actu-wrap\">\n<div class=\"spx-actu-dateline\">Pro D2 2024-2025 \u00b7 26\u1d49 journ\u00e9e \u00b7 10 avril 2025<\/div>\n<div class=\"spx-actu-lead\">Le jeudi 10 avril 2025, en ouverture de la 26\u1d49 journ\u00e9e de Pro D2, Valence Romans Dr\u00f4me Rugby a battu le FC Grenoble 26-22 au stade Georges-Pompidou, sur un essai de p\u00e9nalit\u00e9 obtenu apr\u00e8s la sir\u00e8ne. Cet article, publi\u00e9 le soir m\u00eame comme un avant-match, est r\u00e9\u00e9crit ici au pass\u00e9, avec le r\u00e9sultat et la fin de saison d\u00e9sormais connus.<\/div>\n<div class=\"spx-actu-key\">\n<div class=\"spx-actu-kt\">L\u2019essentiel<\/div>\n<ul>\n<li><strong>Quoi<\/strong> \u2014 Valence Romans 26-22 FC Grenoble, premier match de la 26\u1d49 journ\u00e9e de Pro D2.<\/li>\n<li><strong>Quand et o\u00f9<\/strong> \u2014 jeudi 10 avril 2025, stade Georges-Pompidou \u00e0 Valence. Arbitre : M. Nuchy.<\/li>\n<li><strong>Pourquoi \u00e7a compte<\/strong> \u2014 le leader du championnat tombe chez un club de milieu de tableau, devant la premi\u00e8re affluence \u00e0 guichets ferm\u00e9s de l\u2019histoire du VRDR.<\/li>\n<\/ul>\n<\/div>\n<div class=\"spx-actu-score\">\n<span class=\"spx-actu-team\">Valence Romans<\/span><br \/>\n<span class=\"spx-actu-num\">26<\/span><br \/>\n<span class=\"spx-actu-num\">22<\/span><br \/>\n<span class=\"spx-actu-team\">FC Grenoble<\/span><br \/>\n<span class=\"spx-actu-meta\">Mi-temps 9-19 \u00b7 Essai de p\u00e9nalit\u00e9 80\u1d49+2<\/span>\n<\/div>\n<h2>Ce que l\u2019avant-match annon\u00e7ait pour Valence Romans<\/h2>\n<p>Ce texte a d\u2019abord \u00e9t\u00e9 publi\u00e9 le 10 avril 2025 \u00e0 20 h 52, quelques minutes apr\u00e8s le lancement du direct de Rugbyrama, et il parlait donc au futur. Ce que le compte rendu d\u2019avant-match \u00e9tablissait alors : le VRDR recevait le leader grenoblois avec l\u2019ambition d\u2019encha\u00eener un cinqui\u00e8me succ\u00e8s \u00e0 domicile, dans la lign\u00e9e de sa large victoire contre Provence Rugby. Grenoble, de son c\u00f4t\u00e9, venait de se rassurer en battant Mont-de-Marsan au Stade des Alpes et cherchait \u00e0 redevenir conqu\u00e9rant hors de ses bases apr\u00e8s deux revers.<\/p>\n<p>Deux pr\u00e9cisions s\u2019imposent, parce que la version pr\u00e9c\u00e9dente de cet article se trompait sur l\u2019une et inventait l\u2019autre. Le manager de Valence Romans lors de la saison 2024-2025 \u00e9tait <strong>Fabien Fortassin<\/strong>, assist\u00e9 de Scott Newlands et Vincent Pelo. <strong>Joris Moura<\/strong>, dont le nom figurait dans la l\u00e9gende photo du direct, est un <strong>joueur<\/strong> du club, arri\u00e8re international portugais arriv\u00e9 de Vannes en 2021 \u2014 il n\u2019\u00e9tait pas l\u2019entra\u00eeneur des Damiers. Et Valence Romans ne jouait pas son maintien dans l\u2019urgence ce soir-l\u00e0 : le club \u00e9voluait en milieu de tableau, loin de la zone rouge.<\/p>\n<h2>Le d\u00e9roul\u00e9 : 9-19 \u00e0 la pause, un renversement apr\u00e8s la sir\u00e8ne<\/h2>\n<p>Le choc a eu du retard \u00e0 l\u2019allumage, l\u2019arbitre M. Nuchy sifflant douze p\u00e9nalit\u00e9s dans le seul premier acte, six de chaque c\u00f4t\u00e9. Le match a d\u2019abord tourn\u00e9 au duel de buteurs entre Romain Trouilloud pour Grenoble et Lucas M\u00e9ret pour les locaux. Puis les Grenoblois, dominateurs au sol, ont concr\u00e9tis\u00e9 sur un lancement en premi\u00e8re main : sur une feinte de maul port\u00e9 de Soury, le centre Ezcurra a gagn\u00e9 son duel et aplati (6-16, 28\u1d49). Un carton jaune pour Soury juste avant la pause n\u2019a pas emp\u00each\u00e9 les visiteurs de virer en t\u00eate, 9-19.<\/p>\n<ul class=\"spx-actu-tl\">\n<li><b>28\u1d49<\/b> Essai d\u2019Ezcurra pour Grenoble, sur un lancement en premi\u00e8re main (6-16).<\/li>\n<li><b>Mi-temps<\/b> Grenoble m\u00e8ne 9-19 apr\u00e8s douze p\u00e9nalit\u00e9s siffl\u00e9es dans l\u2019acte I.<\/li>\n<li><b>54\u1d49<\/b> Essai de Mosese Mawalu pour Valence Romans, qui r\u00e9siste \u00e0 trois d\u00e9fenseurs (16-19).<\/li>\n<li><b>75\u1d49<\/b> P\u00e9nalit\u00e9 de Lucas M\u00e9ret : les Dr\u00f4mois reviennent dans les clous du bonus d\u00e9fensif (19-22).<\/li>\n<li><b>77\u1d49<\/b> Carton jaune pour Perta\u00efa c\u00f4t\u00e9 grenoblois, pour faute collective r\u00e9p\u00e9t\u00e9e.<\/li>\n<li><b>80\u1d49+2<\/b> Apr\u00e8s deux p\u00e9naltouches et un maul port\u00e9, essai de p\u00e9nalit\u00e9 : 26-22.<\/li>\n<\/ul>\n<p>Entre-temps, Grenoble avait vu un essai refus\u00e9 \u00e0 son demi de m\u00eal\u00e9e Barnab\u00e9 Couilloud, M. Nuchy estimant qu\u2019il avait perdu le contr\u00f4le du ballon au moment d\u2019aplatir apr\u00e8s une p\u00e9nalit\u00e9 jou\u00e9e rapidement. C\u2019est ce genre de d\u00e9tail, plus que la domination territoriale, qui a fait basculer la fin de rencontre du c\u00f4t\u00e9 dr\u00f4mois.<\/p>\n<div class=\"spx-actu-quote\">Une victoire qui fera date dans l\u2019histoire du VRDR.<br \/>\n<span class=\"spx-actu-src\">Compte rendu de Rugbyrama, 10 avril 2025<\/span><\/div>\n<h2>Guichets ferm\u00e9s : 7 800 spectateurs, une premi\u00e8re pour le club<\/h2>\n<p>La partie la plus mesurable de la soir\u00e9e n\u2019\u00e9tait pas sur le terrain. Pour ce derby du Dauphin\u00e9 entre deux clubs s\u00e9par\u00e9s d\u2019un peu moins de cent kilom\u00e8tres, Valence Romans a jou\u00e9 <strong>\u00e0 guichets ferm\u00e9s pour la premi\u00e8re fois de son histoire<\/strong>, avec une affluence de <strong>7 800 spectateurs<\/strong> au stade Georges-Pompidou. L\u2019ancienne version de cet article annon\u00e7ait \u00ab une ambiance \u00e9lectrique \u00bb sans le moindre chiffre ; le chiffre existe, il est sourc\u00e9, et il dit mieux la soir\u00e9e que l\u2019adjectif.<\/p>\n<h2>Ce que le r\u00e9sultat a chang\u00e9 au classement<\/h2>\n<p>Attention \u00e0 ne pas confondre les deux familles de nombres : le 26-22 d\u00e9signe les points marqu\u00e9s dans le match, les valeurs ci-dessous sont des points de classement au terme de la 26\u1d49 journ\u00e9e.<\/p>\n<div class=\"spx-actu-tw\">\n<table class=\"spx-actu-t\">\n<thead>\n<tr>\n<th>Club<\/th>\n<th>Place au 11 avril 2025<\/th>\n<th>Situation au classement<\/th>\n<\/tr>\n<\/thead>\n<tbody>\n<tr>\n<td>FC Grenoble<\/td>\n<td>1\u1d49\u02b3<\/td>\n<td>leader, neuf longueurs devant Brive<\/td>\n<\/tr>\n<tr>\n<td>CA Brive<\/td>\n<td>2\u1d49<\/td>\n<td class=\"spx-actu-mono\">76 pts<\/td>\n<\/tr>\n<tr>\n<td>Valence Romans<\/td>\n<td>8\u1d49<\/td>\n<td class=\"spx-actu-mono\">55 pts<\/td>\n<\/tr>\n<tr>\n<td>Aurillac<\/td>\n<td>15\u1d49<\/td>\n<td class=\"spx-actu-mono\">47 pts<\/td>\n<\/tr>\n<\/tbody>\n<\/table>\n<\/div>\n<p>Le succ\u00e8s a fait remonter les Dr\u00f4mois dans la premi\u00e8re partie de tableau, avec huit longueurs d\u2019avance sur le 15\u1d49. Grenoble, battu, restait un solide leader \u2014 et demeurait \u00e0 cette date la meilleure formation du championnat \u00e0 l\u2019ext\u00e9rieur, avec 27 points pris en treize d\u00e9placements.<\/p>\n<h2>La suite, d\u00e9sormais connue : maintien pour Valence, finale perdue pour Grenoble<\/h2>\n<p>Huit jours plus tard, le 18 avril 2025, Valence Romans s\u2019est lourdement inclin\u00e9 \u00e0 Oyonnax (43-17), tandis que Grenoble recevait le Stade ni\u00e7ois. Au terme de la saison r\u00e9guli\u00e8re, le FC Grenoble a termin\u00e9 <strong>premier avec 101 points<\/strong>, avec une seule unit\u00e9 d\u2019avance sur Brive (2\u1d49, 100 points). Valence Romans a fini <strong>8\u1d49 avec 68 points<\/strong> et s\u2019est maintenu sans jamais disputer les phases finales ; Aurillac a termin\u00e9 15\u1d49 avec 61 points, et c\u2019est le Stade ni\u00e7ois, 16\u1d49, qui a \u00e9t\u00e9 rel\u00e9gu\u00e9 en Nationale.<\/p>\n<p>Grenoble a ensuite \u00e9cart\u00e9 Provence Rugby en demi-finale (38-17) avant de s\u2019incliner en finale, le 7 juin 2025 \u00e0 Toulouse, face \u00e0 l\u2019US Montauban (19-24) : c\u2019est le club tarn-et-garonnais qui est mont\u00e9 en Top 14.<\/p>\n<div class=\"spx-actu-retain\">\n<div class=\"spx-actu-kt\">\u00c0 retenir<\/div>\n<ul>\n<li><strong>Valence Romans 26-22 FC Grenoble<\/strong>, 26\u1d49 journ\u00e9e de Pro D2, jeudi 10 avril 2025 au stade Georges-Pompidou.<\/li>\n<li>Victoire acquise sur un <strong>essai de p\u00e9nalit\u00e9 \u00e0 la 80\u1d49+2<\/strong>, apr\u00e8s un maul port\u00e9, alors que le VRDR \u00e9tait men\u00e9 9-19 \u00e0 la pause.<\/li>\n<li><strong>7 800 spectateurs<\/strong> et premiers guichets ferm\u00e9s de l\u2019histoire du club.<\/li>\n<li>Grenoble a termin\u00e9 <strong>1\u1d49\u02b3 de la saison r\u00e9guli\u00e8re<\/strong> mais a perdu la finale contre Montauban (19-24) ; Valence Romans a fini <strong>8\u1d49<\/strong> et s\u2019est maintenu.<\/li>\n<\/ul>\n<\/div>\n<h2>Questions fr\u00e9quentes<\/h2>\n<details class=\"spx-actu-faq\">\n<summary>Quel a \u00e9t\u00e9 le score de Valence Romans &#8211; Grenoble en avril 2025 ?<\/summary>\n<div class=\"spx-actu-fa\">Valence Romans l\u2019a emport\u00e9 26-22 le jeudi 10 avril 2025, en ouverture de la 26\u1d49 journ\u00e9e de Pro D2, sur un essai de p\u00e9nalit\u00e9 inscrit apr\u00e8s la sir\u00e8ne (80\u1d49+2).<\/div>\n<\/details>\n<details class=\"spx-actu-faq\">\n<summary>Qui entra\u00eenait Valence Romans en 2024-2025 ?<\/summary>\n<div class=\"spx-actu-fa\">Le manager \u00e9tait Fabien Fortassin, avec Scott Newlands aux avants et Vincent Pelo \u00e0 la m\u00eal\u00e9e. Joris Moura, parfois cit\u00e9 par erreur comme entra\u00eeneur, est un joueur du club (arri\u00e8re, international portugais).<\/div>\n<\/details>\n<details class=\"spx-actu-faq\">\n<summary>Valence Romans \u00e9tait-il menac\u00e9 de rel\u00e9gation \u00e0 ce moment de la saison ?<\/summary>\n<div class=\"spx-actu-fa\">Non. Apr\u00e8s cette victoire, le club pointait 8\u1d49 avec 55 points de classement, soit huit longueurs devant le 15\u1d49 (Aurillac, 47 points). Il a termin\u00e9 la saison r\u00e9guli\u00e8re 8\u1d49 avec 68 points.<\/div>\n<\/details>\n<details class=\"spx-actu-faq\">\n<summary>Qui est mont\u00e9 en Top 14 au terme de la Pro D2 2024-2025 ?<\/summary>\n<div class=\"spx-actu-fa\">L\u2019US Montauban, victorieuse du FC Grenoble en finale (24-19) le 7 juin 2025 \u00e0 Toulouse. Le Stade ni\u00e7ois, 16\u1d49, a \u00e9t\u00e9 rel\u00e9gu\u00e9 en Nationale.<\/div>\n<\/details>\n<h2>Ce que cet article ne publie plus<\/h2>\n<div class=\"spx-actu-tw\">\n<table class=\"spx-actu-t\">\n<thead>\n<tr>\n<th>Affirmation retir\u00e9e<\/th>\n<th>Motif<\/th>\n<\/tr>\n<\/thead>\n<tbody>\n<tr>\n<td>\u00ab Les Damiers, emmen\u00e9s par leur entra\u00eeneur Joris Moura \u00bb<\/td>\n<td>Faux. Joris Moura est un joueur (arri\u00e8re) du VRDR ; le manager en 2024-2025 \u00e9tait Fabien Fortassin. La source d\u2019origine ne le pr\u00e9sentait pas comme entra\u00eeneur.<\/td>\n<\/tr>\n<tr>\n<td>\u00ab l\u2019\u00e9quipe souhaite \u00e9viter toute zone de rel\u00e9gation \u00bb et \u00ab une victoire pourrait les \u00e9loigner de la zone de rel\u00e9gation \u00bb<\/td>\n<td>Faux. Valence Romans \u00e9tait en milieu de tableau (8\u1d49, 55 points apr\u00e8s ce match), \u00e0 huit longueurs du 15\u1d49.<\/td>\n<\/tr>\n<tr>\n<td>Citation attribu\u00e9e \u00e0 \u00ab un ancien joueur \u00bb : \u00ab Dans un match comme celui-ci, la d\u00e9termination et l\u2019esprit d\u2019\u00e9quipe font toute la diff\u00e9rence. \u00bb<\/td>\n<td>Aucune source, aucun locuteur identifi\u00e9. Retir\u00e9e sans remplacement.<\/td>\n<\/tr>\n<tr>\n<td>\u00ab Leurs performances en d\u00e9but de saison les ont plac\u00e9s en haut du classement \u00bb (Grenoble)<\/td>\n<td>Non sourc\u00e9 et trompeur : Grenoble \u00e9tait leader au moment du match et l\u2019est rest\u00e9 jusqu\u2019au terme de la saison r\u00e9guli\u00e8re.<\/td>\n<\/tr>\n<tr>\n<td>Toute la section sur \u00ab l\u2019ambiance \u00e9lectrique \u00bb et les \u00ab attentes des supporters \u00bb<\/td>\n<td>Remplissage sans donn\u00e9e. Remplac\u00e9e par le chiffre r\u00e9el d\u2019affluence (7 800, guichets ferm\u00e9s).<\/td>\n<\/tr>\n<\/tbody>\n<\/table>\n<\/div>\n<div class=\"spx-actu-note\">Sources : compte rendu et direct de Rugbyrama du 10 avril 2025 (archiv\u00e9s \u00e0 la r\u00e9daction) ; <a href=\"https:\/\/fr.wikipedia.org\/wiki\/Championnat_de_France_de_rugby_%C3%A0_XV_de_2e_division_2024-2025\" target=\"_blank\" rel=\"noopener nofollow\">classement et phases finales de la Pro D2 2024-2025<\/a> ; <a href=\"https:\/\/www.lnr.fr\/rugby-pro-d2\" target=\"_blank\" rel=\"noopener nofollow\">Ligue nationale de rugby<\/a> ; effectifs et staffs des clubs (<a href=\"https:\/\/fr.wikipedia.org\/wiki\/Valence_Romans_Dr%C3%B4me_Rugby\" target=\"_blank\" rel=\"noopener nofollow\">Valence Romans Dr\u00f4me Rugby<\/a>). Article publi\u00e9 le 10 avril 2025, r\u00e9\u00e9crit au pass\u00e9 le 1\u1d49\u02b3 septembre 2026.<\/div>\n<\/div>\n","protected":false},"excerpt":{"rendered":"","protected":false},"author":34,"featured_media":15268,"comment_status":"open","ping_status":"open","sticky":false,"template":"","format":"standard","meta":{"_acf_changed":false,"manual_indexmenow":false,"indexmenow_id_project":0,"footnotes":""},"categories":[1],"tags":[4898,5328,4543,4693,4695],"class_list":["post-13501","post","type-post","status-publish","format-standard","has-post-thumbnail","hentry","category-a-la-une","tag-gestion-du-stress","tag-grenoble","tag-performance","tag-pro-d2","tag-valence-romans","generate-columns","tablet-grid-50","mobile-grid-100","grid-parent","grid-25"],"acf":[],"yoast_head":"<!-- This site is optimized with the Yoast SEO Premium plugin v21.3 (Yoast SEO v26.5) - https:\/\/yoast.com\/wordpress\/plugins\/seo\/ -->\n<title>Valence Romans \u2013 Grenoble (26-22), Pro D2 du 10 avril 2025<\/title>\n<meta name=\"description\" content=\"Valence Romans a battu le FC Grenoble 26-22 le 10 avril 2025 en 26e journ\u00e9e de Pro D2 : essai de p\u00e9nalit\u00e9 apr\u00e8s la sir\u00e8ne, 7 800 spectateurs, guichets ferm\u00e9s.\" \/>\n<meta name=\"robots\" content=\"index, follow, max-snippet:-1, max-image-preview:large, max-video-preview:-1\" \/>\n<link rel=\"canonical\" href=\"https:\/\/sport-index.fr\/blog\/a-la-une\/pro-d2-valence-romans-face-a-grenoble-un-match-decisif-pour-respirer-en-fin-de-saison\/\" \/>\n<meta property=\"og:locale\" content=\"fr_FR\" \/>\n<meta property=\"og:type\" content=\"article\" \/>\n<meta property=\"og:title\" content=\"Valence Romans \u2013 Grenoble (26-22), Pro D2 du 10 avril 2025\" \/>\n<meta property=\"og:description\" content=\"Valence Romans a battu le FC Grenoble 26-22 le 10 avril 2025 en 26e journ\u00e9e de Pro D2 : essai de p\u00e9nalit\u00e9 apr\u00e8s la sir\u00e8ne, 7 800 spectateurs, guichets ferm\u00e9s.\" \/>\n<meta property=\"og:url\" content=\"https:\/\/sport-index.fr\/blog\/a-la-une\/pro-d2-valence-romans-face-a-grenoble-un-match-decisif-pour-respirer-en-fin-de-saison\/\" \/>\n<meta property=\"og:site_name\" content=\"sport-index\" \/>\n<meta name=\"author\" content=\"Axel Lauzier\" \/>\n<meta name=\"twitter:card\" content=\"summary_large_image\" \/>\n<script type=\"application\/ld+json\" class=\"yoast-schema-graph\">{\"@context\":\"https:\/\/schema.org\",\"@graph\":[{\"@type\":\"NewsArticle\",\"@id\":\"https:\/\/sport-index.fr\/blog\/a-la-une\/pro-d2-valence-romans-face-a-grenoble-un-match-decisif-pour-respirer-en-fin-de-saison\/#article\",\"isPartOf\":{\"@id\":\"https:\/\/sport-index.fr\/blog\/a-la-une\/pro-d2-valence-romans-face-a-grenoble-un-match-decisif-pour-respirer-en-fin-de-saison\/\"},\"author\":{\"name\":\"Axel Lauzier\",\"@id\":\"https:\/\/sport-index.fr\/blog\/#\/schema\/person\/3c864cdc320801e3db34b663e7e3f816\"},\"headline\":\"Pro D2 : Valence Romans \u2013 Grenoble (26-22), le match d\u00e9cisif du 10 avril 2025\",\"datePublished\":\"2026-09-01T14:56:31+00:00\",\"dateModified\":\"2026-09-01T14:57:06+00:00\",\"mainEntityOfPage\":{\"@id\":\"https:\/\/sport-index.fr\/blog\/a-la-une\/pro-d2-valence-romans-face-a-grenoble-un-match-decisif-pour-respirer-en-fin-de-saison\/\"},\"wordCount\":1455,\"commentCount\":24,\"publisher\":{\"@id\":\"https:\/\/sport-index.fr\/blog\/#organization\"},\"image\":{\"@id\":\"https:\/\/sport-index.fr\/blog\/a-la-une\/pro-d2-valence-romans-face-a-grenoble-un-match-decisif-pour-respirer-en-fin-de-saison\/#primaryimage\"},\"thumbnailUrl\":\"https:\/\/sport-index.fr\/blog\/wp-content\/uploads\/2025\/05\/sdxl-3c08b40dbbf664abce5e4f09f34bbb85-scaled.png\",\"keywords\":[\"Gestion Du Stress\",\"Grenoble\",\"Performance\",\"Pro D2\",\"Valence-Romans\"],\"articleSection\":[\"\u00c0 la une\"],\"inLanguage\":\"fr-FR\",\"potentialAction\":[{\"@type\":\"CommentAction\",\"name\":\"Comment\",\"target\":[\"https:\/\/sport-index.fr\/blog\/a-la-une\/pro-d2-valence-romans-face-a-grenoble-un-match-decisif-pour-respirer-en-fin-de-saison\/#respond\"]}]},{\"@type\":\"WebPage\",\"@id\":\"https:\/\/sport-index.fr\/blog\/a-la-une\/pro-d2-valence-romans-face-a-grenoble-un-match-decisif-pour-respirer-en-fin-de-saison\/\",\"url\":\"https:\/\/sport-index.fr\/blog\/a-la-une\/pro-d2-valence-romans-face-a-grenoble-un-match-decisif-pour-respirer-en-fin-de-saison\/\",\"name\":\"Valence Romans \u2013 Grenoble (26-22), Pro D2 du 10 avril 2025\",\"isPartOf\":{\"@id\":\"https:\/\/sport-index.fr\/blog\/#website\"},\"primaryImageOfPage\":{\"@id\":\"https:\/\/sport-index.fr\/blog\/a-la-une\/pro-d2-valence-romans-face-a-grenoble-un-match-decisif-pour-respirer-en-fin-de-saison\/#primaryimage\"},\"image\":{\"@id\":\"https:\/\/sport-index.fr\/blog\/a-la-une\/pro-d2-valence-romans-face-a-grenoble-un-match-decisif-pour-respirer-en-fin-de-saison\/#primaryimage\"},\"thumbnailUrl\":\"https:\/\/sport-index.fr\/blog\/wp-content\/uploads\/2025\/05\/sdxl-3c08b40dbbf664abce5e4f09f34bbb85-scaled.png\",\"datePublished\":\"2026-09-01T14:56:31+00:00\",\"dateModified\":\"2026-09-01T14:57:06+00:00\",\"description\":\"Valence Romans a battu le FC Grenoble 26-22 le 10 avril 2025 en 26e journ\u00e9e de Pro D2 : essai de p\u00e9nalit\u00e9 apr\u00e8s la sir\u00e8ne, 7 800 spectateurs, guichets ferm\u00e9s.\",\"inLanguage\":\"fr-FR\",\"potentialAction\":[{\"@type\":\"ReadAction\",\"target\":[\"https:\/\/sport-index.fr\/blog\/a-la-une\/pro-d2-valence-romans-face-a-grenoble-un-match-decisif-pour-respirer-en-fin-de-saison\/\"]}]},{\"@type\":\"ImageObject\",\"inLanguage\":\"fr-FR\",\"@id\":\"https:\/\/sport-index.fr\/blog\/a-la-une\/pro-d2-valence-romans-face-a-grenoble-un-match-decisif-pour-respirer-en-fin-de-saison\/#primaryimage\",\"url\":\"https:\/\/sport-index.fr\/blog\/wp-content\/uploads\/2025\/05\/sdxl-3c08b40dbbf664abce5e4f09f34bbb85-scaled.png\",\"contentUrl\":\"https:\/\/sport-index.fr\/blog\/wp-content\/uploads\/2025\/05\/sdxl-3c08b40dbbf664abce5e4f09f34bbb85-scaled.png\",\"width\":1200,\"height\":500},{\"@type\":\"WebSite\",\"@id\":\"https:\/\/sport-index.fr\/blog\/#website\",\"url\":\"https:\/\/sport-index.fr\/blog\/\",\"name\":\"sport-index.fr\",\"description\":\"Le score de l\u2019analyse sportive.\",\"publisher\":{\"@id\":\"https:\/\/sport-index.fr\/blog\/#organization\"},\"alternateName\":\"Le score de l\u2019analyse sportive.\",\"potentialAction\":[{\"@type\":\"SearchAction\",\"target\":{\"@type\":\"EntryPoint\",\"urlTemplate\":\"https:\/\/sport-index.fr\/blog\/?s={search_term_string}\"},\"query-input\":{\"@type\":\"PropertyValueSpecification\",\"valueRequired\":true,\"valueName\":\"search_term_string\"}}],\"inLanguage\":\"fr-FR\"},{\"@type\":\"Organization\",\"@id\":\"https:\/\/sport-index.fr\/blog\/#organization\",\"name\":\"Foretsensations.fr\",\"url\":\"https:\/\/sport-index.fr\/blog\/\",\"logo\":{\"@type\":\"ImageObject\",\"inLanguage\":\"fr-FR\",\"@id\":\"https:\/\/sport-index.fr\/blog\/#\/schema\/logo\/image\/\",\"url\":\"https:\/\/sport-index.fr\/blog\/wp-content\/uploads\/2026\/07\/logo-auto.png\",\"contentUrl\":\"https:\/\/sport-index.fr\/blog\/wp-content\/uploads\/2026\/07\/logo-auto.png\",\"width\":1024,\"height\":1024,\"caption\":\"Foretsensations.fr\"},\"image\":{\"@id\":\"https:\/\/sport-index.fr\/blog\/#\/schema\/logo\/image\/\"}},{\"@type\":\"Person\",\"@id\":\"https:\/\/sport-index.fr\/blog\/#\/schema\/person\/3c864cdc320801e3db34b663e7e3f816\",\"name\":\"Axel Lauzier\",\"image\":{\"@type\":\"ImageObject\",\"inLanguage\":\"fr-FR\",\"@id\":\"https:\/\/sport-index.fr\/blog\/#\/schema\/person\/image\/\",\"url\":\"https:\/\/sport-index.fr\/blog\/wp-content\/uploads\/2026\/06\/persona_axel-l-96x96.jpg\",\"contentUrl\":\"https:\/\/sport-index.fr\/blog\/wp-content\/uploads\/2026\/06\/persona_axel-l-96x96.jpg\",\"caption\":\"Axel Lauzier\"},\"description\":\"Le sport rythme mon quotidien depuis l'enfance, et j'en ai fait mon m\u00e9tier d'analyste r\u00e9dactionnel il y a une dizaine d'ann\u00e9es. Je couvre principalement le football, son actualit\u00e9, ses transferts et l'analyse tactique des grandes affiches, mais aussi les disciplines plus confidentielles que j'aime remettre en lumi\u00e8re. Une partie de mon travail porte sur les pronostics et la lecture statistique d'un match : forme des \u00e9quipes, historique des confrontations, compositions, sans jamais vendre de fausse certitude. Je rappelle syst\u00e9matiquement que parier comporte un risque et doit rester un loisir ma\u00eetris\u00e9. Avant de signer une analyse, je v\u00e9rifie mes chiffres, je recoupe les compositions probables et je distingue toujours la donn\u00e9e brute de l'intuition. Mon objectif : offrir une lecture honn\u00eate et argument\u00e9e, pas un ticket gagnant garanti.\",\"sameAs\":[\"https:\/\/axellauzier.fr\/\"],\"url\":\"https:\/\/sport-index.fr\/blog\/auteur\/noname\/\"}]}<\/script>\n<!-- \/ Yoast SEO Premium plugin. -->","yoast_head_json":{"title":"Valence Romans \u2013 Grenoble (26-22), Pro D2 du 10 avril 2025","description":"Valence Romans a battu le FC Grenoble 26-22 le 10 avril 2025 en 26e journ\u00e9e de Pro D2 : essai de p\u00e9nalit\u00e9 apr\u00e8s la sir\u00e8ne, 7 800 spectateurs, guichets ferm\u00e9s.","robots":{"index":"index","follow":"follow","max-snippet":"max-snippet:-1","max-image-preview":"max-image-preview:large","max-video-preview":"max-video-preview:-1"},"canonical":"https:\/\/sport-index.fr\/blog\/a-la-une\/pro-d2-valence-romans-face-a-grenoble-un-match-decisif-pour-respirer-en-fin-de-saison\/","og_locale":"fr_FR","og_type":"article","og_title":"Valence Romans \u2013 Grenoble (26-22), Pro D2 du 10 avril 2025","og_description":"Valence Romans a battu le FC Grenoble 26-22 le 10 avril 2025 en 26e journ\u00e9e de Pro D2 : essai de p\u00e9nalit\u00e9 apr\u00e8s la sir\u00e8ne, 7 800 spectateurs, guichets ferm\u00e9s.","og_url":"https:\/\/sport-index.fr\/blog\/a-la-une\/pro-d2-valence-romans-face-a-grenoble-un-match-decisif-pour-respirer-en-fin-de-saison\/","og_site_name":"sport-index","author":"Axel Lauzier","twitter_card":"summary_large_image","schema":{"@context":"https:\/\/schema.org","@graph":[{"@type":"NewsArticle","@id":"https:\/\/sport-index.fr\/blog\/a-la-une\/pro-d2-valence-romans-face-a-grenoble-un-match-decisif-pour-respirer-en-fin-de-saison\/#article","isPartOf":{"@id":"https:\/\/sport-index.fr\/blog\/a-la-une\/pro-d2-valence-romans-face-a-grenoble-un-match-decisif-pour-respirer-en-fin-de-saison\/"},"author":{"name":"Axel Lauzier","@id":"https:\/\/sport-index.fr\/blog\/#\/schema\/person\/3c864cdc320801e3db34b663e7e3f816"},"headline":"Pro D2 : Valence Romans \u2013 Grenoble (26-22), le match d\u00e9cisif du 10 avril 2025","datePublished":"2026-09-01T14:56:31+00:00","dateModified":"2026-09-01T14:57:06+00:00","mainEntityOfPage":{"@id":"https:\/\/sport-index.fr\/blog\/a-la-une\/pro-d2-valence-romans-face-a-grenoble-un-match-decisif-pour-respirer-en-fin-de-saison\/"},"wordCount":1455,"commentCount":24,"publisher":{"@id":"https:\/\/sport-index.fr\/blog\/#organization"},"image":{"@id":"https:\/\/sport-index.fr\/blog\/a-la-une\/pro-d2-valence-romans-face-a-grenoble-un-match-decisif-pour-respirer-en-fin-de-saison\/#primaryimage"},"thumbnailUrl":"https:\/\/sport-index.fr\/blog\/wp-content\/uploads\/2025\/05\/sdxl-3c08b40dbbf664abce5e4f09f34bbb85-scaled.png","keywords":["Gestion Du Stress","Grenoble","Performance","Pro D2","Valence-Romans"],"articleSection":["\u00c0 la une"],"inLanguage":"fr-FR","potentialAction":[{"@type":"CommentAction","name":"Comment","target":["https:\/\/sport-index.fr\/blog\/a-la-une\/pro-d2-valence-romans-face-a-grenoble-un-match-decisif-pour-respirer-en-fin-de-saison\/#respond"]}]},{"@type":"WebPage","@id":"https:\/\/sport-index.fr\/blog\/a-la-une\/pro-d2-valence-romans-face-a-grenoble-un-match-decisif-pour-respirer-en-fin-de-saison\/","url":"https:\/\/sport-index.fr\/blog\/a-la-une\/pro-d2-valence-romans-face-a-grenoble-un-match-decisif-pour-respirer-en-fin-de-saison\/","name":"Valence Romans \u2013 Grenoble (26-22), Pro D2 du 10 avril 2025","isPartOf":{"@id":"https:\/\/sport-index.fr\/blog\/#website"},"primaryImageOfPage":{"@id":"https:\/\/sport-index.fr\/blog\/a-la-une\/pro-d2-valence-romans-face-a-grenoble-un-match-decisif-pour-respirer-en-fin-de-saison\/#primaryimage"},"image":{"@id":"https:\/\/sport-index.fr\/blog\/a-la-une\/pro-d2-valence-romans-face-a-grenoble-un-match-decisif-pour-respirer-en-fin-de-saison\/#primaryimage"},"thumbnailUrl":"https:\/\/sport-index.fr\/blog\/wp-content\/uploads\/2025\/05\/sdxl-3c08b40dbbf664abce5e4f09f34bbb85-scaled.png","datePublished":"2026-09-01T14:56:31+00:00","dateModified":"2026-09-01T14:57:06+00:00","description":"Valence Romans a battu le FC Grenoble 26-22 le 10 avril 2025 en 26e journ\u00e9e de Pro D2 : essai de p\u00e9nalit\u00e9 apr\u00e8s la sir\u00e8ne, 7 800 spectateurs, guichets ferm\u00e9s.","inLanguage":"fr-FR","potentialAction":[{"@type":"ReadAction","target":["https:\/\/sport-index.fr\/blog\/a-la-une\/pro-d2-valence-romans-face-a-grenoble-un-match-decisif-pour-respirer-en-fin-de-saison\/"]}]},{"@type":"ImageObject","inLanguage":"fr-FR","@id":"https:\/\/sport-index.fr\/blog\/a-la-une\/pro-d2-valence-romans-face-a-grenoble-un-match-decisif-pour-respirer-en-fin-de-saison\/#primaryimage","url":"https:\/\/sport-index.fr\/blog\/wp-content\/uploads\/2025\/05\/sdxl-3c08b40dbbf664abce5e4f09f34bbb85-scaled.png","contentUrl":"https:\/\/sport-index.fr\/blog\/wp-content\/uploads\/2025\/05\/sdxl-3c08b40dbbf664abce5e4f09f34bbb85-scaled.png","width":1200,"height":500},{"@type":"WebSite","@id":"https:\/\/sport-index.fr\/blog\/#website","url":"https:\/\/sport-index.fr\/blog\/","name":"sport-index.fr","description":"Le score de l\u2019analyse sportive.","publisher":{"@id":"https:\/\/sport-index.fr\/blog\/#organization"},"alternateName":"Le score de l\u2019analyse sportive.","potentialAction":[{"@type":"SearchAction","target":{"@type":"EntryPoint","urlTemplate":"https:\/\/sport-index.fr\/blog\/?s={search_term_string}"},"query-input":{"@type":"PropertyValueSpecification","valueRequired":true,"valueName":"search_term_string"}}],"inLanguage":"fr-FR"},{"@type":"Organization","@id":"https:\/\/sport-index.fr\/blog\/#organization","name":"Foretsensations.fr","url":"https:\/\/sport-index.fr\/blog\/","logo":{"@type":"ImageObject","inLanguage":"fr-FR","@id":"https:\/\/sport-index.fr\/blog\/#\/schema\/logo\/image\/","url":"https:\/\/sport-index.fr\/blog\/wp-content\/uploads\/2026\/07\/logo-auto.png","contentUrl":"https:\/\/sport-index.fr\/blog\/wp-content\/uploads\/2026\/07\/logo-auto.png","width":1024,"height":1024,"caption":"Foretsensations.fr"},"image":{"@id":"https:\/\/sport-index.fr\/blog\/#\/schema\/logo\/image\/"}},{"@type":"Person","@id":"https:\/\/sport-index.fr\/blog\/#\/schema\/person\/3c864cdc320801e3db34b663e7e3f816","name":"Axel Lauzier","image":{"@type":"ImageObject","inLanguage":"fr-FR","@id":"https:\/\/sport-index.fr\/blog\/#\/schema\/person\/image\/","url":"https:\/\/sport-index.fr\/blog\/wp-content\/uploads\/2026\/06\/persona_axel-l-96x96.jpg","contentUrl":"https:\/\/sport-index.fr\/blog\/wp-content\/uploads\/2026\/06\/persona_axel-l-96x96.jpg","caption":"Axel Lauzier"},"description":"Le sport rythme mon quotidien depuis l'enfance, et j'en ai fait mon m\u00e9tier d'analyste r\u00e9dactionnel il y a une dizaine d'ann\u00e9es. Je couvre principalement le football, son actualit\u00e9, ses transferts et l'analyse tactique des grandes affiches, mais aussi les disciplines plus confidentielles que j'aime remettre en lumi\u00e8re. Une partie de mon travail porte sur les pronostics et la lecture statistique d'un match : forme des \u00e9quipes, historique des confrontations, compositions, sans jamais vendre de fausse certitude. Je rappelle syst\u00e9matiquement que parier comporte un risque et doit rester un loisir ma\u00eetris\u00e9. Avant de signer une analyse, je v\u00e9rifie mes chiffres, je recoupe les compositions probables et je distingue toujours la donn\u00e9e brute de l'intuition. Mon objectif : offrir une lecture honn\u00eate et argument\u00e9e, pas un ticket gagnant garanti.","sameAs":["https:\/\/axellauzier.fr\/"],"url":"https:\/\/sport-index.fr\/blog\/auteur\/noname\/"}]}},"_links":{"self":[{"href":"https:\/\/sport-index.fr\/blog\/wp-json\/wp\/v2\/posts\/13501","targetHints":{"allow":["GET"]}}],"collection":[{"href":"https:\/\/sport-index.fr\/blog\/wp-json\/wp\/v2\/posts"}],"about":[{"href":"https:\/\/sport-index.fr\/blog\/wp-json\/wp\/v2\/types\/post"}],"author":[{"embeddable":true,"href":"https:\/\/sport-index.fr\/blog\/wp-json\/wp\/v2\/users\/34"}],"replies":[{"embeddable":true,"href":"https:\/\/sport-index.fr\/blog\/wp-json\/wp\/v2\/comments?post=13501"}],"version-history":[{"count":2,"href":"https:\/\/sport-index.fr\/blog\/wp-json\/wp\/v2\/posts\/13501\/revisions"}],"predecessor-version":[{"id":18345,"href":"https:\/\/sport-index.fr\/blog\/wp-json\/wp\/v2\/posts\/13501\/revisions\/18345"}],"wp:featuredmedia":[{"embeddable":true,"href":"https:\/\/sport-index.fr\/blog\/wp-json\/wp\/v2\/media\/15268"}],"wp:attachment":[{"href":"https:\/\/sport-index.fr\/blog\/wp-json\/wp\/v2\/media?parent=13501"}],"wp:term":[{"taxonomy":"category","embeddable":true,"href":"https:\/\/sport-index.fr\/blog\/wp-json\/wp\/v2\/categories?post=13501"},{"taxonomy":"post_tag","embeddable":true,"href":"https:\/\/sport-index.fr\/blog\/wp-json\/wp\/v2\/tags?post=13501"}],"curies":[{"name":"wp","href":"https:\/\/api.w.org\/{rel}","templated":true}]}}