{"id":13517,"date":"2025-04-11T19:56:50","date_gmt":"2025-04-11T17:56:50","guid":{"rendered":"https:\/\/sport-index.fr\/blog\/?p=13517"},"modified":"2025-04-11T19:56:50","modified_gmt":"2025-04-11T17:56:50","slug":"le-lou-face-a-un-defi-europeen-ambitions-et-effectifs-fragilises-en-challenge-cup","status":"publish","type":"post","link":"https:\/\/sport-index.fr\/blog\/a-la-une\/le-lou-face-a-un-defi-europeen-ambitions-et-effectifs-fragilises-en-challenge-cup\/","title":{"rendered":"Le Lou face \u00e0 un d\u00e9fi europ\u00e9en : ambitions et effectifs fragilis\u00e9s en Challenge Cup"},"content":{"rendered":"<h2>Une ambition europ\u00e9enne affirm\u00e9e<\/h2>\n<p>Les joueurs du Lou, club embl\u00e9matique de Lyon, ont clairement affich\u00e9 leur d\u00e9sir de se mesurer aux meilleures \u00e9quipes europ\u00e9ennes. Avec leur r\u00e9cente victoire contre la r\u00e9serve des Sharks, ils ont valid\u00e9 leur place pour un quart de finale face aux Ospreys, une \u00e9tape cruciale dans la Challenge Cup. L&rsquo;entra\u00eeneur Karim Ghezal a soulign\u00e9 l&rsquo;importance de cette comp\u00e9tition, rappelant que le club l&rsquo;a d\u00e9j\u00e0 remport\u00e9e il y a trois ans.<\/p>\n<p>Pour le Lou, cette comp\u00e9tition n&rsquo;est pas simplement un d\u00e9fi sportif, mais aussi une occasion de prouver leur valeur sur la sc\u00e8ne internationale. Cependant, cette qu\u00eate d&rsquo;excellence soul\u00e8ve des interrogations sur la capacit\u00e9 de l&rsquo;\u00e9quipe \u00e0 jongler avec les exigences du championnat et les d\u00e9fis europ\u00e9ens. La tension est palpable alors que le club s&rsquo;efforce de maintenir ses ambitions intactes, tout en devant composer avec un effectif affaibli.<\/p>\n<h2>Un effectif en crise<\/h2>\n<p>L&rsquo;\u00e9tat actuel de l&rsquo;effectif du Lou soul\u00e8ve une v\u00e9ritable inqui\u00e9tude. Les blessures ont frapp\u00e9 durement l&rsquo;\u00e9quipe, particuli\u00e8rement aux postes cl\u00e9s de la charni\u00e8re et des piliers. La r\u00e9cente blessure de Camille Chat, un joueur crucial pour la conqu\u00eate, laisse Guillaume Marchand seul \u00e0 un poste strat\u00e9gique. Cette situation limite les options de l&rsquo;entra\u00eeneur pour effectuer des rotations et g\u00e9rer la fatigue des joueurs.<\/p>\n<p>Les joueurs cl\u00e9s tels que Couilloud, Berdeu et Radradra ont d\u00e9pass\u00e9 les 1 000 minutes de jeu. Leur endurance est mise \u00e0 l&rsquo;\u00e9preuve alors que le club se pr\u00e9pare \u00e0 affronter des adversaires de taille. La gestion des ressources humaines devient essentielle pour \u00e9viter que l&rsquo;\u00e9quipe ne s&rsquo;effondre sous la pression d&rsquo;un calendrier charg\u00e9.<\/p>\n<h2>La n\u00e9cessit\u00e9 d&rsquo;une strat\u00e9gie \u00e9quilibr\u00e9e<\/h2>\n<p>Face \u00e0 ce dilemme, Ghezal et ses joueurs se retrouvent \u00e0 un carrefour. Doivent-ils s&rsquo;engager pleinement dans la Challenge Cup, au risque de compromettre leur performance en championnat ? Th\u00e9o William, l\u2019un des piliers de l\u2019\u00e9quipe, appelle \u00e0 une approche r\u00e9fl\u00e9chie. \u00ab\u00a0Il faut jouer \u00e0 fond, car le club m\u00e9rite ces phases finales\u00a0\u00bb, d\u00e9clare-t-il, faisant \u00e9cho \u00e0 l&rsquo;ardent d\u00e9sir de l&rsquo;\u00e9quipe de briller sur la sc\u00e8ne europ\u00e9enne.<\/p>\n<p>Cependant, Ghezal temp\u00e8re les ardeurs. La gestion des \u00e9nergies est cruciale pour \u00e9viter l&rsquo;\u00e9puisement des joueurs. Les prochaines rencontres en Top 14, face \u00e0 des \u00e9quipes comme Montpellier et Clermont, risquent de devenir des \u00e9preuves redoutables si le Lou ne parvient pas \u00e0 trouver un \u00e9quilibre entre ambitions europ\u00e9ennes et exigences nationales. Un d\u00e9fi de taille qui n\u00e9cessitera une strat\u00e9gie astucieuse pour \u00e9viter de courir apr\u00e8s deux li\u00e8vres \u00e0 la fois.<\/p>\n<h2>Les cl\u00e9s de la r\u00e9ussite<\/h2>\n<p>Pour naviguer ces d\u00e9fis, le Lou devra mettre en place une s\u00e9rie de mesures cl\u00e9s. Voici quelques \u00e9l\u00e9ments \u00e0 consid\u00e9rer :<\/p>\n<ul>\n<li>\u00c9valuer l&rsquo;\u00e9tat de forme des joueurs r\u00e9guli\u00e8rement<\/li>\n<li>Planifier des rotations strat\u00e9giques pour pr\u00e9server les titulaires<\/li>\n<li>Renforcer les postes cl\u00e9s avec des joueurs de qualit\u00e9<\/li>\n<li>Adopter une approche collective pour maximiser les performances<\/li>\n<li>Communiquer efficacement sur les objectifs et les attentes<\/li>\n<\/ul>\n<blockquote><p>\n\u00ab\u00a0Si on veut batailler \u00e0 fond dans les deux comp\u00e9titions, il faudra g\u00e9rer les \u00e9nergies.\u00a0\u00bb &#8211; Karim Ghezal\n<\/p><\/blockquote>\n<p>La route est sem\u00e9e d&#8217;emb\u00fbches, mais l&rsquo;engagement du Lou \u00e0 se battre sur tous les fronts reste ind\u00e9niable. Avec une approche r\u00e9fl\u00e9chie et une gestion astucieuse de l&rsquo;effectif, le club lyonnais pourrait bien relever le d\u00e9fi qui l&rsquo;attend. Les supporters attendent avec impatience de voir comment l\u2019\u00e9quipe jonglera entre ses ambitions europ\u00e9ennes et ses obligations en championnat.<\/p>\n","protected":false},"excerpt":{"rendered":"","protected":false},"author":34,"featured_media":15255,"comment_status":"open","ping_status":"open","sticky":false,"template":"","format":"standard","meta":{"_acf_changed":false,"manual_indexmenow":false,"indexmenow_id_project":0,"footnotes":""},"categories":[1],"tags":[5304,4561,4632,4885,5329],"class_list":["post-13517","post","type-post","status-publish","format-standard","has-post-thumbnail","hentry","category-a-la-une","tag-challenge-cup","tag-gestion-des-talents","tag-performance-sportive","tag-preparation-mentale","tag-team-management","generate-columns","tablet-grid-50","mobile-grid-100","grid-parent","grid-25"],"acf":[],"yoast_head":"<!-- This site is optimized with the Yoast SEO Premium plugin v21.3 (Yoast SEO v26.5) - https:\/\/yoast.com\/wordpress\/plugins\/seo\/ -->\n<title>Le Lou face \u00e0 un d\u00e9fi europ\u00e9en : ambitions et effectifs<\/title>\n<meta name=\"description\" content=\"Une ambition europ\u00e9enne affirm\u00e9e Les joueurs du Lou, club embl\u00e9matique de Lyon, ont clairement affich\u00e9 leur d\u00e9sir de se mesurer aux meilleures \u00e9quipes\u2026\" \/>\n<meta name=\"robots\" content=\"index, follow, max-snippet:-1, max-image-preview:large, max-video-preview:-1\" \/>\n<link rel=\"canonical\" href=\"https:\/\/sport-index.fr\/blog\/a-la-une\/le-lou-face-a-un-defi-europeen-ambitions-et-effectifs-fragilises-en-challenge-cup\/\" \/>\n<meta property=\"og:locale\" content=\"fr_FR\" \/>\n<meta property=\"og:type\" content=\"article\" \/>\n<meta property=\"og:title\" content=\"Le Lou face \u00e0 un d\u00e9fi europ\u00e9en : ambitions et effectifs\" \/>\n<meta property=\"og:description\" content=\"Une ambition europ\u00e9enne affirm\u00e9e Les joueurs du Lou, club embl\u00e9matique de Lyon, ont clairement affich\u00e9 leur d\u00e9sir de se mesurer aux meilleures \u00e9quipes\u2026\" \/>\n<meta property=\"og:url\" content=\"https:\/\/sport-index.fr\/blog\/a-la-une\/le-lou-face-a-un-defi-europeen-ambitions-et-effectifs-fragilises-en-challenge-cup\/\" \/>\n<meta property=\"og:site_name\" content=\"sport-index\" \/>\n<meta name=\"author\" content=\"Axel Lauzier\" \/>\n<meta name=\"twitter:card\" content=\"summary_large_image\" \/>\n<script type=\"application\/ld+json\" class=\"yoast-schema-graph\">{\"@context\":\"https:\/\/schema.org\",\"@graph\":[{\"@type\":\"NewsArticle\",\"@id\":\"https:\/\/sport-index.fr\/blog\/a-la-une\/le-lou-face-a-un-defi-europeen-ambitions-et-effectifs-fragilises-en-challenge-cup\/#article\",\"isPartOf\":{\"@id\":\"https:\/\/sport-index.fr\/blog\/a-la-une\/le-lou-face-a-un-defi-europeen-ambitions-et-effectifs-fragilises-en-challenge-cup\/\"},\"author\":{\"name\":\"Axel Lauzier\",\"@id\":\"https:\/\/sport-index.fr\/blog\/#\/schema\/person\/3c864cdc320801e3db34b663e7e3f816\"},\"headline\":\"Le Lou face \u00e0 un d\u00e9fi europ\u00e9en : ambitions et effectifs fragilis\u00e9s en Challenge Cup\",\"datePublished\":\"2025-04-11T17:56:50+00:00\",\"mainEntityOfPage\":{\"@id\":\"https:\/\/sport-index.fr\/blog\/a-la-une\/le-lou-face-a-un-defi-europeen-ambitions-et-effectifs-fragilises-en-challenge-cup\/\"},\"wordCount\":642,\"commentCount\":25,\"publisher\":{\"@id\":\"https:\/\/sport-index.fr\/blog\/#organization\"},\"image\":{\"@id\":\"https:\/\/sport-index.fr\/blog\/a-la-une\/le-lou-face-a-un-defi-europeen-ambitions-et-effectifs-fragilises-en-challenge-cup\/#primaryimage\"},\"thumbnailUrl\":\"https:\/\/sport-index.fr\/blog\/wp-content\/uploads\/2025\/05\/sdxl-8e74f50d039fa93cf8876c1908d6b51f-scaled.png\",\"keywords\":[\"Challenge Cup\",\"Gestion des Talents\",\"Performance sportive\",\"Pr\u00e9paration Mentale\",\"Team Management\"],\"articleSection\":[\"\u00c0 la une\"],\"inLanguage\":\"fr-FR\",\"potentialAction\":[{\"@type\":\"CommentAction\",\"name\":\"Comment\",\"target\":[\"https:\/\/sport-index.fr\/blog\/a-la-une\/le-lou-face-a-un-defi-europeen-ambitions-et-effectifs-fragilises-en-challenge-cup\/#respond\"]}]},{\"@type\":\"WebPage\",\"@id\":\"https:\/\/sport-index.fr\/blog\/a-la-une\/le-lou-face-a-un-defi-europeen-ambitions-et-effectifs-fragilises-en-challenge-cup\/\",\"url\":\"https:\/\/sport-index.fr\/blog\/a-la-une\/le-lou-face-a-un-defi-europeen-ambitions-et-effectifs-fragilises-en-challenge-cup\/\",\"name\":\"Le Lou face \u00e0 un d\u00e9fi europ\u00e9en : ambitions et effectifs\",\"isPartOf\":{\"@id\":\"https:\/\/sport-index.fr\/blog\/#website\"},\"primaryImageOfPage\":{\"@id\":\"https:\/\/sport-index.fr\/blog\/a-la-une\/le-lou-face-a-un-defi-europeen-ambitions-et-effectifs-fragilises-en-challenge-cup\/#primaryimage\"},\"image\":{\"@id\":\"https:\/\/sport-index.fr\/blog\/a-la-une\/le-lou-face-a-un-defi-europeen-ambitions-et-effectifs-fragilises-en-challenge-cup\/#primaryimage\"},\"thumbnailUrl\":\"https:\/\/sport-index.fr\/blog\/wp-content\/uploads\/2025\/05\/sdxl-8e74f50d039fa93cf8876c1908d6b51f-scaled.png\",\"datePublished\":\"2025-04-11T17:56:50+00:00\",\"description\":\"Une ambition europ\u00e9enne affirm\u00e9e Les joueurs du Lou, club embl\u00e9matique de Lyon, ont clairement affich\u00e9 leur d\u00e9sir de se mesurer aux meilleures \u00e9quipes\u2026\",\"inLanguage\":\"fr-FR\",\"potentialAction\":[{\"@type\":\"ReadAction\",\"target\":[\"https:\/\/sport-index.fr\/blog\/a-la-une\/le-lou-face-a-un-defi-europeen-ambitions-et-effectifs-fragilises-en-challenge-cup\/\"]}]},{\"@type\":\"ImageObject\",\"inLanguage\":\"fr-FR\",\"@id\":\"https:\/\/sport-index.fr\/blog\/a-la-une\/le-lou-face-a-un-defi-europeen-ambitions-et-effectifs-fragilises-en-challenge-cup\/#primaryimage\",\"url\":\"https:\/\/sport-index.fr\/blog\/wp-content\/uploads\/2025\/05\/sdxl-8e74f50d039fa93cf8876c1908d6b51f-scaled.png\",\"contentUrl\":\"https:\/\/sport-index.fr\/blog\/wp-content\/uploads\/2025\/05\/sdxl-8e74f50d039fa93cf8876c1908d6b51f-scaled.png\",\"width\":1200,\"height\":500},{\"@type\":\"WebSite\",\"@id\":\"https:\/\/sport-index.fr\/blog\/#website\",\"url\":\"https:\/\/sport-index.fr\/blog\/\",\"name\":\"sport-index.fr\",\"description\":\"Le score de l\u2019analyse sportive.\",\"publisher\":{\"@id\":\"https:\/\/sport-index.fr\/blog\/#organization\"},\"alternateName\":\"Le score de l\u2019analyse sportive.\",\"potentialAction\":[{\"@type\":\"SearchAction\",\"target\":{\"@type\":\"EntryPoint\",\"urlTemplate\":\"https:\/\/sport-index.fr\/blog\/?s={search_term_string}\"},\"query-input\":{\"@type\":\"PropertyValueSpecification\",\"valueRequired\":true,\"valueName\":\"search_term_string\"}}],\"inLanguage\":\"fr-FR\"},{\"@type\":\"Organization\",\"@id\":\"https:\/\/sport-index.fr\/blog\/#organization\",\"name\":\"Foretsensations.fr\",\"url\":\"https:\/\/sport-index.fr\/blog\/\",\"logo\":{\"@type\":\"ImageObject\",\"inLanguage\":\"fr-FR\",\"@id\":\"https:\/\/sport-index.fr\/blog\/#\/schema\/logo\/image\/\",\"url\":\"https:\/\/sport-index.fr\/blog\/wp-content\/uploads\/2026\/07\/logo-auto.png\",\"contentUrl\":\"https:\/\/sport-index.fr\/blog\/wp-content\/uploads\/2026\/07\/logo-auto.png\",\"width\":1024,\"height\":1024,\"caption\":\"Foretsensations.fr\"},\"image\":{\"@id\":\"https:\/\/sport-index.fr\/blog\/#\/schema\/logo\/image\/\"}},{\"@type\":\"Person\",\"@id\":\"https:\/\/sport-index.fr\/blog\/#\/schema\/person\/3c864cdc320801e3db34b663e7e3f816\",\"name\":\"Axel Lauzier\",\"image\":{\"@type\":\"ImageObject\",\"inLanguage\":\"fr-FR\",\"@id\":\"https:\/\/sport-index.fr\/blog\/#\/schema\/person\/image\/\",\"url\":\"https:\/\/sport-index.fr\/blog\/wp-content\/uploads\/2026\/06\/persona_axel-l-96x96.jpg\",\"contentUrl\":\"https:\/\/sport-index.fr\/blog\/wp-content\/uploads\/2026\/06\/persona_axel-l-96x96.jpg\",\"caption\":\"Axel Lauzier\"},\"description\":\"Le sport rythme mon quotidien depuis l'enfance, et j'en ai fait mon m\u00e9tier d'analyste r\u00e9dactionnel il y a une dizaine d'ann\u00e9es. Je couvre principalement le football, son actualit\u00e9, ses transferts et l'analyse tactique des grandes affiches, mais aussi les disciplines plus confidentielles que j'aime remettre en lumi\u00e8re. Une partie de mon travail porte sur les pronostics et la lecture statistique d'un match : forme des \u00e9quipes, historique des confrontations, compositions, sans jamais vendre de fausse certitude. Je rappelle syst\u00e9matiquement que parier comporte un risque et doit rester un loisir ma\u00eetris\u00e9. Avant de signer une analyse, je v\u00e9rifie mes chiffres, je recoupe les compositions probables et je distingue toujours la donn\u00e9e brute de l'intuition. Mon objectif : offrir une lecture honn\u00eate et argument\u00e9e, pas un ticket gagnant garanti.\",\"sameAs\":[\"https:\/\/axellauzier.fr\/\"],\"url\":\"https:\/\/sport-index.fr\/blog\/auteur\/noname\/\"}]}<\/script>\n<!-- \/ Yoast SEO Premium plugin. -->","yoast_head_json":{"title":"Le Lou face \u00e0 un d\u00e9fi europ\u00e9en : ambitions et effectifs","description":"Une ambition europ\u00e9enne affirm\u00e9e Les joueurs du Lou, club embl\u00e9matique de Lyon, ont clairement affich\u00e9 leur d\u00e9sir de se mesurer aux meilleures \u00e9quipes\u2026","robots":{"index":"index","follow":"follow","max-snippet":"max-snippet:-1","max-image-preview":"max-image-preview:large","max-video-preview":"max-video-preview:-1"},"canonical":"https:\/\/sport-index.fr\/blog\/a-la-une\/le-lou-face-a-un-defi-europeen-ambitions-et-effectifs-fragilises-en-challenge-cup\/","og_locale":"fr_FR","og_type":"article","og_title":"Le Lou face \u00e0 un d\u00e9fi europ\u00e9en : ambitions et effectifs","og_description":"Une ambition europ\u00e9enne affirm\u00e9e Les joueurs du Lou, club embl\u00e9matique de Lyon, ont clairement affich\u00e9 leur d\u00e9sir de se mesurer aux meilleures \u00e9quipes\u2026","og_url":"https:\/\/sport-index.fr\/blog\/a-la-une\/le-lou-face-a-un-defi-europeen-ambitions-et-effectifs-fragilises-en-challenge-cup\/","og_site_name":"sport-index","author":"Axel Lauzier","twitter_card":"summary_large_image","schema":{"@context":"https:\/\/schema.org","@graph":[{"@type":"NewsArticle","@id":"https:\/\/sport-index.fr\/blog\/a-la-une\/le-lou-face-a-un-defi-europeen-ambitions-et-effectifs-fragilises-en-challenge-cup\/#article","isPartOf":{"@id":"https:\/\/sport-index.fr\/blog\/a-la-une\/le-lou-face-a-un-defi-europeen-ambitions-et-effectifs-fragilises-en-challenge-cup\/"},"author":{"name":"Axel Lauzier","@id":"https:\/\/sport-index.fr\/blog\/#\/schema\/person\/3c864cdc320801e3db34b663e7e3f816"},"headline":"Le Lou face \u00e0 un d\u00e9fi europ\u00e9en : ambitions et effectifs fragilis\u00e9s en Challenge Cup","datePublished":"2025-04-11T17:56:50+00:00","mainEntityOfPage":{"@id":"https:\/\/sport-index.fr\/blog\/a-la-une\/le-lou-face-a-un-defi-europeen-ambitions-et-effectifs-fragilises-en-challenge-cup\/"},"wordCount":642,"commentCount":25,"publisher":{"@id":"https:\/\/sport-index.fr\/blog\/#organization"},"image":{"@id":"https:\/\/sport-index.fr\/blog\/a-la-une\/le-lou-face-a-un-defi-europeen-ambitions-et-effectifs-fragilises-en-challenge-cup\/#primaryimage"},"thumbnailUrl":"https:\/\/sport-index.fr\/blog\/wp-content\/uploads\/2025\/05\/sdxl-8e74f50d039fa93cf8876c1908d6b51f-scaled.png","keywords":["Challenge Cup","Gestion des Talents","Performance sportive","Pr\u00e9paration Mentale","Team Management"],"articleSection":["\u00c0 la une"],"inLanguage":"fr-FR","potentialAction":[{"@type":"CommentAction","name":"Comment","target":["https:\/\/sport-index.fr\/blog\/a-la-une\/le-lou-face-a-un-defi-europeen-ambitions-et-effectifs-fragilises-en-challenge-cup\/#respond"]}]},{"@type":"WebPage","@id":"https:\/\/sport-index.fr\/blog\/a-la-une\/le-lou-face-a-un-defi-europeen-ambitions-et-effectifs-fragilises-en-challenge-cup\/","url":"https:\/\/sport-index.fr\/blog\/a-la-une\/le-lou-face-a-un-defi-europeen-ambitions-et-effectifs-fragilises-en-challenge-cup\/","name":"Le Lou face \u00e0 un d\u00e9fi europ\u00e9en : ambitions et effectifs","isPartOf":{"@id":"https:\/\/sport-index.fr\/blog\/#website"},"primaryImageOfPage":{"@id":"https:\/\/sport-index.fr\/blog\/a-la-une\/le-lou-face-a-un-defi-europeen-ambitions-et-effectifs-fragilises-en-challenge-cup\/#primaryimage"},"image":{"@id":"https:\/\/sport-index.fr\/blog\/a-la-une\/le-lou-face-a-un-defi-europeen-ambitions-et-effectifs-fragilises-en-challenge-cup\/#primaryimage"},"thumbnailUrl":"https:\/\/sport-index.fr\/blog\/wp-content\/uploads\/2025\/05\/sdxl-8e74f50d039fa93cf8876c1908d6b51f-scaled.png","datePublished":"2025-04-11T17:56:50+00:00","description":"Une ambition europ\u00e9enne affirm\u00e9e Les joueurs du Lou, club embl\u00e9matique de Lyon, ont clairement affich\u00e9 leur d\u00e9sir de se mesurer aux meilleures \u00e9quipes\u2026","inLanguage":"fr-FR","potentialAction":[{"@type":"ReadAction","target":["https:\/\/sport-index.fr\/blog\/a-la-une\/le-lou-face-a-un-defi-europeen-ambitions-et-effectifs-fragilises-en-challenge-cup\/"]}]},{"@type":"ImageObject","inLanguage":"fr-FR","@id":"https:\/\/sport-index.fr\/blog\/a-la-une\/le-lou-face-a-un-defi-europeen-ambitions-et-effectifs-fragilises-en-challenge-cup\/#primaryimage","url":"https:\/\/sport-index.fr\/blog\/wp-content\/uploads\/2025\/05\/sdxl-8e74f50d039fa93cf8876c1908d6b51f-scaled.png","contentUrl":"https:\/\/sport-index.fr\/blog\/wp-content\/uploads\/2025\/05\/sdxl-8e74f50d039fa93cf8876c1908d6b51f-scaled.png","width":1200,"height":500},{"@type":"WebSite","@id":"https:\/\/sport-index.fr\/blog\/#website","url":"https:\/\/sport-index.fr\/blog\/","name":"sport-index.fr","description":"Le score de l\u2019analyse sportive.","publisher":{"@id":"https:\/\/sport-index.fr\/blog\/#organization"},"alternateName":"Le score de l\u2019analyse sportive.","potentialAction":[{"@type":"SearchAction","target":{"@type":"EntryPoint","urlTemplate":"https:\/\/sport-index.fr\/blog\/?s={search_term_string}"},"query-input":{"@type":"PropertyValueSpecification","valueRequired":true,"valueName":"search_term_string"}}],"inLanguage":"fr-FR"},{"@type":"Organization","@id":"https:\/\/sport-index.fr\/blog\/#organization","name":"Foretsensations.fr","url":"https:\/\/sport-index.fr\/blog\/","logo":{"@type":"ImageObject","inLanguage":"fr-FR","@id":"https:\/\/sport-index.fr\/blog\/#\/schema\/logo\/image\/","url":"https:\/\/sport-index.fr\/blog\/wp-content\/uploads\/2026\/07\/logo-auto.png","contentUrl":"https:\/\/sport-index.fr\/blog\/wp-content\/uploads\/2026\/07\/logo-auto.png","width":1024,"height":1024,"caption":"Foretsensations.fr"},"image":{"@id":"https:\/\/sport-index.fr\/blog\/#\/schema\/logo\/image\/"}},{"@type":"Person","@id":"https:\/\/sport-index.fr\/blog\/#\/schema\/person\/3c864cdc320801e3db34b663e7e3f816","name":"Axel Lauzier","image":{"@type":"ImageObject","inLanguage":"fr-FR","@id":"https:\/\/sport-index.fr\/blog\/#\/schema\/person\/image\/","url":"https:\/\/sport-index.fr\/blog\/wp-content\/uploads\/2026\/06\/persona_axel-l-96x96.jpg","contentUrl":"https:\/\/sport-index.fr\/blog\/wp-content\/uploads\/2026\/06\/persona_axel-l-96x96.jpg","caption":"Axel Lauzier"},"description":"Le sport rythme mon quotidien depuis l'enfance, et j'en ai fait mon m\u00e9tier d'analyste r\u00e9dactionnel il y a une dizaine d'ann\u00e9es. Je couvre principalement le football, son actualit\u00e9, ses transferts et l'analyse tactique des grandes affiches, mais aussi les disciplines plus confidentielles que j'aime remettre en lumi\u00e8re. Une partie de mon travail porte sur les pronostics et la lecture statistique d'un match : forme des \u00e9quipes, historique des confrontations, compositions, sans jamais vendre de fausse certitude. Je rappelle syst\u00e9matiquement que parier comporte un risque et doit rester un loisir ma\u00eetris\u00e9. Avant de signer une analyse, je v\u00e9rifie mes chiffres, je recoupe les compositions probables et je distingue toujours la donn\u00e9e brute de l'intuition. Mon objectif : offrir une lecture honn\u00eate et argument\u00e9e, pas un ticket gagnant garanti.","sameAs":["https:\/\/axellauzier.fr\/"],"url":"https:\/\/sport-index.fr\/blog\/auteur\/noname\/"}]}},"_links":{"self":[{"href":"https:\/\/sport-index.fr\/blog\/wp-json\/wp\/v2\/posts\/13517","targetHints":{"allow":["GET"]}}],"collection":[{"href":"https:\/\/sport-index.fr\/blog\/wp-json\/wp\/v2\/posts"}],"about":[{"href":"https:\/\/sport-index.fr\/blog\/wp-json\/wp\/v2\/types\/post"}],"author":[{"embeddable":true,"href":"https:\/\/sport-index.fr\/blog\/wp-json\/wp\/v2\/users\/34"}],"replies":[{"embeddable":true,"href":"https:\/\/sport-index.fr\/blog\/wp-json\/wp\/v2\/comments?post=13517"}],"version-history":[{"count":1,"href":"https:\/\/sport-index.fr\/blog\/wp-json\/wp\/v2\/posts\/13517\/revisions"}],"predecessor-version":[{"id":13559,"href":"https:\/\/sport-index.fr\/blog\/wp-json\/wp\/v2\/posts\/13517\/revisions\/13559"}],"wp:featuredmedia":[{"embeddable":true,"href":"https:\/\/sport-index.fr\/blog\/wp-json\/wp\/v2\/media\/15255"}],"wp:attachment":[{"href":"https:\/\/sport-index.fr\/blog\/wp-json\/wp\/v2\/media?parent=13517"}],"wp:term":[{"taxonomy":"category","embeddable":true,"href":"https:\/\/sport-index.fr\/blog\/wp-json\/wp\/v2\/categories?post=13517"},{"taxonomy":"post_tag","embeddable":true,"href":"https:\/\/sport-index.fr\/blog\/wp-json\/wp\/v2\/tags?post=13517"}],"curies":[{"name":"wp","href":"https:\/\/api.w.org\/{rel}","templated":true}]}}