{"id":13554,"date":"2026-09-01T18:32:12","date_gmt":"2026-09-01T16:32:12","guid":{"rendered":"https:\/\/sport-index.fr\/blog\/?p=13554"},"modified":"2026-09-01T18:32:12","modified_gmt":"2026-09-01T16:32:12","slug":"nevers-face-a-soyaux-angouleme-un-match-decisif-pour-le-maintien-en-pro-d2","status":"publish","type":"post","link":"https:\/\/sport-index.fr\/blog\/a-la-une\/nevers-face-a-soyaux-angouleme-un-match-decisif-pour-le-maintien-en-pro-d2\/","title":{"rendered":"Nevers face \u00e0 Soyaux-Angoul\u00eame : un match d\u00e9cisif pour le maintien en Pro D2"},"content":{"rendered":"<link rel=\"stylesheet\" href=\"https:\/\/fonts.googleapis.com\/css2?family=Newsreader:ital,opsz,wght@0,6..72,500;0,6..72,600;0,6..72,700;1,6..72,500&#038;family=Inter:wght@400;500;600;700&#038;family=JetBrains+Mono:wght@500;700&#038;display=swap\">\n<style>\n.spi-actu-wrap{--spi-ink:#111b2e;--spi-acc:#0e6e63;--spi-acc-d:#0a544c;--spi-soft:#f2f8f7;--spi-line:#dfe6e4;font-family:'Inter',Helvetica,Arial,sans-serif;color:var(--spi-ink);font-size:17px;line-height:1.65}\n.spi-actu-wrap h2{font-family:'Newsreader','Inter',serif;font-weight:700;font-size:clamp(24px,3.2vw,33px);line-height:1.2;letter-spacing:-.015em;color:var(--spi-ink);margin:48px 0 14px}\n.spi-actu-wrap h3{font-family:'Newsreader','Inter',serif;font-weight:600;font-size:clamp(19px,2.2vw,22px);color:var(--spi-ink);margin:26px 0 8px}\n.spi-actu-wrap p{margin:0 0 16px}\n.spi-actu-date{display:flex;flex-wrap:wrap;align-items:center;gap:10px;font-family:'JetBrains Mono',ui-monospace,monospace;font-size:12px;font-weight:500;letter-spacing:.04em;text-transform:uppercase;color:#4b5c6b;border-top:3px solid var(--spi-acc);border-bottom:1px solid var(--spi-line);padding:12px 0;margin:0 0 24px}\n.spi-actu-date b{color:var(--spi-acc-d);font-weight:700}\n.spi-actu-chip{background:var(--spi-acc);color:#fff;border-radius:4px;padding:3px 9px;font-weight:700;letter-spacing:.06em}\n.spi-actu-lead{font-family:'Newsreader','Inter',serif;font-size:clamp(19px,2.3vw,22px);line-height:1.5;color:#25364d;margin:0 0 28px}\n.spi-actu-ess{background:var(--spi-soft);border:1px solid var(--spi-line);border-left:5px solid var(--spi-acc);border-radius:0 14px 14px 0;padding:24px 26px;margin:0 0 34px;box-shadow:0 1px 2px rgba(16,24,40,.05),0 12px 28px -18px rgba(16,24,40,.22)}\n.spi-actu-ess .spi-actu-kick{font-family:'JetBrains Mono',ui-monospace,monospace;font-size:11px;font-weight:700;letter-spacing:.12em;text-transform:uppercase;color:var(--spi-acc-d);margin-bottom:12px}\n.spi-actu-ess ul{margin:0;padding-left:0;list-style:none}\n.spi-actu-ess li{position:relative;padding-left:26px;margin:0 0 11px;font-size:17px}\n.spi-actu-ess li:last-child{margin-bottom:0}\n.spi-actu-ess li::before{content:\"\u2192\";position:absolute;left:0;top:0;color:var(--spi-acc);font-weight:700}\n.spi-actu-score{display:flex;flex-wrap:wrap;align-items:stretch;gap:0;border:1px solid var(--spi-line);border-top:3px solid var(--spi-acc);border-radius:14px;overflow:hidden;margin:30px 0;background:#fff;box-shadow:0 1px 2px rgba(16,24,40,.05),0 12px 28px -18px rgba(16,24,40,.22);transition:.25s ease}\n.spi-actu-score:hover{transform:translateY(-3px);box-shadow:0 2px 4px rgba(16,24,40,.06),0 18px 34px -18px rgba(16,24,40,.3)}\n.spi-actu-side{flex:1 1 190px;padding:22px 24px;text-align:center}\n.spi-actu-side.spi-actu-mid{flex:0 1 130px;background:var(--spi-soft);border-left:1px solid var(--spi-line);border-right:1px solid var(--spi-line);display:flex;flex-direction:column;justify-content:center}\n.spi-actu-team{font-family:'Newsreader','Inter',serif;font-weight:600;font-size:19px;color:var(--spi-ink)}\n.spi-actu-pts{font-family:'JetBrains Mono',ui-monospace,monospace;font-weight:700;font-size:44px;line-height:1.1;color:var(--spi-acc-d);margin-top:4px}\n.spi-actu-note{font-family:'JetBrains Mono',ui-monospace,monospace;font-size:11px;letter-spacing:.08em;text-transform:uppercase;color:#5b6b78;margin-top:6px}\n.spi-actu-tw{overflow-x:auto;border:1px solid var(--spi-line);border-radius:12px;margin:26px 0}\n.spi-actu-wrap table.spi-actu-t{width:100%;border-collapse:collapse;font-size:15.5px;background:#fff}\n.spi-actu-wrap table.spi-actu-t th{background:var(--spi-soft);color:var(--spi-acc-d);font-family:'JetBrains Mono',ui-monospace,monospace;font-size:11.5px;font-weight:700;letter-spacing:.08em;text-transform:uppercase;text-align:left;padding:12px 15px;border-bottom:1px solid var(--spi-line)}\n.spi-actu-wrap table.spi-actu-t td{padding:12px 15px;border-bottom:1px solid #eef2f1;vertical-align:top}\n.spi-actu-wrap table.spi-actu-t tr:nth-child(even) td{background:#fafcfb}\n.spi-actu-wrap table.spi-actu-t tr:last-child td{border-bottom:0}\n.spi-actu-grid{display:grid;grid-template-columns:repeat(auto-fit,minmax(250px,1fr));gap:22px;margin:28px 0}\n.spi-actu-card{border:1px solid var(--spi-line);border-top:3px solid var(--spi-acc);border-radius:12px;padding:22px 24px;background:#fff;transition:.25s ease;box-shadow:0 1px 2px rgba(16,24,40,.05)}\n.spi-actu-card:hover{transform:translateY(-3px);box-shadow:0 2px 4px rgba(16,24,40,.06),0 16px 30px -18px rgba(16,24,40,.28)}\n.spi-actu-card .spi-actu-kick{font-family:'JetBrains Mono',ui-monospace,monospace;font-size:11px;font-weight:700;letter-spacing:.1em;text-transform:uppercase;color:var(--spi-acc-d);margin-bottom:8px}\n.spi-actu-card .spi-actu-h{font-family:'Newsreader','Inter',serif;font-weight:600;font-size:20px;margin-bottom:8px}\n.spi-actu-txt{font-size:16px;line-height:1.6;color:#33445a}\n.spi-actu-retain{background:#0f2231;color:#eef3f9;border-radius:14px;padding:26px 28px;margin:36px 0;border-left:5px solid var(--spi-acc)}\n.spi-actu-retain .spi-actu-kick{font-family:'JetBrains Mono',ui-monospace,monospace;font-size:11px;font-weight:700;letter-spacing:.12em;text-transform:uppercase;color:#7fd6c9!important;margin-bottom:12px}\n.spi-actu-retain ul{margin:0;padding-left:20px}\n.spi-actu-retain li,.spi-actu-retain span,.spi-actu-retain div{color:#eef3f9!important}\n.spi-actu-retain li{margin:0 0 9px}\n.spi-actu-retain strong,.spi-actu-retain b{color:#ffffff!important}\n.spi-actu-faq{margin:30px 0}\n.spi-actu-faq details{border:1px solid var(--spi-line);border-radius:11px;padding:14px 18px;margin-bottom:12px;background:#fff;transition:.25s ease}\n.spi-actu-faq details:hover{border-color:var(--spi-acc);box-shadow:0 10px 24px -18px rgba(16,24,40,.4)}\n.spi-actu-faq summary{cursor:pointer;font-family:'Newsreader','Inter',serif;font-weight:600;font-size:18px;color:var(--spi-ink);list-style:none;position:relative;padding-left:26px}\n.spi-actu-faq summary::-webkit-details-marker{display:none}\n.spi-actu-faq summary::before{content:\"\u00ab\";position:absolute;left:0;top:-2px;color:var(--spi-acc);font-size:20px;font-weight:700}\n.spi-actu-faq .spi-actu-a{font-size:16px;line-height:1.62;color:#33445a;margin-top:10px}\n.spi-actu-src{border:1px dashed var(--spi-line);border-radius:12px;padding:20px 24px;margin:34px 0 0;background:#fbfdfc}\n.spi-actu-src .spi-actu-kick{font-family:'JetBrains Mono',ui-monospace,monospace;font-size:11px;font-weight:700;letter-spacing:.1em;text-transform:uppercase;color:var(--spi-acc-d);margin-bottom:10px}\n.spi-actu-src ul{margin:0;padding-left:20px;font-size:15px;line-height:1.6;color:#3b4b60}\n.spi-actu-src li{margin:0 0 7px}\n.spi-actu-wrap a{color:var(--spi-acc-d);text-decoration:underline;text-decoration-color:var(--spi-acc);text-underline-offset:3px}\n.spi-actu-wrap a:hover{color:var(--spi-acc)}\n@media(max-width:640px){.spi-actu-side.spi-actu-mid{flex:1 1 100%;border-left:0;border-right:0;border-top:1px solid var(--spi-line);border-bottom:1px solid var(--spi-line)}}\n<\/style>\n<div class=\"spi-actu-wrap\">\n<div class=\"spi-actu-date\"><span class=\"spi-actu-chip\">Pro D2<\/span><span>26\u1d49 journ\u00e9e \u00b7 Stade du Pr\u00e9 Fleuri<\/span><span>Publi\u00e9 le 11 avril 2025 \u2014 <b>v\u00e9rifi\u00e9 et corrig\u00e9 le 1\u1d49\u02b3 septembre 2026<\/b><\/span><\/div>\n<div class=\"spi-actu-lead\">\u00c9crite avant le coup d&rsquo;envoi, cette page annon\u00e7ait un match \u00ab d\u00e9cisif pour le maintien \u00bb. Le match a bien eu lieu, le 11 avril 2025 : Nevers l&rsquo;a emport\u00e9 30-23 face \u00e0 Soyaux-Angoul\u00eame. Voici la version corrig\u00e9e et v\u00e9rifi\u00e9e, r\u00e9sultat et classements \u00e0 l&rsquo;appui.<\/div>\n<div class=\"spi-actu-ess\">\n<div class=\"spi-actu-kick\">L&rsquo;essentiel<\/div>\n<ul>\n<li><b>Quoi<\/b> \u2014 USON Nevers bat le SA XV Charente <b>30-23<\/b> (mi-temps 17-16), quatre essais \u00e0 trois, lors de la 26\u1d49 journ\u00e9e de Pro D2 2024-2025.<\/li>\n<li><b>Quand &amp; o\u00f9<\/b> \u2014 vendredi 11 avril 2025, au stade du Pr\u00e9 Fleuri, \u00e0 Sermoise-sur-Loire, aux portes de Nevers. Arbitre : M. Blasco-Blaqu\u00e9.<\/li>\n<li><b>Pourquoi \u00e7a comptait<\/b> \u2014 Nevers, 10\u1d49, ne comptait que six points d&rsquo;avance sur Aurillac, 15\u1d49 et donc barragiste. Soyaux-Angoul\u00eame, 4\u1d49, jouait la consolidation de son top 6.<\/li>\n<\/ul>\n<\/div>\n<div class=\"spi-actu-score\">\n<div class=\"spi-actu-side\">\n<div class=\"spi-actu-team\">USON Nevers<\/div>\n<div class=\"spi-actu-pts\">30<\/div>\n<div class=\"spi-actu-note\">4 essais<\/div>\n<\/div>\n<div class=\"spi-actu-side spi-actu-mid\">\n<div class=\"spi-actu-note\">Mi-temps<\/div>\n<div class=\"spi-actu-team\">17-16<\/div>\n<\/div>\n<div class=\"spi-actu-side\">\n<div class=\"spi-actu-team\">SA XV Charente<\/div>\n<div class=\"spi-actu-pts\">23<\/div>\n<div class=\"spi-actu-note\">3 essais<\/div>\n<\/div>\n<\/div>\n<h2>Une rencontre cruciale pour les Neversois<\/h2>\n<p>\u00c0 l&rsquo;issue de la 25\u1d49 journ\u00e9e, l&rsquo;USON Nevers occupait la <strong>10\u1d49 place<\/strong> de la Pro D2. Une position trompeuse : le championnat \u00e9tait si resserr\u00e9 que les Nivernais ne devan\u00e7aient que de <strong>six points le Stade aurillacois, 15\u1d49<\/strong> \u2014 la seule place synonyme de match d&rsquo;accession contre un club de Nationale. D&rsquo;o\u00f9 la formule employ\u00e9e par Rugbyrama avant le coup d&rsquo;envoi : Nevers \u00ab cherchait \u00e0 assurer son maintien le plus vite possible \u00bb.<\/p>\n<p>L&rsquo;\u00e9quipe n&rsquo;arrivait pas lanc\u00e9e, contrairement \u00e0 ce que cette page a longtemps laiss\u00e9 croire. La semaine pr\u00e9c\u00e9dente, elle avait \u00e9t\u00e9 battue <strong>51-34 \u00e0 Colomiers<\/strong> en encaissant huit essais, prolongeant un travers document\u00e9 toute la saison : une attaque productive, une d\u00e9fense poreuse. Le groupe \u00e9tait alors dirig\u00e9 par <strong>Xavier P\u00e9m\u00e9ja<\/strong>, manager de l&rsquo;USON de 2016 \u00e0 2025.<\/p>\n<p><strong>Shaun Reynolds n&rsquo;\u00e9tait pas l&rsquo;entra\u00eeneur de Nevers<\/strong>, contrairement \u00e0 ce qu&rsquo;affirmait la version initiale de cet article. N\u00e9 en 1995, arriv\u00e9 d&rsquo;Afrique du Sud et du c\u00f4t\u00e9 des Lions en 2020, il est le <strong>demi d&rsquo;ouverture<\/strong> du club. La l\u00e9gende de la photo publi\u00e9e par Rugbyrama avant la rencontre le d\u00e9signait simplement comme celui qui allait \u00ab mener la barque neversoise \u00bb \u2014 sur le terrain, au poste de num\u00e9ro 10.<\/p>\n<h2>Le SAXV, un adversaire redoutable<\/h2>\n<p>La menace, elle, \u00e9tait r\u00e9elle et mesurable. \u00c0 la veille du d\u00e9placement dans la Ni\u00e8vre, <strong>Soyaux-Angoul\u00eame pointait \u00e0 la 4\u1d49 place<\/strong> et venait d&rsquo;\u00e9craser Nice 45-14. Le club charentais, entra\u00een\u00e9 par <strong>Alexandre Ruiz<\/strong>, r\u00e9alisait la meilleure saison de son histoire en Pro D2 et se pr\u00e9sentait au Pr\u00e9 Fleuri en qu\u00eate d&rsquo;une <strong>septi\u00e8me victoire \u00e0 l&rsquo;ext\u00e9rieur<\/strong>.<\/p>\n<p>Les faits ont donn\u00e9 raison \u00e0 cette m\u00e9fiance pendant une mi-temps : les Angoumoisins ont men\u00e9 le d\u00e9bat d&rsquo;entr\u00e9e, avant de laisser filer la rencontre. Nevers leur a pr\u00e9cis\u00e9ment retir\u00e9 cette septi\u00e8me victoire hors de ses bases.<\/p>\n<h2>Les cl\u00e9s du match : ce qui a r\u00e9ellement fait la diff\u00e9rence<\/h2>\n<p>Le compte rendu de Rugbyrama d\u00e9signe un facteur dominant : <strong>le jeu au pied<\/strong>. Soyaux-Angoul\u00eame a laiss\u00e9 dix points face aux perches, contre cinq pour Nevers. Adrien Bau a d&rsquo;abord pass\u00e9 deux p\u00e9nalit\u00e9s avant d&rsquo;en manquer trois de suite ; Massimo Ortolan a pris le relais au pied sans plus de r\u00e9ussite.<\/p>\n<p>Le second facteur est le <strong>ballon port\u00e9 nivernais<\/strong>, qui a rapport\u00e9 deux essais au talonneur Jean-Maxence Jules-Rosette. Le troisi\u00e8me est la <strong>discipline<\/strong> : chaque \u00e9quipe a jou\u00e9 dix minutes \u00e0 quatorze \u2014 Jules Dubecq c\u00f4t\u00e9 charentais, Alivereti Loaloa c\u00f4t\u00e9 neversois \u2014 mais seul Nevers a converti sa sup\u00e9riorit\u00e9 num\u00e9rique. La rencontre a par ailleurs \u00e9t\u00e9 interrompue une dizaine de minutes en fin de premi\u00e8re p\u00e9riode : l&rsquo;ailier Arthur Mathiron a \u00e9t\u00e9 \u00e9vacu\u00e9 sur civi\u00e8re et sous masque \u00e0 oxyg\u00e8ne apr\u00e8s un plaquage, selon le compte rendu de Rugbyrama.<\/p>\n<div class=\"spi-actu-tw\">\n<table class=\"spi-actu-t\">\n<thead>\n<tr>\n<th>\u00c9quipe<\/th>\n<th>Essais (selon Rugbyrama)<\/th>\n<th>Total<\/th>\n<\/tr>\n<\/thead>\n<tbody>\n<tr>\n<td>USON Nevers<\/td>\n<td>Jean-Maxence Jules-Rosette (\u00d72), Shaun Reynolds, Alivereti Loaloa<\/td>\n<td>4 essais \u2014 30 points<\/td>\n<\/tr>\n<tr>\n<td>SA XV Charente<\/td>\n<td>Rayne Barka, Massimo Ortolan, Eoghan Barrett<\/td>\n<td>3 essais \u2014 23 points<\/td>\n<\/tr>\n<\/tbody>\n<\/table>\n<\/div>\n<h2>\u00ab Maintien \u00bb ou \u00ab saison historique \u00bb ? Les deux, mais pas pour le m\u00eame club<\/h2>\n<p>Le 11 avril 2025, deux r\u00e9cits coexistaient sans se contredire, parce qu&rsquo;ils ne portaient pas sur le m\u00eame club. Nevers, 10\u1d49 \u00e0 six points de la place de barragiste, jouait bel et bien son maintien. Soyaux-Angoul\u00eame, 4\u1d49, signait la meilleure saison de son histoire. Le titre de cette page d\u00e9signe l&rsquo;enjeu <strong>neversois<\/strong> \u2014 il ne dit rien de la saison charentaise.<\/p>\n<div class=\"spi-actu-grid\">\n<div class=\"spi-actu-card\">\n<div class=\"spi-actu-kick\">Au 11 avril 2025<\/div>\n<div class=\"spi-actu-h\">USON Nevers \u2014 10\u1d49<\/div>\n<div class=\"spi-actu-txt\">Six points d&rsquo;avance sur Aurillac, 15\u1d49. Maintien non acquis. Le succ\u00e8s contre le SA XV le fait remonter \u00e0 la 8\u1d49 place.<\/div>\n<\/div>\n<div class=\"spi-actu-card\">\n<div class=\"spi-actu-kick\">Au 11 avril 2025<\/div>\n<div class=\"spi-actu-h\">SA XV Charente \u2014 4\u1d49<\/div>\n<div class=\"spi-actu-txt\">Six victoires \u00e0 l&rsquo;ext\u00e9rieur d\u00e9j\u00e0 acquises, meilleur exercice du club en Pro D2. La d\u00e9faite le fait glisser \u00e0 la 5\u1d49 place.<\/div>\n<\/div>\n<\/div>\n<h2>Ce que cette page annon\u00e7ait, ce que disent les faits<\/h2>\n<div class=\"spi-actu-tw\">\n<table class=\"spi-actu-t\">\n<thead>\n<tr>\n<th>Affirmation initiale<\/th>\n<th>V\u00e9rification<\/th>\n<\/tr>\n<\/thead>\n<tbody>\n<tr>\n<td>\u00ab L&rsquo;\u00e9quipe, dirig\u00e9e par le talentueux Shaun Reynolds \u00bb<\/td>\n<td><strong>Faux.<\/strong> Reynolds est le demi d&rsquo;ouverture. Le manager de Nevers en 2024-2025 \u00e9tait Xavier P\u00e9m\u00e9ja ; Coenraad Basson ne lui a succ\u00e9d\u00e9 qu&rsquo;\u00e0 partir de 2025-2026.<\/td>\n<\/tr>\n<tr>\n<td>Une citation attribu\u00e9e \u00e0 Shaun Reynolds (\u00ab Chaque match est une finale\u2026 \u00bb)<\/td>\n<td><strong>Retir\u00e9e.<\/strong> Elle n&rsquo;existe dans aucune des deux publications de Rugbyrama consacr\u00e9es \u00e0 ce match.<\/td>\n<\/tr>\n<tr>\n<td>Nevers \u00ab a montr\u00e9 des signes de progr\u00e8s lors de ses derniers matchs \u00bb<\/td>\n<td><strong>Non \u00e9tay\u00e9.<\/strong> Nevers sortait d&rsquo;une d\u00e9faite 51-34 \u00e0 Colomiers, huit essais encaiss\u00e9s.<\/td>\n<\/tr>\n<tr>\n<td>\u00ab Six points d&rsquo;avance sur Aurillac \u00bb<\/td>\n<td><strong>Exact<\/strong>, mais amput\u00e9 : la source pr\u00e9cisait \u00ab Aurillac, <em>quinzi\u00e8me<\/em> \u00bb, c&rsquo;est-\u00e0-dire barragiste. C&rsquo;est ce qui donnait son sens au chiffre.<\/td>\n<\/tr>\n<tr>\n<td>Ambiance \u00ab \u00e9lectrique \u00bb, \u00ab cl\u00e9s du match \u00bb list\u00e9es \u00e0 l&rsquo;avance<\/td>\n<td><strong>Retir\u00e9es.<\/strong> R\u00e9dig\u00e9es avant le coup d&rsquo;envoi, elles ne d\u00e9crivaient rien d&rsquo;observ\u00e9. Remplac\u00e9es par le d\u00e9roul\u00e9 r\u00e9el.<\/td>\n<\/tr>\n<tr>\n<td>Arbitre et auteur de la source, absents de la version initiale<\/td>\n<td><strong>Restitu\u00e9s.<\/strong> Arbitrage de M. Blasco-Blaqu\u00e9 ; direct et compte rendu sign\u00e9s Mickael Pinta pour Rugbyrama.<\/td>\n<\/tr>\n<\/tbody>\n<\/table>\n<\/div>\n<h2>Ce que la fin de saison a donn\u00e9<\/h2>\n<p>Une semaine plus tard, Nevers battait Biarritz 35-15 et Soyaux-Angoul\u00eame s&rsquo;inclinait \u00e0 domicile face \u00e0 Montauban <strong>18-19<\/strong>, glissant \u00e0 la 7\u1d49 place. Au terme des trente journ\u00e9es, l&rsquo;USON terminait <strong>10\u1d49<\/strong> (14 victoires, 16 d\u00e9faites) et se maintenait. Le SA XV finissait <strong>5\u1d49<\/strong> (17 victoires, 2 nuls, 11 d\u00e9faites), son meilleur classement en Pro D2, avant d&rsquo;\u00eatre \u00e9limin\u00e9 en barrage \u00e0 Aix-en-Provence par Provence Rugby, <strong>49-22<\/strong>, le 22 mai 2025.<\/p>\n<p>Aurillac, 15\u1d49, disputait le match d&rsquo;accession ; le Stade ni\u00e7ois, 16\u1d49, \u00e9tait rel\u00e9gu\u00e9. Et c&rsquo;est Montauban, seulement 6\u1d49 de la phase r\u00e9guli\u00e8re, qui a soulev\u00e9 le troph\u00e9e en battant Grenoble <strong>24-19<\/strong> en finale au stade Ernest-Wallon, le 7 juin 2025, pour rejoindre le Top 14.<\/p>\n<div class=\"spi-actu-retain\">\n<div class=\"spi-actu-kick\">\u00c0 retenir<\/div>\n<ul>\n<li><strong>Nevers 30-23 Soyaux-Angoul\u00eame<\/strong>, 26\u1d49 journ\u00e9e de Pro D2, le 11 avril 2025 au Pr\u00e9 Fleuri.<\/li>\n<li>Le pied a fait le match : <strong>dix points laiss\u00e9s<\/strong> aux perches par le SA XV, cinq par Nevers.<\/li>\n<li>Le titre parlait du maintien de <strong>Nevers<\/strong> \u2014 pas de la saison de Soyaux-Angoul\u00eame, qui fut la meilleure de son histoire.<\/li>\n<li>Bilan final : Nevers <strong>10\u1d49 et maintenu<\/strong>, Soyaux-Angoul\u00eame <strong>5\u1d49<\/strong> puis \u00e9limin\u00e9 en barrage.<\/li>\n<\/ul>\n<\/div>\n<h2>Questions fr\u00e9quentes<\/h2>\n<div class=\"spi-actu-faq\">\n<details>\n<summary>Quel a \u00e9t\u00e9 le score de Nevers &#8211; Soyaux-Angoul\u00eame le 11 avril 2025 ?<\/summary>\n<div class=\"spi-actu-a\">Nevers l&rsquo;a emport\u00e9 30-23, apr\u00e8s avoir men\u00e9 17-16 \u00e0 la pause. Quatre essais \u00e0 trois, sans bonus offensif pour Nevers ni bonus d\u00e9fensif pour le SA XV, l&rsquo;\u00e9cart final d\u00e9passant cinq points.<\/div>\n<\/details>\n<details>\n<summary>Nevers \u00e9tait-il vraiment menac\u00e9 de rel\u00e9gation ?<\/summary>\n<div class=\"spi-actu-a\">Menac\u00e9, non ; pas encore sauv\u00e9, oui. Nevers \u00e9tait 10\u1d49, mais avec seulement six points d&rsquo;avance sur le 15\u1d49, Aurillac, seule place de match d&rsquo;accession. Le club a termin\u00e9 10\u1d49 et s&rsquo;est maintenu.<\/div>\n<\/details>\n<details>\n<summary>Qui entra\u00eenait l&rsquo;USON Nevers en avril 2025 ?<\/summary>\n<div class=\"spi-actu-a\">Xavier P\u00e9m\u00e9ja, manager du club de 2016 \u00e0 2025, \u00e9paul\u00e9 par S\u00e9bastien Fouassier (avants), Guillaume Jan (arri\u00e8res) et Benjamin Thi\u00e9ry (d\u00e9fense). Coenraad Basson ne lui a succ\u00e9d\u00e9 qu&rsquo;\u00e0 compter de la saison 2025-2026.<\/div>\n<\/details>\n<details>\n<summary>Jusqu&rsquo;o\u00f9 Soyaux-Angoul\u00eame est-il all\u00e9 cette saison-l\u00e0 ?<\/summary>\n<div class=\"spi-actu-a\">Le SA XV Charente a termin\u00e9 5\u1d49 de la phase r\u00e9guli\u00e8re, son meilleur classement en Pro D2, et s&rsquo;est qualifi\u00e9 pour les barrages. Il s&rsquo;y est inclin\u00e9 49-22 \u00e0 Aix-en-Provence face \u00e0 Provence Rugby, le 22 mai 2025.<\/div>\n<\/details>\n<\/div>\n<div class=\"spi-actu-src\">\n<div class=\"spi-actu-kick\">Sources<\/div>\n<ul>\n<li>Mickael Pinta, \u00ab Pro D2. Nevers &#8211; Soyaux-Angoul\u00eame : revivez la victoire oxyg\u00e9nante des Nivernais \u00bb et \u00ab Nevers prive Soyaux-Angoul\u00eame d&rsquo;une septi\u00e8me victoire \u00e0 l&rsquo;ext\u00e9rieur \u00bb, <a href=\"https:\/\/www.rugbyrama.fr\/2025\/04\/11\/nevers-prive-soyaux-angouleme-dune-septieme-victoire-a-lexterieur-12631533.php\" target=\"_blank\" rel=\"nofollow noopener\">Rugbyrama<\/a>, 11 avril 2025 \u2014 d\u00e9roul\u00e9 du match, arbitrage, marqueurs.<\/li>\n<li><a href=\"https:\/\/fr.wikipedia.org\/wiki\/Championnat_de_France_de_rugby_%C3%A0_XV_de_2e_division_2024-2025\" target=\"_blank\" rel=\"nofollow noopener\">Championnat de France de rugby \u00e0 XV de 2\u1d49 division 2024-2025<\/a>, Wikip\u00e9dia \u2014 r\u00e9sultats des 30 journ\u00e9es, \u00e9volution du classement, phase finale.<\/li>\n<li><a href=\"https:\/\/fr.wikipedia.org\/wiki\/USON_Nevers_Rugby\" target=\"_blank\" rel=\"nofollow noopener\">USON Nevers Rugby<\/a> et <a href=\"https:\/\/fr.wikipedia.org\/wiki\/Soyaux_Angoul%C3%AAme_XV_Charente\" target=\"_blank\" rel=\"nofollow noopener\">Soyaux Angoul\u00eame XV Charente<\/a>, Wikip\u00e9dia \u2014 effectifs, staffs, stades, historique des classements.<\/li>\n<\/ul>\n<\/div>\n<\/div>\n","protected":false},"excerpt":{"rendered":"","protected":false},"author":34,"featured_media":15250,"comment_status":"open","ping_status":"open","sticky":false,"template":"","format":"standard","meta":{"_acf_changed":false,"manual_indexmenow":false,"indexmenow_id_project":0,"footnotes":""},"categories":[1],"tags":[4745,4543,4693,5771,5773],"class_list":["post-13554","post","type-post","status-publish","format-standard","has-post-thumbnail","hentry","category-a-la-une","tag-competition","tag-performance","tag-pro-d2","tag-soyaux-angouleme","tag-uson-nevers","generate-columns","tablet-grid-50","mobile-grid-100","grid-parent","grid-25"],"acf":[],"yoast_head":"<!-- This site is optimized with the Yoast SEO Premium plugin v21.3 (Yoast SEO v26.5) - https:\/\/yoast.com\/wordpress\/plugins\/seo\/ -->\n<title>Nevers 30-23 Soyaux-Angoul\u00eame : le r\u00e9sultat de la 26e journ\u00e9e<\/title>\n<meta name=\"description\" content=\"Le 11 avril 2025, Nevers a battu Soyaux-Angoul\u00eame 30-23 au Pr\u00e9 Fleuri (26e journ\u00e9e de Pro D2). R\u00e9sultat, marqueurs, classements et fin de saison v\u00e9rifi\u00e9s.\" \/>\n<meta name=\"robots\" content=\"index, follow, max-snippet:-1, max-image-preview:large, max-video-preview:-1\" \/>\n<link rel=\"canonical\" href=\"https:\/\/sport-index.fr\/blog\/a-la-une\/nevers-face-a-soyaux-angouleme-un-match-decisif-pour-le-maintien-en-pro-d2\/\" \/>\n<meta property=\"og:locale\" content=\"fr_FR\" \/>\n<meta property=\"og:type\" content=\"article\" \/>\n<meta property=\"og:title\" content=\"Nevers 30-23 Soyaux-Angoul\u00eame : le r\u00e9sultat de la 26e journ\u00e9e\" \/>\n<meta property=\"og:description\" content=\"Le 11 avril 2025, Nevers a battu Soyaux-Angoul\u00eame 30-23 au Pr\u00e9 Fleuri (26e journ\u00e9e de Pro D2). R\u00e9sultat, marqueurs, classements et fin de saison v\u00e9rifi\u00e9s.\" \/>\n<meta property=\"og:url\" content=\"https:\/\/sport-index.fr\/blog\/a-la-une\/nevers-face-a-soyaux-angouleme-un-match-decisif-pour-le-maintien-en-pro-d2\/\" \/>\n<meta property=\"og:site_name\" content=\"sport-index\" \/>\n<meta name=\"author\" content=\"Axel Lauzier\" \/>\n<meta name=\"twitter:card\" content=\"summary_large_image\" \/>\n<script type=\"application\/ld+json\" class=\"yoast-schema-graph\">{\"@context\":\"https:\/\/schema.org\",\"@graph\":[{\"@type\":\"NewsArticle\",\"@id\":\"https:\/\/sport-index.fr\/blog\/a-la-une\/nevers-face-a-soyaux-angouleme-un-match-decisif-pour-le-maintien-en-pro-d2\/#article\",\"isPartOf\":{\"@id\":\"https:\/\/sport-index.fr\/blog\/a-la-une\/nevers-face-a-soyaux-angouleme-un-match-decisif-pour-le-maintien-en-pro-d2\/\"},\"author\":{\"name\":\"Axel Lauzier\",\"@id\":\"https:\/\/sport-index.fr\/blog\/#\/schema\/person\/3c864cdc320801e3db34b663e7e3f816\"},\"headline\":\"Nevers face \u00e0 Soyaux-Angoul\u00eame : un match d\u00e9cisif pour le maintien en Pro D2\",\"datePublished\":\"2026-09-01T16:32:12+00:00\",\"mainEntityOfPage\":{\"@id\":\"https:\/\/sport-index.fr\/blog\/a-la-une\/nevers-face-a-soyaux-angouleme-un-match-decisif-pour-le-maintien-en-pro-d2\/\"},\"wordCount\":1430,\"commentCount\":27,\"publisher\":{\"@id\":\"https:\/\/sport-index.fr\/blog\/#organization\"},\"image\":{\"@id\":\"https:\/\/sport-index.fr\/blog\/a-la-une\/nevers-face-a-soyaux-angouleme-un-match-decisif-pour-le-maintien-en-pro-d2\/#primaryimage\"},\"thumbnailUrl\":\"https:\/\/sport-index.fr\/blog\/wp-content\/uploads\/2025\/05\/sdxl-3a4cc72100065ce13e6a4a024d91bf56-scaled.png\",\"keywords\":[\"Comp\u00e9tition\",\"Performance\",\"Pro D2\",\"Soyaux-Angoul\u00eame\",\"USON Nevers\"],\"articleSection\":[\"\u00c0 la une\"],\"inLanguage\":\"fr-FR\",\"potentialAction\":[{\"@type\":\"CommentAction\",\"name\":\"Comment\",\"target\":[\"https:\/\/sport-index.fr\/blog\/a-la-une\/nevers-face-a-soyaux-angouleme-un-match-decisif-pour-le-maintien-en-pro-d2\/#respond\"]}]},{\"@type\":\"WebPage\",\"@id\":\"https:\/\/sport-index.fr\/blog\/a-la-une\/nevers-face-a-soyaux-angouleme-un-match-decisif-pour-le-maintien-en-pro-d2\/\",\"url\":\"https:\/\/sport-index.fr\/blog\/a-la-une\/nevers-face-a-soyaux-angouleme-un-match-decisif-pour-le-maintien-en-pro-d2\/\",\"name\":\"Nevers 30-23 Soyaux-Angoul\u00eame : le r\u00e9sultat de la 26e journ\u00e9e\",\"isPartOf\":{\"@id\":\"https:\/\/sport-index.fr\/blog\/#website\"},\"primaryImageOfPage\":{\"@id\":\"https:\/\/sport-index.fr\/blog\/a-la-une\/nevers-face-a-soyaux-angouleme-un-match-decisif-pour-le-maintien-en-pro-d2\/#primaryimage\"},\"image\":{\"@id\":\"https:\/\/sport-index.fr\/blog\/a-la-une\/nevers-face-a-soyaux-angouleme-un-match-decisif-pour-le-maintien-en-pro-d2\/#primaryimage\"},\"thumbnailUrl\":\"https:\/\/sport-index.fr\/blog\/wp-content\/uploads\/2025\/05\/sdxl-3a4cc72100065ce13e6a4a024d91bf56-scaled.png\",\"datePublished\":\"2026-09-01T16:32:12+00:00\",\"description\":\"Le 11 avril 2025, Nevers a battu Soyaux-Angoul\u00eame 30-23 au Pr\u00e9 Fleuri (26e journ\u00e9e de Pro D2). R\u00e9sultat, marqueurs, classements et fin de saison v\u00e9rifi\u00e9s.\",\"inLanguage\":\"fr-FR\",\"potentialAction\":[{\"@type\":\"ReadAction\",\"target\":[\"https:\/\/sport-index.fr\/blog\/a-la-une\/nevers-face-a-soyaux-angouleme-un-match-decisif-pour-le-maintien-en-pro-d2\/\"]}]},{\"@type\":\"ImageObject\",\"inLanguage\":\"fr-FR\",\"@id\":\"https:\/\/sport-index.fr\/blog\/a-la-une\/nevers-face-a-soyaux-angouleme-un-match-decisif-pour-le-maintien-en-pro-d2\/#primaryimage\",\"url\":\"https:\/\/sport-index.fr\/blog\/wp-content\/uploads\/2025\/05\/sdxl-3a4cc72100065ce13e6a4a024d91bf56-scaled.png\",\"contentUrl\":\"https:\/\/sport-index.fr\/blog\/wp-content\/uploads\/2025\/05\/sdxl-3a4cc72100065ce13e6a4a024d91bf56-scaled.png\",\"width\":1200,\"height\":500},{\"@type\":\"WebSite\",\"@id\":\"https:\/\/sport-index.fr\/blog\/#website\",\"url\":\"https:\/\/sport-index.fr\/blog\/\",\"name\":\"sport-index.fr\",\"description\":\"Le score de l\u2019analyse sportive.\",\"publisher\":{\"@id\":\"https:\/\/sport-index.fr\/blog\/#organization\"},\"alternateName\":\"Le score de l\u2019analyse sportive.\",\"potentialAction\":[{\"@type\":\"SearchAction\",\"target\":{\"@type\":\"EntryPoint\",\"urlTemplate\":\"https:\/\/sport-index.fr\/blog\/?s={search_term_string}\"},\"query-input\":{\"@type\":\"PropertyValueSpecification\",\"valueRequired\":true,\"valueName\":\"search_term_string\"}}],\"inLanguage\":\"fr-FR\"},{\"@type\":\"Organization\",\"@id\":\"https:\/\/sport-index.fr\/blog\/#organization\",\"name\":\"Foretsensations.fr\",\"url\":\"https:\/\/sport-index.fr\/blog\/\",\"logo\":{\"@type\":\"ImageObject\",\"inLanguage\":\"fr-FR\",\"@id\":\"https:\/\/sport-index.fr\/blog\/#\/schema\/logo\/image\/\",\"url\":\"https:\/\/sport-index.fr\/blog\/wp-content\/uploads\/2026\/07\/logo-auto.png\",\"contentUrl\":\"https:\/\/sport-index.fr\/blog\/wp-content\/uploads\/2026\/07\/logo-auto.png\",\"width\":1024,\"height\":1024,\"caption\":\"Foretsensations.fr\"},\"image\":{\"@id\":\"https:\/\/sport-index.fr\/blog\/#\/schema\/logo\/image\/\"}},{\"@type\":\"Person\",\"@id\":\"https:\/\/sport-index.fr\/blog\/#\/schema\/person\/3c864cdc320801e3db34b663e7e3f816\",\"name\":\"Axel Lauzier\",\"image\":{\"@type\":\"ImageObject\",\"inLanguage\":\"fr-FR\",\"@id\":\"https:\/\/sport-index.fr\/blog\/#\/schema\/person\/image\/\",\"url\":\"https:\/\/sport-index.fr\/blog\/wp-content\/uploads\/2026\/06\/persona_axel-l-96x96.jpg\",\"contentUrl\":\"https:\/\/sport-index.fr\/blog\/wp-content\/uploads\/2026\/06\/persona_axel-l-96x96.jpg\",\"caption\":\"Axel Lauzier\"},\"description\":\"Le sport rythme mon quotidien depuis l'enfance, et j'en ai fait mon m\u00e9tier d'analyste r\u00e9dactionnel il y a une dizaine d'ann\u00e9es. Je couvre principalement le football, son actualit\u00e9, ses transferts et l'analyse tactique des grandes affiches, mais aussi les disciplines plus confidentielles que j'aime remettre en lumi\u00e8re. Une partie de mon travail porte sur les pronostics et la lecture statistique d'un match : forme des \u00e9quipes, historique des confrontations, compositions, sans jamais vendre de fausse certitude. Je rappelle syst\u00e9matiquement que parier comporte un risque et doit rester un loisir ma\u00eetris\u00e9. Avant de signer une analyse, je v\u00e9rifie mes chiffres, je recoupe les compositions probables et je distingue toujours la donn\u00e9e brute de l'intuition. Mon objectif : offrir une lecture honn\u00eate et argument\u00e9e, pas un ticket gagnant garanti.\",\"sameAs\":[\"https:\/\/axellauzier.fr\/\"],\"url\":\"https:\/\/sport-index.fr\/blog\/auteur\/noname\/\"}]}<\/script>\n<!-- \/ Yoast SEO Premium plugin. -->","yoast_head_json":{"title":"Nevers 30-23 Soyaux-Angoul\u00eame : le r\u00e9sultat de la 26e journ\u00e9e","description":"Le 11 avril 2025, Nevers a battu Soyaux-Angoul\u00eame 30-23 au Pr\u00e9 Fleuri (26e journ\u00e9e de Pro D2). R\u00e9sultat, marqueurs, classements et fin de saison v\u00e9rifi\u00e9s.","robots":{"index":"index","follow":"follow","max-snippet":"max-snippet:-1","max-image-preview":"max-image-preview:large","max-video-preview":"max-video-preview:-1"},"canonical":"https:\/\/sport-index.fr\/blog\/a-la-une\/nevers-face-a-soyaux-angouleme-un-match-decisif-pour-le-maintien-en-pro-d2\/","og_locale":"fr_FR","og_type":"article","og_title":"Nevers 30-23 Soyaux-Angoul\u00eame : le r\u00e9sultat de la 26e journ\u00e9e","og_description":"Le 11 avril 2025, Nevers a battu Soyaux-Angoul\u00eame 30-23 au Pr\u00e9 Fleuri (26e journ\u00e9e de Pro D2). R\u00e9sultat, marqueurs, classements et fin de saison v\u00e9rifi\u00e9s.","og_url":"https:\/\/sport-index.fr\/blog\/a-la-une\/nevers-face-a-soyaux-angouleme-un-match-decisif-pour-le-maintien-en-pro-d2\/","og_site_name":"sport-index","author":"Axel Lauzier","twitter_card":"summary_large_image","schema":{"@context":"https:\/\/schema.org","@graph":[{"@type":"NewsArticle","@id":"https:\/\/sport-index.fr\/blog\/a-la-une\/nevers-face-a-soyaux-angouleme-un-match-decisif-pour-le-maintien-en-pro-d2\/#article","isPartOf":{"@id":"https:\/\/sport-index.fr\/blog\/a-la-une\/nevers-face-a-soyaux-angouleme-un-match-decisif-pour-le-maintien-en-pro-d2\/"},"author":{"name":"Axel Lauzier","@id":"https:\/\/sport-index.fr\/blog\/#\/schema\/person\/3c864cdc320801e3db34b663e7e3f816"},"headline":"Nevers face \u00e0 Soyaux-Angoul\u00eame : un match d\u00e9cisif pour le maintien en Pro D2","datePublished":"2026-09-01T16:32:12+00:00","mainEntityOfPage":{"@id":"https:\/\/sport-index.fr\/blog\/a-la-une\/nevers-face-a-soyaux-angouleme-un-match-decisif-pour-le-maintien-en-pro-d2\/"},"wordCount":1430,"commentCount":27,"publisher":{"@id":"https:\/\/sport-index.fr\/blog\/#organization"},"image":{"@id":"https:\/\/sport-index.fr\/blog\/a-la-une\/nevers-face-a-soyaux-angouleme-un-match-decisif-pour-le-maintien-en-pro-d2\/#primaryimage"},"thumbnailUrl":"https:\/\/sport-index.fr\/blog\/wp-content\/uploads\/2025\/05\/sdxl-3a4cc72100065ce13e6a4a024d91bf56-scaled.png","keywords":["Comp\u00e9tition","Performance","Pro D2","Soyaux-Angoul\u00eame","USON Nevers"],"articleSection":["\u00c0 la une"],"inLanguage":"fr-FR","potentialAction":[{"@type":"CommentAction","name":"Comment","target":["https:\/\/sport-index.fr\/blog\/a-la-une\/nevers-face-a-soyaux-angouleme-un-match-decisif-pour-le-maintien-en-pro-d2\/#respond"]}]},{"@type":"WebPage","@id":"https:\/\/sport-index.fr\/blog\/a-la-une\/nevers-face-a-soyaux-angouleme-un-match-decisif-pour-le-maintien-en-pro-d2\/","url":"https:\/\/sport-index.fr\/blog\/a-la-une\/nevers-face-a-soyaux-angouleme-un-match-decisif-pour-le-maintien-en-pro-d2\/","name":"Nevers 30-23 Soyaux-Angoul\u00eame : le r\u00e9sultat de la 26e journ\u00e9e","isPartOf":{"@id":"https:\/\/sport-index.fr\/blog\/#website"},"primaryImageOfPage":{"@id":"https:\/\/sport-index.fr\/blog\/a-la-une\/nevers-face-a-soyaux-angouleme-un-match-decisif-pour-le-maintien-en-pro-d2\/#primaryimage"},"image":{"@id":"https:\/\/sport-index.fr\/blog\/a-la-une\/nevers-face-a-soyaux-angouleme-un-match-decisif-pour-le-maintien-en-pro-d2\/#primaryimage"},"thumbnailUrl":"https:\/\/sport-index.fr\/blog\/wp-content\/uploads\/2025\/05\/sdxl-3a4cc72100065ce13e6a4a024d91bf56-scaled.png","datePublished":"2026-09-01T16:32:12+00:00","description":"Le 11 avril 2025, Nevers a battu Soyaux-Angoul\u00eame 30-23 au Pr\u00e9 Fleuri (26e journ\u00e9e de Pro D2). R\u00e9sultat, marqueurs, classements et fin de saison v\u00e9rifi\u00e9s.","inLanguage":"fr-FR","potentialAction":[{"@type":"ReadAction","target":["https:\/\/sport-index.fr\/blog\/a-la-une\/nevers-face-a-soyaux-angouleme-un-match-decisif-pour-le-maintien-en-pro-d2\/"]}]},{"@type":"ImageObject","inLanguage":"fr-FR","@id":"https:\/\/sport-index.fr\/blog\/a-la-une\/nevers-face-a-soyaux-angouleme-un-match-decisif-pour-le-maintien-en-pro-d2\/#primaryimage","url":"https:\/\/sport-index.fr\/blog\/wp-content\/uploads\/2025\/05\/sdxl-3a4cc72100065ce13e6a4a024d91bf56-scaled.png","contentUrl":"https:\/\/sport-index.fr\/blog\/wp-content\/uploads\/2025\/05\/sdxl-3a4cc72100065ce13e6a4a024d91bf56-scaled.png","width":1200,"height":500},{"@type":"WebSite","@id":"https:\/\/sport-index.fr\/blog\/#website","url":"https:\/\/sport-index.fr\/blog\/","name":"sport-index.fr","description":"Le score de l\u2019analyse sportive.","publisher":{"@id":"https:\/\/sport-index.fr\/blog\/#organization"},"alternateName":"Le score de l\u2019analyse sportive.","potentialAction":[{"@type":"SearchAction","target":{"@type":"EntryPoint","urlTemplate":"https:\/\/sport-index.fr\/blog\/?s={search_term_string}"},"query-input":{"@type":"PropertyValueSpecification","valueRequired":true,"valueName":"search_term_string"}}],"inLanguage":"fr-FR"},{"@type":"Organization","@id":"https:\/\/sport-index.fr\/blog\/#organization","name":"Foretsensations.fr","url":"https:\/\/sport-index.fr\/blog\/","logo":{"@type":"ImageObject","inLanguage":"fr-FR","@id":"https:\/\/sport-index.fr\/blog\/#\/schema\/logo\/image\/","url":"https:\/\/sport-index.fr\/blog\/wp-content\/uploads\/2026\/07\/logo-auto.png","contentUrl":"https:\/\/sport-index.fr\/blog\/wp-content\/uploads\/2026\/07\/logo-auto.png","width":1024,"height":1024,"caption":"Foretsensations.fr"},"image":{"@id":"https:\/\/sport-index.fr\/blog\/#\/schema\/logo\/image\/"}},{"@type":"Person","@id":"https:\/\/sport-index.fr\/blog\/#\/schema\/person\/3c864cdc320801e3db34b663e7e3f816","name":"Axel Lauzier","image":{"@type":"ImageObject","inLanguage":"fr-FR","@id":"https:\/\/sport-index.fr\/blog\/#\/schema\/person\/image\/","url":"https:\/\/sport-index.fr\/blog\/wp-content\/uploads\/2026\/06\/persona_axel-l-96x96.jpg","contentUrl":"https:\/\/sport-index.fr\/blog\/wp-content\/uploads\/2026\/06\/persona_axel-l-96x96.jpg","caption":"Axel Lauzier"},"description":"Le sport rythme mon quotidien depuis l'enfance, et j'en ai fait mon m\u00e9tier d'analyste r\u00e9dactionnel il y a une dizaine d'ann\u00e9es. Je couvre principalement le football, son actualit\u00e9, ses transferts et l'analyse tactique des grandes affiches, mais aussi les disciplines plus confidentielles que j'aime remettre en lumi\u00e8re. Une partie de mon travail porte sur les pronostics et la lecture statistique d'un match : forme des \u00e9quipes, historique des confrontations, compositions, sans jamais vendre de fausse certitude. Je rappelle syst\u00e9matiquement que parier comporte un risque et doit rester un loisir ma\u00eetris\u00e9. Avant de signer une analyse, je v\u00e9rifie mes chiffres, je recoupe les compositions probables et je distingue toujours la donn\u00e9e brute de l'intuition. Mon objectif : offrir une lecture honn\u00eate et argument\u00e9e, pas un ticket gagnant garanti.","sameAs":["https:\/\/axellauzier.fr\/"],"url":"https:\/\/sport-index.fr\/blog\/auteur\/noname\/"}]}},"_links":{"self":[{"href":"https:\/\/sport-index.fr\/blog\/wp-json\/wp\/v2\/posts\/13554","targetHints":{"allow":["GET"]}}],"collection":[{"href":"https:\/\/sport-index.fr\/blog\/wp-json\/wp\/v2\/posts"}],"about":[{"href":"https:\/\/sport-index.fr\/blog\/wp-json\/wp\/v2\/types\/post"}],"author":[{"embeddable":true,"href":"https:\/\/sport-index.fr\/blog\/wp-json\/wp\/v2\/users\/34"}],"replies":[{"embeddable":true,"href":"https:\/\/sport-index.fr\/blog\/wp-json\/wp\/v2\/comments?post=13554"}],"version-history":[{"count":2,"href":"https:\/\/sport-index.fr\/blog\/wp-json\/wp\/v2\/posts\/13554\/revisions"}],"predecessor-version":[{"id":18384,"href":"https:\/\/sport-index.fr\/blog\/wp-json\/wp\/v2\/posts\/13554\/revisions\/18384"}],"wp:featuredmedia":[{"embeddable":true,"href":"https:\/\/sport-index.fr\/blog\/wp-json\/wp\/v2\/media\/15250"}],"wp:attachment":[{"href":"https:\/\/sport-index.fr\/blog\/wp-json\/wp\/v2\/media?parent=13554"}],"wp:term":[{"taxonomy":"category","embeddable":true,"href":"https:\/\/sport-index.fr\/blog\/wp-json\/wp\/v2\/categories?post=13554"},{"taxonomy":"post_tag","embeddable":true,"href":"https:\/\/sport-index.fr\/blog\/wp-json\/wp\/v2\/tags?post=13554"}],"curies":[{"name":"wp","href":"https:\/\/api.w.org\/{rel}","templated":true}]}}