{"id":13647,"date":"2025-04-13T10:41:23","date_gmt":"2025-04-13T08:41:23","guid":{"rendered":"https:\/\/sport-index.fr\/blog\/?p=13647"},"modified":"2025-04-13T09:04:34","modified_gmt":"2025-04-13T07:04:34","slug":"maxime-lucu-la-reconnaissance-internationale-dun-capitaine-bordelais-exceptionnel","status":"publish","type":"post","link":"https:\/\/sport-index.fr\/blog\/a-la-une\/maxime-lucu-la-reconnaissance-internationale-dun-capitaine-bordelais-exceptionnel\/","title":{"rendered":"Maxime Lucu : la reconnaissance internationale d&rsquo;un capitaine bordelais exceptionnel"},"content":{"rendered":"<p>Ce match de Champions Cup a mis en lumi\u00e8re son talent et son leadership sur le terrain. \u00c0 quelques minutes de la fin, Lucu a su inverser la pression dans une situation critique, prouvant qu&rsquo;il m\u00e9rite une reconnaissance internationale.<\/p>\n<h2>Une performance d\u00e9cisive sous pression<\/h2>\n<p>Lors de ce match crucial, Lucu a r\u00e9alis\u00e9 une triple intervention remarquable dans les derni\u00e8res minutes, permettant \u00e0 son \u00e9quipe de conserver l&rsquo;avantage. Alors que l&rsquo;UBB se retrouvait en double inf\u00e9riorit\u00e9 num\u00e9rique, il a fait preuve d\u2019un sang-froid et d\u2019une d\u00e9termination exemplaires. Ces actions d\u00e9cisives ont \u00e9t\u00e9 d\u00e9terminantes pour maintenir l&rsquo;\u00e9cart contre un Munster revigor\u00e9.<\/p>\n<p>En effet, son plaquage d&rsquo;\u00e9cole sur Abrahams, alors que ce dernier filait vers l&rsquo;essai, a \u00e9t\u00e9 salu\u00e9 par les spectateurs. Comme l&rsquo;a soulign\u00e9 Mathieu Lartot, commentateur de France T\u00e9l\u00e9visions, \u00ab\u00a0il a serr\u00e9 le n\u0153ud\u00a0\u00bb, montrant ainsi son sens tactique et sa capacit\u00e9 \u00e0 se sacrifier pour l&rsquo;\u00e9quipe. Lucu a su faire preuve de leadership dans des moments critiques, prouvant qu&rsquo;il est un joueur essentiel pour l&rsquo;UBB.<\/p>\n<h2>Un joueur polyvalent et strat\u00e9gique<\/h2>\n<p>Maxime Lucu ne se contente pas d&rsquo;\u00eatre un excellent d\u00e9fenseur, il excelle \u00e9galement dans l&rsquo;animation du jeu. Son jeu au pied, notamment face au vent lors de la premi\u00e8re mi-temps, a \u00e9t\u00e9 un v\u00e9ritable atout pour son \u00e9quipe. Christophe Laussucq, entra\u00eeneur de l&rsquo;UBB, a reconnu son importance en d\u00e9clarant que \u00ab\u00a0son jeu au pied a \u00e9t\u00e9 une bulle de soulagement\u00a0\u00bb pour l&rsquo;\u00e9quipe.<\/p>\n<p>En plus de son r\u00f4le de demi de m\u00eal\u00e9e, Lucu a termin\u00e9 le match en demi d&rsquo;ouverture, ce qui d\u00e9montre sa polyvalence. Sa capacit\u00e9 \u00e0 s&rsquo;adapter aux diff\u00e9rentes situations de jeu fait de lui un joueur complet. En int\u00e9grant habilement ses co\u00e9quipiers dans le jeu, il a su orchestrer les offensives qui ont conduit \u00e0 la victoire de l&rsquo;UBB.<\/p>\n<h2>Un parcours en constante \u00e9volution<\/h2>\n<p>Le chemin de Maxime Lucu n\u2019a pas \u00e9t\u00e9 sans emb\u00fbches. L&rsquo;ann\u00e9e derni\u00e8re, il avait \u00e9t\u00e9 l&rsquo;un des h\u00e9ros malheureux lors de la d\u00e9faite contre les Harlequins, manquant une transformation d\u00e9cisive. Ce revers a \u00e9t\u00e9 un tournant pour lui, le poussant \u00e0 se surpasser et \u00e0 travailler encore plus dur pour atteindre ses objectifs.<\/p>\n<p>Un an plus tard, il se retrouve dans le dernier carr\u00e9 europ\u00e9en, prouvant ainsi qu&rsquo;il a su tirer des le\u00e7ons de ses \u00e9checs. Yoram Moefana, son co\u00e9quipier, a soulign\u00e9 l&rsquo;importance de Lucu en tant que leader, affirmant qu&rsquo;\u00ab il sera toujours l\u00e0 pour rattraper les petites erreurs \u00bb. La r\u00e9silience et la d\u00e9termination de Lucu font de lui un atout pr\u00e9cieux pour l\u2019avenir de l\u2019UBB.<\/p>\n<ul>\n<li>Maxime Lucu, demi de m\u00eal\u00e9e essentiel pour l&rsquo;UBB<\/li>\n<li>Triple intervention d\u00e9cisive qui a invers\u00e9 la pression<\/li>\n<li>Polyvalence exceptionnelle sur le terrain<\/li>\n<li>Parcours de r\u00e9silience depuis la d\u00e9faite contre les Harlequins<\/li>\n<\/ul>\n<blockquote><p>\n\u00ab\u00a0Il a fait une saison \u00e9norme avec nous. Son jeu au pied face au vent a \u00e9t\u00e9 exceptionnel.\u00a0\u00bb &#8211; Christophe Laussucq\n<\/p><\/blockquote>\n<p>Maxime Lucu, avec son talent ind\u00e9niable et son leadership, est en passe de devenir une figure incontournable du rugby moderne. Sa d\u00e9termination \u00e0 repousser ses limites et \u00e0 exceller dans chaque match est un exemple \u00e0 suivre. Les supporters et passionn\u00e9s de rugby attendent avec impatience de le voir briller sur la sc\u00e8ne internationale, car son heure de reconnaissance semble enfin arriver.<\/p>\n","protected":false},"excerpt":{"rendered":"","protected":false},"author":34,"featured_media":15230,"comment_status":"open","ping_status":"open","sticky":false,"template":"","format":"standard","meta":{"_acf_changed":false,"manual_indexmenow":false,"indexmenow_id_project":0,"footnotes":""},"categories":[1],"tags":[5291,5340,4563,4408,5107],"class_list":["post-13647","post","type-post","status-publish","format-standard","has-post-thumbnail","hentry","category-a-la-une","tag-champions-cup","tag-maxime-lucu","tag-performance-athletique","tag-resilience","tag-union-bordeaux-begles","generate-columns","tablet-grid-50","mobile-grid-100","grid-parent","grid-25"],"acf":[],"yoast_head":"<!-- This site is optimized with the Yoast SEO Premium plugin v21.3 (Yoast SEO v26.5) - https:\/\/yoast.com\/wordpress\/plugins\/seo\/ -->\n<title>Maxime Lucu : la reconnaissance internationale d&#039;un<\/title>\n<meta name=\"description\" content=\"Ce match de Champions Cup a mis en lumi\u00e8re son talent et son leadership sur le terrain. \u00c0 quelques minutes de la fin, Lucu a su inverser la pression dans\u2026\" \/>\n<meta name=\"robots\" content=\"index, follow, max-snippet:-1, max-image-preview:large, max-video-preview:-1\" \/>\n<link rel=\"canonical\" href=\"https:\/\/sport-index.fr\/blog\/a-la-une\/maxime-lucu-la-reconnaissance-internationale-dun-capitaine-bordelais-exceptionnel\/\" \/>\n<meta property=\"og:locale\" content=\"fr_FR\" \/>\n<meta property=\"og:type\" content=\"article\" \/>\n<meta property=\"og:title\" content=\"Maxime Lucu : la reconnaissance internationale d&#039;un\" \/>\n<meta property=\"og:description\" content=\"Ce match de Champions Cup a mis en lumi\u00e8re son talent et son leadership sur le terrain. \u00c0 quelques minutes de la fin, Lucu a su inverser la pression dans\u2026\" \/>\n<meta property=\"og:url\" content=\"https:\/\/sport-index.fr\/blog\/a-la-une\/maxime-lucu-la-reconnaissance-internationale-dun-capitaine-bordelais-exceptionnel\/\" \/>\n<meta property=\"og:site_name\" content=\"sport-index\" \/>\n<meta name=\"author\" content=\"Axel Lauzier\" \/>\n<meta name=\"twitter:card\" content=\"summary_large_image\" \/>\n<script type=\"application\/ld+json\" class=\"yoast-schema-graph\">{\"@context\":\"https:\/\/schema.org\",\"@graph\":[{\"@type\":\"NewsArticle\",\"@id\":\"https:\/\/sport-index.fr\/blog\/a-la-une\/maxime-lucu-la-reconnaissance-internationale-dun-capitaine-bordelais-exceptionnel\/#article\",\"isPartOf\":{\"@id\":\"https:\/\/sport-index.fr\/blog\/a-la-une\/maxime-lucu-la-reconnaissance-internationale-dun-capitaine-bordelais-exceptionnel\/\"},\"author\":{\"name\":\"Axel Lauzier\",\"@id\":\"https:\/\/sport-index.fr\/blog\/#\/schema\/person\/3c864cdc320801e3db34b663e7e3f816\"},\"headline\":\"Maxime Lucu : la reconnaissance internationale d&rsquo;un capitaine bordelais exceptionnel\",\"datePublished\":\"2025-04-13T08:41:23+00:00\",\"mainEntityOfPage\":{\"@id\":\"https:\/\/sport-index.fr\/blog\/a-la-une\/maxime-lucu-la-reconnaissance-internationale-dun-capitaine-bordelais-exceptionnel\/\"},\"wordCount\":600,\"commentCount\":25,\"publisher\":{\"@id\":\"https:\/\/sport-index.fr\/blog\/#organization\"},\"image\":{\"@id\":\"https:\/\/sport-index.fr\/blog\/a-la-une\/maxime-lucu-la-reconnaissance-internationale-dun-capitaine-bordelais-exceptionnel\/#primaryimage\"},\"thumbnailUrl\":\"https:\/\/sport-index.fr\/blog\/wp-content\/uploads\/2025\/05\/sdxl-7f9ea41bdfc2ab2c9d6893f3abead953-scaled.png\",\"keywords\":[\"Champions Cup\",\"Maxime Lucu\",\"Performance Athl\u00e9tique\",\"R\u00e9silience\",\"Union Bordeaux-B\u00e8gles\"],\"articleSection\":[\"\u00c0 la une\"],\"inLanguage\":\"fr-FR\",\"potentialAction\":[{\"@type\":\"CommentAction\",\"name\":\"Comment\",\"target\":[\"https:\/\/sport-index.fr\/blog\/a-la-une\/maxime-lucu-la-reconnaissance-internationale-dun-capitaine-bordelais-exceptionnel\/#respond\"]}]},{\"@type\":\"WebPage\",\"@id\":\"https:\/\/sport-index.fr\/blog\/a-la-une\/maxime-lucu-la-reconnaissance-internationale-dun-capitaine-bordelais-exceptionnel\/\",\"url\":\"https:\/\/sport-index.fr\/blog\/a-la-une\/maxime-lucu-la-reconnaissance-internationale-dun-capitaine-bordelais-exceptionnel\/\",\"name\":\"Maxime Lucu : la reconnaissance internationale d'un\",\"isPartOf\":{\"@id\":\"https:\/\/sport-index.fr\/blog\/#website\"},\"primaryImageOfPage\":{\"@id\":\"https:\/\/sport-index.fr\/blog\/a-la-une\/maxime-lucu-la-reconnaissance-internationale-dun-capitaine-bordelais-exceptionnel\/#primaryimage\"},\"image\":{\"@id\":\"https:\/\/sport-index.fr\/blog\/a-la-une\/maxime-lucu-la-reconnaissance-internationale-dun-capitaine-bordelais-exceptionnel\/#primaryimage\"},\"thumbnailUrl\":\"https:\/\/sport-index.fr\/blog\/wp-content\/uploads\/2025\/05\/sdxl-7f9ea41bdfc2ab2c9d6893f3abead953-scaled.png\",\"datePublished\":\"2025-04-13T08:41:23+00:00\",\"description\":\"Ce match de Champions Cup a mis en lumi\u00e8re son talent et son leadership sur le terrain. \u00c0 quelques minutes de la fin, Lucu a su inverser la pression dans\u2026\",\"inLanguage\":\"fr-FR\",\"potentialAction\":[{\"@type\":\"ReadAction\",\"target\":[\"https:\/\/sport-index.fr\/blog\/a-la-une\/maxime-lucu-la-reconnaissance-internationale-dun-capitaine-bordelais-exceptionnel\/\"]}]},{\"@type\":\"ImageObject\",\"inLanguage\":\"fr-FR\",\"@id\":\"https:\/\/sport-index.fr\/blog\/a-la-une\/maxime-lucu-la-reconnaissance-internationale-dun-capitaine-bordelais-exceptionnel\/#primaryimage\",\"url\":\"https:\/\/sport-index.fr\/blog\/wp-content\/uploads\/2025\/05\/sdxl-7f9ea41bdfc2ab2c9d6893f3abead953-scaled.png\",\"contentUrl\":\"https:\/\/sport-index.fr\/blog\/wp-content\/uploads\/2025\/05\/sdxl-7f9ea41bdfc2ab2c9d6893f3abead953-scaled.png\",\"width\":1200,\"height\":500},{\"@type\":\"WebSite\",\"@id\":\"https:\/\/sport-index.fr\/blog\/#website\",\"url\":\"https:\/\/sport-index.fr\/blog\/\",\"name\":\"sport-index.fr\",\"description\":\"Le score de l\u2019analyse sportive.\",\"publisher\":{\"@id\":\"https:\/\/sport-index.fr\/blog\/#organization\"},\"alternateName\":\"Le score de l\u2019analyse sportive.\",\"potentialAction\":[{\"@type\":\"SearchAction\",\"target\":{\"@type\":\"EntryPoint\",\"urlTemplate\":\"https:\/\/sport-index.fr\/blog\/?s={search_term_string}\"},\"query-input\":{\"@type\":\"PropertyValueSpecification\",\"valueRequired\":true,\"valueName\":\"search_term_string\"}}],\"inLanguage\":\"fr-FR\"},{\"@type\":\"Organization\",\"@id\":\"https:\/\/sport-index.fr\/blog\/#organization\",\"name\":\"Foretsensations.fr\",\"url\":\"https:\/\/sport-index.fr\/blog\/\",\"logo\":{\"@type\":\"ImageObject\",\"inLanguage\":\"fr-FR\",\"@id\":\"https:\/\/sport-index.fr\/blog\/#\/schema\/logo\/image\/\",\"url\":\"https:\/\/sport-index.fr\/blog\/wp-content\/uploads\/2026\/07\/logo-auto.png\",\"contentUrl\":\"https:\/\/sport-index.fr\/blog\/wp-content\/uploads\/2026\/07\/logo-auto.png\",\"width\":1024,\"height\":1024,\"caption\":\"Foretsensations.fr\"},\"image\":{\"@id\":\"https:\/\/sport-index.fr\/blog\/#\/schema\/logo\/image\/\"}},{\"@type\":\"Person\",\"@id\":\"https:\/\/sport-index.fr\/blog\/#\/schema\/person\/3c864cdc320801e3db34b663e7e3f816\",\"name\":\"Axel Lauzier\",\"image\":{\"@type\":\"ImageObject\",\"inLanguage\":\"fr-FR\",\"@id\":\"https:\/\/sport-index.fr\/blog\/#\/schema\/person\/image\/\",\"url\":\"https:\/\/sport-index.fr\/blog\/wp-content\/uploads\/2026\/06\/persona_axel-l-96x96.jpg\",\"contentUrl\":\"https:\/\/sport-index.fr\/blog\/wp-content\/uploads\/2026\/06\/persona_axel-l-96x96.jpg\",\"caption\":\"Axel Lauzier\"},\"description\":\"Le sport rythme mon quotidien depuis l'enfance, et j'en ai fait mon m\u00e9tier d'analyste r\u00e9dactionnel il y a une dizaine d'ann\u00e9es. Je couvre principalement le football, son actualit\u00e9, ses transferts et l'analyse tactique des grandes affiches, mais aussi les disciplines plus confidentielles que j'aime remettre en lumi\u00e8re. Une partie de mon travail porte sur les pronostics et la lecture statistique d'un match : forme des \u00e9quipes, historique des confrontations, compositions, sans jamais vendre de fausse certitude. Je rappelle syst\u00e9matiquement que parier comporte un risque et doit rester un loisir ma\u00eetris\u00e9. Avant de signer une analyse, je v\u00e9rifie mes chiffres, je recoupe les compositions probables et je distingue toujours la donn\u00e9e brute de l'intuition. Mon objectif : offrir une lecture honn\u00eate et argument\u00e9e, pas un ticket gagnant garanti.\",\"sameAs\":[\"https:\/\/axellauzier.fr\/\"],\"url\":\"https:\/\/sport-index.fr\/blog\/auteur\/noname\/\"}]}<\/script>\n<!-- \/ Yoast SEO Premium plugin. -->","yoast_head_json":{"title":"Maxime Lucu : la reconnaissance internationale d'un","description":"Ce match de Champions Cup a mis en lumi\u00e8re son talent et son leadership sur le terrain. \u00c0 quelques minutes de la fin, Lucu a su inverser la pression dans\u2026","robots":{"index":"index","follow":"follow","max-snippet":"max-snippet:-1","max-image-preview":"max-image-preview:large","max-video-preview":"max-video-preview:-1"},"canonical":"https:\/\/sport-index.fr\/blog\/a-la-une\/maxime-lucu-la-reconnaissance-internationale-dun-capitaine-bordelais-exceptionnel\/","og_locale":"fr_FR","og_type":"article","og_title":"Maxime Lucu : la reconnaissance internationale d'un","og_description":"Ce match de Champions Cup a mis en lumi\u00e8re son talent et son leadership sur le terrain. \u00c0 quelques minutes de la fin, Lucu a su inverser la pression dans\u2026","og_url":"https:\/\/sport-index.fr\/blog\/a-la-une\/maxime-lucu-la-reconnaissance-internationale-dun-capitaine-bordelais-exceptionnel\/","og_site_name":"sport-index","author":"Axel Lauzier","twitter_card":"summary_large_image","schema":{"@context":"https:\/\/schema.org","@graph":[{"@type":"NewsArticle","@id":"https:\/\/sport-index.fr\/blog\/a-la-une\/maxime-lucu-la-reconnaissance-internationale-dun-capitaine-bordelais-exceptionnel\/#article","isPartOf":{"@id":"https:\/\/sport-index.fr\/blog\/a-la-une\/maxime-lucu-la-reconnaissance-internationale-dun-capitaine-bordelais-exceptionnel\/"},"author":{"name":"Axel Lauzier","@id":"https:\/\/sport-index.fr\/blog\/#\/schema\/person\/3c864cdc320801e3db34b663e7e3f816"},"headline":"Maxime Lucu : la reconnaissance internationale d&rsquo;un capitaine bordelais exceptionnel","datePublished":"2025-04-13T08:41:23+00:00","mainEntityOfPage":{"@id":"https:\/\/sport-index.fr\/blog\/a-la-une\/maxime-lucu-la-reconnaissance-internationale-dun-capitaine-bordelais-exceptionnel\/"},"wordCount":600,"commentCount":25,"publisher":{"@id":"https:\/\/sport-index.fr\/blog\/#organization"},"image":{"@id":"https:\/\/sport-index.fr\/blog\/a-la-une\/maxime-lucu-la-reconnaissance-internationale-dun-capitaine-bordelais-exceptionnel\/#primaryimage"},"thumbnailUrl":"https:\/\/sport-index.fr\/blog\/wp-content\/uploads\/2025\/05\/sdxl-7f9ea41bdfc2ab2c9d6893f3abead953-scaled.png","keywords":["Champions Cup","Maxime Lucu","Performance Athl\u00e9tique","R\u00e9silience","Union Bordeaux-B\u00e8gles"],"articleSection":["\u00c0 la une"],"inLanguage":"fr-FR","potentialAction":[{"@type":"CommentAction","name":"Comment","target":["https:\/\/sport-index.fr\/blog\/a-la-une\/maxime-lucu-la-reconnaissance-internationale-dun-capitaine-bordelais-exceptionnel\/#respond"]}]},{"@type":"WebPage","@id":"https:\/\/sport-index.fr\/blog\/a-la-une\/maxime-lucu-la-reconnaissance-internationale-dun-capitaine-bordelais-exceptionnel\/","url":"https:\/\/sport-index.fr\/blog\/a-la-une\/maxime-lucu-la-reconnaissance-internationale-dun-capitaine-bordelais-exceptionnel\/","name":"Maxime Lucu : la reconnaissance internationale d'un","isPartOf":{"@id":"https:\/\/sport-index.fr\/blog\/#website"},"primaryImageOfPage":{"@id":"https:\/\/sport-index.fr\/blog\/a-la-une\/maxime-lucu-la-reconnaissance-internationale-dun-capitaine-bordelais-exceptionnel\/#primaryimage"},"image":{"@id":"https:\/\/sport-index.fr\/blog\/a-la-une\/maxime-lucu-la-reconnaissance-internationale-dun-capitaine-bordelais-exceptionnel\/#primaryimage"},"thumbnailUrl":"https:\/\/sport-index.fr\/blog\/wp-content\/uploads\/2025\/05\/sdxl-7f9ea41bdfc2ab2c9d6893f3abead953-scaled.png","datePublished":"2025-04-13T08:41:23+00:00","description":"Ce match de Champions Cup a mis en lumi\u00e8re son talent et son leadership sur le terrain. \u00c0 quelques minutes de la fin, Lucu a su inverser la pression dans\u2026","inLanguage":"fr-FR","potentialAction":[{"@type":"ReadAction","target":["https:\/\/sport-index.fr\/blog\/a-la-une\/maxime-lucu-la-reconnaissance-internationale-dun-capitaine-bordelais-exceptionnel\/"]}]},{"@type":"ImageObject","inLanguage":"fr-FR","@id":"https:\/\/sport-index.fr\/blog\/a-la-une\/maxime-lucu-la-reconnaissance-internationale-dun-capitaine-bordelais-exceptionnel\/#primaryimage","url":"https:\/\/sport-index.fr\/blog\/wp-content\/uploads\/2025\/05\/sdxl-7f9ea41bdfc2ab2c9d6893f3abead953-scaled.png","contentUrl":"https:\/\/sport-index.fr\/blog\/wp-content\/uploads\/2025\/05\/sdxl-7f9ea41bdfc2ab2c9d6893f3abead953-scaled.png","width":1200,"height":500},{"@type":"WebSite","@id":"https:\/\/sport-index.fr\/blog\/#website","url":"https:\/\/sport-index.fr\/blog\/","name":"sport-index.fr","description":"Le score de l\u2019analyse sportive.","publisher":{"@id":"https:\/\/sport-index.fr\/blog\/#organization"},"alternateName":"Le score de l\u2019analyse sportive.","potentialAction":[{"@type":"SearchAction","target":{"@type":"EntryPoint","urlTemplate":"https:\/\/sport-index.fr\/blog\/?s={search_term_string}"},"query-input":{"@type":"PropertyValueSpecification","valueRequired":true,"valueName":"search_term_string"}}],"inLanguage":"fr-FR"},{"@type":"Organization","@id":"https:\/\/sport-index.fr\/blog\/#organization","name":"Foretsensations.fr","url":"https:\/\/sport-index.fr\/blog\/","logo":{"@type":"ImageObject","inLanguage":"fr-FR","@id":"https:\/\/sport-index.fr\/blog\/#\/schema\/logo\/image\/","url":"https:\/\/sport-index.fr\/blog\/wp-content\/uploads\/2026\/07\/logo-auto.png","contentUrl":"https:\/\/sport-index.fr\/blog\/wp-content\/uploads\/2026\/07\/logo-auto.png","width":1024,"height":1024,"caption":"Foretsensations.fr"},"image":{"@id":"https:\/\/sport-index.fr\/blog\/#\/schema\/logo\/image\/"}},{"@type":"Person","@id":"https:\/\/sport-index.fr\/blog\/#\/schema\/person\/3c864cdc320801e3db34b663e7e3f816","name":"Axel Lauzier","image":{"@type":"ImageObject","inLanguage":"fr-FR","@id":"https:\/\/sport-index.fr\/blog\/#\/schema\/person\/image\/","url":"https:\/\/sport-index.fr\/blog\/wp-content\/uploads\/2026\/06\/persona_axel-l-96x96.jpg","contentUrl":"https:\/\/sport-index.fr\/blog\/wp-content\/uploads\/2026\/06\/persona_axel-l-96x96.jpg","caption":"Axel Lauzier"},"description":"Le sport rythme mon quotidien depuis l'enfance, et j'en ai fait mon m\u00e9tier d'analyste r\u00e9dactionnel il y a une dizaine d'ann\u00e9es. Je couvre principalement le football, son actualit\u00e9, ses transferts et l'analyse tactique des grandes affiches, mais aussi les disciplines plus confidentielles que j'aime remettre en lumi\u00e8re. Une partie de mon travail porte sur les pronostics et la lecture statistique d'un match : forme des \u00e9quipes, historique des confrontations, compositions, sans jamais vendre de fausse certitude. Je rappelle syst\u00e9matiquement que parier comporte un risque et doit rester un loisir ma\u00eetris\u00e9. Avant de signer une analyse, je v\u00e9rifie mes chiffres, je recoupe les compositions probables et je distingue toujours la donn\u00e9e brute de l'intuition. Mon objectif : offrir une lecture honn\u00eate et argument\u00e9e, pas un ticket gagnant garanti.","sameAs":["https:\/\/axellauzier.fr\/"],"url":"https:\/\/sport-index.fr\/blog\/auteur\/noname\/"}]}},"_links":{"self":[{"href":"https:\/\/sport-index.fr\/blog\/wp-json\/wp\/v2\/posts\/13647","targetHints":{"allow":["GET"]}}],"collection":[{"href":"https:\/\/sport-index.fr\/blog\/wp-json\/wp\/v2\/posts"}],"about":[{"href":"https:\/\/sport-index.fr\/blog\/wp-json\/wp\/v2\/types\/post"}],"author":[{"embeddable":true,"href":"https:\/\/sport-index.fr\/blog\/wp-json\/wp\/v2\/users\/34"}],"replies":[{"embeddable":true,"href":"https:\/\/sport-index.fr\/blog\/wp-json\/wp\/v2\/comments?post=13647"}],"version-history":[{"count":1,"href":"https:\/\/sport-index.fr\/blog\/wp-json\/wp\/v2\/posts\/13647\/revisions"}],"predecessor-version":[{"id":13651,"href":"https:\/\/sport-index.fr\/blog\/wp-json\/wp\/v2\/posts\/13647\/revisions\/13651"}],"wp:featuredmedia":[{"embeddable":true,"href":"https:\/\/sport-index.fr\/blog\/wp-json\/wp\/v2\/media\/15230"}],"wp:attachment":[{"href":"https:\/\/sport-index.fr\/blog\/wp-json\/wp\/v2\/media?parent=13647"}],"wp:term":[{"taxonomy":"category","embeddable":true,"href":"https:\/\/sport-index.fr\/blog\/wp-json\/wp\/v2\/categories?post=13647"},{"taxonomy":"post_tag","embeddable":true,"href":"https:\/\/sport-index.fr\/blog\/wp-json\/wp\/v2\/tags?post=13647"}],"curies":[{"name":"wp","href":"https:\/\/api.w.org\/{rel}","templated":true}]}}