{"id":13720,"date":"2025-04-14T21:50:21","date_gmt":"2025-04-14T19:50:21","guid":{"rendered":"https:\/\/sport-index.fr\/blog\/?p=13720"},"modified":"2025-04-14T21:50:21","modified_gmt":"2025-04-14T19:50:21","slug":"xv-de-france-entre-lenvie-de-briller-et-la-sante-des-joueurs-le-dilemme-de-galthie","status":"publish","type":"post","link":"https:\/\/sport-index.fr\/blog\/a-la-une\/xv-de-france-entre-lenvie-de-briller-et-la-sante-des-joueurs-le-dilemme-de-galthie\/","title":{"rendered":"XV de France : entre l&rsquo;envie de briller et la sant\u00e9 des joueurs, le dilemme de Galthi\u00e9"},"content":{"rendered":"<h2>Une tourn\u00e9e d\u00e9licate \u00e0 pr\u00e9parer<\/h2>\n<p>Fabien Galthi\u00e9, s\u00e9lectionneur du XV de France, se trouve face \u00e0 un d\u00e9fi de taille en vue de la tourn\u00e9e en Nouvelle-Z\u00e9lande. Le choix entre aligner ses joueurs vedettes et pr\u00e9server leur sant\u00e9 est devenu un v\u00e9ritable casse-t\u00eate. Apr\u00e8s des victoires r\u00e9centes, l&rsquo;envie de conclure la saison sur une note triomphale est forte, mais \u00e0 quel prix ?<\/p>\n<p>Le dilemme se pose avec acuit\u00e9 : comment optimiser les performances tout en respectant le temps de r\u00e9cup\u00e9ration n\u00e9cessaire pour ses joueurs ? Dans le rugby moderne, l\u2019\u00e9quilibre entre comp\u00e9tition et bien-\u00eatre des athl\u00e8tes est essentiel. La pression des clubs, qui souhaitent disposer de leurs meilleurs \u00e9l\u00e9ments, ne facilite pas la t\u00e2che de Galthi\u00e9.<\/p>\n<h2>Les enjeux d&rsquo;une tourn\u00e9e en Nouvelle-Z\u00e9lande<\/h2>\n<p>Participer \u00e0 une tourn\u00e9e en Nouvelle-Z\u00e9lande est souvent consid\u00e9r\u00e9 comme un sommet dans la carri\u00e8re d\u2019un joueur. Galthi\u00e9 a exprim\u00e9 son admiration pour ces exp\u00e9riences d\u2019immersion dans un rugby intense et comp\u00e9titif. \u00ab\u00a0Partir 4 \u00e0 5 semaines, aller vivre l\u2019exp\u00e9rience, c\u2019est magnifique\u00a0\u00bb, a-t-il d\u00e9clar\u00e9, soulignant l\u2019importance de ces moments pour le d\u00e9veloppement des joueurs.<\/p>\n<p>Cependant, la r\u00e9alit\u00e9 des matchs dans l\u2019h\u00e9misph\u00e8re Sud est un terrain dangereux, surtout \u00e0 l\u2019approche d\u2019une Coupe du monde. \u00c9prouver ses cadres dans ce contexte pourrait \u00eatre d\u00e9cisif, mais cela implique de prendre des risques. Galthi\u00e9 semble conscient que chaque choix impacte non seulement la tourn\u00e9e actuelle, mais aussi l\u2019avenir de l\u2019\u00e9quipe.<\/p>\n<h2>Une r\u00e9flexion sur les priorit\u00e9s<\/h2>\n<p>Galthi\u00e9 se trouve \u00e0 un carrefour. D\u2019un c\u00f4t\u00e9, il aspire \u00e0 marquer l\u2019histoire avec une \u00e9quipe comp\u00e9titive; de l\u2019autre, il doit veiller \u00e0 la sant\u00e9 de ses joueurs. \u00ab\u00a0Si on joue trop, on va emmener ces gar\u00e7ons dans une r\u00e9gression\u00a0\u00bb, a-t-il pr\u00e9venu, \u00e9voquant son exp\u00e9rience personnelle de joueur. L\u2019\u00e9puisement peut avoir des cons\u00e9quences d\u00e9sastreuses sur la performance \u00e0 long terme.<\/p>\n<p>Il est crucial de trouver un \u00e9quilibre pour ne pas compromettre la saison des clubs ni la pr\u00e9paration de l\u2019\u00e9quipe nationale. Galthi\u00e9 r\u00eave de rassembler ses meilleurs \u00e9l\u00e9ments, mais cela n\u00e9cessite une entente avec les clubs. La gestion des joueurs est donc un enjeu central dans la strat\u00e9gie du s\u00e9lectionneur.<\/p>\n<ul>\n<li>\u00c9quilibre entre comp\u00e9tition et r\u00e9cup\u00e9ration<\/li>\n<li>Importance de l&rsquo;exp\u00e9rience en Nouvelle-Z\u00e9lande<\/li>\n<li>Risques li\u00e9s \u00e0 l&rsquo;\u00e9puisement des joueurs<\/li>\n<li>Impact sur la pr\u00e9paration pour la Coupe du monde<\/li>\n<li>N\u00e9gociations n\u00e9cessaires avec les clubs<\/li>\n<\/ul>\n<blockquote><p>\n\u00ab\u00a0J\u2019ai v\u00e9cu en tant que joueur les d\u00e9parts en tourn\u00e9e fatigu\u00e9. C\u2019\u00e9tait un calvaire.\u00a0\u00bb &#8211; Fabien Galthi\u00e9\n<\/p><\/blockquote>\n<p>La gestion des joueurs est un art d\u00e9licat, et Galthi\u00e9 doit naviguer entre les aspirations de l&rsquo;\u00e9quipe et les r\u00e9alit\u00e9s des clubs. Les prochaines semaines seront d\u00e9terminantes pour le XV de France, et chaque d\u00e9cision comptera. En tant que supporters, nous sommes impatients de voir comment ce groupe talentueux saura relever le d\u00e9fi, tout en pr\u00e9servant la sant\u00e9 de ses membres.<\/p>\n","protected":false},"excerpt":{"rendered":"","protected":false},"author":34,"featured_media":15211,"comment_status":"open","ping_status":"open","sticky":false,"template":"","format":"standard","meta":{"_acf_changed":false,"manual_indexmenow":false,"indexmenow_id_project":0,"footnotes":""},"categories":[1],"tags":[4846,4561,4543,4885,4554],"class_list":["post-13720","post","type-post","status-publish","format-standard","has-post-thumbnail","hentry","category-a-la-une","tag-bien-etre-mental","tag-gestion-des-talents","tag-performance","tag-preparation-mentale","tag-xv-de-france","generate-columns","tablet-grid-50","mobile-grid-100","grid-parent","grid-25"],"acf":[],"yoast_head":"<!-- This site is optimized with the Yoast SEO Premium plugin v21.3 (Yoast SEO v26.5) - https:\/\/yoast.com\/wordpress\/plugins\/seo\/ -->\n<title>XV de France : entre l&#039;envie de briller et la sant\u00e9<\/title>\n<meta name=\"description\" content=\"Une tourn\u00e9e d\u00e9licate \u00e0 pr\u00e9parer Fabien Galthi\u00e9, s\u00e9lectionneur du XV de France, se trouve face \u00e0 un d\u00e9fi de taille en vue de la tourn\u00e9e en\u2026\" \/>\n<meta name=\"robots\" content=\"index, follow, max-snippet:-1, max-image-preview:large, max-video-preview:-1\" \/>\n<link rel=\"canonical\" href=\"https:\/\/sport-index.fr\/blog\/a-la-une\/xv-de-france-entre-lenvie-de-briller-et-la-sante-des-joueurs-le-dilemme-de-galthie\/\" \/>\n<meta property=\"og:locale\" content=\"fr_FR\" \/>\n<meta property=\"og:type\" content=\"article\" \/>\n<meta property=\"og:title\" content=\"XV de France : entre l&#039;envie de briller et la sant\u00e9\" \/>\n<meta property=\"og:description\" content=\"Une tourn\u00e9e d\u00e9licate \u00e0 pr\u00e9parer Fabien Galthi\u00e9, s\u00e9lectionneur du XV de France, se trouve face \u00e0 un d\u00e9fi de taille en vue de la tourn\u00e9e en\u2026\" \/>\n<meta property=\"og:url\" content=\"https:\/\/sport-index.fr\/blog\/a-la-une\/xv-de-france-entre-lenvie-de-briller-et-la-sante-des-joueurs-le-dilemme-de-galthie\/\" \/>\n<meta property=\"og:site_name\" content=\"sport-index\" \/>\n<meta name=\"author\" content=\"Axel Lauzier\" \/>\n<meta name=\"twitter:card\" content=\"summary_large_image\" \/>\n<script type=\"application\/ld+json\" class=\"yoast-schema-graph\">{\"@context\":\"https:\/\/schema.org\",\"@graph\":[{\"@type\":\"NewsArticle\",\"@id\":\"https:\/\/sport-index.fr\/blog\/a-la-une\/xv-de-france-entre-lenvie-de-briller-et-la-sante-des-joueurs-le-dilemme-de-galthie\/#article\",\"isPartOf\":{\"@id\":\"https:\/\/sport-index.fr\/blog\/a-la-une\/xv-de-france-entre-lenvie-de-briller-et-la-sante-des-joueurs-le-dilemme-de-galthie\/\"},\"author\":{\"name\":\"Axel Lauzier\",\"@id\":\"https:\/\/sport-index.fr\/blog\/#\/schema\/person\/3c864cdc320801e3db34b663e7e3f816\"},\"headline\":\"XV de France : entre l&rsquo;envie de briller et la sant\u00e9 des joueurs, le dilemme de Galthi\u00e9\",\"datePublished\":\"2025-04-14T19:50:21+00:00\",\"mainEntityOfPage\":{\"@id\":\"https:\/\/sport-index.fr\/blog\/a-la-une\/xv-de-france-entre-lenvie-de-briller-et-la-sante-des-joueurs-le-dilemme-de-galthie\/\"},\"wordCount\":547,\"commentCount\":22,\"publisher\":{\"@id\":\"https:\/\/sport-index.fr\/blog\/#organization\"},\"image\":{\"@id\":\"https:\/\/sport-index.fr\/blog\/a-la-une\/xv-de-france-entre-lenvie-de-briller-et-la-sante-des-joueurs-le-dilemme-de-galthie\/#primaryimage\"},\"thumbnailUrl\":\"https:\/\/sport-index.fr\/blog\/wp-content\/uploads\/2025\/05\/sdxl-6af865fa18948c2d291432db25496aaa-scaled.png\",\"keywords\":[\"Bien-\u00eatre Mental\",\"Gestion des Talents\",\"Performance\",\"Pr\u00e9paration Mentale\",\"XV de France\"],\"articleSection\":[\"\u00c0 la une\"],\"inLanguage\":\"fr-FR\",\"potentialAction\":[{\"@type\":\"CommentAction\",\"name\":\"Comment\",\"target\":[\"https:\/\/sport-index.fr\/blog\/a-la-une\/xv-de-france-entre-lenvie-de-briller-et-la-sante-des-joueurs-le-dilemme-de-galthie\/#respond\"]}]},{\"@type\":\"WebPage\",\"@id\":\"https:\/\/sport-index.fr\/blog\/a-la-une\/xv-de-france-entre-lenvie-de-briller-et-la-sante-des-joueurs-le-dilemme-de-galthie\/\",\"url\":\"https:\/\/sport-index.fr\/blog\/a-la-une\/xv-de-france-entre-lenvie-de-briller-et-la-sante-des-joueurs-le-dilemme-de-galthie\/\",\"name\":\"XV de France : entre l'envie de briller et la sant\u00e9\",\"isPartOf\":{\"@id\":\"https:\/\/sport-index.fr\/blog\/#website\"},\"primaryImageOfPage\":{\"@id\":\"https:\/\/sport-index.fr\/blog\/a-la-une\/xv-de-france-entre-lenvie-de-briller-et-la-sante-des-joueurs-le-dilemme-de-galthie\/#primaryimage\"},\"image\":{\"@id\":\"https:\/\/sport-index.fr\/blog\/a-la-une\/xv-de-france-entre-lenvie-de-briller-et-la-sante-des-joueurs-le-dilemme-de-galthie\/#primaryimage\"},\"thumbnailUrl\":\"https:\/\/sport-index.fr\/blog\/wp-content\/uploads\/2025\/05\/sdxl-6af865fa18948c2d291432db25496aaa-scaled.png\",\"datePublished\":\"2025-04-14T19:50:21+00:00\",\"description\":\"Une tourn\u00e9e d\u00e9licate \u00e0 pr\u00e9parer Fabien Galthi\u00e9, s\u00e9lectionneur du XV de France, se trouve face \u00e0 un d\u00e9fi de taille en vue de la tourn\u00e9e en\u2026\",\"inLanguage\":\"fr-FR\",\"potentialAction\":[{\"@type\":\"ReadAction\",\"target\":[\"https:\/\/sport-index.fr\/blog\/a-la-une\/xv-de-france-entre-lenvie-de-briller-et-la-sante-des-joueurs-le-dilemme-de-galthie\/\"]}]},{\"@type\":\"ImageObject\",\"inLanguage\":\"fr-FR\",\"@id\":\"https:\/\/sport-index.fr\/blog\/a-la-une\/xv-de-france-entre-lenvie-de-briller-et-la-sante-des-joueurs-le-dilemme-de-galthie\/#primaryimage\",\"url\":\"https:\/\/sport-index.fr\/blog\/wp-content\/uploads\/2025\/05\/sdxl-6af865fa18948c2d291432db25496aaa-scaled.png\",\"contentUrl\":\"https:\/\/sport-index.fr\/blog\/wp-content\/uploads\/2025\/05\/sdxl-6af865fa18948c2d291432db25496aaa-scaled.png\",\"width\":1200,\"height\":500},{\"@type\":\"WebSite\",\"@id\":\"https:\/\/sport-index.fr\/blog\/#website\",\"url\":\"https:\/\/sport-index.fr\/blog\/\",\"name\":\"sport-index.fr\",\"description\":\"Le score de l\u2019analyse sportive.\",\"publisher\":{\"@id\":\"https:\/\/sport-index.fr\/blog\/#organization\"},\"alternateName\":\"Le score de l\u2019analyse sportive.\",\"potentialAction\":[{\"@type\":\"SearchAction\",\"target\":{\"@type\":\"EntryPoint\",\"urlTemplate\":\"https:\/\/sport-index.fr\/blog\/?s={search_term_string}\"},\"query-input\":{\"@type\":\"PropertyValueSpecification\",\"valueRequired\":true,\"valueName\":\"search_term_string\"}}],\"inLanguage\":\"fr-FR\"},{\"@type\":\"Organization\",\"@id\":\"https:\/\/sport-index.fr\/blog\/#organization\",\"name\":\"Foretsensations.fr\",\"url\":\"https:\/\/sport-index.fr\/blog\/\",\"logo\":{\"@type\":\"ImageObject\",\"inLanguage\":\"fr-FR\",\"@id\":\"https:\/\/sport-index.fr\/blog\/#\/schema\/logo\/image\/\",\"url\":\"https:\/\/sport-index.fr\/blog\/wp-content\/uploads\/2026\/07\/logo-auto.png\",\"contentUrl\":\"https:\/\/sport-index.fr\/blog\/wp-content\/uploads\/2026\/07\/logo-auto.png\",\"width\":1024,\"height\":1024,\"caption\":\"Foretsensations.fr\"},\"image\":{\"@id\":\"https:\/\/sport-index.fr\/blog\/#\/schema\/logo\/image\/\"}},{\"@type\":\"Person\",\"@id\":\"https:\/\/sport-index.fr\/blog\/#\/schema\/person\/3c864cdc320801e3db34b663e7e3f816\",\"name\":\"Axel Lauzier\",\"image\":{\"@type\":\"ImageObject\",\"inLanguage\":\"fr-FR\",\"@id\":\"https:\/\/sport-index.fr\/blog\/#\/schema\/person\/image\/\",\"url\":\"https:\/\/sport-index.fr\/blog\/wp-content\/uploads\/2026\/06\/persona_axel-l-96x96.jpg\",\"contentUrl\":\"https:\/\/sport-index.fr\/blog\/wp-content\/uploads\/2026\/06\/persona_axel-l-96x96.jpg\",\"caption\":\"Axel Lauzier\"},\"description\":\"Le sport rythme mon quotidien depuis l'enfance, et j'en ai fait mon m\u00e9tier d'analyste r\u00e9dactionnel il y a une dizaine d'ann\u00e9es. Je couvre principalement le football, son actualit\u00e9, ses transferts et l'analyse tactique des grandes affiches, mais aussi les disciplines plus confidentielles que j'aime remettre en lumi\u00e8re. Une partie de mon travail porte sur les pronostics et la lecture statistique d'un match : forme des \u00e9quipes, historique des confrontations, compositions, sans jamais vendre de fausse certitude. Je rappelle syst\u00e9matiquement que parier comporte un risque et doit rester un loisir ma\u00eetris\u00e9. Avant de signer une analyse, je v\u00e9rifie mes chiffres, je recoupe les compositions probables et je distingue toujours la donn\u00e9e brute de l'intuition. Mon objectif : offrir une lecture honn\u00eate et argument\u00e9e, pas un ticket gagnant garanti.\",\"sameAs\":[\"https:\/\/axellauzier.fr\/\"],\"url\":\"https:\/\/sport-index.fr\/blog\/auteur\/noname\/\"}]}<\/script>\n<!-- \/ Yoast SEO Premium plugin. -->","yoast_head_json":{"title":"XV de France : entre l'envie de briller et la sant\u00e9","description":"Une tourn\u00e9e d\u00e9licate \u00e0 pr\u00e9parer Fabien Galthi\u00e9, s\u00e9lectionneur du XV de France, se trouve face \u00e0 un d\u00e9fi de taille en vue de la tourn\u00e9e en\u2026","robots":{"index":"index","follow":"follow","max-snippet":"max-snippet:-1","max-image-preview":"max-image-preview:large","max-video-preview":"max-video-preview:-1"},"canonical":"https:\/\/sport-index.fr\/blog\/a-la-une\/xv-de-france-entre-lenvie-de-briller-et-la-sante-des-joueurs-le-dilemme-de-galthie\/","og_locale":"fr_FR","og_type":"article","og_title":"XV de France : entre l'envie de briller et la sant\u00e9","og_description":"Une tourn\u00e9e d\u00e9licate \u00e0 pr\u00e9parer Fabien Galthi\u00e9, s\u00e9lectionneur du XV de France, se trouve face \u00e0 un d\u00e9fi de taille en vue de la tourn\u00e9e en\u2026","og_url":"https:\/\/sport-index.fr\/blog\/a-la-une\/xv-de-france-entre-lenvie-de-briller-et-la-sante-des-joueurs-le-dilemme-de-galthie\/","og_site_name":"sport-index","author":"Axel Lauzier","twitter_card":"summary_large_image","schema":{"@context":"https:\/\/schema.org","@graph":[{"@type":"NewsArticle","@id":"https:\/\/sport-index.fr\/blog\/a-la-une\/xv-de-france-entre-lenvie-de-briller-et-la-sante-des-joueurs-le-dilemme-de-galthie\/#article","isPartOf":{"@id":"https:\/\/sport-index.fr\/blog\/a-la-une\/xv-de-france-entre-lenvie-de-briller-et-la-sante-des-joueurs-le-dilemme-de-galthie\/"},"author":{"name":"Axel Lauzier","@id":"https:\/\/sport-index.fr\/blog\/#\/schema\/person\/3c864cdc320801e3db34b663e7e3f816"},"headline":"XV de France : entre l&rsquo;envie de briller et la sant\u00e9 des joueurs, le dilemme de Galthi\u00e9","datePublished":"2025-04-14T19:50:21+00:00","mainEntityOfPage":{"@id":"https:\/\/sport-index.fr\/blog\/a-la-une\/xv-de-france-entre-lenvie-de-briller-et-la-sante-des-joueurs-le-dilemme-de-galthie\/"},"wordCount":547,"commentCount":22,"publisher":{"@id":"https:\/\/sport-index.fr\/blog\/#organization"},"image":{"@id":"https:\/\/sport-index.fr\/blog\/a-la-une\/xv-de-france-entre-lenvie-de-briller-et-la-sante-des-joueurs-le-dilemme-de-galthie\/#primaryimage"},"thumbnailUrl":"https:\/\/sport-index.fr\/blog\/wp-content\/uploads\/2025\/05\/sdxl-6af865fa18948c2d291432db25496aaa-scaled.png","keywords":["Bien-\u00eatre Mental","Gestion des Talents","Performance","Pr\u00e9paration Mentale","XV de France"],"articleSection":["\u00c0 la une"],"inLanguage":"fr-FR","potentialAction":[{"@type":"CommentAction","name":"Comment","target":["https:\/\/sport-index.fr\/blog\/a-la-une\/xv-de-france-entre-lenvie-de-briller-et-la-sante-des-joueurs-le-dilemme-de-galthie\/#respond"]}]},{"@type":"WebPage","@id":"https:\/\/sport-index.fr\/blog\/a-la-une\/xv-de-france-entre-lenvie-de-briller-et-la-sante-des-joueurs-le-dilemme-de-galthie\/","url":"https:\/\/sport-index.fr\/blog\/a-la-une\/xv-de-france-entre-lenvie-de-briller-et-la-sante-des-joueurs-le-dilemme-de-galthie\/","name":"XV de France : entre l'envie de briller et la sant\u00e9","isPartOf":{"@id":"https:\/\/sport-index.fr\/blog\/#website"},"primaryImageOfPage":{"@id":"https:\/\/sport-index.fr\/blog\/a-la-une\/xv-de-france-entre-lenvie-de-briller-et-la-sante-des-joueurs-le-dilemme-de-galthie\/#primaryimage"},"image":{"@id":"https:\/\/sport-index.fr\/blog\/a-la-une\/xv-de-france-entre-lenvie-de-briller-et-la-sante-des-joueurs-le-dilemme-de-galthie\/#primaryimage"},"thumbnailUrl":"https:\/\/sport-index.fr\/blog\/wp-content\/uploads\/2025\/05\/sdxl-6af865fa18948c2d291432db25496aaa-scaled.png","datePublished":"2025-04-14T19:50:21+00:00","description":"Une tourn\u00e9e d\u00e9licate \u00e0 pr\u00e9parer Fabien Galthi\u00e9, s\u00e9lectionneur du XV de France, se trouve face \u00e0 un d\u00e9fi de taille en vue de la tourn\u00e9e en\u2026","inLanguage":"fr-FR","potentialAction":[{"@type":"ReadAction","target":["https:\/\/sport-index.fr\/blog\/a-la-une\/xv-de-france-entre-lenvie-de-briller-et-la-sante-des-joueurs-le-dilemme-de-galthie\/"]}]},{"@type":"ImageObject","inLanguage":"fr-FR","@id":"https:\/\/sport-index.fr\/blog\/a-la-une\/xv-de-france-entre-lenvie-de-briller-et-la-sante-des-joueurs-le-dilemme-de-galthie\/#primaryimage","url":"https:\/\/sport-index.fr\/blog\/wp-content\/uploads\/2025\/05\/sdxl-6af865fa18948c2d291432db25496aaa-scaled.png","contentUrl":"https:\/\/sport-index.fr\/blog\/wp-content\/uploads\/2025\/05\/sdxl-6af865fa18948c2d291432db25496aaa-scaled.png","width":1200,"height":500},{"@type":"WebSite","@id":"https:\/\/sport-index.fr\/blog\/#website","url":"https:\/\/sport-index.fr\/blog\/","name":"sport-index.fr","description":"Le score de l\u2019analyse sportive.","publisher":{"@id":"https:\/\/sport-index.fr\/blog\/#organization"},"alternateName":"Le score de l\u2019analyse sportive.","potentialAction":[{"@type":"SearchAction","target":{"@type":"EntryPoint","urlTemplate":"https:\/\/sport-index.fr\/blog\/?s={search_term_string}"},"query-input":{"@type":"PropertyValueSpecification","valueRequired":true,"valueName":"search_term_string"}}],"inLanguage":"fr-FR"},{"@type":"Organization","@id":"https:\/\/sport-index.fr\/blog\/#organization","name":"Foretsensations.fr","url":"https:\/\/sport-index.fr\/blog\/","logo":{"@type":"ImageObject","inLanguage":"fr-FR","@id":"https:\/\/sport-index.fr\/blog\/#\/schema\/logo\/image\/","url":"https:\/\/sport-index.fr\/blog\/wp-content\/uploads\/2026\/07\/logo-auto.png","contentUrl":"https:\/\/sport-index.fr\/blog\/wp-content\/uploads\/2026\/07\/logo-auto.png","width":1024,"height":1024,"caption":"Foretsensations.fr"},"image":{"@id":"https:\/\/sport-index.fr\/blog\/#\/schema\/logo\/image\/"}},{"@type":"Person","@id":"https:\/\/sport-index.fr\/blog\/#\/schema\/person\/3c864cdc320801e3db34b663e7e3f816","name":"Axel Lauzier","image":{"@type":"ImageObject","inLanguage":"fr-FR","@id":"https:\/\/sport-index.fr\/blog\/#\/schema\/person\/image\/","url":"https:\/\/sport-index.fr\/blog\/wp-content\/uploads\/2026\/06\/persona_axel-l-96x96.jpg","contentUrl":"https:\/\/sport-index.fr\/blog\/wp-content\/uploads\/2026\/06\/persona_axel-l-96x96.jpg","caption":"Axel Lauzier"},"description":"Le sport rythme mon quotidien depuis l'enfance, et j'en ai fait mon m\u00e9tier d'analyste r\u00e9dactionnel il y a une dizaine d'ann\u00e9es. Je couvre principalement le football, son actualit\u00e9, ses transferts et l'analyse tactique des grandes affiches, mais aussi les disciplines plus confidentielles que j'aime remettre en lumi\u00e8re. Une partie de mon travail porte sur les pronostics et la lecture statistique d'un match : forme des \u00e9quipes, historique des confrontations, compositions, sans jamais vendre de fausse certitude. Je rappelle syst\u00e9matiquement que parier comporte un risque et doit rester un loisir ma\u00eetris\u00e9. Avant de signer une analyse, je v\u00e9rifie mes chiffres, je recoupe les compositions probables et je distingue toujours la donn\u00e9e brute de l'intuition. Mon objectif : offrir une lecture honn\u00eate et argument\u00e9e, pas un ticket gagnant garanti.","sameAs":["https:\/\/axellauzier.fr\/"],"url":"https:\/\/sport-index.fr\/blog\/auteur\/noname\/"}]}},"_links":{"self":[{"href":"https:\/\/sport-index.fr\/blog\/wp-json\/wp\/v2\/posts\/13720","targetHints":{"allow":["GET"]}}],"collection":[{"href":"https:\/\/sport-index.fr\/blog\/wp-json\/wp\/v2\/posts"}],"about":[{"href":"https:\/\/sport-index.fr\/blog\/wp-json\/wp\/v2\/types\/post"}],"author":[{"embeddable":true,"href":"https:\/\/sport-index.fr\/blog\/wp-json\/wp\/v2\/users\/34"}],"replies":[{"embeddable":true,"href":"https:\/\/sport-index.fr\/blog\/wp-json\/wp\/v2\/comments?post=13720"}],"version-history":[{"count":1,"href":"https:\/\/sport-index.fr\/blog\/wp-json\/wp\/v2\/posts\/13720\/revisions"}],"predecessor-version":[{"id":13724,"href":"https:\/\/sport-index.fr\/blog\/wp-json\/wp\/v2\/posts\/13720\/revisions\/13724"}],"wp:featuredmedia":[{"embeddable":true,"href":"https:\/\/sport-index.fr\/blog\/wp-json\/wp\/v2\/media\/15211"}],"wp:attachment":[{"href":"https:\/\/sport-index.fr\/blog\/wp-json\/wp\/v2\/media?parent=13720"}],"wp:term":[{"taxonomy":"category","embeddable":true,"href":"https:\/\/sport-index.fr\/blog\/wp-json\/wp\/v2\/categories?post=13720"},{"taxonomy":"post_tag","embeddable":true,"href":"https:\/\/sport-index.fr\/blog\/wp-json\/wp\/v2\/tags?post=13720"}],"curies":[{"name":"wp","href":"https:\/\/api.w.org\/{rel}","templated":true}]}}