{"id":13721,"date":"2026-05-19T15:29:49","date_gmt":"2026-05-19T13:29:49","guid":{"rendered":"https:\/\/sport-index.fr\/blog\/a-la-une\/le-xv-de-france-et-la-nouvelle-zelande-un-dilemme-pour-les-joueurs-premium\/"},"modified":"2026-05-19T15:29:49","modified_gmt":"2026-05-19T13:29:49","slug":"le-xv-de-france-et-la-nouvelle-zelande-un-dilemme-pour-les-joueurs-premium","status":"publish","type":"post","link":"https:\/\/sport-index.fr\/blog\/a-la-une\/le-xv-de-france-et-la-nouvelle-zelande-un-dilemme-pour-les-joueurs-premium\/","title":{"rendered":"Le XV de France et la Nouvelle-Z\u00e9lande : un dilemme pour les joueurs premium"},"content":{"rendered":"<div style=\"background:linear-gradient(135deg,#2a5f3f 0%,#1d4530 100%);color:#fff;padding:36px 32px;border-radius:14px;margin:0 0 32px 0;box-shadow:0 6px 24px rgba(42,95,63,0.18)\">\n<div style=\"font-size:11px;letter-spacing:3px;text-transform:uppercase;opacity:0.85;margin-bottom:14px;font-weight:600\">XV de France \u00b7 Tourn\u00e9e d&rsquo;\u00e9t\u00e9<\/div>\n<div style=\"font-size:21px;line-height:1.55;font-weight:400;max-width:760px\">Fabien Galthi\u00e9 face \u00e0 un choix lourd de cons\u00e9quences : envoyer ses cadres affronter les All Blacks en Nouvelle-Z\u00e9lande, ou continuer \u00e0 les pr\u00e9server. Joueurs, FFR et LNR ouvrent enfin la discussion sur un calendrier devenu intenable.<\/div>\n<div style=\"display:flex;gap:24px;margin-top:24px;flex-wrap:wrap;font-size:13px;opacity:0.9\">\n<div><strong style=\"color:#a8d4b8\">Adversaire<\/strong> \u00b7 Nouvelle-Z\u00e9lande<\/div>\n<div><strong style=\"color:#a8d4b8\">Format<\/strong> \u00b7 Tourn\u00e9e 3 tests<\/div>\n<div><strong style=\"color:#a8d4b8\">Statut<\/strong> \u00b7 Discussions ouvertes<\/div>\n<\/div>\n<\/div>\n<div style=\"display:grid;grid-template-columns:repeat(auto-fit,minmax(180px,1fr));gap:14px;margin:0 0 36px 0\">\n<div style=\"background:#fff;border:1px solid #e5ebe7;border-left:4px solid #2a5f3f;padding:20px 18px;border-radius:8px\">\n<div style=\"font-size:11px;letter-spacing:2px;text-transform:uppercase;color:#2a5f3f;font-weight:700;margin-bottom:8px\">Tests pr\u00e9vus<\/div>\n<div style=\"font-size:34px;font-weight:800;color:#1d4530;line-height:1\">3<\/div>\n<div style=\"font-size:12px;color:#5d6e64;margin-top:6px\">matches face aux All Blacks<\/div>\n<\/div>\n<div style=\"background:#fff;border:1px solid #e5ebe7;border-left:4px solid #2a5f3f;padding:20px 18px;border-radius:8px\">\n<div style=\"font-size:11px;letter-spacing:2px;text-transform:uppercase;color:#2a5f3f;font-weight:700;margin-bottom:8px\">Meafou<\/div>\n<div style=\"font-size:34px;font-weight:800;color:#1d4530;line-height:1\">145 kg<\/div>\n<div style=\"font-size:12px;color:#5d6e64;margin-top:6px\">203 cm \u2014 pr\u00eat \u00e0 embarquer<\/div>\n<\/div>\n<div style=\"background:#fff;border:1px solid #e5ebe7;border-left:4px solid #2a5f3f;padding:20px 18px;border-radius:8px\">\n<div style=\"font-size:11px;letter-spacing:2px;text-transform:uppercase;color:#2a5f3f;font-weight:700;margin-bottom:8px\">Exclusion<\/div>\n<div style=\"font-size:34px;font-weight:800;color:#1d4530;line-height:1\">Top 14<\/div>\n<div style=\"font-size:12px;color:#5d6e64;margin-top:6px\">finalistes non s\u00e9lectionnables<\/div>\n<\/div>\n<div style=\"background:#fff;border:1px solid #e5ebe7;border-left:4px solid #2a5f3f;padding:20px 18px;border-radius:8px\">\n<div style=\"font-size:11px;letter-spacing:2px;text-transform:uppercase;color:#2a5f3f;font-weight:700;margin-bottom:8px\">Acteurs<\/div>\n<div style=\"font-size:34px;font-weight:800;color:#1d4530;line-height:1\">FFR + LNR<\/div>\n<div style=\"font-size:12px;color:#5d6e64;margin-top:6px\">autour de la table cette semaine<\/div>\n<\/div>\n<\/div>\n<h2>Des r\u00e9flexions autour de la s\u00e9lection des joueurs<\/h2>\n<div style=\"font-size:17px;line-height:1.75;color:#2c3a32;margin-bottom:22px\">Depuis sa prise de fonction, Fabien Galthi\u00e9, le s\u00e9lectionneur du XV de France, a souvent choisi de laisser ses joueurs majeurs en dehors des tourn\u00e9es estivales. Cependant, la situation semble \u00e9voluer \u00e0 l&rsquo;approche de la tourn\u00e9e en Nouvelle-Z\u00e9lande, pr\u00e9vue pour cet \u00e9t\u00e9. Les joueurs expriment leur d\u00e9sir de participer, ce qui pousse la F\u00e9d\u00e9ration fran\u00e7aise de rugby (FFR) et la Ligue nationale de rugby (LNR) \u00e0 entamer des discussions sur le sujet.<\/div>\n<div style=\"font-size:17px;line-height:1.75;color:#2c3a32;margin-bottom:30px\">Emmanuel Meafou, un pilier imposant de 145 kg pour 203 cm, a r\u00e9cemment fait entendre sa voix en se d\u00e9clarant pr\u00eat \u00e0 rejoindre le groupe. Cela soul\u00e8ve la question de l&rsquo;\u00e9quilibre entre la gestion des joueurs et l&rsquo;imp\u00e9ratif de performance. En effet, les r\u00e9cents accords stipulent que les finalistes du Top 14 ne seront pas s\u00e9lectionn\u00e9s pour les tourn\u00e9es internationales, mais les joueurs commencent \u00e0 remettre en question cette d\u00e9cision.<\/div>\n<div style=\"background:#f4f7f5;border-radius:12px;padding:30px 28px;margin:36px 0;border:1px solid #d8e2dc\">\n<div style=\"font-size:11px;letter-spacing:3px;text-transform:uppercase;color:#2a5f3f;font-weight:700;margin-bottom:18px\">Rep\u00e8res \u00b7 Le bras de fer institutionnel<\/div>\n<div style=\"display:grid;grid-template-columns:repeat(auto-fit,minmax(220px,1fr));gap:22px\">\n<div>\n<div style=\"font-weight:700;color:#1d4530;font-size:15px;margin-bottom:6px\">La FFR<\/div>\n<div style=\"font-size:14px;color:#465750;line-height:1.6\">Veut envoyer la meilleure \u00e9quipe possible pour pr\u00e9server la cr\u00e9dibilit\u00e9 internationale du rugby fran\u00e7ais face aux nations de l&rsquo;h\u00e9misph\u00e8re sud.<\/div>\n<\/div>\n<div>\n<div style=\"font-weight:700;color:#1d4530;font-size:15px;margin-bottom:6px\">La LNR<\/div>\n<div style=\"font-size:14px;color:#465750;line-height:1.6\">D\u00e9fend le Top 14 et le calendrier des clubs, dont les pr\u00e9sidents financent les joueurs toute l&rsquo;ann\u00e9e et redoutent leur usure.<\/div>\n<\/div>\n<div>\n<div style=\"font-weight:700;color:#1d4530;font-size:15px;margin-bottom:6px\">Les joueurs<\/div>\n<div style=\"font-size:14px;color:#465750;line-height:1.6\">Veulent jouer. Emmanuel Meafou a bris\u00e9 l&rsquo;omerta en se d\u00e9clarant publiquement disponible pour la tourn\u00e9e des Bleus.<\/div>\n<\/div>\n<div>\n<div style=\"font-weight:700;color:#1d4530;font-size:15px;margin-bottom:6px\">Galthi\u00e9<\/div>\n<div style=\"font-size:14px;color:#465750;line-height:1.6\">Arbitre. Tiraill\u00e9 entre l&rsquo;envie de jouer le match r\u00e9f\u00e9rence de l&rsquo;ann\u00e9e et la pr\u00e9servation physique de son groupe.<\/div>\n<\/div>\n<\/div>\n<\/div>\n<h2>Les enjeux des discussions entre la FFR et la LNR<\/h2>\n<div style=\"font-size:17px;line-height:1.75;color:#2c3a32;margin-bottom:22px\">Des r\u00e9unions sont pr\u00e9vues cette semaine pour aborder ce dilemme, avec des acteurs cl\u00e9s des deux organisations. L&rsquo;objectif principal des discussions n&rsquo;est pas uniquement de d\u00e9battre de la disponibilit\u00e9 des joueurs, mais aussi de trouver des solutions pour all\u00e9ger le calendrier surcharg\u00e9. La n\u00e9cessit\u00e9 d&rsquo;envoyer les meilleurs joueurs en Nouvelle-Z\u00e9lande est per\u00e7ue comme essentielle pour la visibilit\u00e9 du rugby fran\u00e7ais sur la sc\u00e8ne internationale.<\/div>\n<div style=\"font-size:17px;line-height:1.75;color:#2c3a32;margin-bottom:30px\">Lors de ces rencontres, les repr\u00e9sentants de la FFR souhaitent aborder des sujets cruciaux, notamment la gestion des dates de matches. \u00ab\u00a0Il faut all\u00e9ger le calendrier pour permettre \u00e0 nos meilleurs joueurs de participer \u00e0 ces tourn\u00e9es,\u00a0\u00bb a d\u00e9clar\u00e9 un membre de la f\u00e9d\u00e9ration. Si aucune solution n&rsquo;est trouv\u00e9e, le risque de se mettre en marge du rugby mondial pourrait s&rsquo;intensifier, avec des cons\u00e9quences sur la performance de l&rsquo;\u00e9quipe nationale.<\/div>\n<div style=\"background:#fff;border:2px solid #2a5f3f;border-radius:14px;padding:0;margin:36px 0;overflow:hidden\">\n<div style=\"background:#2a5f3f;color:#fff;padding:16px 24px;font-size:12px;letter-spacing:3px;text-transform:uppercase;font-weight:700\">Chronologie probable \u00b7 Tourn\u00e9e estivale<\/div>\n<div style=\"padding:24px 28px\">\n<div style=\"display:flex;gap:20px;margin-bottom:18px;align-items:flex-start\">\n<div style=\"flex-shrink:0;width:74px;font-size:13px;font-weight:700;color:#2a5f3f\">Cette sem.<\/div>\n<div style=\"flex:1;font-size:14.5px;color:#2c3a32;line-height:1.6\"><strong>Sommet FFR \/ LNR.<\/strong> R\u00e9unions de cadrage sur la disponibilit\u00e9 des internationaux et l&rsquo;all\u00e8gement du calendrier.<\/div>\n<\/div>\n<div style=\"display:flex;gap:20px;margin-bottom:18px;align-items:flex-start\">\n<div style=\"flex-shrink:0;width:74px;font-size:13px;font-weight:700;color:#2a5f3f\">Mai<\/div>\n<div style=\"flex:1;font-size:14.5px;color:#2c3a32;line-height:1.6\"><strong>Phases finales Top 14.<\/strong> Demi-finales puis finale ; les joueurs des deux clubs finalistes restent en th\u00e9orie indisponibles selon l&rsquo;accord en vigueur.<\/div>\n<\/div>\n<div style=\"display:flex;gap:20px;margin-bottom:18px;align-items:flex-start\">\n<div style=\"flex-shrink:0;width:74px;font-size:13px;font-weight:700;color:#2a5f3f\">Juin<\/div>\n<div style=\"flex:1;font-size:14.5px;color:#2c3a32;line-height:1.6\"><strong>Annonce du groupe Bleus.<\/strong> Galthi\u00e9 d\u00e9voile la liste ; on saura alors quel \u00e9quilibre a \u00e9t\u00e9 trouv\u00e9 avec la LNR.<\/div>\n<\/div>\n<div style=\"display:flex;gap:20px;align-items:flex-start\">\n<div style=\"flex-shrink:0;width:74px;font-size:13px;font-weight:700;color:#2a5f3f\">Juillet<\/div>\n<div style=\"flex:1;font-size:14.5px;color:#2c3a32;line-height:1.6\"><strong>Tourn\u00e9e en Nouvelle-Z\u00e9lande.<\/strong> Trois tests face aux All Blacks \u00e0 domicile, v\u00e9rit\u00e9 du terrain pour le projet bleu.<\/div>\n<\/div>\n<\/div>\n<\/div>\n<h2>Les pr\u00e9occupations de Fabien Galthi\u00e9<\/h2>\n<div style=\"font-size:17px;line-height:1.75;color:#2c3a32;margin-bottom:22px\">Apr\u00e8s le Tournoi des 6 Nations, Fabien Galthi\u00e9 a partag\u00e9 ses r\u00e9flexions concernant la sant\u00e9 et la forme physique de ses joueurs. Il a exprim\u00e9 son intention de ne pas mettre en danger leur condition physique, surtout en vue des comp\u00e9titions futures. \u00ab\u00a0Nous voulons emmener la meilleure \u00e9quipe possible, mais la priorit\u00e9 reste la sant\u00e9 des joueurs,\u00a0\u00bb a-t-il martel\u00e9.<\/div>\n<div style=\"font-size:17px;line-height:1.75;color:#2c3a32;margin-bottom:30px\">Galthi\u00e9 a \u00e9galement soulign\u00e9 l&rsquo;importance d&rsquo;analyser le temps de jeu de chaque joueur. Les discussions avec les clubs doivent donc porter sur la gestion des p\u00e9riodes de r\u00e9cup\u00e9ration. Le s\u00e9lectionneur est d\u00e9termin\u00e9 \u00e0 trouver des solutions durables qui ne compromettent pas la sant\u00e9 des athl\u00e8tes, tout en maintenant une \u00e9quipe comp\u00e9titive pour la Nouvelle-Z\u00e9lande.<\/div>\n<div style=\"background:linear-gradient(180deg,#fcfdfc 0%,#f4f7f5 100%);border-radius:12px;padding:32px 30px;margin:36px 0;border-left:5px solid #2a5f3f\">\n<div style=\"font-size:11px;letter-spacing:3px;text-transform:uppercase;color:#2a5f3f;font-weight:700;margin-bottom:18px\">Le cas Emmanuel Meafou<\/div>\n<div style=\"display:grid;grid-template-columns:repeat(auto-fit,minmax(140px,1fr));gap:18px;margin-bottom:20px\">\n<div>\n<div style=\"font-size:11px;color:#7a8c81;text-transform:uppercase;letter-spacing:1px\">Poste<\/div>\n<div style=\"font-size:17px;font-weight:700;color:#1d4530;margin-top:4px\">2\u1d49 ligne<\/div>\n<\/div>\n<div>\n<div style=\"font-size:11px;color:#7a8c81;text-transform:uppercase;letter-spacing:1px\">Taille<\/div>\n<div style=\"font-size:17px;font-weight:700;color:#1d4530;margin-top:4px\">2,03 m<\/div>\n<\/div>\n<div>\n<div style=\"font-size:11px;color:#7a8c81;text-transform:uppercase;letter-spacing:1px\">Poids<\/div>\n<div style=\"font-size:17px;font-weight:700;color:#1d4530;margin-top:4px\">145 kg<\/div>\n<\/div>\n<div>\n<div style=\"font-size:11px;color:#7a8c81;text-transform:uppercase;letter-spacing:1px\">Position<\/div>\n<div style=\"font-size:17px;font-weight:700;color:#1d4530;margin-top:4px\">Disponible<\/div>\n<\/div>\n<\/div>\n<div style=\"font-size:14.5px;color:#465750;line-height:1.65\">En d\u00e9clarant publiquement vouloir partir en Nouvelle-Z\u00e9lande, Meafou a fait sauter le verrou. Le profil \u2014 gabarit hors normes, joueur en pleine mont\u00e9e en puissance avec le maillot bleu \u2014 symbolise exactement le type de cadre que Galthi\u00e9 h\u00e9sitait jusque-l\u00e0 \u00e0 exposer en juillet. Sa sortie cr\u00e9e un pr\u00e9c\u00e9dent : d&rsquo;autres internationaux pourraient suivre.<\/div>\n<\/div>\n<h2>Les leviers sur la table<\/h2>\n<div style=\"background:#fff;border:1px solid #d8e2dc;border-radius:10px;padding:0;margin:28px 0;overflow:hidden\">\n<div style=\"background:#f4f7f5;padding:14px 22px;font-size:11px;letter-spacing:3px;text-transform:uppercase;color:#2a5f3f;font-weight:700;border-bottom:1px solid #d8e2dc\">5 priorit\u00e9s identifi\u00e9es<\/div>\n<div style=\"padding:8px 22px\">\n<div style=\"display:flex;gap:16px;padding:14px 0;border-bottom:1px solid #eef2ef;align-items:flex-start\">\n<div style=\"flex-shrink:0;width:30px;height:30px;background:#2a5f3f;color:#fff;border-radius:50%;display:flex;align-items:center;justify-content:center;font-weight:700;font-size:13px\">1<\/div>\n<div style=\"font-size:15px;color:#2c3a32;line-height:1.55\"><strong>Augmenter la disponibilit\u00e9 des joueurs majeurs<\/strong> pour les tourn\u00e9es d&rsquo;\u00e9t\u00e9, l\u00e0 o\u00f9 l&rsquo;\u00e9cart avec l&rsquo;h\u00e9misph\u00e8re sud se mesure vraiment.<\/div>\n<\/div>\n<div style=\"display:flex;gap:16px;padding:14px 0;border-bottom:1px solid #eef2ef;align-items:flex-start\">\n<div style=\"flex-shrink:0;width:30px;height:30px;background:#2a5f3f;color:#fff;border-radius:50%;display:flex;align-items:center;justify-content:center;font-weight:700;font-size:13px\">2<\/div>\n<div style=\"font-size:15px;color:#2c3a32;line-height:1.55\"><strong>All\u00e9ger le calendrier des comp\u00e9titions<\/strong> pour pr\u00e9server les athl\u00e8tes du surmenage chronique.<\/div>\n<\/div>\n<div style=\"display:flex;gap:16px;padding:14px 0;border-bottom:1px solid #eef2ef;align-items:flex-start\">\n<div style=\"flex-shrink:0;width:30px;height:30px;background:#2a5f3f;color:#fff;border-radius:50%;display:flex;align-items:center;justify-content:center;font-weight:700;font-size:13px\">3<\/div>\n<div style=\"font-size:15px;color:#2c3a32;line-height:1.55\"><strong>Prioriser la sant\u00e9 des joueurs<\/strong> dans toutes les d\u00e9cisions de s\u00e9lection, sans c\u00e9der \u00e0 la seule logique de r\u00e9sultat imm\u00e9diat.<\/div>\n<\/div>\n<div style=\"display:flex;gap:16px;padding:14px 0;border-bottom:1px solid #eef2ef;align-items:flex-start\">\n<div style=\"flex-shrink:0;width:30px;height:30px;background:#2a5f3f;color:#fff;border-radius:50%;display:flex;align-items:center;justify-content:center;font-weight:700;font-size:13px\">4<\/div>\n<div style=\"font-size:15px;color:#2c3a32;line-height:1.55\"><strong>R\u00e9\u00e9valuer les accords FFR \/ LNR<\/strong> sur la mise \u00e0 disposition, sortie de la r\u00e8gle stricte excluant les finalistes du Top 14.<\/div>\n<\/div>\n<div style=\"display:flex;gap:16px;padding:14px 0;align-items:flex-start\">\n<div style=\"flex-shrink:0;width:30px;height:30px;background:#2a5f3f;color:#fff;border-radius:50%;display:flex;align-items:center;justify-content:center;font-weight:700;font-size:13px\">5<\/div>\n<div style=\"font-size:15px;color:#2c3a32;line-height:1.55\"><strong>Assurer une performance optimale<\/strong> lors des tourn\u00e9es internationales en envoyant une \u00e9quipe repr\u00e9sentative et cr\u00e9dible.<\/div>\n<\/div>\n<\/div>\n<\/div>\n<div style=\"background:#1d4530;color:#fff;border-radius:14px;padding:38px 32px;margin:36px 0;position:relative\">\n<div style=\"font-size:64px;line-height:0.6;color:#a8d4b8;font-family:Georgia,serif;margin-bottom:12px\">\u00ab\u00a0<\/div>\n<div style=\"font-size:21px;line-height:1.55;font-weight:300;font-style:italic;max-width:760px;margin-bottom:18px\">Se mettre en marge du rugby mondial en n&rsquo;envoyant pas nos meilleurs joueurs dans l&rsquo;h\u00e9misph\u00e8re sud, c&rsquo;est se mettre en danger.<\/div>\n<div style=\"font-size:12px;letter-spacing:2px;text-transform:uppercase;color:#a8d4b8;font-weight:600\">Un repr\u00e9sentant de la FFR<\/div>\n<\/div>\n<h2>Ce qui se joue au-del\u00e0 du XV<\/h2>\n<div style=\"font-size:17px;line-height:1.75;color:#2c3a32;margin-bottom:22px\">La tension entre le besoin de maintenir une \u00e9quipe forte et la n\u00e9cessit\u00e9 de pr\u00e9server la sant\u00e9 des joueurs reste palpable. Les discussions \u00e0 venir entre la FFR et la LNR pourraient bien \u00eatre d\u00e9cisives pour l&rsquo;avenir du rugby fran\u00e7ais. Alors que le XV de France se pr\u00e9pare pour une tourn\u00e9e cruciale, il est imp\u00e9ratif de trouver un \u00e9quilibre entre performance sur le terrain et bien-\u00eatre des joueurs.<\/div>\n<div style=\"font-size:17px;line-height:1.75;color:#2c3a32;margin-bottom:30px\">Les choix qui seront faits dans les mois \u00e0 venir d\u00e9termineront non seulement la composition de l&rsquo;\u00e9quipe, mais aussi la direction que prendra le rugby fran\u00e7ais sur la sc\u00e8ne internationale. La photo qui sortira de la salle de r\u00e9union FFR \/ LNR p\u00e8sera autant qu&rsquo;un r\u00e9sultat de test-match : c&rsquo;est tout un mod\u00e8le \u2014 celui d&rsquo;un rugby fran\u00e7ais \u00e0 la fois comp\u00e9titif au mondial et soutenable pour les clubs \u2014 qui se joue entre quelques accords contractuels.<\/div>\n<div style=\"background:#f4f7f5;border:1px solid #d8e2dc;border-radius:10px;padding:26px 26px;margin:32px 0 8px 0\">\n<div style=\"font-size:11px;letter-spacing:3px;text-transform:uppercase;color:#2a5f3f;font-weight:700;margin-bottom:14px\">\u00c0 retenir<\/div>\n<div style=\"font-size:15px;color:#2c3a32;line-height:1.7\">\n<div style=\"margin-bottom:10px\">\u2192 Galthi\u00e9, longtemps adepte de la rotation et de la pr\u00e9servation, fait face \u00e0 une fronde douce de ses propres joueurs qui veulent affronter les All Blacks.<\/div>\n<div style=\"margin-bottom:10px\">\u2192 Emmanuel Meafou, par sa d\u00e9claration publique, change le rapport de force et oblige FFR et LNR \u00e0 rouvrir le dossier disponibilit\u00e9.<\/div>\n<div style=\"margin-bottom:10px\">\u2192 L&rsquo;accord excluant les finalistes du Top 14 des tourn\u00e9es d&rsquo;\u00e9t\u00e9 est d\u00e9sormais ouvertement remis en cause.<\/div>\n<div>\u2192 Sans assouplissement, le risque pour le XV de France est moins un r\u00e9sultat ponctuel qu&rsquo;une marginalisation progressive face \u00e0 l&rsquo;h\u00e9misph\u00e8re sud.<\/div>\n<\/div>\n<\/div>\n","protected":false},"excerpt":{"rendered":"","protected":false},"author":34,"featured_media":15763,"comment_status":"open","ping_status":"open","sticky":false,"template":"","format":"standard","meta":{"_acf_changed":false,"manual_indexmenow":false,"indexmenow_id_project":0,"footnotes":""},"categories":[1],"tags":[4846,4561,4543,4556,4554],"class_list":["post-13721","post","type-post","status-publish","format-standard","has-post-thumbnail","hentry","category-a-la-une","tag-bien-etre-mental","tag-gestion-des-talents","tag-performance","tag-tournoi-des-6-nations","tag-xv-de-france","generate-columns","tablet-grid-50","mobile-grid-100","grid-parent","grid-25"],"acf":[],"yoast_head":"<!-- This site is optimized with the Yoast SEO Premium plugin v21.3 (Yoast SEO v26.5) - https:\/\/yoast.com\/wordpress\/plugins\/seo\/ -->\n<title>Le XV de France et la Nouvelle-Z\u00e9lande : un dilemme<\/title>\n<meta name=\"description\" content=\"XV de France \u00b7 Tourn\u00e9e d&#039;\u00e9t\u00e9 Fabien Galthi\u00e9 face \u00e0 un choix lourd de cons\u00e9quences : envoyer ses cadres affronter les All Blacks en Nouvelle-Z\u00e9lande, ou\u2026\" \/>\n<meta name=\"robots\" content=\"index, follow, max-snippet:-1, max-image-preview:large, max-video-preview:-1\" \/>\n<link rel=\"canonical\" href=\"https:\/\/sport-index.fr\/blog\/a-la-une\/le-xv-de-france-et-la-nouvelle-zelande-un-dilemme-pour-les-joueurs-premium\/\" \/>\n<meta property=\"og:locale\" content=\"fr_FR\" \/>\n<meta property=\"og:type\" content=\"article\" \/>\n<meta property=\"og:title\" content=\"Le XV de France et la Nouvelle-Z\u00e9lande : un dilemme\" \/>\n<meta property=\"og:description\" content=\"XV de France \u00b7 Tourn\u00e9e d&#039;\u00e9t\u00e9 Fabien Galthi\u00e9 face \u00e0 un choix lourd de cons\u00e9quences : envoyer ses cadres affronter les All Blacks en Nouvelle-Z\u00e9lande, ou\u2026\" \/>\n<meta property=\"og:url\" content=\"https:\/\/sport-index.fr\/blog\/a-la-une\/le-xv-de-france-et-la-nouvelle-zelande-un-dilemme-pour-les-joueurs-premium\/\" \/>\n<meta property=\"og:site_name\" content=\"sport-index\" \/>\n<meta name=\"author\" content=\"Axel Lauzier\" \/>\n<meta name=\"twitter:card\" content=\"summary_large_image\" \/>\n<script type=\"application\/ld+json\" class=\"yoast-schema-graph\">{\"@context\":\"https:\/\/schema.org\",\"@graph\":[{\"@type\":\"NewsArticle\",\"@id\":\"https:\/\/sport-index.fr\/blog\/a-la-une\/le-xv-de-france-et-la-nouvelle-zelande-un-dilemme-pour-les-joueurs-premium\/#article\",\"isPartOf\":{\"@id\":\"https:\/\/sport-index.fr\/blog\/a-la-une\/le-xv-de-france-et-la-nouvelle-zelande-un-dilemme-pour-les-joueurs-premium\/\"},\"author\":{\"name\":\"Axel Lauzier\",\"@id\":\"https:\/\/sport-index.fr\/blog\/#\/schema\/person\/3c864cdc320801e3db34b663e7e3f816\"},\"headline\":\"Le XV de France et la Nouvelle-Z\u00e9lande : un dilemme pour les joueurs premium\",\"datePublished\":\"2026-05-19T13:29:49+00:00\",\"mainEntityOfPage\":{\"@id\":\"https:\/\/sport-index.fr\/blog\/a-la-une\/le-xv-de-france-et-la-nouvelle-zelande-un-dilemme-pour-les-joueurs-premium\/\"},\"wordCount\":1232,\"commentCount\":22,\"publisher\":{\"@id\":\"https:\/\/sport-index.fr\/blog\/#organization\"},\"image\":{\"@id\":\"https:\/\/sport-index.fr\/blog\/a-la-une\/le-xv-de-france-et-la-nouvelle-zelande-un-dilemme-pour-les-joueurs-premium\/#primaryimage\"},\"thumbnailUrl\":\"https:\/\/sport-index.fr\/blog\/wp-content\/uploads\/2025\/05\/sdxl-84dfaee70d649d6f9edd9be1467a8c18-scaled.png\",\"keywords\":[\"Bien-\u00eatre Mental\",\"Gestion des Talents\",\"Performance\",\"Tournoi des 6 Nations\",\"XV de France\"],\"articleSection\":[\"\u00c0 la une\"],\"inLanguage\":\"fr-FR\",\"potentialAction\":[{\"@type\":\"CommentAction\",\"name\":\"Comment\",\"target\":[\"https:\/\/sport-index.fr\/blog\/a-la-une\/le-xv-de-france-et-la-nouvelle-zelande-un-dilemme-pour-les-joueurs-premium\/#respond\"]}]},{\"@type\":\"WebPage\",\"@id\":\"https:\/\/sport-index.fr\/blog\/a-la-une\/le-xv-de-france-et-la-nouvelle-zelande-un-dilemme-pour-les-joueurs-premium\/\",\"url\":\"https:\/\/sport-index.fr\/blog\/a-la-une\/le-xv-de-france-et-la-nouvelle-zelande-un-dilemme-pour-les-joueurs-premium\/\",\"name\":\"Le XV de France et la Nouvelle-Z\u00e9lande : un dilemme\",\"isPartOf\":{\"@id\":\"https:\/\/sport-index.fr\/blog\/#website\"},\"primaryImageOfPage\":{\"@id\":\"https:\/\/sport-index.fr\/blog\/a-la-une\/le-xv-de-france-et-la-nouvelle-zelande-un-dilemme-pour-les-joueurs-premium\/#primaryimage\"},\"image\":{\"@id\":\"https:\/\/sport-index.fr\/blog\/a-la-une\/le-xv-de-france-et-la-nouvelle-zelande-un-dilemme-pour-les-joueurs-premium\/#primaryimage\"},\"thumbnailUrl\":\"https:\/\/sport-index.fr\/blog\/wp-content\/uploads\/2025\/05\/sdxl-84dfaee70d649d6f9edd9be1467a8c18-scaled.png\",\"datePublished\":\"2026-05-19T13:29:49+00:00\",\"description\":\"XV de France \u00b7 Tourn\u00e9e d'\u00e9t\u00e9 Fabien Galthi\u00e9 face \u00e0 un choix lourd de cons\u00e9quences : envoyer ses cadres affronter les All Blacks en Nouvelle-Z\u00e9lande, ou\u2026\",\"inLanguage\":\"fr-FR\",\"potentialAction\":[{\"@type\":\"ReadAction\",\"target\":[\"https:\/\/sport-index.fr\/blog\/a-la-une\/le-xv-de-france-et-la-nouvelle-zelande-un-dilemme-pour-les-joueurs-premium\/\"]}]},{\"@type\":\"ImageObject\",\"inLanguage\":\"fr-FR\",\"@id\":\"https:\/\/sport-index.fr\/blog\/a-la-une\/le-xv-de-france-et-la-nouvelle-zelande-un-dilemme-pour-les-joueurs-premium\/#primaryimage\",\"url\":\"https:\/\/sport-index.fr\/blog\/wp-content\/uploads\/2025\/05\/sdxl-84dfaee70d649d6f9edd9be1467a8c18-scaled.png\",\"contentUrl\":\"https:\/\/sport-index.fr\/blog\/wp-content\/uploads\/2025\/05\/sdxl-84dfaee70d649d6f9edd9be1467a8c18-scaled.png\",\"width\":1200,\"height\":500},{\"@type\":\"WebSite\",\"@id\":\"https:\/\/sport-index.fr\/blog\/#website\",\"url\":\"https:\/\/sport-index.fr\/blog\/\",\"name\":\"sport-index.fr\",\"description\":\"Le score de l\u2019analyse sportive.\",\"publisher\":{\"@id\":\"https:\/\/sport-index.fr\/blog\/#organization\"},\"alternateName\":\"Le score de l\u2019analyse sportive.\",\"potentialAction\":[{\"@type\":\"SearchAction\",\"target\":{\"@type\":\"EntryPoint\",\"urlTemplate\":\"https:\/\/sport-index.fr\/blog\/?s={search_term_string}\"},\"query-input\":{\"@type\":\"PropertyValueSpecification\",\"valueRequired\":true,\"valueName\":\"search_term_string\"}}],\"inLanguage\":\"fr-FR\"},{\"@type\":\"Organization\",\"@id\":\"https:\/\/sport-index.fr\/blog\/#organization\",\"name\":\"Foretsensations.fr\",\"url\":\"https:\/\/sport-index.fr\/blog\/\",\"logo\":{\"@type\":\"ImageObject\",\"inLanguage\":\"fr-FR\",\"@id\":\"https:\/\/sport-index.fr\/blog\/#\/schema\/logo\/image\/\",\"url\":\"https:\/\/sport-index.fr\/blog\/wp-content\/uploads\/2026\/07\/logo-auto.png\",\"contentUrl\":\"https:\/\/sport-index.fr\/blog\/wp-content\/uploads\/2026\/07\/logo-auto.png\",\"width\":1024,\"height\":1024,\"caption\":\"Foretsensations.fr\"},\"image\":{\"@id\":\"https:\/\/sport-index.fr\/blog\/#\/schema\/logo\/image\/\"}},{\"@type\":\"Person\",\"@id\":\"https:\/\/sport-index.fr\/blog\/#\/schema\/person\/3c864cdc320801e3db34b663e7e3f816\",\"name\":\"Axel Lauzier\",\"image\":{\"@type\":\"ImageObject\",\"inLanguage\":\"fr-FR\",\"@id\":\"https:\/\/sport-index.fr\/blog\/#\/schema\/person\/image\/\",\"url\":\"https:\/\/sport-index.fr\/blog\/wp-content\/uploads\/2026\/06\/persona_axel-l-96x96.jpg\",\"contentUrl\":\"https:\/\/sport-index.fr\/blog\/wp-content\/uploads\/2026\/06\/persona_axel-l-96x96.jpg\",\"caption\":\"Axel Lauzier\"},\"description\":\"Le sport rythme mon quotidien depuis l'enfance, et j'en ai fait mon m\u00e9tier d'analyste r\u00e9dactionnel il y a une dizaine d'ann\u00e9es. Je couvre principalement le football, son actualit\u00e9, ses transferts et l'analyse tactique des grandes affiches, mais aussi les disciplines plus confidentielles que j'aime remettre en lumi\u00e8re. Une partie de mon travail porte sur les pronostics et la lecture statistique d'un match : forme des \u00e9quipes, historique des confrontations, compositions, sans jamais vendre de fausse certitude. Je rappelle syst\u00e9matiquement que parier comporte un risque et doit rester un loisir ma\u00eetris\u00e9. Avant de signer une analyse, je v\u00e9rifie mes chiffres, je recoupe les compositions probables et je distingue toujours la donn\u00e9e brute de l'intuition. Mon objectif : offrir une lecture honn\u00eate et argument\u00e9e, pas un ticket gagnant garanti.\",\"sameAs\":[\"https:\/\/axellauzier.fr\/\"],\"url\":\"https:\/\/sport-index.fr\/blog\/auteur\/noname\/\"}]}<\/script>\n<!-- \/ Yoast SEO Premium plugin. -->","yoast_head_json":{"title":"Le XV de France et la Nouvelle-Z\u00e9lande : un dilemme","description":"XV de France \u00b7 Tourn\u00e9e d'\u00e9t\u00e9 Fabien Galthi\u00e9 face \u00e0 un choix lourd de cons\u00e9quences : envoyer ses cadres affronter les All Blacks en Nouvelle-Z\u00e9lande, ou\u2026","robots":{"index":"index","follow":"follow","max-snippet":"max-snippet:-1","max-image-preview":"max-image-preview:large","max-video-preview":"max-video-preview:-1"},"canonical":"https:\/\/sport-index.fr\/blog\/a-la-une\/le-xv-de-france-et-la-nouvelle-zelande-un-dilemme-pour-les-joueurs-premium\/","og_locale":"fr_FR","og_type":"article","og_title":"Le XV de France et la Nouvelle-Z\u00e9lande : un dilemme","og_description":"XV de France \u00b7 Tourn\u00e9e d'\u00e9t\u00e9 Fabien Galthi\u00e9 face \u00e0 un choix lourd de cons\u00e9quences : envoyer ses cadres affronter les All Blacks en Nouvelle-Z\u00e9lande, ou\u2026","og_url":"https:\/\/sport-index.fr\/blog\/a-la-une\/le-xv-de-france-et-la-nouvelle-zelande-un-dilemme-pour-les-joueurs-premium\/","og_site_name":"sport-index","author":"Axel Lauzier","twitter_card":"summary_large_image","schema":{"@context":"https:\/\/schema.org","@graph":[{"@type":"NewsArticle","@id":"https:\/\/sport-index.fr\/blog\/a-la-une\/le-xv-de-france-et-la-nouvelle-zelande-un-dilemme-pour-les-joueurs-premium\/#article","isPartOf":{"@id":"https:\/\/sport-index.fr\/blog\/a-la-une\/le-xv-de-france-et-la-nouvelle-zelande-un-dilemme-pour-les-joueurs-premium\/"},"author":{"name":"Axel Lauzier","@id":"https:\/\/sport-index.fr\/blog\/#\/schema\/person\/3c864cdc320801e3db34b663e7e3f816"},"headline":"Le XV de France et la Nouvelle-Z\u00e9lande : un dilemme pour les joueurs premium","datePublished":"2026-05-19T13:29:49+00:00","mainEntityOfPage":{"@id":"https:\/\/sport-index.fr\/blog\/a-la-une\/le-xv-de-france-et-la-nouvelle-zelande-un-dilemme-pour-les-joueurs-premium\/"},"wordCount":1232,"commentCount":22,"publisher":{"@id":"https:\/\/sport-index.fr\/blog\/#organization"},"image":{"@id":"https:\/\/sport-index.fr\/blog\/a-la-une\/le-xv-de-france-et-la-nouvelle-zelande-un-dilemme-pour-les-joueurs-premium\/#primaryimage"},"thumbnailUrl":"https:\/\/sport-index.fr\/blog\/wp-content\/uploads\/2025\/05\/sdxl-84dfaee70d649d6f9edd9be1467a8c18-scaled.png","keywords":["Bien-\u00eatre Mental","Gestion des Talents","Performance","Tournoi des 6 Nations","XV de France"],"articleSection":["\u00c0 la une"],"inLanguage":"fr-FR","potentialAction":[{"@type":"CommentAction","name":"Comment","target":["https:\/\/sport-index.fr\/blog\/a-la-une\/le-xv-de-france-et-la-nouvelle-zelande-un-dilemme-pour-les-joueurs-premium\/#respond"]}]},{"@type":"WebPage","@id":"https:\/\/sport-index.fr\/blog\/a-la-une\/le-xv-de-france-et-la-nouvelle-zelande-un-dilemme-pour-les-joueurs-premium\/","url":"https:\/\/sport-index.fr\/blog\/a-la-une\/le-xv-de-france-et-la-nouvelle-zelande-un-dilemme-pour-les-joueurs-premium\/","name":"Le XV de France et la Nouvelle-Z\u00e9lande : un dilemme","isPartOf":{"@id":"https:\/\/sport-index.fr\/blog\/#website"},"primaryImageOfPage":{"@id":"https:\/\/sport-index.fr\/blog\/a-la-une\/le-xv-de-france-et-la-nouvelle-zelande-un-dilemme-pour-les-joueurs-premium\/#primaryimage"},"image":{"@id":"https:\/\/sport-index.fr\/blog\/a-la-une\/le-xv-de-france-et-la-nouvelle-zelande-un-dilemme-pour-les-joueurs-premium\/#primaryimage"},"thumbnailUrl":"https:\/\/sport-index.fr\/blog\/wp-content\/uploads\/2025\/05\/sdxl-84dfaee70d649d6f9edd9be1467a8c18-scaled.png","datePublished":"2026-05-19T13:29:49+00:00","description":"XV de France \u00b7 Tourn\u00e9e d'\u00e9t\u00e9 Fabien Galthi\u00e9 face \u00e0 un choix lourd de cons\u00e9quences : envoyer ses cadres affronter les All Blacks en Nouvelle-Z\u00e9lande, ou\u2026","inLanguage":"fr-FR","potentialAction":[{"@type":"ReadAction","target":["https:\/\/sport-index.fr\/blog\/a-la-une\/le-xv-de-france-et-la-nouvelle-zelande-un-dilemme-pour-les-joueurs-premium\/"]}]},{"@type":"ImageObject","inLanguage":"fr-FR","@id":"https:\/\/sport-index.fr\/blog\/a-la-une\/le-xv-de-france-et-la-nouvelle-zelande-un-dilemme-pour-les-joueurs-premium\/#primaryimage","url":"https:\/\/sport-index.fr\/blog\/wp-content\/uploads\/2025\/05\/sdxl-84dfaee70d649d6f9edd9be1467a8c18-scaled.png","contentUrl":"https:\/\/sport-index.fr\/blog\/wp-content\/uploads\/2025\/05\/sdxl-84dfaee70d649d6f9edd9be1467a8c18-scaled.png","width":1200,"height":500},{"@type":"WebSite","@id":"https:\/\/sport-index.fr\/blog\/#website","url":"https:\/\/sport-index.fr\/blog\/","name":"sport-index.fr","description":"Le score de l\u2019analyse sportive.","publisher":{"@id":"https:\/\/sport-index.fr\/blog\/#organization"},"alternateName":"Le score de l\u2019analyse sportive.","potentialAction":[{"@type":"SearchAction","target":{"@type":"EntryPoint","urlTemplate":"https:\/\/sport-index.fr\/blog\/?s={search_term_string}"},"query-input":{"@type":"PropertyValueSpecification","valueRequired":true,"valueName":"search_term_string"}}],"inLanguage":"fr-FR"},{"@type":"Organization","@id":"https:\/\/sport-index.fr\/blog\/#organization","name":"Foretsensations.fr","url":"https:\/\/sport-index.fr\/blog\/","logo":{"@type":"ImageObject","inLanguage":"fr-FR","@id":"https:\/\/sport-index.fr\/blog\/#\/schema\/logo\/image\/","url":"https:\/\/sport-index.fr\/blog\/wp-content\/uploads\/2026\/07\/logo-auto.png","contentUrl":"https:\/\/sport-index.fr\/blog\/wp-content\/uploads\/2026\/07\/logo-auto.png","width":1024,"height":1024,"caption":"Foretsensations.fr"},"image":{"@id":"https:\/\/sport-index.fr\/blog\/#\/schema\/logo\/image\/"}},{"@type":"Person","@id":"https:\/\/sport-index.fr\/blog\/#\/schema\/person\/3c864cdc320801e3db34b663e7e3f816","name":"Axel Lauzier","image":{"@type":"ImageObject","inLanguage":"fr-FR","@id":"https:\/\/sport-index.fr\/blog\/#\/schema\/person\/image\/","url":"https:\/\/sport-index.fr\/blog\/wp-content\/uploads\/2026\/06\/persona_axel-l-96x96.jpg","contentUrl":"https:\/\/sport-index.fr\/blog\/wp-content\/uploads\/2026\/06\/persona_axel-l-96x96.jpg","caption":"Axel Lauzier"},"description":"Le sport rythme mon quotidien depuis l'enfance, et j'en ai fait mon m\u00e9tier d'analyste r\u00e9dactionnel il y a une dizaine d'ann\u00e9es. Je couvre principalement le football, son actualit\u00e9, ses transferts et l'analyse tactique des grandes affiches, mais aussi les disciplines plus confidentielles que j'aime remettre en lumi\u00e8re. Une partie de mon travail porte sur les pronostics et la lecture statistique d'un match : forme des \u00e9quipes, historique des confrontations, compositions, sans jamais vendre de fausse certitude. Je rappelle syst\u00e9matiquement que parier comporte un risque et doit rester un loisir ma\u00eetris\u00e9. Avant de signer une analyse, je v\u00e9rifie mes chiffres, je recoupe les compositions probables et je distingue toujours la donn\u00e9e brute de l'intuition. Mon objectif : offrir une lecture honn\u00eate et argument\u00e9e, pas un ticket gagnant garanti.","sameAs":["https:\/\/axellauzier.fr\/"],"url":"https:\/\/sport-index.fr\/blog\/auteur\/noname\/"}]}},"_links":{"self":[{"href":"https:\/\/sport-index.fr\/blog\/wp-json\/wp\/v2\/posts\/13721","targetHints":{"allow":["GET"]}}],"collection":[{"href":"https:\/\/sport-index.fr\/blog\/wp-json\/wp\/v2\/posts"}],"about":[{"href":"https:\/\/sport-index.fr\/blog\/wp-json\/wp\/v2\/types\/post"}],"author":[{"embeddable":true,"href":"https:\/\/sport-index.fr\/blog\/wp-json\/wp\/v2\/users\/34"}],"replies":[{"embeddable":true,"href":"https:\/\/sport-index.fr\/blog\/wp-json\/wp\/v2\/comments?post=13721"}],"version-history":[{"count":1,"href":"https:\/\/sport-index.fr\/blog\/wp-json\/wp\/v2\/posts\/13721\/revisions"}],"predecessor-version":[{"id":18008,"href":"https:\/\/sport-index.fr\/blog\/wp-json\/wp\/v2\/posts\/13721\/revisions\/18008"}],"wp:featuredmedia":[{"embeddable":true,"href":"https:\/\/sport-index.fr\/blog\/wp-json\/wp\/v2\/media\/15763"}],"wp:attachment":[{"href":"https:\/\/sport-index.fr\/blog\/wp-json\/wp\/v2\/media?parent=13721"}],"wp:term":[{"taxonomy":"category","embeddable":true,"href":"https:\/\/sport-index.fr\/blog\/wp-json\/wp\/v2\/categories?post=13721"},{"taxonomy":"post_tag","embeddable":true,"href":"https:\/\/sport-index.fr\/blog\/wp-json\/wp\/v2\/tags?post=13721"}],"curies":[{"name":"wp","href":"https:\/\/api.w.org\/{rel}","templated":true}]}}