{"id":13735,"date":"2025-04-15T13:48:32","date_gmt":"2025-04-15T11:48:32","guid":{"rendered":"https:\/\/sport-index.fr\/blog\/?p=13735"},"modified":"2025-04-15T12:11:04","modified_gmt":"2025-04-15T10:11:04","slug":"disparition-tragique-de-mehdi-narjissi-le-role-de-stephane-cambos-sous-enquete","status":"publish","type":"post","link":"https:\/\/sport-index.fr\/blog\/a-la-une\/disparition-tragique-de-mehdi-narjissi-le-role-de-stephane-cambos-sous-enquete\/","title":{"rendered":"disparition tragique de mehdi narjissi : le r\u00f4le de st\u00e9phane cambos sous enqu\u00eate"},"content":{"rendered":"<h2>Une enqu\u00eate qui soul\u00e8ve des questions<\/h2>\n<p>Ce mardi, St\u00e9phane Cambos, ancien manager de l&rsquo;\u00e9quipe de France U18, a \u00e9t\u00e9 entendu par les enqu\u00eateurs au commissariat d&rsquo;Agen. Cette audition s&rsquo;inscrit dans le cadre d&rsquo;une enqu\u00eate ouverte pour homicide involontaire suite \u00e0 des \u00e9v\u00e9nements tragiques survenus le 7 ao\u00fbt dernier en Afrique du Sud.<\/p>\n<p>Selon les rapports, Narjissi a disparu lors d&rsquo;une s\u00e9ance de r\u00e9cup\u00e9ration sur la plage de Dias Beach, une activit\u00e9 cens\u00e9e \u00eatre b\u00e9n\u00e9fique apr\u00e8s une p\u00e9riode d&rsquo;entra\u00eenement intense. Les circonstances entourant sa disparition soul\u00e8vent de nombreuses interrogations, tant sur la gestion de cette s\u00e9ance que sur les d\u00e9cisions qui ont \u00e9t\u00e9 prises par le staff technique. La pression m\u00e9diatique et l&rsquo;\u00e9motion ressentie par les proches du joueur accentuent encore plus la n\u00e9cessit\u00e9 de comprendre ce qui s&rsquo;est r\u00e9ellement pass\u00e9.<\/p>\n<h2>Les d\u00e9clarations contradictoires des protagonistes<\/h2>\n<p>Au c\u0153ur de l&rsquo;affaire, les d\u00e9clarations de St\u00e9phane Cambos et de R\u00e9mi Ladauge, pr\u00e9parateur physique, divergent consid\u00e9rablement. Cambos a affirm\u00e9 qu&rsquo;il se sentait press\u00e9 d&rsquo;autoriser la baignade, malgr\u00e9 ses r\u00e9ticences, et a mentionn\u00e9 que l&rsquo;activit\u00e9 devait se d\u00e9rouler apr\u00e8s l&rsquo;excursion \u00e0 l&rsquo;h\u00f4tel. Son avocat a pr\u00e9cis\u00e9 que la pression exerc\u00e9e sur lui \u00e9tait palpable, le poussant \u00e0 se conformer aux demandes de ses coll\u00e8gues.<\/p>\n<p>En revanche, la version de Ladauge, relay\u00e9e par son avocat, conteste la responsabilit\u00e9 de Cambos. Il d\u00e9crit la situation comme un encha\u00eenement d&rsquo;\u00e9v\u00e9nements qui ne peuvent \u00eatre attribu\u00e9s \u00e0 un seul individu. Cette controverse souligne les tensions qui existent au sein du staff technique et la difficult\u00e9 \u00e0 \u00e9tablir des responsabilit\u00e9s claires dans un contexte aussi tragique.<\/p>\n<h2>Un jeune espoir du rugby disparu trop t\u00f4t<\/h2>\n<p>Mehdi Narjissi, form\u00e9 \u00e0 Agen, avait su se faire un nom au sein du rugby fran\u00e7ais. Ce jeune joueur \u00e9tait consid\u00e9r\u00e9 comme un talent prometteur, et sa disparition a \u00e9t\u00e9 ressentie comme une perte immense par la communaut\u00e9 sportive. Fils de Jalil Narjissi, ancien joueur renomm\u00e9, il portait avec lui l&rsquo;h\u00e9ritage d&rsquo;une grande famille de rugby.<\/p>\n<p>Le soutien de la communaut\u00e9 s&rsquo;est manifest\u00e9 \u00e0 travers des hommages et des r\u00e9flexions sur la s\u00e9curit\u00e9 des jeunes athl\u00e8tes. La tristesse et la col\u00e8re s&rsquo;entrem\u00ealent alors que les proches de Narjissi cherchent des r\u00e9ponses. La mort accidentelle d&rsquo;un jeune talent rappelle l&rsquo;importance de la s\u00e9curit\u00e9 dans le sport et l&rsquo;\u00e9valuation rigoureuse des activit\u00e9s propos\u00e9es aux jeunes joueurs.<\/p>\n<ul>\n<li>Disparition de Mehdi Narjissi au Cap de Bon Esp\u00e9rance<\/li>\n<li>Audition de St\u00e9phane Cambos et tensions au sein du staff<\/li>\n<li>Contradictions entre les versions des protagonistes<\/li>\n<li>Impact \u00e9motionnel sur la communaut\u00e9 sportive<\/li>\n<li>Appels \u00e0 une meilleure s\u00e9curit\u00e9 pour les jeunes athl\u00e8tes<\/li>\n<\/ul>\n<blockquote><p>\u00ab La version du manager consistant \u00e0 pr\u00e9tendre que la baignade aurait r\u00e9sult\u00e9 de la d\u00e9cision d\u2019un seul homme n\u2019est pas tenable. \u00bb &#8211; Ma\u00eetre Kerzerho<\/p><\/blockquote>\n","protected":false},"excerpt":{"rendered":"","protected":false},"author":34,"featured_media":16037,"comment_status":"open","ping_status":"open","sticky":false,"template":"","format":"standard","meta":{"_acf_changed":false,"manual_indexmenow":false,"indexmenow_id_project":0,"footnotes":""},"categories":[1],"tags":[4846,4585,4685,4898,4543],"class_list":["post-13735","post","type-post","status-publish","format-standard","has-post-thumbnail","hentry","category-a-la-une","tag-bien-etre-mental","tag-cohesion-dequipe","tag-evenements-sportifs","tag-gestion-du-stress","tag-performance","generate-columns","tablet-grid-50","mobile-grid-100","grid-parent","grid-25"],"acf":[],"yoast_head":"<!-- This site is optimized with the Yoast SEO Premium plugin v21.3 (Yoast SEO v26.5) - https:\/\/yoast.com\/wordpress\/plugins\/seo\/ -->\n<title>disparition tragique de mehdi narjissi : le r\u00f4le<\/title>\n<meta name=\"description\" content=\"Une enqu\u00eate qui soul\u00e8ve des questions Ce mardi, St\u00e9phane Cambos, ancien manager de l&#039;\u00e9quipe de France U18, a \u00e9t\u00e9 entendu par les enqu\u00eateurs au\u2026\" \/>\n<meta name=\"robots\" content=\"index, follow, max-snippet:-1, max-image-preview:large, max-video-preview:-1\" \/>\n<link rel=\"canonical\" href=\"https:\/\/sport-index.fr\/blog\/a-la-une\/disparition-tragique-de-mehdi-narjissi-le-role-de-stephane-cambos-sous-enquete\/\" \/>\n<meta property=\"og:locale\" content=\"fr_FR\" \/>\n<meta property=\"og:type\" content=\"article\" \/>\n<meta property=\"og:title\" content=\"disparition tragique de mehdi narjissi : le r\u00f4le\" \/>\n<meta property=\"og:description\" content=\"Une enqu\u00eate qui soul\u00e8ve des questions Ce mardi, St\u00e9phane Cambos, ancien manager de l&#039;\u00e9quipe de France U18, a \u00e9t\u00e9 entendu par les enqu\u00eateurs au\u2026\" \/>\n<meta property=\"og:url\" content=\"https:\/\/sport-index.fr\/blog\/a-la-une\/disparition-tragique-de-mehdi-narjissi-le-role-de-stephane-cambos-sous-enquete\/\" \/>\n<meta property=\"og:site_name\" content=\"sport-index\" \/>\n<meta name=\"author\" content=\"Axel Lauzier\" \/>\n<meta name=\"twitter:card\" content=\"summary_large_image\" \/>\n<script type=\"application\/ld+json\" class=\"yoast-schema-graph\">{\"@context\":\"https:\/\/schema.org\",\"@graph\":[{\"@type\":\"NewsArticle\",\"@id\":\"https:\/\/sport-index.fr\/blog\/a-la-une\/disparition-tragique-de-mehdi-narjissi-le-role-de-stephane-cambos-sous-enquete\/#article\",\"isPartOf\":{\"@id\":\"https:\/\/sport-index.fr\/blog\/a-la-une\/disparition-tragique-de-mehdi-narjissi-le-role-de-stephane-cambos-sous-enquete\/\"},\"author\":{\"name\":\"Axel Lauzier\",\"@id\":\"https:\/\/sport-index.fr\/blog\/#\/schema\/person\/3c864cdc320801e3db34b663e7e3f816\"},\"headline\":\"disparition tragique de mehdi narjissi : le r\u00f4le de st\u00e9phane cambos sous enqu\u00eate\",\"datePublished\":\"2025-04-15T11:48:32+00:00\",\"mainEntityOfPage\":{\"@id\":\"https:\/\/sport-index.fr\/blog\/a-la-une\/disparition-tragique-de-mehdi-narjissi-le-role-de-stephane-cambos-sous-enquete\/\"},\"wordCount\":534,\"commentCount\":21,\"publisher\":{\"@id\":\"https:\/\/sport-index.fr\/blog\/#organization\"},\"image\":{\"@id\":\"https:\/\/sport-index.fr\/blog\/a-la-une\/disparition-tragique-de-mehdi-narjissi-le-role-de-stephane-cambos-sous-enquete\/#primaryimage\"},\"thumbnailUrl\":\"https:\/\/sport-index.fr\/blog\/wp-content\/uploads\/2025\/05\/sdxl-ee7fd37705925126e8ff61fb37f15e5d-scaled.png\",\"keywords\":[\"Bien-\u00eatre Mental\",\"Coh\u00e9sion d'\u00c9quipe\",\"\u00c9v\u00e9nements Sportifs\",\"Gestion Du Stress\",\"Performance\"],\"articleSection\":[\"\u00c0 la une\"],\"inLanguage\":\"fr-FR\",\"potentialAction\":[{\"@type\":\"CommentAction\",\"name\":\"Comment\",\"target\":[\"https:\/\/sport-index.fr\/blog\/a-la-une\/disparition-tragique-de-mehdi-narjissi-le-role-de-stephane-cambos-sous-enquete\/#respond\"]}]},{\"@type\":\"WebPage\",\"@id\":\"https:\/\/sport-index.fr\/blog\/a-la-une\/disparition-tragique-de-mehdi-narjissi-le-role-de-stephane-cambos-sous-enquete\/\",\"url\":\"https:\/\/sport-index.fr\/blog\/a-la-une\/disparition-tragique-de-mehdi-narjissi-le-role-de-stephane-cambos-sous-enquete\/\",\"name\":\"disparition tragique de mehdi narjissi : le r\u00f4le\",\"isPartOf\":{\"@id\":\"https:\/\/sport-index.fr\/blog\/#website\"},\"primaryImageOfPage\":{\"@id\":\"https:\/\/sport-index.fr\/blog\/a-la-une\/disparition-tragique-de-mehdi-narjissi-le-role-de-stephane-cambos-sous-enquete\/#primaryimage\"},\"image\":{\"@id\":\"https:\/\/sport-index.fr\/blog\/a-la-une\/disparition-tragique-de-mehdi-narjissi-le-role-de-stephane-cambos-sous-enquete\/#primaryimage\"},\"thumbnailUrl\":\"https:\/\/sport-index.fr\/blog\/wp-content\/uploads\/2025\/05\/sdxl-ee7fd37705925126e8ff61fb37f15e5d-scaled.png\",\"datePublished\":\"2025-04-15T11:48:32+00:00\",\"description\":\"Une enqu\u00eate qui soul\u00e8ve des questions Ce mardi, St\u00e9phane Cambos, ancien manager de l'\u00e9quipe de France U18, a \u00e9t\u00e9 entendu par les enqu\u00eateurs au\u2026\",\"inLanguage\":\"fr-FR\",\"potentialAction\":[{\"@type\":\"ReadAction\",\"target\":[\"https:\/\/sport-index.fr\/blog\/a-la-une\/disparition-tragique-de-mehdi-narjissi-le-role-de-stephane-cambos-sous-enquete\/\"]}]},{\"@type\":\"ImageObject\",\"inLanguage\":\"fr-FR\",\"@id\":\"https:\/\/sport-index.fr\/blog\/a-la-une\/disparition-tragique-de-mehdi-narjissi-le-role-de-stephane-cambos-sous-enquete\/#primaryimage\",\"url\":\"https:\/\/sport-index.fr\/blog\/wp-content\/uploads\/2025\/05\/sdxl-ee7fd37705925126e8ff61fb37f15e5d-scaled.png\",\"contentUrl\":\"https:\/\/sport-index.fr\/blog\/wp-content\/uploads\/2025\/05\/sdxl-ee7fd37705925126e8ff61fb37f15e5d-scaled.png\",\"width\":1200,\"height\":500},{\"@type\":\"WebSite\",\"@id\":\"https:\/\/sport-index.fr\/blog\/#website\",\"url\":\"https:\/\/sport-index.fr\/blog\/\",\"name\":\"sport-index.fr\",\"description\":\"Le score de l\u2019analyse sportive.\",\"publisher\":{\"@id\":\"https:\/\/sport-index.fr\/blog\/#organization\"},\"alternateName\":\"Le score de l\u2019analyse sportive.\",\"potentialAction\":[{\"@type\":\"SearchAction\",\"target\":{\"@type\":\"EntryPoint\",\"urlTemplate\":\"https:\/\/sport-index.fr\/blog\/?s={search_term_string}\"},\"query-input\":{\"@type\":\"PropertyValueSpecification\",\"valueRequired\":true,\"valueName\":\"search_term_string\"}}],\"inLanguage\":\"fr-FR\"},{\"@type\":\"Organization\",\"@id\":\"https:\/\/sport-index.fr\/blog\/#organization\",\"name\":\"Foretsensations.fr\",\"url\":\"https:\/\/sport-index.fr\/blog\/\",\"logo\":{\"@type\":\"ImageObject\",\"inLanguage\":\"fr-FR\",\"@id\":\"https:\/\/sport-index.fr\/blog\/#\/schema\/logo\/image\/\",\"url\":\"https:\/\/sport-index.fr\/blog\/wp-content\/uploads\/2026\/07\/logo-auto.png\",\"contentUrl\":\"https:\/\/sport-index.fr\/blog\/wp-content\/uploads\/2026\/07\/logo-auto.png\",\"width\":1024,\"height\":1024,\"caption\":\"Foretsensations.fr\"},\"image\":{\"@id\":\"https:\/\/sport-index.fr\/blog\/#\/schema\/logo\/image\/\"}},{\"@type\":\"Person\",\"@id\":\"https:\/\/sport-index.fr\/blog\/#\/schema\/person\/3c864cdc320801e3db34b663e7e3f816\",\"name\":\"Axel Lauzier\",\"image\":{\"@type\":\"ImageObject\",\"inLanguage\":\"fr-FR\",\"@id\":\"https:\/\/sport-index.fr\/blog\/#\/schema\/person\/image\/\",\"url\":\"https:\/\/sport-index.fr\/blog\/wp-content\/uploads\/2026\/06\/persona_axel-l-96x96.jpg\",\"contentUrl\":\"https:\/\/sport-index.fr\/blog\/wp-content\/uploads\/2026\/06\/persona_axel-l-96x96.jpg\",\"caption\":\"Axel Lauzier\"},\"description\":\"Le sport rythme mon quotidien depuis l'enfance, et j'en ai fait mon m\u00e9tier d'analyste r\u00e9dactionnel il y a une dizaine d'ann\u00e9es. Je couvre principalement le football, son actualit\u00e9, ses transferts et l'analyse tactique des grandes affiches, mais aussi les disciplines plus confidentielles que j'aime remettre en lumi\u00e8re. Une partie de mon travail porte sur les pronostics et la lecture statistique d'un match : forme des \u00e9quipes, historique des confrontations, compositions, sans jamais vendre de fausse certitude. Je rappelle syst\u00e9matiquement que parier comporte un risque et doit rester un loisir ma\u00eetris\u00e9. Avant de signer une analyse, je v\u00e9rifie mes chiffres, je recoupe les compositions probables et je distingue toujours la donn\u00e9e brute de l'intuition. Mon objectif : offrir une lecture honn\u00eate et argument\u00e9e, pas un ticket gagnant garanti.\",\"sameAs\":[\"https:\/\/axellauzier.fr\/\"],\"url\":\"https:\/\/sport-index.fr\/blog\/auteur\/noname\/\"}]}<\/script>\n<!-- \/ Yoast SEO Premium plugin. -->","yoast_head_json":{"title":"disparition tragique de mehdi narjissi : le r\u00f4le","description":"Une enqu\u00eate qui soul\u00e8ve des questions Ce mardi, St\u00e9phane Cambos, ancien manager de l'\u00e9quipe de France U18, a \u00e9t\u00e9 entendu par les enqu\u00eateurs au\u2026","robots":{"index":"index","follow":"follow","max-snippet":"max-snippet:-1","max-image-preview":"max-image-preview:large","max-video-preview":"max-video-preview:-1"},"canonical":"https:\/\/sport-index.fr\/blog\/a-la-une\/disparition-tragique-de-mehdi-narjissi-le-role-de-stephane-cambos-sous-enquete\/","og_locale":"fr_FR","og_type":"article","og_title":"disparition tragique de mehdi narjissi : le r\u00f4le","og_description":"Une enqu\u00eate qui soul\u00e8ve des questions Ce mardi, St\u00e9phane Cambos, ancien manager de l'\u00e9quipe de France U18, a \u00e9t\u00e9 entendu par les enqu\u00eateurs au\u2026","og_url":"https:\/\/sport-index.fr\/blog\/a-la-une\/disparition-tragique-de-mehdi-narjissi-le-role-de-stephane-cambos-sous-enquete\/","og_site_name":"sport-index","author":"Axel Lauzier","twitter_card":"summary_large_image","schema":{"@context":"https:\/\/schema.org","@graph":[{"@type":"NewsArticle","@id":"https:\/\/sport-index.fr\/blog\/a-la-une\/disparition-tragique-de-mehdi-narjissi-le-role-de-stephane-cambos-sous-enquete\/#article","isPartOf":{"@id":"https:\/\/sport-index.fr\/blog\/a-la-une\/disparition-tragique-de-mehdi-narjissi-le-role-de-stephane-cambos-sous-enquete\/"},"author":{"name":"Axel Lauzier","@id":"https:\/\/sport-index.fr\/blog\/#\/schema\/person\/3c864cdc320801e3db34b663e7e3f816"},"headline":"disparition tragique de mehdi narjissi : le r\u00f4le de st\u00e9phane cambos sous enqu\u00eate","datePublished":"2025-04-15T11:48:32+00:00","mainEntityOfPage":{"@id":"https:\/\/sport-index.fr\/blog\/a-la-une\/disparition-tragique-de-mehdi-narjissi-le-role-de-stephane-cambos-sous-enquete\/"},"wordCount":534,"commentCount":21,"publisher":{"@id":"https:\/\/sport-index.fr\/blog\/#organization"},"image":{"@id":"https:\/\/sport-index.fr\/blog\/a-la-une\/disparition-tragique-de-mehdi-narjissi-le-role-de-stephane-cambos-sous-enquete\/#primaryimage"},"thumbnailUrl":"https:\/\/sport-index.fr\/blog\/wp-content\/uploads\/2025\/05\/sdxl-ee7fd37705925126e8ff61fb37f15e5d-scaled.png","keywords":["Bien-\u00eatre Mental","Coh\u00e9sion d'\u00c9quipe","\u00c9v\u00e9nements Sportifs","Gestion Du Stress","Performance"],"articleSection":["\u00c0 la une"],"inLanguage":"fr-FR","potentialAction":[{"@type":"CommentAction","name":"Comment","target":["https:\/\/sport-index.fr\/blog\/a-la-une\/disparition-tragique-de-mehdi-narjissi-le-role-de-stephane-cambos-sous-enquete\/#respond"]}]},{"@type":"WebPage","@id":"https:\/\/sport-index.fr\/blog\/a-la-une\/disparition-tragique-de-mehdi-narjissi-le-role-de-stephane-cambos-sous-enquete\/","url":"https:\/\/sport-index.fr\/blog\/a-la-une\/disparition-tragique-de-mehdi-narjissi-le-role-de-stephane-cambos-sous-enquete\/","name":"disparition tragique de mehdi narjissi : le r\u00f4le","isPartOf":{"@id":"https:\/\/sport-index.fr\/blog\/#website"},"primaryImageOfPage":{"@id":"https:\/\/sport-index.fr\/blog\/a-la-une\/disparition-tragique-de-mehdi-narjissi-le-role-de-stephane-cambos-sous-enquete\/#primaryimage"},"image":{"@id":"https:\/\/sport-index.fr\/blog\/a-la-une\/disparition-tragique-de-mehdi-narjissi-le-role-de-stephane-cambos-sous-enquete\/#primaryimage"},"thumbnailUrl":"https:\/\/sport-index.fr\/blog\/wp-content\/uploads\/2025\/05\/sdxl-ee7fd37705925126e8ff61fb37f15e5d-scaled.png","datePublished":"2025-04-15T11:48:32+00:00","description":"Une enqu\u00eate qui soul\u00e8ve des questions Ce mardi, St\u00e9phane Cambos, ancien manager de l'\u00e9quipe de France U18, a \u00e9t\u00e9 entendu par les enqu\u00eateurs au\u2026","inLanguage":"fr-FR","potentialAction":[{"@type":"ReadAction","target":["https:\/\/sport-index.fr\/blog\/a-la-une\/disparition-tragique-de-mehdi-narjissi-le-role-de-stephane-cambos-sous-enquete\/"]}]},{"@type":"ImageObject","inLanguage":"fr-FR","@id":"https:\/\/sport-index.fr\/blog\/a-la-une\/disparition-tragique-de-mehdi-narjissi-le-role-de-stephane-cambos-sous-enquete\/#primaryimage","url":"https:\/\/sport-index.fr\/blog\/wp-content\/uploads\/2025\/05\/sdxl-ee7fd37705925126e8ff61fb37f15e5d-scaled.png","contentUrl":"https:\/\/sport-index.fr\/blog\/wp-content\/uploads\/2025\/05\/sdxl-ee7fd37705925126e8ff61fb37f15e5d-scaled.png","width":1200,"height":500},{"@type":"WebSite","@id":"https:\/\/sport-index.fr\/blog\/#website","url":"https:\/\/sport-index.fr\/blog\/","name":"sport-index.fr","description":"Le score de l\u2019analyse sportive.","publisher":{"@id":"https:\/\/sport-index.fr\/blog\/#organization"},"alternateName":"Le score de l\u2019analyse sportive.","potentialAction":[{"@type":"SearchAction","target":{"@type":"EntryPoint","urlTemplate":"https:\/\/sport-index.fr\/blog\/?s={search_term_string}"},"query-input":{"@type":"PropertyValueSpecification","valueRequired":true,"valueName":"search_term_string"}}],"inLanguage":"fr-FR"},{"@type":"Organization","@id":"https:\/\/sport-index.fr\/blog\/#organization","name":"Foretsensations.fr","url":"https:\/\/sport-index.fr\/blog\/","logo":{"@type":"ImageObject","inLanguage":"fr-FR","@id":"https:\/\/sport-index.fr\/blog\/#\/schema\/logo\/image\/","url":"https:\/\/sport-index.fr\/blog\/wp-content\/uploads\/2026\/07\/logo-auto.png","contentUrl":"https:\/\/sport-index.fr\/blog\/wp-content\/uploads\/2026\/07\/logo-auto.png","width":1024,"height":1024,"caption":"Foretsensations.fr"},"image":{"@id":"https:\/\/sport-index.fr\/blog\/#\/schema\/logo\/image\/"}},{"@type":"Person","@id":"https:\/\/sport-index.fr\/blog\/#\/schema\/person\/3c864cdc320801e3db34b663e7e3f816","name":"Axel Lauzier","image":{"@type":"ImageObject","inLanguage":"fr-FR","@id":"https:\/\/sport-index.fr\/blog\/#\/schema\/person\/image\/","url":"https:\/\/sport-index.fr\/blog\/wp-content\/uploads\/2026\/06\/persona_axel-l-96x96.jpg","contentUrl":"https:\/\/sport-index.fr\/blog\/wp-content\/uploads\/2026\/06\/persona_axel-l-96x96.jpg","caption":"Axel Lauzier"},"description":"Le sport rythme mon quotidien depuis l'enfance, et j'en ai fait mon m\u00e9tier d'analyste r\u00e9dactionnel il y a une dizaine d'ann\u00e9es. Je couvre principalement le football, son actualit\u00e9, ses transferts et l'analyse tactique des grandes affiches, mais aussi les disciplines plus confidentielles que j'aime remettre en lumi\u00e8re. Une partie de mon travail porte sur les pronostics et la lecture statistique d'un match : forme des \u00e9quipes, historique des confrontations, compositions, sans jamais vendre de fausse certitude. Je rappelle syst\u00e9matiquement que parier comporte un risque et doit rester un loisir ma\u00eetris\u00e9. Avant de signer une analyse, je v\u00e9rifie mes chiffres, je recoupe les compositions probables et je distingue toujours la donn\u00e9e brute de l'intuition. Mon objectif : offrir une lecture honn\u00eate et argument\u00e9e, pas un ticket gagnant garanti.","sameAs":["https:\/\/axellauzier.fr\/"],"url":"https:\/\/sport-index.fr\/blog\/auteur\/noname\/"}]}},"_links":{"self":[{"href":"https:\/\/sport-index.fr\/blog\/wp-json\/wp\/v2\/posts\/13735","targetHints":{"allow":["GET"]}}],"collection":[{"href":"https:\/\/sport-index.fr\/blog\/wp-json\/wp\/v2\/posts"}],"about":[{"href":"https:\/\/sport-index.fr\/blog\/wp-json\/wp\/v2\/types\/post"}],"author":[{"embeddable":true,"href":"https:\/\/sport-index.fr\/blog\/wp-json\/wp\/v2\/users\/34"}],"replies":[{"embeddable":true,"href":"https:\/\/sport-index.fr\/blog\/wp-json\/wp\/v2\/comments?post=13735"}],"version-history":[{"count":1,"href":"https:\/\/sport-index.fr\/blog\/wp-json\/wp\/v2\/posts\/13735\/revisions"}],"predecessor-version":[{"id":13741,"href":"https:\/\/sport-index.fr\/blog\/wp-json\/wp\/v2\/posts\/13735\/revisions\/13741"}],"wp:featuredmedia":[{"embeddable":true,"href":"https:\/\/sport-index.fr\/blog\/wp-json\/wp\/v2\/media\/16037"}],"wp:attachment":[{"href":"https:\/\/sport-index.fr\/blog\/wp-json\/wp\/v2\/media?parent=13735"}],"wp:term":[{"taxonomy":"category","embeddable":true,"href":"https:\/\/sport-index.fr\/blog\/wp-json\/wp\/v2\/categories?post=13735"},{"taxonomy":"post_tag","embeddable":true,"href":"https:\/\/sport-index.fr\/blog\/wp-json\/wp\/v2\/tags?post=13735"}],"curies":[{"name":"wp","href":"https:\/\/api.w.org\/{rel}","templated":true}]}}