{"id":13739,"date":"2025-04-15T16:26:42","date_gmt":"2025-04-15T14:26:42","guid":{"rendered":"https:\/\/sport-index.fr\/blog\/?p=13739"},"modified":"2025-04-15T13:15:44","modified_gmt":"2025-04-15T11:15:44","slug":"maxime-lucu-en-vacances-bordeaux-begles-fait-face-a-un-nouveau-defi-en-top-14","status":"publish","type":"post","link":"https:\/\/sport-index.fr\/blog\/a-la-une\/maxime-lucu-en-vacances-bordeaux-begles-fait-face-a-un-nouveau-defi-en-top-14\/","title":{"rendered":"Maxime Lucu en vacances : Bordeaux-B\u00e8gles fait face \u00e0 un nouveau d\u00e9fi en Top 14"},"content":{"rendered":"<h2>Une gestion astucieuse des vacances<\/h2>\n<p>Le staff, dirig\u00e9 par Yannick Bru, a choisi d&rsquo;\u00e9chelonner les vacances sur cinq semaines, permettant ainsi de conserver une certaine coh\u00e9sion au sein de l\u2019\u00e9quipe. Cette strat\u00e9gie s&rsquo;est r\u00e9v\u00e9l\u00e9e efficace, car elle a permis \u00e0 l\u2019UBB de performer lors de ses derniers matchs malgr\u00e9 l&rsquo;absence temporaire de certains joueurs cl\u00e9s.<\/p>\n<p>Maxime Lucu, le demi de m\u00eal\u00e9e et capitaine, a \u00e9t\u00e9 le dernier \u00e0 partir en cong\u00e9, profitant de sa semaine de repos apr\u00e8s une victoire significative en quart de finale de la Champions Cup. Son absence pour le match contre la Section paloise est notable, car il est un \u00e9l\u00e9ment central du dispositif de l&rsquo;\u00e9quipe. Le fait que Lucu ait pu partir l&rsquo;esprit tranquille t\u00e9moigne de la bonne dynamique actuelle au sein de l&rsquo;\u00e9quipe.<\/p>\n<h2>Une s\u00e9rie de performances solides<\/h2>\n<p>L&rsquo;UBB a su tirer son \u00e9pingle du jeu en remportant trois de ses quatre derniers matchs, un exploit qui souligne l&rsquo;efficacit\u00e9 de la gestion des cong\u00e9s. Malgr\u00e9 la difficult\u00e9 d&rsquo;aligner les meilleurs joueurs, le club girondin a su trouver des solutions, avec des remplacements strat\u00e9giques. Les performances de joueurs comme Yoram Moefana et Damian Penaud ont \u00e9t\u00e9 cruciales pour maintenir le cap pendant cette p\u00e9riode de transition.<\/p>\n<p>Ce bon parcours r\u00e9cent a permis \u00e0 l&rsquo;Union Bordeaux-B\u00e8gles de se maintenir dans la course pour le haut du tableau en Top 14. Le staff technique a su adapter ses choix en fonction des absences, tout en maintenant une certaine stabilit\u00e9 sur le terrain. Lucu, bien qu&rsquo;absent, a pu contribuer \u00e0 cette dynamique par son leadership et ses performances en amont.<\/p>\n<h2>Un retour qui s&rsquo;annonce prometteur<\/h2>\n<p>Le retour de Maxime Lucu dans le groupe est tr\u00e8s attendu apr\u00e8s sa p\u00e9riode de repos. Les joueurs de l&rsquo;UBB esp\u00e8rent qu&rsquo;il pourra insuffler une nouvelle \u00e9nergie \u00e0 l&rsquo;\u00e9quipe alors qu&rsquo;ils s&rsquo;appr\u00eatent \u00e0 aborder des matchs cruciaux. Son exp\u00e9rience et sa vision du jeu seront des atouts ind\u00e9niables pour les prochaines confrontations.<\/p>\n<p>Les supporters esp\u00e8rent \u00e9galement que le retour \u00e0 la normale de l&rsquo;effectif marquera le d\u00e9but d&rsquo;une nouvelle s\u00e9rie de victoires en Top 14. La pression est forte, mais le groupe a prouv\u00e9 qu&rsquo;il sait r\u00e9pondre aux d\u00e9fis. La reprise de l&rsquo;entra\u00eenement avec Lucu sera une \u00e9tape cl\u00e9 pour pr\u00e9parer la suite de la saison.<\/p>\n<blockquote><p>\n  \u00ab La gestion des cong\u00e9s a \u00e9t\u00e9 un vrai casse-t\u00eate, mais nous avons r\u00e9ussi \u00e0 maintenir notre comp\u00e9titivit\u00e9. \u00bb &#8211; Yannick Bru\n<\/p><\/blockquote>\n<ul>\n<li>Maxime Lucu part en cong\u00e9 apr\u00e8s une victoire en quart de finale de Champions Cup.<\/li>\n<li>L&rsquo;Union Bordeaux-B\u00e8gles a remport\u00e9 trois de ses quatre derniers matchs.<\/li>\n<li>Yannick Bru a \u00e9chelonn\u00e9 les vacances de ses internationaux sur cinq semaines.<\/li>\n<li>Lucu est le dernier joueur \u00e0 b\u00e9n\u00e9ficier de sa semaine de repos.<\/li>\n<li>Le retour de Lucu est tr\u00e8s attendu pour la suite de la saison en Top 14.<\/li>\n<\/ul>\n","protected":false},"excerpt":{"rendered":"","protected":false},"author":34,"featured_media":15206,"comment_status":"open","ping_status":"open","sticky":false,"template":"","format":"standard","meta":{"_acf_changed":false,"manual_indexmenow":false,"indexmenow_id_project":0,"footnotes":""},"categories":[1],"tags":[5291,4585,4561,4632,4539],"class_list":["post-13739","post","type-post","status-publish","format-standard","has-post-thumbnail","hentry","category-a-la-une","tag-champions-cup","tag-cohesion-dequipe","tag-gestion-des-talents","tag-performance-sportive","tag-top-14","generate-columns","tablet-grid-50","mobile-grid-100","grid-parent","grid-25"],"acf":[],"yoast_head":"<!-- This site is optimized with the Yoast SEO Premium plugin v21.3 (Yoast SEO v26.5) - https:\/\/yoast.com\/wordpress\/plugins\/seo\/ -->\n<title>Maxime Lucu en vacances : Bordeaux-B\u00e8gles fait face<\/title>\n<meta name=\"description\" content=\"Une gestion astucieuse des vacances Le staff, dirig\u00e9 par Yannick Bru, a choisi d&#039;\u00e9chelonner les vacances sur cinq semaines, permettant ainsi de conserver\u2026\" \/>\n<meta name=\"robots\" content=\"index, follow, max-snippet:-1, max-image-preview:large, max-video-preview:-1\" \/>\n<link rel=\"canonical\" href=\"https:\/\/sport-index.fr\/blog\/a-la-une\/maxime-lucu-en-vacances-bordeaux-begles-fait-face-a-un-nouveau-defi-en-top-14\/\" \/>\n<meta property=\"og:locale\" content=\"fr_FR\" \/>\n<meta property=\"og:type\" content=\"article\" \/>\n<meta property=\"og:title\" content=\"Maxime Lucu en vacances : Bordeaux-B\u00e8gles fait face\" \/>\n<meta property=\"og:description\" content=\"Une gestion astucieuse des vacances Le staff, dirig\u00e9 par Yannick Bru, a choisi d&#039;\u00e9chelonner les vacances sur cinq semaines, permettant ainsi de conserver\u2026\" \/>\n<meta property=\"og:url\" content=\"https:\/\/sport-index.fr\/blog\/a-la-une\/maxime-lucu-en-vacances-bordeaux-begles-fait-face-a-un-nouveau-defi-en-top-14\/\" \/>\n<meta property=\"og:site_name\" content=\"sport-index\" \/>\n<meta name=\"author\" content=\"Axel Lauzier\" \/>\n<meta name=\"twitter:card\" content=\"summary_large_image\" \/>\n<script type=\"application\/ld+json\" class=\"yoast-schema-graph\">{\"@context\":\"https:\/\/schema.org\",\"@graph\":[{\"@type\":\"NewsArticle\",\"@id\":\"https:\/\/sport-index.fr\/blog\/a-la-une\/maxime-lucu-en-vacances-bordeaux-begles-fait-face-a-un-nouveau-defi-en-top-14\/#article\",\"isPartOf\":{\"@id\":\"https:\/\/sport-index.fr\/blog\/a-la-une\/maxime-lucu-en-vacances-bordeaux-begles-fait-face-a-un-nouveau-defi-en-top-14\/\"},\"author\":{\"name\":\"Axel Lauzier\",\"@id\":\"https:\/\/sport-index.fr\/blog\/#\/schema\/person\/3c864cdc320801e3db34b663e7e3f816\"},\"headline\":\"Maxime Lucu en vacances : Bordeaux-B\u00e8gles fait face \u00e0 un nouveau d\u00e9fi en Top 14\",\"datePublished\":\"2025-04-15T14:26:42+00:00\",\"mainEntityOfPage\":{\"@id\":\"https:\/\/sport-index.fr\/blog\/a-la-une\/maxime-lucu-en-vacances-bordeaux-begles-fait-face-a-un-nouveau-defi-en-top-14\/\"},\"wordCount\":524,\"commentCount\":23,\"publisher\":{\"@id\":\"https:\/\/sport-index.fr\/blog\/#organization\"},\"image\":{\"@id\":\"https:\/\/sport-index.fr\/blog\/a-la-une\/maxime-lucu-en-vacances-bordeaux-begles-fait-face-a-un-nouveau-defi-en-top-14\/#primaryimage\"},\"thumbnailUrl\":\"https:\/\/sport-index.fr\/blog\/wp-content\/uploads\/2025\/05\/sdxl-7f42e3c9911b7c703857097ccef0ea3e-scaled.png\",\"keywords\":[\"Champions Cup\",\"Coh\u00e9sion d'\u00c9quipe\",\"Gestion des Talents\",\"Performance sportive\",\"Top 14\"],\"articleSection\":[\"\u00c0 la une\"],\"inLanguage\":\"fr-FR\",\"potentialAction\":[{\"@type\":\"CommentAction\",\"name\":\"Comment\",\"target\":[\"https:\/\/sport-index.fr\/blog\/a-la-une\/maxime-lucu-en-vacances-bordeaux-begles-fait-face-a-un-nouveau-defi-en-top-14\/#respond\"]}]},{\"@type\":\"WebPage\",\"@id\":\"https:\/\/sport-index.fr\/blog\/a-la-une\/maxime-lucu-en-vacances-bordeaux-begles-fait-face-a-un-nouveau-defi-en-top-14\/\",\"url\":\"https:\/\/sport-index.fr\/blog\/a-la-une\/maxime-lucu-en-vacances-bordeaux-begles-fait-face-a-un-nouveau-defi-en-top-14\/\",\"name\":\"Maxime Lucu en vacances : Bordeaux-B\u00e8gles fait face\",\"isPartOf\":{\"@id\":\"https:\/\/sport-index.fr\/blog\/#website\"},\"primaryImageOfPage\":{\"@id\":\"https:\/\/sport-index.fr\/blog\/a-la-une\/maxime-lucu-en-vacances-bordeaux-begles-fait-face-a-un-nouveau-defi-en-top-14\/#primaryimage\"},\"image\":{\"@id\":\"https:\/\/sport-index.fr\/blog\/a-la-une\/maxime-lucu-en-vacances-bordeaux-begles-fait-face-a-un-nouveau-defi-en-top-14\/#primaryimage\"},\"thumbnailUrl\":\"https:\/\/sport-index.fr\/blog\/wp-content\/uploads\/2025\/05\/sdxl-7f42e3c9911b7c703857097ccef0ea3e-scaled.png\",\"datePublished\":\"2025-04-15T14:26:42+00:00\",\"description\":\"Une gestion astucieuse des vacances Le staff, dirig\u00e9 par Yannick Bru, a choisi d'\u00e9chelonner les vacances sur cinq semaines, permettant ainsi de conserver\u2026\",\"inLanguage\":\"fr-FR\",\"potentialAction\":[{\"@type\":\"ReadAction\",\"target\":[\"https:\/\/sport-index.fr\/blog\/a-la-une\/maxime-lucu-en-vacances-bordeaux-begles-fait-face-a-un-nouveau-defi-en-top-14\/\"]}]},{\"@type\":\"ImageObject\",\"inLanguage\":\"fr-FR\",\"@id\":\"https:\/\/sport-index.fr\/blog\/a-la-une\/maxime-lucu-en-vacances-bordeaux-begles-fait-face-a-un-nouveau-defi-en-top-14\/#primaryimage\",\"url\":\"https:\/\/sport-index.fr\/blog\/wp-content\/uploads\/2025\/05\/sdxl-7f42e3c9911b7c703857097ccef0ea3e-scaled.png\",\"contentUrl\":\"https:\/\/sport-index.fr\/blog\/wp-content\/uploads\/2025\/05\/sdxl-7f42e3c9911b7c703857097ccef0ea3e-scaled.png\",\"width\":1200,\"height\":500},{\"@type\":\"WebSite\",\"@id\":\"https:\/\/sport-index.fr\/blog\/#website\",\"url\":\"https:\/\/sport-index.fr\/blog\/\",\"name\":\"sport-index.fr\",\"description\":\"Le score de l\u2019analyse sportive.\",\"publisher\":{\"@id\":\"https:\/\/sport-index.fr\/blog\/#organization\"},\"alternateName\":\"Le score de l\u2019analyse sportive.\",\"potentialAction\":[{\"@type\":\"SearchAction\",\"target\":{\"@type\":\"EntryPoint\",\"urlTemplate\":\"https:\/\/sport-index.fr\/blog\/?s={search_term_string}\"},\"query-input\":{\"@type\":\"PropertyValueSpecification\",\"valueRequired\":true,\"valueName\":\"search_term_string\"}}],\"inLanguage\":\"fr-FR\"},{\"@type\":\"Organization\",\"@id\":\"https:\/\/sport-index.fr\/blog\/#organization\",\"name\":\"Foretsensations.fr\",\"url\":\"https:\/\/sport-index.fr\/blog\/\",\"logo\":{\"@type\":\"ImageObject\",\"inLanguage\":\"fr-FR\",\"@id\":\"https:\/\/sport-index.fr\/blog\/#\/schema\/logo\/image\/\",\"url\":\"https:\/\/sport-index.fr\/blog\/wp-content\/uploads\/2026\/07\/logo-auto.png\",\"contentUrl\":\"https:\/\/sport-index.fr\/blog\/wp-content\/uploads\/2026\/07\/logo-auto.png\",\"width\":1024,\"height\":1024,\"caption\":\"Foretsensations.fr\"},\"image\":{\"@id\":\"https:\/\/sport-index.fr\/blog\/#\/schema\/logo\/image\/\"}},{\"@type\":\"Person\",\"@id\":\"https:\/\/sport-index.fr\/blog\/#\/schema\/person\/3c864cdc320801e3db34b663e7e3f816\",\"name\":\"Axel Lauzier\",\"image\":{\"@type\":\"ImageObject\",\"inLanguage\":\"fr-FR\",\"@id\":\"https:\/\/sport-index.fr\/blog\/#\/schema\/person\/image\/\",\"url\":\"https:\/\/sport-index.fr\/blog\/wp-content\/uploads\/2026\/06\/persona_axel-l-96x96.jpg\",\"contentUrl\":\"https:\/\/sport-index.fr\/blog\/wp-content\/uploads\/2026\/06\/persona_axel-l-96x96.jpg\",\"caption\":\"Axel Lauzier\"},\"description\":\"Le sport rythme mon quotidien depuis l'enfance, et j'en ai fait mon m\u00e9tier d'analyste r\u00e9dactionnel il y a une dizaine d'ann\u00e9es. Je couvre principalement le football, son actualit\u00e9, ses transferts et l'analyse tactique des grandes affiches, mais aussi les disciplines plus confidentielles que j'aime remettre en lumi\u00e8re. Une partie de mon travail porte sur les pronostics et la lecture statistique d'un match : forme des \u00e9quipes, historique des confrontations, compositions, sans jamais vendre de fausse certitude. Je rappelle syst\u00e9matiquement que parier comporte un risque et doit rester un loisir ma\u00eetris\u00e9. Avant de signer une analyse, je v\u00e9rifie mes chiffres, je recoupe les compositions probables et je distingue toujours la donn\u00e9e brute de l'intuition. Mon objectif : offrir une lecture honn\u00eate et argument\u00e9e, pas un ticket gagnant garanti.\",\"sameAs\":[\"https:\/\/axellauzier.fr\/\"],\"url\":\"https:\/\/sport-index.fr\/blog\/auteur\/noname\/\"}]}<\/script>\n<!-- \/ Yoast SEO Premium plugin. -->","yoast_head_json":{"title":"Maxime Lucu en vacances : Bordeaux-B\u00e8gles fait face","description":"Une gestion astucieuse des vacances Le staff, dirig\u00e9 par Yannick Bru, a choisi d'\u00e9chelonner les vacances sur cinq semaines, permettant ainsi de conserver\u2026","robots":{"index":"index","follow":"follow","max-snippet":"max-snippet:-1","max-image-preview":"max-image-preview:large","max-video-preview":"max-video-preview:-1"},"canonical":"https:\/\/sport-index.fr\/blog\/a-la-une\/maxime-lucu-en-vacances-bordeaux-begles-fait-face-a-un-nouveau-defi-en-top-14\/","og_locale":"fr_FR","og_type":"article","og_title":"Maxime Lucu en vacances : Bordeaux-B\u00e8gles fait face","og_description":"Une gestion astucieuse des vacances Le staff, dirig\u00e9 par Yannick Bru, a choisi d'\u00e9chelonner les vacances sur cinq semaines, permettant ainsi de conserver\u2026","og_url":"https:\/\/sport-index.fr\/blog\/a-la-une\/maxime-lucu-en-vacances-bordeaux-begles-fait-face-a-un-nouveau-defi-en-top-14\/","og_site_name":"sport-index","author":"Axel Lauzier","twitter_card":"summary_large_image","schema":{"@context":"https:\/\/schema.org","@graph":[{"@type":"NewsArticle","@id":"https:\/\/sport-index.fr\/blog\/a-la-une\/maxime-lucu-en-vacances-bordeaux-begles-fait-face-a-un-nouveau-defi-en-top-14\/#article","isPartOf":{"@id":"https:\/\/sport-index.fr\/blog\/a-la-une\/maxime-lucu-en-vacances-bordeaux-begles-fait-face-a-un-nouveau-defi-en-top-14\/"},"author":{"name":"Axel Lauzier","@id":"https:\/\/sport-index.fr\/blog\/#\/schema\/person\/3c864cdc320801e3db34b663e7e3f816"},"headline":"Maxime Lucu en vacances : Bordeaux-B\u00e8gles fait face \u00e0 un nouveau d\u00e9fi en Top 14","datePublished":"2025-04-15T14:26:42+00:00","mainEntityOfPage":{"@id":"https:\/\/sport-index.fr\/blog\/a-la-une\/maxime-lucu-en-vacances-bordeaux-begles-fait-face-a-un-nouveau-defi-en-top-14\/"},"wordCount":524,"commentCount":23,"publisher":{"@id":"https:\/\/sport-index.fr\/blog\/#organization"},"image":{"@id":"https:\/\/sport-index.fr\/blog\/a-la-une\/maxime-lucu-en-vacances-bordeaux-begles-fait-face-a-un-nouveau-defi-en-top-14\/#primaryimage"},"thumbnailUrl":"https:\/\/sport-index.fr\/blog\/wp-content\/uploads\/2025\/05\/sdxl-7f42e3c9911b7c703857097ccef0ea3e-scaled.png","keywords":["Champions Cup","Coh\u00e9sion d'\u00c9quipe","Gestion des Talents","Performance sportive","Top 14"],"articleSection":["\u00c0 la une"],"inLanguage":"fr-FR","potentialAction":[{"@type":"CommentAction","name":"Comment","target":["https:\/\/sport-index.fr\/blog\/a-la-une\/maxime-lucu-en-vacances-bordeaux-begles-fait-face-a-un-nouveau-defi-en-top-14\/#respond"]}]},{"@type":"WebPage","@id":"https:\/\/sport-index.fr\/blog\/a-la-une\/maxime-lucu-en-vacances-bordeaux-begles-fait-face-a-un-nouveau-defi-en-top-14\/","url":"https:\/\/sport-index.fr\/blog\/a-la-une\/maxime-lucu-en-vacances-bordeaux-begles-fait-face-a-un-nouveau-defi-en-top-14\/","name":"Maxime Lucu en vacances : Bordeaux-B\u00e8gles fait face","isPartOf":{"@id":"https:\/\/sport-index.fr\/blog\/#website"},"primaryImageOfPage":{"@id":"https:\/\/sport-index.fr\/blog\/a-la-une\/maxime-lucu-en-vacances-bordeaux-begles-fait-face-a-un-nouveau-defi-en-top-14\/#primaryimage"},"image":{"@id":"https:\/\/sport-index.fr\/blog\/a-la-une\/maxime-lucu-en-vacances-bordeaux-begles-fait-face-a-un-nouveau-defi-en-top-14\/#primaryimage"},"thumbnailUrl":"https:\/\/sport-index.fr\/blog\/wp-content\/uploads\/2025\/05\/sdxl-7f42e3c9911b7c703857097ccef0ea3e-scaled.png","datePublished":"2025-04-15T14:26:42+00:00","description":"Une gestion astucieuse des vacances Le staff, dirig\u00e9 par Yannick Bru, a choisi d'\u00e9chelonner les vacances sur cinq semaines, permettant ainsi de conserver\u2026","inLanguage":"fr-FR","potentialAction":[{"@type":"ReadAction","target":["https:\/\/sport-index.fr\/blog\/a-la-une\/maxime-lucu-en-vacances-bordeaux-begles-fait-face-a-un-nouveau-defi-en-top-14\/"]}]},{"@type":"ImageObject","inLanguage":"fr-FR","@id":"https:\/\/sport-index.fr\/blog\/a-la-une\/maxime-lucu-en-vacances-bordeaux-begles-fait-face-a-un-nouveau-defi-en-top-14\/#primaryimage","url":"https:\/\/sport-index.fr\/blog\/wp-content\/uploads\/2025\/05\/sdxl-7f42e3c9911b7c703857097ccef0ea3e-scaled.png","contentUrl":"https:\/\/sport-index.fr\/blog\/wp-content\/uploads\/2025\/05\/sdxl-7f42e3c9911b7c703857097ccef0ea3e-scaled.png","width":1200,"height":500},{"@type":"WebSite","@id":"https:\/\/sport-index.fr\/blog\/#website","url":"https:\/\/sport-index.fr\/blog\/","name":"sport-index.fr","description":"Le score de l\u2019analyse sportive.","publisher":{"@id":"https:\/\/sport-index.fr\/blog\/#organization"},"alternateName":"Le score de l\u2019analyse sportive.","potentialAction":[{"@type":"SearchAction","target":{"@type":"EntryPoint","urlTemplate":"https:\/\/sport-index.fr\/blog\/?s={search_term_string}"},"query-input":{"@type":"PropertyValueSpecification","valueRequired":true,"valueName":"search_term_string"}}],"inLanguage":"fr-FR"},{"@type":"Organization","@id":"https:\/\/sport-index.fr\/blog\/#organization","name":"Foretsensations.fr","url":"https:\/\/sport-index.fr\/blog\/","logo":{"@type":"ImageObject","inLanguage":"fr-FR","@id":"https:\/\/sport-index.fr\/blog\/#\/schema\/logo\/image\/","url":"https:\/\/sport-index.fr\/blog\/wp-content\/uploads\/2026\/07\/logo-auto.png","contentUrl":"https:\/\/sport-index.fr\/blog\/wp-content\/uploads\/2026\/07\/logo-auto.png","width":1024,"height":1024,"caption":"Foretsensations.fr"},"image":{"@id":"https:\/\/sport-index.fr\/blog\/#\/schema\/logo\/image\/"}},{"@type":"Person","@id":"https:\/\/sport-index.fr\/blog\/#\/schema\/person\/3c864cdc320801e3db34b663e7e3f816","name":"Axel Lauzier","image":{"@type":"ImageObject","inLanguage":"fr-FR","@id":"https:\/\/sport-index.fr\/blog\/#\/schema\/person\/image\/","url":"https:\/\/sport-index.fr\/blog\/wp-content\/uploads\/2026\/06\/persona_axel-l-96x96.jpg","contentUrl":"https:\/\/sport-index.fr\/blog\/wp-content\/uploads\/2026\/06\/persona_axel-l-96x96.jpg","caption":"Axel Lauzier"},"description":"Le sport rythme mon quotidien depuis l'enfance, et j'en ai fait mon m\u00e9tier d'analyste r\u00e9dactionnel il y a une dizaine d'ann\u00e9es. Je couvre principalement le football, son actualit\u00e9, ses transferts et l'analyse tactique des grandes affiches, mais aussi les disciplines plus confidentielles que j'aime remettre en lumi\u00e8re. Une partie de mon travail porte sur les pronostics et la lecture statistique d'un match : forme des \u00e9quipes, historique des confrontations, compositions, sans jamais vendre de fausse certitude. Je rappelle syst\u00e9matiquement que parier comporte un risque et doit rester un loisir ma\u00eetris\u00e9. Avant de signer une analyse, je v\u00e9rifie mes chiffres, je recoupe les compositions probables et je distingue toujours la donn\u00e9e brute de l'intuition. Mon objectif : offrir une lecture honn\u00eate et argument\u00e9e, pas un ticket gagnant garanti.","sameAs":["https:\/\/axellauzier.fr\/"],"url":"https:\/\/sport-index.fr\/blog\/auteur\/noname\/"}]}},"_links":{"self":[{"href":"https:\/\/sport-index.fr\/blog\/wp-json\/wp\/v2\/posts\/13739","targetHints":{"allow":["GET"]}}],"collection":[{"href":"https:\/\/sport-index.fr\/blog\/wp-json\/wp\/v2\/posts"}],"about":[{"href":"https:\/\/sport-index.fr\/blog\/wp-json\/wp\/v2\/types\/post"}],"author":[{"embeddable":true,"href":"https:\/\/sport-index.fr\/blog\/wp-json\/wp\/v2\/users\/34"}],"replies":[{"embeddable":true,"href":"https:\/\/sport-index.fr\/blog\/wp-json\/wp\/v2\/comments?post=13739"}],"version-history":[{"count":1,"href":"https:\/\/sport-index.fr\/blog\/wp-json\/wp\/v2\/posts\/13739\/revisions"}],"predecessor-version":[{"id":13743,"href":"https:\/\/sport-index.fr\/blog\/wp-json\/wp\/v2\/posts\/13739\/revisions\/13743"}],"wp:featuredmedia":[{"embeddable":true,"href":"https:\/\/sport-index.fr\/blog\/wp-json\/wp\/v2\/media\/15206"}],"wp:attachment":[{"href":"https:\/\/sport-index.fr\/blog\/wp-json\/wp\/v2\/media?parent=13739"}],"wp:term":[{"taxonomy":"category","embeddable":true,"href":"https:\/\/sport-index.fr\/blog\/wp-json\/wp\/v2\/categories?post=13739"},{"taxonomy":"post_tag","embeddable":true,"href":"https:\/\/sport-index.fr\/blog\/wp-json\/wp\/v2\/tags?post=13739"}],"curies":[{"name":"wp","href":"https:\/\/api.w.org\/{rel}","templated":true}]}}