{"id":13755,"date":"2025-04-16T20:32:10","date_gmt":"2025-04-16T18:32:10","guid":{"rendered":"https:\/\/sport-index.fr\/blog\/?p=13755"},"modified":"2025-04-16T20:32:10","modified_gmt":"2025-04-16T18:32:10","slug":"rohan-janse-van-rensburg-absent-lubb-face-a-un-defi-de-taille-avant-la-demi-finale","status":"publish","type":"post","link":"https:\/\/sport-index.fr\/blog\/a-la-une\/rohan-janse-van-rensburg-absent-lubb-face-a-un-defi-de-taille-avant-la-demi-finale\/","title":{"rendered":"Rohan Janse van Rensburg absent : l&rsquo;UBB face \u00e0 un d\u00e9fi de taille avant la demi-finale"},"content":{"rendered":"<h2>Une absence regrettable pour l&rsquo;ubb<\/h2>\n<p>Le monde du rugby est en \u00e9moi suite \u00e0 l&rsquo;annonce de l&rsquo;absence de Rohan Janse van Rensburg, le centre de l&rsquo;Union Bordeaux-B\u00e8gles. Touch\u00e9 \u00e0 la cuisse lors d&rsquo;un match intense contre le Munster, il manquera plusieurs semaines de comp\u00e9tition, y compris la demi-finale de l&rsquo;Investec Champions Cup face \u00e0 Toulouse. Cette nouvelle survient alors qu&rsquo;il \u00e9tait en pleine forme, montrant des performances impressionnantes aux c\u00f4t\u00e9s de ses co\u00e9quipiers.<\/p>\n<p>Le staff de l&rsquo;UBB, dirig\u00e9 par Yannick Bru, avait beaucoup compt\u00e9 sur Janse van Rensburg pour porter l&rsquo;\u00e9quipe vers la victoire. Son jeu puissant et sa capacit\u00e9 \u00e0 cr\u00e9er des opportunit\u00e9s ont \u00e9t\u00e9 des atouts majeurs. Malheureusement, une blessure \u00e0 la cuisse, survenue alors qu&rsquo;il brillait sur le terrain, vient perturber les plans de l\u2019\u00e9quipe.<\/p>\n<h2>Les cons\u00e9quences sur l&rsquo;\u00e9quipe bordelaise<\/h2>\n<p>L&rsquo;absence de Janse van Rensburg est un coup dur pour l&rsquo;Union Bordeaux-B\u00e8gles, surtout \u00e0 l&rsquo;approche d&rsquo;une rencontre cruciale. Son remplacement par Pablo Uberti a soulev\u00e9 des questions sur la capacit\u00e9 de l&rsquo;\u00e9quipe \u00e0 maintenir son niveau de jeu. La demi-finale contre Toulouse sera un test d\u00e9cisif pour les Bordelais, qui doivent maintenant s&rsquo;adapter \u00e0 l&rsquo;absence de l&rsquo;un de leurs joueurs cl\u00e9s.<\/p>\n<p>Heureusement, l&rsquo;UBB peut compter sur le retour imminent de Nicolas Depoortere. Victime d&rsquo;une entorse \u00e0 la cheville, il devrait \u00eatre de retour \u00e0 la fin du mois, apportant un soutien pr\u00e9cieux \u00e0 une \u00e9quipe qui doit faire face \u00e0 des d\u00e9fis accrus. La combinaison de ces absences met en \u00e9vidence la r\u00e9silience n\u00e9cessaire pour surmonter les obstacles en p\u00e9riode de haute comp\u00e9tition.<\/p>\n<h2>Le contexte de la demi-finale<\/h2>\n<p>La demi-finale de l&rsquo;Investec Champions Cup face \u00e0 Toulouse s&rsquo;annonce comme un \u00e9v\u00e9nement incontournable. Les deux \u00e9quipes ont une riche histoire de rivalit\u00e9, et cette confrontation pourrait d\u00e9terminer le futur de l&rsquo;UBB dans cette comp\u00e9tition prestigieuse. Le Stade toulousain, connu pour sa force et son exp\u00e9rience, repr\u00e9sente un d\u00e9fi de taille pour une \u00e9quipe d\u00e9j\u00e0 affaiblie par les blessures.<\/p>\n<p>Les joueurs de l&rsquo;UBB devront faire preuve de solidarit\u00e9 et d&rsquo;ing\u00e9niosit\u00e9 pour compenser l&rsquo;absence de Janse van Rensburg. La performance de l&rsquo;\u00e9quipe sera scrut\u00e9e de pr\u00e8s, et chaque joueur devra donner le meilleur de lui-m\u00eame pour esp\u00e9rer renverser la tendance. Les supporters attendent avec impatience de voir comment l&rsquo;\u00e9quipe se r\u00e9organisera et quelles strat\u00e9gies seront mises en place pour ce match d\u00e9cisif.<\/p>\n<ul>\n<li>Rohan Janse van Rensburg absent pour plusieurs semaines<\/li>\n<li>Remplacement par Pablo Uberti lors de la demi-finale<\/li>\n<li>Retour pr\u00e9vu de Nicolas Depoortere \u00e0 la fin du mois<\/li>\n<li>Adam Coleman \u00e9galement bless\u00e9, incertain pour le match face \u00e0 Pau<\/li>\n<li>Confrontation historique contre le Stade toulousain<\/li>\n<\/ul>\n<blockquote><p>\n\u00ab L&rsquo;absence de Rohan est un coup dur, mais nous devons nous concentrer sur la pr\u00e9paration et la strat\u00e9gie pour le match \u00e0 venir. \u00bb &#8211; Yannick Bru, entra\u00eeneur de l&rsquo;UBB.\n<\/p><\/blockquote>\n<p>La situation actuelle met en lumi\u00e8re les d\u00e9fis auxquels les \u00e9quipes sportives sont confront\u00e9es, notamment en mati\u00e8re de blessures. Le travail d&rsquo;\u00e9quipe et la capacit\u00e9 d&rsquo;adaptation seront cruciaux pour l&rsquo;UBB dans les semaines \u00e0 venir. Les supporters esp\u00e8rent voir une r\u00e9action forte de la part de l&rsquo;\u00e9quipe, malgr\u00e9 un contexte difficile. La demi-finale promet d&rsquo;\u00eatre captivante, et chaque moment comptera pour l&rsquo;UBB dans sa qu\u00eate de succ\u00e8s.<\/p>\n","protected":false},"excerpt":{"rendered":"","protected":false},"author":34,"featured_media":15756,"comment_status":"open","ping_status":"open","sticky":false,"template":"","format":"standard","meta":{"_acf_changed":false,"manual_indexmenow":false,"indexmenow_id_project":0,"footnotes":""},"categories":[1],"tags":[5291,4561,4655,4408,5107],"class_list":["post-13755","post","type-post","status-publish","format-standard","has-post-thumbnail","hentry","category-a-la-une","tag-champions-cup","tag-gestion-des-talents","tag-prevention-des-blessures","tag-resilience","tag-union-bordeaux-begles","generate-columns","tablet-grid-50","mobile-grid-100","grid-parent","grid-25"],"acf":[],"yoast_head":"<!-- This site is optimized with the Yoast SEO Premium plugin v21.3 (Yoast SEO v26.5) - https:\/\/yoast.com\/wordpress\/plugins\/seo\/ -->\n<title>Rohan Janse van Rensburg absent : l&#039;UBB face \u00e0 un d\u00e9fi<\/title>\n<meta name=\"description\" content=\"Une absence regrettable pour l&#039;ubb Le monde du rugby est en \u00e9moi suite \u00e0 l&#039;annonce de l&#039;absence de Rohan Janse van Rensburg, le centre de l&#039;Union\u2026\" \/>\n<meta name=\"robots\" content=\"index, follow, max-snippet:-1, max-image-preview:large, max-video-preview:-1\" \/>\n<link rel=\"canonical\" href=\"https:\/\/sport-index.fr\/blog\/a-la-une\/rohan-janse-van-rensburg-absent-lubb-face-a-un-defi-de-taille-avant-la-demi-finale\/\" \/>\n<meta property=\"og:locale\" content=\"fr_FR\" \/>\n<meta property=\"og:type\" content=\"article\" \/>\n<meta property=\"og:title\" content=\"Rohan Janse van Rensburg absent : l&#039;UBB face \u00e0 un d\u00e9fi\" \/>\n<meta property=\"og:description\" content=\"Une absence regrettable pour l&#039;ubb Le monde du rugby est en \u00e9moi suite \u00e0 l&#039;annonce de l&#039;absence de Rohan Janse van Rensburg, le centre de l&#039;Union\u2026\" \/>\n<meta property=\"og:url\" content=\"https:\/\/sport-index.fr\/blog\/a-la-une\/rohan-janse-van-rensburg-absent-lubb-face-a-un-defi-de-taille-avant-la-demi-finale\/\" \/>\n<meta property=\"og:site_name\" content=\"sport-index\" \/>\n<meta name=\"author\" content=\"Axel Lauzier\" \/>\n<meta name=\"twitter:card\" content=\"summary_large_image\" \/>\n<script type=\"application\/ld+json\" class=\"yoast-schema-graph\">{\"@context\":\"https:\/\/schema.org\",\"@graph\":[{\"@type\":\"NewsArticle\",\"@id\":\"https:\/\/sport-index.fr\/blog\/a-la-une\/rohan-janse-van-rensburg-absent-lubb-face-a-un-defi-de-taille-avant-la-demi-finale\/#article\",\"isPartOf\":{\"@id\":\"https:\/\/sport-index.fr\/blog\/a-la-une\/rohan-janse-van-rensburg-absent-lubb-face-a-un-defi-de-taille-avant-la-demi-finale\/\"},\"author\":{\"name\":\"Axel Lauzier\",\"@id\":\"https:\/\/sport-index.fr\/blog\/#\/schema\/person\/3c864cdc320801e3db34b663e7e3f816\"},\"headline\":\"Rohan Janse van Rensburg absent : l&rsquo;UBB face \u00e0 un d\u00e9fi de taille avant la demi-finale\",\"datePublished\":\"2025-04-16T18:32:10+00:00\",\"mainEntityOfPage\":{\"@id\":\"https:\/\/sport-index.fr\/blog\/a-la-une\/rohan-janse-van-rensburg-absent-lubb-face-a-un-defi-de-taille-avant-la-demi-finale\/\"},\"wordCount\":602,\"commentCount\":28,\"publisher\":{\"@id\":\"https:\/\/sport-index.fr\/blog\/#organization\"},\"image\":{\"@id\":\"https:\/\/sport-index.fr\/blog\/a-la-une\/rohan-janse-van-rensburg-absent-lubb-face-a-un-defi-de-taille-avant-la-demi-finale\/#primaryimage\"},\"thumbnailUrl\":\"https:\/\/sport-index.fr\/blog\/wp-content\/uploads\/2025\/05\/sdxl-d13f170612f54ad088ddf8fe1f1a37c1-scaled.png\",\"keywords\":[\"Champions Cup\",\"Gestion des Talents\",\"Pr\u00e9vention des Blessures\",\"R\u00e9silience\",\"Union Bordeaux-B\u00e8gles\"],\"articleSection\":[\"\u00c0 la une\"],\"inLanguage\":\"fr-FR\",\"potentialAction\":[{\"@type\":\"CommentAction\",\"name\":\"Comment\",\"target\":[\"https:\/\/sport-index.fr\/blog\/a-la-une\/rohan-janse-van-rensburg-absent-lubb-face-a-un-defi-de-taille-avant-la-demi-finale\/#respond\"]}]},{\"@type\":\"WebPage\",\"@id\":\"https:\/\/sport-index.fr\/blog\/a-la-une\/rohan-janse-van-rensburg-absent-lubb-face-a-un-defi-de-taille-avant-la-demi-finale\/\",\"url\":\"https:\/\/sport-index.fr\/blog\/a-la-une\/rohan-janse-van-rensburg-absent-lubb-face-a-un-defi-de-taille-avant-la-demi-finale\/\",\"name\":\"Rohan Janse van Rensburg absent : l'UBB face \u00e0 un d\u00e9fi\",\"isPartOf\":{\"@id\":\"https:\/\/sport-index.fr\/blog\/#website\"},\"primaryImageOfPage\":{\"@id\":\"https:\/\/sport-index.fr\/blog\/a-la-une\/rohan-janse-van-rensburg-absent-lubb-face-a-un-defi-de-taille-avant-la-demi-finale\/#primaryimage\"},\"image\":{\"@id\":\"https:\/\/sport-index.fr\/blog\/a-la-une\/rohan-janse-van-rensburg-absent-lubb-face-a-un-defi-de-taille-avant-la-demi-finale\/#primaryimage\"},\"thumbnailUrl\":\"https:\/\/sport-index.fr\/blog\/wp-content\/uploads\/2025\/05\/sdxl-d13f170612f54ad088ddf8fe1f1a37c1-scaled.png\",\"datePublished\":\"2025-04-16T18:32:10+00:00\",\"description\":\"Une absence regrettable pour l'ubb Le monde du rugby est en \u00e9moi suite \u00e0 l'annonce de l'absence de Rohan Janse van Rensburg, le centre de l'Union\u2026\",\"inLanguage\":\"fr-FR\",\"potentialAction\":[{\"@type\":\"ReadAction\",\"target\":[\"https:\/\/sport-index.fr\/blog\/a-la-une\/rohan-janse-van-rensburg-absent-lubb-face-a-un-defi-de-taille-avant-la-demi-finale\/\"]}]},{\"@type\":\"ImageObject\",\"inLanguage\":\"fr-FR\",\"@id\":\"https:\/\/sport-index.fr\/blog\/a-la-une\/rohan-janse-van-rensburg-absent-lubb-face-a-un-defi-de-taille-avant-la-demi-finale\/#primaryimage\",\"url\":\"https:\/\/sport-index.fr\/blog\/wp-content\/uploads\/2025\/05\/sdxl-d13f170612f54ad088ddf8fe1f1a37c1-scaled.png\",\"contentUrl\":\"https:\/\/sport-index.fr\/blog\/wp-content\/uploads\/2025\/05\/sdxl-d13f170612f54ad088ddf8fe1f1a37c1-scaled.png\",\"width\":1200,\"height\":500},{\"@type\":\"WebSite\",\"@id\":\"https:\/\/sport-index.fr\/blog\/#website\",\"url\":\"https:\/\/sport-index.fr\/blog\/\",\"name\":\"sport-index.fr\",\"description\":\"Le score de l\u2019analyse sportive.\",\"publisher\":{\"@id\":\"https:\/\/sport-index.fr\/blog\/#organization\"},\"alternateName\":\"Le score de l\u2019analyse sportive.\",\"potentialAction\":[{\"@type\":\"SearchAction\",\"target\":{\"@type\":\"EntryPoint\",\"urlTemplate\":\"https:\/\/sport-index.fr\/blog\/?s={search_term_string}\"},\"query-input\":{\"@type\":\"PropertyValueSpecification\",\"valueRequired\":true,\"valueName\":\"search_term_string\"}}],\"inLanguage\":\"fr-FR\"},{\"@type\":\"Organization\",\"@id\":\"https:\/\/sport-index.fr\/blog\/#organization\",\"name\":\"Foretsensations.fr\",\"url\":\"https:\/\/sport-index.fr\/blog\/\",\"logo\":{\"@type\":\"ImageObject\",\"inLanguage\":\"fr-FR\",\"@id\":\"https:\/\/sport-index.fr\/blog\/#\/schema\/logo\/image\/\",\"url\":\"https:\/\/sport-index.fr\/blog\/wp-content\/uploads\/2026\/07\/logo-auto.png\",\"contentUrl\":\"https:\/\/sport-index.fr\/blog\/wp-content\/uploads\/2026\/07\/logo-auto.png\",\"width\":1024,\"height\":1024,\"caption\":\"Foretsensations.fr\"},\"image\":{\"@id\":\"https:\/\/sport-index.fr\/blog\/#\/schema\/logo\/image\/\"}},{\"@type\":\"Person\",\"@id\":\"https:\/\/sport-index.fr\/blog\/#\/schema\/person\/3c864cdc320801e3db34b663e7e3f816\",\"name\":\"Axel Lauzier\",\"image\":{\"@type\":\"ImageObject\",\"inLanguage\":\"fr-FR\",\"@id\":\"https:\/\/sport-index.fr\/blog\/#\/schema\/person\/image\/\",\"url\":\"https:\/\/sport-index.fr\/blog\/wp-content\/uploads\/2026\/06\/persona_axel-l-96x96.jpg\",\"contentUrl\":\"https:\/\/sport-index.fr\/blog\/wp-content\/uploads\/2026\/06\/persona_axel-l-96x96.jpg\",\"caption\":\"Axel Lauzier\"},\"description\":\"Le sport rythme mon quotidien depuis l'enfance, et j'en ai fait mon m\u00e9tier d'analyste r\u00e9dactionnel il y a une dizaine d'ann\u00e9es. Je couvre principalement le football, son actualit\u00e9, ses transferts et l'analyse tactique des grandes affiches, mais aussi les disciplines plus confidentielles que j'aime remettre en lumi\u00e8re. Une partie de mon travail porte sur les pronostics et la lecture statistique d'un match : forme des \u00e9quipes, historique des confrontations, compositions, sans jamais vendre de fausse certitude. Je rappelle syst\u00e9matiquement que parier comporte un risque et doit rester un loisir ma\u00eetris\u00e9. Avant de signer une analyse, je v\u00e9rifie mes chiffres, je recoupe les compositions probables et je distingue toujours la donn\u00e9e brute de l'intuition. Mon objectif : offrir une lecture honn\u00eate et argument\u00e9e, pas un ticket gagnant garanti.\",\"sameAs\":[\"https:\/\/axellauzier.fr\/\"],\"url\":\"https:\/\/sport-index.fr\/blog\/auteur\/noname\/\"}]}<\/script>\n<!-- \/ Yoast SEO Premium plugin. -->","yoast_head_json":{"title":"Rohan Janse van Rensburg absent : l'UBB face \u00e0 un d\u00e9fi","description":"Une absence regrettable pour l'ubb Le monde du rugby est en \u00e9moi suite \u00e0 l'annonce de l'absence de Rohan Janse van Rensburg, le centre de l'Union\u2026","robots":{"index":"index","follow":"follow","max-snippet":"max-snippet:-1","max-image-preview":"max-image-preview:large","max-video-preview":"max-video-preview:-1"},"canonical":"https:\/\/sport-index.fr\/blog\/a-la-une\/rohan-janse-van-rensburg-absent-lubb-face-a-un-defi-de-taille-avant-la-demi-finale\/","og_locale":"fr_FR","og_type":"article","og_title":"Rohan Janse van Rensburg absent : l'UBB face \u00e0 un d\u00e9fi","og_description":"Une absence regrettable pour l'ubb Le monde du rugby est en \u00e9moi suite \u00e0 l'annonce de l'absence de Rohan Janse van Rensburg, le centre de l'Union\u2026","og_url":"https:\/\/sport-index.fr\/blog\/a-la-une\/rohan-janse-van-rensburg-absent-lubb-face-a-un-defi-de-taille-avant-la-demi-finale\/","og_site_name":"sport-index","author":"Axel Lauzier","twitter_card":"summary_large_image","schema":{"@context":"https:\/\/schema.org","@graph":[{"@type":"NewsArticle","@id":"https:\/\/sport-index.fr\/blog\/a-la-une\/rohan-janse-van-rensburg-absent-lubb-face-a-un-defi-de-taille-avant-la-demi-finale\/#article","isPartOf":{"@id":"https:\/\/sport-index.fr\/blog\/a-la-une\/rohan-janse-van-rensburg-absent-lubb-face-a-un-defi-de-taille-avant-la-demi-finale\/"},"author":{"name":"Axel Lauzier","@id":"https:\/\/sport-index.fr\/blog\/#\/schema\/person\/3c864cdc320801e3db34b663e7e3f816"},"headline":"Rohan Janse van Rensburg absent : l&rsquo;UBB face \u00e0 un d\u00e9fi de taille avant la demi-finale","datePublished":"2025-04-16T18:32:10+00:00","mainEntityOfPage":{"@id":"https:\/\/sport-index.fr\/blog\/a-la-une\/rohan-janse-van-rensburg-absent-lubb-face-a-un-defi-de-taille-avant-la-demi-finale\/"},"wordCount":602,"commentCount":28,"publisher":{"@id":"https:\/\/sport-index.fr\/blog\/#organization"},"image":{"@id":"https:\/\/sport-index.fr\/blog\/a-la-une\/rohan-janse-van-rensburg-absent-lubb-face-a-un-defi-de-taille-avant-la-demi-finale\/#primaryimage"},"thumbnailUrl":"https:\/\/sport-index.fr\/blog\/wp-content\/uploads\/2025\/05\/sdxl-d13f170612f54ad088ddf8fe1f1a37c1-scaled.png","keywords":["Champions Cup","Gestion des Talents","Pr\u00e9vention des Blessures","R\u00e9silience","Union Bordeaux-B\u00e8gles"],"articleSection":["\u00c0 la une"],"inLanguage":"fr-FR","potentialAction":[{"@type":"CommentAction","name":"Comment","target":["https:\/\/sport-index.fr\/blog\/a-la-une\/rohan-janse-van-rensburg-absent-lubb-face-a-un-defi-de-taille-avant-la-demi-finale\/#respond"]}]},{"@type":"WebPage","@id":"https:\/\/sport-index.fr\/blog\/a-la-une\/rohan-janse-van-rensburg-absent-lubb-face-a-un-defi-de-taille-avant-la-demi-finale\/","url":"https:\/\/sport-index.fr\/blog\/a-la-une\/rohan-janse-van-rensburg-absent-lubb-face-a-un-defi-de-taille-avant-la-demi-finale\/","name":"Rohan Janse van Rensburg absent : l'UBB face \u00e0 un d\u00e9fi","isPartOf":{"@id":"https:\/\/sport-index.fr\/blog\/#website"},"primaryImageOfPage":{"@id":"https:\/\/sport-index.fr\/blog\/a-la-une\/rohan-janse-van-rensburg-absent-lubb-face-a-un-defi-de-taille-avant-la-demi-finale\/#primaryimage"},"image":{"@id":"https:\/\/sport-index.fr\/blog\/a-la-une\/rohan-janse-van-rensburg-absent-lubb-face-a-un-defi-de-taille-avant-la-demi-finale\/#primaryimage"},"thumbnailUrl":"https:\/\/sport-index.fr\/blog\/wp-content\/uploads\/2025\/05\/sdxl-d13f170612f54ad088ddf8fe1f1a37c1-scaled.png","datePublished":"2025-04-16T18:32:10+00:00","description":"Une absence regrettable pour l'ubb Le monde du rugby est en \u00e9moi suite \u00e0 l'annonce de l'absence de Rohan Janse van Rensburg, le centre de l'Union\u2026","inLanguage":"fr-FR","potentialAction":[{"@type":"ReadAction","target":["https:\/\/sport-index.fr\/blog\/a-la-une\/rohan-janse-van-rensburg-absent-lubb-face-a-un-defi-de-taille-avant-la-demi-finale\/"]}]},{"@type":"ImageObject","inLanguage":"fr-FR","@id":"https:\/\/sport-index.fr\/blog\/a-la-une\/rohan-janse-van-rensburg-absent-lubb-face-a-un-defi-de-taille-avant-la-demi-finale\/#primaryimage","url":"https:\/\/sport-index.fr\/blog\/wp-content\/uploads\/2025\/05\/sdxl-d13f170612f54ad088ddf8fe1f1a37c1-scaled.png","contentUrl":"https:\/\/sport-index.fr\/blog\/wp-content\/uploads\/2025\/05\/sdxl-d13f170612f54ad088ddf8fe1f1a37c1-scaled.png","width":1200,"height":500},{"@type":"WebSite","@id":"https:\/\/sport-index.fr\/blog\/#website","url":"https:\/\/sport-index.fr\/blog\/","name":"sport-index.fr","description":"Le score de l\u2019analyse sportive.","publisher":{"@id":"https:\/\/sport-index.fr\/blog\/#organization"},"alternateName":"Le score de l\u2019analyse sportive.","potentialAction":[{"@type":"SearchAction","target":{"@type":"EntryPoint","urlTemplate":"https:\/\/sport-index.fr\/blog\/?s={search_term_string}"},"query-input":{"@type":"PropertyValueSpecification","valueRequired":true,"valueName":"search_term_string"}}],"inLanguage":"fr-FR"},{"@type":"Organization","@id":"https:\/\/sport-index.fr\/blog\/#organization","name":"Foretsensations.fr","url":"https:\/\/sport-index.fr\/blog\/","logo":{"@type":"ImageObject","inLanguage":"fr-FR","@id":"https:\/\/sport-index.fr\/blog\/#\/schema\/logo\/image\/","url":"https:\/\/sport-index.fr\/blog\/wp-content\/uploads\/2026\/07\/logo-auto.png","contentUrl":"https:\/\/sport-index.fr\/blog\/wp-content\/uploads\/2026\/07\/logo-auto.png","width":1024,"height":1024,"caption":"Foretsensations.fr"},"image":{"@id":"https:\/\/sport-index.fr\/blog\/#\/schema\/logo\/image\/"}},{"@type":"Person","@id":"https:\/\/sport-index.fr\/blog\/#\/schema\/person\/3c864cdc320801e3db34b663e7e3f816","name":"Axel Lauzier","image":{"@type":"ImageObject","inLanguage":"fr-FR","@id":"https:\/\/sport-index.fr\/blog\/#\/schema\/person\/image\/","url":"https:\/\/sport-index.fr\/blog\/wp-content\/uploads\/2026\/06\/persona_axel-l-96x96.jpg","contentUrl":"https:\/\/sport-index.fr\/blog\/wp-content\/uploads\/2026\/06\/persona_axel-l-96x96.jpg","caption":"Axel Lauzier"},"description":"Le sport rythme mon quotidien depuis l'enfance, et j'en ai fait mon m\u00e9tier d'analyste r\u00e9dactionnel il y a une dizaine d'ann\u00e9es. Je couvre principalement le football, son actualit\u00e9, ses transferts et l'analyse tactique des grandes affiches, mais aussi les disciplines plus confidentielles que j'aime remettre en lumi\u00e8re. Une partie de mon travail porte sur les pronostics et la lecture statistique d'un match : forme des \u00e9quipes, historique des confrontations, compositions, sans jamais vendre de fausse certitude. Je rappelle syst\u00e9matiquement que parier comporte un risque et doit rester un loisir ma\u00eetris\u00e9. Avant de signer une analyse, je v\u00e9rifie mes chiffres, je recoupe les compositions probables et je distingue toujours la donn\u00e9e brute de l'intuition. Mon objectif : offrir une lecture honn\u00eate et argument\u00e9e, pas un ticket gagnant garanti.","sameAs":["https:\/\/axellauzier.fr\/"],"url":"https:\/\/sport-index.fr\/blog\/auteur\/noname\/"}]}},"_links":{"self":[{"href":"https:\/\/sport-index.fr\/blog\/wp-json\/wp\/v2\/posts\/13755","targetHints":{"allow":["GET"]}}],"collection":[{"href":"https:\/\/sport-index.fr\/blog\/wp-json\/wp\/v2\/posts"}],"about":[{"href":"https:\/\/sport-index.fr\/blog\/wp-json\/wp\/v2\/types\/post"}],"author":[{"embeddable":true,"href":"https:\/\/sport-index.fr\/blog\/wp-json\/wp\/v2\/users\/34"}],"replies":[{"embeddable":true,"href":"https:\/\/sport-index.fr\/blog\/wp-json\/wp\/v2\/comments?post=13755"}],"version-history":[{"count":1,"href":"https:\/\/sport-index.fr\/blog\/wp-json\/wp\/v2\/posts\/13755\/revisions"}],"predecessor-version":[{"id":13777,"href":"https:\/\/sport-index.fr\/blog\/wp-json\/wp\/v2\/posts\/13755\/revisions\/13777"}],"wp:featuredmedia":[{"embeddable":true,"href":"https:\/\/sport-index.fr\/blog\/wp-json\/wp\/v2\/media\/15756"}],"wp:attachment":[{"href":"https:\/\/sport-index.fr\/blog\/wp-json\/wp\/v2\/media?parent=13755"}],"wp:term":[{"taxonomy":"category","embeddable":true,"href":"https:\/\/sport-index.fr\/blog\/wp-json\/wp\/v2\/categories?post=13755"},{"taxonomy":"post_tag","embeddable":true,"href":"https:\/\/sport-index.fr\/blog\/wp-json\/wp\/v2\/tags?post=13755"}],"curies":[{"name":"wp","href":"https:\/\/api.w.org\/{rel}","templated":true}]}}