{"id":13797,"date":"2025-04-17T15:34:32","date_gmt":"2025-04-17T13:34:32","guid":{"rendered":"https:\/\/sport-index.fr\/blog\/?p=13797"},"modified":"2025-04-17T13:09:42","modified_gmt":"2025-04-17T11:09:42","slug":"francisco-gorrissen-le-parcours-dun-capitaine-passionne-et-determine","status":"publish","type":"post","link":"https:\/\/sport-index.fr\/blog\/a-la-une\/francisco-gorrissen-le-parcours-dun-capitaine-passionne-et-determine\/","title":{"rendered":"Francisco Gorrissen : le parcours d&rsquo;un capitaine passionn\u00e9 et d\u00e9termin\u00e9"},"content":{"rendered":"<p>Ce moment symbolique illustre non seulement son attachement \u00e0 l&rsquo;\u00e9quipe, mais aussi son r\u00f4le de leader au sein du groupe. Capitaine argentin au parcours riche, Gorrissen a su s&rsquo;imposer dans le Top 14, tout en faisant face \u00e0 de nombreux d\u00e9fis.<\/p>\n<h2>Un parcours marqu\u00e9 par la d\u00e9termination<\/h2>\n<p>Pour Francisco Gorrissen, chaque match est une occasion de prouver son engagement envers le RC Vannes. Lorsqu&rsquo;on lui a demand\u00e9 si la centi\u00e8me rencontre \u00e9tait importante, il a admis que c&rsquo;\u00e9tait un beau souvenir, mais que sa priorit\u00e9 restait le maintien de l&rsquo;\u00e9quipe dans le Top 14. \u00ab\u00a0C&rsquo;est un chiffre, certes, mais en ce moment, c&rsquo;est la survie de l&rsquo;\u00e9quipe qui compte\u00a0\u00bb, a-t-il d\u00e9clar\u00e9.<\/p>\n<p>Cette mentalit\u00e9 de se concentrer sur l&rsquo;essentiel est une caract\u00e9ristique de Gorrissen. Il a su maintenir son attention sur l&rsquo;objectif principal, tout en reconnaissant le soutien pr\u00e9cieux du staff et de ses co\u00e9quipiers. \u00ab\u00a0Je veux jouer tout le temps\u00a0\u00bb, a-t-il affirm\u00e9, soulignant ainsi son d\u00e9sir de contribuer activement au succ\u00e8s de l&rsquo;\u00e9quipe.<\/p>\n<h2>Le d\u00e9fi de devenir capitaine<\/h2>\n<p>Devenir capitaine n&rsquo;est pas une t\u00e2che facile, surtout pour un joueur qui ne ma\u00eetrisait pas parfaitement la langue au d\u00e9part. Gorrissen se souvient de ses d\u00e9buts : \u00ab\u00a0Quand Jean-No m&rsquo;a dit que j&rsquo;allais \u00eatre capitaine, j&rsquo;\u00e9tais un peu perdu.\u00a0\u00bb Cependant, il a appris \u00e0 voir ce r\u00f4le comme une opportunit\u00e9 d&rsquo;apprentissage et de croissance personnelle.<\/p>\n<p>Il a \u00e9galement expliqu\u00e9 comment ses co\u00e9quipiers l&rsquo;ont soutenu dans cette transition. \u00ab\u00a0J&rsquo;ai demand\u00e9 \u00e0 un ami de parler \u00e0 l&rsquo;\u00e9quipe \u00e0 ma place, mais il m&rsquo;a dit que c&rsquo;\u00e9tait \u00e0 moi de le faire.\u00a0\u00bb Ce moment a \u00e9t\u00e9 un tournant pour Gorrissen, qui a finalement compris l&rsquo;importance de son r\u00f4le en tant que leader, m\u00eame s&rsquo;il a ressenti une certaine nervosit\u00e9 au d\u00e9but.<\/p>\n<h2>La pr\u00e9paration pour le match contre Castres<\/h2>\n<p>La prochaine rencontre contre Castres repr\u00e9sente un v\u00e9ritable d\u00e9fi pour le RC Vannes. Gorrissen reconna\u00eet que l&rsquo;\u00e9quipe adverse est redoutable et poss\u00e8de une grande exp\u00e9rience du Top 14. \u00ab\u00a0Castres est une \u00e9quipe tr\u00e8s dure, qui ne l\u00e2che rien et qui excelle au contact\u00a0\u00bb, a-t-il d\u00e9clar\u00e9, mettant en avant la difficult\u00e9 \u00e0 affronter cette \u00e9quipe.<\/p>\n<p>Pour se pr\u00e9parer, le RC Vannes a mis en place une strat\u00e9gie solide, en analysant les performances r\u00e9centes de Castres, notamment leur d\u00e9fense impressionnante lors de leur dernier match en Champion Cup. \u00ab\u00a0Nous avons bien pr\u00e9par\u00e9 le match ces deux derni\u00e8res semaines, et j&rsquo;esp\u00e8re que cela portera ses fruits samedi\u00a0\u00bb, a-t-il ajout\u00e9 avec optimisme.<\/p>\n<ul>\n<li>Francisco Gorrissen est capitaine du RC Vannes depuis plusieurs saisons.<\/li>\n<li>Il a un parcours riche en exp\u00e9riences en Argentine avant de rejoindre la France.<\/li>\n<li>Gorrissen se concentre sur le maintien de son \u00e9quipe dans le Top 14.<\/li>\n<li>Le prochain match contre Castres sera un v\u00e9ritable test pour le RC Vannes.<\/li>\n<li>La communication et le soutien de l&rsquo;\u00e9quipe sont essentiels dans son r\u00f4le de capitaine.<\/li>\n<\/ul>\n<blockquote><p>\n    \u00ab\u00a0J&rsquo;avais un peu peur d&rsquo;\u00eatre capitaine, mais Jean-No m&rsquo;a donn\u00e9 confiance.\u00a0\u00bb\n<\/p><\/blockquote>\n<p>Francisco Gorrissen incarne l&rsquo;esprit de camaraderie et de d\u00e9termination au sein du RC Vannes. Son parcours, marqu\u00e9 par des d\u00e9fis et des apprentissages, t\u00e9moigne de son engagement et de sa passion pour le rugby. Alors qu&rsquo;il se pr\u00e9pare \u00e0 c\u00e9l\u00e9brer sa centi\u00e8me apparition, son attention reste tourn\u00e9e vers l&rsquo;avenir et les objectifs de l&rsquo;\u00e9quipe, en esp\u00e9rant que le travail acharn\u00e9 et la solidarit\u00e9 porteront leurs fruits sur le terrain.<\/p>\n","protected":false},"excerpt":{"rendered":"","protected":false},"author":34,"featured_media":15190,"comment_status":"open","ping_status":"open","sticky":false,"template":"","format":"standard","meta":{"_acf_changed":false,"manual_indexmenow":false,"indexmenow_id_project":0,"footnotes":""},"categories":[1],"tags":[4618,4585,4561,4632,4539],"class_list":["post-13797","post","type-post","status-publish","format-standard","has-post-thumbnail","hentry","category-a-la-une","tag-camaraderie","tag-cohesion-dequipe","tag-gestion-des-talents","tag-performance-sportive","tag-top-14","generate-columns","tablet-grid-50","mobile-grid-100","grid-parent","grid-25"],"acf":[],"yoast_head":"<!-- This site is optimized with the Yoast SEO Premium plugin v21.3 (Yoast SEO v26.5) - https:\/\/yoast.com\/wordpress\/plugins\/seo\/ -->\n<title>Francisco Gorrissen : le parcours d&#039;un capitaine passionn\u00e9<\/title>\n<meta name=\"description\" content=\"Ce moment symbolique illustre non seulement son attachement \u00e0 l&#039;\u00e9quipe, mais aussi son r\u00f4le de leader au sein du groupe. Capitaine argentin au parcours\u2026\" \/>\n<meta name=\"robots\" content=\"index, follow, max-snippet:-1, max-image-preview:large, max-video-preview:-1\" \/>\n<link rel=\"canonical\" href=\"https:\/\/sport-index.fr\/blog\/a-la-une\/francisco-gorrissen-le-parcours-dun-capitaine-passionne-et-determine\/\" \/>\n<meta property=\"og:locale\" content=\"fr_FR\" \/>\n<meta property=\"og:type\" content=\"article\" \/>\n<meta property=\"og:title\" content=\"Francisco Gorrissen : le parcours d&#039;un capitaine passionn\u00e9\" \/>\n<meta property=\"og:description\" content=\"Ce moment symbolique illustre non seulement son attachement \u00e0 l&#039;\u00e9quipe, mais aussi son r\u00f4le de leader au sein du groupe. Capitaine argentin au parcours\u2026\" \/>\n<meta property=\"og:url\" content=\"https:\/\/sport-index.fr\/blog\/a-la-une\/francisco-gorrissen-le-parcours-dun-capitaine-passionne-et-determine\/\" \/>\n<meta property=\"og:site_name\" content=\"sport-index\" \/>\n<meta name=\"author\" content=\"Axel Lauzier\" \/>\n<meta name=\"twitter:card\" content=\"summary_large_image\" \/>\n<script type=\"application\/ld+json\" class=\"yoast-schema-graph\">{\"@context\":\"https:\/\/schema.org\",\"@graph\":[{\"@type\":\"NewsArticle\",\"@id\":\"https:\/\/sport-index.fr\/blog\/a-la-une\/francisco-gorrissen-le-parcours-dun-capitaine-passionne-et-determine\/#article\",\"isPartOf\":{\"@id\":\"https:\/\/sport-index.fr\/blog\/a-la-une\/francisco-gorrissen-le-parcours-dun-capitaine-passionne-et-determine\/\"},\"author\":{\"name\":\"Axel Lauzier\",\"@id\":\"https:\/\/sport-index.fr\/blog\/#\/schema\/person\/3c864cdc320801e3db34b663e7e3f816\"},\"headline\":\"Francisco Gorrissen : le parcours d&rsquo;un capitaine passionn\u00e9 et d\u00e9termin\u00e9\",\"datePublished\":\"2025-04-17T13:34:32+00:00\",\"mainEntityOfPage\":{\"@id\":\"https:\/\/sport-index.fr\/blog\/a-la-une\/francisco-gorrissen-le-parcours-dun-capitaine-passionne-et-determine\/\"},\"wordCount\":625,\"commentCount\":19,\"publisher\":{\"@id\":\"https:\/\/sport-index.fr\/blog\/#organization\"},\"image\":{\"@id\":\"https:\/\/sport-index.fr\/blog\/a-la-une\/francisco-gorrissen-le-parcours-dun-capitaine-passionne-et-determine\/#primaryimage\"},\"thumbnailUrl\":\"https:\/\/sport-index.fr\/blog\/wp-content\/uploads\/2025\/05\/sdxl-2c6c08d7aa4238b81d756f9687f55638-scaled.png\",\"keywords\":[\"Camaraderie\",\"Coh\u00e9sion d'\u00c9quipe\",\"Gestion des Talents\",\"Performance sportive\",\"Top 14\"],\"articleSection\":[\"\u00c0 la une\"],\"inLanguage\":\"fr-FR\",\"potentialAction\":[{\"@type\":\"CommentAction\",\"name\":\"Comment\",\"target\":[\"https:\/\/sport-index.fr\/blog\/a-la-une\/francisco-gorrissen-le-parcours-dun-capitaine-passionne-et-determine\/#respond\"]}]},{\"@type\":\"WebPage\",\"@id\":\"https:\/\/sport-index.fr\/blog\/a-la-une\/francisco-gorrissen-le-parcours-dun-capitaine-passionne-et-determine\/\",\"url\":\"https:\/\/sport-index.fr\/blog\/a-la-une\/francisco-gorrissen-le-parcours-dun-capitaine-passionne-et-determine\/\",\"name\":\"Francisco Gorrissen : le parcours d'un capitaine passionn\u00e9\",\"isPartOf\":{\"@id\":\"https:\/\/sport-index.fr\/blog\/#website\"},\"primaryImageOfPage\":{\"@id\":\"https:\/\/sport-index.fr\/blog\/a-la-une\/francisco-gorrissen-le-parcours-dun-capitaine-passionne-et-determine\/#primaryimage\"},\"image\":{\"@id\":\"https:\/\/sport-index.fr\/blog\/a-la-une\/francisco-gorrissen-le-parcours-dun-capitaine-passionne-et-determine\/#primaryimage\"},\"thumbnailUrl\":\"https:\/\/sport-index.fr\/blog\/wp-content\/uploads\/2025\/05\/sdxl-2c6c08d7aa4238b81d756f9687f55638-scaled.png\",\"datePublished\":\"2025-04-17T13:34:32+00:00\",\"description\":\"Ce moment symbolique illustre non seulement son attachement \u00e0 l'\u00e9quipe, mais aussi son r\u00f4le de leader au sein du groupe. Capitaine argentin au parcours\u2026\",\"inLanguage\":\"fr-FR\",\"potentialAction\":[{\"@type\":\"ReadAction\",\"target\":[\"https:\/\/sport-index.fr\/blog\/a-la-une\/francisco-gorrissen-le-parcours-dun-capitaine-passionne-et-determine\/\"]}]},{\"@type\":\"ImageObject\",\"inLanguage\":\"fr-FR\",\"@id\":\"https:\/\/sport-index.fr\/blog\/a-la-une\/francisco-gorrissen-le-parcours-dun-capitaine-passionne-et-determine\/#primaryimage\",\"url\":\"https:\/\/sport-index.fr\/blog\/wp-content\/uploads\/2025\/05\/sdxl-2c6c08d7aa4238b81d756f9687f55638-scaled.png\",\"contentUrl\":\"https:\/\/sport-index.fr\/blog\/wp-content\/uploads\/2025\/05\/sdxl-2c6c08d7aa4238b81d756f9687f55638-scaled.png\",\"width\":1200,\"height\":500},{\"@type\":\"WebSite\",\"@id\":\"https:\/\/sport-index.fr\/blog\/#website\",\"url\":\"https:\/\/sport-index.fr\/blog\/\",\"name\":\"sport-index.fr\",\"description\":\"Le score de l\u2019analyse sportive.\",\"publisher\":{\"@id\":\"https:\/\/sport-index.fr\/blog\/#organization\"},\"alternateName\":\"Le score de l\u2019analyse sportive.\",\"potentialAction\":[{\"@type\":\"SearchAction\",\"target\":{\"@type\":\"EntryPoint\",\"urlTemplate\":\"https:\/\/sport-index.fr\/blog\/?s={search_term_string}\"},\"query-input\":{\"@type\":\"PropertyValueSpecification\",\"valueRequired\":true,\"valueName\":\"search_term_string\"}}],\"inLanguage\":\"fr-FR\"},{\"@type\":\"Organization\",\"@id\":\"https:\/\/sport-index.fr\/blog\/#organization\",\"name\":\"Foretsensations.fr\",\"url\":\"https:\/\/sport-index.fr\/blog\/\",\"logo\":{\"@type\":\"ImageObject\",\"inLanguage\":\"fr-FR\",\"@id\":\"https:\/\/sport-index.fr\/blog\/#\/schema\/logo\/image\/\",\"url\":\"https:\/\/sport-index.fr\/blog\/wp-content\/uploads\/2026\/07\/logo-auto.png\",\"contentUrl\":\"https:\/\/sport-index.fr\/blog\/wp-content\/uploads\/2026\/07\/logo-auto.png\",\"width\":1024,\"height\":1024,\"caption\":\"Foretsensations.fr\"},\"image\":{\"@id\":\"https:\/\/sport-index.fr\/blog\/#\/schema\/logo\/image\/\"}},{\"@type\":\"Person\",\"@id\":\"https:\/\/sport-index.fr\/blog\/#\/schema\/person\/3c864cdc320801e3db34b663e7e3f816\",\"name\":\"Axel Lauzier\",\"image\":{\"@type\":\"ImageObject\",\"inLanguage\":\"fr-FR\",\"@id\":\"https:\/\/sport-index.fr\/blog\/#\/schema\/person\/image\/\",\"url\":\"https:\/\/sport-index.fr\/blog\/wp-content\/uploads\/2026\/06\/persona_axel-l-96x96.jpg\",\"contentUrl\":\"https:\/\/sport-index.fr\/blog\/wp-content\/uploads\/2026\/06\/persona_axel-l-96x96.jpg\",\"caption\":\"Axel Lauzier\"},\"description\":\"Le sport rythme mon quotidien depuis l'enfance, et j'en ai fait mon m\u00e9tier d'analyste r\u00e9dactionnel il y a une dizaine d'ann\u00e9es. Je couvre principalement le football, son actualit\u00e9, ses transferts et l'analyse tactique des grandes affiches, mais aussi les disciplines plus confidentielles que j'aime remettre en lumi\u00e8re. Une partie de mon travail porte sur les pronostics et la lecture statistique d'un match : forme des \u00e9quipes, historique des confrontations, compositions, sans jamais vendre de fausse certitude. Je rappelle syst\u00e9matiquement que parier comporte un risque et doit rester un loisir ma\u00eetris\u00e9. Avant de signer une analyse, je v\u00e9rifie mes chiffres, je recoupe les compositions probables et je distingue toujours la donn\u00e9e brute de l'intuition. Mon objectif : offrir une lecture honn\u00eate et argument\u00e9e, pas un ticket gagnant garanti.\",\"sameAs\":[\"https:\/\/axellauzier.fr\/\"],\"url\":\"https:\/\/sport-index.fr\/blog\/auteur\/noname\/\"}]}<\/script>\n<!-- \/ Yoast SEO Premium plugin. -->","yoast_head_json":{"title":"Francisco Gorrissen : le parcours d'un capitaine passionn\u00e9","description":"Ce moment symbolique illustre non seulement son attachement \u00e0 l'\u00e9quipe, mais aussi son r\u00f4le de leader au sein du groupe. Capitaine argentin au parcours\u2026","robots":{"index":"index","follow":"follow","max-snippet":"max-snippet:-1","max-image-preview":"max-image-preview:large","max-video-preview":"max-video-preview:-1"},"canonical":"https:\/\/sport-index.fr\/blog\/a-la-une\/francisco-gorrissen-le-parcours-dun-capitaine-passionne-et-determine\/","og_locale":"fr_FR","og_type":"article","og_title":"Francisco Gorrissen : le parcours d'un capitaine passionn\u00e9","og_description":"Ce moment symbolique illustre non seulement son attachement \u00e0 l'\u00e9quipe, mais aussi son r\u00f4le de leader au sein du groupe. Capitaine argentin au parcours\u2026","og_url":"https:\/\/sport-index.fr\/blog\/a-la-une\/francisco-gorrissen-le-parcours-dun-capitaine-passionne-et-determine\/","og_site_name":"sport-index","author":"Axel Lauzier","twitter_card":"summary_large_image","schema":{"@context":"https:\/\/schema.org","@graph":[{"@type":"NewsArticle","@id":"https:\/\/sport-index.fr\/blog\/a-la-une\/francisco-gorrissen-le-parcours-dun-capitaine-passionne-et-determine\/#article","isPartOf":{"@id":"https:\/\/sport-index.fr\/blog\/a-la-une\/francisco-gorrissen-le-parcours-dun-capitaine-passionne-et-determine\/"},"author":{"name":"Axel Lauzier","@id":"https:\/\/sport-index.fr\/blog\/#\/schema\/person\/3c864cdc320801e3db34b663e7e3f816"},"headline":"Francisco Gorrissen : le parcours d&rsquo;un capitaine passionn\u00e9 et d\u00e9termin\u00e9","datePublished":"2025-04-17T13:34:32+00:00","mainEntityOfPage":{"@id":"https:\/\/sport-index.fr\/blog\/a-la-une\/francisco-gorrissen-le-parcours-dun-capitaine-passionne-et-determine\/"},"wordCount":625,"commentCount":19,"publisher":{"@id":"https:\/\/sport-index.fr\/blog\/#organization"},"image":{"@id":"https:\/\/sport-index.fr\/blog\/a-la-une\/francisco-gorrissen-le-parcours-dun-capitaine-passionne-et-determine\/#primaryimage"},"thumbnailUrl":"https:\/\/sport-index.fr\/blog\/wp-content\/uploads\/2025\/05\/sdxl-2c6c08d7aa4238b81d756f9687f55638-scaled.png","keywords":["Camaraderie","Coh\u00e9sion d'\u00c9quipe","Gestion des Talents","Performance sportive","Top 14"],"articleSection":["\u00c0 la une"],"inLanguage":"fr-FR","potentialAction":[{"@type":"CommentAction","name":"Comment","target":["https:\/\/sport-index.fr\/blog\/a-la-une\/francisco-gorrissen-le-parcours-dun-capitaine-passionne-et-determine\/#respond"]}]},{"@type":"WebPage","@id":"https:\/\/sport-index.fr\/blog\/a-la-une\/francisco-gorrissen-le-parcours-dun-capitaine-passionne-et-determine\/","url":"https:\/\/sport-index.fr\/blog\/a-la-une\/francisco-gorrissen-le-parcours-dun-capitaine-passionne-et-determine\/","name":"Francisco Gorrissen : le parcours d'un capitaine passionn\u00e9","isPartOf":{"@id":"https:\/\/sport-index.fr\/blog\/#website"},"primaryImageOfPage":{"@id":"https:\/\/sport-index.fr\/blog\/a-la-une\/francisco-gorrissen-le-parcours-dun-capitaine-passionne-et-determine\/#primaryimage"},"image":{"@id":"https:\/\/sport-index.fr\/blog\/a-la-une\/francisco-gorrissen-le-parcours-dun-capitaine-passionne-et-determine\/#primaryimage"},"thumbnailUrl":"https:\/\/sport-index.fr\/blog\/wp-content\/uploads\/2025\/05\/sdxl-2c6c08d7aa4238b81d756f9687f55638-scaled.png","datePublished":"2025-04-17T13:34:32+00:00","description":"Ce moment symbolique illustre non seulement son attachement \u00e0 l'\u00e9quipe, mais aussi son r\u00f4le de leader au sein du groupe. Capitaine argentin au parcours\u2026","inLanguage":"fr-FR","potentialAction":[{"@type":"ReadAction","target":["https:\/\/sport-index.fr\/blog\/a-la-une\/francisco-gorrissen-le-parcours-dun-capitaine-passionne-et-determine\/"]}]},{"@type":"ImageObject","inLanguage":"fr-FR","@id":"https:\/\/sport-index.fr\/blog\/a-la-une\/francisco-gorrissen-le-parcours-dun-capitaine-passionne-et-determine\/#primaryimage","url":"https:\/\/sport-index.fr\/blog\/wp-content\/uploads\/2025\/05\/sdxl-2c6c08d7aa4238b81d756f9687f55638-scaled.png","contentUrl":"https:\/\/sport-index.fr\/blog\/wp-content\/uploads\/2025\/05\/sdxl-2c6c08d7aa4238b81d756f9687f55638-scaled.png","width":1200,"height":500},{"@type":"WebSite","@id":"https:\/\/sport-index.fr\/blog\/#website","url":"https:\/\/sport-index.fr\/blog\/","name":"sport-index.fr","description":"Le score de l\u2019analyse sportive.","publisher":{"@id":"https:\/\/sport-index.fr\/blog\/#organization"},"alternateName":"Le score de l\u2019analyse sportive.","potentialAction":[{"@type":"SearchAction","target":{"@type":"EntryPoint","urlTemplate":"https:\/\/sport-index.fr\/blog\/?s={search_term_string}"},"query-input":{"@type":"PropertyValueSpecification","valueRequired":true,"valueName":"search_term_string"}}],"inLanguage":"fr-FR"},{"@type":"Organization","@id":"https:\/\/sport-index.fr\/blog\/#organization","name":"Foretsensations.fr","url":"https:\/\/sport-index.fr\/blog\/","logo":{"@type":"ImageObject","inLanguage":"fr-FR","@id":"https:\/\/sport-index.fr\/blog\/#\/schema\/logo\/image\/","url":"https:\/\/sport-index.fr\/blog\/wp-content\/uploads\/2026\/07\/logo-auto.png","contentUrl":"https:\/\/sport-index.fr\/blog\/wp-content\/uploads\/2026\/07\/logo-auto.png","width":1024,"height":1024,"caption":"Foretsensations.fr"},"image":{"@id":"https:\/\/sport-index.fr\/blog\/#\/schema\/logo\/image\/"}},{"@type":"Person","@id":"https:\/\/sport-index.fr\/blog\/#\/schema\/person\/3c864cdc320801e3db34b663e7e3f816","name":"Axel Lauzier","image":{"@type":"ImageObject","inLanguage":"fr-FR","@id":"https:\/\/sport-index.fr\/blog\/#\/schema\/person\/image\/","url":"https:\/\/sport-index.fr\/blog\/wp-content\/uploads\/2026\/06\/persona_axel-l-96x96.jpg","contentUrl":"https:\/\/sport-index.fr\/blog\/wp-content\/uploads\/2026\/06\/persona_axel-l-96x96.jpg","caption":"Axel Lauzier"},"description":"Le sport rythme mon quotidien depuis l'enfance, et j'en ai fait mon m\u00e9tier d'analyste r\u00e9dactionnel il y a une dizaine d'ann\u00e9es. Je couvre principalement le football, son actualit\u00e9, ses transferts et l'analyse tactique des grandes affiches, mais aussi les disciplines plus confidentielles que j'aime remettre en lumi\u00e8re. Une partie de mon travail porte sur les pronostics et la lecture statistique d'un match : forme des \u00e9quipes, historique des confrontations, compositions, sans jamais vendre de fausse certitude. Je rappelle syst\u00e9matiquement que parier comporte un risque et doit rester un loisir ma\u00eetris\u00e9. Avant de signer une analyse, je v\u00e9rifie mes chiffres, je recoupe les compositions probables et je distingue toujours la donn\u00e9e brute de l'intuition. Mon objectif : offrir une lecture honn\u00eate et argument\u00e9e, pas un ticket gagnant garanti.","sameAs":["https:\/\/axellauzier.fr\/"],"url":"https:\/\/sport-index.fr\/blog\/auteur\/noname\/"}]}},"_links":{"self":[{"href":"https:\/\/sport-index.fr\/blog\/wp-json\/wp\/v2\/posts\/13797","targetHints":{"allow":["GET"]}}],"collection":[{"href":"https:\/\/sport-index.fr\/blog\/wp-json\/wp\/v2\/posts"}],"about":[{"href":"https:\/\/sport-index.fr\/blog\/wp-json\/wp\/v2\/types\/post"}],"author":[{"embeddable":true,"href":"https:\/\/sport-index.fr\/blog\/wp-json\/wp\/v2\/users\/34"}],"replies":[{"embeddable":true,"href":"https:\/\/sport-index.fr\/blog\/wp-json\/wp\/v2\/comments?post=13797"}],"version-history":[{"count":1,"href":"https:\/\/sport-index.fr\/blog\/wp-json\/wp\/v2\/posts\/13797\/revisions"}],"predecessor-version":[{"id":13803,"href":"https:\/\/sport-index.fr\/blog\/wp-json\/wp\/v2\/posts\/13797\/revisions\/13803"}],"wp:featuredmedia":[{"embeddable":true,"href":"https:\/\/sport-index.fr\/blog\/wp-json\/wp\/v2\/media\/15190"}],"wp:attachment":[{"href":"https:\/\/sport-index.fr\/blog\/wp-json\/wp\/v2\/media?parent=13797"}],"wp:term":[{"taxonomy":"category","embeddable":true,"href":"https:\/\/sport-index.fr\/blog\/wp-json\/wp\/v2\/categories?post=13797"},{"taxonomy":"post_tag","embeddable":true,"href":"https:\/\/sport-index.fr\/blog\/wp-json\/wp\/v2\/tags?post=13797"}],"curies":[{"name":"wp","href":"https:\/\/api.w.org\/{rel}","templated":true}]}}