{"id":13836,"date":"2026-06-16T14:55:21","date_gmt":"2026-06-16T12:55:21","guid":{"rendered":"https:\/\/sport-index.fr\/blog\/?p=13836"},"modified":"2026-06-16T14:55:21","modified_gmt":"2026-06-16T12:55:21","slug":"brice-dulin-envisage-la-fin-de-sa-carriere-apres-une-saison-eprouvante-en-top-14","status":"publish","type":"post","link":"https:\/\/sport-index.fr\/blog\/a-la-une\/brice-dulin-envisage-la-fin-de-sa-carriere-apres-une-saison-eprouvante-en-top-14\/","title":{"rendered":"Brice Dulin envisage la fin de sa carri\u00e8re apr\u00e8s une saison \u00e9prouvante en Top 14"},"content":{"rendered":"<link rel=\"stylesheet\" href=\"https:\/\/fonts.googleapis.com\/css2?family=Newsreader:ital,opsz,wght@0,6..72,500;0,6..72,600;0,6..72,700;1,6..72,500;1,6..72,600&#038;family=Inter:wght@400;500;600&#038;family=JetBrains+Mono:wght@500&#038;display=swap\">\n<style>\n.spi-actu-wrap{font-family:'Inter',-apple-system,BlinkMacSystemFont,'Segoe UI',sans-serif;color:#23262b;line-height:1.65;font-size:17px;}\n.spi-actu-wrap h2{font-family:'Newsreader','Inter',Georgia,serif;font-weight:700;font-size:clamp(24px,3.2vw,33px);letter-spacing:-0.01em;color:#15181c;margin:48px 0 16px;line-height:1.2;}\n.spi-actu-wrap p{margin:0 0 18px;}\n.spi-actu-kicker{font-family:'JetBrains Mono',monospace;font-size:11px;font-weight:500;letter-spacing:2.4px;text-transform:uppercase;color:#9c2a2a;}\n.spi-actu-lead{font-family:'Newsreader',Georgia,serif;font-size:21px;line-height:1.5;font-weight:500;color:#2b2f35;margin:14px 0 30px;}\n.spi-actu-ess{background:#fbf3f1;border-left:5px solid #9c2a2a;border-radius:0 8px 8px 0;padding:24px 28px;margin:30px 0;box-shadow:0 1px 2px rgba(16,24,40,.05),0 12px 28px -18px rgba(156,42,42,.35);}\n.spi-actu-ess-t{font-family:'JetBrains Mono',monospace;font-size:11px;font-weight:500;letter-spacing:2.4px;text-transform:uppercase;color:#9c2a2a;margin-bottom:14px;}\n.spi-actu-ess ul{margin:0;padding:0;list-style:none;display:grid;gap:11px;}\n.spi-actu-ess li{display:flex;gap:13px;align-items:flex-start;font-size:15.5px;line-height:1.55;color:#2b2f35;}\n.spi-actu-ess li span.spi-actu-tag{flex:0 0 auto;font-family:'JetBrains Mono',monospace;font-size:10px;font-weight:500;letter-spacing:1px;text-transform:uppercase;color:#fff;background:#9c2a2a;border-radius:4px;padding:3px 8px;margin-top:2px;}\n.spi-actu-pq{margin:42px auto;padding:30px 26px;text-align:center;border-top:1px solid #15181c;border-bottom:1px solid #15181c;max-width:660px;position:relative;}\n.spi-actu-pq-g{position:absolute;top:-22px;left:50%;transform:translateX(-50%);background:#fff;padding:0 14px;font-family:'Newsreader',serif;font-size:52px;line-height:1;color:#9c2a2a;}\n.spi-actu-pq-q{font-family:'Newsreader',Georgia,serif;font-style:italic;font-size:25px;line-height:1.42;color:#15181c;letter-spacing:-0.005em;}\n.spi-actu-pq-c{margin-top:15px;font-family:'JetBrains Mono',monospace;font-size:11px;letter-spacing:1.6px;text-transform:uppercase;color:#6a6f76;}\n.spi-actu-ret{background:#fafafa;border:1px solid #e6e6e2;border-radius:10px;padding:26px 28px;margin:40px 0;}\n.spi-actu-ret-t{font-family:'JetBrains Mono',monospace;font-size:11px;font-weight:500;letter-spacing:2.4px;text-transform:uppercase;color:#9c2a2a;margin-bottom:18px;}\n.spi-actu-ret-grid{display:grid;grid-template-columns:repeat(auto-fit,minmax(245px,1fr));gap:11px;}\n.spi-actu-card{display:flex;gap:12px;background:#fff;border:1px solid #ececea;border-top:3px solid #9c2a2a;border-radius:7px;padding:14px 16px;align-items:flex-start;transition:transform .25s ease,box-shadow .25s ease;}\n.spi-actu-card:hover{transform:translateY(-3px);box-shadow:0 10px 24px -14px rgba(16,24,40,.28);}\n.spi-actu-card span.spi-actu-n{flex:0 0 26px;width:26px;height:26px;background:#9c2a2a;color:#fff;border-radius:50%;display:inline-flex;align-items:center;justify-content:center;font-family:'JetBrains Mono',monospace;font-size:12px;font-weight:500;}\n.spi-actu-card span.spi-actu-tx{font-size:14px;line-height:1.5;color:#2b2f35;}\n.spi-actu-faq{margin:42px 0;}\n.spi-actu-faq h2{margin-bottom:6px;}\n.spi-actu-faq-list{border-top:1px solid #e0ddd6;}\n.spi-actu-faq details{border-bottom:1px solid #e0ddd6;}\n.spi-actu-faq summary{cursor:pointer;padding:16px 0;font-family:'Newsreader',Georgia,serif;font-size:18px;font-weight:600;color:#15181c;list-style:none;display:flex;justify-content:space-between;align-items:center;gap:14px;}\n.spi-actu-faq summary::-webkit-details-marker{display:none;}\n.spi-actu-faq summary .spi-actu-pm{font-family:'Inter',sans-serif;font-size:22px;font-weight:400;color:#9c2a2a;line-height:1;transition:transform .25s ease;}\n.spi-actu-faq details[open] summary .spi-actu-pm{transform:rotate(45deg);}\n.spi-actu-faq-a{padding:0 0 18px;font-size:15.5px;line-height:1.7;color:#4a4e54;}\n\/*RENDERFIX2*\/.spi-actu-ess li span.spi-actu-tag{color:#eef3f9!important}.spi-actu-ess li span.spi-actu-tag p,.spi-actu-ess li span.spi-actu-tag li,.spi-actu-ess li span.spi-actu-tag strong,.spi-actu-ess li span.spi-actu-tag em,.spi-actu-ess li span.spi-actu-tag a,.spi-actu-ess li span.spi-actu-tag span,.spi-actu-ess li span.spi-actu-tag b,.spi-actu-ess li span.spi-actu-tag td,.spi-actu-ess li span.spi-actu-tag th,.spi-actu-ess li span.spi-actu-tag h2,.spi-actu-ess li span.spi-actu-tag h3,.spi-actu-ess li span.spi-actu-tag h4{color:#eef3f9!important}.spi-actu-ess li span.spi-actu-tag strong,.spi-actu-ess li span.spi-actu-tag b{color:#ffffff!important}.spi-actu-card span.spi-actu-n{color:#eef3f9!important}.spi-actu-card span.spi-actu-n p,.spi-actu-card span.spi-actu-n li,.spi-actu-card span.spi-actu-n strong,.spi-actu-card span.spi-actu-n em,.spi-actu-card span.spi-actu-n a,.spi-actu-card span.spi-actu-n span,.spi-actu-card span.spi-actu-n b,.spi-actu-card span.spi-actu-n td,.spi-actu-card span.spi-actu-n th,.spi-actu-card span.spi-actu-n h2,.spi-actu-card span.spi-actu-n h3,.spi-actu-card span.spi-actu-n h4{color:#eef3f9!important}.spi-actu-card span.spi-actu-n strong,.spi-actu-card span.spi-actu-n b{color:#ffffff!important}<\/style>\n<div class=\"spi-actu-wrap\">\n<span class=\"spi-actu-kicker\">Top 14 \u00b7 La Rochelle \u00b7 18 avril 2025<\/span><\/p>\n<div class=\"spi-actu-lead\">\u00c0 35 ans, l&rsquo;arri\u00e8re du Stade Rochelais Brice Dulin a confirm\u00e9 en conf\u00e9rence de presse que la saison en cours pourrait \u00eatre la derni\u00e8re de sa carri\u00e8re, tout en laissant planer le doute sur un retrait d\u00e9finitif du rugby d\u00e8s cet \u00e9t\u00e9.<\/div>\n<div class=\"spi-actu-ess\">\n<div class=\"spi-actu-ess-t\">L&rsquo;essentiel<\/div>\n<ul>\n<li><span class=\"spi-actu-tag\">Quoi<\/span><span>Brice Dulin, double champion de France et d&rsquo;Europe, annonce que cette saison de Top 14 pourrait \u00eatre sa derni\u00e8re.<\/span><\/li>\n<li><span class=\"spi-actu-tag\">Qui \u00b7 Quand<\/span><span>L&rsquo;arri\u00e8re de La Rochelle, 35 ans, s&rsquo;est exprim\u00e9 en conf\u00e9rence de presse \u2014 \u201cDans ma t\u00eate, actuellement, tout s&rsquo;arr\u00eate fin juin.\u201d<\/span><\/li>\n<li><span class=\"spi-actu-tag\">Pourquoi<\/span><span>Des douleurs aux cervicales p\u00e8sent sur sa d\u00e9cision, tandis qu&rsquo;une rumeur de transfert vers Nice (Nationale) circule, qu&rsquo;il qualifie de simple \u201cbruit\u201d.<\/span><\/li>\n<\/ul>\n<\/div>\n<p>Brice Dulin, l&rsquo;arri\u00e8re du Stade Rochelais, a r\u00e9cemment fait l&rsquo;objet d&rsquo;une forte attention m\u00e9diatique. Fid\u00e8le \u00e0 son franc-parler, le joueur de 35 ans n&rsquo;a pas cherch\u00e9 \u00e0 \u00e9luder la question de son avenir : il a confirm\u00e9 que la saison actuelle serait probablement sa derni\u00e8re, sans pour autant fermer d\u00e9finitivement la porte \u00e0 une suite ailleurs.<\/p>\n<h2>Une saison marqu\u00e9e par l&rsquo;incertitude<\/h2>\n<p>Double champion de France et d&rsquo;Europe, Dulin a choisi d&rsquo;annoncer que cette saison pourrait \u00eatre la derni\u00e8re de sa carri\u00e8re. Lors d&rsquo;une conf\u00e9rence de presse, il a d\u00e9clar\u00e9 : \u00ab\u00a0Dans ma t\u00eate, actuellement, tout s&rsquo;arr\u00eate fin juin.\u00a0\u00bb Les rumeurs d&rsquo;un transfert vers le club de Nice, qui \u00e9voluera en Nationale, ajoutent une dimension intrigante \u00e0 son parcours. Il a toutefois pr\u00e9cis\u00e9 que ces informations restaient \u00e0 l&rsquo;\u00e9tat de \u00ab\u00a0bruit\u00a0\u00bb.<\/p>\n<p>La carri\u00e8re d&rsquo;un sportif de haut niveau est souvent parsem\u00e9e d&rsquo;obstacles. \u00c0 l&rsquo;approche de la fin de saison, Dulin fait face \u00e0 des soucis de sant\u00e9, notamment des douleurs aux cervicales. Malgr\u00e9 ces d\u00e9fis, il reste concentr\u00e9 sur l&rsquo;id\u00e9e de terminer la saison en beaut\u00e9, soulignant l&rsquo;importance de vivre pleinement chaque moment sur le terrain.<\/p>\n<h2>Les d\u00e9fis physiques d&rsquo;un sportif aguerri<\/h2>\n<p>Brice Dulin a partag\u00e9 ouvertement ses pr\u00e9occupations concernant sa condition physique. \u00ab\u00a0C&rsquo;est juste de l&rsquo;arthrose, de la vieillesse qui s&rsquo;est install\u00e9e\u00a0\u00bb, a-t-il expliqu\u00e9, tout en restant positif sur l&rsquo;\u00e9tat g\u00e9n\u00e9ral de son corps. Ces douleurs pourraient n\u00e9anmoins influencer sa d\u00e9cision de poursuivre ou non sa carri\u00e8re au-del\u00e0 de cette saison.<\/p>\n<p>La vieillesse et les blessures font partie int\u00e9grante du parcours d&rsquo;un athl\u00e8te. Dulin a reconnu qu&rsquo;il \u00e9tait temps de laisser la place aux jeunes, ce qui t\u00e9moigne d&rsquo;une maturit\u00e9 et d&rsquo;une r\u00e9flexion sur l&rsquo;avenir du rugby. Son exp\u00e9rience et son leadership sur le terrain restent pr\u00e9cieux pour l&rsquo;\u00e9quipe, mais il est conscient que chaque saison pourrait \u00eatre la derni\u00e8re.<\/p>\n<h2>Un avenir incertain mais riche d&rsquo;\u00e9motions<\/h2>\n<p>Le rugby est bien plus qu&rsquo;un simple sport pour Brice Dulin. C&rsquo;est une passion, une communaut\u00e9, et un lieu o\u00f9 il a tiss\u00e9 des liens ind\u00e9fectibles. \u00ab\u00a0On va d&rsquo;abord terminer la saison, profiter de ce que je peux vivre de beau encore\u00a0\u00bb, a-t-il mentionn\u00e9, faisant preuve d&rsquo;optimisme malgr\u00e9 l&rsquo;incertitude qui entoure son avenir. Cette approche montre \u00e0 quel point il valorise les moments pass\u00e9s sur le terrain.<\/p>\n<p>Pour les fans et les co\u00e9quipiers, la perspective de voir Dulin prendre sa retraite suscite une grande \u00e9motion. Les souvenirs des matchs, des victoires et des d\u00e9fis partag\u00e9s resteront grav\u00e9s dans les m\u00e9moires. Il se montre cependant prudent et souhaite prendre le temps de r\u00e9fl\u00e9chir \u00e0 sa d\u00e9cision finale, laissant ainsi la porte ouverte \u00e0 d&rsquo;\u00e9ventuelles surprises.<\/p>\n<div class=\"spi-actu-pq\">\n<div class=\"spi-actu-pq-g\" aria-hidden=\"true\">\u201c<\/div>\n<div class=\"spi-actu-pq-q\">J&rsquo;ai d\u00e9j\u00e0 trop parl\u00e9 avec vous<\/div>\n<div class=\"spi-actu-pq-c\">Ronan O&rsquo;Gara, manager de La Rochelle \u2014 conf\u00e9rence de presse avant la 21e journ\u00e9e de Top 14<\/div>\n<\/div>\n<p>Dans l&rsquo;univers du rugby, chaque joueur laisse une empreinte unique. Brice Dulin, avec son charisme et son talent, continuera d&rsquo;inspirer m\u00eame apr\u00e8s la fin de sa carri\u00e8re. Alors que la saison touche \u00e0 sa fin, les regards sont riv\u00e9s sur lui, attendant de voir comment se terminera cette belle aventure. Les prochaines semaines s&rsquo;annoncent riches en \u00e9motions et en moments m\u00e9morables.<\/p>\n<div class=\"spi-actu-ret\">\n<div class=\"spi-actu-ret-t\">\u00c0 retenir<\/div>\n<div class=\"spi-actu-ret-grid\">\n<div class=\"spi-actu-card\"><span class=\"spi-actu-n\">1<\/span><span class=\"spi-actu-tx\">Brice Dulin confirme que cette saison pourrait \u00eatre sa derni\u00e8re.<\/span><\/div>\n<div class=\"spi-actu-card\"><span class=\"spi-actu-n\">2<\/span><span class=\"spi-actu-tx\">Des douleurs aux cervicales le poussent \u00e0 r\u00e9fl\u00e9chir sur l&rsquo;arr\u00eat de sa carri\u00e8re.<\/span><\/div>\n<div class=\"spi-actu-card\"><span class=\"spi-actu-n\">3<\/span><span class=\"spi-actu-tx\">Il \u00e9voque la possibilit\u00e9 de rejoindre Nice, mais reste prudent sur ce sujet.<\/span><\/div>\n<div class=\"spi-actu-card\"><span class=\"spi-actu-n\">4<\/span><span class=\"spi-actu-tx\">Sa maturit\u00e9 et son exp\u00e9rience apportent une grande valeur \u00e0 son \u00e9quipe.<\/span><\/div>\n<div class=\"spi-actu-card\"><span class=\"spi-actu-n\">5<\/span><span class=\"spi-actu-tx\">Les \u00e9motions sont vives pour ses co\u00e9quipiers et les fans \u00e0 l&rsquo;id\u00e9e de sa retraite.<\/span><\/div>\n<\/div>\n<\/div>\n<div class=\"spi-actu-faq\">\n<h2>Questions fr\u00e9quentes<\/h2>\n<div class=\"spi-actu-faq-list\">\n<details>\n<summary><span>Brice Dulin prend-il sa retraite \u00e0 la fin de la saison ?<\/span><span class=\"spi-actu-pm\" aria-hidden=\"true\">+<\/span><\/summary>\n<div class=\"spi-actu-faq-a\">Il a confirm\u00e9 que cette saison pourrait \u00eatre la derni\u00e8re de sa carri\u00e8re, d\u00e9clarant : \u00ab\u00a0Dans ma t\u00eate, actuellement, tout s&rsquo;arr\u00eate fin juin.\u00a0\u00bb Il reste n\u00e9anmoins prudent et souhaite prendre le temps de r\u00e9fl\u00e9chir \u00e0 sa d\u00e9cision finale.<\/div>\n<\/details>\n<details>\n<summary><span>Pourquoi envisage-t-il d&rsquo;arr\u00eater ?<\/span><span class=\"spi-actu-pm\" aria-hidden=\"true\">+<\/span><\/summary>\n<div class=\"spi-actu-faq-a\">\u00c0 35 ans, il fait face \u00e0 des douleurs aux cervicales, qu&rsquo;il d\u00e9crit comme \u00ab\u00a0de l&rsquo;arthrose, de la vieillesse qui s&rsquo;est install\u00e9e\u00a0\u00bb. Il estime aussi qu&rsquo;il est temps de laisser la place aux jeunes.<\/div>\n<\/details>\n<details>\n<summary><span>Pourrait-il rejoindre Nice ?<\/span><span class=\"spi-actu-pm\" aria-hidden=\"true\">+<\/span><\/summary>\n<div class=\"spi-actu-faq-a\">Des rumeurs \u00e9voquent un transfert vers le club de Nice, qui \u00e9voluera en Nationale. Dulin a toutefois pr\u00e9cis\u00e9 que ces informations restaient \u00e0 l&rsquo;\u00e9tat de \u00ab\u00a0bruit\u00a0\u00bb.<\/div>\n<\/details>\n<\/div>\n<\/div>\n<\/div>\n","protected":false},"excerpt":{"rendered":"","protected":false},"author":34,"featured_media":15180,"comment_status":"open","ping_status":"open","sticky":false,"template":"","format":"standard","meta":{"_acf_changed":false,"manual_indexmenow":false,"indexmenow_id_project":0,"footnotes":""},"categories":[1],"tags":[4846,4898,4543,4536,4554],"class_list":["post-13836","post","type-post","status-publish","format-standard","has-post-thumbnail","hentry","category-a-la-une","tag-bien-etre-mental","tag-gestion-du-stress","tag-performance","tag-rugby","tag-xv-de-france","generate-columns","tablet-grid-50","mobile-grid-100","grid-parent","grid-25"],"acf":[],"yoast_head":"<!-- This site is optimized with the Yoast SEO Premium plugin v21.3 (Yoast SEO v26.5) - https:\/\/yoast.com\/wordpress\/plugins\/seo\/ -->\n<title>Brice Dulin envisage la fin de sa carri\u00e8re apr\u00e8s une saison<\/title>\n<meta name=\"description\" content=\"Top 14 \u00b7 La Rochelle \u00b7 18 avril 2025 \u00c0 35 ans, l&#039;arri\u00e8re du Stade Rochelais Brice Dulin a confirm\u00e9 en conf\u00e9rence de presse que la saison en cours\u2026\" \/>\n<meta name=\"robots\" content=\"index, follow, max-snippet:-1, max-image-preview:large, max-video-preview:-1\" \/>\n<link rel=\"canonical\" href=\"https:\/\/sport-index.fr\/blog\/a-la-une\/brice-dulin-envisage-la-fin-de-sa-carriere-apres-une-saison-eprouvante-en-top-14\/\" \/>\n<meta property=\"og:locale\" content=\"fr_FR\" \/>\n<meta property=\"og:type\" content=\"article\" \/>\n<meta property=\"og:title\" content=\"Brice Dulin envisage la fin de sa carri\u00e8re apr\u00e8s une saison\" \/>\n<meta property=\"og:description\" content=\"Top 14 \u00b7 La Rochelle \u00b7 18 avril 2025 \u00c0 35 ans, l&#039;arri\u00e8re du Stade Rochelais Brice Dulin a confirm\u00e9 en conf\u00e9rence de presse que la saison en cours\u2026\" \/>\n<meta property=\"og:url\" content=\"https:\/\/sport-index.fr\/blog\/a-la-une\/brice-dulin-envisage-la-fin-de-sa-carriere-apres-une-saison-eprouvante-en-top-14\/\" \/>\n<meta property=\"og:site_name\" content=\"sport-index\" \/>\n<meta name=\"author\" content=\"Axel Lauzier\" \/>\n<meta name=\"twitter:card\" content=\"summary_large_image\" \/>\n<script type=\"application\/ld+json\" class=\"yoast-schema-graph\">{\"@context\":\"https:\/\/schema.org\",\"@graph\":[{\"@type\":\"NewsArticle\",\"@id\":\"https:\/\/sport-index.fr\/blog\/a-la-une\/brice-dulin-envisage-la-fin-de-sa-carriere-apres-une-saison-eprouvante-en-top-14\/#article\",\"isPartOf\":{\"@id\":\"https:\/\/sport-index.fr\/blog\/a-la-une\/brice-dulin-envisage-la-fin-de-sa-carriere-apres-une-saison-eprouvante-en-top-14\/\"},\"author\":{\"name\":\"Axel Lauzier\",\"@id\":\"https:\/\/sport-index.fr\/blog\/#\/schema\/person\/3c864cdc320801e3db34b663e7e3f816\"},\"headline\":\"Brice Dulin envisage la fin de sa carri\u00e8re apr\u00e8s une saison \u00e9prouvante en Top 14\",\"datePublished\":\"2026-06-16T12:55:21+00:00\",\"mainEntityOfPage\":{\"@id\":\"https:\/\/sport-index.fr\/blog\/a-la-une\/brice-dulin-envisage-la-fin-de-sa-carriere-apres-une-saison-eprouvante-en-top-14\/\"},\"wordCount\":935,\"commentCount\":25,\"publisher\":{\"@id\":\"https:\/\/sport-index.fr\/blog\/#organization\"},\"image\":{\"@id\":\"https:\/\/sport-index.fr\/blog\/a-la-une\/brice-dulin-envisage-la-fin-de-sa-carriere-apres-une-saison-eprouvante-en-top-14\/#primaryimage\"},\"thumbnailUrl\":\"https:\/\/sport-index.fr\/blog\/wp-content\/uploads\/2025\/05\/sdxl-092e121b560955724be35d2d1e35b05a-scaled.png\",\"keywords\":[\"Bien-\u00eatre Mental\",\"Gestion Du Stress\",\"Performance\",\"Rugby\",\"XV de France\"],\"articleSection\":[\"\u00c0 la une\"],\"inLanguage\":\"fr-FR\",\"potentialAction\":[{\"@type\":\"CommentAction\",\"name\":\"Comment\",\"target\":[\"https:\/\/sport-index.fr\/blog\/a-la-une\/brice-dulin-envisage-la-fin-de-sa-carriere-apres-une-saison-eprouvante-en-top-14\/#respond\"]}]},{\"@type\":\"WebPage\",\"@id\":\"https:\/\/sport-index.fr\/blog\/a-la-une\/brice-dulin-envisage-la-fin-de-sa-carriere-apres-une-saison-eprouvante-en-top-14\/\",\"url\":\"https:\/\/sport-index.fr\/blog\/a-la-une\/brice-dulin-envisage-la-fin-de-sa-carriere-apres-une-saison-eprouvante-en-top-14\/\",\"name\":\"Brice Dulin envisage la fin de sa carri\u00e8re apr\u00e8s une saison\",\"isPartOf\":{\"@id\":\"https:\/\/sport-index.fr\/blog\/#website\"},\"primaryImageOfPage\":{\"@id\":\"https:\/\/sport-index.fr\/blog\/a-la-une\/brice-dulin-envisage-la-fin-de-sa-carriere-apres-une-saison-eprouvante-en-top-14\/#primaryimage\"},\"image\":{\"@id\":\"https:\/\/sport-index.fr\/blog\/a-la-une\/brice-dulin-envisage-la-fin-de-sa-carriere-apres-une-saison-eprouvante-en-top-14\/#primaryimage\"},\"thumbnailUrl\":\"https:\/\/sport-index.fr\/blog\/wp-content\/uploads\/2025\/05\/sdxl-092e121b560955724be35d2d1e35b05a-scaled.png\",\"datePublished\":\"2026-06-16T12:55:21+00:00\",\"description\":\"Top 14 \u00b7 La Rochelle \u00b7 18 avril 2025 \u00c0 35 ans, l'arri\u00e8re du Stade Rochelais Brice Dulin a confirm\u00e9 en conf\u00e9rence de presse que la saison en cours\u2026\",\"inLanguage\":\"fr-FR\",\"potentialAction\":[{\"@type\":\"ReadAction\",\"target\":[\"https:\/\/sport-index.fr\/blog\/a-la-une\/brice-dulin-envisage-la-fin-de-sa-carriere-apres-une-saison-eprouvante-en-top-14\/\"]}]},{\"@type\":\"ImageObject\",\"inLanguage\":\"fr-FR\",\"@id\":\"https:\/\/sport-index.fr\/blog\/a-la-une\/brice-dulin-envisage-la-fin-de-sa-carriere-apres-une-saison-eprouvante-en-top-14\/#primaryimage\",\"url\":\"https:\/\/sport-index.fr\/blog\/wp-content\/uploads\/2025\/05\/sdxl-092e121b560955724be35d2d1e35b05a-scaled.png\",\"contentUrl\":\"https:\/\/sport-index.fr\/blog\/wp-content\/uploads\/2025\/05\/sdxl-092e121b560955724be35d2d1e35b05a-scaled.png\",\"width\":1200,\"height\":500},{\"@type\":\"WebSite\",\"@id\":\"https:\/\/sport-index.fr\/blog\/#website\",\"url\":\"https:\/\/sport-index.fr\/blog\/\",\"name\":\"sport-index.fr\",\"description\":\"Le score de l\u2019analyse sportive.\",\"publisher\":{\"@id\":\"https:\/\/sport-index.fr\/blog\/#organization\"},\"alternateName\":\"Le score de l\u2019analyse sportive.\",\"potentialAction\":[{\"@type\":\"SearchAction\",\"target\":{\"@type\":\"EntryPoint\",\"urlTemplate\":\"https:\/\/sport-index.fr\/blog\/?s={search_term_string}\"},\"query-input\":{\"@type\":\"PropertyValueSpecification\",\"valueRequired\":true,\"valueName\":\"search_term_string\"}}],\"inLanguage\":\"fr-FR\"},{\"@type\":\"Organization\",\"@id\":\"https:\/\/sport-index.fr\/blog\/#organization\",\"name\":\"Foretsensations.fr\",\"url\":\"https:\/\/sport-index.fr\/blog\/\",\"logo\":{\"@type\":\"ImageObject\",\"inLanguage\":\"fr-FR\",\"@id\":\"https:\/\/sport-index.fr\/blog\/#\/schema\/logo\/image\/\",\"url\":\"https:\/\/sport-index.fr\/blog\/wp-content\/uploads\/2026\/07\/logo-auto.png\",\"contentUrl\":\"https:\/\/sport-index.fr\/blog\/wp-content\/uploads\/2026\/07\/logo-auto.png\",\"width\":1024,\"height\":1024,\"caption\":\"Foretsensations.fr\"},\"image\":{\"@id\":\"https:\/\/sport-index.fr\/blog\/#\/schema\/logo\/image\/\"}},{\"@type\":\"Person\",\"@id\":\"https:\/\/sport-index.fr\/blog\/#\/schema\/person\/3c864cdc320801e3db34b663e7e3f816\",\"name\":\"Axel Lauzier\",\"image\":{\"@type\":\"ImageObject\",\"inLanguage\":\"fr-FR\",\"@id\":\"https:\/\/sport-index.fr\/blog\/#\/schema\/person\/image\/\",\"url\":\"https:\/\/sport-index.fr\/blog\/wp-content\/uploads\/2026\/06\/persona_axel-l-96x96.jpg\",\"contentUrl\":\"https:\/\/sport-index.fr\/blog\/wp-content\/uploads\/2026\/06\/persona_axel-l-96x96.jpg\",\"caption\":\"Axel Lauzier\"},\"description\":\"Le sport rythme mon quotidien depuis l'enfance, et j'en ai fait mon m\u00e9tier d'analyste r\u00e9dactionnel il y a une dizaine d'ann\u00e9es. Je couvre principalement le football, son actualit\u00e9, ses transferts et l'analyse tactique des grandes affiches, mais aussi les disciplines plus confidentielles que j'aime remettre en lumi\u00e8re. Une partie de mon travail porte sur les pronostics et la lecture statistique d'un match : forme des \u00e9quipes, historique des confrontations, compositions, sans jamais vendre de fausse certitude. Je rappelle syst\u00e9matiquement que parier comporte un risque et doit rester un loisir ma\u00eetris\u00e9. Avant de signer une analyse, je v\u00e9rifie mes chiffres, je recoupe les compositions probables et je distingue toujours la donn\u00e9e brute de l'intuition. Mon objectif : offrir une lecture honn\u00eate et argument\u00e9e, pas un ticket gagnant garanti.\",\"sameAs\":[\"https:\/\/axellauzier.fr\/\"],\"url\":\"https:\/\/sport-index.fr\/blog\/auteur\/noname\/\"}]}<\/script>\n<!-- \/ Yoast SEO Premium plugin. -->","yoast_head_json":{"title":"Brice Dulin envisage la fin de sa carri\u00e8re apr\u00e8s une saison","description":"Top 14 \u00b7 La Rochelle \u00b7 18 avril 2025 \u00c0 35 ans, l'arri\u00e8re du Stade Rochelais Brice Dulin a confirm\u00e9 en conf\u00e9rence de presse que la saison en cours\u2026","robots":{"index":"index","follow":"follow","max-snippet":"max-snippet:-1","max-image-preview":"max-image-preview:large","max-video-preview":"max-video-preview:-1"},"canonical":"https:\/\/sport-index.fr\/blog\/a-la-une\/brice-dulin-envisage-la-fin-de-sa-carriere-apres-une-saison-eprouvante-en-top-14\/","og_locale":"fr_FR","og_type":"article","og_title":"Brice Dulin envisage la fin de sa carri\u00e8re apr\u00e8s une saison","og_description":"Top 14 \u00b7 La Rochelle \u00b7 18 avril 2025 \u00c0 35 ans, l'arri\u00e8re du Stade Rochelais Brice Dulin a confirm\u00e9 en conf\u00e9rence de presse que la saison en cours\u2026","og_url":"https:\/\/sport-index.fr\/blog\/a-la-une\/brice-dulin-envisage-la-fin-de-sa-carriere-apres-une-saison-eprouvante-en-top-14\/","og_site_name":"sport-index","author":"Axel Lauzier","twitter_card":"summary_large_image","schema":{"@context":"https:\/\/schema.org","@graph":[{"@type":"NewsArticle","@id":"https:\/\/sport-index.fr\/blog\/a-la-une\/brice-dulin-envisage-la-fin-de-sa-carriere-apres-une-saison-eprouvante-en-top-14\/#article","isPartOf":{"@id":"https:\/\/sport-index.fr\/blog\/a-la-une\/brice-dulin-envisage-la-fin-de-sa-carriere-apres-une-saison-eprouvante-en-top-14\/"},"author":{"name":"Axel Lauzier","@id":"https:\/\/sport-index.fr\/blog\/#\/schema\/person\/3c864cdc320801e3db34b663e7e3f816"},"headline":"Brice Dulin envisage la fin de sa carri\u00e8re apr\u00e8s une saison \u00e9prouvante en Top 14","datePublished":"2026-06-16T12:55:21+00:00","mainEntityOfPage":{"@id":"https:\/\/sport-index.fr\/blog\/a-la-une\/brice-dulin-envisage-la-fin-de-sa-carriere-apres-une-saison-eprouvante-en-top-14\/"},"wordCount":935,"commentCount":25,"publisher":{"@id":"https:\/\/sport-index.fr\/blog\/#organization"},"image":{"@id":"https:\/\/sport-index.fr\/blog\/a-la-une\/brice-dulin-envisage-la-fin-de-sa-carriere-apres-une-saison-eprouvante-en-top-14\/#primaryimage"},"thumbnailUrl":"https:\/\/sport-index.fr\/blog\/wp-content\/uploads\/2025\/05\/sdxl-092e121b560955724be35d2d1e35b05a-scaled.png","keywords":["Bien-\u00eatre Mental","Gestion Du Stress","Performance","Rugby","XV de France"],"articleSection":["\u00c0 la une"],"inLanguage":"fr-FR","potentialAction":[{"@type":"CommentAction","name":"Comment","target":["https:\/\/sport-index.fr\/blog\/a-la-une\/brice-dulin-envisage-la-fin-de-sa-carriere-apres-une-saison-eprouvante-en-top-14\/#respond"]}]},{"@type":"WebPage","@id":"https:\/\/sport-index.fr\/blog\/a-la-une\/brice-dulin-envisage-la-fin-de-sa-carriere-apres-une-saison-eprouvante-en-top-14\/","url":"https:\/\/sport-index.fr\/blog\/a-la-une\/brice-dulin-envisage-la-fin-de-sa-carriere-apres-une-saison-eprouvante-en-top-14\/","name":"Brice Dulin envisage la fin de sa carri\u00e8re apr\u00e8s une saison","isPartOf":{"@id":"https:\/\/sport-index.fr\/blog\/#website"},"primaryImageOfPage":{"@id":"https:\/\/sport-index.fr\/blog\/a-la-une\/brice-dulin-envisage-la-fin-de-sa-carriere-apres-une-saison-eprouvante-en-top-14\/#primaryimage"},"image":{"@id":"https:\/\/sport-index.fr\/blog\/a-la-une\/brice-dulin-envisage-la-fin-de-sa-carriere-apres-une-saison-eprouvante-en-top-14\/#primaryimage"},"thumbnailUrl":"https:\/\/sport-index.fr\/blog\/wp-content\/uploads\/2025\/05\/sdxl-092e121b560955724be35d2d1e35b05a-scaled.png","datePublished":"2026-06-16T12:55:21+00:00","description":"Top 14 \u00b7 La Rochelle \u00b7 18 avril 2025 \u00c0 35 ans, l'arri\u00e8re du Stade Rochelais Brice Dulin a confirm\u00e9 en conf\u00e9rence de presse que la saison en cours\u2026","inLanguage":"fr-FR","potentialAction":[{"@type":"ReadAction","target":["https:\/\/sport-index.fr\/blog\/a-la-une\/brice-dulin-envisage-la-fin-de-sa-carriere-apres-une-saison-eprouvante-en-top-14\/"]}]},{"@type":"ImageObject","inLanguage":"fr-FR","@id":"https:\/\/sport-index.fr\/blog\/a-la-une\/brice-dulin-envisage-la-fin-de-sa-carriere-apres-une-saison-eprouvante-en-top-14\/#primaryimage","url":"https:\/\/sport-index.fr\/blog\/wp-content\/uploads\/2025\/05\/sdxl-092e121b560955724be35d2d1e35b05a-scaled.png","contentUrl":"https:\/\/sport-index.fr\/blog\/wp-content\/uploads\/2025\/05\/sdxl-092e121b560955724be35d2d1e35b05a-scaled.png","width":1200,"height":500},{"@type":"WebSite","@id":"https:\/\/sport-index.fr\/blog\/#website","url":"https:\/\/sport-index.fr\/blog\/","name":"sport-index.fr","description":"Le score de l\u2019analyse sportive.","publisher":{"@id":"https:\/\/sport-index.fr\/blog\/#organization"},"alternateName":"Le score de l\u2019analyse sportive.","potentialAction":[{"@type":"SearchAction","target":{"@type":"EntryPoint","urlTemplate":"https:\/\/sport-index.fr\/blog\/?s={search_term_string}"},"query-input":{"@type":"PropertyValueSpecification","valueRequired":true,"valueName":"search_term_string"}}],"inLanguage":"fr-FR"},{"@type":"Organization","@id":"https:\/\/sport-index.fr\/blog\/#organization","name":"Foretsensations.fr","url":"https:\/\/sport-index.fr\/blog\/","logo":{"@type":"ImageObject","inLanguage":"fr-FR","@id":"https:\/\/sport-index.fr\/blog\/#\/schema\/logo\/image\/","url":"https:\/\/sport-index.fr\/blog\/wp-content\/uploads\/2026\/07\/logo-auto.png","contentUrl":"https:\/\/sport-index.fr\/blog\/wp-content\/uploads\/2026\/07\/logo-auto.png","width":1024,"height":1024,"caption":"Foretsensations.fr"},"image":{"@id":"https:\/\/sport-index.fr\/blog\/#\/schema\/logo\/image\/"}},{"@type":"Person","@id":"https:\/\/sport-index.fr\/blog\/#\/schema\/person\/3c864cdc320801e3db34b663e7e3f816","name":"Axel Lauzier","image":{"@type":"ImageObject","inLanguage":"fr-FR","@id":"https:\/\/sport-index.fr\/blog\/#\/schema\/person\/image\/","url":"https:\/\/sport-index.fr\/blog\/wp-content\/uploads\/2026\/06\/persona_axel-l-96x96.jpg","contentUrl":"https:\/\/sport-index.fr\/blog\/wp-content\/uploads\/2026\/06\/persona_axel-l-96x96.jpg","caption":"Axel Lauzier"},"description":"Le sport rythme mon quotidien depuis l'enfance, et j'en ai fait mon m\u00e9tier d'analyste r\u00e9dactionnel il y a une dizaine d'ann\u00e9es. Je couvre principalement le football, son actualit\u00e9, ses transferts et l'analyse tactique des grandes affiches, mais aussi les disciplines plus confidentielles que j'aime remettre en lumi\u00e8re. Une partie de mon travail porte sur les pronostics et la lecture statistique d'un match : forme des \u00e9quipes, historique des confrontations, compositions, sans jamais vendre de fausse certitude. Je rappelle syst\u00e9matiquement que parier comporte un risque et doit rester un loisir ma\u00eetris\u00e9. Avant de signer une analyse, je v\u00e9rifie mes chiffres, je recoupe les compositions probables et je distingue toujours la donn\u00e9e brute de l'intuition. Mon objectif : offrir une lecture honn\u00eate et argument\u00e9e, pas un ticket gagnant garanti.","sameAs":["https:\/\/axellauzier.fr\/"],"url":"https:\/\/sport-index.fr\/blog\/auteur\/noname\/"}]}},"_links":{"self":[{"href":"https:\/\/sport-index.fr\/blog\/wp-json\/wp\/v2\/posts\/13836","targetHints":{"allow":["GET"]}}],"collection":[{"href":"https:\/\/sport-index.fr\/blog\/wp-json\/wp\/v2\/posts"}],"about":[{"href":"https:\/\/sport-index.fr\/blog\/wp-json\/wp\/v2\/types\/post"}],"author":[{"embeddable":true,"href":"https:\/\/sport-index.fr\/blog\/wp-json\/wp\/v2\/users\/34"}],"replies":[{"embeddable":true,"href":"https:\/\/sport-index.fr\/blog\/wp-json\/wp\/v2\/comments?post=13836"}],"version-history":[{"count":3,"href":"https:\/\/sport-index.fr\/blog\/wp-json\/wp\/v2\/posts\/13836\/revisions"}],"predecessor-version":[{"id":18236,"href":"https:\/\/sport-index.fr\/blog\/wp-json\/wp\/v2\/posts\/13836\/revisions\/18236"}],"wp:featuredmedia":[{"embeddable":true,"href":"https:\/\/sport-index.fr\/blog\/wp-json\/wp\/v2\/media\/15180"}],"wp:attachment":[{"href":"https:\/\/sport-index.fr\/blog\/wp-json\/wp\/v2\/media?parent=13836"}],"wp:term":[{"taxonomy":"category","embeddable":true,"href":"https:\/\/sport-index.fr\/blog\/wp-json\/wp\/v2\/categories?post=13836"},{"taxonomy":"post_tag","embeddable":true,"href":"https:\/\/sport-index.fr\/blog\/wp-json\/wp\/v2\/tags?post=13836"}],"curies":[{"name":"wp","href":"https:\/\/api.w.org\/{rel}","templated":true}]}}