{"id":13873,"date":"2026-09-01T10:16:06","date_gmt":"2026-09-01T08:16:06","guid":{"rendered":"https:\/\/sport-index.fr\/blog\/?p=13873"},"modified":"2026-09-01T10:16:06","modified_gmt":"2026-09-01T08:16:06","slug":"oyonnax-face-a-valence-romans-un-match-crucial-pour-sauver-la-saison","status":"publish","type":"post","link":"https:\/\/sport-index.fr\/blog\/a-la-une\/oyonnax-face-a-valence-romans-un-match-crucial-pour-sauver-la-saison\/","title":{"rendered":"Oyonnax \u2013 Valence Romans (43-17) : le match de Pro D2 du 18 avril 2025"},"content":{"rendered":"<link rel=\"stylesheet\" href=\"https:\/\/fonts.googleapis.com\/css2?family=Newsreader:ital,opsz,wght@0,6..72,500;0,6..72,700;1,6..72,500&#038;family=Inter:wght@400;500;600;700&#038;family=JetBrains+Mono:wght@500&#038;display=swap\">\n<style>\n.sid-actu-wrap{font-family:\"Inter\",Helvetica,Arial,sans-serif;font-size:17px;line-height:1.65;color:#12161b;--sid-a:#b4232e;--sid-ink:#12161b;--sid-mut:#5d6773;--sid-brd:#e4e7ec;}\n.sid-actu-wrap h2{font-family:\"Newsreader\",Georgia,serif;font-weight:700;font-size:clamp(23px,3.1vw,32px);letter-spacing:-.015em;line-height:1.2;margin:46px 0 14px;color:var(--sid-ink);}\n.sid-actu-wrap h3{font-family:\"Newsreader\",Georgia,serif;font-weight:700;font-size:20px;margin:26px 0 8px;color:var(--sid-ink);}\n.sid-actu-wrap p{margin:0 0 16px;}\n.sid-actu-dateline{font-family:\"JetBrains Mono\",ui-monospace,monospace;font-size:12px;font-weight:500;letter-spacing:.08em;text-transform:uppercase;color:var(--sid-a);border-left:3px solid var(--sid-a);padding-left:10px;margin:0 0 16px;}\n.sid-actu-lead{font-family:\"Newsreader\",Georgia,serif;font-size:21px;line-height:1.5;color:#20262e;margin:0 0 26px;}\n.sid-actu-key{background:#fdf5f5;border:1px solid #f0d5d7;border-left:5px solid var(--sid-a);border-radius:12px;padding:22px 24px;margin:26px 0;box-shadow:0 1px 2px rgba(16,24,40,.05),0 12px 28px -18px rgba(16,24,40,.22);}\n.sid-actu-key .sid-actu-kt{font-family:\"JetBrains Mono\",ui-monospace,monospace;font-size:12px;font-weight:500;letter-spacing:.09em;text-transform:uppercase;color:var(--sid-a);margin-bottom:12px;}\n.sid-actu-key ul{margin:0;padding-left:20px;}\n.sid-actu-key li{margin:0 0 8px;}\n.sid-actu-key li::marker{color:var(--sid-a);}\n.sid-actu-score{border:1px solid var(--sid-brd);border-top:3px solid var(--sid-a);border-radius:14px;background:#fff;padding:24px;margin:30px 0;box-shadow:0 1px 2px rgba(16,24,40,.05),0 14px 30px -20px rgba(16,24,40,.25);transition:.25s ease;}\n.sid-actu-score:hover{transform:translateY(-3px);box-shadow:0 2px 4px rgba(16,24,40,.07),0 20px 38px -20px rgba(16,24,40,.3);}\n.sid-actu-score .sid-actu-kt{font-family:\"JetBrains Mono\",ui-monospace,monospace;font-size:12px;letter-spacing:.09em;text-transform:uppercase;color:var(--sid-mut);margin-bottom:14px;}\n.sid-actu-line{display:flex;align-items:baseline;gap:14px;flex-wrap:wrap;font-family:\"Newsreader\",Georgia,serif;font-size:clamp(22px,3.4vw,30px);font-weight:700;line-height:1.2;}\n.sid-actu-num{font-family:\"JetBrains Mono\",ui-monospace,monospace;font-size:clamp(26px,4vw,36px);font-weight:500;color:var(--sid-a);}\n.sid-actu-meta{margin-top:14px;display:grid;grid-template-columns:repeat(auto-fit,minmax(150px,1fr));gap:14px;}\n.sid-actu-cell{border-left:2px solid var(--sid-brd);padding-left:12px;}\n.sid-actu-cell b{display:block;font-family:\"JetBrains Mono\",ui-monospace,monospace;font-size:11px;font-weight:500;letter-spacing:.08em;text-transform:uppercase;color:var(--sid-mut);margin-bottom:3px;}\n.sid-actu-tab{width:100%;border-collapse:collapse;margin:22px 0;font-size:15.5px;border:1px solid var(--sid-brd);border-radius:12px;overflow:hidden;}\n.sid-actu-tab th{background:#f4f5f7;text-align:left;padding:11px 14px;font-size:12px;letter-spacing:.06em;text-transform:uppercase;color:var(--sid-mut);font-family:\"JetBrains Mono\",ui-monospace,monospace;font-weight:500;}\n.sid-actu-tab td{padding:11px 14px;border-top:1px solid var(--sid-brd);}\n.sid-actu-tab tr:nth-child(even) td{background:#fafbfc;}\n.sid-actu-tab td:first-child{font-weight:600;}\n.sid-actu-hold{background:#151a20;color:#eef3f9;border-radius:14px;padding:24px 26px;margin:34px 0;}\n.sid-actu-hold .sid-actu-kt{font-family:\"JetBrains Mono\",ui-monospace,monospace;font-size:12px;letter-spacing:.09em;text-transform:uppercase;color:#f0a3a9!important;margin-bottom:12px;}\n.sid-actu-hold ul{margin:0;padding-left:20px;}\n.sid-actu-hold li{margin:0 0 9px;color:#eef3f9!important;}\n.sid-actu-hold li::marker{color:#f0a3a9;}\n.sid-actu-hold strong{color:#ffffff!important;}\n.sid-actu-faq details{border:1px solid var(--sid-brd);border-radius:10px;padding:14px 18px;margin:0 0 10px;background:#fff;transition:.25s ease;}\n.sid-actu-faq details:hover{border-color:#c9ced6;box-shadow:0 10px 24px -18px rgba(16,24,40,.35);}\n.sid-actu-faq summary{cursor:pointer;font-weight:600;list-style:none;}\n.sid-actu-faq summary::-webkit-details-marker{display:none;}\n.sid-actu-faq summary::before{content:\"\u2192\";color:var(--sid-a);font-weight:700;margin-right:9px;}\n.sid-actu-faq .sid-actu-ans{margin-top:10px;color:#38414c;}\n.sid-actu-src{border:1px solid var(--sid-brd);border-radius:12px;padding:18px 20px;background:#fafbfc;}\n.sid-actu-src .sid-actu-kt{font-family:\"JetBrains Mono\",ui-monospace,monospace;font-size:12px;letter-spacing:.09em;text-transform:uppercase;color:var(--sid-mut);margin-bottom:10px;}\n.sid-actu-src ul{margin:0;padding-left:20px;}\n.sid-actu-src li{margin:0 0 7px;font-size:15.5px;}\n.sid-actu-src a{color:var(--sid-a);text-decoration:underline;text-underline-offset:3px;}\n@media(max-width:640px){.sid-actu-meta{grid-template-columns:1fr;}}\n<\/style>\n<div class=\"sid-actu-wrap\">\n<div class=\"sid-actu-dateline\">Pro D2 \u00b7 27\u1d49 journ\u00e9e \u00b7 Vendredi 18 avril 2025<\/div>\n<div class=\"sid-actu-lead\">Annonc\u00e9e comme un tournant, la r\u00e9ception de Valence Romans par Oyonnax au stade Charles-Mathon a tourn\u00e9 \u00e0 la d\u00e9monstration. Voici ce que le match a r\u00e9ellement donn\u00e9, ce qu&rsquo;il pesait au classement, et comment la saison 2024-2025 de Pro D2 s&rsquo;est termin\u00e9e pour les deux clubs.<\/div>\n<div class=\"sid-actu-key\">\n<div class=\"sid-actu-kt\">L&rsquo;essentiel<\/div>\n<ul>\n<li><strong>Quoi<\/strong> \u2014 Oyonnax Rugby a battu Valence Romans Dr\u00f4me Ard\u00e8che <strong>43 \u00e0 17<\/strong>, avec le bonus offensif (5 essais \u00e0 2).<\/li>\n<li><strong>Quand et o\u00f9<\/strong> \u2014 le vendredi 18 avril 2025, au stade Charles-Mathon d&rsquo;Oyonnax, lors de la 27\u1d49 journ\u00e9e de Pro D2.<\/li>\n<li><strong>Pourquoi \u00e7a compte<\/strong> \u2014 c&rsquo;\u00e9tait l&rsquo;une des derni\u00e8res fen\u00eatres d&rsquo;Oyonnax pour rester dans la course au top 6. Elle s&rsquo;est referm\u00e9e quand m\u00eame.<\/li>\n<\/ul>\n<\/div>\n<div class=\"sid-actu-score\">\n<div class=\"sid-actu-kt\">Feuille de match<\/div>\n<div class=\"sid-actu-line\"><span>Oyonnax<\/span> <span class=\"sid-actu-num\">43 \u2013 17<\/span> <span>Valence Romans<\/span><\/div>\n<div class=\"sid-actu-meta\">\n<div class=\"sid-actu-cell\"><b>Essais<\/b>5 \u2013 2<\/div>\n<div class=\"sid-actu-cell\"><b>Comp\u00e9tition<\/b>Pro D2, 27\u1d49 journ\u00e9e<\/div>\n<div class=\"sid-actu-cell\"><b>Stade<\/b>Charles-Mathon, Oyonnax<\/div>\n<div class=\"sid-actu-cell\"><b>Arbitre<\/b>M. Lac<\/div>\n<\/div>\n<\/div>\n<h2>L&rsquo;enjeu r\u00e9el pour Oyonnax<\/h2>\n<p>Descendu du Top 14 \u00e0 l&rsquo;issue de la saison 2023-2024, Oyonnax abordait cette fin de championnat avec une marge de man\u0153uvre \u00e9troite. \u00c0 l&rsquo;issue de la 26\u1d49 journ\u00e9e, le club de l&rsquo;Ain occupait la <strong>13\u1d49 place<\/strong> du classement de Pro D2 : loin des six premiers qualifi\u00e9s pour la phase finale, mais \u00e9galement loin de la zone dangereuse, o\u00f9 le Stade ni\u00e7ois \u00e9tait d\u00e9j\u00e0 d\u00e9croch\u00e9.<\/p>\n<p>L&rsquo;enjeu de ce vendredi soir n&rsquo;\u00e9tait donc pas la survie du club en Pro D2, contrairement \u00e0 ce que laissait entendre l&#8217;emballage m\u00e9diatique de la rencontre. Il \u00e9tait plus simple, et plus cruel : \u00e0 quatre journ\u00e9es du terme, seule une s\u00e9rie sans faute pouvait encore rattacher Oyonnax au wagon des barragistes. La victoire \u00e9tait imp\u00e9rative pour que le calcul reste ouvert.<\/p>\n<h2>Valence Romans, un adversaire annonc\u00e9 redoutable<\/h2>\n<p>Sur le papier, Valence Romans Dr\u00f4me Ard\u00e8che arrivait dans l&rsquo;Ain avec de meilleurs arguments comptables : le club dr\u00f4mois \u00e9tait alors <strong>9\u1d49<\/strong>, soit quatre rangs devant son h\u00f4te.<\/p>\n<p>Le terrain a balay\u00e9 les pronostics. Les Oyonnaxiens ont pris le match \u00e0 leur compte, inscrit cinq essais contre deux et empoch\u00e9 le point de bonus offensif. Le contraste entre l&rsquo;affiche annonc\u00e9e serr\u00e9e et l&rsquo;\u00e9cart final de vingt-six points reste l&rsquo;un des enseignements de cette 27\u1d49 journ\u00e9e.<\/p>\n<h2>Une rencontre \u00e0 sens unique<\/h2>\n<p>Avec 43 points inscrits pour 17 encaiss\u00e9s, Oyonnax a sign\u00e9 l&rsquo;une de ses sorties les plus abouties de la phase r\u00e9guli\u00e8re \u00e0 domicile. Le bonus offensif est venu r\u00e9compenser une domination nette, et non un sc\u00e9nario disput\u00e9 jusqu&rsquo;\u00e0 la sir\u00e8ne comme le laissait pr\u00e9sager l&rsquo;avant-match.<\/p>\n<h2>Contexte : o\u00f9 en \u00e9taient les deux clubs<\/h2>\n<table class=\"sid-actu-tab\">\n<tr>\n<th>Club<\/th>\n<th>Avant la 27\u1d49 journ\u00e9e<\/th>\n<th>Classement final 2024-2025<\/th>\n<th>Points<\/th>\n<\/tr>\n<tr>\n<td>Oyonnax Rugby<\/td>\n<td>13\u1d49<\/td>\n<td>12\u1d49<\/td>\n<td>61<\/td>\n<\/tr>\n<tr>\n<td>Valence Romans DR<\/td>\n<td>9\u1d49<\/td>\n<td>8\u1d49<\/td>\n<td>64<\/td>\n<\/tr>\n<\/table>\n<p>Aucun des deux clubs n&rsquo;a atteint la phase finale, r\u00e9serv\u00e9e aux six premiers. En haut du tableau, Grenoble a termin\u00e9 leader de la saison r\u00e9guli\u00e8re avec 98 points, devant Brive (94) et Colomiers (86).<\/p>\n<h2>Ce que \u00e7a a chang\u00e9 : le bilan de la saison<\/h2>\n<p>Oyonnax a boucl\u00e9 l&rsquo;exercice 2024-2025 \u00e0 la <strong>12\u1d49 place<\/strong> avec 61 points, sans jamais disputer le maintien : la rel\u00e9gation en Nationale a frapp\u00e9 le Stade ni\u00e7ois, dernier avec 35 points, tandis que le Stade aurillacois, 15\u1d49, a conserv\u00e9 sa place en s&rsquo;imposant 45-15 \u00e0 Chamb\u00e9ry lors du barrage d&rsquo;accession du 1er juin 2025.<\/p>\n<p>Valence Romans a termin\u00e9 <strong>8\u1d49<\/strong> avec 64 points, \u00e0 treize longueurs du sixi\u00e8me qualifi\u00e9. Le titre est revenu \u00e0 l&rsquo;US Montauban, vainqueur de Grenoble 24-19 en finale le 7 juin 2025 et promue en Top 14. Grenoble a laiss\u00e9 passer sa seconde chance en s&rsquo;inclinant 13-11 devant Perpignan lors du barrage d&rsquo;accession du 14 juin, devant 19 695 spectateurs au Stade des Alpes.<\/p>\n<div class=\"sid-actu-hold\">\n<div class=\"sid-actu-kt\">\u00c0 retenir<\/div>\n<ul>\n<li><strong>Oyonnax 43 \u2013 17 Valence Romans<\/strong>, 5 essais \u00e0 2, avec bonus offensif pour les Aindinois.<\/li>\n<li>Match jou\u00e9 le <strong>vendredi 18 avril 2025<\/strong> au stade Charles-Mathon, en 27\u1d49 journ\u00e9e de Pro D2.<\/li>\n<li>Il ne s&rsquo;agissait <strong>pas<\/strong> d&rsquo;un match de maintien : Oyonnax n&rsquo;a jamais figur\u00e9 dans la zone de rel\u00e9gation cette saison-l\u00e0.<\/li>\n<li>Bilan final : Oyonnax <strong>12\u1d49<\/strong> (61 pts), Valence Romans <strong>8\u1d49<\/strong> (64 pts), aucun des deux en phase finale.<\/li>\n<li>Montauban est mont\u00e9 en Top 14 ; Nice, dernier, est descendu en Nationale.<\/li>\n<\/ul>\n<\/div>\n<h2>Questions fr\u00e9quentes<\/h2>\n<div class=\"sid-actu-faq\">\n<details>\n<summary>Quel a \u00e9t\u00e9 le score d&rsquo;Oyonnax \u2013 Valence Romans le 18 avril 2025 ?<\/summary>\n<div class=\"sid-actu-ans\">Oyonnax s&rsquo;est impos\u00e9 43-17, avec cinq essais marqu\u00e9s contre deux, ce qui lui a valu le point de bonus offensif.<\/div>\n<\/details>\n<details>\n<summary>De quel sport et de quelle comp\u00e9tition s&rsquo;agit-il ?<\/summary>\n<div class=\"sid-actu-ans\">De rugby \u00e0 XV, dans le cadre de la 27\u1d49 journ\u00e9e de Pro D2, le championnat de France professionnel de deuxi\u00e8me division, saison 2024-2025.<\/div>\n<\/details>\n<details>\n<summary>Oyonnax jouait-il son maintien lors de ce match ?<\/summary>\n<div class=\"sid-actu-ans\">Non. \u00c0 cette date, Oyonnax se situait en milieu de tableau, loin des deux derni\u00e8res places, seules concern\u00e9es par la rel\u00e9gation et le barrage d&rsquo;accession.<\/div>\n<\/details>\n<details>\n<summary>Oyonnax est-il remont\u00e9 en Top 14 \u00e0 l&rsquo;issue de la saison ?<\/summary>\n<div class=\"sid-actu-ans\">Non. Oyonnax a termin\u00e9 12\u1d49 de la saison r\u00e9guli\u00e8re et n&rsquo;a pas disput\u00e9 la phase finale. La mont\u00e9e est revenue \u00e0 l&rsquo;US Montauban, victorieuse de Grenoble 24-19 en finale le 7 juin 2025.<\/div>\n<\/details>\n<details>\n<summary>O\u00f9 se joue le match \u00e0 Oyonnax ?<\/summary>\n<div class=\"sid-actu-ans\">Au stade Charles-Mathon, \u00e0 Oyonnax, dont la capacit\u00e9 est de 11 150 places.<\/div>\n<\/details>\n<\/div>\n<h2>Ressources externes<\/h2>\n<div class=\"sid-actu-src\">\n<div class=\"sid-actu-kt\">Sources consult\u00e9es<\/div>\n<ul>\n<li><a href=\"https:\/\/fr.wikipedia.org\/wiki\/Championnat_de_France_de_rugby_%C3%A0_XV_de_2e_division_2024-2025\" target=\"_blank\" rel=\"nofollow noopener\">Championnat de France de rugby \u00e0 XV de 2\u1d49 division 2024-2025<\/a> \u2014 r\u00e9sultats journ\u00e9e par journ\u00e9e, classement final et barrages.<\/li>\n<li><a href=\"https:\/\/www.rugbyrama.fr\/2025\/04\/18\/direct-pro-d2-oyonnax-valence-romans-oyonnax-doit-se-reveiller-face-a-valence-suivez-la-rencontre-de-la-27e-journee-12644674.php\" target=\"_blank\" rel=\"nofollow noopener\">Rugbyrama \u2014 Oyonnax \u2013 Valence Romans, 27\u1d49 journ\u00e9e de Pro D2<\/a> \u2014 direct du 18 avril 2025.<\/li>\n<\/ul>\n<\/div>\n<\/div>\n","protected":false},"excerpt":{"rendered":"","protected":false},"author":34,"featured_media":15742,"comment_status":"open","ping_status":"open","sticky":false,"template":"","format":"standard","meta":{"_acf_changed":false,"manual_indexmenow":false,"indexmenow_id_project":0,"footnotes":""},"categories":[1],"tags":[4585,4745,4898,4543,4693],"class_list":["post-13873","post","type-post","status-publish","format-standard","has-post-thumbnail","hentry","category-a-la-une","tag-cohesion-dequipe","tag-competition","tag-gestion-du-stress","tag-performance","tag-pro-d2","generate-columns","tablet-grid-50","mobile-grid-100","grid-parent","grid-25"],"acf":[],"yoast_head":"<!-- This site is optimized with the Yoast SEO Premium plugin v21.3 (Yoast SEO v26.5) - https:\/\/yoast.com\/wordpress\/plugins\/seo\/ -->\n<title>Oyonnax \u2013 Valence Romans 43-17 : r\u00e9sum\u00e9 et classement Pro D2<\/title>\n<meta name=\"description\" content=\"Oyonnax a battu Valence Romans 43-17 avec le bonus offensif le 18 avril 2025, en 27e journ\u00e9e de Pro D2. R\u00e9sultat, contexte et bilan de la saison 2024-2025.\" \/>\n<meta name=\"robots\" content=\"index, follow, max-snippet:-1, max-image-preview:large, max-video-preview:-1\" \/>\n<link rel=\"canonical\" href=\"https:\/\/sport-index.fr\/blog\/a-la-une\/oyonnax-face-a-valence-romans-un-match-crucial-pour-sauver-la-saison\/\" \/>\n<meta property=\"og:locale\" content=\"fr_FR\" \/>\n<meta property=\"og:type\" content=\"article\" \/>\n<meta property=\"og:title\" content=\"Oyonnax \u2013 Valence Romans 43-17 : r\u00e9sum\u00e9 et classement Pro D2\" \/>\n<meta property=\"og:description\" content=\"Oyonnax a battu Valence Romans 43-17 avec le bonus offensif le 18 avril 2025, en 27e journ\u00e9e de Pro D2. R\u00e9sultat, contexte et bilan de la saison 2024-2025.\" \/>\n<meta property=\"og:url\" content=\"https:\/\/sport-index.fr\/blog\/a-la-une\/oyonnax-face-a-valence-romans-un-match-crucial-pour-sauver-la-saison\/\" \/>\n<meta property=\"og:site_name\" content=\"sport-index\" \/>\n<meta property=\"og:image\" content=\"https:\/\/sport-index.fr\/blog\/wp-content\/uploads\/2025\/05\/sdxl-c84bb08179d1b6bd54431fe42b3c7159-scaled.png\" \/>\n\t<meta property=\"og:image:width\" content=\"1200\" \/>\n\t<meta property=\"og:image:height\" content=\"500\" \/>\n\t<meta property=\"og:image:type\" content=\"image\/png\" \/>\n<meta name=\"author\" content=\"Axel Lauzier\" \/>\n<meta name=\"twitter:card\" content=\"summary_large_image\" \/>\n<script type=\"application\/ld+json\" class=\"yoast-schema-graph\">{\"@context\":\"https:\/\/schema.org\",\"@graph\":[{\"@type\":\"NewsArticle\",\"@id\":\"https:\/\/sport-index.fr\/blog\/a-la-une\/oyonnax-face-a-valence-romans-un-match-crucial-pour-sauver-la-saison\/#article\",\"isPartOf\":{\"@id\":\"https:\/\/sport-index.fr\/blog\/a-la-une\/oyonnax-face-a-valence-romans-un-match-crucial-pour-sauver-la-saison\/\"},\"author\":{\"name\":\"Axel Lauzier\",\"@id\":\"https:\/\/sport-index.fr\/blog\/#\/schema\/person\/3c864cdc320801e3db34b663e7e3f816\"},\"headline\":\"Oyonnax \u2013 Valence Romans (43-17) : le match de Pro D2 du 18 avril 2025\",\"datePublished\":\"2026-09-01T08:16:06+00:00\",\"mainEntityOfPage\":{\"@id\":\"https:\/\/sport-index.fr\/blog\/a-la-une\/oyonnax-face-a-valence-romans-un-match-crucial-pour-sauver-la-saison\/\"},\"wordCount\":885,\"commentCount\":20,\"publisher\":{\"@id\":\"https:\/\/sport-index.fr\/blog\/#organization\"},\"image\":{\"@id\":\"https:\/\/sport-index.fr\/blog\/a-la-une\/oyonnax-face-a-valence-romans-un-match-crucial-pour-sauver-la-saison\/#primaryimage\"},\"thumbnailUrl\":\"https:\/\/sport-index.fr\/blog\/wp-content\/uploads\/2025\/05\/sdxl-c84bb08179d1b6bd54431fe42b3c7159-scaled.png\",\"keywords\":[\"Coh\u00e9sion d'\u00c9quipe\",\"Comp\u00e9tition\",\"Gestion Du Stress\",\"Performance\",\"Pro D2\"],\"articleSection\":[\"\u00c0 la une\"],\"inLanguage\":\"fr-FR\",\"potentialAction\":[{\"@type\":\"CommentAction\",\"name\":\"Comment\",\"target\":[\"https:\/\/sport-index.fr\/blog\/a-la-une\/oyonnax-face-a-valence-romans-un-match-crucial-pour-sauver-la-saison\/#respond\"]}]},{\"@type\":\"WebPage\",\"@id\":\"https:\/\/sport-index.fr\/blog\/a-la-une\/oyonnax-face-a-valence-romans-un-match-crucial-pour-sauver-la-saison\/\",\"url\":\"https:\/\/sport-index.fr\/blog\/a-la-une\/oyonnax-face-a-valence-romans-un-match-crucial-pour-sauver-la-saison\/\",\"name\":\"Oyonnax \u2013 Valence Romans 43-17 : r\u00e9sum\u00e9 et classement Pro D2\",\"isPartOf\":{\"@id\":\"https:\/\/sport-index.fr\/blog\/#website\"},\"primaryImageOfPage\":{\"@id\":\"https:\/\/sport-index.fr\/blog\/a-la-une\/oyonnax-face-a-valence-romans-un-match-crucial-pour-sauver-la-saison\/#primaryimage\"},\"image\":{\"@id\":\"https:\/\/sport-index.fr\/blog\/a-la-une\/oyonnax-face-a-valence-romans-un-match-crucial-pour-sauver-la-saison\/#primaryimage\"},\"thumbnailUrl\":\"https:\/\/sport-index.fr\/blog\/wp-content\/uploads\/2025\/05\/sdxl-c84bb08179d1b6bd54431fe42b3c7159-scaled.png\",\"datePublished\":\"2026-09-01T08:16:06+00:00\",\"description\":\"Oyonnax a battu Valence Romans 43-17 avec le bonus offensif le 18 avril 2025, en 27e journ\u00e9e de Pro D2. R\u00e9sultat, contexte et bilan de la saison 2024-2025.\",\"inLanguage\":\"fr-FR\",\"potentialAction\":[{\"@type\":\"ReadAction\",\"target\":[\"https:\/\/sport-index.fr\/blog\/a-la-une\/oyonnax-face-a-valence-romans-un-match-crucial-pour-sauver-la-saison\/\"]}]},{\"@type\":\"ImageObject\",\"inLanguage\":\"fr-FR\",\"@id\":\"https:\/\/sport-index.fr\/blog\/a-la-une\/oyonnax-face-a-valence-romans-un-match-crucial-pour-sauver-la-saison\/#primaryimage\",\"url\":\"https:\/\/sport-index.fr\/blog\/wp-content\/uploads\/2025\/05\/sdxl-c84bb08179d1b6bd54431fe42b3c7159-scaled.png\",\"contentUrl\":\"https:\/\/sport-index.fr\/blog\/wp-content\/uploads\/2025\/05\/sdxl-c84bb08179d1b6bd54431fe42b3c7159-scaled.png\",\"width\":1200,\"height\":500},{\"@type\":\"WebSite\",\"@id\":\"https:\/\/sport-index.fr\/blog\/#website\",\"url\":\"https:\/\/sport-index.fr\/blog\/\",\"name\":\"sport-index.fr\",\"description\":\"Le score de l\u2019analyse sportive.\",\"publisher\":{\"@id\":\"https:\/\/sport-index.fr\/blog\/#organization\"},\"alternateName\":\"Le score de l\u2019analyse sportive.\",\"potentialAction\":[{\"@type\":\"SearchAction\",\"target\":{\"@type\":\"EntryPoint\",\"urlTemplate\":\"https:\/\/sport-index.fr\/blog\/?s={search_term_string}\"},\"query-input\":{\"@type\":\"PropertyValueSpecification\",\"valueRequired\":true,\"valueName\":\"search_term_string\"}}],\"inLanguage\":\"fr-FR\"},{\"@type\":\"Organization\",\"@id\":\"https:\/\/sport-index.fr\/blog\/#organization\",\"name\":\"Foretsensations.fr\",\"url\":\"https:\/\/sport-index.fr\/blog\/\",\"logo\":{\"@type\":\"ImageObject\",\"inLanguage\":\"fr-FR\",\"@id\":\"https:\/\/sport-index.fr\/blog\/#\/schema\/logo\/image\/\",\"url\":\"https:\/\/sport-index.fr\/blog\/wp-content\/uploads\/2026\/07\/logo-auto.png\",\"contentUrl\":\"https:\/\/sport-index.fr\/blog\/wp-content\/uploads\/2026\/07\/logo-auto.png\",\"width\":1024,\"height\":1024,\"caption\":\"Foretsensations.fr\"},\"image\":{\"@id\":\"https:\/\/sport-index.fr\/blog\/#\/schema\/logo\/image\/\"}},{\"@type\":\"Person\",\"@id\":\"https:\/\/sport-index.fr\/blog\/#\/schema\/person\/3c864cdc320801e3db34b663e7e3f816\",\"name\":\"Axel Lauzier\",\"image\":{\"@type\":\"ImageObject\",\"inLanguage\":\"fr-FR\",\"@id\":\"https:\/\/sport-index.fr\/blog\/#\/schema\/person\/image\/\",\"url\":\"https:\/\/sport-index.fr\/blog\/wp-content\/uploads\/2026\/06\/persona_axel-l-96x96.jpg\",\"contentUrl\":\"https:\/\/sport-index.fr\/blog\/wp-content\/uploads\/2026\/06\/persona_axel-l-96x96.jpg\",\"caption\":\"Axel Lauzier\"},\"description\":\"Le sport rythme mon quotidien depuis l'enfance, et j'en ai fait mon m\u00e9tier d'analyste r\u00e9dactionnel il y a une dizaine d'ann\u00e9es. Je couvre principalement le football, son actualit\u00e9, ses transferts et l'analyse tactique des grandes affiches, mais aussi les disciplines plus confidentielles que j'aime remettre en lumi\u00e8re. Une partie de mon travail porte sur les pronostics et la lecture statistique d'un match : forme des \u00e9quipes, historique des confrontations, compositions, sans jamais vendre de fausse certitude. Je rappelle syst\u00e9matiquement que parier comporte un risque et doit rester un loisir ma\u00eetris\u00e9. Avant de signer une analyse, je v\u00e9rifie mes chiffres, je recoupe les compositions probables et je distingue toujours la donn\u00e9e brute de l'intuition. Mon objectif : offrir une lecture honn\u00eate et argument\u00e9e, pas un ticket gagnant garanti.\",\"sameAs\":[\"https:\/\/axellauzier.fr\/\"],\"url\":\"https:\/\/sport-index.fr\/blog\/auteur\/noname\/\"}]}<\/script>\n<!-- \/ Yoast SEO Premium plugin. -->","yoast_head_json":{"title":"Oyonnax \u2013 Valence Romans 43-17 : r\u00e9sum\u00e9 et classement Pro D2","description":"Oyonnax a battu Valence Romans 43-17 avec le bonus offensif le 18 avril 2025, en 27e journ\u00e9e de Pro D2. R\u00e9sultat, contexte et bilan de la saison 2024-2025.","robots":{"index":"index","follow":"follow","max-snippet":"max-snippet:-1","max-image-preview":"max-image-preview:large","max-video-preview":"max-video-preview:-1"},"canonical":"https:\/\/sport-index.fr\/blog\/a-la-une\/oyonnax-face-a-valence-romans-un-match-crucial-pour-sauver-la-saison\/","og_locale":"fr_FR","og_type":"article","og_title":"Oyonnax \u2013 Valence Romans 43-17 : r\u00e9sum\u00e9 et classement Pro D2","og_description":"Oyonnax a battu Valence Romans 43-17 avec le bonus offensif le 18 avril 2025, en 27e journ\u00e9e de Pro D2. R\u00e9sultat, contexte et bilan de la saison 2024-2025.","og_url":"https:\/\/sport-index.fr\/blog\/a-la-une\/oyonnax-face-a-valence-romans-un-match-crucial-pour-sauver-la-saison\/","og_site_name":"sport-index","og_image":[{"width":1200,"height":500,"url":"https:\/\/sport-index.fr\/blog\/wp-content\/uploads\/2025\/05\/sdxl-c84bb08179d1b6bd54431fe42b3c7159-scaled.png","type":"image\/png"}],"author":"Axel Lauzier","twitter_card":"summary_large_image","schema":{"@context":"https:\/\/schema.org","@graph":[{"@type":"NewsArticle","@id":"https:\/\/sport-index.fr\/blog\/a-la-une\/oyonnax-face-a-valence-romans-un-match-crucial-pour-sauver-la-saison\/#article","isPartOf":{"@id":"https:\/\/sport-index.fr\/blog\/a-la-une\/oyonnax-face-a-valence-romans-un-match-crucial-pour-sauver-la-saison\/"},"author":{"name":"Axel Lauzier","@id":"https:\/\/sport-index.fr\/blog\/#\/schema\/person\/3c864cdc320801e3db34b663e7e3f816"},"headline":"Oyonnax \u2013 Valence Romans (43-17) : le match de Pro D2 du 18 avril 2025","datePublished":"2026-09-01T08:16:06+00:00","mainEntityOfPage":{"@id":"https:\/\/sport-index.fr\/blog\/a-la-une\/oyonnax-face-a-valence-romans-un-match-crucial-pour-sauver-la-saison\/"},"wordCount":885,"commentCount":20,"publisher":{"@id":"https:\/\/sport-index.fr\/blog\/#organization"},"image":{"@id":"https:\/\/sport-index.fr\/blog\/a-la-une\/oyonnax-face-a-valence-romans-un-match-crucial-pour-sauver-la-saison\/#primaryimage"},"thumbnailUrl":"https:\/\/sport-index.fr\/blog\/wp-content\/uploads\/2025\/05\/sdxl-c84bb08179d1b6bd54431fe42b3c7159-scaled.png","keywords":["Coh\u00e9sion d'\u00c9quipe","Comp\u00e9tition","Gestion Du Stress","Performance","Pro D2"],"articleSection":["\u00c0 la une"],"inLanguage":"fr-FR","potentialAction":[{"@type":"CommentAction","name":"Comment","target":["https:\/\/sport-index.fr\/blog\/a-la-une\/oyonnax-face-a-valence-romans-un-match-crucial-pour-sauver-la-saison\/#respond"]}]},{"@type":"WebPage","@id":"https:\/\/sport-index.fr\/blog\/a-la-une\/oyonnax-face-a-valence-romans-un-match-crucial-pour-sauver-la-saison\/","url":"https:\/\/sport-index.fr\/blog\/a-la-une\/oyonnax-face-a-valence-romans-un-match-crucial-pour-sauver-la-saison\/","name":"Oyonnax \u2013 Valence Romans 43-17 : r\u00e9sum\u00e9 et classement Pro D2","isPartOf":{"@id":"https:\/\/sport-index.fr\/blog\/#website"},"primaryImageOfPage":{"@id":"https:\/\/sport-index.fr\/blog\/a-la-une\/oyonnax-face-a-valence-romans-un-match-crucial-pour-sauver-la-saison\/#primaryimage"},"image":{"@id":"https:\/\/sport-index.fr\/blog\/a-la-une\/oyonnax-face-a-valence-romans-un-match-crucial-pour-sauver-la-saison\/#primaryimage"},"thumbnailUrl":"https:\/\/sport-index.fr\/blog\/wp-content\/uploads\/2025\/05\/sdxl-c84bb08179d1b6bd54431fe42b3c7159-scaled.png","datePublished":"2026-09-01T08:16:06+00:00","description":"Oyonnax a battu Valence Romans 43-17 avec le bonus offensif le 18 avril 2025, en 27e journ\u00e9e de Pro D2. R\u00e9sultat, contexte et bilan de la saison 2024-2025.","inLanguage":"fr-FR","potentialAction":[{"@type":"ReadAction","target":["https:\/\/sport-index.fr\/blog\/a-la-une\/oyonnax-face-a-valence-romans-un-match-crucial-pour-sauver-la-saison\/"]}]},{"@type":"ImageObject","inLanguage":"fr-FR","@id":"https:\/\/sport-index.fr\/blog\/a-la-une\/oyonnax-face-a-valence-romans-un-match-crucial-pour-sauver-la-saison\/#primaryimage","url":"https:\/\/sport-index.fr\/blog\/wp-content\/uploads\/2025\/05\/sdxl-c84bb08179d1b6bd54431fe42b3c7159-scaled.png","contentUrl":"https:\/\/sport-index.fr\/blog\/wp-content\/uploads\/2025\/05\/sdxl-c84bb08179d1b6bd54431fe42b3c7159-scaled.png","width":1200,"height":500},{"@type":"WebSite","@id":"https:\/\/sport-index.fr\/blog\/#website","url":"https:\/\/sport-index.fr\/blog\/","name":"sport-index.fr","description":"Le score de l\u2019analyse sportive.","publisher":{"@id":"https:\/\/sport-index.fr\/blog\/#organization"},"alternateName":"Le score de l\u2019analyse sportive.","potentialAction":[{"@type":"SearchAction","target":{"@type":"EntryPoint","urlTemplate":"https:\/\/sport-index.fr\/blog\/?s={search_term_string}"},"query-input":{"@type":"PropertyValueSpecification","valueRequired":true,"valueName":"search_term_string"}}],"inLanguage":"fr-FR"},{"@type":"Organization","@id":"https:\/\/sport-index.fr\/blog\/#organization","name":"Foretsensations.fr","url":"https:\/\/sport-index.fr\/blog\/","logo":{"@type":"ImageObject","inLanguage":"fr-FR","@id":"https:\/\/sport-index.fr\/blog\/#\/schema\/logo\/image\/","url":"https:\/\/sport-index.fr\/blog\/wp-content\/uploads\/2026\/07\/logo-auto.png","contentUrl":"https:\/\/sport-index.fr\/blog\/wp-content\/uploads\/2026\/07\/logo-auto.png","width":1024,"height":1024,"caption":"Foretsensations.fr"},"image":{"@id":"https:\/\/sport-index.fr\/blog\/#\/schema\/logo\/image\/"}},{"@type":"Person","@id":"https:\/\/sport-index.fr\/blog\/#\/schema\/person\/3c864cdc320801e3db34b663e7e3f816","name":"Axel Lauzier","image":{"@type":"ImageObject","inLanguage":"fr-FR","@id":"https:\/\/sport-index.fr\/blog\/#\/schema\/person\/image\/","url":"https:\/\/sport-index.fr\/blog\/wp-content\/uploads\/2026\/06\/persona_axel-l-96x96.jpg","contentUrl":"https:\/\/sport-index.fr\/blog\/wp-content\/uploads\/2026\/06\/persona_axel-l-96x96.jpg","caption":"Axel Lauzier"},"description":"Le sport rythme mon quotidien depuis l'enfance, et j'en ai fait mon m\u00e9tier d'analyste r\u00e9dactionnel il y a une dizaine d'ann\u00e9es. Je couvre principalement le football, son actualit\u00e9, ses transferts et l'analyse tactique des grandes affiches, mais aussi les disciplines plus confidentielles que j'aime remettre en lumi\u00e8re. Une partie de mon travail porte sur les pronostics et la lecture statistique d'un match : forme des \u00e9quipes, historique des confrontations, compositions, sans jamais vendre de fausse certitude. Je rappelle syst\u00e9matiquement que parier comporte un risque et doit rester un loisir ma\u00eetris\u00e9. Avant de signer une analyse, je v\u00e9rifie mes chiffres, je recoupe les compositions probables et je distingue toujours la donn\u00e9e brute de l'intuition. Mon objectif : offrir une lecture honn\u00eate et argument\u00e9e, pas un ticket gagnant garanti.","sameAs":["https:\/\/axellauzier.fr\/"],"url":"https:\/\/sport-index.fr\/blog\/auteur\/noname\/"}]}},"_links":{"self":[{"href":"https:\/\/sport-index.fr\/blog\/wp-json\/wp\/v2\/posts\/13873","targetHints":{"allow":["GET"]}}],"collection":[{"href":"https:\/\/sport-index.fr\/blog\/wp-json\/wp\/v2\/posts"}],"about":[{"href":"https:\/\/sport-index.fr\/blog\/wp-json\/wp\/v2\/types\/post"}],"author":[{"embeddable":true,"href":"https:\/\/sport-index.fr\/blog\/wp-json\/wp\/v2\/users\/34"}],"replies":[{"embeddable":true,"href":"https:\/\/sport-index.fr\/blog\/wp-json\/wp\/v2\/comments?post=13873"}],"version-history":[{"count":2,"href":"https:\/\/sport-index.fr\/blog\/wp-json\/wp\/v2\/posts\/13873\/revisions"}],"predecessor-version":[{"id":18332,"href":"https:\/\/sport-index.fr\/blog\/wp-json\/wp\/v2\/posts\/13873\/revisions\/18332"}],"wp:featuredmedia":[{"embeddable":true,"href":"https:\/\/sport-index.fr\/blog\/wp-json\/wp\/v2\/media\/15742"}],"wp:attachment":[{"href":"https:\/\/sport-index.fr\/blog\/wp-json\/wp\/v2\/media?parent=13873"}],"wp:term":[{"taxonomy":"category","embeddable":true,"href":"https:\/\/sport-index.fr\/blog\/wp-json\/wp\/v2\/categories?post=13873"},{"taxonomy":"post_tag","embeddable":true,"href":"https:\/\/sport-index.fr\/blog\/wp-json\/wp\/v2\/tags?post=13873"}],"curies":[{"name":"wp","href":"https:\/\/api.w.org\/{rel}","templated":true}]}}