{"id":14006,"date":"2025-04-20T16:29:09","date_gmt":"2025-04-20T14:29:09","guid":{"rendered":"https:\/\/sport-index.fr\/blog\/?p=14006"},"modified":"2025-04-20T13:15:39","modified_gmt":"2025-04-20T11:15:39","slug":"mateo-garcia-saffirme-avec-bordeaux-begles-un-avenir-prometteur-en-top-14","status":"publish","type":"post","link":"https:\/\/sport-index.fr\/blog\/a-la-une\/mateo-garcia-saffirme-avec-bordeaux-begles-un-avenir-prometteur-en-top-14\/","title":{"rendered":"Mateo Garcia s&rsquo;affirme avec Bordeaux-B\u00e8gles : un avenir prometteur en Top 14"},"content":{"rendered":"<h2>Un match d\u00e9cisif pour l&rsquo;Union Bordeaux-B\u00e8gles<\/h2>\n<p>Mateo Garcia, joueur talentueux de 22 ans, a marqu\u00e9 les esprits en r\u00e9alisant la p\u00e9nalit\u00e9 d\u00e9cisive \u00e0 la 79e minute. Sa capacit\u00e9 \u00e0 prendre ses responsabilit\u00e9s sous pression t\u00e9moigne de son potentiel et de son engagement envers l&rsquo;\u00e9quipe.<\/p>\n<p>Non seulement cette victoire a permis \u00e0 l&rsquo;UBB de consolider sa position en Top 14, mais elle a \u00e9galement mis en lumi\u00e8re le r\u00f4le essentiel que Mateo Garcia peut jouer dans les moments cl\u00e9s. Avec seulement neuf matchs disput\u00e9s cette saison, dont trois en tant que titulaire, il a su prouver qu&rsquo;il pouvait \u00eatre un atout pr\u00e9cieux, m\u00eame dans une \u00e9quipe o\u00f9 la concurrence est f\u00e9roce.<\/p>\n<h2>Un talent \u00e0 exploiter<\/h2>\n<p>Malgr\u00e9 un temps de jeu limit\u00e9, Mateo Garcia a d\u00e9montr\u00e9 qu&rsquo;il n&rsquo;\u00e9tait pas \u00e0 la tra\u00eene. Son exp\u00e9rience, bien que jeune, est d\u00e9j\u00e0 impressionnante avec 57 matchs professionnels \u00e0 son actif. Les choix du staff technique, qui l&rsquo;ont repositionn\u00e9 en demi de m\u00eal\u00e9e, montrent la confiance qu&rsquo;ils placent en lui, m\u00eame dans des r\u00f4les inhabituels.<\/p>\n<p>Garcia a partag\u00e9 son ressenti apr\u00e8s le match : <\/p>\n<blockquote><p>\u00ab\u00a0Pour la premi\u00e8re fois de ma carri\u00e8re, j&rsquo;ai jou\u00e9 en demi de m\u00eal\u00e9e,\u00a0\u00bb<\/p><\/blockquote>\n<p> une exp\u00e9rience qui a manifestement renforc\u00e9 sa d\u00e9termination. Son passage \u00e0 Toulon la saison prochaine pourrait \u00e9galement lui offrir de nouvelles opportunit\u00e9s pour briller sur le terrain.<\/p>\n<h2>Le regard tourn\u00e9 vers l&rsquo;avenir<\/h2>\n<p>En d\u00e9pit des d\u00e9fis, Mateo Garcia continue de travailler dur pour int\u00e9grer l&rsquo;\u00e9quipe premi\u00e8re de l&rsquo;UBB. Les moments de jeu qu&rsquo;il a eus jusqu&rsquo;\u00e0 pr\u00e9sent, notamment lors de victoires \u00e0 l&rsquo;ext\u00e9rieur, sont des indicateurs de son potentiel. Sa capacit\u00e9 \u00e0 performer sous pression pourrait \u00eatre un atout majeur pour l&rsquo;\u00e9quipe dans les phases d\u00e9cisives de la saison.<\/p>\n<p>Les fans de rugby attendent avec impatience de voir comment Garcia \u00e9voluera dans les mois \u00e0 venir. Son pr\u00eat \u00e0 l&rsquo;\u00e9quipe de France \u00e0 7 montre qu&rsquo;il est reconnu \u00e0 un niveau national, mais il aspire clairement \u00e0 plus. Les supporters de l&rsquo;UBB peuvent se r\u00e9jouir de l&rsquo;avenir de ce jeune joueur prometteur.<\/p>\n<ul>\n<li>Victoire 26-22 contre Pau<\/li>\n<li>P\u00e9nalit\u00e9 d\u00e9cisive \u00e0 la 79e minute<\/li>\n<li>Garcia joue sa premi\u00e8re fois en tant que demi de m\u00eal\u00e9e<\/li>\n<li>Pr\u00eat \u00e0 l&rsquo;\u00e9quipe de France \u00e0 7<\/li>\n<li>Contrat avec Toulon pour la saison prochaine<\/li>\n<\/ul>\n","protected":false},"excerpt":{"rendered":"","protected":false},"author":34,"featured_media":16243,"comment_status":"open","ping_status":"open","sticky":false,"template":"","format":"standard","meta":{"_acf_changed":false,"manual_indexmenow":false,"indexmenow_id_project":0,"footnotes":""},"categories":[1],"tags":[4561,4632,4539,5107,4554],"class_list":["post-14006","post","type-post","status-publish","format-standard","has-post-thumbnail","hentry","category-a-la-une","tag-gestion-des-talents","tag-performance-sportive","tag-top-14","tag-union-bordeaux-begles","tag-xv-de-france","generate-columns","tablet-grid-50","mobile-grid-100","grid-parent","grid-25"],"acf":[],"yoast_head":"<!-- This site is optimized with the Yoast SEO Premium plugin v21.3 (Yoast SEO v26.5) - https:\/\/yoast.com\/wordpress\/plugins\/seo\/ -->\n<title>Mateo Garcia s&#039;affirme avec Bordeaux-B\u00e8gles : un avenir<\/title>\n<meta name=\"description\" content=\"Un match d\u00e9cisif pour l&#039;Union Bordeaux-B\u00e8gles Mateo Garcia, joueur talentueux de 22 ans, a marqu\u00e9 les esprits en r\u00e9alisant la p\u00e9nalit\u00e9 d\u00e9cisive \u00e0 la 79e\u2026\" \/>\n<meta name=\"robots\" content=\"index, follow, max-snippet:-1, max-image-preview:large, max-video-preview:-1\" \/>\n<link rel=\"canonical\" href=\"https:\/\/sport-index.fr\/blog\/a-la-une\/mateo-garcia-saffirme-avec-bordeaux-begles-un-avenir-prometteur-en-top-14\/\" \/>\n<meta property=\"og:locale\" content=\"fr_FR\" \/>\n<meta property=\"og:type\" content=\"article\" \/>\n<meta property=\"og:title\" content=\"Mateo Garcia s&#039;affirme avec Bordeaux-B\u00e8gles : un avenir\" \/>\n<meta property=\"og:description\" content=\"Un match d\u00e9cisif pour l&#039;Union Bordeaux-B\u00e8gles Mateo Garcia, joueur talentueux de 22 ans, a marqu\u00e9 les esprits en r\u00e9alisant la p\u00e9nalit\u00e9 d\u00e9cisive \u00e0 la 79e\u2026\" \/>\n<meta property=\"og:url\" content=\"https:\/\/sport-index.fr\/blog\/a-la-une\/mateo-garcia-saffirme-avec-bordeaux-begles-un-avenir-prometteur-en-top-14\/\" \/>\n<meta property=\"og:site_name\" content=\"sport-index\" \/>\n<meta name=\"author\" content=\"Axel Lauzier\" \/>\n<meta name=\"twitter:card\" content=\"summary_large_image\" \/>\n<script type=\"application\/ld+json\" class=\"yoast-schema-graph\">{\"@context\":\"https:\/\/schema.org\",\"@graph\":[{\"@type\":\"NewsArticle\",\"@id\":\"https:\/\/sport-index.fr\/blog\/a-la-une\/mateo-garcia-saffirme-avec-bordeaux-begles-un-avenir-prometteur-en-top-14\/#article\",\"isPartOf\":{\"@id\":\"https:\/\/sport-index.fr\/blog\/a-la-une\/mateo-garcia-saffirme-avec-bordeaux-begles-un-avenir-prometteur-en-top-14\/\"},\"author\":{\"name\":\"Axel Lauzier\",\"@id\":\"https:\/\/sport-index.fr\/blog\/#\/schema\/person\/3c864cdc320801e3db34b663e7e3f816\"},\"headline\":\"Mateo Garcia s&rsquo;affirme avec Bordeaux-B\u00e8gles : un avenir prometteur en Top 14\",\"datePublished\":\"2025-04-20T14:29:09+00:00\",\"mainEntityOfPage\":{\"@id\":\"https:\/\/sport-index.fr\/blog\/a-la-une\/mateo-garcia-saffirme-avec-bordeaux-begles-un-avenir-prometteur-en-top-14\/\"},\"wordCount\":422,\"commentCount\":22,\"publisher\":{\"@id\":\"https:\/\/sport-index.fr\/blog\/#organization\"},\"image\":{\"@id\":\"https:\/\/sport-index.fr\/blog\/a-la-une\/mateo-garcia-saffirme-avec-bordeaux-begles-un-avenir-prometteur-en-top-14\/#primaryimage\"},\"thumbnailUrl\":\"https:\/\/sport-index.fr\/blog\/wp-content\/uploads\/2025\/05\/sdxl-7a6d5feab68f08383cbb3842cbd0fa0f-scaled.png\",\"keywords\":[\"Gestion des Talents\",\"Performance sportive\",\"Top 14\",\"Union Bordeaux-B\u00e8gles\",\"XV de France\"],\"articleSection\":[\"\u00c0 la une\"],\"inLanguage\":\"fr-FR\",\"potentialAction\":[{\"@type\":\"CommentAction\",\"name\":\"Comment\",\"target\":[\"https:\/\/sport-index.fr\/blog\/a-la-une\/mateo-garcia-saffirme-avec-bordeaux-begles-un-avenir-prometteur-en-top-14\/#respond\"]}]},{\"@type\":\"WebPage\",\"@id\":\"https:\/\/sport-index.fr\/blog\/a-la-une\/mateo-garcia-saffirme-avec-bordeaux-begles-un-avenir-prometteur-en-top-14\/\",\"url\":\"https:\/\/sport-index.fr\/blog\/a-la-une\/mateo-garcia-saffirme-avec-bordeaux-begles-un-avenir-prometteur-en-top-14\/\",\"name\":\"Mateo Garcia s'affirme avec Bordeaux-B\u00e8gles : un avenir\",\"isPartOf\":{\"@id\":\"https:\/\/sport-index.fr\/blog\/#website\"},\"primaryImageOfPage\":{\"@id\":\"https:\/\/sport-index.fr\/blog\/a-la-une\/mateo-garcia-saffirme-avec-bordeaux-begles-un-avenir-prometteur-en-top-14\/#primaryimage\"},\"image\":{\"@id\":\"https:\/\/sport-index.fr\/blog\/a-la-une\/mateo-garcia-saffirme-avec-bordeaux-begles-un-avenir-prometteur-en-top-14\/#primaryimage\"},\"thumbnailUrl\":\"https:\/\/sport-index.fr\/blog\/wp-content\/uploads\/2025\/05\/sdxl-7a6d5feab68f08383cbb3842cbd0fa0f-scaled.png\",\"datePublished\":\"2025-04-20T14:29:09+00:00\",\"description\":\"Un match d\u00e9cisif pour l'Union Bordeaux-B\u00e8gles Mateo Garcia, joueur talentueux de 22 ans, a marqu\u00e9 les esprits en r\u00e9alisant la p\u00e9nalit\u00e9 d\u00e9cisive \u00e0 la 79e\u2026\",\"inLanguage\":\"fr-FR\",\"potentialAction\":[{\"@type\":\"ReadAction\",\"target\":[\"https:\/\/sport-index.fr\/blog\/a-la-une\/mateo-garcia-saffirme-avec-bordeaux-begles-un-avenir-prometteur-en-top-14\/\"]}]},{\"@type\":\"ImageObject\",\"inLanguage\":\"fr-FR\",\"@id\":\"https:\/\/sport-index.fr\/blog\/a-la-une\/mateo-garcia-saffirme-avec-bordeaux-begles-un-avenir-prometteur-en-top-14\/#primaryimage\",\"url\":\"https:\/\/sport-index.fr\/blog\/wp-content\/uploads\/2025\/05\/sdxl-7a6d5feab68f08383cbb3842cbd0fa0f-scaled.png\",\"contentUrl\":\"https:\/\/sport-index.fr\/blog\/wp-content\/uploads\/2025\/05\/sdxl-7a6d5feab68f08383cbb3842cbd0fa0f-scaled.png\",\"width\":1200,\"height\":500},{\"@type\":\"WebSite\",\"@id\":\"https:\/\/sport-index.fr\/blog\/#website\",\"url\":\"https:\/\/sport-index.fr\/blog\/\",\"name\":\"sport-index.fr\",\"description\":\"Le score de l\u2019analyse sportive.\",\"publisher\":{\"@id\":\"https:\/\/sport-index.fr\/blog\/#organization\"},\"alternateName\":\"Le score de l\u2019analyse sportive.\",\"potentialAction\":[{\"@type\":\"SearchAction\",\"target\":{\"@type\":\"EntryPoint\",\"urlTemplate\":\"https:\/\/sport-index.fr\/blog\/?s={search_term_string}\"},\"query-input\":{\"@type\":\"PropertyValueSpecification\",\"valueRequired\":true,\"valueName\":\"search_term_string\"}}],\"inLanguage\":\"fr-FR\"},{\"@type\":\"Organization\",\"@id\":\"https:\/\/sport-index.fr\/blog\/#organization\",\"name\":\"Foretsensations.fr\",\"url\":\"https:\/\/sport-index.fr\/blog\/\",\"logo\":{\"@type\":\"ImageObject\",\"inLanguage\":\"fr-FR\",\"@id\":\"https:\/\/sport-index.fr\/blog\/#\/schema\/logo\/image\/\",\"url\":\"https:\/\/sport-index.fr\/blog\/wp-content\/uploads\/2026\/07\/logo-auto.png\",\"contentUrl\":\"https:\/\/sport-index.fr\/blog\/wp-content\/uploads\/2026\/07\/logo-auto.png\",\"width\":1024,\"height\":1024,\"caption\":\"Foretsensations.fr\"},\"image\":{\"@id\":\"https:\/\/sport-index.fr\/blog\/#\/schema\/logo\/image\/\"}},{\"@type\":\"Person\",\"@id\":\"https:\/\/sport-index.fr\/blog\/#\/schema\/person\/3c864cdc320801e3db34b663e7e3f816\",\"name\":\"Axel Lauzier\",\"image\":{\"@type\":\"ImageObject\",\"inLanguage\":\"fr-FR\",\"@id\":\"https:\/\/sport-index.fr\/blog\/#\/schema\/person\/image\/\",\"url\":\"https:\/\/sport-index.fr\/blog\/wp-content\/uploads\/2026\/06\/persona_axel-l-96x96.jpg\",\"contentUrl\":\"https:\/\/sport-index.fr\/blog\/wp-content\/uploads\/2026\/06\/persona_axel-l-96x96.jpg\",\"caption\":\"Axel Lauzier\"},\"description\":\"Le sport rythme mon quotidien depuis l'enfance, et j'en ai fait mon m\u00e9tier d'analyste r\u00e9dactionnel il y a une dizaine d'ann\u00e9es. Je couvre principalement le football, son actualit\u00e9, ses transferts et l'analyse tactique des grandes affiches, mais aussi les disciplines plus confidentielles que j'aime remettre en lumi\u00e8re. Une partie de mon travail porte sur les pronostics et la lecture statistique d'un match : forme des \u00e9quipes, historique des confrontations, compositions, sans jamais vendre de fausse certitude. Je rappelle syst\u00e9matiquement que parier comporte un risque et doit rester un loisir ma\u00eetris\u00e9. Avant de signer une analyse, je v\u00e9rifie mes chiffres, je recoupe les compositions probables et je distingue toujours la donn\u00e9e brute de l'intuition. Mon objectif : offrir une lecture honn\u00eate et argument\u00e9e, pas un ticket gagnant garanti.\",\"sameAs\":[\"https:\/\/axellauzier.fr\/\"],\"url\":\"https:\/\/sport-index.fr\/blog\/auteur\/noname\/\"}]}<\/script>\n<!-- \/ Yoast SEO Premium plugin. -->","yoast_head_json":{"title":"Mateo Garcia s'affirme avec Bordeaux-B\u00e8gles : un avenir","description":"Un match d\u00e9cisif pour l'Union Bordeaux-B\u00e8gles Mateo Garcia, joueur talentueux de 22 ans, a marqu\u00e9 les esprits en r\u00e9alisant la p\u00e9nalit\u00e9 d\u00e9cisive \u00e0 la 79e\u2026","robots":{"index":"index","follow":"follow","max-snippet":"max-snippet:-1","max-image-preview":"max-image-preview:large","max-video-preview":"max-video-preview:-1"},"canonical":"https:\/\/sport-index.fr\/blog\/a-la-une\/mateo-garcia-saffirme-avec-bordeaux-begles-un-avenir-prometteur-en-top-14\/","og_locale":"fr_FR","og_type":"article","og_title":"Mateo Garcia s'affirme avec Bordeaux-B\u00e8gles : un avenir","og_description":"Un match d\u00e9cisif pour l'Union Bordeaux-B\u00e8gles Mateo Garcia, joueur talentueux de 22 ans, a marqu\u00e9 les esprits en r\u00e9alisant la p\u00e9nalit\u00e9 d\u00e9cisive \u00e0 la 79e\u2026","og_url":"https:\/\/sport-index.fr\/blog\/a-la-une\/mateo-garcia-saffirme-avec-bordeaux-begles-un-avenir-prometteur-en-top-14\/","og_site_name":"sport-index","author":"Axel Lauzier","twitter_card":"summary_large_image","schema":{"@context":"https:\/\/schema.org","@graph":[{"@type":"NewsArticle","@id":"https:\/\/sport-index.fr\/blog\/a-la-une\/mateo-garcia-saffirme-avec-bordeaux-begles-un-avenir-prometteur-en-top-14\/#article","isPartOf":{"@id":"https:\/\/sport-index.fr\/blog\/a-la-une\/mateo-garcia-saffirme-avec-bordeaux-begles-un-avenir-prometteur-en-top-14\/"},"author":{"name":"Axel Lauzier","@id":"https:\/\/sport-index.fr\/blog\/#\/schema\/person\/3c864cdc320801e3db34b663e7e3f816"},"headline":"Mateo Garcia s&rsquo;affirme avec Bordeaux-B\u00e8gles : un avenir prometteur en Top 14","datePublished":"2025-04-20T14:29:09+00:00","mainEntityOfPage":{"@id":"https:\/\/sport-index.fr\/blog\/a-la-une\/mateo-garcia-saffirme-avec-bordeaux-begles-un-avenir-prometteur-en-top-14\/"},"wordCount":422,"commentCount":22,"publisher":{"@id":"https:\/\/sport-index.fr\/blog\/#organization"},"image":{"@id":"https:\/\/sport-index.fr\/blog\/a-la-une\/mateo-garcia-saffirme-avec-bordeaux-begles-un-avenir-prometteur-en-top-14\/#primaryimage"},"thumbnailUrl":"https:\/\/sport-index.fr\/blog\/wp-content\/uploads\/2025\/05\/sdxl-7a6d5feab68f08383cbb3842cbd0fa0f-scaled.png","keywords":["Gestion des Talents","Performance sportive","Top 14","Union Bordeaux-B\u00e8gles","XV de France"],"articleSection":["\u00c0 la une"],"inLanguage":"fr-FR","potentialAction":[{"@type":"CommentAction","name":"Comment","target":["https:\/\/sport-index.fr\/blog\/a-la-une\/mateo-garcia-saffirme-avec-bordeaux-begles-un-avenir-prometteur-en-top-14\/#respond"]}]},{"@type":"WebPage","@id":"https:\/\/sport-index.fr\/blog\/a-la-une\/mateo-garcia-saffirme-avec-bordeaux-begles-un-avenir-prometteur-en-top-14\/","url":"https:\/\/sport-index.fr\/blog\/a-la-une\/mateo-garcia-saffirme-avec-bordeaux-begles-un-avenir-prometteur-en-top-14\/","name":"Mateo Garcia s'affirme avec Bordeaux-B\u00e8gles : un avenir","isPartOf":{"@id":"https:\/\/sport-index.fr\/blog\/#website"},"primaryImageOfPage":{"@id":"https:\/\/sport-index.fr\/blog\/a-la-une\/mateo-garcia-saffirme-avec-bordeaux-begles-un-avenir-prometteur-en-top-14\/#primaryimage"},"image":{"@id":"https:\/\/sport-index.fr\/blog\/a-la-une\/mateo-garcia-saffirme-avec-bordeaux-begles-un-avenir-prometteur-en-top-14\/#primaryimage"},"thumbnailUrl":"https:\/\/sport-index.fr\/blog\/wp-content\/uploads\/2025\/05\/sdxl-7a6d5feab68f08383cbb3842cbd0fa0f-scaled.png","datePublished":"2025-04-20T14:29:09+00:00","description":"Un match d\u00e9cisif pour l'Union Bordeaux-B\u00e8gles Mateo Garcia, joueur talentueux de 22 ans, a marqu\u00e9 les esprits en r\u00e9alisant la p\u00e9nalit\u00e9 d\u00e9cisive \u00e0 la 79e\u2026","inLanguage":"fr-FR","potentialAction":[{"@type":"ReadAction","target":["https:\/\/sport-index.fr\/blog\/a-la-une\/mateo-garcia-saffirme-avec-bordeaux-begles-un-avenir-prometteur-en-top-14\/"]}]},{"@type":"ImageObject","inLanguage":"fr-FR","@id":"https:\/\/sport-index.fr\/blog\/a-la-une\/mateo-garcia-saffirme-avec-bordeaux-begles-un-avenir-prometteur-en-top-14\/#primaryimage","url":"https:\/\/sport-index.fr\/blog\/wp-content\/uploads\/2025\/05\/sdxl-7a6d5feab68f08383cbb3842cbd0fa0f-scaled.png","contentUrl":"https:\/\/sport-index.fr\/blog\/wp-content\/uploads\/2025\/05\/sdxl-7a6d5feab68f08383cbb3842cbd0fa0f-scaled.png","width":1200,"height":500},{"@type":"WebSite","@id":"https:\/\/sport-index.fr\/blog\/#website","url":"https:\/\/sport-index.fr\/blog\/","name":"sport-index.fr","description":"Le score de l\u2019analyse sportive.","publisher":{"@id":"https:\/\/sport-index.fr\/blog\/#organization"},"alternateName":"Le score de l\u2019analyse sportive.","potentialAction":[{"@type":"SearchAction","target":{"@type":"EntryPoint","urlTemplate":"https:\/\/sport-index.fr\/blog\/?s={search_term_string}"},"query-input":{"@type":"PropertyValueSpecification","valueRequired":true,"valueName":"search_term_string"}}],"inLanguage":"fr-FR"},{"@type":"Organization","@id":"https:\/\/sport-index.fr\/blog\/#organization","name":"Foretsensations.fr","url":"https:\/\/sport-index.fr\/blog\/","logo":{"@type":"ImageObject","inLanguage":"fr-FR","@id":"https:\/\/sport-index.fr\/blog\/#\/schema\/logo\/image\/","url":"https:\/\/sport-index.fr\/blog\/wp-content\/uploads\/2026\/07\/logo-auto.png","contentUrl":"https:\/\/sport-index.fr\/blog\/wp-content\/uploads\/2026\/07\/logo-auto.png","width":1024,"height":1024,"caption":"Foretsensations.fr"},"image":{"@id":"https:\/\/sport-index.fr\/blog\/#\/schema\/logo\/image\/"}},{"@type":"Person","@id":"https:\/\/sport-index.fr\/blog\/#\/schema\/person\/3c864cdc320801e3db34b663e7e3f816","name":"Axel Lauzier","image":{"@type":"ImageObject","inLanguage":"fr-FR","@id":"https:\/\/sport-index.fr\/blog\/#\/schema\/person\/image\/","url":"https:\/\/sport-index.fr\/blog\/wp-content\/uploads\/2026\/06\/persona_axel-l-96x96.jpg","contentUrl":"https:\/\/sport-index.fr\/blog\/wp-content\/uploads\/2026\/06\/persona_axel-l-96x96.jpg","caption":"Axel Lauzier"},"description":"Le sport rythme mon quotidien depuis l'enfance, et j'en ai fait mon m\u00e9tier d'analyste r\u00e9dactionnel il y a une dizaine d'ann\u00e9es. Je couvre principalement le football, son actualit\u00e9, ses transferts et l'analyse tactique des grandes affiches, mais aussi les disciplines plus confidentielles que j'aime remettre en lumi\u00e8re. Une partie de mon travail porte sur les pronostics et la lecture statistique d'un match : forme des \u00e9quipes, historique des confrontations, compositions, sans jamais vendre de fausse certitude. Je rappelle syst\u00e9matiquement que parier comporte un risque et doit rester un loisir ma\u00eetris\u00e9. Avant de signer une analyse, je v\u00e9rifie mes chiffres, je recoupe les compositions probables et je distingue toujours la donn\u00e9e brute de l'intuition. Mon objectif : offrir une lecture honn\u00eate et argument\u00e9e, pas un ticket gagnant garanti.","sameAs":["https:\/\/axellauzier.fr\/"],"url":"https:\/\/sport-index.fr\/blog\/auteur\/noname\/"}]}},"_links":{"self":[{"href":"https:\/\/sport-index.fr\/blog\/wp-json\/wp\/v2\/posts\/14006","targetHints":{"allow":["GET"]}}],"collection":[{"href":"https:\/\/sport-index.fr\/blog\/wp-json\/wp\/v2\/posts"}],"about":[{"href":"https:\/\/sport-index.fr\/blog\/wp-json\/wp\/v2\/types\/post"}],"author":[{"embeddable":true,"href":"https:\/\/sport-index.fr\/blog\/wp-json\/wp\/v2\/users\/34"}],"replies":[{"embeddable":true,"href":"https:\/\/sport-index.fr\/blog\/wp-json\/wp\/v2\/comments?post=14006"}],"version-history":[{"count":1,"href":"https:\/\/sport-index.fr\/blog\/wp-json\/wp\/v2\/posts\/14006\/revisions"}],"predecessor-version":[{"id":14012,"href":"https:\/\/sport-index.fr\/blog\/wp-json\/wp\/v2\/posts\/14006\/revisions\/14012"}],"wp:featuredmedia":[{"embeddable":true,"href":"https:\/\/sport-index.fr\/blog\/wp-json\/wp\/v2\/media\/16243"}],"wp:attachment":[{"href":"https:\/\/sport-index.fr\/blog\/wp-json\/wp\/v2\/media?parent=14006"}],"wp:term":[{"taxonomy":"category","embeddable":true,"href":"https:\/\/sport-index.fr\/blog\/wp-json\/wp\/v2\/categories?post=14006"},{"taxonomy":"post_tag","embeddable":true,"href":"https:\/\/sport-index.fr\/blog\/wp-json\/wp\/v2\/tags?post=14006"}],"curies":[{"name":"wp","href":"https:\/\/api.w.org\/{rel}","templated":true}]}}