{"id":14025,"date":"2025-04-20T22:22:31","date_gmt":"2025-04-20T20:22:31","guid":{"rendered":"https:\/\/sport-index.fr\/blog\/?p=14025"},"modified":"2025-04-20T22:22:31","modified_gmt":"2025-04-20T20:22:31","slug":"commotions-cerebrales-sebastien-chabal-evoque-son-amnesie-et-ses-souvenirs-effaces","status":"publish","type":"post","link":"https:\/\/sport-index.fr\/blog\/a-la-une\/commotions-cerebrales-sebastien-chabal-evoque-son-amnesie-et-ses-souvenirs-effaces\/","title":{"rendered":"commotions c\u00e9r\u00e9brales : s\u00e9bastien chabal \u00e9voque son amn\u00e9sie et ses souvenirs effac\u00e9s"},"content":{"rendered":"<h2>Un pass\u00e9 flou et des souvenirs envol\u00e9s<\/h2>\n<p>L&rsquo;ancien joueur de rugby S\u00e9bastien Chabal a r\u00e9cemment partag\u00e9 ses r\u00e9flexions sur son amn\u00e9sie concernant sa carri\u00e8re. Lors d&rsquo;une intervention sur le plateau du Canal Rugby Club, il a r\u00e9v\u00e9l\u00e9 qu&rsquo;il ne se souvenait d&rsquo;aucun moment marquant de ses ann\u00e9es sur le terrain. Cette d\u00e9claration a touch\u00e9 de nombreuses personnes, suscitant des interrogations sur l&rsquo;impact des commotions c\u00e9r\u00e9brales dans le rugby.<\/p>\n<p>Chabal a exprim\u00e9 un sentiment de d\u00e9connexion par rapport \u00e0 son pass\u00e9 rugbystique. \u00ab\u00a0Je n\u2019ai aucun souvenir d\u2019une seule seconde d\u2019un match que j\u2019ai jou\u00e9\u00a0\u00bb, a-t-il d\u00e9clar\u00e9, \u00e9voquant une perte de m\u00e9moire qui l&rsquo;am\u00e8ne parfois \u00e0 douter de son propre v\u00e9cu. Ces r\u00e9flexions ont ouvert un d\u00e9bat important sur la sant\u00e9 des joueurs et les cons\u00e9quences des chocs r\u00e9p\u00e9t\u00e9s.<\/p>\n<h2>Une vie quotidienne sans soucis<\/h2>\n<p>Malgr\u00e9 son amn\u00e9sie, Chabal tient \u00e0 rassurer son entourage en affirmant qu&rsquo;il n&rsquo;a \u00ab\u00a0aucun souci dans [sa] vie de tous les jours.\u00a0\u00bb Cette d\u00e9claration t\u00e9moigne de sa capacit\u00e9 \u00e0 mener une vie normale en dehors du rugby. Toutefois, il admet que ces souvenirs manquants le perturbent, surtout lors d&rsquo;\u00e9v\u00e9nements marquants comme les retrouvailles avec ses anciens co\u00e9quipiers.<\/p>\n<p>Lors de ces c\u00e9l\u00e9brations, il ressent une nostalgie li\u00e9e \u00e0 cette p\u00e9riode de sa vie qui semble lui \u00e9chapper. \u00ab\u00a0C\u2019est vrai que cette p\u00e9riode de cinq ann\u00e9es, o\u00f9 j\u2019ai gagn\u00e9 des titres avec ce club, est quasiment effac\u00e9e de ma m\u00e9moire\u00a0\u00bb, a-t-il ajout\u00e9. Ces moments partag\u00e9s avec ses camarades de jeu lui permettent de reconstituer une partie de son histoire.<\/p>\n<h2>Les risques du m\u00e9tier et l&rsquo;importance de la sant\u00e9<\/h2>\n<p>Les d\u00e9clarations de Chabal soul\u00e8vent des questions sur les risques encourus par les joueurs de rugby. Il a reconnu qu&rsquo;il \u00e9tait conscient des dangers associ\u00e9s \u00e0 ce sport, notamment les chocs r\u00e9p\u00e9t\u00e9s. \u00ab\u00a0Je savais que \u00e7a faisait partie des risques du m\u00e9tier\u00a0\u00bb, a-t-il expliqu\u00e9, mettant en lumi\u00e8re la r\u00e9alit\u00e9 des athl\u00e8tes professionnels.<\/p>\n<p>Dans son discours, il a \u00e9galement fait r\u00e9f\u00e9rence \u00e0 une commotion c\u00e9r\u00e9brale survenue durant sa carri\u00e8re. \u00ab\u00a0J\u2019en ai eu une quand j\u2019\u00e9tais \u00e0 Bourgoin. \u00c7a devait \u00eatre une des premi\u00e8res minutes du match et je me suis r\u00e9veill\u00e9 \u00e0 la mi-temps\u00a0\u00bb, a-t-il partag\u00e9. Cette exp\u00e9rience souligne l&rsquo;importance d&rsquo;une prise en charge ad\u00e9quate des blessures au rugby, un sujet qui devient de plus en plus crucial dans le monde du sport.<\/p>\n<ul>\n<li>S\u00e9bastien Chabal \u00e9voque son amn\u00e9sie sur le plateau du Canal Rugby Club.<\/li>\n<li>Il n&rsquo;a aucun souvenir d&rsquo;une seule seconde d&rsquo;un match de rugby.<\/li>\n<li>Chabal rassure sur sa vie quotidienne malgr\u00e9 son amn\u00e9sie.<\/li>\n<li>Il parle des risques li\u00e9s aux commotions c\u00e9r\u00e9brales dans le rugby.<\/li>\n<li>Un appel \u00e0 une meilleure prise en charge des probl\u00e8mes de sant\u00e9 des joueurs.<\/li>\n<\/ul>\n<blockquote>\n<p lang=\"fr\" dir=\"ltr\">S\u00e9bastien Chabal, ancien troisi\u00e8me ligne du XV de France s\u2019est livr\u00e9 dans un podcast \u00ab\u00a0Legend\u00a0\u00bb. Il se confie sur ses pertes de m\u00e9moires apr\u00e8s plus de quinze ans dans le monde du rugby professionnel.<\/p>\n<\/blockquote>\n<p>En conclusion, S\u00e9bastien Chabal incarne une g\u00e9n\u00e9ration de rugbymen confront\u00e9s \u00e0 des probl\u00e9matiques de sant\u00e9 r\u00e9sultant de leur passion pour le sport. Son t\u00e9moignage met en lumi\u00e8re l&rsquo;importance de prendre en compte les cons\u00e9quences \u00e0 long terme des blessures, et invite \u00e0 une r\u00e9flexion sur la s\u00e9curit\u00e9 des joueurs dans un sport en constante \u00e9volution. La prise de conscience de ces enjeux est cruciale pour prot\u00e9ger les futures g\u00e9n\u00e9rations de sportifs.<\/p>\n","protected":false},"excerpt":{"rendered":"","protected":false},"author":34,"featured_media":15132,"comment_status":"open","ping_status":"open","sticky":false,"template":"","format":"standard","meta":{"_acf_changed":false,"manual_indexmenow":false,"indexmenow_id_project":0,"footnotes":""},"categories":[1],"tags":[4551,4561,4563,4536,5362],"class_list":["post-14025","post","type-post","status-publish","format-standard","has-post-thumbnail","hentry","category-a-la-une","tag-commotions-cerebrales","tag-gestion-des-talents","tag-performance-athletique","tag-rugby","tag-sante-des-joueurs","generate-columns","tablet-grid-50","mobile-grid-100","grid-parent","grid-25"],"acf":[],"yoast_head":"<!-- This site is optimized with the Yoast SEO Premium plugin v21.3 (Yoast SEO v26.5) - https:\/\/yoast.com\/wordpress\/plugins\/seo\/ -->\n<title>commotions c\u00e9r\u00e9brales : s\u00e9bastien chabal \u00e9voque son amn\u00e9sie<\/title>\n<meta name=\"description\" content=\"Un pass\u00e9 flou et des souvenirs envol\u00e9s L&#039;ancien joueur de rugby S\u00e9bastien Chabal a r\u00e9cemment partag\u00e9 ses r\u00e9flexions sur son amn\u00e9sie concernant sa\u2026\" \/>\n<meta name=\"robots\" content=\"index, follow, max-snippet:-1, max-image-preview:large, max-video-preview:-1\" \/>\n<link rel=\"canonical\" href=\"https:\/\/sport-index.fr\/blog\/a-la-une\/commotions-cerebrales-sebastien-chabal-evoque-son-amnesie-et-ses-souvenirs-effaces\/\" \/>\n<meta property=\"og:locale\" content=\"fr_FR\" \/>\n<meta property=\"og:type\" content=\"article\" \/>\n<meta property=\"og:title\" content=\"commotions c\u00e9r\u00e9brales : s\u00e9bastien chabal \u00e9voque son amn\u00e9sie\" \/>\n<meta property=\"og:description\" content=\"Un pass\u00e9 flou et des souvenirs envol\u00e9s L&#039;ancien joueur de rugby S\u00e9bastien Chabal a r\u00e9cemment partag\u00e9 ses r\u00e9flexions sur son amn\u00e9sie concernant sa\u2026\" \/>\n<meta property=\"og:url\" content=\"https:\/\/sport-index.fr\/blog\/a-la-une\/commotions-cerebrales-sebastien-chabal-evoque-son-amnesie-et-ses-souvenirs-effaces\/\" \/>\n<meta property=\"og:site_name\" content=\"sport-index\" \/>\n<meta name=\"author\" content=\"Axel Lauzier\" \/>\n<meta name=\"twitter:card\" content=\"summary_large_image\" \/>\n<script type=\"application\/ld+json\" class=\"yoast-schema-graph\">{\"@context\":\"https:\/\/schema.org\",\"@graph\":[{\"@type\":\"NewsArticle\",\"@id\":\"https:\/\/sport-index.fr\/blog\/a-la-une\/commotions-cerebrales-sebastien-chabal-evoque-son-amnesie-et-ses-souvenirs-effaces\/#article\",\"isPartOf\":{\"@id\":\"https:\/\/sport-index.fr\/blog\/a-la-une\/commotions-cerebrales-sebastien-chabal-evoque-son-amnesie-et-ses-souvenirs-effaces\/\"},\"author\":{\"name\":\"Axel Lauzier\",\"@id\":\"https:\/\/sport-index.fr\/blog\/#\/schema\/person\/3c864cdc320801e3db34b663e7e3f816\"},\"headline\":\"commotions c\u00e9r\u00e9brales : s\u00e9bastien chabal \u00e9voque son amn\u00e9sie et ses souvenirs effac\u00e9s\",\"datePublished\":\"2025-04-20T20:22:31+00:00\",\"mainEntityOfPage\":{\"@id\":\"https:\/\/sport-index.fr\/blog\/a-la-une\/commotions-cerebrales-sebastien-chabal-evoque-son-amnesie-et-ses-souvenirs-effaces\/\"},\"wordCount\":653,\"commentCount\":14,\"publisher\":{\"@id\":\"https:\/\/sport-index.fr\/blog\/#organization\"},\"image\":{\"@id\":\"https:\/\/sport-index.fr\/blog\/a-la-une\/commotions-cerebrales-sebastien-chabal-evoque-son-amnesie-et-ses-souvenirs-effaces\/#primaryimage\"},\"thumbnailUrl\":\"https:\/\/sport-index.fr\/blog\/wp-content\/uploads\/2025\/05\/sdxl-f30f7fd73742bf5055c31d0da9082d30-scaled.png\",\"keywords\":[\"Commotions c\u00e9r\u00e9brales\",\"Gestion des Talents\",\"Performance Athl\u00e9tique\",\"Rugby\",\"Sant\u00e9 des Joueurs\"],\"articleSection\":[\"\u00c0 la une\"],\"inLanguage\":\"fr-FR\",\"potentialAction\":[{\"@type\":\"CommentAction\",\"name\":\"Comment\",\"target\":[\"https:\/\/sport-index.fr\/blog\/a-la-une\/commotions-cerebrales-sebastien-chabal-evoque-son-amnesie-et-ses-souvenirs-effaces\/#respond\"]}]},{\"@type\":\"WebPage\",\"@id\":\"https:\/\/sport-index.fr\/blog\/a-la-une\/commotions-cerebrales-sebastien-chabal-evoque-son-amnesie-et-ses-souvenirs-effaces\/\",\"url\":\"https:\/\/sport-index.fr\/blog\/a-la-une\/commotions-cerebrales-sebastien-chabal-evoque-son-amnesie-et-ses-souvenirs-effaces\/\",\"name\":\"commotions c\u00e9r\u00e9brales : s\u00e9bastien chabal \u00e9voque son amn\u00e9sie\",\"isPartOf\":{\"@id\":\"https:\/\/sport-index.fr\/blog\/#website\"},\"primaryImageOfPage\":{\"@id\":\"https:\/\/sport-index.fr\/blog\/a-la-une\/commotions-cerebrales-sebastien-chabal-evoque-son-amnesie-et-ses-souvenirs-effaces\/#primaryimage\"},\"image\":{\"@id\":\"https:\/\/sport-index.fr\/blog\/a-la-une\/commotions-cerebrales-sebastien-chabal-evoque-son-amnesie-et-ses-souvenirs-effaces\/#primaryimage\"},\"thumbnailUrl\":\"https:\/\/sport-index.fr\/blog\/wp-content\/uploads\/2025\/05\/sdxl-f30f7fd73742bf5055c31d0da9082d30-scaled.png\",\"datePublished\":\"2025-04-20T20:22:31+00:00\",\"description\":\"Un pass\u00e9 flou et des souvenirs envol\u00e9s L'ancien joueur de rugby S\u00e9bastien Chabal a r\u00e9cemment partag\u00e9 ses r\u00e9flexions sur son amn\u00e9sie concernant sa\u2026\",\"inLanguage\":\"fr-FR\",\"potentialAction\":[{\"@type\":\"ReadAction\",\"target\":[\"https:\/\/sport-index.fr\/blog\/a-la-une\/commotions-cerebrales-sebastien-chabal-evoque-son-amnesie-et-ses-souvenirs-effaces\/\"]}]},{\"@type\":\"ImageObject\",\"inLanguage\":\"fr-FR\",\"@id\":\"https:\/\/sport-index.fr\/blog\/a-la-une\/commotions-cerebrales-sebastien-chabal-evoque-son-amnesie-et-ses-souvenirs-effaces\/#primaryimage\",\"url\":\"https:\/\/sport-index.fr\/blog\/wp-content\/uploads\/2025\/05\/sdxl-f30f7fd73742bf5055c31d0da9082d30-scaled.png\",\"contentUrl\":\"https:\/\/sport-index.fr\/blog\/wp-content\/uploads\/2025\/05\/sdxl-f30f7fd73742bf5055c31d0da9082d30-scaled.png\",\"width\":1200,\"height\":500},{\"@type\":\"WebSite\",\"@id\":\"https:\/\/sport-index.fr\/blog\/#website\",\"url\":\"https:\/\/sport-index.fr\/blog\/\",\"name\":\"sport-index.fr\",\"description\":\"Le score de l\u2019analyse sportive.\",\"publisher\":{\"@id\":\"https:\/\/sport-index.fr\/blog\/#organization\"},\"alternateName\":\"Le score de l\u2019analyse sportive.\",\"potentialAction\":[{\"@type\":\"SearchAction\",\"target\":{\"@type\":\"EntryPoint\",\"urlTemplate\":\"https:\/\/sport-index.fr\/blog\/?s={search_term_string}\"},\"query-input\":{\"@type\":\"PropertyValueSpecification\",\"valueRequired\":true,\"valueName\":\"search_term_string\"}}],\"inLanguage\":\"fr-FR\"},{\"@type\":\"Organization\",\"@id\":\"https:\/\/sport-index.fr\/blog\/#organization\",\"name\":\"Foretsensations.fr\",\"url\":\"https:\/\/sport-index.fr\/blog\/\",\"logo\":{\"@type\":\"ImageObject\",\"inLanguage\":\"fr-FR\",\"@id\":\"https:\/\/sport-index.fr\/blog\/#\/schema\/logo\/image\/\",\"url\":\"https:\/\/sport-index.fr\/blog\/wp-content\/uploads\/2026\/07\/logo-auto.png\",\"contentUrl\":\"https:\/\/sport-index.fr\/blog\/wp-content\/uploads\/2026\/07\/logo-auto.png\",\"width\":1024,\"height\":1024,\"caption\":\"Foretsensations.fr\"},\"image\":{\"@id\":\"https:\/\/sport-index.fr\/blog\/#\/schema\/logo\/image\/\"}},{\"@type\":\"Person\",\"@id\":\"https:\/\/sport-index.fr\/blog\/#\/schema\/person\/3c864cdc320801e3db34b663e7e3f816\",\"name\":\"Axel Lauzier\",\"image\":{\"@type\":\"ImageObject\",\"inLanguage\":\"fr-FR\",\"@id\":\"https:\/\/sport-index.fr\/blog\/#\/schema\/person\/image\/\",\"url\":\"https:\/\/sport-index.fr\/blog\/wp-content\/uploads\/2026\/06\/persona_axel-l-96x96.jpg\",\"contentUrl\":\"https:\/\/sport-index.fr\/blog\/wp-content\/uploads\/2026\/06\/persona_axel-l-96x96.jpg\",\"caption\":\"Axel Lauzier\"},\"description\":\"Le sport rythme mon quotidien depuis l'enfance, et j'en ai fait mon m\u00e9tier d'analyste r\u00e9dactionnel il y a une dizaine d'ann\u00e9es. Je couvre principalement le football, son actualit\u00e9, ses transferts et l'analyse tactique des grandes affiches, mais aussi les disciplines plus confidentielles que j'aime remettre en lumi\u00e8re. Une partie de mon travail porte sur les pronostics et la lecture statistique d'un match : forme des \u00e9quipes, historique des confrontations, compositions, sans jamais vendre de fausse certitude. Je rappelle syst\u00e9matiquement que parier comporte un risque et doit rester un loisir ma\u00eetris\u00e9. Avant de signer une analyse, je v\u00e9rifie mes chiffres, je recoupe les compositions probables et je distingue toujours la donn\u00e9e brute de l'intuition. Mon objectif : offrir une lecture honn\u00eate et argument\u00e9e, pas un ticket gagnant garanti.\",\"sameAs\":[\"https:\/\/axellauzier.fr\/\"],\"url\":\"https:\/\/sport-index.fr\/blog\/auteur\/noname\/\"}]}<\/script>\n<!-- \/ Yoast SEO Premium plugin. -->","yoast_head_json":{"title":"commotions c\u00e9r\u00e9brales : s\u00e9bastien chabal \u00e9voque son amn\u00e9sie","description":"Un pass\u00e9 flou et des souvenirs envol\u00e9s L'ancien joueur de rugby S\u00e9bastien Chabal a r\u00e9cemment partag\u00e9 ses r\u00e9flexions sur son amn\u00e9sie concernant sa\u2026","robots":{"index":"index","follow":"follow","max-snippet":"max-snippet:-1","max-image-preview":"max-image-preview:large","max-video-preview":"max-video-preview:-1"},"canonical":"https:\/\/sport-index.fr\/blog\/a-la-une\/commotions-cerebrales-sebastien-chabal-evoque-son-amnesie-et-ses-souvenirs-effaces\/","og_locale":"fr_FR","og_type":"article","og_title":"commotions c\u00e9r\u00e9brales : s\u00e9bastien chabal \u00e9voque son amn\u00e9sie","og_description":"Un pass\u00e9 flou et des souvenirs envol\u00e9s L'ancien joueur de rugby S\u00e9bastien Chabal a r\u00e9cemment partag\u00e9 ses r\u00e9flexions sur son amn\u00e9sie concernant sa\u2026","og_url":"https:\/\/sport-index.fr\/blog\/a-la-une\/commotions-cerebrales-sebastien-chabal-evoque-son-amnesie-et-ses-souvenirs-effaces\/","og_site_name":"sport-index","author":"Axel Lauzier","twitter_card":"summary_large_image","schema":{"@context":"https:\/\/schema.org","@graph":[{"@type":"NewsArticle","@id":"https:\/\/sport-index.fr\/blog\/a-la-une\/commotions-cerebrales-sebastien-chabal-evoque-son-amnesie-et-ses-souvenirs-effaces\/#article","isPartOf":{"@id":"https:\/\/sport-index.fr\/blog\/a-la-une\/commotions-cerebrales-sebastien-chabal-evoque-son-amnesie-et-ses-souvenirs-effaces\/"},"author":{"name":"Axel Lauzier","@id":"https:\/\/sport-index.fr\/blog\/#\/schema\/person\/3c864cdc320801e3db34b663e7e3f816"},"headline":"commotions c\u00e9r\u00e9brales : s\u00e9bastien chabal \u00e9voque son amn\u00e9sie et ses souvenirs effac\u00e9s","datePublished":"2025-04-20T20:22:31+00:00","mainEntityOfPage":{"@id":"https:\/\/sport-index.fr\/blog\/a-la-une\/commotions-cerebrales-sebastien-chabal-evoque-son-amnesie-et-ses-souvenirs-effaces\/"},"wordCount":653,"commentCount":14,"publisher":{"@id":"https:\/\/sport-index.fr\/blog\/#organization"},"image":{"@id":"https:\/\/sport-index.fr\/blog\/a-la-une\/commotions-cerebrales-sebastien-chabal-evoque-son-amnesie-et-ses-souvenirs-effaces\/#primaryimage"},"thumbnailUrl":"https:\/\/sport-index.fr\/blog\/wp-content\/uploads\/2025\/05\/sdxl-f30f7fd73742bf5055c31d0da9082d30-scaled.png","keywords":["Commotions c\u00e9r\u00e9brales","Gestion des Talents","Performance Athl\u00e9tique","Rugby","Sant\u00e9 des Joueurs"],"articleSection":["\u00c0 la une"],"inLanguage":"fr-FR","potentialAction":[{"@type":"CommentAction","name":"Comment","target":["https:\/\/sport-index.fr\/blog\/a-la-une\/commotions-cerebrales-sebastien-chabal-evoque-son-amnesie-et-ses-souvenirs-effaces\/#respond"]}]},{"@type":"WebPage","@id":"https:\/\/sport-index.fr\/blog\/a-la-une\/commotions-cerebrales-sebastien-chabal-evoque-son-amnesie-et-ses-souvenirs-effaces\/","url":"https:\/\/sport-index.fr\/blog\/a-la-une\/commotions-cerebrales-sebastien-chabal-evoque-son-amnesie-et-ses-souvenirs-effaces\/","name":"commotions c\u00e9r\u00e9brales : s\u00e9bastien chabal \u00e9voque son amn\u00e9sie","isPartOf":{"@id":"https:\/\/sport-index.fr\/blog\/#website"},"primaryImageOfPage":{"@id":"https:\/\/sport-index.fr\/blog\/a-la-une\/commotions-cerebrales-sebastien-chabal-evoque-son-amnesie-et-ses-souvenirs-effaces\/#primaryimage"},"image":{"@id":"https:\/\/sport-index.fr\/blog\/a-la-une\/commotions-cerebrales-sebastien-chabal-evoque-son-amnesie-et-ses-souvenirs-effaces\/#primaryimage"},"thumbnailUrl":"https:\/\/sport-index.fr\/blog\/wp-content\/uploads\/2025\/05\/sdxl-f30f7fd73742bf5055c31d0da9082d30-scaled.png","datePublished":"2025-04-20T20:22:31+00:00","description":"Un pass\u00e9 flou et des souvenirs envol\u00e9s L'ancien joueur de rugby S\u00e9bastien Chabal a r\u00e9cemment partag\u00e9 ses r\u00e9flexions sur son amn\u00e9sie concernant sa\u2026","inLanguage":"fr-FR","potentialAction":[{"@type":"ReadAction","target":["https:\/\/sport-index.fr\/blog\/a-la-une\/commotions-cerebrales-sebastien-chabal-evoque-son-amnesie-et-ses-souvenirs-effaces\/"]}]},{"@type":"ImageObject","inLanguage":"fr-FR","@id":"https:\/\/sport-index.fr\/blog\/a-la-une\/commotions-cerebrales-sebastien-chabal-evoque-son-amnesie-et-ses-souvenirs-effaces\/#primaryimage","url":"https:\/\/sport-index.fr\/blog\/wp-content\/uploads\/2025\/05\/sdxl-f30f7fd73742bf5055c31d0da9082d30-scaled.png","contentUrl":"https:\/\/sport-index.fr\/blog\/wp-content\/uploads\/2025\/05\/sdxl-f30f7fd73742bf5055c31d0da9082d30-scaled.png","width":1200,"height":500},{"@type":"WebSite","@id":"https:\/\/sport-index.fr\/blog\/#website","url":"https:\/\/sport-index.fr\/blog\/","name":"sport-index.fr","description":"Le score de l\u2019analyse sportive.","publisher":{"@id":"https:\/\/sport-index.fr\/blog\/#organization"},"alternateName":"Le score de l\u2019analyse sportive.","potentialAction":[{"@type":"SearchAction","target":{"@type":"EntryPoint","urlTemplate":"https:\/\/sport-index.fr\/blog\/?s={search_term_string}"},"query-input":{"@type":"PropertyValueSpecification","valueRequired":true,"valueName":"search_term_string"}}],"inLanguage":"fr-FR"},{"@type":"Organization","@id":"https:\/\/sport-index.fr\/blog\/#organization","name":"Foretsensations.fr","url":"https:\/\/sport-index.fr\/blog\/","logo":{"@type":"ImageObject","inLanguage":"fr-FR","@id":"https:\/\/sport-index.fr\/blog\/#\/schema\/logo\/image\/","url":"https:\/\/sport-index.fr\/blog\/wp-content\/uploads\/2026\/07\/logo-auto.png","contentUrl":"https:\/\/sport-index.fr\/blog\/wp-content\/uploads\/2026\/07\/logo-auto.png","width":1024,"height":1024,"caption":"Foretsensations.fr"},"image":{"@id":"https:\/\/sport-index.fr\/blog\/#\/schema\/logo\/image\/"}},{"@type":"Person","@id":"https:\/\/sport-index.fr\/blog\/#\/schema\/person\/3c864cdc320801e3db34b663e7e3f816","name":"Axel Lauzier","image":{"@type":"ImageObject","inLanguage":"fr-FR","@id":"https:\/\/sport-index.fr\/blog\/#\/schema\/person\/image\/","url":"https:\/\/sport-index.fr\/blog\/wp-content\/uploads\/2026\/06\/persona_axel-l-96x96.jpg","contentUrl":"https:\/\/sport-index.fr\/blog\/wp-content\/uploads\/2026\/06\/persona_axel-l-96x96.jpg","caption":"Axel Lauzier"},"description":"Le sport rythme mon quotidien depuis l'enfance, et j'en ai fait mon m\u00e9tier d'analyste r\u00e9dactionnel il y a une dizaine d'ann\u00e9es. Je couvre principalement le football, son actualit\u00e9, ses transferts et l'analyse tactique des grandes affiches, mais aussi les disciplines plus confidentielles que j'aime remettre en lumi\u00e8re. Une partie de mon travail porte sur les pronostics et la lecture statistique d'un match : forme des \u00e9quipes, historique des confrontations, compositions, sans jamais vendre de fausse certitude. Je rappelle syst\u00e9matiquement que parier comporte un risque et doit rester un loisir ma\u00eetris\u00e9. Avant de signer une analyse, je v\u00e9rifie mes chiffres, je recoupe les compositions probables et je distingue toujours la donn\u00e9e brute de l'intuition. Mon objectif : offrir une lecture honn\u00eate et argument\u00e9e, pas un ticket gagnant garanti.","sameAs":["https:\/\/axellauzier.fr\/"],"url":"https:\/\/sport-index.fr\/blog\/auteur\/noname\/"}]}},"_links":{"self":[{"href":"https:\/\/sport-index.fr\/blog\/wp-json\/wp\/v2\/posts\/14025","targetHints":{"allow":["GET"]}}],"collection":[{"href":"https:\/\/sport-index.fr\/blog\/wp-json\/wp\/v2\/posts"}],"about":[{"href":"https:\/\/sport-index.fr\/blog\/wp-json\/wp\/v2\/types\/post"}],"author":[{"embeddable":true,"href":"https:\/\/sport-index.fr\/blog\/wp-json\/wp\/v2\/users\/34"}],"replies":[{"embeddable":true,"href":"https:\/\/sport-index.fr\/blog\/wp-json\/wp\/v2\/comments?post=14025"}],"version-history":[{"count":1,"href":"https:\/\/sport-index.fr\/blog\/wp-json\/wp\/v2\/posts\/14025\/revisions"}],"predecessor-version":[{"id":14026,"href":"https:\/\/sport-index.fr\/blog\/wp-json\/wp\/v2\/posts\/14025\/revisions\/14026"}],"wp:featuredmedia":[{"embeddable":true,"href":"https:\/\/sport-index.fr\/blog\/wp-json\/wp\/v2\/media\/15132"}],"wp:attachment":[{"href":"https:\/\/sport-index.fr\/blog\/wp-json\/wp\/v2\/media?parent=14025"}],"wp:term":[{"taxonomy":"category","embeddable":true,"href":"https:\/\/sport-index.fr\/blog\/wp-json\/wp\/v2\/categories?post=14025"},{"taxonomy":"post_tag","embeddable":true,"href":"https:\/\/sport-index.fr\/blog\/wp-json\/wp\/v2\/tags?post=14025"}],"curies":[{"name":"wp","href":"https:\/\/api.w.org\/{rel}","templated":true}]}}