{"id":14109,"date":"2026-06-16T14:56:26","date_gmt":"2026-06-16T12:56:26","guid":{"rendered":"https:\/\/sport-index.fr\/blog\/?p=14109"},"modified":"2026-06-16T14:56:26","modified_gmt":"2026-06-16T12:56:26","slug":"nevers-se-reinvente-pour-la-saison-prochaine-un-nouveau-depart-et-un-avenir-prometteur","status":"publish","type":"post","link":"https:\/\/sport-index.fr\/blog\/a-la-une\/nevers-se-reinvente-pour-la-saison-prochaine-un-nouveau-depart-et-un-avenir-prometteur\/","title":{"rendered":"nevers se r\u00e9invente pour la saison prochaine : un nouveau d\u00e9part et un avenir prometteur"},"content":{"rendered":"<link rel=\"stylesheet\" href=\"https:\/\/fonts.googleapis.com\/css2?family=Newsreader:ital,opsz,wght@0,6..72,500;0,6..72,600;0,6..72,700;1,6..72,500;1,6..72,600&#038;family=Inter:wght@400;500;600&#038;family=JetBrains+Mono:wght@500&#038;display=swap\">\n<style>\n.snn-actu-wrap{font-family:\"Inter\",system-ui,sans-serif;color:#1b1f24;line-height:1.65;font-size:17px;max-width:760px;margin:0 auto}\n.snn-actu-wrap h2{font-family:\"Newsreader\",Georgia,serif;font-weight:700;font-size:clamp(24px,3.2vw,33px);line-height:1.18;letter-spacing:-.01em;color:#10141a;margin:52px 0 16px}\n.snn-actu-wrap p{margin:0 0 18px}\n.snn-actu-dateline{font-family:\"JetBrains Mono\",ui-monospace,monospace;font-weight:500;font-size:12.5px;letter-spacing:.08em;text-transform:uppercase;color:#9a2a2a;margin:0 0 14px}\n.snn-actu-lead{font-family:\"Newsreader\",Georgia,serif;font-weight:500;font-size:clamp(19px,2.3vw,22px);line-height:1.5;color:#2b3138;margin:0 0 30px}\n.snn-actu-ess{background:#fbf3f1;border-left:5px solid #9a2a2a;border-radius:8px;padding:22px 26px;margin:0 0 38px;box-shadow:0 1px 2px rgba(16,24,40,.05),0 12px 28px -18px rgba(154,42,42,.28)}\n.snn-actu-ess .snn-actu-kick{font-family:\"JetBrains Mono\",ui-monospace,monospace;font-weight:500;font-size:12px;letter-spacing:.1em;text-transform:uppercase;color:#9a2a2a;margin-bottom:12px}\n.snn-actu-ess ul{margin:0;padding-left:0;list-style:none}\n.snn-actu-ess li{position:relative;padding-left:24px;margin:0 0 11px;font-size:16.5px}\n.snn-actu-ess li:last-child{margin-bottom:0}\n.snn-actu-ess li::before{content:\"\u203a\";position:absolute;left:4px;top:-1px;color:#9a2a2a;font-weight:700;font-size:19px}\n.snn-actu-ess li b{color:#10141a}\n.snn-actu-quote{font-family:\"Newsreader\",Georgia,serif;font-style:italic;font-weight:600;font-size:clamp(21px,2.7vw,27px);line-height:1.4;color:#10141a;border-left:4px solid #9a2a2a;padding:6px 0 6px 24px;margin:36px 0}\n.snn-actu-quote .snn-actu-cite{display:block;font-family:\"JetBrains Mono\",ui-monospace,monospace;font-style:normal;font-weight:500;font-size:12.5px;letter-spacing:.05em;color:#6b7178;margin-top:14px}\n.snn-actu-grid{display:grid;grid-template-columns:repeat(auto-fit,minmax(210px,1fr));gap:22px;margin:34px 0}\n.snn-actu-card{background:#fff;border:1px solid #e7e3df;border-top:3px solid #9a2a2a;border-radius:10px;padding:22px 22px;transition:.25s ease;box-shadow:0 1px 2px rgba(16,24,40,.04)}\n.snn-actu-card:hover{transform:translateY(-3px);box-shadow:0 1px 2px rgba(16,24,40,.06),0 16px 30px -18px rgba(16,24,40,.3)}\n.snn-actu-card .snn-actu-ct{font-family:\"JetBrains Mono\",ui-monospace,monospace;font-weight:500;font-size:11.5px;letter-spacing:.08em;text-transform:uppercase;color:#9a2a2a;margin-bottom:10px}\n.snn-actu-card .snn-actu-cv{font-family:\"Inter\",sans-serif;font-size:15.5px;line-height:1.5;color:#2b3138}\n.snn-actu-retenir{background:#10141a;color:#f3efe9;border-radius:12px;padding:26px 28px;margin:42px 0}\n.snn-actu-retenir .snn-actu-kick{font-family:\"JetBrains Mono\",ui-monospace,monospace;font-weight:500;font-size:12px;letter-spacing:.12em;text-transform:uppercase;color:#e0a489;margin-bottom:14px}\n.snn-actu-retenir ul{margin:0;padding-left:0;list-style:none}\n.snn-actu-retenir li{position:relative;padding-left:22px;margin:0 0 10px;font-size:16px;line-height:1.55}\n.snn-actu-retenir li:last-child{margin-bottom:0}\n.snn-actu-retenir li::before{content:\"\u2014\";position:absolute;left:0;color:#e0a489}\n.snn-actu-faq{margin:42px 0 8px}\n.snn-actu-faq>.snn-actu-kick{font-family:\"Newsreader\",Georgia,serif;font-weight:700;font-size:clamp(22px,3vw,30px);color:#10141a;margin-bottom:18px}\n.snn-actu-faq details{border:1px solid #e7e3df;border-radius:10px;padding:0;margin-bottom:12px;background:#fff;transition:.25s ease}\n.snn-actu-faq details:hover{box-shadow:0 10px 24px -18px rgba(16,24,40,.35)}\n.snn-actu-faq summary{cursor:pointer;list-style:none;padding:16px 20px;font-family:\"Inter\",sans-serif;font-weight:600;font-size:16.5px;color:#10141a;display:flex;justify-content:space-between;align-items:center;gap:14px}\n.snn-actu-faq summary::-webkit-details-marker{display:none}\n.snn-actu-faq summary::after{content:\"+\";color:#9a2a2a;font-weight:700;font-size:22px;line-height:1;flex:0 0 auto}\n.snn-actu-faq details[open] summary::after{content:\"\u2013\"}\n.snn-actu-faq .snn-actu-ans{padding:0 20px 18px;font-size:16px;line-height:1.6;color:#3a4047}\n@media(max-width:640px){.snn-actu-wrap{font-size:16.5px}}\n\/*RENDERFIX2*\/.snn-actu-retenir{color:#eef3f9!important}.snn-actu-retenir p,.snn-actu-retenir li,.snn-actu-retenir strong,.snn-actu-retenir em,.snn-actu-retenir a,.snn-actu-retenir span,.snn-actu-retenir b,.snn-actu-retenir td,.snn-actu-retenir th,.snn-actu-retenir h2,.snn-actu-retenir h3,.snn-actu-retenir h4{color:#eef3f9!important}.snn-actu-retenir strong,.snn-actu-retenir b{color:#ffffff!important}<\/style>\n<div class=\"snn-actu-wrap\">\n<div class=\"snn-actu-dateline\">Pro D2 \u00b7 Rugby \u00b7 Nevers<\/div>\n<p class=\"snn-actu-lead\">\u00c0 l&rsquo;approche de sa neuvi\u00e8me saison en Pro D2, l&rsquo;USON Nevers entame un profond renouvellement : dix recrues, un staff remani\u00e9 autour de Coenie Basson et un cap clairement assum\u00e9 par le pr\u00e9sident R\u00e9gis Dumange, celui d&rsquo;un club tourn\u00e9 vers la formation.<\/p>\n<div class=\"snn-actu-ess\">\n<div class=\"snn-actu-kick\">L&rsquo;essentiel<\/div>\n<ul>\n<li><b>Quoi \u2014<\/b> Nevers pr\u00e9pare sa prochaine saison de Pro D2 avec un effectif largement remani\u00e9 : dix arriv\u00e9es, quatorze d\u00e9parts.<\/li>\n<li><b>Qui \u2014<\/b> Le nouveau manager Coenie Basson et le pr\u00e9sident R\u00e9gis Dumange portent ce projet, avec l&rsquo;arriv\u00e9e du champion olympique Varian Pasquet.<\/li>\n<li><b>Pourquoi \u00e7a compte \u2014<\/b> Le club assume un mod\u00e8le b\u00e2ti sur la formation et les jeunes talents plut\u00f4t que sur la course aux gros salaires.<\/li>\n<\/ul>\n<\/div>\n<p>Avec un recrutement ambitieux comprenant dix nouvelles recrues, dont le c\u00e9l\u00e8bre champion olympique Varian Pasquet, le club ne se contente pas de maintenir son niveau en Pro D2, mais vise \u00e0 \u00e9tablir une nouvelle dynamique. Le pr\u00e9sident R\u00e9gis Dumange a partag\u00e9 sa vision pour l&rsquo;avenir, marqu\u00e9e par des d\u00e9parts notables et une volont\u00e9 de renforcer la formation.<\/p>\n<h2>Une \u00e9quipe en pleine mutation<\/h2>\n<p>Le club de Nevers aborde sa neuvi\u00e8me saison en Pro D2 avec un effectif largement remani\u00e9. En effet, quatorze joueurs ont quitt\u00e9 le navire, tandis que dix nouveaux visages int\u00e8grent l&rsquo;\u00e9quipe. Ce renouvellement s&rsquo;inscrit dans une volont\u00e9 de cr\u00e9er une \u00e9quipe comp\u00e9titive tout en misant sur des talents prometteurs issus de la formation.<\/p>\n<p>Les d\u00e9parts des figures embl\u00e9matiques comme Xavier P\u00e9m\u00e9ja, S\u00e9bastien Fouassier et Guillaume Jan marquent la fin d&rsquo;une \u00e8re. C&rsquo;est une opportunit\u00e9 pour le nouveau manager Coenie Basson d&rsquo;impl\u00e9menter sa vision du jeu, tout en continuant \u00e0 s&rsquo;appuyer sur les valeurs du club. La stabilit\u00e9 et la confiance, essentielles dans le monde du rugby, seront des piliers de cette nouvelle organisation.<\/p>\n<h2>Un staff renouvel\u00e9 pour des ambitions grandissantes<\/h2>\n<p>Le changement de staff s&rsquo;accompagne d&rsquo;une volont\u00e9 de moderniser les m\u00e9thodes d&rsquo;entra\u00eenement et d&rsquo;analyse. Coenie Basson, fort de son exp\u00e9rience avec le club, s&rsquo;entoure d&rsquo;une \u00e9quipe de collaborateurs aguerris pour mener \u00e0 bien cette mission. Parmi eux, Manu Cabanes et Phillip Van Schalkwyk, qui connaissent bien les rouages du club, apporteront une continuit\u00e9 pr\u00e9cieuse.<\/p>\n<p>La pr\u00e9paration physique sera \u00e9galement revue avec l&rsquo;arriv\u00e9e de nouveaux sp\u00e9cialistes. Le pr\u00e9sident Dumange souligne l&rsquo;importance de cette \u00e9volution :<\/p>\n<div class=\"snn-actu-quote\">\n\u00ab\u00a0Il faut que notre \u00e9quipe soit non seulement comp\u00e9titive, mais aussi capable de d\u00e9velopper de jeunes joueurs qui deviendront les stars de demain.\u00a0\u00bb<br \/>\n<span class=\"snn-actu-cite\">R\u00e9gis Dumange, pr\u00e9sident de l&rsquo;USON Nevers<\/span>\n<\/div>\n<p>Il est clair que Nevers ne veut pas seulement survivre, mais briller sur le long terme.<\/p>\n<h2>Un axe de formation et de d\u00e9veloppement des jeunes<\/h2>\n<p>R\u00e9gis Dumange souhaite que Nevers soit reconnu comme un club formateur de premier plan. La philosophie de l&rsquo;\u00e9quipe repose sur l&rsquo;int\u00e9gration de jeunes talents, avec en moyenne 8,5 espoirs sur chaque feuille de match. Ce mod\u00e8le \u00e9conomique et sportif vise \u00e0 construire un avenir solide sans entrer dans la course \u00e0 l&rsquo;armement des joueurs.<\/p>\n<p>Pour souligner cet engagement, Dumange a mentionn\u00e9 plusieurs clubs mod\u00e8les tels qu&rsquo;Auch, Agen et Massy, qui ont su faire \u00e9merger des talents locaux. En misant sur la jeunesse, Nevers entend non seulement renforcer ses rangs, mais aussi cr\u00e9er une identit\u00e9 forte autour de ses joueurs. Les supporters peuvent donc s&rsquo;attendre \u00e0 voir \u00e9merger de futures stars du rugby.<\/p>\n<div class=\"snn-actu-grid\">\n<div class=\"snn-actu-card\">\n<div class=\"snn-actu-ct\">Arriv\u00e9es notables<\/div>\n<div class=\"snn-actu-cv\">Varian Pasquet, Luka Petriashvili, Keynan Knox.<\/div>\n<\/div>\n<div class=\"snn-actu-card\">\n<div class=\"snn-actu-ct\">Prolongations importantes<\/div>\n<div class=\"snn-actu-cv\">Aselo Ikahehegi, Maxence Barjaud, Julien Kazubek.<\/div>\n<\/div>\n<div class=\"snn-actu-card\">\n<div class=\"snn-actu-ct\">D\u00e9parts marquants<\/div>\n<div class=\"snn-actu-cv\">Alivereti Loaloa, Arthur Mathiron, Jordan Seneca.<\/div>\n<\/div>\n<\/div>\n<p>En somme, le club de Nevers se pr\u00e9pare \u00e0 une saison pleine de d\u00e9fis et d&rsquo;opportunit\u00e9s. Avec une \u00e9quipe renouvel\u00e9e, une structure de staff dynamique et une vision ax\u00e9e sur la formation, les supporters peuvent s&rsquo;attendre \u00e0 des moments palpitants. L&rsquo;avenir s&rsquo;annonce prometteur pour ce club qui entend allier tradition et innovation sur le terrain.<\/p>\n<div class=\"snn-actu-retenir\">\n<div class=\"snn-actu-kick\">\u00c0 retenir<\/div>\n<ul>\n<li>Effectif remani\u00e9 pour la prochaine saison de Pro D2 : dix arriv\u00e9es, quatorze d\u00e9parts.<\/li>\n<li>Coenie Basson prend la t\u00eate du staff, \u00e9paul\u00e9 par Manu Cabanes et Phillip Van Schalkwyk.<\/li>\n<li>Le cap fix\u00e9 par R\u00e9gis Dumange : la formation et les jeunes talents, avec 8,5 espoirs en moyenne par feuille de match.<\/li>\n<\/ul>\n<\/div>\n<div class=\"snn-actu-faq\">\n<div class=\"snn-actu-kick\">Questions fr\u00e9quentes<\/div>\n<details>\n<summary>Combien de joueurs arrivent et partent \u00e0 Nevers ?<\/summary>\n<div class=\"snn-actu-ans\">Pour pr\u00e9parer sa neuvi\u00e8me saison en Pro D2, le club enregistre dix arriv\u00e9es et quatorze d\u00e9parts, soit un effectif largement remani\u00e9.<\/div>\n<\/details>\n<details>\n<summary>Qui est le nouveau manager de l&rsquo;USON Nevers ?<\/summary>\n<div class=\"snn-actu-ans\">Coenie Basson, d\u00e9j\u00e0 familier du club, prend la t\u00eate du staff. Il s&rsquo;appuie notamment sur Manu Cabanes et Phillip Van Schalkwyk pour assurer la continuit\u00e9.<\/div>\n<\/details>\n<details>\n<summary>Quelle est la strat\u00e9gie sportive du club ?<\/summary>\n<div class=\"snn-actu-ans\">Le pr\u00e9sident R\u00e9gis Dumange veut faire de Nevers un club formateur de premier plan, en misant sur les jeunes talents (8,5 espoirs en moyenne par feuille de match) plut\u00f4t que sur la course aux salaires.<\/div>\n<\/details>\n<\/div>\n<\/div>\n","protected":false},"excerpt":{"rendered":"","protected":false},"author":34,"featured_media":15117,"comment_status":"open","ping_status":"open","sticky":false,"template":"","format":"standard","meta":{"_acf_changed":false,"manual_indexmenow":false,"indexmenow_id_project":0,"footnotes":""},"categories":[1],"tags":[4544,4561,4885,4693,4536],"class_list":["post-14109","post","type-post","status-publish","format-standard","has-post-thumbnail","hentry","category-a-la-une","tag-equipe","tag-gestion-des-talents","tag-preparation-mentale","tag-pro-d2","tag-rugby","generate-columns","tablet-grid-50","mobile-grid-100","grid-parent","grid-25"],"acf":[],"yoast_head":"<!-- This site is optimized with the Yoast SEO Premium plugin v21.3 (Yoast SEO v26.5) - https:\/\/yoast.com\/wordpress\/plugins\/seo\/ -->\n<title>nevers se r\u00e9invente pour la saison prochaine : un nouveau<\/title>\n<meta name=\"description\" content=\"Pro D2 \u00b7 Rugby \u00b7 Nevers \u00c0 l&#039;approche de sa neuvi\u00e8me saison en Pro D2, l&#039;USON Nevers entame un profond renouvellement : dix recrues, un staff remani\u00e9\u2026\" \/>\n<meta name=\"robots\" content=\"index, follow, max-snippet:-1, max-image-preview:large, max-video-preview:-1\" \/>\n<link rel=\"canonical\" href=\"https:\/\/sport-index.fr\/blog\/a-la-une\/nevers-se-reinvente-pour-la-saison-prochaine-un-nouveau-depart-et-un-avenir-prometteur\/\" \/>\n<meta property=\"og:locale\" content=\"fr_FR\" \/>\n<meta property=\"og:type\" content=\"article\" \/>\n<meta property=\"og:title\" content=\"nevers se r\u00e9invente pour la saison prochaine : un nouveau\" \/>\n<meta property=\"og:description\" content=\"Pro D2 \u00b7 Rugby \u00b7 Nevers \u00c0 l&#039;approche de sa neuvi\u00e8me saison en Pro D2, l&#039;USON Nevers entame un profond renouvellement : dix recrues, un staff remani\u00e9\u2026\" \/>\n<meta property=\"og:url\" content=\"https:\/\/sport-index.fr\/blog\/a-la-une\/nevers-se-reinvente-pour-la-saison-prochaine-un-nouveau-depart-et-un-avenir-prometteur\/\" \/>\n<meta property=\"og:site_name\" content=\"sport-index\" \/>\n<meta name=\"author\" content=\"Axel Lauzier\" \/>\n<meta name=\"twitter:card\" content=\"summary_large_image\" \/>\n<script type=\"application\/ld+json\" class=\"yoast-schema-graph\">{\"@context\":\"https:\/\/schema.org\",\"@graph\":[{\"@type\":\"NewsArticle\",\"@id\":\"https:\/\/sport-index.fr\/blog\/a-la-une\/nevers-se-reinvente-pour-la-saison-prochaine-un-nouveau-depart-et-un-avenir-prometteur\/#article\",\"isPartOf\":{\"@id\":\"https:\/\/sport-index.fr\/blog\/a-la-une\/nevers-se-reinvente-pour-la-saison-prochaine-un-nouveau-depart-et-un-avenir-prometteur\/\"},\"author\":{\"name\":\"Axel Lauzier\",\"@id\":\"https:\/\/sport-index.fr\/blog\/#\/schema\/person\/3c864cdc320801e3db34b663e7e3f816\"},\"headline\":\"nevers se r\u00e9invente pour la saison prochaine : un nouveau d\u00e9part et un avenir prometteur\",\"datePublished\":\"2026-06-16T12:56:26+00:00\",\"mainEntityOfPage\":{\"@id\":\"https:\/\/sport-index.fr\/blog\/a-la-une\/nevers-se-reinvente-pour-la-saison-prochaine-un-nouveau-depart-et-un-avenir-prometteur\/\"},\"wordCount\":868,\"commentCount\":26,\"publisher\":{\"@id\":\"https:\/\/sport-index.fr\/blog\/#organization\"},\"image\":{\"@id\":\"https:\/\/sport-index.fr\/blog\/a-la-une\/nevers-se-reinvente-pour-la-saison-prochaine-un-nouveau-depart-et-un-avenir-prometteur\/#primaryimage\"},\"thumbnailUrl\":\"https:\/\/sport-index.fr\/blog\/wp-content\/uploads\/2025\/05\/sdxl-235df8ff8161e6607ffb4479516e16ba-scaled.png\",\"keywords\":[\"\u00c9quipe\",\"Gestion des Talents\",\"Pr\u00e9paration Mentale\",\"Pro D2\",\"Rugby\"],\"articleSection\":[\"\u00c0 la une\"],\"inLanguage\":\"fr-FR\",\"potentialAction\":[{\"@type\":\"CommentAction\",\"name\":\"Comment\",\"target\":[\"https:\/\/sport-index.fr\/blog\/a-la-une\/nevers-se-reinvente-pour-la-saison-prochaine-un-nouveau-depart-et-un-avenir-prometteur\/#respond\"]}]},{\"@type\":\"WebPage\",\"@id\":\"https:\/\/sport-index.fr\/blog\/a-la-une\/nevers-se-reinvente-pour-la-saison-prochaine-un-nouveau-depart-et-un-avenir-prometteur\/\",\"url\":\"https:\/\/sport-index.fr\/blog\/a-la-une\/nevers-se-reinvente-pour-la-saison-prochaine-un-nouveau-depart-et-un-avenir-prometteur\/\",\"name\":\"nevers se r\u00e9invente pour la saison prochaine : un nouveau\",\"isPartOf\":{\"@id\":\"https:\/\/sport-index.fr\/blog\/#website\"},\"primaryImageOfPage\":{\"@id\":\"https:\/\/sport-index.fr\/blog\/a-la-une\/nevers-se-reinvente-pour-la-saison-prochaine-un-nouveau-depart-et-un-avenir-prometteur\/#primaryimage\"},\"image\":{\"@id\":\"https:\/\/sport-index.fr\/blog\/a-la-une\/nevers-se-reinvente-pour-la-saison-prochaine-un-nouveau-depart-et-un-avenir-prometteur\/#primaryimage\"},\"thumbnailUrl\":\"https:\/\/sport-index.fr\/blog\/wp-content\/uploads\/2025\/05\/sdxl-235df8ff8161e6607ffb4479516e16ba-scaled.png\",\"datePublished\":\"2026-06-16T12:56:26+00:00\",\"description\":\"Pro D2 \u00b7 Rugby \u00b7 Nevers \u00c0 l'approche de sa neuvi\u00e8me saison en Pro D2, l'USON Nevers entame un profond renouvellement : dix recrues, un staff remani\u00e9\u2026\",\"inLanguage\":\"fr-FR\",\"potentialAction\":[{\"@type\":\"ReadAction\",\"target\":[\"https:\/\/sport-index.fr\/blog\/a-la-une\/nevers-se-reinvente-pour-la-saison-prochaine-un-nouveau-depart-et-un-avenir-prometteur\/\"]}]},{\"@type\":\"ImageObject\",\"inLanguage\":\"fr-FR\",\"@id\":\"https:\/\/sport-index.fr\/blog\/a-la-une\/nevers-se-reinvente-pour-la-saison-prochaine-un-nouveau-depart-et-un-avenir-prometteur\/#primaryimage\",\"url\":\"https:\/\/sport-index.fr\/blog\/wp-content\/uploads\/2025\/05\/sdxl-235df8ff8161e6607ffb4479516e16ba-scaled.png\",\"contentUrl\":\"https:\/\/sport-index.fr\/blog\/wp-content\/uploads\/2025\/05\/sdxl-235df8ff8161e6607ffb4479516e16ba-scaled.png\",\"width\":1200,\"height\":500},{\"@type\":\"WebSite\",\"@id\":\"https:\/\/sport-index.fr\/blog\/#website\",\"url\":\"https:\/\/sport-index.fr\/blog\/\",\"name\":\"sport-index.fr\",\"description\":\"Le score de l\u2019analyse sportive.\",\"publisher\":{\"@id\":\"https:\/\/sport-index.fr\/blog\/#organization\"},\"alternateName\":\"Le score de l\u2019analyse sportive.\",\"potentialAction\":[{\"@type\":\"SearchAction\",\"target\":{\"@type\":\"EntryPoint\",\"urlTemplate\":\"https:\/\/sport-index.fr\/blog\/?s={search_term_string}\"},\"query-input\":{\"@type\":\"PropertyValueSpecification\",\"valueRequired\":true,\"valueName\":\"search_term_string\"}}],\"inLanguage\":\"fr-FR\"},{\"@type\":\"Organization\",\"@id\":\"https:\/\/sport-index.fr\/blog\/#organization\",\"name\":\"Foretsensations.fr\",\"url\":\"https:\/\/sport-index.fr\/blog\/\",\"logo\":{\"@type\":\"ImageObject\",\"inLanguage\":\"fr-FR\",\"@id\":\"https:\/\/sport-index.fr\/blog\/#\/schema\/logo\/image\/\",\"url\":\"https:\/\/sport-index.fr\/blog\/wp-content\/uploads\/2026\/07\/logo-auto.png\",\"contentUrl\":\"https:\/\/sport-index.fr\/blog\/wp-content\/uploads\/2026\/07\/logo-auto.png\",\"width\":1024,\"height\":1024,\"caption\":\"Foretsensations.fr\"},\"image\":{\"@id\":\"https:\/\/sport-index.fr\/blog\/#\/schema\/logo\/image\/\"}},{\"@type\":\"Person\",\"@id\":\"https:\/\/sport-index.fr\/blog\/#\/schema\/person\/3c864cdc320801e3db34b663e7e3f816\",\"name\":\"Axel Lauzier\",\"image\":{\"@type\":\"ImageObject\",\"inLanguage\":\"fr-FR\",\"@id\":\"https:\/\/sport-index.fr\/blog\/#\/schema\/person\/image\/\",\"url\":\"https:\/\/sport-index.fr\/blog\/wp-content\/uploads\/2026\/06\/persona_axel-l-96x96.jpg\",\"contentUrl\":\"https:\/\/sport-index.fr\/blog\/wp-content\/uploads\/2026\/06\/persona_axel-l-96x96.jpg\",\"caption\":\"Axel Lauzier\"},\"description\":\"Le sport rythme mon quotidien depuis l'enfance, et j'en ai fait mon m\u00e9tier d'analyste r\u00e9dactionnel il y a une dizaine d'ann\u00e9es. Je couvre principalement le football, son actualit\u00e9, ses transferts et l'analyse tactique des grandes affiches, mais aussi les disciplines plus confidentielles que j'aime remettre en lumi\u00e8re. Une partie de mon travail porte sur les pronostics et la lecture statistique d'un match : forme des \u00e9quipes, historique des confrontations, compositions, sans jamais vendre de fausse certitude. Je rappelle syst\u00e9matiquement que parier comporte un risque et doit rester un loisir ma\u00eetris\u00e9. Avant de signer une analyse, je v\u00e9rifie mes chiffres, je recoupe les compositions probables et je distingue toujours la donn\u00e9e brute de l'intuition. Mon objectif : offrir une lecture honn\u00eate et argument\u00e9e, pas un ticket gagnant garanti.\",\"sameAs\":[\"https:\/\/axellauzier.fr\/\"],\"url\":\"https:\/\/sport-index.fr\/blog\/auteur\/noname\/\"}]}<\/script>\n<!-- \/ Yoast SEO Premium plugin. -->","yoast_head_json":{"title":"nevers se r\u00e9invente pour la saison prochaine : un nouveau","description":"Pro D2 \u00b7 Rugby \u00b7 Nevers \u00c0 l'approche de sa neuvi\u00e8me saison en Pro D2, l'USON Nevers entame un profond renouvellement : dix recrues, un staff remani\u00e9\u2026","robots":{"index":"index","follow":"follow","max-snippet":"max-snippet:-1","max-image-preview":"max-image-preview:large","max-video-preview":"max-video-preview:-1"},"canonical":"https:\/\/sport-index.fr\/blog\/a-la-une\/nevers-se-reinvente-pour-la-saison-prochaine-un-nouveau-depart-et-un-avenir-prometteur\/","og_locale":"fr_FR","og_type":"article","og_title":"nevers se r\u00e9invente pour la saison prochaine : un nouveau","og_description":"Pro D2 \u00b7 Rugby \u00b7 Nevers \u00c0 l'approche de sa neuvi\u00e8me saison en Pro D2, l'USON Nevers entame un profond renouvellement : dix recrues, un staff remani\u00e9\u2026","og_url":"https:\/\/sport-index.fr\/blog\/a-la-une\/nevers-se-reinvente-pour-la-saison-prochaine-un-nouveau-depart-et-un-avenir-prometteur\/","og_site_name":"sport-index","author":"Axel Lauzier","twitter_card":"summary_large_image","schema":{"@context":"https:\/\/schema.org","@graph":[{"@type":"NewsArticle","@id":"https:\/\/sport-index.fr\/blog\/a-la-une\/nevers-se-reinvente-pour-la-saison-prochaine-un-nouveau-depart-et-un-avenir-prometteur\/#article","isPartOf":{"@id":"https:\/\/sport-index.fr\/blog\/a-la-une\/nevers-se-reinvente-pour-la-saison-prochaine-un-nouveau-depart-et-un-avenir-prometteur\/"},"author":{"name":"Axel Lauzier","@id":"https:\/\/sport-index.fr\/blog\/#\/schema\/person\/3c864cdc320801e3db34b663e7e3f816"},"headline":"nevers se r\u00e9invente pour la saison prochaine : un nouveau d\u00e9part et un avenir prometteur","datePublished":"2026-06-16T12:56:26+00:00","mainEntityOfPage":{"@id":"https:\/\/sport-index.fr\/blog\/a-la-une\/nevers-se-reinvente-pour-la-saison-prochaine-un-nouveau-depart-et-un-avenir-prometteur\/"},"wordCount":868,"commentCount":26,"publisher":{"@id":"https:\/\/sport-index.fr\/blog\/#organization"},"image":{"@id":"https:\/\/sport-index.fr\/blog\/a-la-une\/nevers-se-reinvente-pour-la-saison-prochaine-un-nouveau-depart-et-un-avenir-prometteur\/#primaryimage"},"thumbnailUrl":"https:\/\/sport-index.fr\/blog\/wp-content\/uploads\/2025\/05\/sdxl-235df8ff8161e6607ffb4479516e16ba-scaled.png","keywords":["\u00c9quipe","Gestion des Talents","Pr\u00e9paration Mentale","Pro D2","Rugby"],"articleSection":["\u00c0 la une"],"inLanguage":"fr-FR","potentialAction":[{"@type":"CommentAction","name":"Comment","target":["https:\/\/sport-index.fr\/blog\/a-la-une\/nevers-se-reinvente-pour-la-saison-prochaine-un-nouveau-depart-et-un-avenir-prometteur\/#respond"]}]},{"@type":"WebPage","@id":"https:\/\/sport-index.fr\/blog\/a-la-une\/nevers-se-reinvente-pour-la-saison-prochaine-un-nouveau-depart-et-un-avenir-prometteur\/","url":"https:\/\/sport-index.fr\/blog\/a-la-une\/nevers-se-reinvente-pour-la-saison-prochaine-un-nouveau-depart-et-un-avenir-prometteur\/","name":"nevers se r\u00e9invente pour la saison prochaine : un nouveau","isPartOf":{"@id":"https:\/\/sport-index.fr\/blog\/#website"},"primaryImageOfPage":{"@id":"https:\/\/sport-index.fr\/blog\/a-la-une\/nevers-se-reinvente-pour-la-saison-prochaine-un-nouveau-depart-et-un-avenir-prometteur\/#primaryimage"},"image":{"@id":"https:\/\/sport-index.fr\/blog\/a-la-une\/nevers-se-reinvente-pour-la-saison-prochaine-un-nouveau-depart-et-un-avenir-prometteur\/#primaryimage"},"thumbnailUrl":"https:\/\/sport-index.fr\/blog\/wp-content\/uploads\/2025\/05\/sdxl-235df8ff8161e6607ffb4479516e16ba-scaled.png","datePublished":"2026-06-16T12:56:26+00:00","description":"Pro D2 \u00b7 Rugby \u00b7 Nevers \u00c0 l'approche de sa neuvi\u00e8me saison en Pro D2, l'USON Nevers entame un profond renouvellement : dix recrues, un staff remani\u00e9\u2026","inLanguage":"fr-FR","potentialAction":[{"@type":"ReadAction","target":["https:\/\/sport-index.fr\/blog\/a-la-une\/nevers-se-reinvente-pour-la-saison-prochaine-un-nouveau-depart-et-un-avenir-prometteur\/"]}]},{"@type":"ImageObject","inLanguage":"fr-FR","@id":"https:\/\/sport-index.fr\/blog\/a-la-une\/nevers-se-reinvente-pour-la-saison-prochaine-un-nouveau-depart-et-un-avenir-prometteur\/#primaryimage","url":"https:\/\/sport-index.fr\/blog\/wp-content\/uploads\/2025\/05\/sdxl-235df8ff8161e6607ffb4479516e16ba-scaled.png","contentUrl":"https:\/\/sport-index.fr\/blog\/wp-content\/uploads\/2025\/05\/sdxl-235df8ff8161e6607ffb4479516e16ba-scaled.png","width":1200,"height":500},{"@type":"WebSite","@id":"https:\/\/sport-index.fr\/blog\/#website","url":"https:\/\/sport-index.fr\/blog\/","name":"sport-index.fr","description":"Le score de l\u2019analyse sportive.","publisher":{"@id":"https:\/\/sport-index.fr\/blog\/#organization"},"alternateName":"Le score de l\u2019analyse sportive.","potentialAction":[{"@type":"SearchAction","target":{"@type":"EntryPoint","urlTemplate":"https:\/\/sport-index.fr\/blog\/?s={search_term_string}"},"query-input":{"@type":"PropertyValueSpecification","valueRequired":true,"valueName":"search_term_string"}}],"inLanguage":"fr-FR"},{"@type":"Organization","@id":"https:\/\/sport-index.fr\/blog\/#organization","name":"Foretsensations.fr","url":"https:\/\/sport-index.fr\/blog\/","logo":{"@type":"ImageObject","inLanguage":"fr-FR","@id":"https:\/\/sport-index.fr\/blog\/#\/schema\/logo\/image\/","url":"https:\/\/sport-index.fr\/blog\/wp-content\/uploads\/2026\/07\/logo-auto.png","contentUrl":"https:\/\/sport-index.fr\/blog\/wp-content\/uploads\/2026\/07\/logo-auto.png","width":1024,"height":1024,"caption":"Foretsensations.fr"},"image":{"@id":"https:\/\/sport-index.fr\/blog\/#\/schema\/logo\/image\/"}},{"@type":"Person","@id":"https:\/\/sport-index.fr\/blog\/#\/schema\/person\/3c864cdc320801e3db34b663e7e3f816","name":"Axel Lauzier","image":{"@type":"ImageObject","inLanguage":"fr-FR","@id":"https:\/\/sport-index.fr\/blog\/#\/schema\/person\/image\/","url":"https:\/\/sport-index.fr\/blog\/wp-content\/uploads\/2026\/06\/persona_axel-l-96x96.jpg","contentUrl":"https:\/\/sport-index.fr\/blog\/wp-content\/uploads\/2026\/06\/persona_axel-l-96x96.jpg","caption":"Axel Lauzier"},"description":"Le sport rythme mon quotidien depuis l'enfance, et j'en ai fait mon m\u00e9tier d'analyste r\u00e9dactionnel il y a une dizaine d'ann\u00e9es. Je couvre principalement le football, son actualit\u00e9, ses transferts et l'analyse tactique des grandes affiches, mais aussi les disciplines plus confidentielles que j'aime remettre en lumi\u00e8re. Une partie de mon travail porte sur les pronostics et la lecture statistique d'un match : forme des \u00e9quipes, historique des confrontations, compositions, sans jamais vendre de fausse certitude. Je rappelle syst\u00e9matiquement que parier comporte un risque et doit rester un loisir ma\u00eetris\u00e9. Avant de signer une analyse, je v\u00e9rifie mes chiffres, je recoupe les compositions probables et je distingue toujours la donn\u00e9e brute de l'intuition. Mon objectif : offrir une lecture honn\u00eate et argument\u00e9e, pas un ticket gagnant garanti.","sameAs":["https:\/\/axellauzier.fr\/"],"url":"https:\/\/sport-index.fr\/blog\/auteur\/noname\/"}]}},"_links":{"self":[{"href":"https:\/\/sport-index.fr\/blog\/wp-json\/wp\/v2\/posts\/14109","targetHints":{"allow":["GET"]}}],"collection":[{"href":"https:\/\/sport-index.fr\/blog\/wp-json\/wp\/v2\/posts"}],"about":[{"href":"https:\/\/sport-index.fr\/blog\/wp-json\/wp\/v2\/types\/post"}],"author":[{"embeddable":true,"href":"https:\/\/sport-index.fr\/blog\/wp-json\/wp\/v2\/users\/34"}],"replies":[{"embeddable":true,"href":"https:\/\/sport-index.fr\/blog\/wp-json\/wp\/v2\/comments?post=14109"}],"version-history":[{"count":3,"href":"https:\/\/sport-index.fr\/blog\/wp-json\/wp\/v2\/posts\/14109\/revisions"}],"predecessor-version":[{"id":18242,"href":"https:\/\/sport-index.fr\/blog\/wp-json\/wp\/v2\/posts\/14109\/revisions\/18242"}],"wp:featuredmedia":[{"embeddable":true,"href":"https:\/\/sport-index.fr\/blog\/wp-json\/wp\/v2\/media\/15117"}],"wp:attachment":[{"href":"https:\/\/sport-index.fr\/blog\/wp-json\/wp\/v2\/media?parent=14109"}],"wp:term":[{"taxonomy":"category","embeddable":true,"href":"https:\/\/sport-index.fr\/blog\/wp-json\/wp\/v2\/categories?post=14109"},{"taxonomy":"post_tag","embeddable":true,"href":"https:\/\/sport-index.fr\/blog\/wp-json\/wp\/v2\/tags?post=14109"}],"curies":[{"name":"wp","href":"https:\/\/api.w.org\/{rel}","templated":true}]}}