{"id":14180,"date":"2025-04-25T10:35:38","date_gmt":"2025-04-25T08:35:38","guid":{"rendered":"https:\/\/sport-index.fr\/blog\/?p=14180"},"modified":"2025-04-25T09:47:36","modified_gmt":"2025-04-25T07:47:36","slug":"disparition-inquietante-dun-analyste-video-a-perpignan-appel-a-temoins-lance","status":"publish","type":"post","link":"https:\/\/sport-index.fr\/blog\/a-la-une\/disparition-inquietante-dun-analyste-video-a-perpignan-appel-a-temoins-lance\/","title":{"rendered":"Disparition inqui\u00e9tante d&rsquo;un analyste vid\u00e9o \u00e0 Perpignan : appel \u00e0 t\u00e9moins lanc\u00e9"},"content":{"rendered":"<h2>Une disparition myst\u00e9rieuse \u00e0 Perpignan<\/h2>\n<p>Jonathan Cordonnier, analyste vid\u00e9o de l\u2019Usap, a disparu apr\u00e8s avoir quitt\u00e9 son travail ce mardi apr\u00e8s-midi. Depuis cette heure-l\u00e0, ses proches et les autorit\u00e9s sont inquiets, car aucune nouvelle ne lui est parvenue.<\/p>\n<p>Les gendarmes de Saint-Laurent-La-Salanque, o\u00f9 il r\u00e9side, ont rapidement r\u00e9agi en lan\u00e7ant un appel \u00e0 t\u00e9moins. Cette initiative vise \u00e0 recueillir des informations sur ses d\u00e9placements et \u00e0 retrouver cet homme de 41 ans le plus rapidement possible.<\/p>\n<h2>Les circonstances de sa disparition<\/h2>\n<p>La derni\u00e8re fois qu&rsquo;il a \u00e9t\u00e9 vu, Jonathan portait un t-shirt de Perpignan et conduisait une Volkswagen Polo blanche. Son v\u00e9hicule, immatricul\u00e9 CF-910-LE, est un \u00e9l\u00e9ment cl\u00e9 dans l&rsquo;enqu\u00eate en cours. Les d\u00e9tails physiques de Jonathan, mesurant environ 1,70 m\u00e8tre avec des cheveux ch\u00e2tain fonc\u00e9 et un bouc, sont \u00e9galement diffus\u00e9s pour aider les t\u00e9moins \u00e0 le reconna\u00eetre.<\/p>\n<p>Le moment de sa disparition, aux alentours de 15h30, soul\u00e8ve des questions sur ce qui a pu lui arriver. Les gendarmes font appel \u00e0 toute personne ayant des informations, m\u00eame minimes, \u00e0 se manifester pour aider \u00e0 r\u00e9soudre ce myst\u00e8re.<\/p>\n<h2>Comment aider les autorit\u00e9s ?<\/h2>\n<p>Il est crucial que la communaut\u00e9 se mobilise pour retrouver Jonathan. Les gendarmes de Saint-Laurent-La-Salanque ont mis en place un num\u00e9ro de contact o\u00f9 les gens peuvent signaler des indices. Voici les informations \u00e0 retenir :<\/p>\n<ul>\n<li>Num\u00e9ro de contact : 04 68 28 30 19<\/li>\n<li>Contactez le 17 pour toute urgence<\/li>\n<li>Renseignez-vous sur son dernier itin\u00e9raire<\/li>\n<li>Partagez toute information sur les r\u00e9seaux sociaux<\/li>\n<\/ul>\n<blockquote><p>\n    \u00ab\u00a0Chaque minute compte dans ce genre de situation. Nous faisons appel \u00e0 la solidarit\u00e9 de chacun.\u00a0\u00bb &#8211; Gendarmerie de Saint-Laurent-La-Salanque\n<\/p><\/blockquote>\n<p>Les proches de Jonathan Cordonnier sont particuli\u00e8rement touch\u00e9s par cette situation. Ils esp\u00e8rent que la mobilisation de la communaut\u00e9 locale permettra de le retrouver sain et sauf. La disparition d\u2019une personne est toujours un \u00e9v\u00e9nement tragique, et l\u2019inqui\u00e9tude grandit \u00e0 mesure que le temps passe sans nouvelles.<\/p>\n<p>Les autorit\u00e9s encouragent les habitants de la r\u00e9gion \u00e0 rester vigilants et \u00e0 signaler toute information, m\u00eame anecdotique, qui pourrait sembler pertinente. La solidarit\u00e9 locale est essentielle pour r\u00e9soudre ce myst\u00e8re et retrouver Jonathan. Chacun peut jouer un r\u00f4le dans cette qu\u00eate pour ramener un \u00eatre cher \u00e0 sa famille.<\/p>\n","protected":false},"excerpt":{"rendered":"","protected":false},"author":34,"featured_media":14904,"comment_status":"open","ping_status":"open","sticky":false,"template":"","format":"standard","meta":{"_acf_changed":false,"manual_indexmenow":false,"indexmenow_id_project":0,"footnotes":""},"categories":[1],"tags":[4585,4615,4685,4561,4408],"class_list":["post-14180","post","type-post","status-publish","format-standard","has-post-thumbnail","hentry","category-a-la-une","tag-cohesion-dequipe","tag-communaute-engagee","tag-evenements-sportifs","tag-gestion-des-talents","tag-resilience","generate-columns","tablet-grid-50","mobile-grid-100","grid-parent","grid-25"],"acf":[],"yoast_head":"<!-- This site is optimized with the Yoast SEO Premium plugin v21.3 (Yoast SEO v26.5) - https:\/\/yoast.com\/wordpress\/plugins\/seo\/ -->\n<title>Disparition inqui\u00e9tante d&#039;un analyste vid\u00e9o \u00e0 Perpignan<\/title>\n<meta name=\"description\" content=\"Une disparition myst\u00e9rieuse \u00e0 Perpignan Jonathan Cordonnier, analyste vid\u00e9o de l\u2019Usap, a disparu apr\u00e8s avoir quitt\u00e9 son travail ce mardi apr\u00e8s-midi\u2026\" \/>\n<meta name=\"robots\" content=\"index, follow, max-snippet:-1, max-image-preview:large, max-video-preview:-1\" \/>\n<link rel=\"canonical\" href=\"https:\/\/sport-index.fr\/blog\/a-la-une\/disparition-inquietante-dun-analyste-video-a-perpignan-appel-a-temoins-lance\/\" \/>\n<meta property=\"og:locale\" content=\"fr_FR\" \/>\n<meta property=\"og:type\" content=\"article\" \/>\n<meta property=\"og:title\" content=\"Disparition inqui\u00e9tante d&#039;un analyste vid\u00e9o \u00e0 Perpignan\" \/>\n<meta property=\"og:description\" content=\"Une disparition myst\u00e9rieuse \u00e0 Perpignan Jonathan Cordonnier, analyste vid\u00e9o de l\u2019Usap, a disparu apr\u00e8s avoir quitt\u00e9 son travail ce mardi apr\u00e8s-midi\u2026\" \/>\n<meta property=\"og:url\" content=\"https:\/\/sport-index.fr\/blog\/a-la-une\/disparition-inquietante-dun-analyste-video-a-perpignan-appel-a-temoins-lance\/\" \/>\n<meta property=\"og:site_name\" content=\"sport-index\" \/>\n<meta name=\"author\" content=\"Axel Lauzier\" \/>\n<meta name=\"twitter:card\" content=\"summary_large_image\" \/>\n<script type=\"application\/ld+json\" class=\"yoast-schema-graph\">{\"@context\":\"https:\/\/schema.org\",\"@graph\":[{\"@type\":\"NewsArticle\",\"@id\":\"https:\/\/sport-index.fr\/blog\/a-la-une\/disparition-inquietante-dun-analyste-video-a-perpignan-appel-a-temoins-lance\/#article\",\"isPartOf\":{\"@id\":\"https:\/\/sport-index.fr\/blog\/a-la-une\/disparition-inquietante-dun-analyste-video-a-perpignan-appel-a-temoins-lance\/\"},\"author\":{\"name\":\"Axel Lauzier\",\"@id\":\"https:\/\/sport-index.fr\/blog\/#\/schema\/person\/3c864cdc320801e3db34b663e7e3f816\"},\"headline\":\"Disparition inqui\u00e9tante d&rsquo;un analyste vid\u00e9o \u00e0 Perpignan : appel \u00e0 t\u00e9moins lanc\u00e9\",\"datePublished\":\"2025-04-25T08:35:38+00:00\",\"mainEntityOfPage\":{\"@id\":\"https:\/\/sport-index.fr\/blog\/a-la-une\/disparition-inquietante-dun-analyste-video-a-perpignan-appel-a-temoins-lance\/\"},\"wordCount\":399,\"commentCount\":26,\"publisher\":{\"@id\":\"https:\/\/sport-index.fr\/blog\/#organization\"},\"image\":{\"@id\":\"https:\/\/sport-index.fr\/blog\/a-la-une\/disparition-inquietante-dun-analyste-video-a-perpignan-appel-a-temoins-lance\/#primaryimage\"},\"thumbnailUrl\":\"https:\/\/sport-index.fr\/blog\/wp-content\/uploads\/2025\/05\/sdxl-8a8504cb7ac96780f699af8794c78731-scaled.png\",\"keywords\":[\"Coh\u00e9sion d'\u00c9quipe\",\"Communaut\u00e9 engag\u00e9e\",\"\u00c9v\u00e9nements Sportifs\",\"Gestion des Talents\",\"R\u00e9silience\"],\"articleSection\":[\"\u00c0 la une\"],\"inLanguage\":\"fr-FR\",\"potentialAction\":[{\"@type\":\"CommentAction\",\"name\":\"Comment\",\"target\":[\"https:\/\/sport-index.fr\/blog\/a-la-une\/disparition-inquietante-dun-analyste-video-a-perpignan-appel-a-temoins-lance\/#respond\"]}]},{\"@type\":\"WebPage\",\"@id\":\"https:\/\/sport-index.fr\/blog\/a-la-une\/disparition-inquietante-dun-analyste-video-a-perpignan-appel-a-temoins-lance\/\",\"url\":\"https:\/\/sport-index.fr\/blog\/a-la-une\/disparition-inquietante-dun-analyste-video-a-perpignan-appel-a-temoins-lance\/\",\"name\":\"Disparition inqui\u00e9tante d'un analyste vid\u00e9o \u00e0 Perpignan\",\"isPartOf\":{\"@id\":\"https:\/\/sport-index.fr\/blog\/#website\"},\"primaryImageOfPage\":{\"@id\":\"https:\/\/sport-index.fr\/blog\/a-la-une\/disparition-inquietante-dun-analyste-video-a-perpignan-appel-a-temoins-lance\/#primaryimage\"},\"image\":{\"@id\":\"https:\/\/sport-index.fr\/blog\/a-la-une\/disparition-inquietante-dun-analyste-video-a-perpignan-appel-a-temoins-lance\/#primaryimage\"},\"thumbnailUrl\":\"https:\/\/sport-index.fr\/blog\/wp-content\/uploads\/2025\/05\/sdxl-8a8504cb7ac96780f699af8794c78731-scaled.png\",\"datePublished\":\"2025-04-25T08:35:38+00:00\",\"description\":\"Une disparition myst\u00e9rieuse \u00e0 Perpignan Jonathan Cordonnier, analyste vid\u00e9o de l\u2019Usap, a disparu apr\u00e8s avoir quitt\u00e9 son travail ce mardi apr\u00e8s-midi\u2026\",\"inLanguage\":\"fr-FR\",\"potentialAction\":[{\"@type\":\"ReadAction\",\"target\":[\"https:\/\/sport-index.fr\/blog\/a-la-une\/disparition-inquietante-dun-analyste-video-a-perpignan-appel-a-temoins-lance\/\"]}]},{\"@type\":\"ImageObject\",\"inLanguage\":\"fr-FR\",\"@id\":\"https:\/\/sport-index.fr\/blog\/a-la-une\/disparition-inquietante-dun-analyste-video-a-perpignan-appel-a-temoins-lance\/#primaryimage\",\"url\":\"https:\/\/sport-index.fr\/blog\/wp-content\/uploads\/2025\/05\/sdxl-8a8504cb7ac96780f699af8794c78731-scaled.png\",\"contentUrl\":\"https:\/\/sport-index.fr\/blog\/wp-content\/uploads\/2025\/05\/sdxl-8a8504cb7ac96780f699af8794c78731-scaled.png\",\"width\":1200,\"height\":500},{\"@type\":\"WebSite\",\"@id\":\"https:\/\/sport-index.fr\/blog\/#website\",\"url\":\"https:\/\/sport-index.fr\/blog\/\",\"name\":\"sport-index.fr\",\"description\":\"Le score de l\u2019analyse sportive.\",\"publisher\":{\"@id\":\"https:\/\/sport-index.fr\/blog\/#organization\"},\"alternateName\":\"Le score de l\u2019analyse sportive.\",\"potentialAction\":[{\"@type\":\"SearchAction\",\"target\":{\"@type\":\"EntryPoint\",\"urlTemplate\":\"https:\/\/sport-index.fr\/blog\/?s={search_term_string}\"},\"query-input\":{\"@type\":\"PropertyValueSpecification\",\"valueRequired\":true,\"valueName\":\"search_term_string\"}}],\"inLanguage\":\"fr-FR\"},{\"@type\":\"Organization\",\"@id\":\"https:\/\/sport-index.fr\/blog\/#organization\",\"name\":\"Foretsensations.fr\",\"url\":\"https:\/\/sport-index.fr\/blog\/\",\"logo\":{\"@type\":\"ImageObject\",\"inLanguage\":\"fr-FR\",\"@id\":\"https:\/\/sport-index.fr\/blog\/#\/schema\/logo\/image\/\",\"url\":\"https:\/\/sport-index.fr\/blog\/wp-content\/uploads\/2026\/07\/logo-auto.png\",\"contentUrl\":\"https:\/\/sport-index.fr\/blog\/wp-content\/uploads\/2026\/07\/logo-auto.png\",\"width\":1024,\"height\":1024,\"caption\":\"Foretsensations.fr\"},\"image\":{\"@id\":\"https:\/\/sport-index.fr\/blog\/#\/schema\/logo\/image\/\"}},{\"@type\":\"Person\",\"@id\":\"https:\/\/sport-index.fr\/blog\/#\/schema\/person\/3c864cdc320801e3db34b663e7e3f816\",\"name\":\"Axel Lauzier\",\"image\":{\"@type\":\"ImageObject\",\"inLanguage\":\"fr-FR\",\"@id\":\"https:\/\/sport-index.fr\/blog\/#\/schema\/person\/image\/\",\"url\":\"https:\/\/sport-index.fr\/blog\/wp-content\/uploads\/2026\/06\/persona_axel-l-96x96.jpg\",\"contentUrl\":\"https:\/\/sport-index.fr\/blog\/wp-content\/uploads\/2026\/06\/persona_axel-l-96x96.jpg\",\"caption\":\"Axel Lauzier\"},\"description\":\"Le sport rythme mon quotidien depuis l'enfance, et j'en ai fait mon m\u00e9tier d'analyste r\u00e9dactionnel il y a une dizaine d'ann\u00e9es. Je couvre principalement le football, son actualit\u00e9, ses transferts et l'analyse tactique des grandes affiches, mais aussi les disciplines plus confidentielles que j'aime remettre en lumi\u00e8re. Une partie de mon travail porte sur les pronostics et la lecture statistique d'un match : forme des \u00e9quipes, historique des confrontations, compositions, sans jamais vendre de fausse certitude. Je rappelle syst\u00e9matiquement que parier comporte un risque et doit rester un loisir ma\u00eetris\u00e9. Avant de signer une analyse, je v\u00e9rifie mes chiffres, je recoupe les compositions probables et je distingue toujours la donn\u00e9e brute de l'intuition. Mon objectif : offrir une lecture honn\u00eate et argument\u00e9e, pas un ticket gagnant garanti.\",\"sameAs\":[\"https:\/\/axellauzier.fr\/\"],\"url\":\"https:\/\/sport-index.fr\/blog\/auteur\/noname\/\"}]}<\/script>\n<!-- \/ Yoast SEO Premium plugin. -->","yoast_head_json":{"title":"Disparition inqui\u00e9tante d'un analyste vid\u00e9o \u00e0 Perpignan","description":"Une disparition myst\u00e9rieuse \u00e0 Perpignan Jonathan Cordonnier, analyste vid\u00e9o de l\u2019Usap, a disparu apr\u00e8s avoir quitt\u00e9 son travail ce mardi apr\u00e8s-midi\u2026","robots":{"index":"index","follow":"follow","max-snippet":"max-snippet:-1","max-image-preview":"max-image-preview:large","max-video-preview":"max-video-preview:-1"},"canonical":"https:\/\/sport-index.fr\/blog\/a-la-une\/disparition-inquietante-dun-analyste-video-a-perpignan-appel-a-temoins-lance\/","og_locale":"fr_FR","og_type":"article","og_title":"Disparition inqui\u00e9tante d'un analyste vid\u00e9o \u00e0 Perpignan","og_description":"Une disparition myst\u00e9rieuse \u00e0 Perpignan Jonathan Cordonnier, analyste vid\u00e9o de l\u2019Usap, a disparu apr\u00e8s avoir quitt\u00e9 son travail ce mardi apr\u00e8s-midi\u2026","og_url":"https:\/\/sport-index.fr\/blog\/a-la-une\/disparition-inquietante-dun-analyste-video-a-perpignan-appel-a-temoins-lance\/","og_site_name":"sport-index","author":"Axel Lauzier","twitter_card":"summary_large_image","schema":{"@context":"https:\/\/schema.org","@graph":[{"@type":"NewsArticle","@id":"https:\/\/sport-index.fr\/blog\/a-la-une\/disparition-inquietante-dun-analyste-video-a-perpignan-appel-a-temoins-lance\/#article","isPartOf":{"@id":"https:\/\/sport-index.fr\/blog\/a-la-une\/disparition-inquietante-dun-analyste-video-a-perpignan-appel-a-temoins-lance\/"},"author":{"name":"Axel Lauzier","@id":"https:\/\/sport-index.fr\/blog\/#\/schema\/person\/3c864cdc320801e3db34b663e7e3f816"},"headline":"Disparition inqui\u00e9tante d&rsquo;un analyste vid\u00e9o \u00e0 Perpignan : appel \u00e0 t\u00e9moins lanc\u00e9","datePublished":"2025-04-25T08:35:38+00:00","mainEntityOfPage":{"@id":"https:\/\/sport-index.fr\/blog\/a-la-une\/disparition-inquietante-dun-analyste-video-a-perpignan-appel-a-temoins-lance\/"},"wordCount":399,"commentCount":26,"publisher":{"@id":"https:\/\/sport-index.fr\/blog\/#organization"},"image":{"@id":"https:\/\/sport-index.fr\/blog\/a-la-une\/disparition-inquietante-dun-analyste-video-a-perpignan-appel-a-temoins-lance\/#primaryimage"},"thumbnailUrl":"https:\/\/sport-index.fr\/blog\/wp-content\/uploads\/2025\/05\/sdxl-8a8504cb7ac96780f699af8794c78731-scaled.png","keywords":["Coh\u00e9sion d'\u00c9quipe","Communaut\u00e9 engag\u00e9e","\u00c9v\u00e9nements Sportifs","Gestion des Talents","R\u00e9silience"],"articleSection":["\u00c0 la une"],"inLanguage":"fr-FR","potentialAction":[{"@type":"CommentAction","name":"Comment","target":["https:\/\/sport-index.fr\/blog\/a-la-une\/disparition-inquietante-dun-analyste-video-a-perpignan-appel-a-temoins-lance\/#respond"]}]},{"@type":"WebPage","@id":"https:\/\/sport-index.fr\/blog\/a-la-une\/disparition-inquietante-dun-analyste-video-a-perpignan-appel-a-temoins-lance\/","url":"https:\/\/sport-index.fr\/blog\/a-la-une\/disparition-inquietante-dun-analyste-video-a-perpignan-appel-a-temoins-lance\/","name":"Disparition inqui\u00e9tante d'un analyste vid\u00e9o \u00e0 Perpignan","isPartOf":{"@id":"https:\/\/sport-index.fr\/blog\/#website"},"primaryImageOfPage":{"@id":"https:\/\/sport-index.fr\/blog\/a-la-une\/disparition-inquietante-dun-analyste-video-a-perpignan-appel-a-temoins-lance\/#primaryimage"},"image":{"@id":"https:\/\/sport-index.fr\/blog\/a-la-une\/disparition-inquietante-dun-analyste-video-a-perpignan-appel-a-temoins-lance\/#primaryimage"},"thumbnailUrl":"https:\/\/sport-index.fr\/blog\/wp-content\/uploads\/2025\/05\/sdxl-8a8504cb7ac96780f699af8794c78731-scaled.png","datePublished":"2025-04-25T08:35:38+00:00","description":"Une disparition myst\u00e9rieuse \u00e0 Perpignan Jonathan Cordonnier, analyste vid\u00e9o de l\u2019Usap, a disparu apr\u00e8s avoir quitt\u00e9 son travail ce mardi apr\u00e8s-midi\u2026","inLanguage":"fr-FR","potentialAction":[{"@type":"ReadAction","target":["https:\/\/sport-index.fr\/blog\/a-la-une\/disparition-inquietante-dun-analyste-video-a-perpignan-appel-a-temoins-lance\/"]}]},{"@type":"ImageObject","inLanguage":"fr-FR","@id":"https:\/\/sport-index.fr\/blog\/a-la-une\/disparition-inquietante-dun-analyste-video-a-perpignan-appel-a-temoins-lance\/#primaryimage","url":"https:\/\/sport-index.fr\/blog\/wp-content\/uploads\/2025\/05\/sdxl-8a8504cb7ac96780f699af8794c78731-scaled.png","contentUrl":"https:\/\/sport-index.fr\/blog\/wp-content\/uploads\/2025\/05\/sdxl-8a8504cb7ac96780f699af8794c78731-scaled.png","width":1200,"height":500},{"@type":"WebSite","@id":"https:\/\/sport-index.fr\/blog\/#website","url":"https:\/\/sport-index.fr\/blog\/","name":"sport-index.fr","description":"Le score de l\u2019analyse sportive.","publisher":{"@id":"https:\/\/sport-index.fr\/blog\/#organization"},"alternateName":"Le score de l\u2019analyse sportive.","potentialAction":[{"@type":"SearchAction","target":{"@type":"EntryPoint","urlTemplate":"https:\/\/sport-index.fr\/blog\/?s={search_term_string}"},"query-input":{"@type":"PropertyValueSpecification","valueRequired":true,"valueName":"search_term_string"}}],"inLanguage":"fr-FR"},{"@type":"Organization","@id":"https:\/\/sport-index.fr\/blog\/#organization","name":"Foretsensations.fr","url":"https:\/\/sport-index.fr\/blog\/","logo":{"@type":"ImageObject","inLanguage":"fr-FR","@id":"https:\/\/sport-index.fr\/blog\/#\/schema\/logo\/image\/","url":"https:\/\/sport-index.fr\/blog\/wp-content\/uploads\/2026\/07\/logo-auto.png","contentUrl":"https:\/\/sport-index.fr\/blog\/wp-content\/uploads\/2026\/07\/logo-auto.png","width":1024,"height":1024,"caption":"Foretsensations.fr"},"image":{"@id":"https:\/\/sport-index.fr\/blog\/#\/schema\/logo\/image\/"}},{"@type":"Person","@id":"https:\/\/sport-index.fr\/blog\/#\/schema\/person\/3c864cdc320801e3db34b663e7e3f816","name":"Axel Lauzier","image":{"@type":"ImageObject","inLanguage":"fr-FR","@id":"https:\/\/sport-index.fr\/blog\/#\/schema\/person\/image\/","url":"https:\/\/sport-index.fr\/blog\/wp-content\/uploads\/2026\/06\/persona_axel-l-96x96.jpg","contentUrl":"https:\/\/sport-index.fr\/blog\/wp-content\/uploads\/2026\/06\/persona_axel-l-96x96.jpg","caption":"Axel Lauzier"},"description":"Le sport rythme mon quotidien depuis l'enfance, et j'en ai fait mon m\u00e9tier d'analyste r\u00e9dactionnel il y a une dizaine d'ann\u00e9es. Je couvre principalement le football, son actualit\u00e9, ses transferts et l'analyse tactique des grandes affiches, mais aussi les disciplines plus confidentielles que j'aime remettre en lumi\u00e8re. Une partie de mon travail porte sur les pronostics et la lecture statistique d'un match : forme des \u00e9quipes, historique des confrontations, compositions, sans jamais vendre de fausse certitude. Je rappelle syst\u00e9matiquement que parier comporte un risque et doit rester un loisir ma\u00eetris\u00e9. Avant de signer une analyse, je v\u00e9rifie mes chiffres, je recoupe les compositions probables et je distingue toujours la donn\u00e9e brute de l'intuition. Mon objectif : offrir une lecture honn\u00eate et argument\u00e9e, pas un ticket gagnant garanti.","sameAs":["https:\/\/axellauzier.fr\/"],"url":"https:\/\/sport-index.fr\/blog\/auteur\/noname\/"}]}},"_links":{"self":[{"href":"https:\/\/sport-index.fr\/blog\/wp-json\/wp\/v2\/posts\/14180","targetHints":{"allow":["GET"]}}],"collection":[{"href":"https:\/\/sport-index.fr\/blog\/wp-json\/wp\/v2\/posts"}],"about":[{"href":"https:\/\/sport-index.fr\/blog\/wp-json\/wp\/v2\/types\/post"}],"author":[{"embeddable":true,"href":"https:\/\/sport-index.fr\/blog\/wp-json\/wp\/v2\/users\/34"}],"replies":[{"embeddable":true,"href":"https:\/\/sport-index.fr\/blog\/wp-json\/wp\/v2\/comments?post=14180"}],"version-history":[{"count":1,"href":"https:\/\/sport-index.fr\/blog\/wp-json\/wp\/v2\/posts\/14180\/revisions"}],"predecessor-version":[{"id":14182,"href":"https:\/\/sport-index.fr\/blog\/wp-json\/wp\/v2\/posts\/14180\/revisions\/14182"}],"wp:featuredmedia":[{"embeddable":true,"href":"https:\/\/sport-index.fr\/blog\/wp-json\/wp\/v2\/media\/14904"}],"wp:attachment":[{"href":"https:\/\/sport-index.fr\/blog\/wp-json\/wp\/v2\/media?parent=14180"}],"wp:term":[{"taxonomy":"category","embeddable":true,"href":"https:\/\/sport-index.fr\/blog\/wp-json\/wp\/v2\/categories?post=14180"},{"taxonomy":"post_tag","embeddable":true,"href":"https:\/\/sport-index.fr\/blog\/wp-json\/wp\/v2\/tags?post=14180"}],"curies":[{"name":"wp","href":"https:\/\/api.w.org\/{rel}","templated":true}]}}